{"id":207724,"date":"2024-03-11T15:00:19","date_gmt":"2024-03-11T19:00:19","guid":{"rendered":"https:\/\/www.eldiario.net\/portal\/?p=207724"},"modified":"2024-03-11T15:00:19","modified_gmt":"2024-03-11T19:00:19","slug":"china-apunta-a-la-modernizacion-del-estado","status":"publish","type":"post","link":"https:\/\/www.eldiario.net\/portal\/2024\/03\/11\/china-apunta-a-la-modernizacion-del-estado\/","title":{"rendered":"China apunta a la modernizaci\u00f3n del Estado"},"content":{"rendered":"<p>Beijing.- Tras una semana de an\u00e1lisis y debates, la segunda sesi\u00f3n de la XIV Asamblea Popular Nacional de China culmin\u00f3 con la aprobaci\u00f3n \u00a0de la resoluci\u00f3n sobre el informe de trabajo del gobierno.<\/p>\n<p>2.882 congresistas votaron por la nueva revisi\u00f3n de la Ley de Organizaci\u00f3n del Consejo de Estado, adem\u00e1s aprobaron las resoluciones sobre el informe de trabajo del Comit\u00e9 Permanente del Congreso Nacional del Pueblo, de la Fiscal\u00eda Suprema, la ejecuci\u00f3n del plan de desarrollo econ\u00f3mico y social nacional de 2023 y el plan de desarrollo econ\u00f3mico y social nacional de 2024, y sobre la ejecuci\u00f3n de los presupuestos central y local de 2023 y los presupuestos central y local de 2024.<\/p>\n<p>Zhao Leji, presidente del Comit\u00e9 Permanente de la Asamblea Popular Nacional (APN), se\u00f1al\u00f3 que el plan de acci\u00f3n de los diputados es crucial este a\u00f1o en que se celebra el 75 aniversario de la fundaci\u00f3n de la Rep\u00fablica Popular China.<\/p>\n<p>El alto funcionario explic\u00f3 que el gigante asi\u00e1tico formular\u00e1 y revisar\u00e1 numerosas leyes que abarcan aspectos como la estabilidad financiera, la promoci\u00f3n del sector privado, la educaci\u00f3n preescolar, la respuesta a emergencias de salud p\u00fablica, entre otros.<\/p>\n<p><strong>Trabajos y tareas del gobierno para 2024<\/strong><\/p>\n<p>En el plan de trabajo del Comit\u00e9 Central del Partido, que preside Xi Jinping, destacan Impulsar en\u00e9rgicamente la configuraci\u00f3n de un sistema industrial moderno para desarrollar con m\u00e1s rapidez fuerzas productivas de nueva calidad.<\/p>\n<p>El impulso de la optimizaci\u00f3n y actualizaci\u00f3n de las cadenas sectoriales y de suministro.<\/p>\n<p>Cultivo activo de la industria emergente y la del futuro, que comprende la ejecuci\u00f3n del proyecto de innovaci\u00f3n industrial y mejoramiento del ecosistema industrial.<\/p>\n<p>El desarrollo innovador de la econom\u00eda digital.<\/p>\n<p>Aplicar la estrategia de vigorizaci\u00f3n del pa\u00eds mediante la ciencia y la educaci\u00f3n reforzando el soporte b\u00e1sico para el desarrollo de alta calidad.<\/p>\n<p>Impulsar la autosuperaci\u00f3n cient\u00edfico tecnol\u00f3gica.<\/p>\n<p>Ampliar esforzadamente la demanda interna y promover la conformaci\u00f3n de un c\u00edrculo virtuoso de la econom\u00eda.<\/p>\n<p>Profundizar invariablemente la reforma para aumentar la fuerza motriz end\u00f3gena del desarrollo.<\/p>\n","protected":false},"excerpt":{"rendered":"<p>Beijing.- Tras una semana de an\u00e1lisis y debates, la segunda sesi\u00f3n de la XIV Asamblea Popular Nacional de China culmin\u00f3 con la aprobaci\u00f3n \u00a0de la resoluci\u00f3n sobre el informe de trabajo del gobierno. 2.882 congresistas votaron por la nueva revisi\u00f3n de la Ley de Organizaci\u00f3n del Consejo de Estado, adem\u00e1s aprobaron las resoluciones sobre el [&hellip;]<\/p>\n","protected":false},"author":1,"featured_media":207725,"comment_status":"open","ping_status":"open","sticky":false,"template":"","format":"standard","meta":{"_acf_changed":false,"footnotes":""},"categories":[3],"tags":[],"class_list":["post-207724","post","type-post","status-publish","format-standard","has-post-thumbnail","category-internacional"],"acf":{"antetitulo":"XIV Asamblea Popular Nacional"},"yoast_head":"<!-- This site is optimized with the Yoast SEO plugin v28.4 - https:\/\/yoast.com\/product\/yoast-seo-wordpress\/ -->\n<title>China apunta a la modernizaci\u00f3n del Estado - El Diario - Bolivia<\/title>\n<meta name=\"robots\" content=\"index, follow, max-snippet:-1, max-image-preview:large, max-video-preview:-1\" \/>\n<link rel=\"canonical\" href=\"https:\/\/www.eldiario.net\/portal\/2024\/03\/11\/china-apunta-a-la-modernizacion-del-estado\/\" \/>\n<meta property=\"og:locale\" content=\"es_ES\" \/>\n<meta property=\"og:type\" content=\"article\" \/>\n<meta property=\"og:title\" content=\"China apunta a la modernizaci\u00f3n del Estado - El Diario - Bolivia\" \/>\n<meta property=\"og:description\" content=\"Beijing.- Tras una semana de an\u00e1lisis y debates, la segunda sesi\u00f3n de la XIV Asamblea Popular Nacional de China culmin\u00f3 con la aprobaci\u00f3n \u00a0de la resoluci\u00f3n sobre el informe de trabajo del gobierno. 2.882 congresistas votaron por la nueva revisi\u00f3n de la Ley de Organizaci\u00f3n del Consejo de Estado, adem\u00e1s aprobaron las resoluciones sobre el [&hellip;]\" \/>\n<meta property=\"og:url\" content=\"https:\/\/www.eldiario.net\/portal\/2024\/03\/11\/china-apunta-a-la-modernizacion-del-estado\/\" \/>\n<meta property=\"og:site_name\" content=\"El Diario - Bolivia\" \/>\n<meta property=\"article:publisher\" content=\"https:\/\/www.facebook.com\/eldiario.bolivia\/\" \/>\n<meta property=\"article:published_time\" content=\"2024-03-11T19:00:19+00:00\" \/>\n<meta property=\"og:image\" content=\"https:\/\/www.eldiario.net\/portal\/wp-content\/uploads\/2024\/03\/WhatsApp-Image-2024-03-11-at-1.42.46-PM.jpeg\" \/>\n\t<meta property=\"og:image:width\" content=\"1024\" \/>\n\t<meta property=\"og:image:height\" content=\"708\" \/>\n\t<meta property=\"og:image:type\" content=\"image\/jpeg\" \/>\n<meta name=\"author\" content=\"Jeanette\" \/>\n<meta name=\"twitter:card\" content=\"summary_large_image\" \/>\n<meta name=\"twitter:creator\" content=\"@eldiario_net\" \/>\n<meta name=\"twitter:site\" content=\"@eldiario_net\" \/>\n<meta name=\"twitter:label1\" content=\"Escrito por\" \/>\n\t<meta name=\"twitter:data1\" content=\"Jeanette\" \/>\n\t<meta name=\"twitter:label2\" content=\"Tiempo de lectura\" \/>\n\t<meta name=\"twitter:data2\" content=\"2 minutos\" \/>\n<script type=\"application\/ld+json\" class=\"yoast-schema-graph\">{\"@context\":\"https:\\\/\\\/schema.org\",\"@graph\":[{\"@type\":\"Article\",\"@id\":\"https:\\\/\\\/www.eldiario.net\\\/portal\\\/2024\\\/03\\\/11\\\/china-apunta-a-la-modernizacion-del-estado\\\/#article\",\"isPartOf\":{\"@id\":\"https:\\\/\\\/www.eldiario.net\\\/portal\\\/2024\\\/03\\\/11\\\/china-apunta-a-la-modernizacion-del-estado\\\/\"},\"author\":{\"name\":\"Jeanette\",\"@id\":\"https:\\\/\\\/www.eldiario.net\\\/portal\\\/#\\\/schema\\\/person\\\/2c57cf2b7a7ae032e449e4c9b1019eac\"},\"headline\":\"China apunta a la modernizaci\u00f3n del Estado\",\"datePublished\":\"2024-03-11T19:00:19+00:00\",\"mainEntityOfPage\":{\"@id\":\"https:\\\/\\\/www.eldiario.net\\\/portal\\\/2024\\\/03\\\/11\\\/china-apunta-a-la-modernizacion-del-estado\\\/\"},\"wordCount\":374,\"commentCount\":0,\"publisher\":{\"@id\":\"https:\\\/\\\/www.eldiario.net\\\/portal\\\/#organization\"},\"image\":{\"@id\":\"https:\\\/\\\/www.eldiario.net\\\/portal\\\/2024\\\/03\\\/11\\\/china-apunta-a-la-modernizacion-del-estado\\\/#primaryimage\"},\"thumbnailUrl\":\"https:\\\/\\\/www.eldiario.net\\\/portal\\\/wp-content\\\/uploads\\\/2024\\\/03\\\/WhatsApp-Image-2024-03-11-at-1.42.46-PM.jpeg\",\"articleSection\":[\"Internacional\"],\"inLanguage\":\"es\",\"potentialAction\":[{\"@type\":\"CommentAction\",\"name\":\"Comment\",\"target\":[\"https:\\\/\\\/www.eldiario.net\\\/portal\\\/2024\\\/03\\\/11\\\/china-apunta-a-la-modernizacion-del-estado\\\/#respond\"]}]},{\"@type\":\"WebPage\",\"@id\":\"https:\\\/\\\/www.eldiario.net\\\/portal\\\/2024\\\/03\\\/11\\\/china-apunta-a-la-modernizacion-del-estado\\\/\",\"url\":\"https:\\\/\\\/www.eldiario.net\\\/portal\\\/2024\\\/03\\\/11\\\/china-apunta-a-la-modernizacion-del-estado\\\/\",\"name\":\"China apunta a la modernizaci\u00f3n del Estado - El Diario - Bolivia\",\"isPartOf\":{\"@id\":\"https:\\\/\\\/www.eldiario.net\\\/portal\\\/#website\"},\"primaryImageOfPage\":{\"@id\":\"https:\\\/\\\/www.eldiario.net\\\/portal\\\/2024\\\/03\\\/11\\\/china-apunta-a-la-modernizacion-del-estado\\\/#primaryimage\"},\"image\":{\"@id\":\"https:\\\/\\\/www.eldiario.net\\\/portal\\\/2024\\\/03\\\/11\\\/china-apunta-a-la-modernizacion-del-estado\\\/#primaryimage\"},\"thumbnailUrl\":\"https:\\\/\\\/www.eldiario.net\\\/portal\\\/wp-content\\\/uploads\\\/2024\\\/03\\\/WhatsApp-Image-2024-03-11-at-1.42.46-PM.jpeg\",\"datePublished\":\"2024-03-11T19:00:19+00:00\",\"breadcrumb\":{\"@id\":\"https:\\\/\\\/www.eldiario.net\\\/portal\\\/2024\\\/03\\\/11\\\/china-apunta-a-la-modernizacion-del-estado\\\/#breadcrumb\"},\"inLanguage\":\"es\",\"potentialAction\":[{\"@type\":\"ReadAction\",\"target\":[\"https:\\\/\\\/www.eldiario.net\\\/portal\\\/2024\\\/03\\\/11\\\/china-apunta-a-la-modernizacion-del-estado\\\/\"]}]},{\"@type\":\"ImageObject\",\"inLanguage\":\"es\",\"@id\":\"https:\\\/\\\/www.eldiario.net\\\/portal\\\/2024\\\/03\\\/11\\\/china-apunta-a-la-modernizacion-del-estado\\\/#primaryimage\",\"url\":\"https:\\\/\\\/www.eldiario.net\\\/portal\\\/wp-content\\\/uploads\\\/2024\\\/03\\\/WhatsApp-Image-2024-03-11-at-1.42.46-PM.jpeg\",\"contentUrl\":\"https:\\\/\\\/www.eldiario.net\\\/portal\\\/wp-content\\\/uploads\\\/2024\\\/03\\\/WhatsApp-Image-2024-03-11-at-1.42.46-PM.jpeg\",\"width\":1024,\"height\":708,\"caption\":\"CHINA CUENTA CON 56 ETNIAS. CADA UNA TIENE SU PROPIO ESTILO DE VESTIR, HECHO QUE SE VIO REFLEJADO EN SUS REPRESENTANTES, DURANTE EL EVENTO POL\u00cdTICO ANUAL M\u00c1S IMPORTANTE DEL PA\u00cdS.\"},{\"@type\":\"BreadcrumbList\",\"@id\":\"https:\\\/\\\/www.eldiario.net\\\/portal\\\/2024\\\/03\\\/11\\\/china-apunta-a-la-modernizacion-del-estado\\\/#breadcrumb\",\"itemListElement\":[{\"@type\":\"ListItem\",\"position\":1,\"name\":\"Portada\",\"item\":\"https:\\\/\\\/www.eldiario.net\\\/portal\\\/\"},{\"@type\":\"ListItem\",\"position\":2,\"name\":\"China apunta a la modernizaci\u00f3n del Estado\"}]},{\"@type\":\"WebSite\",\"@id\":\"https:\\\/\\\/www.eldiario.net\\\/portal\\\/#website\",\"url\":\"https:\\\/\\\/www.eldiario.net\\\/portal\\\/\",\"name\":\"El Diario - Decano de la prensa nacional\",\"description\":\"El Diario - Decano de la prensa nacional\",\"publisher\":{\"@id\":\"https:\\\/\\\/www.eldiario.net\\\/portal\\\/#organization\"},\"potentialAction\":[{\"@type\":\"SearchAction\",\"target\":{\"@type\":\"EntryPoint\",\"urlTemplate\":\"https:\\\/\\\/www.eldiario.net\\\/portal\\\/?s={search_term_string}\"},\"query-input\":{\"@type\":\"PropertyValueSpecification\",\"valueRequired\":true,\"valueName\":\"search_term_string\"}}],\"inLanguage\":\"es\"},{\"@type\":\"Organization\",\"@id\":\"https:\\\/\\\/www.eldiario.net\\\/portal\\\/#organization\",\"name\":\"El Diario - Decano de la prensa nacional\",\"url\":\"https:\\\/\\\/www.eldiario.net\\\/portal\\\/\",\"logo\":{\"@type\":\"ImageObject\",\"inLanguage\":\"es\",\"@id\":\"https:\\\/\\\/www.eldiario.net\\\/portal\\\/#\\\/schema\\\/logo\\\/image\\\/\",\"url\":\"https:\\\/\\\/www.eldiario.net\\\/portal\\\/wp-content\\\/uploads\\\/2023\\\/07\\\/logo_ED.jpg\",\"contentUrl\":\"https:\\\/\\\/www.eldiario.net\\\/portal\\\/wp-content\\\/uploads\\\/2023\\\/07\\\/logo_ED.jpg\",\"width\":272,\"height\":52,\"caption\":\"El Diario - Decano de la prensa nacional\"},\"image\":{\"@id\":\"https:\\\/\\\/www.eldiario.net\\\/portal\\\/#\\\/schema\\\/logo\\\/image\\\/\"},\"sameAs\":[\"https:\\\/\\\/www.facebook.com\\\/eldiario.bolivia\\\/\",\"https:\\\/\\\/x.com\\\/eldiario_net\"]},{\"@type\":\"Person\",\"@id\":\"https:\\\/\\\/www.eldiario.net\\\/portal\\\/#\\\/schema\\\/person\\\/2c57cf2b7a7ae032e449e4c9b1019eac\",\"name\":\"Jeanette\",\"image\":{\"@type\":\"ImageObject\",\"inLanguage\":\"es\",\"@id\":\"https:\\\/\\\/secure.gravatar.com\\\/avatar\\\/3ea2118a5f7dad2b7138b1187a6b7ee55f160b9968b66013c3a3ef39dd7e5798?s=96&d=mm&r=g\",\"url\":\"https:\\\/\\\/secure.gravatar.com\\\/avatar\\\/3ea2118a5f7dad2b7138b1187a6b7ee55f160b9968b66013c3a3ef39dd7e5798?s=96&d=mm&r=g\",\"contentUrl\":\"https:\\\/\\\/secure.gravatar.com\\\/avatar\\\/3ea2118a5f7dad2b7138b1187a6b7ee55f160b9968b66013c3a3ef39dd7e5798?s=96&d=mm&r=g\",\"caption\":\"Jeanette\"},\"sameAs\":[\"https:\\\/\\\/www.eldiario.net\\\/portal\"],\"url\":\"https:\\\/\\\/www.eldiario.net\\\/portal\\\/author\\\/jeanette\\\/\"}]}<\/script>\n<!-- \/ Yoast SEO plugin. -->","yoast_head_json":{"title":"China apunta a la modernizaci\u00f3n del Estado - El Diario - Bolivia","robots":{"index":"index","follow":"follow","max-snippet":"max-snippet:-1","max-image-preview":"max-image-preview:large","max-video-preview":"max-video-preview:-1"},"canonical":"https:\/\/www.eldiario.net\/portal\/2024\/03\/11\/china-apunta-a-la-modernizacion-del-estado\/","og_locale":"es_ES","og_type":"article","og_title":"China apunta a la modernizaci\u00f3n del Estado - El Diario - Bolivia","og_description":"Beijing.- Tras una semana de an\u00e1lisis y debates, la segunda sesi\u00f3n de la XIV Asamblea Popular Nacional de China culmin\u00f3 con la aprobaci\u00f3n \u00a0de la resoluci\u00f3n sobre el informe de trabajo del gobierno. 2.882 congresistas votaron por la nueva revisi\u00f3n de la Ley de Organizaci\u00f3n del Consejo de Estado, adem\u00e1s aprobaron las resoluciones sobre el [&hellip;]","og_url":"https:\/\/www.eldiario.net\/portal\/2024\/03\/11\/china-apunta-a-la-modernizacion-del-estado\/","og_site_name":"El Diario - Bolivia","article_publisher":"https:\/\/www.facebook.com\/eldiario.bolivia\/","article_published_time":"2024-03-11T19:00:19+00:00","og_image":[{"width":1024,"height":708,"url":"https:\/\/www.eldiario.net\/portal\/wp-content\/uploads\/2024\/03\/WhatsApp-Image-2024-03-11-at-1.42.46-PM.jpeg","type":"image\/jpeg"}],"author":"Jeanette","twitter_card":"summary_large_image","twitter_creator":"@eldiario_net","twitter_site":"@eldiario_net","twitter_misc":{"Escrito por":"Jeanette","Tiempo de lectura":"2 minutos"},"schema":{"@context":"https:\/\/schema.org","@graph":[{"@type":"Article","@id":"https:\/\/www.eldiario.net\/portal\/2024\/03\/11\/china-apunta-a-la-modernizacion-del-estado\/#article","isPartOf":{"@id":"https:\/\/www.eldiario.net\/portal\/2024\/03\/11\/china-apunta-a-la-modernizacion-del-estado\/"},"author":{"name":"Jeanette","@id":"https:\/\/www.eldiario.net\/portal\/#\/schema\/person\/2c57cf2b7a7ae032e449e4c9b1019eac"},"headline":"China apunta a la modernizaci\u00f3n del Estado","datePublished":"2024-03-11T19:00:19+00:00","mainEntityOfPage":{"@id":"https:\/\/www.eldiario.net\/portal\/2024\/03\/11\/china-apunta-a-la-modernizacion-del-estado\/"},"wordCount":374,"commentCount":0,"publisher":{"@id":"https:\/\/www.eldiario.net\/portal\/#organization"},"image":{"@id":"https:\/\/www.eldiario.net\/portal\/2024\/03\/11\/china-apunta-a-la-modernizacion-del-estado\/#primaryimage"},"thumbnailUrl":"https:\/\/www.eldiario.net\/portal\/wp-content\/uploads\/2024\/03\/WhatsApp-Image-2024-03-11-at-1.42.46-PM.jpeg","articleSection":["Internacional"],"inLanguage":"es","potentialAction":[{"@type":"CommentAction","name":"Comment","target":["https:\/\/www.eldiario.net\/portal\/2024\/03\/11\/china-apunta-a-la-modernizacion-del-estado\/#respond"]}]},{"@type":"WebPage","@id":"https:\/\/www.eldiario.net\/portal\/2024\/03\/11\/china-apunta-a-la-modernizacion-del-estado\/","url":"https:\/\/www.eldiario.net\/portal\/2024\/03\/11\/china-apunta-a-la-modernizacion-del-estado\/","name":"China apunta a la modernizaci\u00f3n del Estado - El Diario - Bolivia","isPartOf":{"@id":"https:\/\/www.eldiario.net\/portal\/#website"},"primaryImageOfPage":{"@id":"https:\/\/www.eldiario.net\/portal\/2024\/03\/11\/china-apunta-a-la-modernizacion-del-estado\/#primaryimage"},"image":{"@id":"https:\/\/www.eldiario.net\/portal\/2024\/03\/11\/china-apunta-a-la-modernizacion-del-estado\/#primaryimage"},"thumbnailUrl":"https:\/\/www.eldiario.net\/portal\/wp-content\/uploads\/2024\/03\/WhatsApp-Image-2024-03-11-at-1.42.46-PM.jpeg","datePublished":"2024-03-11T19:00:19+00:00","breadcrumb":{"@id":"https:\/\/www.eldiario.net\/portal\/2024\/03\/11\/china-apunta-a-la-modernizacion-del-estado\/#breadcrumb"},"inLanguage":"es","potentialAction":[{"@type":"ReadAction","target":["https:\/\/www.eldiario.net\/portal\/2024\/03\/11\/china-apunta-a-la-modernizacion-del-estado\/"]}]},{"@type":"ImageObject","inLanguage":"es","@id":"https:\/\/www.eldiario.net\/portal\/2024\/03\/11\/china-apunta-a-la-modernizacion-del-estado\/#primaryimage","url":"https:\/\/www.eldiario.net\/portal\/wp-content\/uploads\/2024\/03\/WhatsApp-Image-2024-03-11-at-1.42.46-PM.jpeg","contentUrl":"https:\/\/www.eldiario.net\/portal\/wp-content\/uploads\/2024\/03\/WhatsApp-Image-2024-03-11-at-1.42.46-PM.jpeg","width":1024,"height":708,"caption":"CHINA CUENTA CON 56 ETNIAS. CADA UNA TIENE SU PROPIO ESTILO DE VESTIR, HECHO QUE SE VIO REFLEJADO EN SUS REPRESENTANTES, DURANTE EL EVENTO POL\u00cdTICO ANUAL M\u00c1S IMPORTANTE DEL PA\u00cdS."},{"@type":"BreadcrumbList","@id":"https:\/\/www.eldiario.net\/portal\/2024\/03\/11\/china-apunta-a-la-modernizacion-del-estado\/#breadcrumb","itemListElement":[{"@type":"ListItem","position":1,"name":"Portada","item":"https:\/\/www.eldiario.net\/portal\/"},{"@type":"ListItem","position":2,"name":"China apunta a la modernizaci\u00f3n del Estado"}]},{"@type":"WebSite","@id":"https:\/\/www.eldiario.net\/portal\/#website","url":"https:\/\/www.eldiario.net\/portal\/","name":"El Diario - Decano de la prensa nacional","description":"El Diario - Decano de la prensa nacional","publisher":{"@id":"https:\/\/www.eldiario.net\/portal\/#organization"},"potentialAction":[{"@type":"SearchAction","target":{"@type":"EntryPoint","urlTemplate":"https:\/\/www.eldiario.net\/portal\/?s={search_term_string}"},"query-input":{"@type":"PropertyValueSpecification","valueRequired":true,"valueName":"search_term_string"}}],"inLanguage":"es"},{"@type":"Organization","@id":"https:\/\/www.eldiario.net\/portal\/#organization","name":"El Diario - Decano de la prensa nacional","url":"https:\/\/www.eldiario.net\/portal\/","logo":{"@type":"ImageObject","inLanguage":"es","@id":"https:\/\/www.eldiario.net\/portal\/#\/schema\/logo\/image\/","url":"https:\/\/www.eldiario.net\/portal\/wp-content\/uploads\/2023\/07\/logo_ED.jpg","contentUrl":"https:\/\/www.eldiario.net\/portal\/wp-content\/uploads\/2023\/07\/logo_ED.jpg","width":272,"height":52,"caption":"El Diario - Decano de la prensa nacional"},"image":{"@id":"https:\/\/www.eldiario.net\/portal\/#\/schema\/logo\/image\/"},"sameAs":["https:\/\/www.facebook.com\/eldiario.bolivia\/","https:\/\/x.com\/eldiario_net"]},{"@type":"Person","@id":"https:\/\/www.eldiario.net\/portal\/#\/schema\/person\/2c57cf2b7a7ae032e449e4c9b1019eac","name":"Jeanette","image":{"@type":"ImageObject","inLanguage":"es","@id":"https:\/\/secure.gravatar.com\/avatar\/3ea2118a5f7dad2b7138b1187a6b7ee55f160b9968b66013c3a3ef39dd7e5798?s=96&d=mm&r=g","url":"https:\/\/secure.gravatar.com\/avatar\/3ea2118a5f7dad2b7138b1187a6b7ee55f160b9968b66013c3a3ef39dd7e5798?s=96&d=mm&r=g","contentUrl":"https:\/\/secure.gravatar.com\/avatar\/3ea2118a5f7dad2b7138b1187a6b7ee55f160b9968b66013c3a3ef39dd7e5798?s=96&d=mm&r=g","caption":"Jeanette"},"sameAs":["https:\/\/www.eldiario.net\/portal"],"url":"https:\/\/www.eldiario.net\/portal\/author\/jeanette\/"}]}},"_links":{"self":[{"href":"https:\/\/www.eldiario.net\/portal\/wp-json\/wp\/v2\/posts\/207724","targetHints":{"allow":["GET"]}}],"collection":[{"href":"https:\/\/www.eldiario.net\/portal\/wp-json\/wp\/v2\/posts"}],"about":[{"href":"https:\/\/www.eldiario.net\/portal\/wp-json\/wp\/v2\/types\/post"}],"author":[{"embeddable":true,"href":"https:\/\/www.eldiario.net\/portal\/wp-json\/wp\/v2\/users\/1"}],"replies":[{"embeddable":true,"href":"https:\/\/www.eldiario.net\/portal\/wp-json\/wp\/v2\/comments?post=207724"}],"version-history":[{"count":1,"href":"https:\/\/www.eldiario.net\/portal\/wp-json\/wp\/v2\/posts\/207724\/revisions"}],"predecessor-version":[{"id":207726,"href":"https:\/\/www.eldiario.net\/portal\/wp-json\/wp\/v2\/posts\/207724\/revisions\/207726"}],"wp:featuredmedia":[{"embeddable":true,"href":"https:\/\/www.eldiario.net\/portal\/wp-json\/wp\/v2\/media\/207725"}],"wp:attachment":[{"href":"https:\/\/www.eldiario.net\/portal\/wp-json\/wp\/v2\/media?parent=207724"}],"wp:term":[{"taxonomy":"category","embeddable":true,"href":"https:\/\/www.eldiario.net\/portal\/wp-json\/wp\/v2\/categories?post=207724"},{"taxonomy":"post_tag","embeddable":true,"href":"https:\/\/www.eldiario.net\/portal\/wp-json\/wp\/v2\/tags?post=207724"}],"curies":[{"name":"wp","href":"https:\/\/api.w.org\/{rel}","templated":true}]}}