{"id":207661,"date":"2024-03-11T07:41:20","date_gmt":"2024-03-11T11:41:20","guid":{"rendered":"https:\/\/www.eldiario.net\/portal\/?p=207661"},"modified":"2024-03-11T07:41:20","modified_gmt":"2024-03-11T11:41:20","slug":"bomberos-recuperan-cuerpo-sin-vida-de-un-agricultor","status":"publish","type":"post","link":"https:\/\/www.eldiario.net\/portal\/2024\/03\/11\/bomberos-recuperan-cuerpo-sin-vida-de-un-agricultor\/","title":{"rendered":"Bomberos recuperan cuerpo sin vida de un agricultor"},"content":{"rendered":"<p>Tras una semana de angustiosa b\u00fasqueda, los bomberos lograron recuperar el cuerpo sin vida de Nils Malfert Prado, un agricultor de 53 a\u00f1os de edad, quien desapareci\u00f3 el pasado lunes. El hallazgo tuvo lugar el s\u00e1bado, luego de intensos esfuerzos realizados en las turbulentas aguas del caudaloso r\u00edo Pilcomayo.<br \/>\nPrado, vecino de la ciudad de Sucre, fue arrastrado por el r\u00edo Cachimayu mientras transitaba en su camioneta por el puente de San Juan, en el Distrito 6 del municipio de Sucre. Desde entonces, brigadas del Ret\u00e9n Municipal de Emergencia y Bomberos se unieron en una b\u00fasqueda sin descanso del agricultor desaparecido, seg\u00fan inform\u00f3 Jorge Tanuz, director de prevenci\u00f3n de riesgos de la Alcald\u00eda de Sucre.<br \/>\nEl cuerpo de Prado fue encontrado cerca del Puente M\u00e9ndez, en el l\u00edmite interdepartamental entre Chuquisaca y Potos\u00ed, en el lecho del r\u00edo Pilcomayo, marcando un desgarrador final para una b\u00fasqueda que mantuvo en vilo a toda la comunidad.<br \/>\nDESESPERACI\u00d3N EN<br \/>\nVECINOS DE SUCRE<br \/>\nLos residentes del barrio La Florida en Sucre claman por ayuda ante las recientes inundaciones. La crecida del r\u00edo Quirpinchaca ha sumido en desesperaci\u00f3n a sus habitantes, al colapsar defensas y dejar viviendas al borde del colapso. Los cultivos tambi\u00e9n han sufrido graves da\u00f1os, arrastrados por la fuerza implacable de las aguas.<br \/>\nLas autoridades municipales, dirigidas por Jorge Tanuz, han movilizado maquinaria para reencauzar el r\u00edo Quirpinchaca, en un esfuerzo por contener la tragedia y evitar p\u00e9rdidas mayores. Sin embargo, la magnitud del desastre ha dejado a las viviendas al borde del abismo.<br \/>\nINUNDACIONES DEVASTAN VIVIENDAS Y CULTIVOS<br \/>\nLa crecida del r\u00edo Chico ha causado estragos en las comunidades a lo largo de su curso, dejando graves p\u00e9rdidas a su paso. Especialmente han sido afectadas las zonas agr\u00edcolas y residenciales cercanas al r\u00edo, vitales para el suministro de alimentos a la poblaci\u00f3n de Sucre. (Erbol)<\/p>\n","protected":false},"excerpt":{"rendered":"<p>Tras una semana de angustiosa b\u00fasqueda, los bomberos lograron recuperar el cuerpo sin vida de Nils Malfert Prado, un agricultor de 53 a\u00f1os de edad, quien desapareci\u00f3 el pasado lunes. El hallazgo tuvo lugar el s\u00e1bado, luego de intensos esfuerzos realizados en las turbulentas aguas del caudaloso r\u00edo Pilcomayo. Prado, vecino de la ciudad de [&hellip;]<\/p>\n","protected":false},"author":1,"featured_media":207663,"comment_status":"open","ping_status":"open","sticky":false,"template":"","format":"standard","meta":{"_acf_changed":false,"footnotes":""},"categories":[12],"tags":[],"class_list":["post-207661","post","type-post","status-publish","format-standard","has-post-thumbnail","category-nacional"],"acf":{"antetitulo":"Desaparecido en Pilcomayo"},"yoast_head":"<!-- This site is optimized with the Yoast SEO plugin v28.4 - https:\/\/yoast.com\/product\/yoast-seo-wordpress\/ -->\n<title>Bomberos recuperan cuerpo sin vida de un agricultor - El Diario - Bolivia<\/title>\n<meta name=\"robots\" content=\"index, follow, max-snippet:-1, max-image-preview:large, max-video-preview:-1\" \/>\n<link rel=\"canonical\" href=\"https:\/\/www.eldiario.net\/portal\/2024\/03\/11\/bomberos-recuperan-cuerpo-sin-vida-de-un-agricultor\/\" \/>\n<meta property=\"og:locale\" content=\"es_ES\" \/>\n<meta property=\"og:type\" content=\"article\" \/>\n<meta property=\"og:title\" content=\"Bomberos recuperan cuerpo sin vida de un agricultor - El Diario - Bolivia\" \/>\n<meta property=\"og:description\" content=\"Tras una semana de angustiosa b\u00fasqueda, los bomberos lograron recuperar el cuerpo sin vida de Nils Malfert Prado, un agricultor de 53 a\u00f1os de edad, quien desapareci\u00f3 el pasado lunes. El hallazgo tuvo lugar el s\u00e1bado, luego de intensos esfuerzos realizados en las turbulentas aguas del caudaloso r\u00edo Pilcomayo. Prado, vecino de la ciudad de [&hellip;]\" \/>\n<meta property=\"og:url\" content=\"https:\/\/www.eldiario.net\/portal\/2024\/03\/11\/bomberos-recuperan-cuerpo-sin-vida-de-un-agricultor\/\" \/>\n<meta property=\"og:site_name\" content=\"El Diario - Bolivia\" \/>\n<meta property=\"article:publisher\" content=\"https:\/\/www.facebook.com\/eldiario.bolivia\/\" \/>\n<meta property=\"article:published_time\" content=\"2024-03-11T11:41:20+00:00\" \/>\n<meta property=\"og:image\" content=\"https:\/\/www.eldiario.net\/portal\/wp-content\/uploads\/2024\/03\/MUERTO.jpg\" \/>\n\t<meta property=\"og:image:width\" content=\"2362\" \/>\n\t<meta property=\"og:image:height\" content=\"1378\" \/>\n\t<meta property=\"og:image:type\" content=\"image\/jpeg\" \/>\n<meta name=\"author\" content=\"Jeanette\" \/>\n<meta name=\"twitter:card\" content=\"summary_large_image\" \/>\n<meta name=\"twitter:creator\" content=\"@eldiario_net\" \/>\n<meta name=\"twitter:site\" content=\"@eldiario_net\" \/>\n<meta name=\"twitter:label1\" content=\"Escrito por\" \/>\n\t<meta name=\"twitter:data1\" content=\"Jeanette\" \/>\n\t<meta name=\"twitter:label2\" content=\"Tiempo de lectura\" \/>\n\t<meta name=\"twitter:data2\" content=\"2 minutos\" \/>\n<script type=\"application\/ld+json\" class=\"yoast-schema-graph\">{\"@context\":\"https:\\\/\\\/schema.org\",\"@graph\":[{\"@type\":\"Article\",\"@id\":\"https:\\\/\\\/www.eldiario.net\\\/portal\\\/2024\\\/03\\\/11\\\/bomberos-recuperan-cuerpo-sin-vida-de-un-agricultor\\\/#article\",\"isPartOf\":{\"@id\":\"https:\\\/\\\/www.eldiario.net\\\/portal\\\/2024\\\/03\\\/11\\\/bomberos-recuperan-cuerpo-sin-vida-de-un-agricultor\\\/\"},\"author\":{\"name\":\"Jeanette\",\"@id\":\"https:\\\/\\\/www.eldiario.net\\\/portal\\\/#\\\/schema\\\/person\\\/f46445640444750d7d753ccd04ae01b7\"},\"headline\":\"Bomberos recuperan cuerpo sin vida de un agricultor\",\"datePublished\":\"2024-03-11T11:41:20+00:00\",\"mainEntityOfPage\":{\"@id\":\"https:\\\/\\\/www.eldiario.net\\\/portal\\\/2024\\\/03\\\/11\\\/bomberos-recuperan-cuerpo-sin-vida-de-un-agricultor\\\/\"},\"wordCount\":336,\"commentCount\":0,\"publisher\":{\"@id\":\"https:\\\/\\\/www.eldiario.net\\\/portal\\\/#organization\"},\"image\":{\"@id\":\"https:\\\/\\\/www.eldiario.net\\\/portal\\\/2024\\\/03\\\/11\\\/bomberos-recuperan-cuerpo-sin-vida-de-un-agricultor\\\/#primaryimage\"},\"thumbnailUrl\":\"https:\\\/\\\/www.eldiario.net\\\/portal\\\/wp-content\\\/uploads\\\/2024\\\/03\\\/MUERTO.jpg\",\"articleSection\":[\"Nacional\"],\"inLanguage\":\"es\",\"potentialAction\":[{\"@type\":\"CommentAction\",\"name\":\"Comment\",\"target\":[\"https:\\\/\\\/www.eldiario.net\\\/portal\\\/2024\\\/03\\\/11\\\/bomberos-recuperan-cuerpo-sin-vida-de-un-agricultor\\\/#respond\"]}]},{\"@type\":\"WebPage\",\"@id\":\"https:\\\/\\\/www.eldiario.net\\\/portal\\\/2024\\\/03\\\/11\\\/bomberos-recuperan-cuerpo-sin-vida-de-un-agricultor\\\/\",\"url\":\"https:\\\/\\\/www.eldiario.net\\\/portal\\\/2024\\\/03\\\/11\\\/bomberos-recuperan-cuerpo-sin-vida-de-un-agricultor\\\/\",\"name\":\"Bomberos recuperan cuerpo sin vida de un agricultor - El Diario - Bolivia\",\"isPartOf\":{\"@id\":\"https:\\\/\\\/www.eldiario.net\\\/portal\\\/#website\"},\"primaryImageOfPage\":{\"@id\":\"https:\\\/\\\/www.eldiario.net\\\/portal\\\/2024\\\/03\\\/11\\\/bomberos-recuperan-cuerpo-sin-vida-de-un-agricultor\\\/#primaryimage\"},\"image\":{\"@id\":\"https:\\\/\\\/www.eldiario.net\\\/portal\\\/2024\\\/03\\\/11\\\/bomberos-recuperan-cuerpo-sin-vida-de-un-agricultor\\\/#primaryimage\"},\"thumbnailUrl\":\"https:\\\/\\\/www.eldiario.net\\\/portal\\\/wp-content\\\/uploads\\\/2024\\\/03\\\/MUERTO.jpg\",\"datePublished\":\"2024-03-11T11:41:20+00:00\",\"breadcrumb\":{\"@id\":\"https:\\\/\\\/www.eldiario.net\\\/portal\\\/2024\\\/03\\\/11\\\/bomberos-recuperan-cuerpo-sin-vida-de-un-agricultor\\\/#breadcrumb\"},\"inLanguage\":\"es\",\"potentialAction\":[{\"@type\":\"ReadAction\",\"target\":[\"https:\\\/\\\/www.eldiario.net\\\/portal\\\/2024\\\/03\\\/11\\\/bomberos-recuperan-cuerpo-sin-vida-de-un-agricultor\\\/\"]}]},{\"@type\":\"ImageObject\",\"inLanguage\":\"es\",\"@id\":\"https:\\\/\\\/www.eldiario.net\\\/portal\\\/2024\\\/03\\\/11\\\/bomberos-recuperan-cuerpo-sin-vida-de-un-agricultor\\\/#primaryimage\",\"url\":\"https:\\\/\\\/www.eldiario.net\\\/portal\\\/wp-content\\\/uploads\\\/2024\\\/03\\\/MUERTO.jpg\",\"contentUrl\":\"https:\\\/\\\/www.eldiario.net\\\/portal\\\/wp-content\\\/uploads\\\/2024\\\/03\\\/MUERTO.jpg\",\"width\":2362,\"height\":1378,\"caption\":\"El cad\u00e1ver fue encontrado este fin de semana.\"},{\"@type\":\"BreadcrumbList\",\"@id\":\"https:\\\/\\\/www.eldiario.net\\\/portal\\\/2024\\\/03\\\/11\\\/bomberos-recuperan-cuerpo-sin-vida-de-un-agricultor\\\/#breadcrumb\",\"itemListElement\":[{\"@type\":\"ListItem\",\"position\":1,\"name\":\"Portada\",\"item\":\"https:\\\/\\\/www.eldiario.net\\\/portal\\\/\"},{\"@type\":\"ListItem\",\"position\":2,\"name\":\"Bomberos recuperan cuerpo sin vida de un agricultor\"}]},{\"@type\":\"WebSite\",\"@id\":\"https:\\\/\\\/www.eldiario.net\\\/portal\\\/#website\",\"url\":\"https:\\\/\\\/www.eldiario.net\\\/portal\\\/\",\"name\":\"El Diario - Decano de la prensa nacional\",\"description\":\"El Diario - Decano de la prensa nacional\",\"publisher\":{\"@id\":\"https:\\\/\\\/www.eldiario.net\\\/portal\\\/#organization\"},\"potentialAction\":[{\"@type\":\"SearchAction\",\"target\":{\"@type\":\"EntryPoint\",\"urlTemplate\":\"https:\\\/\\\/www.eldiario.net\\\/portal\\\/?s={search_term_string}\"},\"query-input\":{\"@type\":\"PropertyValueSpecification\",\"valueRequired\":true,\"valueName\":\"search_term_string\"}}],\"inLanguage\":\"es\"},{\"@type\":\"Organization\",\"@id\":\"https:\\\/\\\/www.eldiario.net\\\/portal\\\/#organization\",\"name\":\"El Diario - Decano de la prensa nacional\",\"url\":\"https:\\\/\\\/www.eldiario.net\\\/portal\\\/\",\"logo\":{\"@type\":\"ImageObject\",\"inLanguage\":\"es\",\"@id\":\"https:\\\/\\\/www.eldiario.net\\\/portal\\\/#\\\/schema\\\/logo\\\/image\\\/\",\"url\":\"https:\\\/\\\/www.eldiario.net\\\/portal\\\/wp-content\\\/uploads\\\/2023\\\/07\\\/logo_ED.jpg\",\"contentUrl\":\"https:\\\/\\\/www.eldiario.net\\\/portal\\\/wp-content\\\/uploads\\\/2023\\\/07\\\/logo_ED.jpg\",\"width\":272,\"height\":52,\"caption\":\"El Diario - Decano de la prensa nacional\"},\"image\":{\"@id\":\"https:\\\/\\\/www.eldiario.net\\\/portal\\\/#\\\/schema\\\/logo\\\/image\\\/\"},\"sameAs\":[\"https:\\\/\\\/www.facebook.com\\\/eldiario.bolivia\\\/\",\"https:\\\/\\\/x.com\\\/eldiario_net\"]},{\"@type\":\"Person\",\"@id\":\"https:\\\/\\\/www.eldiario.net\\\/portal\\\/#\\\/schema\\\/person\\\/f46445640444750d7d753ccd04ae01b7\",\"name\":\"Jeanette\",\"image\":{\"@type\":\"ImageObject\",\"inLanguage\":\"es\",\"@id\":\"https:\\\/\\\/secure.gravatar.com\\\/avatar\\\/3ea2118a5f7dad2b7138b1187a6b7ee55f160b9968b66013c3a3ef39dd7e5798?s=96&d=mm&r=g\",\"url\":\"https:\\\/\\\/secure.gravatar.com\\\/avatar\\\/3ea2118a5f7dad2b7138b1187a6b7ee55f160b9968b66013c3a3ef39dd7e5798?s=96&d=mm&r=g\",\"contentUrl\":\"https:\\\/\\\/secure.gravatar.com\\\/avatar\\\/3ea2118a5f7dad2b7138b1187a6b7ee55f160b9968b66013c3a3ef39dd7e5798?s=96&d=mm&r=g\",\"caption\":\"Jeanette\"},\"sameAs\":[\"https:\\\/\\\/www.eldiario.net\\\/portal\"],\"url\":\"https:\\\/\\\/www.eldiario.net\\\/portal\\\/author\\\/jeanette\\\/\"}]}<\/script>\n<!-- \/ Yoast SEO plugin. -->","yoast_head_json":{"title":"Bomberos recuperan cuerpo sin vida de un agricultor - El Diario - Bolivia","robots":{"index":"index","follow":"follow","max-snippet":"max-snippet:-1","max-image-preview":"max-image-preview:large","max-video-preview":"max-video-preview:-1"},"canonical":"https:\/\/www.eldiario.net\/portal\/2024\/03\/11\/bomberos-recuperan-cuerpo-sin-vida-de-un-agricultor\/","og_locale":"es_ES","og_type":"article","og_title":"Bomberos recuperan cuerpo sin vida de un agricultor - El Diario - Bolivia","og_description":"Tras una semana de angustiosa b\u00fasqueda, los bomberos lograron recuperar el cuerpo sin vida de Nils Malfert Prado, un agricultor de 53 a\u00f1os de edad, quien desapareci\u00f3 el pasado lunes. El hallazgo tuvo lugar el s\u00e1bado, luego de intensos esfuerzos realizados en las turbulentas aguas del caudaloso r\u00edo Pilcomayo. Prado, vecino de la ciudad de [&hellip;]","og_url":"https:\/\/www.eldiario.net\/portal\/2024\/03\/11\/bomberos-recuperan-cuerpo-sin-vida-de-un-agricultor\/","og_site_name":"El Diario - Bolivia","article_publisher":"https:\/\/www.facebook.com\/eldiario.bolivia\/","article_published_time":"2024-03-11T11:41:20+00:00","og_image":[{"width":2362,"height":1378,"url":"https:\/\/www.eldiario.net\/portal\/wp-content\/uploads\/2024\/03\/MUERTO.jpg","type":"image\/jpeg"}],"author":"Jeanette","twitter_card":"summary_large_image","twitter_creator":"@eldiario_net","twitter_site":"@eldiario_net","twitter_misc":{"Escrito por":"Jeanette","Tiempo de lectura":"2 minutos"},"schema":{"@context":"https:\/\/schema.org","@graph":[{"@type":"Article","@id":"https:\/\/www.eldiario.net\/portal\/2024\/03\/11\/bomberos-recuperan-cuerpo-sin-vida-de-un-agricultor\/#article","isPartOf":{"@id":"https:\/\/www.eldiario.net\/portal\/2024\/03\/11\/bomberos-recuperan-cuerpo-sin-vida-de-un-agricultor\/"},"author":{"name":"Jeanette","@id":"https:\/\/www.eldiario.net\/portal\/#\/schema\/person\/f46445640444750d7d753ccd04ae01b7"},"headline":"Bomberos recuperan cuerpo sin vida de un agricultor","datePublished":"2024-03-11T11:41:20+00:00","mainEntityOfPage":{"@id":"https:\/\/www.eldiario.net\/portal\/2024\/03\/11\/bomberos-recuperan-cuerpo-sin-vida-de-un-agricultor\/"},"wordCount":336,"commentCount":0,"publisher":{"@id":"https:\/\/www.eldiario.net\/portal\/#organization"},"image":{"@id":"https:\/\/www.eldiario.net\/portal\/2024\/03\/11\/bomberos-recuperan-cuerpo-sin-vida-de-un-agricultor\/#primaryimage"},"thumbnailUrl":"https:\/\/www.eldiario.net\/portal\/wp-content\/uploads\/2024\/03\/MUERTO.jpg","articleSection":["Nacional"],"inLanguage":"es","potentialAction":[{"@type":"CommentAction","name":"Comment","target":["https:\/\/www.eldiario.net\/portal\/2024\/03\/11\/bomberos-recuperan-cuerpo-sin-vida-de-un-agricultor\/#respond"]}]},{"@type":"WebPage","@id":"https:\/\/www.eldiario.net\/portal\/2024\/03\/11\/bomberos-recuperan-cuerpo-sin-vida-de-un-agricultor\/","url":"https:\/\/www.eldiario.net\/portal\/2024\/03\/11\/bomberos-recuperan-cuerpo-sin-vida-de-un-agricultor\/","name":"Bomberos recuperan cuerpo sin vida de un agricultor - El Diario - Bolivia","isPartOf":{"@id":"https:\/\/www.eldiario.net\/portal\/#website"},"primaryImageOfPage":{"@id":"https:\/\/www.eldiario.net\/portal\/2024\/03\/11\/bomberos-recuperan-cuerpo-sin-vida-de-un-agricultor\/#primaryimage"},"image":{"@id":"https:\/\/www.eldiario.net\/portal\/2024\/03\/11\/bomberos-recuperan-cuerpo-sin-vida-de-un-agricultor\/#primaryimage"},"thumbnailUrl":"https:\/\/www.eldiario.net\/portal\/wp-content\/uploads\/2024\/03\/MUERTO.jpg","datePublished":"2024-03-11T11:41:20+00:00","breadcrumb":{"@id":"https:\/\/www.eldiario.net\/portal\/2024\/03\/11\/bomberos-recuperan-cuerpo-sin-vida-de-un-agricultor\/#breadcrumb"},"inLanguage":"es","potentialAction":[{"@type":"ReadAction","target":["https:\/\/www.eldiario.net\/portal\/2024\/03\/11\/bomberos-recuperan-cuerpo-sin-vida-de-un-agricultor\/"]}]},{"@type":"ImageObject","inLanguage":"es","@id":"https:\/\/www.eldiario.net\/portal\/2024\/03\/11\/bomberos-recuperan-cuerpo-sin-vida-de-un-agricultor\/#primaryimage","url":"https:\/\/www.eldiario.net\/portal\/wp-content\/uploads\/2024\/03\/MUERTO.jpg","contentUrl":"https:\/\/www.eldiario.net\/portal\/wp-content\/uploads\/2024\/03\/MUERTO.jpg","width":2362,"height":1378,"caption":"El cad\u00e1ver fue encontrado este fin de semana."},{"@type":"BreadcrumbList","@id":"https:\/\/www.eldiario.net\/portal\/2024\/03\/11\/bomberos-recuperan-cuerpo-sin-vida-de-un-agricultor\/#breadcrumb","itemListElement":[{"@type":"ListItem","position":1,"name":"Portada","item":"https:\/\/www.eldiario.net\/portal\/"},{"@type":"ListItem","position":2,"name":"Bomberos recuperan cuerpo sin vida de un agricultor"}]},{"@type":"WebSite","@id":"https:\/\/www.eldiario.net\/portal\/#website","url":"https:\/\/www.eldiario.net\/portal\/","name":"El Diario - Decano de la prensa nacional","description":"El Diario - Decano de la prensa nacional","publisher":{"@id":"https:\/\/www.eldiario.net\/portal\/#organization"},"potentialAction":[{"@type":"SearchAction","target":{"@type":"EntryPoint","urlTemplate":"https:\/\/www.eldiario.net\/portal\/?s={search_term_string}"},"query-input":{"@type":"PropertyValueSpecification","valueRequired":true,"valueName":"search_term_string"}}],"inLanguage":"es"},{"@type":"Organization","@id":"https:\/\/www.eldiario.net\/portal\/#organization","name":"El Diario - Decano de la prensa nacional","url":"https:\/\/www.eldiario.net\/portal\/","logo":{"@type":"ImageObject","inLanguage":"es","@id":"https:\/\/www.eldiario.net\/portal\/#\/schema\/logo\/image\/","url":"https:\/\/www.eldiario.net\/portal\/wp-content\/uploads\/2023\/07\/logo_ED.jpg","contentUrl":"https:\/\/www.eldiario.net\/portal\/wp-content\/uploads\/2023\/07\/logo_ED.jpg","width":272,"height":52,"caption":"El Diario - Decano de la prensa nacional"},"image":{"@id":"https:\/\/www.eldiario.net\/portal\/#\/schema\/logo\/image\/"},"sameAs":["https:\/\/www.facebook.com\/eldiario.bolivia\/","https:\/\/x.com\/eldiario_net"]},{"@type":"Person","@id":"https:\/\/www.eldiario.net\/portal\/#\/schema\/person\/f46445640444750d7d753ccd04ae01b7","name":"Jeanette","image":{"@type":"ImageObject","inLanguage":"es","@id":"https:\/\/secure.gravatar.com\/avatar\/3ea2118a5f7dad2b7138b1187a6b7ee55f160b9968b66013c3a3ef39dd7e5798?s=96&d=mm&r=g","url":"https:\/\/secure.gravatar.com\/avatar\/3ea2118a5f7dad2b7138b1187a6b7ee55f160b9968b66013c3a3ef39dd7e5798?s=96&d=mm&r=g","contentUrl":"https:\/\/secure.gravatar.com\/avatar\/3ea2118a5f7dad2b7138b1187a6b7ee55f160b9968b66013c3a3ef39dd7e5798?s=96&d=mm&r=g","caption":"Jeanette"},"sameAs":["https:\/\/www.eldiario.net\/portal"],"url":"https:\/\/www.eldiario.net\/portal\/author\/jeanette\/"}]}},"_links":{"self":[{"href":"https:\/\/www.eldiario.net\/portal\/wp-json\/wp\/v2\/posts\/207661","targetHints":{"allow":["GET"]}}],"collection":[{"href":"https:\/\/www.eldiario.net\/portal\/wp-json\/wp\/v2\/posts"}],"about":[{"href":"https:\/\/www.eldiario.net\/portal\/wp-json\/wp\/v2\/types\/post"}],"author":[{"embeddable":true,"href":"https:\/\/www.eldiario.net\/portal\/wp-json\/wp\/v2\/users\/1"}],"replies":[{"embeddable":true,"href":"https:\/\/www.eldiario.net\/portal\/wp-json\/wp\/v2\/comments?post=207661"}],"version-history":[{"count":1,"href":"https:\/\/www.eldiario.net\/portal\/wp-json\/wp\/v2\/posts\/207661\/revisions"}],"predecessor-version":[{"id":207664,"href":"https:\/\/www.eldiario.net\/portal\/wp-json\/wp\/v2\/posts\/207661\/revisions\/207664"}],"wp:featuredmedia":[{"embeddable":true,"href":"https:\/\/www.eldiario.net\/portal\/wp-json\/wp\/v2\/media\/207663"}],"wp:attachment":[{"href":"https:\/\/www.eldiario.net\/portal\/wp-json\/wp\/v2\/media?parent=207661"}],"wp:term":[{"taxonomy":"category","embeddable":true,"href":"https:\/\/www.eldiario.net\/portal\/wp-json\/wp\/v2\/categories?post=207661"},{"taxonomy":"post_tag","embeddable":true,"href":"https:\/\/www.eldiario.net\/portal\/wp-json\/wp\/v2\/tags?post=207661"}],"curies":[{"name":"wp","href":"https:\/\/api.w.org\/{rel}","templated":true}]}}