{"id":207657,"date":"2024-03-11T07:38:46","date_gmt":"2024-03-11T11:38:46","guid":{"rendered":"https:\/\/www.eldiario.net\/portal\/?p=207657"},"modified":"2024-03-11T07:38:46","modified_gmt":"2024-03-11T11:38:46","slug":"cuando-seremos-personas","status":"publish","type":"post","link":"https:\/\/www.eldiario.net\/portal\/2024\/03\/11\/cuando-seremos-personas\/","title":{"rendered":"\u00bfCu\u00e1ndo seremos personas?"},"content":{"rendered":"<p>Un nuevo 8 de marzo. Seguramente escucharemos discursos, loas a las mujeres, muchas quejas: violencia, abusos, obst\u00e1culos. Prohibido enviar flores. Ni asuetos ni tarde libre. Mujeres de esp\u00edritu libre, mujeres felices, mujeres con autoestima, abstenerse de aparecer.<br \/>\nEn los \u00faltimos a\u00f1os en la sede de gobierno del Estado Plurinacional de Bolivia hay ri\u00f1as callejeras cada D\u00eda de la Mujer. No tan intensas como en la Asamblea Plurinacional, pero parecidas. Hembras contra hembras; hembras afiliadas al Movimiento al Socialismo (MAS) que ejercen sus fortalezas f\u00edsicas contra otras bolivianas que militan en otros partidos o que no pertenecen a la coordinadora oficialista \u201cde la mujer\u201d.<br \/>\nEntre tanto, \u00bfqu\u00e9 logros sostenibles han conseguido las luchas feministas? Hace un siglo, las abuelas y bisabuelas comenzaron los reclamos sobre todo con base en los derechos pol\u00edticos y sociales. La fecha dedicada mundialmente desde 1977 al \u201cD\u00eda de la Mujer\u201d recuerda justamente la masacre contra las trabajadoras de una f\u00e1brica de textiles de Nueva York en 1857.<br \/>\nEn La Paz, Oruro, Cochabamba, se crearon los primeros c\u00edrculos y ateneos femeninos o se fundaron revistas para difundir los ideales de las sufragistas europeas. La idea del \u201ccuarto propio\u201d estaba presente en muchos art\u00edculos firmados por mujeres alfabetizadas, casi todas urbanas y de clases medias o altas. Varias eran hijas de pedagogos, artistas o pol\u00edticos liberales. En esos escritos no se convocaba a una pelea contra los hombres ni se negaba la maternidad.<br \/>\nEn las minas, los centros econ\u00f3micos m\u00e1s importantes de Bolivia, las organizaciones sindicales fueron alentadas por anarquistas y socialistas y tambi\u00e9n por las esposas de los mineros que eran las que m\u00e1s sent\u00edan el alza de precios o las malas condiciones de trabajo. As\u00ed lo recordaban Juan Lech\u00edn Oquendo y otros dirigentes en los hist\u00f3ricos ampliados de la Federaci\u00f3n Sindical de Trabajadores Mineros de Bolivia donde la memoria era el eje de los debates.<br \/>\nJustamente en 1975, en la Tribuna del A\u00f1o Internacional de la Mujer, Domitila Barrios de Chungara declar\u00f3: \u201cnuestra posici\u00f3n no es como la posici\u00f3n de las feministas; no es contra el hombre, sino junto al hombre, al compa\u00f1ero\u201d, para lograr la liberaci\u00f3n personal y colectiva. Ella tuvo que esforzarse para que la dejasen participar en el foro, de ah\u00ed el t\u00edtulo de su testimonio: \u201cSi me permiten hablar&#8230;\u201d, recogido por la soci\u00f3loga brasile\u00f1a Moema Viezzer.<br \/>\nEn esos a\u00f1os pioneros, se ten\u00eda la utop\u00eda de que la lucha por los derechos de las mujeres iba a afianzar la b\u00fasqueda de un mundo diferente, de un planeta con mayores oportunidades para todos, con m\u00e1s espacio para los esp\u00edritus libres y con mayores posibilidades de lograr la felicidad. Esa sensaci\u00f3n, esa emoci\u00f3n que buscaban los revolucionarios desde la Convenci\u00f3n Constitucional de Filadelfia de 1787. La dignidad humana tan repetida en m\u00faltiples declaraciones.<br \/>\nEn alg\u00fan momento se dio el extrav\u00edo. Quiz\u00e1 desde el inicio; la misma Domitila denunciaba que el machismo y el feminismo eran ambas \u201carmas del imperialismo\u201d. Los primeros mensajes de las ONGs bolivianas financiadas desde afuera ten\u00edan el tono de enfrentamiento contra los hombres, especialmente contra el marido.<br \/>\nEl enfoque de g\u00e9nero en vez de impulsar la igualdad de oportunidades agrand\u00f3 la idea de uniformizar a todos, cuando siempre los seres humanos ser\u00e1n diferentes por una gran cantidad de motivos.<br \/>\n\u201cSer mujer\u201d se transform\u00f3 en una etiqueta m\u00e1s perversa que \u201cSer Hombre\u201d de la \u00e9poca de Adela Zamudio. Los derechos se han convertido en n\u00fameros y no en calidades.<br \/>\nHay desv\u00edos espantosos como la aplicaci\u00f3n de la justicia con \u201cenfoque de g\u00e9nero\u201d, como lo ha detallado la abogada Gisela Derpic. Actualmente el 94 por ciento de los presos que saturan las c\u00e1rceles bolivianas son varones y el 40 por ciento por temas de violencia sexual. Basta la denuncia de una mujer para encarcelar a un hombre.<br \/>\nLeo la convocatoria a un Premio de Periodismo con enfoque de g\u00e9nero. En vez de enfatizar la calidad y la decencia, se prioriza una etiqueta de moda. Hay medios de comunicaci\u00f3n que condenan antes que los tribunales a un ex enamorado y lo llaman \u201cfeminicida\u201d antes del proceso, como sucedi\u00f3 con el caso Kushner.<br \/>\nEl Gobierno nombra mujeres para ministerios como cuotas de movimientos sociales. No por su capacidad o conocimiento. Mujeres que sirven de florero como la saliente ministra Sabina Orellana o su suplente Esperanza Guevara, cuyo \u00fanico m\u00e9rito es ser sindicalista y haber recorrido puestos p\u00fablicos. Ninguna experiencia en gesti\u00f3n cultural. Quien da seguimiento al portal del Ministerio de Culturas, Descolonizaci\u00f3n y Despatriarcalizaci\u00f3n podr\u00e1 darse cuenta de ello.<br \/>\nLo peor es la desvalorizaci\u00f3n de mujeres como Celinda Sosa Lunda, con experiencia para capacitar mujeres campesinas, pero que seguramente no pasar\u00eda un examen sobre los tratados que firm\u00f3 Bolivia. La enviaron a abrazar a los dictadores que denigran a la mujer, como Daniel Ortega, Nicol\u00e1s Maduro y los jerarcas cubanos.<br \/>\nEl presidente Luis Arce anunci\u00f3 una \u201cagenda de cooperaci\u00f3n estrat\u00e9gica\u201d junto a su par de Ir\u00e1n, Seyed Ebrahim Raidi. Ir\u00e1n es el pa\u00eds donde se torturan y matan a cientos de mujeres por llevar mal una prenda obligatoria. Ninguna organizaci\u00f3n feminista o masista ha protestado. Al contrario, la embajadora Romina P\u00e9rez convive con ese horror.<br \/>\nEsas contradicciones revelan la realidad. Importan otros temas, no la dignidad de la mujer, los Derechos Humanos en todo su alcance. La persona como criatura semejante a la Divinidad es un anhelo todav\u00eda muy lejano. En vez de avanzar, retrocedemos.<\/p>\n","protected":false},"excerpt":{"rendered":"<p>Un nuevo 8 de marzo. Seguramente escucharemos discursos, loas a las mujeres, muchas quejas: violencia, abusos, obst\u00e1culos. Prohibido enviar flores. Ni asuetos ni tarde libre. Mujeres de esp\u00edritu libre, mujeres felices, mujeres con autoestima, abstenerse de aparecer. En los \u00faltimos a\u00f1os en la sede de gobierno del Estado Plurinacional de Bolivia hay ri\u00f1as callejeras cada [&hellip;]<\/p>\n","protected":false},"author":1,"featured_media":157862,"comment_status":"open","ping_status":"open","sticky":false,"template":"","format":"standard","meta":{"_acf_changed":false,"footnotes":""},"categories":[9],"tags":[],"class_list":["post-207657","post","type-post","status-publish","format-standard","has-post-thumbnail","category-opinion"],"acf":{"antetitulo":"Desde la tierra"},"yoast_head":"<!-- This site is optimized with the Yoast SEO plugin v28.4 - https:\/\/yoast.com\/product\/yoast-seo-wordpress\/ -->\n<title>\u00bfCu\u00e1ndo seremos personas? - El Diario - Bolivia<\/title>\n<meta name=\"robots\" content=\"index, follow, max-snippet:-1, max-image-preview:large, max-video-preview:-1\" \/>\n<link rel=\"canonical\" href=\"https:\/\/www.eldiario.net\/portal\/2024\/03\/11\/cuando-seremos-personas\/\" \/>\n<meta property=\"og:locale\" content=\"es_ES\" \/>\n<meta property=\"og:type\" content=\"article\" \/>\n<meta property=\"og:title\" content=\"\u00bfCu\u00e1ndo seremos personas? - El Diario - Bolivia\" \/>\n<meta property=\"og:description\" content=\"Un nuevo 8 de marzo. Seguramente escucharemos discursos, loas a las mujeres, muchas quejas: violencia, abusos, obst\u00e1culos. Prohibido enviar flores. Ni asuetos ni tarde libre. Mujeres de esp\u00edritu libre, mujeres felices, mujeres con autoestima, abstenerse de aparecer. En los \u00faltimos a\u00f1os en la sede de gobierno del Estado Plurinacional de Bolivia hay ri\u00f1as callejeras cada [&hellip;]\" \/>\n<meta property=\"og:url\" content=\"https:\/\/www.eldiario.net\/portal\/2024\/03\/11\/cuando-seremos-personas\/\" \/>\n<meta property=\"og:site_name\" content=\"El Diario - Bolivia\" \/>\n<meta property=\"article:publisher\" content=\"https:\/\/www.facebook.com\/eldiario.bolivia\/\" \/>\n<meta property=\"article:published_time\" content=\"2024-03-11T11:38:46+00:00\" \/>\n<meta property=\"og:image\" content=\"https:\/\/www.eldiario.net\/portal\/wp-content\/uploads\/2023\/06\/Lupe-Cajias.jpg\" \/>\n\t<meta property=\"og:image:width\" content=\"1200\" \/>\n\t<meta property=\"og:image:height\" content=\"628\" \/>\n\t<meta property=\"og:image:type\" content=\"image\/jpeg\" \/>\n<meta name=\"author\" content=\"Jeanette\" \/>\n<meta name=\"twitter:card\" content=\"summary_large_image\" \/>\n<meta name=\"twitter:creator\" content=\"@eldiario_net\" \/>\n<meta name=\"twitter:site\" content=\"@eldiario_net\" \/>\n<meta name=\"twitter:label1\" content=\"Escrito por\" \/>\n\t<meta name=\"twitter:data1\" content=\"Jeanette\" \/>\n\t<meta name=\"twitter:label2\" content=\"Tiempo de lectura\" \/>\n\t<meta name=\"twitter:data2\" content=\"5 minutos\" \/>\n<script type=\"application\/ld+json\" class=\"yoast-schema-graph\">{\"@context\":\"https:\\\/\\\/schema.org\",\"@graph\":[{\"@type\":\"Article\",\"@id\":\"https:\\\/\\\/www.eldiario.net\\\/portal\\\/2024\\\/03\\\/11\\\/cuando-seremos-personas\\\/#article\",\"isPartOf\":{\"@id\":\"https:\\\/\\\/www.eldiario.net\\\/portal\\\/2024\\\/03\\\/11\\\/cuando-seremos-personas\\\/\"},\"author\":{\"name\":\"Jeanette\",\"@id\":\"https:\\\/\\\/www.eldiario.net\\\/portal\\\/#\\\/schema\\\/person\\\/f46445640444750d7d753ccd04ae01b7\"},\"headline\":\"\u00bfCu\u00e1ndo seremos personas?\",\"datePublished\":\"2024-03-11T11:38:46+00:00\",\"mainEntityOfPage\":{\"@id\":\"https:\\\/\\\/www.eldiario.net\\\/portal\\\/2024\\\/03\\\/11\\\/cuando-seremos-personas\\\/\"},\"wordCount\":954,\"commentCount\":0,\"publisher\":{\"@id\":\"https:\\\/\\\/www.eldiario.net\\\/portal\\\/#organization\"},\"image\":{\"@id\":\"https:\\\/\\\/www.eldiario.net\\\/portal\\\/2024\\\/03\\\/11\\\/cuando-seremos-personas\\\/#primaryimage\"},\"thumbnailUrl\":\"https:\\\/\\\/www.eldiario.net\\\/portal\\\/wp-content\\\/uploads\\\/2023\\\/06\\\/Lupe-Cajias.jpg\",\"articleSection\":[\"Opini\u00f3n\"],\"inLanguage\":\"es\",\"potentialAction\":[{\"@type\":\"CommentAction\",\"name\":\"Comment\",\"target\":[\"https:\\\/\\\/www.eldiario.net\\\/portal\\\/2024\\\/03\\\/11\\\/cuando-seremos-personas\\\/#respond\"]}]},{\"@type\":\"WebPage\",\"@id\":\"https:\\\/\\\/www.eldiario.net\\\/portal\\\/2024\\\/03\\\/11\\\/cuando-seremos-personas\\\/\",\"url\":\"https:\\\/\\\/www.eldiario.net\\\/portal\\\/2024\\\/03\\\/11\\\/cuando-seremos-personas\\\/\",\"name\":\"\u00bfCu\u00e1ndo seremos personas? - El Diario - Bolivia\",\"isPartOf\":{\"@id\":\"https:\\\/\\\/www.eldiario.net\\\/portal\\\/#website\"},\"primaryImageOfPage\":{\"@id\":\"https:\\\/\\\/www.eldiario.net\\\/portal\\\/2024\\\/03\\\/11\\\/cuando-seremos-personas\\\/#primaryimage\"},\"image\":{\"@id\":\"https:\\\/\\\/www.eldiario.net\\\/portal\\\/2024\\\/03\\\/11\\\/cuando-seremos-personas\\\/#primaryimage\"},\"thumbnailUrl\":\"https:\\\/\\\/www.eldiario.net\\\/portal\\\/wp-content\\\/uploads\\\/2023\\\/06\\\/Lupe-Cajias.jpg\",\"datePublished\":\"2024-03-11T11:38:46+00:00\",\"breadcrumb\":{\"@id\":\"https:\\\/\\\/www.eldiario.net\\\/portal\\\/2024\\\/03\\\/11\\\/cuando-seremos-personas\\\/#breadcrumb\"},\"inLanguage\":\"es\",\"potentialAction\":[{\"@type\":\"ReadAction\",\"target\":[\"https:\\\/\\\/www.eldiario.net\\\/portal\\\/2024\\\/03\\\/11\\\/cuando-seremos-personas\\\/\"]}]},{\"@type\":\"ImageObject\",\"inLanguage\":\"es\",\"@id\":\"https:\\\/\\\/www.eldiario.net\\\/portal\\\/2024\\\/03\\\/11\\\/cuando-seremos-personas\\\/#primaryimage\",\"url\":\"https:\\\/\\\/www.eldiario.net\\\/portal\\\/wp-content\\\/uploads\\\/2023\\\/06\\\/Lupe-Cajias.jpg\",\"contentUrl\":\"https:\\\/\\\/www.eldiario.net\\\/portal\\\/wp-content\\\/uploads\\\/2023\\\/06\\\/Lupe-Cajias.jpg\",\"width\":1200,\"height\":628,\"caption\":\"Lupe Caj\u00edas\"},{\"@type\":\"BreadcrumbList\",\"@id\":\"https:\\\/\\\/www.eldiario.net\\\/portal\\\/2024\\\/03\\\/11\\\/cuando-seremos-personas\\\/#breadcrumb\",\"itemListElement\":[{\"@type\":\"ListItem\",\"position\":1,\"name\":\"Portada\",\"item\":\"https:\\\/\\\/www.eldiario.net\\\/portal\\\/\"},{\"@type\":\"ListItem\",\"position\":2,\"name\":\"\u00bfCu\u00e1ndo seremos personas?\"}]},{\"@type\":\"WebSite\",\"@id\":\"https:\\\/\\\/www.eldiario.net\\\/portal\\\/#website\",\"url\":\"https:\\\/\\\/www.eldiario.net\\\/portal\\\/\",\"name\":\"El Diario - Decano de la prensa nacional\",\"description\":\"El Diario - Decano de la prensa nacional\",\"publisher\":{\"@id\":\"https:\\\/\\\/www.eldiario.net\\\/portal\\\/#organization\"},\"potentialAction\":[{\"@type\":\"SearchAction\",\"target\":{\"@type\":\"EntryPoint\",\"urlTemplate\":\"https:\\\/\\\/www.eldiario.net\\\/portal\\\/?s={search_term_string}\"},\"query-input\":{\"@type\":\"PropertyValueSpecification\",\"valueRequired\":true,\"valueName\":\"search_term_string\"}}],\"inLanguage\":\"es\"},{\"@type\":\"Organization\",\"@id\":\"https:\\\/\\\/www.eldiario.net\\\/portal\\\/#organization\",\"name\":\"El Diario - Decano de la prensa nacional\",\"url\":\"https:\\\/\\\/www.eldiario.net\\\/portal\\\/\",\"logo\":{\"@type\":\"ImageObject\",\"inLanguage\":\"es\",\"@id\":\"https:\\\/\\\/www.eldiario.net\\\/portal\\\/#\\\/schema\\\/logo\\\/image\\\/\",\"url\":\"https:\\\/\\\/www.eldiario.net\\\/portal\\\/wp-content\\\/uploads\\\/2023\\\/07\\\/logo_ED.jpg\",\"contentUrl\":\"https:\\\/\\\/www.eldiario.net\\\/portal\\\/wp-content\\\/uploads\\\/2023\\\/07\\\/logo_ED.jpg\",\"width\":272,\"height\":52,\"caption\":\"El Diario - Decano de la prensa nacional\"},\"image\":{\"@id\":\"https:\\\/\\\/www.eldiario.net\\\/portal\\\/#\\\/schema\\\/logo\\\/image\\\/\"},\"sameAs\":[\"https:\\\/\\\/www.facebook.com\\\/eldiario.bolivia\\\/\",\"https:\\\/\\\/x.com\\\/eldiario_net\"]},{\"@type\":\"Person\",\"@id\":\"https:\\\/\\\/www.eldiario.net\\\/portal\\\/#\\\/schema\\\/person\\\/f46445640444750d7d753ccd04ae01b7\",\"name\":\"Jeanette\",\"image\":{\"@type\":\"ImageObject\",\"inLanguage\":\"es\",\"@id\":\"https:\\\/\\\/secure.gravatar.com\\\/avatar\\\/3ea2118a5f7dad2b7138b1187a6b7ee55f160b9968b66013c3a3ef39dd7e5798?s=96&d=mm&r=g\",\"url\":\"https:\\\/\\\/secure.gravatar.com\\\/avatar\\\/3ea2118a5f7dad2b7138b1187a6b7ee55f160b9968b66013c3a3ef39dd7e5798?s=96&d=mm&r=g\",\"contentUrl\":\"https:\\\/\\\/secure.gravatar.com\\\/avatar\\\/3ea2118a5f7dad2b7138b1187a6b7ee55f160b9968b66013c3a3ef39dd7e5798?s=96&d=mm&r=g\",\"caption\":\"Jeanette\"},\"sameAs\":[\"https:\\\/\\\/www.eldiario.net\\\/portal\"],\"url\":\"https:\\\/\\\/www.eldiario.net\\\/portal\\\/author\\\/jeanette\\\/\"}]}<\/script>\n<!-- \/ Yoast SEO plugin. -->","yoast_head_json":{"title":"\u00bfCu\u00e1ndo seremos personas? - El Diario - Bolivia","robots":{"index":"index","follow":"follow","max-snippet":"max-snippet:-1","max-image-preview":"max-image-preview:large","max-video-preview":"max-video-preview:-1"},"canonical":"https:\/\/www.eldiario.net\/portal\/2024\/03\/11\/cuando-seremos-personas\/","og_locale":"es_ES","og_type":"article","og_title":"\u00bfCu\u00e1ndo seremos personas? - El Diario - Bolivia","og_description":"Un nuevo 8 de marzo. Seguramente escucharemos discursos, loas a las mujeres, muchas quejas: violencia, abusos, obst\u00e1culos. Prohibido enviar flores. Ni asuetos ni tarde libre. Mujeres de esp\u00edritu libre, mujeres felices, mujeres con autoestima, abstenerse de aparecer. En los \u00faltimos a\u00f1os en la sede de gobierno del Estado Plurinacional de Bolivia hay ri\u00f1as callejeras cada [&hellip;]","og_url":"https:\/\/www.eldiario.net\/portal\/2024\/03\/11\/cuando-seremos-personas\/","og_site_name":"El Diario - Bolivia","article_publisher":"https:\/\/www.facebook.com\/eldiario.bolivia\/","article_published_time":"2024-03-11T11:38:46+00:00","og_image":[{"width":1200,"height":628,"url":"https:\/\/www.eldiario.net\/portal\/wp-content\/uploads\/2023\/06\/Lupe-Cajias.jpg","type":"image\/jpeg"}],"author":"Jeanette","twitter_card":"summary_large_image","twitter_creator":"@eldiario_net","twitter_site":"@eldiario_net","twitter_misc":{"Escrito por":"Jeanette","Tiempo de lectura":"5 minutos"},"schema":{"@context":"https:\/\/schema.org","@graph":[{"@type":"Article","@id":"https:\/\/www.eldiario.net\/portal\/2024\/03\/11\/cuando-seremos-personas\/#article","isPartOf":{"@id":"https:\/\/www.eldiario.net\/portal\/2024\/03\/11\/cuando-seremos-personas\/"},"author":{"name":"Jeanette","@id":"https:\/\/www.eldiario.net\/portal\/#\/schema\/person\/f46445640444750d7d753ccd04ae01b7"},"headline":"\u00bfCu\u00e1ndo seremos personas?","datePublished":"2024-03-11T11:38:46+00:00","mainEntityOfPage":{"@id":"https:\/\/www.eldiario.net\/portal\/2024\/03\/11\/cuando-seremos-personas\/"},"wordCount":954,"commentCount":0,"publisher":{"@id":"https:\/\/www.eldiario.net\/portal\/#organization"},"image":{"@id":"https:\/\/www.eldiario.net\/portal\/2024\/03\/11\/cuando-seremos-personas\/#primaryimage"},"thumbnailUrl":"https:\/\/www.eldiario.net\/portal\/wp-content\/uploads\/2023\/06\/Lupe-Cajias.jpg","articleSection":["Opini\u00f3n"],"inLanguage":"es","potentialAction":[{"@type":"CommentAction","name":"Comment","target":["https:\/\/www.eldiario.net\/portal\/2024\/03\/11\/cuando-seremos-personas\/#respond"]}]},{"@type":"WebPage","@id":"https:\/\/www.eldiario.net\/portal\/2024\/03\/11\/cuando-seremos-personas\/","url":"https:\/\/www.eldiario.net\/portal\/2024\/03\/11\/cuando-seremos-personas\/","name":"\u00bfCu\u00e1ndo seremos personas? - El Diario - Bolivia","isPartOf":{"@id":"https:\/\/www.eldiario.net\/portal\/#website"},"primaryImageOfPage":{"@id":"https:\/\/www.eldiario.net\/portal\/2024\/03\/11\/cuando-seremos-personas\/#primaryimage"},"image":{"@id":"https:\/\/www.eldiario.net\/portal\/2024\/03\/11\/cuando-seremos-personas\/#primaryimage"},"thumbnailUrl":"https:\/\/www.eldiario.net\/portal\/wp-content\/uploads\/2023\/06\/Lupe-Cajias.jpg","datePublished":"2024-03-11T11:38:46+00:00","breadcrumb":{"@id":"https:\/\/www.eldiario.net\/portal\/2024\/03\/11\/cuando-seremos-personas\/#breadcrumb"},"inLanguage":"es","potentialAction":[{"@type":"ReadAction","target":["https:\/\/www.eldiario.net\/portal\/2024\/03\/11\/cuando-seremos-personas\/"]}]},{"@type":"ImageObject","inLanguage":"es","@id":"https:\/\/www.eldiario.net\/portal\/2024\/03\/11\/cuando-seremos-personas\/#primaryimage","url":"https:\/\/www.eldiario.net\/portal\/wp-content\/uploads\/2023\/06\/Lupe-Cajias.jpg","contentUrl":"https:\/\/www.eldiario.net\/portal\/wp-content\/uploads\/2023\/06\/Lupe-Cajias.jpg","width":1200,"height":628,"caption":"Lupe Caj\u00edas"},{"@type":"BreadcrumbList","@id":"https:\/\/www.eldiario.net\/portal\/2024\/03\/11\/cuando-seremos-personas\/#breadcrumb","itemListElement":[{"@type":"ListItem","position":1,"name":"Portada","item":"https:\/\/www.eldiario.net\/portal\/"},{"@type":"ListItem","position":2,"name":"\u00bfCu\u00e1ndo seremos personas?"}]},{"@type":"WebSite","@id":"https:\/\/www.eldiario.net\/portal\/#website","url":"https:\/\/www.eldiario.net\/portal\/","name":"El Diario - Decano de la prensa nacional","description":"El Diario - Decano de la prensa nacional","publisher":{"@id":"https:\/\/www.eldiario.net\/portal\/#organization"},"potentialAction":[{"@type":"SearchAction","target":{"@type":"EntryPoint","urlTemplate":"https:\/\/www.eldiario.net\/portal\/?s={search_term_string}"},"query-input":{"@type":"PropertyValueSpecification","valueRequired":true,"valueName":"search_term_string"}}],"inLanguage":"es"},{"@type":"Organization","@id":"https:\/\/www.eldiario.net\/portal\/#organization","name":"El Diario - Decano de la prensa nacional","url":"https:\/\/www.eldiario.net\/portal\/","logo":{"@type":"ImageObject","inLanguage":"es","@id":"https:\/\/www.eldiario.net\/portal\/#\/schema\/logo\/image\/","url":"https:\/\/www.eldiario.net\/portal\/wp-content\/uploads\/2023\/07\/logo_ED.jpg","contentUrl":"https:\/\/www.eldiario.net\/portal\/wp-content\/uploads\/2023\/07\/logo_ED.jpg","width":272,"height":52,"caption":"El Diario - Decano de la prensa nacional"},"image":{"@id":"https:\/\/www.eldiario.net\/portal\/#\/schema\/logo\/image\/"},"sameAs":["https:\/\/www.facebook.com\/eldiario.bolivia\/","https:\/\/x.com\/eldiario_net"]},{"@type":"Person","@id":"https:\/\/www.eldiario.net\/portal\/#\/schema\/person\/f46445640444750d7d753ccd04ae01b7","name":"Jeanette","image":{"@type":"ImageObject","inLanguage":"es","@id":"https:\/\/secure.gravatar.com\/avatar\/3ea2118a5f7dad2b7138b1187a6b7ee55f160b9968b66013c3a3ef39dd7e5798?s=96&d=mm&r=g","url":"https:\/\/secure.gravatar.com\/avatar\/3ea2118a5f7dad2b7138b1187a6b7ee55f160b9968b66013c3a3ef39dd7e5798?s=96&d=mm&r=g","contentUrl":"https:\/\/secure.gravatar.com\/avatar\/3ea2118a5f7dad2b7138b1187a6b7ee55f160b9968b66013c3a3ef39dd7e5798?s=96&d=mm&r=g","caption":"Jeanette"},"sameAs":["https:\/\/www.eldiario.net\/portal"],"url":"https:\/\/www.eldiario.net\/portal\/author\/jeanette\/"}]}},"_links":{"self":[{"href":"https:\/\/www.eldiario.net\/portal\/wp-json\/wp\/v2\/posts\/207657","targetHints":{"allow":["GET"]}}],"collection":[{"href":"https:\/\/www.eldiario.net\/portal\/wp-json\/wp\/v2\/posts"}],"about":[{"href":"https:\/\/www.eldiario.net\/portal\/wp-json\/wp\/v2\/types\/post"}],"author":[{"embeddable":true,"href":"https:\/\/www.eldiario.net\/portal\/wp-json\/wp\/v2\/users\/1"}],"replies":[{"embeddable":true,"href":"https:\/\/www.eldiario.net\/portal\/wp-json\/wp\/v2\/comments?post=207657"}],"version-history":[{"count":1,"href":"https:\/\/www.eldiario.net\/portal\/wp-json\/wp\/v2\/posts\/207657\/revisions"}],"predecessor-version":[{"id":207658,"href":"https:\/\/www.eldiario.net\/portal\/wp-json\/wp\/v2\/posts\/207657\/revisions\/207658"}],"wp:featuredmedia":[{"embeddable":true,"href":"https:\/\/www.eldiario.net\/portal\/wp-json\/wp\/v2\/media\/157862"}],"wp:attachment":[{"href":"https:\/\/www.eldiario.net\/portal\/wp-json\/wp\/v2\/media?parent=207657"}],"wp:term":[{"taxonomy":"category","embeddable":true,"href":"https:\/\/www.eldiario.net\/portal\/wp-json\/wp\/v2\/categories?post=207657"},{"taxonomy":"post_tag","embeddable":true,"href":"https:\/\/www.eldiario.net\/portal\/wp-json\/wp\/v2\/tags?post=207657"}],"curies":[{"name":"wp","href":"https:\/\/api.w.org\/{rel}","templated":true}]}}