{"id":207649,"date":"2024-03-11T07:15:43","date_gmt":"2024-03-11T11:15:43","guid":{"rendered":"https:\/\/www.eldiario.net\/portal\/?p=207649"},"modified":"2024-03-11T07:15:43","modified_gmt":"2024-03-11T11:15:43","slug":"coordinan-acciones-para-trabajo-de-sector-agropecuario-y-piscicola","status":"publish","type":"post","link":"https:\/\/www.eldiario.net\/portal\/2024\/03\/11\/coordinan-acciones-para-trabajo-de-sector-agropecuario-y-piscicola\/","title":{"rendered":"Coordinan acciones para trabajo de sector agropecuario y pisc\u00edcola"},"content":{"rendered":"<p>El ministro de Desarrollo Rural y Tierras, Santos Condori, lleva adelante una serie de reuniones con los viceministros, directores, coordinadores y gerentes de las entidades bajo su tuici\u00f3n, para coordinar acciones que viabilicen la ejecuci\u00f3n de programas y proyectos para fortalecer la producci\u00f3n agropecuaria y pisc\u00edcola de Bolivia.<br \/>\n\u201cEstamos enfocados en mejorar la coordinaci\u00f3n de trabajo, la prioridad es continuar con las actividades porque hay que mejorar, no podemos parar ni un minuto, el trabajo contin\u00faa y con mayor compromiso\u201d, se\u00f1al\u00f3 Condori.<br \/>\nRespecto a la labor que planifica desempe\u00f1ar en esta cartera de Estado, indic\u00f3 que es prioridad del Gobierno nacional apoyar a los peque\u00f1os y medianos productores, por lo que se realizar\u00e1 importantes inversiones, a trav\u00e9s de los diferentes programas y proyectos, para promover el desarrollo integral y sostenible en las zonas de producci\u00f3n del pa\u00eds.<br \/>\nEl trabajo por desarrollar estar\u00e1 enmarcado en el modelo econ\u00f3mico de industrializaci\u00f3n, impulsado por el Gobierno nacional. Por lo tanto, se fortalecer\u00e1 el sector productivo, a trav\u00e9s del fomento a los sistemas agropecuarios, la implementaci\u00f3n de complejos productivos, con la finalidad de garantizar la seguridad y soberan\u00eda alimentaria.<br \/>\n\u201cCondori fue designado recientemente como Ministro de Desarrollo Rural y Tierras, es agr\u00f3nomo de profesi\u00f3n, cuenta con una amplia experiencia laboral en temas referidos al agro, ejerci\u00f3 diferentes cargos sindicales, pol\u00edticos y resalta por tener la capacidad de coordinaci\u00f3n con organizaciones sociales, por lo que su trabajo ser\u00e1 fundamental para el proceso de industrializaci\u00f3n del Estado Plurinacional\u201d, seg\u00fan un reporte de prensa.<\/p>\n","protected":false},"excerpt":{"rendered":"<p>El ministro de Desarrollo Rural y Tierras, Santos Condori, lleva adelante una serie de reuniones con los viceministros, directores, coordinadores y gerentes de las entidades bajo su tuici\u00f3n, para coordinar acciones que viabilicen la ejecuci\u00f3n de programas y proyectos para fortalecer la producci\u00f3n agropecuaria y pisc\u00edcola de Bolivia. \u201cEstamos enfocados en mejorar la coordinaci\u00f3n de [&hellip;]<\/p>\n","protected":false},"author":1,"featured_media":207650,"comment_status":"open","ping_status":"open","sticky":false,"template":"","format":"standard","meta":{"_acf_changed":false,"footnotes":""},"categories":[7],"tags":[],"class_list":["post-207649","post","type-post","status-publish","format-standard","has-post-thumbnail","category-economia"],"acf":{"antetitulo":"Buscan ejecuci\u00f3n de programas y proyectos"},"yoast_head":"<!-- This site is optimized with the Yoast SEO plugin v28.3 - https:\/\/yoast.com\/product\/yoast-seo-wordpress\/ -->\n<title>Coordinan acciones para trabajo de sector agropecuario y pisc\u00edcola - El Diario - Bolivia<\/title>\n<meta name=\"robots\" content=\"index, follow, max-snippet:-1, max-image-preview:large, max-video-preview:-1\" \/>\n<link rel=\"canonical\" href=\"https:\/\/www.eldiario.net\/portal\/2024\/03\/11\/coordinan-acciones-para-trabajo-de-sector-agropecuario-y-piscicola\/\" \/>\n<meta property=\"og:locale\" content=\"es_ES\" \/>\n<meta property=\"og:type\" content=\"article\" \/>\n<meta property=\"og:title\" content=\"Coordinan acciones para trabajo de sector agropecuario y pisc\u00edcola - El Diario - Bolivia\" \/>\n<meta property=\"og:description\" content=\"El ministro de Desarrollo Rural y Tierras, Santos Condori, lleva adelante una serie de reuniones con los viceministros, directores, coordinadores y gerentes de las entidades bajo su tuici\u00f3n, para coordinar acciones que viabilicen la ejecuci\u00f3n de programas y proyectos para fortalecer la producci\u00f3n agropecuaria y pisc\u00edcola de Bolivia. \u201cEstamos enfocados en mejorar la coordinaci\u00f3n de [&hellip;]\" \/>\n<meta property=\"og:url\" content=\"https:\/\/www.eldiario.net\/portal\/2024\/03\/11\/coordinan-acciones-para-trabajo-de-sector-agropecuario-y-piscicola\/\" \/>\n<meta property=\"og:site_name\" content=\"El Diario - Bolivia\" \/>\n<meta property=\"article:publisher\" content=\"https:\/\/www.facebook.com\/eldiario.bolivia\/\" \/>\n<meta property=\"article:published_time\" content=\"2024-03-11T11:15:43+00:00\" \/>\n<meta property=\"og:image\" content=\"https:\/\/www.eldiario.net\/portal\/wp-content\/uploads\/2024\/03\/coordina.jpg\" \/>\n\t<meta property=\"og:image:width\" content=\"1280\" \/>\n\t<meta property=\"og:image:height\" content=\"960\" \/>\n\t<meta property=\"og:image:type\" content=\"image\/jpeg\" \/>\n<meta name=\"author\" content=\"Jeanette\" \/>\n<meta name=\"twitter:card\" content=\"summary_large_image\" \/>\n<meta name=\"twitter:creator\" content=\"@eldiario_net\" \/>\n<meta name=\"twitter:site\" content=\"@eldiario_net\" \/>\n<meta name=\"twitter:label1\" content=\"Escrito por\" \/>\n\t<meta name=\"twitter:data1\" content=\"Jeanette\" \/>\n\t<meta name=\"twitter:label2\" content=\"Tiempo de lectura\" \/>\n\t<meta name=\"twitter:data2\" content=\"2 minutos\" \/>\n<script type=\"application\/ld+json\" class=\"yoast-schema-graph\">{\"@context\":\"https:\\\/\\\/schema.org\",\"@graph\":[{\"@type\":\"Article\",\"@id\":\"https:\\\/\\\/www.eldiario.net\\\/portal\\\/2024\\\/03\\\/11\\\/coordinan-acciones-para-trabajo-de-sector-agropecuario-y-piscicola\\\/#article\",\"isPartOf\":{\"@id\":\"https:\\\/\\\/www.eldiario.net\\\/portal\\\/2024\\\/03\\\/11\\\/coordinan-acciones-para-trabajo-de-sector-agropecuario-y-piscicola\\\/\"},\"author\":{\"name\":\"Jeanette\",\"@id\":\"https:\\\/\\\/www.eldiario.net\\\/portal\\\/#\\\/schema\\\/person\\\/f46445640444750d7d753ccd04ae01b7\"},\"headline\":\"Coordinan acciones para trabajo de sector agropecuario y pisc\u00edcola\",\"datePublished\":\"2024-03-11T11:15:43+00:00\",\"mainEntityOfPage\":{\"@id\":\"https:\\\/\\\/www.eldiario.net\\\/portal\\\/2024\\\/03\\\/11\\\/coordinan-acciones-para-trabajo-de-sector-agropecuario-y-piscicola\\\/\"},\"wordCount\":280,\"commentCount\":0,\"publisher\":{\"@id\":\"https:\\\/\\\/www.eldiario.net\\\/portal\\\/#organization\"},\"image\":{\"@id\":\"https:\\\/\\\/www.eldiario.net\\\/portal\\\/2024\\\/03\\\/11\\\/coordinan-acciones-para-trabajo-de-sector-agropecuario-y-piscicola\\\/#primaryimage\"},\"thumbnailUrl\":\"https:\\\/\\\/www.eldiario.net\\\/portal\\\/wp-content\\\/uploads\\\/2024\\\/03\\\/coordina.jpg\",\"articleSection\":[\"Econom\u00eda\"],\"inLanguage\":\"es\",\"potentialAction\":[{\"@type\":\"CommentAction\",\"name\":\"Comment\",\"target\":[\"https:\\\/\\\/www.eldiario.net\\\/portal\\\/2024\\\/03\\\/11\\\/coordinan-acciones-para-trabajo-de-sector-agropecuario-y-piscicola\\\/#respond\"]}]},{\"@type\":\"WebPage\",\"@id\":\"https:\\\/\\\/www.eldiario.net\\\/portal\\\/2024\\\/03\\\/11\\\/coordinan-acciones-para-trabajo-de-sector-agropecuario-y-piscicola\\\/\",\"url\":\"https:\\\/\\\/www.eldiario.net\\\/portal\\\/2024\\\/03\\\/11\\\/coordinan-acciones-para-trabajo-de-sector-agropecuario-y-piscicola\\\/\",\"name\":\"Coordinan acciones para trabajo de sector agropecuario y pisc\u00edcola - El Diario - Bolivia\",\"isPartOf\":{\"@id\":\"https:\\\/\\\/www.eldiario.net\\\/portal\\\/#website\"},\"primaryImageOfPage\":{\"@id\":\"https:\\\/\\\/www.eldiario.net\\\/portal\\\/2024\\\/03\\\/11\\\/coordinan-acciones-para-trabajo-de-sector-agropecuario-y-piscicola\\\/#primaryimage\"},\"image\":{\"@id\":\"https:\\\/\\\/www.eldiario.net\\\/portal\\\/2024\\\/03\\\/11\\\/coordinan-acciones-para-trabajo-de-sector-agropecuario-y-piscicola\\\/#primaryimage\"},\"thumbnailUrl\":\"https:\\\/\\\/www.eldiario.net\\\/portal\\\/wp-content\\\/uploads\\\/2024\\\/03\\\/coordina.jpg\",\"datePublished\":\"2024-03-11T11:15:43+00:00\",\"breadcrumb\":{\"@id\":\"https:\\\/\\\/www.eldiario.net\\\/portal\\\/2024\\\/03\\\/11\\\/coordinan-acciones-para-trabajo-de-sector-agropecuario-y-piscicola\\\/#breadcrumb\"},\"inLanguage\":\"es\",\"potentialAction\":[{\"@type\":\"ReadAction\",\"target\":[\"https:\\\/\\\/www.eldiario.net\\\/portal\\\/2024\\\/03\\\/11\\\/coordinan-acciones-para-trabajo-de-sector-agropecuario-y-piscicola\\\/\"]}]},{\"@type\":\"ImageObject\",\"inLanguage\":\"es\",\"@id\":\"https:\\\/\\\/www.eldiario.net\\\/portal\\\/2024\\\/03\\\/11\\\/coordinan-acciones-para-trabajo-de-sector-agropecuario-y-piscicola\\\/#primaryimage\",\"url\":\"https:\\\/\\\/www.eldiario.net\\\/portal\\\/wp-content\\\/uploads\\\/2024\\\/03\\\/coordina.jpg\",\"contentUrl\":\"https:\\\/\\\/www.eldiario.net\\\/portal\\\/wp-content\\\/uploads\\\/2024\\\/03\\\/coordina.jpg\",\"width\":1280,\"height\":960,\"caption\":\"Reuni\u00f3n de autoridades del Ministerio de Desarrollo Rural y Tierras.\"},{\"@type\":\"BreadcrumbList\",\"@id\":\"https:\\\/\\\/www.eldiario.net\\\/portal\\\/2024\\\/03\\\/11\\\/coordinan-acciones-para-trabajo-de-sector-agropecuario-y-piscicola\\\/#breadcrumb\",\"itemListElement\":[{\"@type\":\"ListItem\",\"position\":1,\"name\":\"Portada\",\"item\":\"https:\\\/\\\/www.eldiario.net\\\/portal\\\/\"},{\"@type\":\"ListItem\",\"position\":2,\"name\":\"Coordinan acciones para trabajo de sector agropecuario y pisc\u00edcola\"}]},{\"@type\":\"WebSite\",\"@id\":\"https:\\\/\\\/www.eldiario.net\\\/portal\\\/#website\",\"url\":\"https:\\\/\\\/www.eldiario.net\\\/portal\\\/\",\"name\":\"El Diario - Decano de la prensa nacional\",\"description\":\"El Diario - Decano de la prensa nacional\",\"publisher\":{\"@id\":\"https:\\\/\\\/www.eldiario.net\\\/portal\\\/#organization\"},\"potentialAction\":[{\"@type\":\"SearchAction\",\"target\":{\"@type\":\"EntryPoint\",\"urlTemplate\":\"https:\\\/\\\/www.eldiario.net\\\/portal\\\/?s={search_term_string}\"},\"query-input\":{\"@type\":\"PropertyValueSpecification\",\"valueRequired\":true,\"valueName\":\"search_term_string\"}}],\"inLanguage\":\"es\"},{\"@type\":\"Organization\",\"@id\":\"https:\\\/\\\/www.eldiario.net\\\/portal\\\/#organization\",\"name\":\"El Diario - Decano de la prensa nacional\",\"url\":\"https:\\\/\\\/www.eldiario.net\\\/portal\\\/\",\"logo\":{\"@type\":\"ImageObject\",\"inLanguage\":\"es\",\"@id\":\"https:\\\/\\\/www.eldiario.net\\\/portal\\\/#\\\/schema\\\/logo\\\/image\\\/\",\"url\":\"https:\\\/\\\/www.eldiario.net\\\/portal\\\/wp-content\\\/uploads\\\/2023\\\/07\\\/logo_ED.jpg\",\"contentUrl\":\"https:\\\/\\\/www.eldiario.net\\\/portal\\\/wp-content\\\/uploads\\\/2023\\\/07\\\/logo_ED.jpg\",\"width\":272,\"height\":52,\"caption\":\"El Diario - Decano de la prensa nacional\"},\"image\":{\"@id\":\"https:\\\/\\\/www.eldiario.net\\\/portal\\\/#\\\/schema\\\/logo\\\/image\\\/\"},\"sameAs\":[\"https:\\\/\\\/www.facebook.com\\\/eldiario.bolivia\\\/\",\"https:\\\/\\\/x.com\\\/eldiario_net\"]},{\"@type\":\"Person\",\"@id\":\"https:\\\/\\\/www.eldiario.net\\\/portal\\\/#\\\/schema\\\/person\\\/f46445640444750d7d753ccd04ae01b7\",\"name\":\"Jeanette\",\"image\":{\"@type\":\"ImageObject\",\"inLanguage\":\"es\",\"@id\":\"https:\\\/\\\/secure.gravatar.com\\\/avatar\\\/3ea2118a5f7dad2b7138b1187a6b7ee55f160b9968b66013c3a3ef39dd7e5798?s=96&d=mm&r=g\",\"url\":\"https:\\\/\\\/secure.gravatar.com\\\/avatar\\\/3ea2118a5f7dad2b7138b1187a6b7ee55f160b9968b66013c3a3ef39dd7e5798?s=96&d=mm&r=g\",\"contentUrl\":\"https:\\\/\\\/secure.gravatar.com\\\/avatar\\\/3ea2118a5f7dad2b7138b1187a6b7ee55f160b9968b66013c3a3ef39dd7e5798?s=96&d=mm&r=g\",\"caption\":\"Jeanette\"},\"sameAs\":[\"https:\\\/\\\/www.eldiario.net\\\/portal\"],\"url\":\"https:\\\/\\\/www.eldiario.net\\\/portal\\\/author\\\/jeanette\\\/\"}]}<\/script>\n<!-- \/ Yoast SEO plugin. -->","yoast_head_json":{"title":"Coordinan acciones para trabajo de sector agropecuario y pisc\u00edcola - El Diario - Bolivia","robots":{"index":"index","follow":"follow","max-snippet":"max-snippet:-1","max-image-preview":"max-image-preview:large","max-video-preview":"max-video-preview:-1"},"canonical":"https:\/\/www.eldiario.net\/portal\/2024\/03\/11\/coordinan-acciones-para-trabajo-de-sector-agropecuario-y-piscicola\/","og_locale":"es_ES","og_type":"article","og_title":"Coordinan acciones para trabajo de sector agropecuario y pisc\u00edcola - El Diario - Bolivia","og_description":"El ministro de Desarrollo Rural y Tierras, Santos Condori, lleva adelante una serie de reuniones con los viceministros, directores, coordinadores y gerentes de las entidades bajo su tuici\u00f3n, para coordinar acciones que viabilicen la ejecuci\u00f3n de programas y proyectos para fortalecer la producci\u00f3n agropecuaria y pisc\u00edcola de Bolivia. \u201cEstamos enfocados en mejorar la coordinaci\u00f3n de [&hellip;]","og_url":"https:\/\/www.eldiario.net\/portal\/2024\/03\/11\/coordinan-acciones-para-trabajo-de-sector-agropecuario-y-piscicola\/","og_site_name":"El Diario - Bolivia","article_publisher":"https:\/\/www.facebook.com\/eldiario.bolivia\/","article_published_time":"2024-03-11T11:15:43+00:00","og_image":[{"width":1280,"height":960,"url":"https:\/\/www.eldiario.net\/portal\/wp-content\/uploads\/2024\/03\/coordina.jpg","type":"image\/jpeg"}],"author":"Jeanette","twitter_card":"summary_large_image","twitter_creator":"@eldiario_net","twitter_site":"@eldiario_net","twitter_misc":{"Escrito por":"Jeanette","Tiempo de lectura":"2 minutos"},"schema":{"@context":"https:\/\/schema.org","@graph":[{"@type":"Article","@id":"https:\/\/www.eldiario.net\/portal\/2024\/03\/11\/coordinan-acciones-para-trabajo-de-sector-agropecuario-y-piscicola\/#article","isPartOf":{"@id":"https:\/\/www.eldiario.net\/portal\/2024\/03\/11\/coordinan-acciones-para-trabajo-de-sector-agropecuario-y-piscicola\/"},"author":{"name":"Jeanette","@id":"https:\/\/www.eldiario.net\/portal\/#\/schema\/person\/f46445640444750d7d753ccd04ae01b7"},"headline":"Coordinan acciones para trabajo de sector agropecuario y pisc\u00edcola","datePublished":"2024-03-11T11:15:43+00:00","mainEntityOfPage":{"@id":"https:\/\/www.eldiario.net\/portal\/2024\/03\/11\/coordinan-acciones-para-trabajo-de-sector-agropecuario-y-piscicola\/"},"wordCount":280,"commentCount":0,"publisher":{"@id":"https:\/\/www.eldiario.net\/portal\/#organization"},"image":{"@id":"https:\/\/www.eldiario.net\/portal\/2024\/03\/11\/coordinan-acciones-para-trabajo-de-sector-agropecuario-y-piscicola\/#primaryimage"},"thumbnailUrl":"https:\/\/www.eldiario.net\/portal\/wp-content\/uploads\/2024\/03\/coordina.jpg","articleSection":["Econom\u00eda"],"inLanguage":"es","potentialAction":[{"@type":"CommentAction","name":"Comment","target":["https:\/\/www.eldiario.net\/portal\/2024\/03\/11\/coordinan-acciones-para-trabajo-de-sector-agropecuario-y-piscicola\/#respond"]}]},{"@type":"WebPage","@id":"https:\/\/www.eldiario.net\/portal\/2024\/03\/11\/coordinan-acciones-para-trabajo-de-sector-agropecuario-y-piscicola\/","url":"https:\/\/www.eldiario.net\/portal\/2024\/03\/11\/coordinan-acciones-para-trabajo-de-sector-agropecuario-y-piscicola\/","name":"Coordinan acciones para trabajo de sector agropecuario y pisc\u00edcola - El Diario - Bolivia","isPartOf":{"@id":"https:\/\/www.eldiario.net\/portal\/#website"},"primaryImageOfPage":{"@id":"https:\/\/www.eldiario.net\/portal\/2024\/03\/11\/coordinan-acciones-para-trabajo-de-sector-agropecuario-y-piscicola\/#primaryimage"},"image":{"@id":"https:\/\/www.eldiario.net\/portal\/2024\/03\/11\/coordinan-acciones-para-trabajo-de-sector-agropecuario-y-piscicola\/#primaryimage"},"thumbnailUrl":"https:\/\/www.eldiario.net\/portal\/wp-content\/uploads\/2024\/03\/coordina.jpg","datePublished":"2024-03-11T11:15:43+00:00","breadcrumb":{"@id":"https:\/\/www.eldiario.net\/portal\/2024\/03\/11\/coordinan-acciones-para-trabajo-de-sector-agropecuario-y-piscicola\/#breadcrumb"},"inLanguage":"es","potentialAction":[{"@type":"ReadAction","target":["https:\/\/www.eldiario.net\/portal\/2024\/03\/11\/coordinan-acciones-para-trabajo-de-sector-agropecuario-y-piscicola\/"]}]},{"@type":"ImageObject","inLanguage":"es","@id":"https:\/\/www.eldiario.net\/portal\/2024\/03\/11\/coordinan-acciones-para-trabajo-de-sector-agropecuario-y-piscicola\/#primaryimage","url":"https:\/\/www.eldiario.net\/portal\/wp-content\/uploads\/2024\/03\/coordina.jpg","contentUrl":"https:\/\/www.eldiario.net\/portal\/wp-content\/uploads\/2024\/03\/coordina.jpg","width":1280,"height":960,"caption":"Reuni\u00f3n de autoridades del Ministerio de Desarrollo Rural y Tierras."},{"@type":"BreadcrumbList","@id":"https:\/\/www.eldiario.net\/portal\/2024\/03\/11\/coordinan-acciones-para-trabajo-de-sector-agropecuario-y-piscicola\/#breadcrumb","itemListElement":[{"@type":"ListItem","position":1,"name":"Portada","item":"https:\/\/www.eldiario.net\/portal\/"},{"@type":"ListItem","position":2,"name":"Coordinan acciones para trabajo de sector agropecuario y pisc\u00edcola"}]},{"@type":"WebSite","@id":"https:\/\/www.eldiario.net\/portal\/#website","url":"https:\/\/www.eldiario.net\/portal\/","name":"El Diario - Decano de la prensa nacional","description":"El Diario - Decano de la prensa nacional","publisher":{"@id":"https:\/\/www.eldiario.net\/portal\/#organization"},"potentialAction":[{"@type":"SearchAction","target":{"@type":"EntryPoint","urlTemplate":"https:\/\/www.eldiario.net\/portal\/?s={search_term_string}"},"query-input":{"@type":"PropertyValueSpecification","valueRequired":true,"valueName":"search_term_string"}}],"inLanguage":"es"},{"@type":"Organization","@id":"https:\/\/www.eldiario.net\/portal\/#organization","name":"El Diario - Decano de la prensa nacional","url":"https:\/\/www.eldiario.net\/portal\/","logo":{"@type":"ImageObject","inLanguage":"es","@id":"https:\/\/www.eldiario.net\/portal\/#\/schema\/logo\/image\/","url":"https:\/\/www.eldiario.net\/portal\/wp-content\/uploads\/2023\/07\/logo_ED.jpg","contentUrl":"https:\/\/www.eldiario.net\/portal\/wp-content\/uploads\/2023\/07\/logo_ED.jpg","width":272,"height":52,"caption":"El Diario - Decano de la prensa nacional"},"image":{"@id":"https:\/\/www.eldiario.net\/portal\/#\/schema\/logo\/image\/"},"sameAs":["https:\/\/www.facebook.com\/eldiario.bolivia\/","https:\/\/x.com\/eldiario_net"]},{"@type":"Person","@id":"https:\/\/www.eldiario.net\/portal\/#\/schema\/person\/f46445640444750d7d753ccd04ae01b7","name":"Jeanette","image":{"@type":"ImageObject","inLanguage":"es","@id":"https:\/\/secure.gravatar.com\/avatar\/3ea2118a5f7dad2b7138b1187a6b7ee55f160b9968b66013c3a3ef39dd7e5798?s=96&d=mm&r=g","url":"https:\/\/secure.gravatar.com\/avatar\/3ea2118a5f7dad2b7138b1187a6b7ee55f160b9968b66013c3a3ef39dd7e5798?s=96&d=mm&r=g","contentUrl":"https:\/\/secure.gravatar.com\/avatar\/3ea2118a5f7dad2b7138b1187a6b7ee55f160b9968b66013c3a3ef39dd7e5798?s=96&d=mm&r=g","caption":"Jeanette"},"sameAs":["https:\/\/www.eldiario.net\/portal"],"url":"https:\/\/www.eldiario.net\/portal\/author\/jeanette\/"}]}},"_links":{"self":[{"href":"https:\/\/www.eldiario.net\/portal\/wp-json\/wp\/v2\/posts\/207649","targetHints":{"allow":["GET"]}}],"collection":[{"href":"https:\/\/www.eldiario.net\/portal\/wp-json\/wp\/v2\/posts"}],"about":[{"href":"https:\/\/www.eldiario.net\/portal\/wp-json\/wp\/v2\/types\/post"}],"author":[{"embeddable":true,"href":"https:\/\/www.eldiario.net\/portal\/wp-json\/wp\/v2\/users\/1"}],"replies":[{"embeddable":true,"href":"https:\/\/www.eldiario.net\/portal\/wp-json\/wp\/v2\/comments?post=207649"}],"version-history":[{"count":1,"href":"https:\/\/www.eldiario.net\/portal\/wp-json\/wp\/v2\/posts\/207649\/revisions"}],"predecessor-version":[{"id":207651,"href":"https:\/\/www.eldiario.net\/portal\/wp-json\/wp\/v2\/posts\/207649\/revisions\/207651"}],"wp:featuredmedia":[{"embeddable":true,"href":"https:\/\/www.eldiario.net\/portal\/wp-json\/wp\/v2\/media\/207650"}],"wp:attachment":[{"href":"https:\/\/www.eldiario.net\/portal\/wp-json\/wp\/v2\/media?parent=207649"}],"wp:term":[{"taxonomy":"category","embeddable":true,"href":"https:\/\/www.eldiario.net\/portal\/wp-json\/wp\/v2\/categories?post=207649"},{"taxonomy":"post_tag","embeddable":true,"href":"https:\/\/www.eldiario.net\/portal\/wp-json\/wp\/v2\/tags?post=207649"}],"curies":[{"name":"wp","href":"https:\/\/api.w.org\/{rel}","templated":true}]}}