{"id":207644,"date":"2024-03-11T07:14:15","date_gmt":"2024-03-11T11:14:15","guid":{"rendered":"https:\/\/www.eldiario.net\/portal\/?p=207644"},"modified":"2024-03-11T07:14:15","modified_gmt":"2024-03-11T11:14:15","slug":"autarquia","status":"publish","type":"post","link":"https:\/\/www.eldiario.net\/portal\/2024\/03\/11\/autarquia\/","title":{"rendered":"Autarqu\u00eda"},"content":{"rendered":"<p>El t\u00e9rmino autarqu\u00eda se refiere a la \u201cautosuficiencia\u201d, en un sentido econ\u00f3mico significa la capacidad que tiene un pa\u00eds para producir todo aquello que necesita y de nadie depender; esto suena interesante, pues solo imaginen a Bolivia produciendo todo lo que necesita, sustituyendo todas las importaciones y potenciando a la industria nacional.<br \/>\nSin embargo, ha quedado demostrado que esto es pura teor\u00eda, aquellos que han llevado a cabo la autarqu\u00eda en tiempos modernos han fracasado rotundamente. Los principales representantes de este modelo fueron en su momento la Espa\u00f1a de Franco, la Portugal de Salazar y la China de Mao Tse-Tung; estos tres l\u00edderes, tuvieron un \u00e9xito enorme en su proyecto pol\u00edtico, pero en lo econ\u00f3mico, dejaron mucho que desear.<br \/>\nEn t\u00e9rminos pol\u00edticos, los tres fueron los \u201ccaudillos\u201d indiscutibles en sus pa\u00edses y contaron con plenos poderes, extendiendo su r\u00e9gimen hasta el final de sus vidas; de igual forma, construyeron sus pa\u00edses seg\u00fan su antojo y no tuvieron oposici\u00f3n.<br \/>\nEn lo que a econom\u00eda se refiere, los tres dejaron mucho que desear, su modelo aut\u00e1rquico no represent\u00f3 m\u00e1s que retraso. Este fracaso se dio principalmente porque no contaban con \u201cel desarrollo\u201d suficiente para depender de s\u00ed mismos. Su industria nacional estaba muy poco desarrollada y no era competitiva, lo cual caus\u00f3 un fracaso masivo en t\u00e9rminos de abastecimiento a sus poblaciones. Vale la pena recalcar que en estos reg\u00edmenes, el Estado ten\u00eda un rol de intervenci\u00f3n importante (principalmente en China) en la econom\u00eda, lo cual tambi\u00e9n explica por qu\u00e9 se malogr\u00f3 este modelo.<br \/>\nEl fracaso de la autarqu\u00eda tambi\u00e9n se dio por las condiciones en las cuales estaban en esos pa\u00edses.<br \/>\nEn el caso de Portugal, su empresa no era competitiva y Salazar busc\u00f3 \u201cexprimir\u201d el modelo aut\u00e1rquico al m\u00e1ximo. La Espa\u00f1a Franquista venia de una guerra civil (que dej\u00f3 a su pa\u00eds en la miseria) y su empresa nacional no era eficiente. Empero, Franco fue poco a poco cambiando su modelo econ\u00f3mico a uno m\u00e1s liberal, lo cual mejor\u00f3 la situaci\u00f3n, pero vemos que Espa\u00f1a hasta hoy es un pa\u00eds \u201cen v\u00edas de desarrollo\u201d, comparado con las grandes potencias europeas.<br \/>\nEl caso de China fue el m\u00e1s extremo, dicho pa\u00eds venia de afrontar la Segunda Guerra Mundial y una guerra civil, sumado a eso la poblaci\u00f3n era mayoritariamente rural y muy pobre. La autarqu\u00eda china fue un fiasco y caus\u00f3 terribles da\u00f1os econ\u00f3micos a la poblaci\u00f3n (a ello se a\u00f1ade que el Estado manejaba totalmente la econom\u00eda, hablamos de un r\u00e9gimen comunista, lo cual explica por qu\u00e9 el fracaso fue m\u00e1s contundente). Ir\u00f3nicamente, despu\u00e9s de la muerte de Mao, China adopt\u00f3 un modelo econ\u00f3mico liberal, por lo que se convirti\u00f3 en una de las potencias m\u00e1s poderosas del mundo. Pero no solo fue eso, pues China no se entreg\u00f3 al libre comercio, sino que potenci\u00f3 su industria nacional, pasando a ser uno de los pa\u00edses m\u00e1s competitivos y que m\u00e1s exporta en el mundo, logrando sacar una total ventaja del libre comercio.<br \/>\nLa autarqu\u00eda jam\u00e1s podr\u00e1 ser aplicada de manera plena y m\u00e1s aun con el auge de la globalizaci\u00f3n, empero me parece fundamental que la empresa de un pa\u00eds sea competitiva y que su principal mercado sea el interno. No se puede salir a competir afuera si es que no se tiene \u201cdominado\u201d el mercado nacional.<br \/>\nBolivia debe optar por generar autosuficiencia en los productos que s\u00ed pueda producir de manera cuantitativa y cualitativa; tambi\u00e9n se debe facilitar las importaciones de todos los productos que no seamos capaces de producir (por ejemplo, tecnol\u00f3gicos). Esto para abastecer el mercado y que nuestras empresas nacionales puedan desarrollar tecnolog\u00eda para la producci\u00f3n de dichos bienes.<br \/>\nLo principal debe pasar por potenciar a la empresa nacional en todas sus escalas, \u201cmimarla\u201d, para que as\u00ed pueda abastecer nuestro mercado con productos de calidad y puedan salir al exterior a competir sin \u201cdesventaja\u201d.<\/p>\n","protected":false},"excerpt":{"rendered":"<p>El t\u00e9rmino autarqu\u00eda se refiere a la \u201cautosuficiencia\u201d, en un sentido econ\u00f3mico significa la capacidad que tiene un pa\u00eds para producir todo aquello que necesita y de nadie depender; esto suena interesante, pues solo imaginen a Bolivia produciendo todo lo que necesita, sustituyendo todas las importaciones y potenciando a la industria nacional. Sin embargo, ha [&hellip;]<\/p>\n","protected":false},"author":1,"featured_media":161834,"comment_status":"open","ping_status":"open","sticky":false,"template":"","format":"standard","meta":{"_acf_changed":false,"footnotes":""},"categories":[9],"tags":[],"class_list":["post-207644","post","type-post","status-publish","format-standard","has-post-thumbnail","category-opinion"],"acf":{"antetitulo":""},"yoast_head":"<!-- This site is optimized with the Yoast SEO plugin v28.3 - https:\/\/yoast.com\/product\/yoast-seo-wordpress\/ -->\n<title>Autarqu\u00eda - El Diario - Bolivia<\/title>\n<meta name=\"robots\" content=\"index, follow, max-snippet:-1, max-image-preview:large, max-video-preview:-1\" \/>\n<link rel=\"canonical\" href=\"https:\/\/www.eldiario.net\/portal\/2024\/03\/11\/autarquia\/\" \/>\n<meta property=\"og:locale\" content=\"es_ES\" \/>\n<meta property=\"og:type\" content=\"article\" \/>\n<meta property=\"og:title\" content=\"Autarqu\u00eda - El Diario - Bolivia\" \/>\n<meta property=\"og:description\" content=\"El t\u00e9rmino autarqu\u00eda se refiere a la \u201cautosuficiencia\u201d, en un sentido econ\u00f3mico significa la capacidad que tiene un pa\u00eds para producir todo aquello que necesita y de nadie depender; esto suena interesante, pues solo imaginen a Bolivia produciendo todo lo que necesita, sustituyendo todas las importaciones y potenciando a la industria nacional. Sin embargo, ha [&hellip;]\" \/>\n<meta property=\"og:url\" content=\"https:\/\/www.eldiario.net\/portal\/2024\/03\/11\/autarquia\/\" \/>\n<meta property=\"og:site_name\" content=\"El Diario - Bolivia\" \/>\n<meta property=\"article:publisher\" content=\"https:\/\/www.facebook.com\/eldiario.bolivia\/\" \/>\n<meta property=\"article:published_time\" content=\"2024-03-11T11:14:15+00:00\" \/>\n<meta property=\"og:image\" content=\"https:\/\/www.eldiario.net\/portal\/wp-content\/uploads\/2023\/06\/Fabian-Freire.jpg\" \/>\n\t<meta property=\"og:image:width\" content=\"1200\" \/>\n\t<meta property=\"og:image:height\" content=\"628\" \/>\n\t<meta property=\"og:image:type\" content=\"image\/jpeg\" \/>\n<meta name=\"author\" content=\"Jeanette\" \/>\n<meta name=\"twitter:card\" content=\"summary_large_image\" \/>\n<meta name=\"twitter:creator\" content=\"@eldiario_net\" \/>\n<meta name=\"twitter:site\" content=\"@eldiario_net\" \/>\n<meta name=\"twitter:label1\" content=\"Escrito por\" \/>\n\t<meta name=\"twitter:data1\" content=\"Jeanette\" \/>\n\t<meta name=\"twitter:label2\" content=\"Tiempo de lectura\" \/>\n\t<meta name=\"twitter:data2\" content=\"4 minutos\" \/>\n<script type=\"application\/ld+json\" class=\"yoast-schema-graph\">{\"@context\":\"https:\\\/\\\/schema.org\",\"@graph\":[{\"@type\":\"Article\",\"@id\":\"https:\\\/\\\/www.eldiario.net\\\/portal\\\/2024\\\/03\\\/11\\\/autarquia\\\/#article\",\"isPartOf\":{\"@id\":\"https:\\\/\\\/www.eldiario.net\\\/portal\\\/2024\\\/03\\\/11\\\/autarquia\\\/\"},\"author\":{\"name\":\"Jeanette\",\"@id\":\"https:\\\/\\\/www.eldiario.net\\\/portal\\\/#\\\/schema\\\/person\\\/f46445640444750d7d753ccd04ae01b7\"},\"headline\":\"Autarqu\u00eda\",\"datePublished\":\"2024-03-11T11:14:15+00:00\",\"mainEntityOfPage\":{\"@id\":\"https:\\\/\\\/www.eldiario.net\\\/portal\\\/2024\\\/03\\\/11\\\/autarquia\\\/\"},\"wordCount\":706,\"commentCount\":0,\"publisher\":{\"@id\":\"https:\\\/\\\/www.eldiario.net\\\/portal\\\/#organization\"},\"image\":{\"@id\":\"https:\\\/\\\/www.eldiario.net\\\/portal\\\/2024\\\/03\\\/11\\\/autarquia\\\/#primaryimage\"},\"thumbnailUrl\":\"https:\\\/\\\/www.eldiario.net\\\/portal\\\/wp-content\\\/uploads\\\/2023\\\/06\\\/Fabian-Freire.jpg\",\"articleSection\":[\"Opini\u00f3n\"],\"inLanguage\":\"es\",\"potentialAction\":[{\"@type\":\"CommentAction\",\"name\":\"Comment\",\"target\":[\"https:\\\/\\\/www.eldiario.net\\\/portal\\\/2024\\\/03\\\/11\\\/autarquia\\\/#respond\"]}]},{\"@type\":\"WebPage\",\"@id\":\"https:\\\/\\\/www.eldiario.net\\\/portal\\\/2024\\\/03\\\/11\\\/autarquia\\\/\",\"url\":\"https:\\\/\\\/www.eldiario.net\\\/portal\\\/2024\\\/03\\\/11\\\/autarquia\\\/\",\"name\":\"Autarqu\u00eda - El Diario - Bolivia\",\"isPartOf\":{\"@id\":\"https:\\\/\\\/www.eldiario.net\\\/portal\\\/#website\"},\"primaryImageOfPage\":{\"@id\":\"https:\\\/\\\/www.eldiario.net\\\/portal\\\/2024\\\/03\\\/11\\\/autarquia\\\/#primaryimage\"},\"image\":{\"@id\":\"https:\\\/\\\/www.eldiario.net\\\/portal\\\/2024\\\/03\\\/11\\\/autarquia\\\/#primaryimage\"},\"thumbnailUrl\":\"https:\\\/\\\/www.eldiario.net\\\/portal\\\/wp-content\\\/uploads\\\/2023\\\/06\\\/Fabian-Freire.jpg\",\"datePublished\":\"2024-03-11T11:14:15+00:00\",\"breadcrumb\":{\"@id\":\"https:\\\/\\\/www.eldiario.net\\\/portal\\\/2024\\\/03\\\/11\\\/autarquia\\\/#breadcrumb\"},\"inLanguage\":\"es\",\"potentialAction\":[{\"@type\":\"ReadAction\",\"target\":[\"https:\\\/\\\/www.eldiario.net\\\/portal\\\/2024\\\/03\\\/11\\\/autarquia\\\/\"]}]},{\"@type\":\"ImageObject\",\"inLanguage\":\"es\",\"@id\":\"https:\\\/\\\/www.eldiario.net\\\/portal\\\/2024\\\/03\\\/11\\\/autarquia\\\/#primaryimage\",\"url\":\"https:\\\/\\\/www.eldiario.net\\\/portal\\\/wp-content\\\/uploads\\\/2023\\\/06\\\/Fabian-Freire.jpg\",\"contentUrl\":\"https:\\\/\\\/www.eldiario.net\\\/portal\\\/wp-content\\\/uploads\\\/2023\\\/06\\\/Fabian-Freire.jpg\",\"width\":1200,\"height\":628,\"caption\":\"Fabian Freire\"},{\"@type\":\"BreadcrumbList\",\"@id\":\"https:\\\/\\\/www.eldiario.net\\\/portal\\\/2024\\\/03\\\/11\\\/autarquia\\\/#breadcrumb\",\"itemListElement\":[{\"@type\":\"ListItem\",\"position\":1,\"name\":\"Portada\",\"item\":\"https:\\\/\\\/www.eldiario.net\\\/portal\\\/\"},{\"@type\":\"ListItem\",\"position\":2,\"name\":\"Autarqu\u00eda\"}]},{\"@type\":\"WebSite\",\"@id\":\"https:\\\/\\\/www.eldiario.net\\\/portal\\\/#website\",\"url\":\"https:\\\/\\\/www.eldiario.net\\\/portal\\\/\",\"name\":\"El Diario - Decano de la prensa nacional\",\"description\":\"El Diario - Decano de la prensa nacional\",\"publisher\":{\"@id\":\"https:\\\/\\\/www.eldiario.net\\\/portal\\\/#organization\"},\"potentialAction\":[{\"@type\":\"SearchAction\",\"target\":{\"@type\":\"EntryPoint\",\"urlTemplate\":\"https:\\\/\\\/www.eldiario.net\\\/portal\\\/?s={search_term_string}\"},\"query-input\":{\"@type\":\"PropertyValueSpecification\",\"valueRequired\":true,\"valueName\":\"search_term_string\"}}],\"inLanguage\":\"es\"},{\"@type\":\"Organization\",\"@id\":\"https:\\\/\\\/www.eldiario.net\\\/portal\\\/#organization\",\"name\":\"El Diario - Decano de la prensa nacional\",\"url\":\"https:\\\/\\\/www.eldiario.net\\\/portal\\\/\",\"logo\":{\"@type\":\"ImageObject\",\"inLanguage\":\"es\",\"@id\":\"https:\\\/\\\/www.eldiario.net\\\/portal\\\/#\\\/schema\\\/logo\\\/image\\\/\",\"url\":\"https:\\\/\\\/www.eldiario.net\\\/portal\\\/wp-content\\\/uploads\\\/2023\\\/07\\\/logo_ED.jpg\",\"contentUrl\":\"https:\\\/\\\/www.eldiario.net\\\/portal\\\/wp-content\\\/uploads\\\/2023\\\/07\\\/logo_ED.jpg\",\"width\":272,\"height\":52,\"caption\":\"El Diario - Decano de la prensa nacional\"},\"image\":{\"@id\":\"https:\\\/\\\/www.eldiario.net\\\/portal\\\/#\\\/schema\\\/logo\\\/image\\\/\"},\"sameAs\":[\"https:\\\/\\\/www.facebook.com\\\/eldiario.bolivia\\\/\",\"https:\\\/\\\/x.com\\\/eldiario_net\"]},{\"@type\":\"Person\",\"@id\":\"https:\\\/\\\/www.eldiario.net\\\/portal\\\/#\\\/schema\\\/person\\\/f46445640444750d7d753ccd04ae01b7\",\"name\":\"Jeanette\",\"image\":{\"@type\":\"ImageObject\",\"inLanguage\":\"es\",\"@id\":\"https:\\\/\\\/secure.gravatar.com\\\/avatar\\\/3ea2118a5f7dad2b7138b1187a6b7ee55f160b9968b66013c3a3ef39dd7e5798?s=96&d=mm&r=g\",\"url\":\"https:\\\/\\\/secure.gravatar.com\\\/avatar\\\/3ea2118a5f7dad2b7138b1187a6b7ee55f160b9968b66013c3a3ef39dd7e5798?s=96&d=mm&r=g\",\"contentUrl\":\"https:\\\/\\\/secure.gravatar.com\\\/avatar\\\/3ea2118a5f7dad2b7138b1187a6b7ee55f160b9968b66013c3a3ef39dd7e5798?s=96&d=mm&r=g\",\"caption\":\"Jeanette\"},\"sameAs\":[\"https:\\\/\\\/www.eldiario.net\\\/portal\"],\"url\":\"https:\\\/\\\/www.eldiario.net\\\/portal\\\/author\\\/jeanette\\\/\"}]}<\/script>\n<!-- \/ Yoast SEO plugin. -->","yoast_head_json":{"title":"Autarqu\u00eda - El Diario - Bolivia","robots":{"index":"index","follow":"follow","max-snippet":"max-snippet:-1","max-image-preview":"max-image-preview:large","max-video-preview":"max-video-preview:-1"},"canonical":"https:\/\/www.eldiario.net\/portal\/2024\/03\/11\/autarquia\/","og_locale":"es_ES","og_type":"article","og_title":"Autarqu\u00eda - El Diario - Bolivia","og_description":"El t\u00e9rmino autarqu\u00eda se refiere a la \u201cautosuficiencia\u201d, en un sentido econ\u00f3mico significa la capacidad que tiene un pa\u00eds para producir todo aquello que necesita y de nadie depender; esto suena interesante, pues solo imaginen a Bolivia produciendo todo lo que necesita, sustituyendo todas las importaciones y potenciando a la industria nacional. Sin embargo, ha [&hellip;]","og_url":"https:\/\/www.eldiario.net\/portal\/2024\/03\/11\/autarquia\/","og_site_name":"El Diario - Bolivia","article_publisher":"https:\/\/www.facebook.com\/eldiario.bolivia\/","article_published_time":"2024-03-11T11:14:15+00:00","og_image":[{"width":1200,"height":628,"url":"https:\/\/www.eldiario.net\/portal\/wp-content\/uploads\/2023\/06\/Fabian-Freire.jpg","type":"image\/jpeg"}],"author":"Jeanette","twitter_card":"summary_large_image","twitter_creator":"@eldiario_net","twitter_site":"@eldiario_net","twitter_misc":{"Escrito por":"Jeanette","Tiempo de lectura":"4 minutos"},"schema":{"@context":"https:\/\/schema.org","@graph":[{"@type":"Article","@id":"https:\/\/www.eldiario.net\/portal\/2024\/03\/11\/autarquia\/#article","isPartOf":{"@id":"https:\/\/www.eldiario.net\/portal\/2024\/03\/11\/autarquia\/"},"author":{"name":"Jeanette","@id":"https:\/\/www.eldiario.net\/portal\/#\/schema\/person\/f46445640444750d7d753ccd04ae01b7"},"headline":"Autarqu\u00eda","datePublished":"2024-03-11T11:14:15+00:00","mainEntityOfPage":{"@id":"https:\/\/www.eldiario.net\/portal\/2024\/03\/11\/autarquia\/"},"wordCount":706,"commentCount":0,"publisher":{"@id":"https:\/\/www.eldiario.net\/portal\/#organization"},"image":{"@id":"https:\/\/www.eldiario.net\/portal\/2024\/03\/11\/autarquia\/#primaryimage"},"thumbnailUrl":"https:\/\/www.eldiario.net\/portal\/wp-content\/uploads\/2023\/06\/Fabian-Freire.jpg","articleSection":["Opini\u00f3n"],"inLanguage":"es","potentialAction":[{"@type":"CommentAction","name":"Comment","target":["https:\/\/www.eldiario.net\/portal\/2024\/03\/11\/autarquia\/#respond"]}]},{"@type":"WebPage","@id":"https:\/\/www.eldiario.net\/portal\/2024\/03\/11\/autarquia\/","url":"https:\/\/www.eldiario.net\/portal\/2024\/03\/11\/autarquia\/","name":"Autarqu\u00eda - El Diario - Bolivia","isPartOf":{"@id":"https:\/\/www.eldiario.net\/portal\/#website"},"primaryImageOfPage":{"@id":"https:\/\/www.eldiario.net\/portal\/2024\/03\/11\/autarquia\/#primaryimage"},"image":{"@id":"https:\/\/www.eldiario.net\/portal\/2024\/03\/11\/autarquia\/#primaryimage"},"thumbnailUrl":"https:\/\/www.eldiario.net\/portal\/wp-content\/uploads\/2023\/06\/Fabian-Freire.jpg","datePublished":"2024-03-11T11:14:15+00:00","breadcrumb":{"@id":"https:\/\/www.eldiario.net\/portal\/2024\/03\/11\/autarquia\/#breadcrumb"},"inLanguage":"es","potentialAction":[{"@type":"ReadAction","target":["https:\/\/www.eldiario.net\/portal\/2024\/03\/11\/autarquia\/"]}]},{"@type":"ImageObject","inLanguage":"es","@id":"https:\/\/www.eldiario.net\/portal\/2024\/03\/11\/autarquia\/#primaryimage","url":"https:\/\/www.eldiario.net\/portal\/wp-content\/uploads\/2023\/06\/Fabian-Freire.jpg","contentUrl":"https:\/\/www.eldiario.net\/portal\/wp-content\/uploads\/2023\/06\/Fabian-Freire.jpg","width":1200,"height":628,"caption":"Fabian Freire"},{"@type":"BreadcrumbList","@id":"https:\/\/www.eldiario.net\/portal\/2024\/03\/11\/autarquia\/#breadcrumb","itemListElement":[{"@type":"ListItem","position":1,"name":"Portada","item":"https:\/\/www.eldiario.net\/portal\/"},{"@type":"ListItem","position":2,"name":"Autarqu\u00eda"}]},{"@type":"WebSite","@id":"https:\/\/www.eldiario.net\/portal\/#website","url":"https:\/\/www.eldiario.net\/portal\/","name":"El Diario - Decano de la prensa nacional","description":"El Diario - Decano de la prensa nacional","publisher":{"@id":"https:\/\/www.eldiario.net\/portal\/#organization"},"potentialAction":[{"@type":"SearchAction","target":{"@type":"EntryPoint","urlTemplate":"https:\/\/www.eldiario.net\/portal\/?s={search_term_string}"},"query-input":{"@type":"PropertyValueSpecification","valueRequired":true,"valueName":"search_term_string"}}],"inLanguage":"es"},{"@type":"Organization","@id":"https:\/\/www.eldiario.net\/portal\/#organization","name":"El Diario - Decano de la prensa nacional","url":"https:\/\/www.eldiario.net\/portal\/","logo":{"@type":"ImageObject","inLanguage":"es","@id":"https:\/\/www.eldiario.net\/portal\/#\/schema\/logo\/image\/","url":"https:\/\/www.eldiario.net\/portal\/wp-content\/uploads\/2023\/07\/logo_ED.jpg","contentUrl":"https:\/\/www.eldiario.net\/portal\/wp-content\/uploads\/2023\/07\/logo_ED.jpg","width":272,"height":52,"caption":"El Diario - Decano de la prensa nacional"},"image":{"@id":"https:\/\/www.eldiario.net\/portal\/#\/schema\/logo\/image\/"},"sameAs":["https:\/\/www.facebook.com\/eldiario.bolivia\/","https:\/\/x.com\/eldiario_net"]},{"@type":"Person","@id":"https:\/\/www.eldiario.net\/portal\/#\/schema\/person\/f46445640444750d7d753ccd04ae01b7","name":"Jeanette","image":{"@type":"ImageObject","inLanguage":"es","@id":"https:\/\/secure.gravatar.com\/avatar\/3ea2118a5f7dad2b7138b1187a6b7ee55f160b9968b66013c3a3ef39dd7e5798?s=96&d=mm&r=g","url":"https:\/\/secure.gravatar.com\/avatar\/3ea2118a5f7dad2b7138b1187a6b7ee55f160b9968b66013c3a3ef39dd7e5798?s=96&d=mm&r=g","contentUrl":"https:\/\/secure.gravatar.com\/avatar\/3ea2118a5f7dad2b7138b1187a6b7ee55f160b9968b66013c3a3ef39dd7e5798?s=96&d=mm&r=g","caption":"Jeanette"},"sameAs":["https:\/\/www.eldiario.net\/portal"],"url":"https:\/\/www.eldiario.net\/portal\/author\/jeanette\/"}]}},"_links":{"self":[{"href":"https:\/\/www.eldiario.net\/portal\/wp-json\/wp\/v2\/posts\/207644","targetHints":{"allow":["GET"]}}],"collection":[{"href":"https:\/\/www.eldiario.net\/portal\/wp-json\/wp\/v2\/posts"}],"about":[{"href":"https:\/\/www.eldiario.net\/portal\/wp-json\/wp\/v2\/types\/post"}],"author":[{"embeddable":true,"href":"https:\/\/www.eldiario.net\/portal\/wp-json\/wp\/v2\/users\/1"}],"replies":[{"embeddable":true,"href":"https:\/\/www.eldiario.net\/portal\/wp-json\/wp\/v2\/comments?post=207644"}],"version-history":[{"count":1,"href":"https:\/\/www.eldiario.net\/portal\/wp-json\/wp\/v2\/posts\/207644\/revisions"}],"predecessor-version":[{"id":207645,"href":"https:\/\/www.eldiario.net\/portal\/wp-json\/wp\/v2\/posts\/207644\/revisions\/207645"}],"wp:featuredmedia":[{"embeddable":true,"href":"https:\/\/www.eldiario.net\/portal\/wp-json\/wp\/v2\/media\/161834"}],"wp:attachment":[{"href":"https:\/\/www.eldiario.net\/portal\/wp-json\/wp\/v2\/media?parent=207644"}],"wp:term":[{"taxonomy":"category","embeddable":true,"href":"https:\/\/www.eldiario.net\/portal\/wp-json\/wp\/v2\/categories?post=207644"},{"taxonomy":"post_tag","embeddable":true,"href":"https:\/\/www.eldiario.net\/portal\/wp-json\/wp\/v2\/tags?post=207644"}],"curies":[{"name":"wp","href":"https:\/\/api.w.org\/{rel}","templated":true}]}}