{"id":207640,"date":"2024-03-11T07:07:15","date_gmt":"2024-03-11T11:07:15","guid":{"rendered":"https:\/\/www.eldiario.net\/portal\/?p=207640"},"modified":"2024-03-11T07:07:15","modified_gmt":"2024-03-11T11:07:15","slug":"conflicto-entre-beni-y-santa-cruz-nuevo-ataque-al-pueblo-chiquitano","status":"publish","type":"post","link":"https:\/\/www.eldiario.net\/portal\/2024\/03\/11\/conflicto-entre-beni-y-santa-cruz-nuevo-ataque-al-pueblo-chiquitano\/","title":{"rendered":"Conflicto entre Beni y Santa Cruz,  nuevo ataque al pueblo chiquitano"},"content":{"rendered":"<p>La Chiquitan\u00eda y la Amazon\u00eda son las \u00e1reas con mayor la riqueza, diversidad natural y ecosistema completo de Bolivia; pero tambi\u00e9n es la zona que mayores ataques sufre por los grupos de avasalladores, el narcotr\u00e1fico y ahora las pol\u00edticas del gobierno centralista que pretende generar conflicto entre dos departamentos hermanos, como son Santa Cruz y Beni.<br \/>\nEstos nuevos ataques al pueblo chiquitano, al cual represento como diputada nacional, electa por voto de la circunscripci\u00f3n 54 a la que tambi\u00e9n pertenece la comunidad de Piso Firme, parece ser la punta de lanza para debilitar la resistencia al modelo centralista, autoritario y dictatorial, como es el departamento de Santa Cruz, adem\u00e1s de generar un espacio de pugna territorial con el Beni. Y prueba de aquello son las declaraciones p\u00fablicas de los funcionarios del Ejecutivo y\/o el silencio c\u00f3mplice de los tambi\u00e9n funcionarios de alto rango que son cruce\u00f1os.<br \/>\nConceder a Piso Firme al Beni no es correcto, ni hist\u00f3rica ni moralmente.<br \/>\nLa fundaci\u00f3n de Piso Firme, que data de 1905, se realiz\u00f3 sobre las barracas gomeras cruce\u00f1as del Bajo Paragu\u00e1. Existen restos arqueol\u00f3gicos que evidencian los lugares precisos. La fundaron los cruce\u00f1os Manuel Pe\u00f1a y Pontiano Rojas. La Ley de l\u00edmites de 1914 es la referencia por un principio de Uti possidetis juri, pero a su vez resulta insuficiente, para definir la delimitaci\u00f3n entre ambos departamentos.<br \/>\nPara 2019, las gobernaciones de Santa Cruz y Beni avanzaron en mesas t\u00e9cnicas en las que se debati\u00f3 los alcances de la Ley de 1914 y se concluy\u00f3 de mutuo acuerdo que no deb\u00edan existir conflictos territoriales entre dos departamentos hermanos. Curiosamente, a un par de semanas del Censo Nacional de Poblaci\u00f3n y Vivienda 2024, surge una controversia impulsada por las autoridades benianas con la intervenci\u00f3n del Ejecutivo, sobre una definici\u00f3n territorial.<br \/>\nEsta nueva afrenta al pueblo cruce\u00f1o y al pueblo chiquitano ha obligado a todas las instituciones a desempolvar documentaci\u00f3n hist\u00f3rica, para reafirmar la pertenencia de Piso Firme al departamento de Santa Cruz. Por su lado, el cabildo ind\u00edgena de esa comunidad defini\u00f3 recopilar toda la informaci\u00f3n sobre su relaci\u00f3n con las instancias departamentales y municipales ignacianas, porque en m\u00e1s de cien a\u00f1os, Piso Firme fue y seguir\u00e1 siendo parte de la cruce\u00f1idad.<br \/>\nLa normativa tambi\u00e9n acompa\u00f1a la autodeterminaci\u00f3n de la comunidad ind\u00edgena chiquitana de Piso Firme, adem\u00e1s del Decreto Supremo 26.570 que se refiere a estad\u00edsticas poblacionales, porque de alg\u00fan modo este conflicto ha provocado la mezcla y confusi\u00f3n de los criterios poblaci\u00f3n y territorio.<br \/>\nDentro de las normas territoriales, se encuentra la Ley 339 de Delimitaci\u00f3n de Unidades Territoriales, que abre la posibilidad de resolver estas diferencias mediante el criterio de la voluntad democr\u00e1tica que \u201cse expresa a trav\u00e9s de la democracia directa, participativa, representativa y comunitaria\u201d.<br \/>\nPor todo lo expuesto, es necesario garantizar la participaci\u00f3n y registro censal de los pobladores de Piso Firme como parte de Santa Cruz en el Censo de este 23 de marzo, para evitar cualquier perjuicio o afectaci\u00f3n a su desarrollo. Y el siguiente paso tendr\u00e1 que ser un acuerdo entre las representaciones de ambos departamentos para concluir el pendiente de los l\u00edmites territoriales, en el marco del di\u00e1logo fraterno y con la libre decisi\u00f3n de Beni y Santa Cruz, que al final somos parientes unidos por la historia y la cultura.<\/p>\n<p>Mar\u00eda Ren\u00e9 \u00c1lvarez Camacho es Diputada Nacional.<\/p>\n","protected":false},"excerpt":{"rendered":"<p>La Chiquitan\u00eda y la Amazon\u00eda son las \u00e1reas con mayor la riqueza, diversidad natural y ecosistema completo de Bolivia; pero tambi\u00e9n es la zona que mayores ataques sufre por los grupos de avasalladores, el narcotr\u00e1fico y ahora las pol\u00edticas del gobierno centralista que pretende generar conflicto entre dos departamentos hermanos, como son Santa Cruz y [&hellip;]<\/p>\n","protected":false},"author":1,"featured_media":194790,"comment_status":"open","ping_status":"open","sticky":false,"template":"","format":"standard","meta":{"_acf_changed":false,"footnotes":""},"categories":[9],"tags":[],"class_list":["post-207640","post","type-post","status-publish","format-standard","has-post-thumbnail","category-opinion"],"acf":{"antetitulo":""},"yoast_head":"<!-- This site is optimized with the Yoast SEO plugin v28.4 - https:\/\/yoast.com\/product\/yoast-seo-wordpress\/ -->\n<title>Conflicto entre Beni y Santa Cruz, nuevo ataque al pueblo chiquitano - El Diario - Bolivia<\/title>\n<meta name=\"robots\" content=\"index, follow, max-snippet:-1, max-image-preview:large, max-video-preview:-1\" \/>\n<link rel=\"canonical\" href=\"https:\/\/www.eldiario.net\/portal\/2024\/03\/11\/conflicto-entre-beni-y-santa-cruz-nuevo-ataque-al-pueblo-chiquitano\/\" \/>\n<meta property=\"og:locale\" content=\"es_ES\" \/>\n<meta property=\"og:type\" content=\"article\" \/>\n<meta property=\"og:title\" content=\"Conflicto entre Beni y Santa Cruz, nuevo ataque al pueblo chiquitano - El Diario - Bolivia\" \/>\n<meta property=\"og:description\" content=\"La Chiquitan\u00eda y la Amazon\u00eda son las \u00e1reas con mayor la riqueza, diversidad natural y ecosistema completo de Bolivia; pero tambi\u00e9n es la zona que mayores ataques sufre por los grupos de avasalladores, el narcotr\u00e1fico y ahora las pol\u00edticas del gobierno centralista que pretende generar conflicto entre dos departamentos hermanos, como son Santa Cruz y [&hellip;]\" \/>\n<meta property=\"og:url\" content=\"https:\/\/www.eldiario.net\/portal\/2024\/03\/11\/conflicto-entre-beni-y-santa-cruz-nuevo-ataque-al-pueblo-chiquitano\/\" \/>\n<meta property=\"og:site_name\" content=\"El Diario - Bolivia\" \/>\n<meta property=\"article:publisher\" content=\"https:\/\/www.facebook.com\/eldiario.bolivia\/\" \/>\n<meta property=\"article:published_time\" content=\"2024-03-11T11:07:15+00:00\" \/>\n<meta property=\"og:image\" content=\"https:\/\/www.eldiario.net\/portal\/wp-content\/uploads\/2023\/12\/Opinion.jpg\" \/>\n\t<meta property=\"og:image:width\" content=\"800\" \/>\n\t<meta property=\"og:image:height\" content=\"500\" \/>\n\t<meta property=\"og:image:type\" content=\"image\/jpeg\" \/>\n<meta name=\"author\" content=\"Jeanette\" \/>\n<meta name=\"twitter:card\" content=\"summary_large_image\" \/>\n<meta name=\"twitter:creator\" content=\"@eldiario_net\" \/>\n<meta name=\"twitter:site\" content=\"@eldiario_net\" \/>\n<meta name=\"twitter:label1\" content=\"Escrito por\" \/>\n\t<meta name=\"twitter:data1\" content=\"Jeanette\" \/>\n\t<meta name=\"twitter:label2\" content=\"Tiempo de lectura\" \/>\n\t<meta name=\"twitter:data2\" content=\"3 minutos\" \/>\n<script type=\"application\/ld+json\" class=\"yoast-schema-graph\">{\"@context\":\"https:\\\/\\\/schema.org\",\"@graph\":[{\"@type\":\"Article\",\"@id\":\"https:\\\/\\\/www.eldiario.net\\\/portal\\\/2024\\\/03\\\/11\\\/conflicto-entre-beni-y-santa-cruz-nuevo-ataque-al-pueblo-chiquitano\\\/#article\",\"isPartOf\":{\"@id\":\"https:\\\/\\\/www.eldiario.net\\\/portal\\\/2024\\\/03\\\/11\\\/conflicto-entre-beni-y-santa-cruz-nuevo-ataque-al-pueblo-chiquitano\\\/\"},\"author\":{\"name\":\"Jeanette\",\"@id\":\"https:\\\/\\\/www.eldiario.net\\\/portal\\\/#\\\/schema\\\/person\\\/f46445640444750d7d753ccd04ae01b7\"},\"headline\":\"Conflicto entre Beni y Santa Cruz, nuevo ataque al pueblo chiquitano\",\"datePublished\":\"2024-03-11T11:07:15+00:00\",\"mainEntityOfPage\":{\"@id\":\"https:\\\/\\\/www.eldiario.net\\\/portal\\\/2024\\\/03\\\/11\\\/conflicto-entre-beni-y-santa-cruz-nuevo-ataque-al-pueblo-chiquitano\\\/\"},\"wordCount\":607,\"commentCount\":0,\"publisher\":{\"@id\":\"https:\\\/\\\/www.eldiario.net\\\/portal\\\/#organization\"},\"image\":{\"@id\":\"https:\\\/\\\/www.eldiario.net\\\/portal\\\/2024\\\/03\\\/11\\\/conflicto-entre-beni-y-santa-cruz-nuevo-ataque-al-pueblo-chiquitano\\\/#primaryimage\"},\"thumbnailUrl\":\"https:\\\/\\\/www.eldiario.net\\\/portal\\\/wp-content\\\/uploads\\\/2023\\\/12\\\/Opinion.jpg\",\"articleSection\":[\"Opini\u00f3n\"],\"inLanguage\":\"es\",\"potentialAction\":[{\"@type\":\"CommentAction\",\"name\":\"Comment\",\"target\":[\"https:\\\/\\\/www.eldiario.net\\\/portal\\\/2024\\\/03\\\/11\\\/conflicto-entre-beni-y-santa-cruz-nuevo-ataque-al-pueblo-chiquitano\\\/#respond\"]}]},{\"@type\":\"WebPage\",\"@id\":\"https:\\\/\\\/www.eldiario.net\\\/portal\\\/2024\\\/03\\\/11\\\/conflicto-entre-beni-y-santa-cruz-nuevo-ataque-al-pueblo-chiquitano\\\/\",\"url\":\"https:\\\/\\\/www.eldiario.net\\\/portal\\\/2024\\\/03\\\/11\\\/conflicto-entre-beni-y-santa-cruz-nuevo-ataque-al-pueblo-chiquitano\\\/\",\"name\":\"Conflicto entre Beni y Santa Cruz, nuevo ataque al pueblo chiquitano - El Diario - Bolivia\",\"isPartOf\":{\"@id\":\"https:\\\/\\\/www.eldiario.net\\\/portal\\\/#website\"},\"primaryImageOfPage\":{\"@id\":\"https:\\\/\\\/www.eldiario.net\\\/portal\\\/2024\\\/03\\\/11\\\/conflicto-entre-beni-y-santa-cruz-nuevo-ataque-al-pueblo-chiquitano\\\/#primaryimage\"},\"image\":{\"@id\":\"https:\\\/\\\/www.eldiario.net\\\/portal\\\/2024\\\/03\\\/11\\\/conflicto-entre-beni-y-santa-cruz-nuevo-ataque-al-pueblo-chiquitano\\\/#primaryimage\"},\"thumbnailUrl\":\"https:\\\/\\\/www.eldiario.net\\\/portal\\\/wp-content\\\/uploads\\\/2023\\\/12\\\/Opinion.jpg\",\"datePublished\":\"2024-03-11T11:07:15+00:00\",\"breadcrumb\":{\"@id\":\"https:\\\/\\\/www.eldiario.net\\\/portal\\\/2024\\\/03\\\/11\\\/conflicto-entre-beni-y-santa-cruz-nuevo-ataque-al-pueblo-chiquitano\\\/#breadcrumb\"},\"inLanguage\":\"es\",\"potentialAction\":[{\"@type\":\"ReadAction\",\"target\":[\"https:\\\/\\\/www.eldiario.net\\\/portal\\\/2024\\\/03\\\/11\\\/conflicto-entre-beni-y-santa-cruz-nuevo-ataque-al-pueblo-chiquitano\\\/\"]}]},{\"@type\":\"ImageObject\",\"inLanguage\":\"es\",\"@id\":\"https:\\\/\\\/www.eldiario.net\\\/portal\\\/2024\\\/03\\\/11\\\/conflicto-entre-beni-y-santa-cruz-nuevo-ataque-al-pueblo-chiquitano\\\/#primaryimage\",\"url\":\"https:\\\/\\\/www.eldiario.net\\\/portal\\\/wp-content\\\/uploads\\\/2023\\\/12\\\/Opinion.jpg\",\"contentUrl\":\"https:\\\/\\\/www.eldiario.net\\\/portal\\\/wp-content\\\/uploads\\\/2023\\\/12\\\/Opinion.jpg\",\"width\":800,\"height\":500},{\"@type\":\"BreadcrumbList\",\"@id\":\"https:\\\/\\\/www.eldiario.net\\\/portal\\\/2024\\\/03\\\/11\\\/conflicto-entre-beni-y-santa-cruz-nuevo-ataque-al-pueblo-chiquitano\\\/#breadcrumb\",\"itemListElement\":[{\"@type\":\"ListItem\",\"position\":1,\"name\":\"Portada\",\"item\":\"https:\\\/\\\/www.eldiario.net\\\/portal\\\/\"},{\"@type\":\"ListItem\",\"position\":2,\"name\":\"Conflicto entre Beni y Santa Cruz, nuevo ataque al pueblo chiquitano\"}]},{\"@type\":\"WebSite\",\"@id\":\"https:\\\/\\\/www.eldiario.net\\\/portal\\\/#website\",\"url\":\"https:\\\/\\\/www.eldiario.net\\\/portal\\\/\",\"name\":\"El Diario - Decano de la prensa nacional\",\"description\":\"El Diario - Decano de la prensa nacional\",\"publisher\":{\"@id\":\"https:\\\/\\\/www.eldiario.net\\\/portal\\\/#organization\"},\"potentialAction\":[{\"@type\":\"SearchAction\",\"target\":{\"@type\":\"EntryPoint\",\"urlTemplate\":\"https:\\\/\\\/www.eldiario.net\\\/portal\\\/?s={search_term_string}\"},\"query-input\":{\"@type\":\"PropertyValueSpecification\",\"valueRequired\":true,\"valueName\":\"search_term_string\"}}],\"inLanguage\":\"es\"},{\"@type\":\"Organization\",\"@id\":\"https:\\\/\\\/www.eldiario.net\\\/portal\\\/#organization\",\"name\":\"El Diario - Decano de la prensa nacional\",\"url\":\"https:\\\/\\\/www.eldiario.net\\\/portal\\\/\",\"logo\":{\"@type\":\"ImageObject\",\"inLanguage\":\"es\",\"@id\":\"https:\\\/\\\/www.eldiario.net\\\/portal\\\/#\\\/schema\\\/logo\\\/image\\\/\",\"url\":\"https:\\\/\\\/www.eldiario.net\\\/portal\\\/wp-content\\\/uploads\\\/2023\\\/07\\\/logo_ED.jpg\",\"contentUrl\":\"https:\\\/\\\/www.eldiario.net\\\/portal\\\/wp-content\\\/uploads\\\/2023\\\/07\\\/logo_ED.jpg\",\"width\":272,\"height\":52,\"caption\":\"El Diario - Decano de la prensa nacional\"},\"image\":{\"@id\":\"https:\\\/\\\/www.eldiario.net\\\/portal\\\/#\\\/schema\\\/logo\\\/image\\\/\"},\"sameAs\":[\"https:\\\/\\\/www.facebook.com\\\/eldiario.bolivia\\\/\",\"https:\\\/\\\/x.com\\\/eldiario_net\"]},{\"@type\":\"Person\",\"@id\":\"https:\\\/\\\/www.eldiario.net\\\/portal\\\/#\\\/schema\\\/person\\\/f46445640444750d7d753ccd04ae01b7\",\"name\":\"Jeanette\",\"image\":{\"@type\":\"ImageObject\",\"inLanguage\":\"es\",\"@id\":\"https:\\\/\\\/secure.gravatar.com\\\/avatar\\\/3ea2118a5f7dad2b7138b1187a6b7ee55f160b9968b66013c3a3ef39dd7e5798?s=96&d=mm&r=g\",\"url\":\"https:\\\/\\\/secure.gravatar.com\\\/avatar\\\/3ea2118a5f7dad2b7138b1187a6b7ee55f160b9968b66013c3a3ef39dd7e5798?s=96&d=mm&r=g\",\"contentUrl\":\"https:\\\/\\\/secure.gravatar.com\\\/avatar\\\/3ea2118a5f7dad2b7138b1187a6b7ee55f160b9968b66013c3a3ef39dd7e5798?s=96&d=mm&r=g\",\"caption\":\"Jeanette\"},\"sameAs\":[\"https:\\\/\\\/www.eldiario.net\\\/portal\"],\"url\":\"https:\\\/\\\/www.eldiario.net\\\/portal\\\/author\\\/jeanette\\\/\"}]}<\/script>\n<!-- \/ Yoast SEO plugin. -->","yoast_head_json":{"title":"Conflicto entre Beni y Santa Cruz, nuevo ataque al pueblo chiquitano - El Diario - Bolivia","robots":{"index":"index","follow":"follow","max-snippet":"max-snippet:-1","max-image-preview":"max-image-preview:large","max-video-preview":"max-video-preview:-1"},"canonical":"https:\/\/www.eldiario.net\/portal\/2024\/03\/11\/conflicto-entre-beni-y-santa-cruz-nuevo-ataque-al-pueblo-chiquitano\/","og_locale":"es_ES","og_type":"article","og_title":"Conflicto entre Beni y Santa Cruz, nuevo ataque al pueblo chiquitano - El Diario - Bolivia","og_description":"La Chiquitan\u00eda y la Amazon\u00eda son las \u00e1reas con mayor la riqueza, diversidad natural y ecosistema completo de Bolivia; pero tambi\u00e9n es la zona que mayores ataques sufre por los grupos de avasalladores, el narcotr\u00e1fico y ahora las pol\u00edticas del gobierno centralista que pretende generar conflicto entre dos departamentos hermanos, como son Santa Cruz y [&hellip;]","og_url":"https:\/\/www.eldiario.net\/portal\/2024\/03\/11\/conflicto-entre-beni-y-santa-cruz-nuevo-ataque-al-pueblo-chiquitano\/","og_site_name":"El Diario - Bolivia","article_publisher":"https:\/\/www.facebook.com\/eldiario.bolivia\/","article_published_time":"2024-03-11T11:07:15+00:00","og_image":[{"width":800,"height":500,"url":"https:\/\/www.eldiario.net\/portal\/wp-content\/uploads\/2023\/12\/Opinion.jpg","type":"image\/jpeg"}],"author":"Jeanette","twitter_card":"summary_large_image","twitter_creator":"@eldiario_net","twitter_site":"@eldiario_net","twitter_misc":{"Escrito por":"Jeanette","Tiempo de lectura":"3 minutos"},"schema":{"@context":"https:\/\/schema.org","@graph":[{"@type":"Article","@id":"https:\/\/www.eldiario.net\/portal\/2024\/03\/11\/conflicto-entre-beni-y-santa-cruz-nuevo-ataque-al-pueblo-chiquitano\/#article","isPartOf":{"@id":"https:\/\/www.eldiario.net\/portal\/2024\/03\/11\/conflicto-entre-beni-y-santa-cruz-nuevo-ataque-al-pueblo-chiquitano\/"},"author":{"name":"Jeanette","@id":"https:\/\/www.eldiario.net\/portal\/#\/schema\/person\/f46445640444750d7d753ccd04ae01b7"},"headline":"Conflicto entre Beni y Santa Cruz, nuevo ataque al pueblo chiquitano","datePublished":"2024-03-11T11:07:15+00:00","mainEntityOfPage":{"@id":"https:\/\/www.eldiario.net\/portal\/2024\/03\/11\/conflicto-entre-beni-y-santa-cruz-nuevo-ataque-al-pueblo-chiquitano\/"},"wordCount":607,"commentCount":0,"publisher":{"@id":"https:\/\/www.eldiario.net\/portal\/#organization"},"image":{"@id":"https:\/\/www.eldiario.net\/portal\/2024\/03\/11\/conflicto-entre-beni-y-santa-cruz-nuevo-ataque-al-pueblo-chiquitano\/#primaryimage"},"thumbnailUrl":"https:\/\/www.eldiario.net\/portal\/wp-content\/uploads\/2023\/12\/Opinion.jpg","articleSection":["Opini\u00f3n"],"inLanguage":"es","potentialAction":[{"@type":"CommentAction","name":"Comment","target":["https:\/\/www.eldiario.net\/portal\/2024\/03\/11\/conflicto-entre-beni-y-santa-cruz-nuevo-ataque-al-pueblo-chiquitano\/#respond"]}]},{"@type":"WebPage","@id":"https:\/\/www.eldiario.net\/portal\/2024\/03\/11\/conflicto-entre-beni-y-santa-cruz-nuevo-ataque-al-pueblo-chiquitano\/","url":"https:\/\/www.eldiario.net\/portal\/2024\/03\/11\/conflicto-entre-beni-y-santa-cruz-nuevo-ataque-al-pueblo-chiquitano\/","name":"Conflicto entre Beni y Santa Cruz, nuevo ataque al pueblo chiquitano - El Diario - Bolivia","isPartOf":{"@id":"https:\/\/www.eldiario.net\/portal\/#website"},"primaryImageOfPage":{"@id":"https:\/\/www.eldiario.net\/portal\/2024\/03\/11\/conflicto-entre-beni-y-santa-cruz-nuevo-ataque-al-pueblo-chiquitano\/#primaryimage"},"image":{"@id":"https:\/\/www.eldiario.net\/portal\/2024\/03\/11\/conflicto-entre-beni-y-santa-cruz-nuevo-ataque-al-pueblo-chiquitano\/#primaryimage"},"thumbnailUrl":"https:\/\/www.eldiario.net\/portal\/wp-content\/uploads\/2023\/12\/Opinion.jpg","datePublished":"2024-03-11T11:07:15+00:00","breadcrumb":{"@id":"https:\/\/www.eldiario.net\/portal\/2024\/03\/11\/conflicto-entre-beni-y-santa-cruz-nuevo-ataque-al-pueblo-chiquitano\/#breadcrumb"},"inLanguage":"es","potentialAction":[{"@type":"ReadAction","target":["https:\/\/www.eldiario.net\/portal\/2024\/03\/11\/conflicto-entre-beni-y-santa-cruz-nuevo-ataque-al-pueblo-chiquitano\/"]}]},{"@type":"ImageObject","inLanguage":"es","@id":"https:\/\/www.eldiario.net\/portal\/2024\/03\/11\/conflicto-entre-beni-y-santa-cruz-nuevo-ataque-al-pueblo-chiquitano\/#primaryimage","url":"https:\/\/www.eldiario.net\/portal\/wp-content\/uploads\/2023\/12\/Opinion.jpg","contentUrl":"https:\/\/www.eldiario.net\/portal\/wp-content\/uploads\/2023\/12\/Opinion.jpg","width":800,"height":500},{"@type":"BreadcrumbList","@id":"https:\/\/www.eldiario.net\/portal\/2024\/03\/11\/conflicto-entre-beni-y-santa-cruz-nuevo-ataque-al-pueblo-chiquitano\/#breadcrumb","itemListElement":[{"@type":"ListItem","position":1,"name":"Portada","item":"https:\/\/www.eldiario.net\/portal\/"},{"@type":"ListItem","position":2,"name":"Conflicto entre Beni y Santa Cruz, nuevo ataque al pueblo chiquitano"}]},{"@type":"WebSite","@id":"https:\/\/www.eldiario.net\/portal\/#website","url":"https:\/\/www.eldiario.net\/portal\/","name":"El Diario - Decano de la prensa nacional","description":"El Diario - Decano de la prensa nacional","publisher":{"@id":"https:\/\/www.eldiario.net\/portal\/#organization"},"potentialAction":[{"@type":"SearchAction","target":{"@type":"EntryPoint","urlTemplate":"https:\/\/www.eldiario.net\/portal\/?s={search_term_string}"},"query-input":{"@type":"PropertyValueSpecification","valueRequired":true,"valueName":"search_term_string"}}],"inLanguage":"es"},{"@type":"Organization","@id":"https:\/\/www.eldiario.net\/portal\/#organization","name":"El Diario - Decano de la prensa nacional","url":"https:\/\/www.eldiario.net\/portal\/","logo":{"@type":"ImageObject","inLanguage":"es","@id":"https:\/\/www.eldiario.net\/portal\/#\/schema\/logo\/image\/","url":"https:\/\/www.eldiario.net\/portal\/wp-content\/uploads\/2023\/07\/logo_ED.jpg","contentUrl":"https:\/\/www.eldiario.net\/portal\/wp-content\/uploads\/2023\/07\/logo_ED.jpg","width":272,"height":52,"caption":"El Diario - Decano de la prensa nacional"},"image":{"@id":"https:\/\/www.eldiario.net\/portal\/#\/schema\/logo\/image\/"},"sameAs":["https:\/\/www.facebook.com\/eldiario.bolivia\/","https:\/\/x.com\/eldiario_net"]},{"@type":"Person","@id":"https:\/\/www.eldiario.net\/portal\/#\/schema\/person\/f46445640444750d7d753ccd04ae01b7","name":"Jeanette","image":{"@type":"ImageObject","inLanguage":"es","@id":"https:\/\/secure.gravatar.com\/avatar\/3ea2118a5f7dad2b7138b1187a6b7ee55f160b9968b66013c3a3ef39dd7e5798?s=96&d=mm&r=g","url":"https:\/\/secure.gravatar.com\/avatar\/3ea2118a5f7dad2b7138b1187a6b7ee55f160b9968b66013c3a3ef39dd7e5798?s=96&d=mm&r=g","contentUrl":"https:\/\/secure.gravatar.com\/avatar\/3ea2118a5f7dad2b7138b1187a6b7ee55f160b9968b66013c3a3ef39dd7e5798?s=96&d=mm&r=g","caption":"Jeanette"},"sameAs":["https:\/\/www.eldiario.net\/portal"],"url":"https:\/\/www.eldiario.net\/portal\/author\/jeanette\/"}]}},"_links":{"self":[{"href":"https:\/\/www.eldiario.net\/portal\/wp-json\/wp\/v2\/posts\/207640","targetHints":{"allow":["GET"]}}],"collection":[{"href":"https:\/\/www.eldiario.net\/portal\/wp-json\/wp\/v2\/posts"}],"about":[{"href":"https:\/\/www.eldiario.net\/portal\/wp-json\/wp\/v2\/types\/post"}],"author":[{"embeddable":true,"href":"https:\/\/www.eldiario.net\/portal\/wp-json\/wp\/v2\/users\/1"}],"replies":[{"embeddable":true,"href":"https:\/\/www.eldiario.net\/portal\/wp-json\/wp\/v2\/comments?post=207640"}],"version-history":[{"count":1,"href":"https:\/\/www.eldiario.net\/portal\/wp-json\/wp\/v2\/posts\/207640\/revisions"}],"predecessor-version":[{"id":207641,"href":"https:\/\/www.eldiario.net\/portal\/wp-json\/wp\/v2\/posts\/207640\/revisions\/207641"}],"wp:featuredmedia":[{"embeddable":true,"href":"https:\/\/www.eldiario.net\/portal\/wp-json\/wp\/v2\/media\/194790"}],"wp:attachment":[{"href":"https:\/\/www.eldiario.net\/portal\/wp-json\/wp\/v2\/media?parent=207640"}],"wp:term":[{"taxonomy":"category","embeddable":true,"href":"https:\/\/www.eldiario.net\/portal\/wp-json\/wp\/v2\/categories?post=207640"},{"taxonomy":"post_tag","embeddable":true,"href":"https:\/\/www.eldiario.net\/portal\/wp-json\/wp\/v2\/tags?post=207640"}],"curies":[{"name":"wp","href":"https:\/\/api.w.org\/{rel}","templated":true}]}}