{"id":207635,"date":"2024-03-11T07:05:53","date_gmt":"2024-03-11T11:05:53","guid":{"rendered":"https:\/\/www.eldiario.net\/portal\/?p=207635"},"modified":"2024-03-11T07:05:53","modified_gmt":"2024-03-11T11:05:53","slug":"presionar-con-violencia-es-muestra-de-primitivismo","status":"publish","type":"post","link":"https:\/\/www.eldiario.net\/portal\/2024\/03\/11\/presionar-con-violencia-es-muestra-de-primitivismo\/","title":{"rendered":"Presionar con violencia es muestra de primitivismo"},"content":{"rendered":"<p><em>Por desgracia, en nuestro pa\u00eds la pol\u00edtica se la est\u00e1 entendiendo como un concurso de brutalidades y no de conceptos asentados en ideolog\u00edas producidas por seres humanos pensantes. Sin embargo, por su origen y naturaleza las conductas de los pol\u00edticos deber\u00edan estar revestidas de dignidad y tolerancia, como resultado del pluralismo de las ideas. Ciertamente, en tiempos remotos prevalec\u00eda la violencia para imponer una supuesta autoridad o supremac\u00eda, sustentada en el uso de la fuerza f\u00edsica. Pero esto no deber\u00eda seguir aconteciendo ahora, en el Siglo XXI, cuando germinan en el mundo nuevas ideas en m\u00faltiples materias y se tiende a mejorar la civilizaci\u00f3n actual.<\/em><br \/>\n<em>Precisamente, por tratarse de cultura, las diferencias en las ideas y las acciones tienen que ser admitidas y respetadas, en todos los niveles del accionar y relegar las pugnas que surgen a veces hasta por capricho de algunos desubicados. Como seres humanos normales, asimilemos principios y valores, honremos la vida entre personas con pensamiento diverso. Por ello, en democracia es repudiable que se recurra a la violencia, en particular, contra los pol\u00edticos considerados rivales, lleg\u00e1ndose al extremo de insultarse o agredirse con sa\u00f1a, inclusive entre mujeres.<\/em><br \/>\n<em>Nos referimos a recientes peleas violentas entre diputados arcistas, evistas y de oposici\u00f3n, que despu\u00e9s de mucho tiempo siguen enfrascados en sus posiciones, una a favor de aprobar cr\u00e9ditos externos primero y otra que quiere que se d\u00e9 preferencia a tratar el caso de los magistrados auto prorrogados. En medio, se suspende sesiones, se procede a votaciones en las que diputados supuestamente de oposici\u00f3n act\u00faan a favor del oficialismo, etc., sin que se avance pensando en el beneficio, primordialmente, del resto de la poblaci\u00f3n.<\/em><br \/>\n<em>Indudablemente, as\u00ed se comprueba, una vez m\u00e1s, que la composici\u00f3n de la actual Asamblea Legislativa deja mucho que desear, porque en la mayor\u00eda de sus integrantes prevalecen los intereses partidarios o personales. Por eso muchos temas que verdaderamente importan a la ciudadan\u00eda no son analizados, como la reducci\u00f3n de las reservas internacionales, el d\u00e9ficit porque importamos m\u00e1s de lo que exportamos, la falta de d\u00f3lares, el desempleo, la jubilaci\u00f3n forzada, el aumento de la informalidad, entre otros.<\/em><br \/>\n<em>Pero, claro, muchos de los asamble\u00edstas propensos a la violencia, particularmente los que son de las fracciones masistas, han llegado a sus curules por sus acciones a favor de su partido, formados por un sindicalismo autoritario, sin tener suficiente preparaci\u00f3n acad\u00e9mica para legislar y representar a millones de bolivianos.<\/em><br \/>\n<em>Lo peor es que a ese mal ejemplo parlamentario se a\u00f1aden las constantes amenazas de bloqueos de caminos y otras medidas de presi\u00f3n violentas por parte de las llamadas \u201corganizaciones sociales\u201d, que arguyen defender el ordenamiento legal, pero en realidad solo les interesa que sean atendidas sus demandas a favor de sus caudillos, para seguir gobernando por mucho tiempo.<\/em><br \/>\n<em>Tal es el deprimente panorama pol\u00edtico que agobia a quienes solo quieren trabajar para sustentar a sus familias, en espera de mejores d\u00edas.<\/em><\/p>\n","protected":false},"excerpt":{"rendered":"<p>Por desgracia, en nuestro pa\u00eds la pol\u00edtica se la est\u00e1 entendiendo como un concurso de brutalidades y no de conceptos asentados en ideolog\u00edas producidas por seres humanos pensantes. Sin embargo, por su origen y naturaleza las conductas de los pol\u00edticos deber\u00edan estar revestidas de dignidad y tolerancia, como resultado del pluralismo de las ideas. Ciertamente, [&hellip;]<\/p>\n","protected":false},"author":1,"featured_media":194776,"comment_status":"open","ping_status":"open","sticky":false,"template":"","format":"standard","meta":{"_acf_changed":false,"footnotes":""},"categories":[4],"tags":[],"class_list":["post-207635","post","type-post","status-publish","format-standard","has-post-thumbnail","category-editorial"],"acf":{"antetitulo":""},"yoast_head":"<!-- This site is optimized with the Yoast SEO plugin v28.4 - https:\/\/yoast.com\/product\/yoast-seo-wordpress\/ -->\n<title>Presionar con violencia es muestra de primitivismo - El Diario - Bolivia<\/title>\n<meta name=\"robots\" content=\"index, follow, max-snippet:-1, max-image-preview:large, max-video-preview:-1\" \/>\n<link rel=\"canonical\" href=\"https:\/\/www.eldiario.net\/portal\/2024\/03\/11\/presionar-con-violencia-es-muestra-de-primitivismo\/\" \/>\n<meta property=\"og:locale\" content=\"es_ES\" \/>\n<meta property=\"og:type\" content=\"article\" \/>\n<meta property=\"og:title\" content=\"Presionar con violencia es muestra de primitivismo - El Diario - Bolivia\" \/>\n<meta property=\"og:description\" content=\"Por desgracia, en nuestro pa\u00eds la pol\u00edtica se la est\u00e1 entendiendo como un concurso de brutalidades y no de conceptos asentados en ideolog\u00edas producidas por seres humanos pensantes. Sin embargo, por su origen y naturaleza las conductas de los pol\u00edticos deber\u00edan estar revestidas de dignidad y tolerancia, como resultado del pluralismo de las ideas. Ciertamente, [&hellip;]\" \/>\n<meta property=\"og:url\" content=\"https:\/\/www.eldiario.net\/portal\/2024\/03\/11\/presionar-con-violencia-es-muestra-de-primitivismo\/\" \/>\n<meta property=\"og:site_name\" content=\"El Diario - Bolivia\" \/>\n<meta property=\"article:publisher\" content=\"https:\/\/www.facebook.com\/eldiario.bolivia\/\" \/>\n<meta property=\"article:published_time\" content=\"2024-03-11T11:05:53+00:00\" \/>\n<meta property=\"og:image\" content=\"https:\/\/www.eldiario.net\/portal\/wp-content\/uploads\/2023\/12\/Editorial.jpg\" \/>\n\t<meta property=\"og:image:width\" content=\"800\" \/>\n\t<meta property=\"og:image:height\" content=\"500\" \/>\n\t<meta property=\"og:image:type\" content=\"image\/jpeg\" \/>\n<meta name=\"author\" content=\"Jeanette\" \/>\n<meta name=\"twitter:card\" content=\"summary_large_image\" \/>\n<meta name=\"twitter:creator\" content=\"@eldiario_net\" \/>\n<meta name=\"twitter:site\" content=\"@eldiario_net\" \/>\n<meta name=\"twitter:label1\" content=\"Escrito por\" \/>\n\t<meta name=\"twitter:data1\" content=\"Jeanette\" \/>\n\t<meta name=\"twitter:label2\" content=\"Tiempo de lectura\" \/>\n\t<meta name=\"twitter:data2\" content=\"3 minutos\" \/>\n<script type=\"application\/ld+json\" class=\"yoast-schema-graph\">{\"@context\":\"https:\\\/\\\/schema.org\",\"@graph\":[{\"@type\":\"Article\",\"@id\":\"https:\\\/\\\/www.eldiario.net\\\/portal\\\/2024\\\/03\\\/11\\\/presionar-con-violencia-es-muestra-de-primitivismo\\\/#article\",\"isPartOf\":{\"@id\":\"https:\\\/\\\/www.eldiario.net\\\/portal\\\/2024\\\/03\\\/11\\\/presionar-con-violencia-es-muestra-de-primitivismo\\\/\"},\"author\":{\"name\":\"Jeanette\",\"@id\":\"https:\\\/\\\/www.eldiario.net\\\/portal\\\/#\\\/schema\\\/person\\\/f46445640444750d7d753ccd04ae01b7\"},\"headline\":\"Presionar con violencia es muestra de primitivismo\",\"datePublished\":\"2024-03-11T11:05:53+00:00\",\"mainEntityOfPage\":{\"@id\":\"https:\\\/\\\/www.eldiario.net\\\/portal\\\/2024\\\/03\\\/11\\\/presionar-con-violencia-es-muestra-de-primitivismo\\\/\"},\"wordCount\":526,\"commentCount\":0,\"publisher\":{\"@id\":\"https:\\\/\\\/www.eldiario.net\\\/portal\\\/#organization\"},\"image\":{\"@id\":\"https:\\\/\\\/www.eldiario.net\\\/portal\\\/2024\\\/03\\\/11\\\/presionar-con-violencia-es-muestra-de-primitivismo\\\/#primaryimage\"},\"thumbnailUrl\":\"https:\\\/\\\/www.eldiario.net\\\/portal\\\/wp-content\\\/uploads\\\/2023\\\/12\\\/Editorial.jpg\",\"articleSection\":[\"Editorial\"],\"inLanguage\":\"es\",\"potentialAction\":[{\"@type\":\"CommentAction\",\"name\":\"Comment\",\"target\":[\"https:\\\/\\\/www.eldiario.net\\\/portal\\\/2024\\\/03\\\/11\\\/presionar-con-violencia-es-muestra-de-primitivismo\\\/#respond\"]}]},{\"@type\":\"WebPage\",\"@id\":\"https:\\\/\\\/www.eldiario.net\\\/portal\\\/2024\\\/03\\\/11\\\/presionar-con-violencia-es-muestra-de-primitivismo\\\/\",\"url\":\"https:\\\/\\\/www.eldiario.net\\\/portal\\\/2024\\\/03\\\/11\\\/presionar-con-violencia-es-muestra-de-primitivismo\\\/\",\"name\":\"Presionar con violencia es muestra de primitivismo - El Diario - Bolivia\",\"isPartOf\":{\"@id\":\"https:\\\/\\\/www.eldiario.net\\\/portal\\\/#website\"},\"primaryImageOfPage\":{\"@id\":\"https:\\\/\\\/www.eldiario.net\\\/portal\\\/2024\\\/03\\\/11\\\/presionar-con-violencia-es-muestra-de-primitivismo\\\/#primaryimage\"},\"image\":{\"@id\":\"https:\\\/\\\/www.eldiario.net\\\/portal\\\/2024\\\/03\\\/11\\\/presionar-con-violencia-es-muestra-de-primitivismo\\\/#primaryimage\"},\"thumbnailUrl\":\"https:\\\/\\\/www.eldiario.net\\\/portal\\\/wp-content\\\/uploads\\\/2023\\\/12\\\/Editorial.jpg\",\"datePublished\":\"2024-03-11T11:05:53+00:00\",\"breadcrumb\":{\"@id\":\"https:\\\/\\\/www.eldiario.net\\\/portal\\\/2024\\\/03\\\/11\\\/presionar-con-violencia-es-muestra-de-primitivismo\\\/#breadcrumb\"},\"inLanguage\":\"es\",\"potentialAction\":[{\"@type\":\"ReadAction\",\"target\":[\"https:\\\/\\\/www.eldiario.net\\\/portal\\\/2024\\\/03\\\/11\\\/presionar-con-violencia-es-muestra-de-primitivismo\\\/\"]}]},{\"@type\":\"ImageObject\",\"inLanguage\":\"es\",\"@id\":\"https:\\\/\\\/www.eldiario.net\\\/portal\\\/2024\\\/03\\\/11\\\/presionar-con-violencia-es-muestra-de-primitivismo\\\/#primaryimage\",\"url\":\"https:\\\/\\\/www.eldiario.net\\\/portal\\\/wp-content\\\/uploads\\\/2023\\\/12\\\/Editorial.jpg\",\"contentUrl\":\"https:\\\/\\\/www.eldiario.net\\\/portal\\\/wp-content\\\/uploads\\\/2023\\\/12\\\/Editorial.jpg\",\"width\":800,\"height\":500},{\"@type\":\"BreadcrumbList\",\"@id\":\"https:\\\/\\\/www.eldiario.net\\\/portal\\\/2024\\\/03\\\/11\\\/presionar-con-violencia-es-muestra-de-primitivismo\\\/#breadcrumb\",\"itemListElement\":[{\"@type\":\"ListItem\",\"position\":1,\"name\":\"Portada\",\"item\":\"https:\\\/\\\/www.eldiario.net\\\/portal\\\/\"},{\"@type\":\"ListItem\",\"position\":2,\"name\":\"Presionar con violencia es muestra de primitivismo\"}]},{\"@type\":\"WebSite\",\"@id\":\"https:\\\/\\\/www.eldiario.net\\\/portal\\\/#website\",\"url\":\"https:\\\/\\\/www.eldiario.net\\\/portal\\\/\",\"name\":\"El Diario - Decano de la prensa nacional\",\"description\":\"El Diario - Decano de la prensa nacional\",\"publisher\":{\"@id\":\"https:\\\/\\\/www.eldiario.net\\\/portal\\\/#organization\"},\"potentialAction\":[{\"@type\":\"SearchAction\",\"target\":{\"@type\":\"EntryPoint\",\"urlTemplate\":\"https:\\\/\\\/www.eldiario.net\\\/portal\\\/?s={search_term_string}\"},\"query-input\":{\"@type\":\"PropertyValueSpecification\",\"valueRequired\":true,\"valueName\":\"search_term_string\"}}],\"inLanguage\":\"es\"},{\"@type\":\"Organization\",\"@id\":\"https:\\\/\\\/www.eldiario.net\\\/portal\\\/#organization\",\"name\":\"El Diario - Decano de la prensa nacional\",\"url\":\"https:\\\/\\\/www.eldiario.net\\\/portal\\\/\",\"logo\":{\"@type\":\"ImageObject\",\"inLanguage\":\"es\",\"@id\":\"https:\\\/\\\/www.eldiario.net\\\/portal\\\/#\\\/schema\\\/logo\\\/image\\\/\",\"url\":\"https:\\\/\\\/www.eldiario.net\\\/portal\\\/wp-content\\\/uploads\\\/2023\\\/07\\\/logo_ED.jpg\",\"contentUrl\":\"https:\\\/\\\/www.eldiario.net\\\/portal\\\/wp-content\\\/uploads\\\/2023\\\/07\\\/logo_ED.jpg\",\"width\":272,\"height\":52,\"caption\":\"El Diario - Decano de la prensa nacional\"},\"image\":{\"@id\":\"https:\\\/\\\/www.eldiario.net\\\/portal\\\/#\\\/schema\\\/logo\\\/image\\\/\"},\"sameAs\":[\"https:\\\/\\\/www.facebook.com\\\/eldiario.bolivia\\\/\",\"https:\\\/\\\/x.com\\\/eldiario_net\"]},{\"@type\":\"Person\",\"@id\":\"https:\\\/\\\/www.eldiario.net\\\/portal\\\/#\\\/schema\\\/person\\\/f46445640444750d7d753ccd04ae01b7\",\"name\":\"Jeanette\",\"image\":{\"@type\":\"ImageObject\",\"inLanguage\":\"es\",\"@id\":\"https:\\\/\\\/secure.gravatar.com\\\/avatar\\\/3ea2118a5f7dad2b7138b1187a6b7ee55f160b9968b66013c3a3ef39dd7e5798?s=96&d=mm&r=g\",\"url\":\"https:\\\/\\\/secure.gravatar.com\\\/avatar\\\/3ea2118a5f7dad2b7138b1187a6b7ee55f160b9968b66013c3a3ef39dd7e5798?s=96&d=mm&r=g\",\"contentUrl\":\"https:\\\/\\\/secure.gravatar.com\\\/avatar\\\/3ea2118a5f7dad2b7138b1187a6b7ee55f160b9968b66013c3a3ef39dd7e5798?s=96&d=mm&r=g\",\"caption\":\"Jeanette\"},\"sameAs\":[\"https:\\\/\\\/www.eldiario.net\\\/portal\"],\"url\":\"https:\\\/\\\/www.eldiario.net\\\/portal\\\/author\\\/jeanette\\\/\"}]}<\/script>\n<!-- \/ Yoast SEO plugin. -->","yoast_head_json":{"title":"Presionar con violencia es muestra de primitivismo - El Diario - Bolivia","robots":{"index":"index","follow":"follow","max-snippet":"max-snippet:-1","max-image-preview":"max-image-preview:large","max-video-preview":"max-video-preview:-1"},"canonical":"https:\/\/www.eldiario.net\/portal\/2024\/03\/11\/presionar-con-violencia-es-muestra-de-primitivismo\/","og_locale":"es_ES","og_type":"article","og_title":"Presionar con violencia es muestra de primitivismo - El Diario - Bolivia","og_description":"Por desgracia, en nuestro pa\u00eds la pol\u00edtica se la est\u00e1 entendiendo como un concurso de brutalidades y no de conceptos asentados en ideolog\u00edas producidas por seres humanos pensantes. Sin embargo, por su origen y naturaleza las conductas de los pol\u00edticos deber\u00edan estar revestidas de dignidad y tolerancia, como resultado del pluralismo de las ideas. Ciertamente, [&hellip;]","og_url":"https:\/\/www.eldiario.net\/portal\/2024\/03\/11\/presionar-con-violencia-es-muestra-de-primitivismo\/","og_site_name":"El Diario - Bolivia","article_publisher":"https:\/\/www.facebook.com\/eldiario.bolivia\/","article_published_time":"2024-03-11T11:05:53+00:00","og_image":[{"width":800,"height":500,"url":"https:\/\/www.eldiario.net\/portal\/wp-content\/uploads\/2023\/12\/Editorial.jpg","type":"image\/jpeg"}],"author":"Jeanette","twitter_card":"summary_large_image","twitter_creator":"@eldiario_net","twitter_site":"@eldiario_net","twitter_misc":{"Escrito por":"Jeanette","Tiempo de lectura":"3 minutos"},"schema":{"@context":"https:\/\/schema.org","@graph":[{"@type":"Article","@id":"https:\/\/www.eldiario.net\/portal\/2024\/03\/11\/presionar-con-violencia-es-muestra-de-primitivismo\/#article","isPartOf":{"@id":"https:\/\/www.eldiario.net\/portal\/2024\/03\/11\/presionar-con-violencia-es-muestra-de-primitivismo\/"},"author":{"name":"Jeanette","@id":"https:\/\/www.eldiario.net\/portal\/#\/schema\/person\/f46445640444750d7d753ccd04ae01b7"},"headline":"Presionar con violencia es muestra de primitivismo","datePublished":"2024-03-11T11:05:53+00:00","mainEntityOfPage":{"@id":"https:\/\/www.eldiario.net\/portal\/2024\/03\/11\/presionar-con-violencia-es-muestra-de-primitivismo\/"},"wordCount":526,"commentCount":0,"publisher":{"@id":"https:\/\/www.eldiario.net\/portal\/#organization"},"image":{"@id":"https:\/\/www.eldiario.net\/portal\/2024\/03\/11\/presionar-con-violencia-es-muestra-de-primitivismo\/#primaryimage"},"thumbnailUrl":"https:\/\/www.eldiario.net\/portal\/wp-content\/uploads\/2023\/12\/Editorial.jpg","articleSection":["Editorial"],"inLanguage":"es","potentialAction":[{"@type":"CommentAction","name":"Comment","target":["https:\/\/www.eldiario.net\/portal\/2024\/03\/11\/presionar-con-violencia-es-muestra-de-primitivismo\/#respond"]}]},{"@type":"WebPage","@id":"https:\/\/www.eldiario.net\/portal\/2024\/03\/11\/presionar-con-violencia-es-muestra-de-primitivismo\/","url":"https:\/\/www.eldiario.net\/portal\/2024\/03\/11\/presionar-con-violencia-es-muestra-de-primitivismo\/","name":"Presionar con violencia es muestra de primitivismo - El Diario - Bolivia","isPartOf":{"@id":"https:\/\/www.eldiario.net\/portal\/#website"},"primaryImageOfPage":{"@id":"https:\/\/www.eldiario.net\/portal\/2024\/03\/11\/presionar-con-violencia-es-muestra-de-primitivismo\/#primaryimage"},"image":{"@id":"https:\/\/www.eldiario.net\/portal\/2024\/03\/11\/presionar-con-violencia-es-muestra-de-primitivismo\/#primaryimage"},"thumbnailUrl":"https:\/\/www.eldiario.net\/portal\/wp-content\/uploads\/2023\/12\/Editorial.jpg","datePublished":"2024-03-11T11:05:53+00:00","breadcrumb":{"@id":"https:\/\/www.eldiario.net\/portal\/2024\/03\/11\/presionar-con-violencia-es-muestra-de-primitivismo\/#breadcrumb"},"inLanguage":"es","potentialAction":[{"@type":"ReadAction","target":["https:\/\/www.eldiario.net\/portal\/2024\/03\/11\/presionar-con-violencia-es-muestra-de-primitivismo\/"]}]},{"@type":"ImageObject","inLanguage":"es","@id":"https:\/\/www.eldiario.net\/portal\/2024\/03\/11\/presionar-con-violencia-es-muestra-de-primitivismo\/#primaryimage","url":"https:\/\/www.eldiario.net\/portal\/wp-content\/uploads\/2023\/12\/Editorial.jpg","contentUrl":"https:\/\/www.eldiario.net\/portal\/wp-content\/uploads\/2023\/12\/Editorial.jpg","width":800,"height":500},{"@type":"BreadcrumbList","@id":"https:\/\/www.eldiario.net\/portal\/2024\/03\/11\/presionar-con-violencia-es-muestra-de-primitivismo\/#breadcrumb","itemListElement":[{"@type":"ListItem","position":1,"name":"Portada","item":"https:\/\/www.eldiario.net\/portal\/"},{"@type":"ListItem","position":2,"name":"Presionar con violencia es muestra de primitivismo"}]},{"@type":"WebSite","@id":"https:\/\/www.eldiario.net\/portal\/#website","url":"https:\/\/www.eldiario.net\/portal\/","name":"El Diario - Decano de la prensa nacional","description":"El Diario - Decano de la prensa nacional","publisher":{"@id":"https:\/\/www.eldiario.net\/portal\/#organization"},"potentialAction":[{"@type":"SearchAction","target":{"@type":"EntryPoint","urlTemplate":"https:\/\/www.eldiario.net\/portal\/?s={search_term_string}"},"query-input":{"@type":"PropertyValueSpecification","valueRequired":true,"valueName":"search_term_string"}}],"inLanguage":"es"},{"@type":"Organization","@id":"https:\/\/www.eldiario.net\/portal\/#organization","name":"El Diario - Decano de la prensa nacional","url":"https:\/\/www.eldiario.net\/portal\/","logo":{"@type":"ImageObject","inLanguage":"es","@id":"https:\/\/www.eldiario.net\/portal\/#\/schema\/logo\/image\/","url":"https:\/\/www.eldiario.net\/portal\/wp-content\/uploads\/2023\/07\/logo_ED.jpg","contentUrl":"https:\/\/www.eldiario.net\/portal\/wp-content\/uploads\/2023\/07\/logo_ED.jpg","width":272,"height":52,"caption":"El Diario - Decano de la prensa nacional"},"image":{"@id":"https:\/\/www.eldiario.net\/portal\/#\/schema\/logo\/image\/"},"sameAs":["https:\/\/www.facebook.com\/eldiario.bolivia\/","https:\/\/x.com\/eldiario_net"]},{"@type":"Person","@id":"https:\/\/www.eldiario.net\/portal\/#\/schema\/person\/f46445640444750d7d753ccd04ae01b7","name":"Jeanette","image":{"@type":"ImageObject","inLanguage":"es","@id":"https:\/\/secure.gravatar.com\/avatar\/3ea2118a5f7dad2b7138b1187a6b7ee55f160b9968b66013c3a3ef39dd7e5798?s=96&d=mm&r=g","url":"https:\/\/secure.gravatar.com\/avatar\/3ea2118a5f7dad2b7138b1187a6b7ee55f160b9968b66013c3a3ef39dd7e5798?s=96&d=mm&r=g","contentUrl":"https:\/\/secure.gravatar.com\/avatar\/3ea2118a5f7dad2b7138b1187a6b7ee55f160b9968b66013c3a3ef39dd7e5798?s=96&d=mm&r=g","caption":"Jeanette"},"sameAs":["https:\/\/www.eldiario.net\/portal"],"url":"https:\/\/www.eldiario.net\/portal\/author\/jeanette\/"}]}},"_links":{"self":[{"href":"https:\/\/www.eldiario.net\/portal\/wp-json\/wp\/v2\/posts\/207635","targetHints":{"allow":["GET"]}}],"collection":[{"href":"https:\/\/www.eldiario.net\/portal\/wp-json\/wp\/v2\/posts"}],"about":[{"href":"https:\/\/www.eldiario.net\/portal\/wp-json\/wp\/v2\/types\/post"}],"author":[{"embeddable":true,"href":"https:\/\/www.eldiario.net\/portal\/wp-json\/wp\/v2\/users\/1"}],"replies":[{"embeddable":true,"href":"https:\/\/www.eldiario.net\/portal\/wp-json\/wp\/v2\/comments?post=207635"}],"version-history":[{"count":1,"href":"https:\/\/www.eldiario.net\/portal\/wp-json\/wp\/v2\/posts\/207635\/revisions"}],"predecessor-version":[{"id":207636,"href":"https:\/\/www.eldiario.net\/portal\/wp-json\/wp\/v2\/posts\/207635\/revisions\/207636"}],"wp:featuredmedia":[{"embeddable":true,"href":"https:\/\/www.eldiario.net\/portal\/wp-json\/wp\/v2\/media\/194776"}],"wp:attachment":[{"href":"https:\/\/www.eldiario.net\/portal\/wp-json\/wp\/v2\/media?parent=207635"}],"wp:term":[{"taxonomy":"category","embeddable":true,"href":"https:\/\/www.eldiario.net\/portal\/wp-json\/wp\/v2\/categories?post=207635"},{"taxonomy":"post_tag","embeddable":true,"href":"https:\/\/www.eldiario.net\/portal\/wp-json\/wp\/v2\/tags?post=207635"}],"curies":[{"name":"wp","href":"https:\/\/api.w.org\/{rel}","templated":true}]}}