{"id":207632,"date":"2024-03-11T07:04:58","date_gmt":"2024-03-11T11:04:58","guid":{"rendered":"https:\/\/www.eldiario.net\/portal\/?p=207632"},"modified":"2024-03-11T07:04:58","modified_gmt":"2024-03-11T11:04:58","slug":"kung-fu-panda-4-el-guerrero-dragon-esta-de-vuelta-en-la-pantalla-grande","status":"publish","type":"post","link":"https:\/\/www.eldiario.net\/portal\/2024\/03\/11\/kung-fu-panda-4-el-guerrero-dragon-esta-de-vuelta-en-la-pantalla-grande\/","title":{"rendered":"\u201cKung Fu Panda 4\u201d, el Guerrero Drag\u00f3n est\u00e1 de vuelta en la pantalla grande"},"content":{"rendered":"<p>Por primera vez en casi una d\u00e9cada, el \u00edcono de la comedia Black Jack est\u00e1 de vuelta interpretando su papel de Po, el maestro de kung fu m\u00e1s ins\u00f3lito del mundo, en un nuevo cap\u00edtulo divertido de la querida franquicia de acci\u00f3n y comedia de DreamWorks Animation, \u201cKung Fu Panda 4\u201d.<br \/>\nDespu\u00e9s de tres aventuras desafiando a la muerte y derrotando a villanos de talla mundial con su incomparable coraje y sus locas habilidades en las artes marciales, Po, el Guerrero Drag\u00f3n, es llamado por el destino para que se convierta en el L\u00edder Espiritual del Valle de la Paz.<br \/>\nEso trae consigo una serie de situaciones obvias. Primero, Po sabe tanto sobre liderazgo espiritual como sobre la dieta paleo y, en segundo lugar, necesita encontrar y entrenar r\u00e1pidamente a un nuevo Guerrero Drag\u00f3n antes de que pueda asumir su nuevo y elevado cargo.<br \/>\nPara colmo, recientemente se ha visto a una malvada y poderosa hechicera, La Camaleona (voz en ingl\u00e9s de la actriz ganadora del \u00d3scar\u00ae Viola Davis), una peque\u00f1a lagartija que puede transformarse en cualquier criatura, sin importar el tama\u00f1o.<br \/>\nAs\u00ed que Po va a necesitar ayuda. La encuentra (de cierta manera) en la astuta e ingeniosa ladrona Zhen (voz en ingl\u00e9s de la ganadora del Globo de Oro Awkwafina), una zorra Corsac que en realidad le genera molestia a Po, pero cuyas habilidades resultar\u00e1n invaluables. En su b\u00fasqueda de proteger el Valle de la Paz de las garras reptilianas de La Camaleona, este singular d\u00fao c\u00f3mico tendr\u00e1 que trabajar en equipo. En el proceso, Po descubrir\u00e1 que los h\u00e9roes pueden encontrarse en los lugares m\u00e1s inesperados.<br \/>\nLa pel\u00edcula trae de regreso a un elenco estelar de voces en ingl\u00e9s que incluye al ganador del Premio de la Academia\u00ae Dustin Hoffman como el maestro de kungf\u00fa Shifu; James Hong es el se\u00f1or Ping, el padre adoptivo de Po; el actor nominado al Premio de la Academia\u00ae Bryan Cranston es Li, el padre biol\u00f3gico de Po. El actor ganador del \u00d3scar\u00ae Ke Huy Quan se une al elenco interpretando la voz en ingl\u00e9s de un nuevo personaje, Han, el l\u00edder de la Guarida de ladrones.<br \/>\nDe igual manera, las principales voces en espa\u00f1ol recaen en el humorista, actor, cantante y radialista, Omar Chaparro, que por cuarta ocasi\u00f3n interpretar\u00e1 a Po. A \u00e9l se unen Octavio Rojas, quien dar\u00e1 voz al maestro Shifu; Blas Garc\u00eda, ser\u00e1 Tai Long e Ismael Castro, le prestar\u00e1 su voz a El se\u00f1or Ping.<br \/>\n\u201cEn 2008, la primera entrega de Kung Fu Panda, que fue nominada al Premio de la Academia\u00ae, se convirti\u00f3 en la pel\u00edcula animada original m\u00e1s taquillera de DreamWorks Animation y lanz\u00f3 una franquicia que ha recaudado cerca de 2.000 millones de d\u00f3lares en la taquilla mundial\u201d, menciona Sandra Cortez, gerente de Marketing de Andes Films, a\u00f1adiendo que los cin\u00e9filos y amantes de la saga, deben prepararse para vivir 94 minutos llenos de diversi\u00f3n, acci\u00f3n y artes marciales, gracias a Universal Pictures y Andes Films Bolivia, en todos los cines del pa\u00eds.<br \/>\nPIE FOTO<br \/>\n.<\/p>\n","protected":false},"excerpt":{"rendered":"<p>Por primera vez en casi una d\u00e9cada, el \u00edcono de la comedia Black Jack est\u00e1 de vuelta interpretando su papel de Po, el maestro de kung fu m\u00e1s ins\u00f3lito del mundo, en un nuevo cap\u00edtulo divertido de la querida franquicia de acci\u00f3n y comedia de DreamWorks Animation, \u201cKung Fu Panda 4\u201d. Despu\u00e9s de tres aventuras [&hellip;]<\/p>\n","protected":false},"author":1,"featured_media":207633,"comment_status":"open","ping_status":"open","sticky":false,"template":"","format":"standard","meta":{"_acf_changed":false,"footnotes":""},"categories":[8],"tags":[],"class_list":["post-207632","post","type-post","status-publish","format-standard","has-post-thumbnail","category-cultural"],"acf":{"antetitulo":"Cine"},"yoast_head":"<!-- This site is optimized with the Yoast SEO plugin v28.4 - https:\/\/yoast.com\/product\/yoast-seo-wordpress\/ -->\n<title>\u201cKung Fu Panda 4\u201d, el Guerrero Drag\u00f3n est\u00e1 de vuelta en la pantalla grande - El Diario - Bolivia<\/title>\n<meta name=\"robots\" content=\"index, follow, max-snippet:-1, max-image-preview:large, max-video-preview:-1\" \/>\n<link rel=\"canonical\" href=\"https:\/\/www.eldiario.net\/portal\/2024\/03\/11\/kung-fu-panda-4-el-guerrero-dragon-esta-de-vuelta-en-la-pantalla-grande\/\" \/>\n<meta property=\"og:locale\" content=\"es_ES\" \/>\n<meta property=\"og:type\" content=\"article\" \/>\n<meta property=\"og:title\" content=\"\u201cKung Fu Panda 4\u201d, el Guerrero Drag\u00f3n est\u00e1 de vuelta en la pantalla grande - El Diario - Bolivia\" \/>\n<meta property=\"og:description\" content=\"Por primera vez en casi una d\u00e9cada, el \u00edcono de la comedia Black Jack est\u00e1 de vuelta interpretando su papel de Po, el maestro de kung fu m\u00e1s ins\u00f3lito del mundo, en un nuevo cap\u00edtulo divertido de la querida franquicia de acci\u00f3n y comedia de DreamWorks Animation, \u201cKung Fu Panda 4\u201d. Despu\u00e9s de tres aventuras [&hellip;]\" \/>\n<meta property=\"og:url\" content=\"https:\/\/www.eldiario.net\/portal\/2024\/03\/11\/kung-fu-panda-4-el-guerrero-dragon-esta-de-vuelta-en-la-pantalla-grande\/\" \/>\n<meta property=\"og:site_name\" content=\"El Diario - Bolivia\" \/>\n<meta property=\"article:publisher\" content=\"https:\/\/www.facebook.com\/eldiario.bolivia\/\" \/>\n<meta property=\"article:published_time\" content=\"2024-03-11T11:04:58+00:00\" \/>\n<meta property=\"og:image\" content=\"https:\/\/www.eldiario.net\/portal\/wp-content\/uploads\/2024\/03\/PANDA.jpeg\" \/>\n\t<meta property=\"og:image:width\" content=\"1800\" \/>\n\t<meta property=\"og:image:height\" content=\"1013\" \/>\n\t<meta property=\"og:image:type\" content=\"image\/jpeg\" \/>\n<meta name=\"author\" content=\"Jeanette\" \/>\n<meta name=\"twitter:card\" content=\"summary_large_image\" \/>\n<meta name=\"twitter:creator\" content=\"@eldiario_net\" \/>\n<meta name=\"twitter:site\" content=\"@eldiario_net\" \/>\n<meta name=\"twitter:label1\" content=\"Escrito por\" \/>\n\t<meta name=\"twitter:data1\" content=\"Jeanette\" \/>\n\t<meta name=\"twitter:label2\" content=\"Tiempo de lectura\" \/>\n\t<meta name=\"twitter:data2\" content=\"3 minutos\" \/>\n<script type=\"application\/ld+json\" class=\"yoast-schema-graph\">{\"@context\":\"https:\\\/\\\/schema.org\",\"@graph\":[{\"@type\":\"Article\",\"@id\":\"https:\\\/\\\/www.eldiario.net\\\/portal\\\/2024\\\/03\\\/11\\\/kung-fu-panda-4-el-guerrero-dragon-esta-de-vuelta-en-la-pantalla-grande\\\/#article\",\"isPartOf\":{\"@id\":\"https:\\\/\\\/www.eldiario.net\\\/portal\\\/2024\\\/03\\\/11\\\/kung-fu-panda-4-el-guerrero-dragon-esta-de-vuelta-en-la-pantalla-grande\\\/\"},\"author\":{\"name\":\"Jeanette\",\"@id\":\"https:\\\/\\\/www.eldiario.net\\\/portal\\\/#\\\/schema\\\/person\\\/f46445640444750d7d753ccd04ae01b7\"},\"headline\":\"\u201cKung Fu Panda 4\u201d, el Guerrero Drag\u00f3n est\u00e1 de vuelta en la pantalla grande\",\"datePublished\":\"2024-03-11T11:04:58+00:00\",\"mainEntityOfPage\":{\"@id\":\"https:\\\/\\\/www.eldiario.net\\\/portal\\\/2024\\\/03\\\/11\\\/kung-fu-panda-4-el-guerrero-dragon-esta-de-vuelta-en-la-pantalla-grande\\\/\"},\"wordCount\":550,\"commentCount\":0,\"publisher\":{\"@id\":\"https:\\\/\\\/www.eldiario.net\\\/portal\\\/#organization\"},\"image\":{\"@id\":\"https:\\\/\\\/www.eldiario.net\\\/portal\\\/2024\\\/03\\\/11\\\/kung-fu-panda-4-el-guerrero-dragon-esta-de-vuelta-en-la-pantalla-grande\\\/#primaryimage\"},\"thumbnailUrl\":\"https:\\\/\\\/www.eldiario.net\\\/portal\\\/wp-content\\\/uploads\\\/2024\\\/03\\\/PANDA.jpeg\",\"articleSection\":[\"Cultural\"],\"inLanguage\":\"es\",\"potentialAction\":[{\"@type\":\"CommentAction\",\"name\":\"Comment\",\"target\":[\"https:\\\/\\\/www.eldiario.net\\\/portal\\\/2024\\\/03\\\/11\\\/kung-fu-panda-4-el-guerrero-dragon-esta-de-vuelta-en-la-pantalla-grande\\\/#respond\"]}]},{\"@type\":\"WebPage\",\"@id\":\"https:\\\/\\\/www.eldiario.net\\\/portal\\\/2024\\\/03\\\/11\\\/kung-fu-panda-4-el-guerrero-dragon-esta-de-vuelta-en-la-pantalla-grande\\\/\",\"url\":\"https:\\\/\\\/www.eldiario.net\\\/portal\\\/2024\\\/03\\\/11\\\/kung-fu-panda-4-el-guerrero-dragon-esta-de-vuelta-en-la-pantalla-grande\\\/\",\"name\":\"\u201cKung Fu Panda 4\u201d, el Guerrero Drag\u00f3n est\u00e1 de vuelta en la pantalla grande - El Diario - Bolivia\",\"isPartOf\":{\"@id\":\"https:\\\/\\\/www.eldiario.net\\\/portal\\\/#website\"},\"primaryImageOfPage\":{\"@id\":\"https:\\\/\\\/www.eldiario.net\\\/portal\\\/2024\\\/03\\\/11\\\/kung-fu-panda-4-el-guerrero-dragon-esta-de-vuelta-en-la-pantalla-grande\\\/#primaryimage\"},\"image\":{\"@id\":\"https:\\\/\\\/www.eldiario.net\\\/portal\\\/2024\\\/03\\\/11\\\/kung-fu-panda-4-el-guerrero-dragon-esta-de-vuelta-en-la-pantalla-grande\\\/#primaryimage\"},\"thumbnailUrl\":\"https:\\\/\\\/www.eldiario.net\\\/portal\\\/wp-content\\\/uploads\\\/2024\\\/03\\\/PANDA.jpeg\",\"datePublished\":\"2024-03-11T11:04:58+00:00\",\"breadcrumb\":{\"@id\":\"https:\\\/\\\/www.eldiario.net\\\/portal\\\/2024\\\/03\\\/11\\\/kung-fu-panda-4-el-guerrero-dragon-esta-de-vuelta-en-la-pantalla-grande\\\/#breadcrumb\"},\"inLanguage\":\"es\",\"potentialAction\":[{\"@type\":\"ReadAction\",\"target\":[\"https:\\\/\\\/www.eldiario.net\\\/portal\\\/2024\\\/03\\\/11\\\/kung-fu-panda-4-el-guerrero-dragon-esta-de-vuelta-en-la-pantalla-grande\\\/\"]}]},{\"@type\":\"ImageObject\",\"inLanguage\":\"es\",\"@id\":\"https:\\\/\\\/www.eldiario.net\\\/portal\\\/2024\\\/03\\\/11\\\/kung-fu-panda-4-el-guerrero-dragon-esta-de-vuelta-en-la-pantalla-grande\\\/#primaryimage\",\"url\":\"https:\\\/\\\/www.eldiario.net\\\/portal\\\/wp-content\\\/uploads\\\/2024\\\/03\\\/PANDA.jpeg\",\"contentUrl\":\"https:\\\/\\\/www.eldiario.net\\\/portal\\\/wp-content\\\/uploads\\\/2024\\\/03\\\/PANDA.jpeg\",\"width\":1800,\"height\":1013,\"caption\":\"KUNG FU PANDA YA EST\u00c1 EN LAS PANTALLAS DE TODOS LOS CINES DEL PA\u00cdS.\"},{\"@type\":\"BreadcrumbList\",\"@id\":\"https:\\\/\\\/www.eldiario.net\\\/portal\\\/2024\\\/03\\\/11\\\/kung-fu-panda-4-el-guerrero-dragon-esta-de-vuelta-en-la-pantalla-grande\\\/#breadcrumb\",\"itemListElement\":[{\"@type\":\"ListItem\",\"position\":1,\"name\":\"Portada\",\"item\":\"https:\\\/\\\/www.eldiario.net\\\/portal\\\/\"},{\"@type\":\"ListItem\",\"position\":2,\"name\":\"\u201cKung Fu Panda 4\u201d, el Guerrero Drag\u00f3n est\u00e1 de vuelta en la pantalla grande\"}]},{\"@type\":\"WebSite\",\"@id\":\"https:\\\/\\\/www.eldiario.net\\\/portal\\\/#website\",\"url\":\"https:\\\/\\\/www.eldiario.net\\\/portal\\\/\",\"name\":\"El Diario - Decano de la prensa nacional\",\"description\":\"El Diario - Decano de la prensa nacional\",\"publisher\":{\"@id\":\"https:\\\/\\\/www.eldiario.net\\\/portal\\\/#organization\"},\"potentialAction\":[{\"@type\":\"SearchAction\",\"target\":{\"@type\":\"EntryPoint\",\"urlTemplate\":\"https:\\\/\\\/www.eldiario.net\\\/portal\\\/?s={search_term_string}\"},\"query-input\":{\"@type\":\"PropertyValueSpecification\",\"valueRequired\":true,\"valueName\":\"search_term_string\"}}],\"inLanguage\":\"es\"},{\"@type\":\"Organization\",\"@id\":\"https:\\\/\\\/www.eldiario.net\\\/portal\\\/#organization\",\"name\":\"El Diario - Decano de la prensa nacional\",\"url\":\"https:\\\/\\\/www.eldiario.net\\\/portal\\\/\",\"logo\":{\"@type\":\"ImageObject\",\"inLanguage\":\"es\",\"@id\":\"https:\\\/\\\/www.eldiario.net\\\/portal\\\/#\\\/schema\\\/logo\\\/image\\\/\",\"url\":\"https:\\\/\\\/www.eldiario.net\\\/portal\\\/wp-content\\\/uploads\\\/2023\\\/07\\\/logo_ED.jpg\",\"contentUrl\":\"https:\\\/\\\/www.eldiario.net\\\/portal\\\/wp-content\\\/uploads\\\/2023\\\/07\\\/logo_ED.jpg\",\"width\":272,\"height\":52,\"caption\":\"El Diario - Decano de la prensa nacional\"},\"image\":{\"@id\":\"https:\\\/\\\/www.eldiario.net\\\/portal\\\/#\\\/schema\\\/logo\\\/image\\\/\"},\"sameAs\":[\"https:\\\/\\\/www.facebook.com\\\/eldiario.bolivia\\\/\",\"https:\\\/\\\/x.com\\\/eldiario_net\"]},{\"@type\":\"Person\",\"@id\":\"https:\\\/\\\/www.eldiario.net\\\/portal\\\/#\\\/schema\\\/person\\\/f46445640444750d7d753ccd04ae01b7\",\"name\":\"Jeanette\",\"image\":{\"@type\":\"ImageObject\",\"inLanguage\":\"es\",\"@id\":\"https:\\\/\\\/secure.gravatar.com\\\/avatar\\\/3ea2118a5f7dad2b7138b1187a6b7ee55f160b9968b66013c3a3ef39dd7e5798?s=96&d=mm&r=g\",\"url\":\"https:\\\/\\\/secure.gravatar.com\\\/avatar\\\/3ea2118a5f7dad2b7138b1187a6b7ee55f160b9968b66013c3a3ef39dd7e5798?s=96&d=mm&r=g\",\"contentUrl\":\"https:\\\/\\\/secure.gravatar.com\\\/avatar\\\/3ea2118a5f7dad2b7138b1187a6b7ee55f160b9968b66013c3a3ef39dd7e5798?s=96&d=mm&r=g\",\"caption\":\"Jeanette\"},\"sameAs\":[\"https:\\\/\\\/www.eldiario.net\\\/portal\"],\"url\":\"https:\\\/\\\/www.eldiario.net\\\/portal\\\/author\\\/jeanette\\\/\"}]}<\/script>\n<!-- \/ Yoast SEO plugin. -->","yoast_head_json":{"title":"\u201cKung Fu Panda 4\u201d, el Guerrero Drag\u00f3n est\u00e1 de vuelta en la pantalla grande - El Diario - Bolivia","robots":{"index":"index","follow":"follow","max-snippet":"max-snippet:-1","max-image-preview":"max-image-preview:large","max-video-preview":"max-video-preview:-1"},"canonical":"https:\/\/www.eldiario.net\/portal\/2024\/03\/11\/kung-fu-panda-4-el-guerrero-dragon-esta-de-vuelta-en-la-pantalla-grande\/","og_locale":"es_ES","og_type":"article","og_title":"\u201cKung Fu Panda 4\u201d, el Guerrero Drag\u00f3n est\u00e1 de vuelta en la pantalla grande - El Diario - Bolivia","og_description":"Por primera vez en casi una d\u00e9cada, el \u00edcono de la comedia Black Jack est\u00e1 de vuelta interpretando su papel de Po, el maestro de kung fu m\u00e1s ins\u00f3lito del mundo, en un nuevo cap\u00edtulo divertido de la querida franquicia de acci\u00f3n y comedia de DreamWorks Animation, \u201cKung Fu Panda 4\u201d. Despu\u00e9s de tres aventuras [&hellip;]","og_url":"https:\/\/www.eldiario.net\/portal\/2024\/03\/11\/kung-fu-panda-4-el-guerrero-dragon-esta-de-vuelta-en-la-pantalla-grande\/","og_site_name":"El Diario - Bolivia","article_publisher":"https:\/\/www.facebook.com\/eldiario.bolivia\/","article_published_time":"2024-03-11T11:04:58+00:00","og_image":[{"width":1800,"height":1013,"url":"https:\/\/www.eldiario.net\/portal\/wp-content\/uploads\/2024\/03\/PANDA.jpeg","type":"image\/jpeg"}],"author":"Jeanette","twitter_card":"summary_large_image","twitter_creator":"@eldiario_net","twitter_site":"@eldiario_net","twitter_misc":{"Escrito por":"Jeanette","Tiempo de lectura":"3 minutos"},"schema":{"@context":"https:\/\/schema.org","@graph":[{"@type":"Article","@id":"https:\/\/www.eldiario.net\/portal\/2024\/03\/11\/kung-fu-panda-4-el-guerrero-dragon-esta-de-vuelta-en-la-pantalla-grande\/#article","isPartOf":{"@id":"https:\/\/www.eldiario.net\/portal\/2024\/03\/11\/kung-fu-panda-4-el-guerrero-dragon-esta-de-vuelta-en-la-pantalla-grande\/"},"author":{"name":"Jeanette","@id":"https:\/\/www.eldiario.net\/portal\/#\/schema\/person\/f46445640444750d7d753ccd04ae01b7"},"headline":"\u201cKung Fu Panda 4\u201d, el Guerrero Drag\u00f3n est\u00e1 de vuelta en la pantalla grande","datePublished":"2024-03-11T11:04:58+00:00","mainEntityOfPage":{"@id":"https:\/\/www.eldiario.net\/portal\/2024\/03\/11\/kung-fu-panda-4-el-guerrero-dragon-esta-de-vuelta-en-la-pantalla-grande\/"},"wordCount":550,"commentCount":0,"publisher":{"@id":"https:\/\/www.eldiario.net\/portal\/#organization"},"image":{"@id":"https:\/\/www.eldiario.net\/portal\/2024\/03\/11\/kung-fu-panda-4-el-guerrero-dragon-esta-de-vuelta-en-la-pantalla-grande\/#primaryimage"},"thumbnailUrl":"https:\/\/www.eldiario.net\/portal\/wp-content\/uploads\/2024\/03\/PANDA.jpeg","articleSection":["Cultural"],"inLanguage":"es","potentialAction":[{"@type":"CommentAction","name":"Comment","target":["https:\/\/www.eldiario.net\/portal\/2024\/03\/11\/kung-fu-panda-4-el-guerrero-dragon-esta-de-vuelta-en-la-pantalla-grande\/#respond"]}]},{"@type":"WebPage","@id":"https:\/\/www.eldiario.net\/portal\/2024\/03\/11\/kung-fu-panda-4-el-guerrero-dragon-esta-de-vuelta-en-la-pantalla-grande\/","url":"https:\/\/www.eldiario.net\/portal\/2024\/03\/11\/kung-fu-panda-4-el-guerrero-dragon-esta-de-vuelta-en-la-pantalla-grande\/","name":"\u201cKung Fu Panda 4\u201d, el Guerrero Drag\u00f3n est\u00e1 de vuelta en la pantalla grande - El Diario - Bolivia","isPartOf":{"@id":"https:\/\/www.eldiario.net\/portal\/#website"},"primaryImageOfPage":{"@id":"https:\/\/www.eldiario.net\/portal\/2024\/03\/11\/kung-fu-panda-4-el-guerrero-dragon-esta-de-vuelta-en-la-pantalla-grande\/#primaryimage"},"image":{"@id":"https:\/\/www.eldiario.net\/portal\/2024\/03\/11\/kung-fu-panda-4-el-guerrero-dragon-esta-de-vuelta-en-la-pantalla-grande\/#primaryimage"},"thumbnailUrl":"https:\/\/www.eldiario.net\/portal\/wp-content\/uploads\/2024\/03\/PANDA.jpeg","datePublished":"2024-03-11T11:04:58+00:00","breadcrumb":{"@id":"https:\/\/www.eldiario.net\/portal\/2024\/03\/11\/kung-fu-panda-4-el-guerrero-dragon-esta-de-vuelta-en-la-pantalla-grande\/#breadcrumb"},"inLanguage":"es","potentialAction":[{"@type":"ReadAction","target":["https:\/\/www.eldiario.net\/portal\/2024\/03\/11\/kung-fu-panda-4-el-guerrero-dragon-esta-de-vuelta-en-la-pantalla-grande\/"]}]},{"@type":"ImageObject","inLanguage":"es","@id":"https:\/\/www.eldiario.net\/portal\/2024\/03\/11\/kung-fu-panda-4-el-guerrero-dragon-esta-de-vuelta-en-la-pantalla-grande\/#primaryimage","url":"https:\/\/www.eldiario.net\/portal\/wp-content\/uploads\/2024\/03\/PANDA.jpeg","contentUrl":"https:\/\/www.eldiario.net\/portal\/wp-content\/uploads\/2024\/03\/PANDA.jpeg","width":1800,"height":1013,"caption":"KUNG FU PANDA YA EST\u00c1 EN LAS PANTALLAS DE TODOS LOS CINES DEL PA\u00cdS."},{"@type":"BreadcrumbList","@id":"https:\/\/www.eldiario.net\/portal\/2024\/03\/11\/kung-fu-panda-4-el-guerrero-dragon-esta-de-vuelta-en-la-pantalla-grande\/#breadcrumb","itemListElement":[{"@type":"ListItem","position":1,"name":"Portada","item":"https:\/\/www.eldiario.net\/portal\/"},{"@type":"ListItem","position":2,"name":"\u201cKung Fu Panda 4\u201d, el Guerrero Drag\u00f3n est\u00e1 de vuelta en la pantalla grande"}]},{"@type":"WebSite","@id":"https:\/\/www.eldiario.net\/portal\/#website","url":"https:\/\/www.eldiario.net\/portal\/","name":"El Diario - Decano de la prensa nacional","description":"El Diario - Decano de la prensa nacional","publisher":{"@id":"https:\/\/www.eldiario.net\/portal\/#organization"},"potentialAction":[{"@type":"SearchAction","target":{"@type":"EntryPoint","urlTemplate":"https:\/\/www.eldiario.net\/portal\/?s={search_term_string}"},"query-input":{"@type":"PropertyValueSpecification","valueRequired":true,"valueName":"search_term_string"}}],"inLanguage":"es"},{"@type":"Organization","@id":"https:\/\/www.eldiario.net\/portal\/#organization","name":"El Diario - Decano de la prensa nacional","url":"https:\/\/www.eldiario.net\/portal\/","logo":{"@type":"ImageObject","inLanguage":"es","@id":"https:\/\/www.eldiario.net\/portal\/#\/schema\/logo\/image\/","url":"https:\/\/www.eldiario.net\/portal\/wp-content\/uploads\/2023\/07\/logo_ED.jpg","contentUrl":"https:\/\/www.eldiario.net\/portal\/wp-content\/uploads\/2023\/07\/logo_ED.jpg","width":272,"height":52,"caption":"El Diario - Decano de la prensa nacional"},"image":{"@id":"https:\/\/www.eldiario.net\/portal\/#\/schema\/logo\/image\/"},"sameAs":["https:\/\/www.facebook.com\/eldiario.bolivia\/","https:\/\/x.com\/eldiario_net"]},{"@type":"Person","@id":"https:\/\/www.eldiario.net\/portal\/#\/schema\/person\/f46445640444750d7d753ccd04ae01b7","name":"Jeanette","image":{"@type":"ImageObject","inLanguage":"es","@id":"https:\/\/secure.gravatar.com\/avatar\/3ea2118a5f7dad2b7138b1187a6b7ee55f160b9968b66013c3a3ef39dd7e5798?s=96&d=mm&r=g","url":"https:\/\/secure.gravatar.com\/avatar\/3ea2118a5f7dad2b7138b1187a6b7ee55f160b9968b66013c3a3ef39dd7e5798?s=96&d=mm&r=g","contentUrl":"https:\/\/secure.gravatar.com\/avatar\/3ea2118a5f7dad2b7138b1187a6b7ee55f160b9968b66013c3a3ef39dd7e5798?s=96&d=mm&r=g","caption":"Jeanette"},"sameAs":["https:\/\/www.eldiario.net\/portal"],"url":"https:\/\/www.eldiario.net\/portal\/author\/jeanette\/"}]}},"_links":{"self":[{"href":"https:\/\/www.eldiario.net\/portal\/wp-json\/wp\/v2\/posts\/207632","targetHints":{"allow":["GET"]}}],"collection":[{"href":"https:\/\/www.eldiario.net\/portal\/wp-json\/wp\/v2\/posts"}],"about":[{"href":"https:\/\/www.eldiario.net\/portal\/wp-json\/wp\/v2\/types\/post"}],"author":[{"embeddable":true,"href":"https:\/\/www.eldiario.net\/portal\/wp-json\/wp\/v2\/users\/1"}],"replies":[{"embeddable":true,"href":"https:\/\/www.eldiario.net\/portal\/wp-json\/wp\/v2\/comments?post=207632"}],"version-history":[{"count":1,"href":"https:\/\/www.eldiario.net\/portal\/wp-json\/wp\/v2\/posts\/207632\/revisions"}],"predecessor-version":[{"id":207634,"href":"https:\/\/www.eldiario.net\/portal\/wp-json\/wp\/v2\/posts\/207632\/revisions\/207634"}],"wp:featuredmedia":[{"embeddable":true,"href":"https:\/\/www.eldiario.net\/portal\/wp-json\/wp\/v2\/media\/207633"}],"wp:attachment":[{"href":"https:\/\/www.eldiario.net\/portal\/wp-json\/wp\/v2\/media?parent=207632"}],"wp:term":[{"taxonomy":"category","embeddable":true,"href":"https:\/\/www.eldiario.net\/portal\/wp-json\/wp\/v2\/categories?post=207632"},{"taxonomy":"post_tag","embeddable":true,"href":"https:\/\/www.eldiario.net\/portal\/wp-json\/wp\/v2\/tags?post=207632"}],"curies":[{"name":"wp","href":"https:\/\/api.w.org\/{rel}","templated":true}]}}