{"id":207624,"date":"2024-03-11T06:52:59","date_gmt":"2024-03-11T10:52:59","guid":{"rendered":"https:\/\/www.eldiario.net\/portal\/?p=207624"},"modified":"2024-03-11T06:52:59","modified_gmt":"2024-03-11T10:52:59","slug":"reprochan-que-morales-intente-forzar-repostulacion-presidencial","status":"publish","type":"post","link":"https:\/\/www.eldiario.net\/portal\/2024\/03\/11\/reprochan-que-morales-intente-forzar-repostulacion-presidencial\/","title":{"rendered":"Reprochan que Morales intente forzar repostulaci\u00f3n presidencial"},"content":{"rendered":"<p>Recordando que existe una Opini\u00f3n Consultiva emitida por la Corte Interamericana de Derechos Humanos (C-IDH) en la que se rechaza la reelecci\u00f3n presidencial indefinida como un derecho humano, el diputado por Creemos, Walthy Eg\u00fcez, se\u00f1al\u00f3 que la insistencia de Evo Morales para forzar repostulaci\u00f3n presidencial para los comicios de 2025 es un \u201ccapricho pol\u00edtico\u201d que pretende lograr bloqueando al pa\u00eds.<br \/>\nEn criterio del asamble\u00edsta cruce\u00f1o, durante m\u00e1s de 15 a\u00f1os, el l\u00edder del partido azul ha manipulado el aparato estatal para beneficio propio y de sus sectores afines, por lo que la poblaci\u00f3n boliviana ya no permitir\u00e1 imposiciones y caprichos que perjudiquen la estabilidad nacional.<br \/>\n\u201cConocemos el car\u00e1cter de Evo Morales de bloquear al pa\u00eds, siempre lo ha hecho, y as\u00ed surgi\u00f3 como l\u00edder y piensa que esa f\u00f3rmula le va a seguir dando frutos, nosotros pensamos que no, porque el pa\u00eds est\u00e1 cansado de que siga perjudicando\u201d, sostuvo.<br \/>\nSobre las normativas nacionales vigentes y las resoluciones internacionales que rechazan la legalidad de la reelecci\u00f3n presidencial indefinida, Eg\u00fcez precis\u00f3 que Morales ya no puede presentarse como candidato en las pr\u00f3ximas elecciones.<br \/>\n\u201c\u00c9l ha sido presidente tres veces, por tanto, no le corresponde candidatear nuevamente. Aunque no le guste no va lograr imponerse por encima de la ley, las normas son claras y no le corresponde ser candidato presidencial otra vez\u201d, dijo.<br \/>\nEl legislador record\u00f3 que la sentencia de Opini\u00f3n Consultiva OC-28\/2 de la Corte Interamericana de Derechos Humanos promovida por el expresidente Jorge Quiroga, establece que la reelecci\u00f3n presidencial indefinida no es compatible ni est\u00e1 protegida por la convenci\u00f3n americana.<br \/>\n\u201cLa reelecci\u00f3n presidencial indefinida no constituye un derecho aut\u00f3nomo protegido por la Convenci\u00f3n Americana ni por el corpus iuris del derecho internacional de los derechos humanos\u201d, se\u00f1ala parte del texto de la resoluci\u00f3n referida.<br \/>\nEn ese contexto, Eg\u00fcez, descart\u00f3 toda posibilidad de que el expresidente Evo Morales retorne al Gobierno nacional por la v\u00eda democr\u00e1tica o por la fuerza, como pretende.<br \/>\nEn agosto de 2021, la Corte Interamericana de Derechos Humanos estableci\u00f3 que la reelecci\u00f3n presidencial indefinida no es un derecho humano, argumento usado por Morales para postularse a su tercera reelecci\u00f3n en octubre de 2019.<br \/>\nAsimismo, se se\u00f1al\u00f3 que la habilitaci\u00f3n de la reelecci\u00f3n presidencial indefinida es contraria a los principios de una democracia representativa y, por ende, a las obligaciones establecidas en la Convenci\u00f3n Americana sobre Derechos Humanos y la Declaraci\u00f3n Americana de los Derechos y Deberes del Hombre. \u201cObstaculiza que otras fuerzas pol\u00edticas distintas a la persona a cargo de la Presidencia puedan ganar el apoyo popular y ser electas, afecta la separaci\u00f3n de poderes y, en general, debilita el funcionamiento de la democracia\u201d.<br \/>\nEn diciembre de 2023, el Tribunal Constitucional Plurinacional, mediante la Sentencia Constitucional 1010\/2023, estableci\u00f3 que la reelecci\u00f3n presidencial indefinida no existe y \u201cno es un derecho humano\u201d, con lo que anul\u00f3 la posibilidad una reelecci\u00f3n presidencial en el caso de Morales.<br \/>\nSe establece que, el presidente y el vicepresidente de Bolivia no pueden ejercer un mandato m\u00e1s de dos veces de forma continua o discontinua, al igual que senadores, diputados o las autoridades judiciales.<\/p>\n<figure id=\"attachment_207626\" aria-describedby=\"caption-attachment-207626\" style=\"width: 1280px\" class=\"wp-caption aligncenter\"><img loading=\"lazy\" decoding=\"async\" class=\"size-full wp-image-207626\" src=\"https:\/\/www.eldiario.net\/portal\/wp-content\/uploads\/2024\/03\/Pol-400.jpg\" alt=\"\" width=\"1280\" height=\"865\" srcset=\"https:\/\/www.eldiario.net\/portal\/wp-content\/uploads\/2024\/03\/Pol-400.jpg 1280w, https:\/\/www.eldiario.net\/portal\/wp-content\/uploads\/2024\/03\/Pol-400-300x203.jpg 300w, https:\/\/www.eldiario.net\/portal\/wp-content\/uploads\/2024\/03\/Pol-400-1024x692.jpg 1024w, https:\/\/www.eldiario.net\/portal\/wp-content\/uploads\/2024\/03\/Pol-400-768x519.jpg 768w, https:\/\/www.eldiario.net\/portal\/wp-content\/uploads\/2024\/03\/Pol-400-696x470.jpg 696w, https:\/\/www.eldiario.net\/portal\/wp-content\/uploads\/2024\/03\/Pol-400-1068x722.jpg 1068w\" sizes=\"auto, (max-width: 1280px) 100vw, 1280px\" \/><figcaption id=\"caption-attachment-207626\" class=\"wp-caption-text\">Diputado de Creemos, Walthy Eg\u00fcez.<\/figcaption><\/figure>\n","protected":false},"excerpt":{"rendered":"<p>Recordando que existe una Opini\u00f3n Consultiva emitida por la Corte Interamericana de Derechos Humanos (C-IDH) en la que se rechaza la reelecci\u00f3n presidencial indefinida como un derecho humano, el diputado por Creemos, Walthy Eg\u00fcez, se\u00f1al\u00f3 que la insistencia de Evo Morales para forzar repostulaci\u00f3n presidencial para los comicios de 2025 es un \u201ccapricho pol\u00edtico\u201d que [&hellip;]<\/p>\n","protected":false},"author":1,"featured_media":207625,"comment_status":"open","ping_status":"open","sticky":false,"template":"","format":"standard","meta":{"_acf_changed":false,"footnotes":""},"categories":[14],"tags":[],"class_list":["post-207624","post","type-post","status-publish","format-standard","has-post-thumbnail","category-politica"],"acf":{"antetitulo":"\u201cCapricho\u201d pol\u00edtico"},"yoast_head":"<!-- This site is optimized with the Yoast SEO plugin v28.4 - https:\/\/yoast.com\/product\/yoast-seo-wordpress\/ -->\n<title>Reprochan que Morales intente forzar repostulaci\u00f3n presidencial - El Diario - Bolivia<\/title>\n<meta name=\"robots\" content=\"index, follow, max-snippet:-1, max-image-preview:large, max-video-preview:-1\" \/>\n<link rel=\"canonical\" href=\"https:\/\/www.eldiario.net\/portal\/2024\/03\/11\/reprochan-que-morales-intente-forzar-repostulacion-presidencial\/\" \/>\n<meta property=\"og:locale\" content=\"es_ES\" \/>\n<meta property=\"og:type\" content=\"article\" \/>\n<meta property=\"og:title\" content=\"Reprochan que Morales intente forzar repostulaci\u00f3n presidencial - El Diario - Bolivia\" \/>\n<meta property=\"og:description\" content=\"Recordando que existe una Opini\u00f3n Consultiva emitida por la Corte Interamericana de Derechos Humanos (C-IDH) en la que se rechaza la reelecci\u00f3n presidencial indefinida como un derecho humano, el diputado por Creemos, Walthy Eg\u00fcez, se\u00f1al\u00f3 que la insistencia de Evo Morales para forzar repostulaci\u00f3n presidencial para los comicios de 2025 es un \u201ccapricho pol\u00edtico\u201d que [&hellip;]\" \/>\n<meta property=\"og:url\" content=\"https:\/\/www.eldiario.net\/portal\/2024\/03\/11\/reprochan-que-morales-intente-forzar-repostulacion-presidencial\/\" \/>\n<meta property=\"og:site_name\" content=\"El Diario - Bolivia\" \/>\n<meta property=\"article:publisher\" content=\"https:\/\/www.facebook.com\/eldiario.bolivia\/\" \/>\n<meta property=\"article:published_time\" content=\"2024-03-11T10:52:59+00:00\" \/>\n<meta property=\"og:image\" content=\"https:\/\/www.eldiario.net\/portal\/wp-content\/uploads\/2024\/03\/Pol-401.webp\" \/>\n\t<meta property=\"og:image:width\" content=\"940\" \/>\n\t<meta property=\"og:image:height\" content=\"530\" \/>\n\t<meta property=\"og:image:type\" content=\"image\/webp\" \/>\n<meta name=\"author\" content=\"Jeanette\" \/>\n<meta name=\"twitter:card\" content=\"summary_large_image\" \/>\n<meta name=\"twitter:creator\" content=\"@eldiario_net\" \/>\n<meta name=\"twitter:site\" content=\"@eldiario_net\" \/>\n<meta name=\"twitter:label1\" content=\"Escrito por\" \/>\n\t<meta name=\"twitter:data1\" content=\"Jeanette\" \/>\n\t<meta name=\"twitter:label2\" content=\"Tiempo de lectura\" \/>\n\t<meta name=\"twitter:data2\" content=\"3 minutos\" \/>\n<script type=\"application\/ld+json\" class=\"yoast-schema-graph\">{\"@context\":\"https:\\\/\\\/schema.org\",\"@graph\":[{\"@type\":\"Article\",\"@id\":\"https:\\\/\\\/www.eldiario.net\\\/portal\\\/2024\\\/03\\\/11\\\/reprochan-que-morales-intente-forzar-repostulacion-presidencial\\\/#article\",\"isPartOf\":{\"@id\":\"https:\\\/\\\/www.eldiario.net\\\/portal\\\/2024\\\/03\\\/11\\\/reprochan-que-morales-intente-forzar-repostulacion-presidencial\\\/\"},\"author\":{\"name\":\"Jeanette\",\"@id\":\"https:\\\/\\\/www.eldiario.net\\\/portal\\\/#\\\/schema\\\/person\\\/2c57cf2b7a7ae032e449e4c9b1019eac\"},\"headline\":\"Reprochan que Morales intente forzar repostulaci\u00f3n presidencial\",\"datePublished\":\"2024-03-11T10:52:59+00:00\",\"mainEntityOfPage\":{\"@id\":\"https:\\\/\\\/www.eldiario.net\\\/portal\\\/2024\\\/03\\\/11\\\/reprochan-que-morales-intente-forzar-repostulacion-presidencial\\\/\"},\"wordCount\":570,\"commentCount\":0,\"publisher\":{\"@id\":\"https:\\\/\\\/www.eldiario.net\\\/portal\\\/#organization\"},\"image\":{\"@id\":\"https:\\\/\\\/www.eldiario.net\\\/portal\\\/2024\\\/03\\\/11\\\/reprochan-que-morales-intente-forzar-repostulacion-presidencial\\\/#primaryimage\"},\"thumbnailUrl\":\"https:\\\/\\\/www.eldiario.net\\\/portal\\\/wp-content\\\/uploads\\\/2024\\\/03\\\/Pol-401.webp\",\"articleSection\":[\"Pol\u00edtica\"],\"inLanguage\":\"es\",\"potentialAction\":[{\"@type\":\"CommentAction\",\"name\":\"Comment\",\"target\":[\"https:\\\/\\\/www.eldiario.net\\\/portal\\\/2024\\\/03\\\/11\\\/reprochan-que-morales-intente-forzar-repostulacion-presidencial\\\/#respond\"]}]},{\"@type\":\"WebPage\",\"@id\":\"https:\\\/\\\/www.eldiario.net\\\/portal\\\/2024\\\/03\\\/11\\\/reprochan-que-morales-intente-forzar-repostulacion-presidencial\\\/\",\"url\":\"https:\\\/\\\/www.eldiario.net\\\/portal\\\/2024\\\/03\\\/11\\\/reprochan-que-morales-intente-forzar-repostulacion-presidencial\\\/\",\"name\":\"Reprochan que Morales intente forzar repostulaci\u00f3n presidencial - El Diario - Bolivia\",\"isPartOf\":{\"@id\":\"https:\\\/\\\/www.eldiario.net\\\/portal\\\/#website\"},\"primaryImageOfPage\":{\"@id\":\"https:\\\/\\\/www.eldiario.net\\\/portal\\\/2024\\\/03\\\/11\\\/reprochan-que-morales-intente-forzar-repostulacion-presidencial\\\/#primaryimage\"},\"image\":{\"@id\":\"https:\\\/\\\/www.eldiario.net\\\/portal\\\/2024\\\/03\\\/11\\\/reprochan-que-morales-intente-forzar-repostulacion-presidencial\\\/#primaryimage\"},\"thumbnailUrl\":\"https:\\\/\\\/www.eldiario.net\\\/portal\\\/wp-content\\\/uploads\\\/2024\\\/03\\\/Pol-401.webp\",\"datePublished\":\"2024-03-11T10:52:59+00:00\",\"breadcrumb\":{\"@id\":\"https:\\\/\\\/www.eldiario.net\\\/portal\\\/2024\\\/03\\\/11\\\/reprochan-que-morales-intente-forzar-repostulacion-presidencial\\\/#breadcrumb\"},\"inLanguage\":\"es\",\"potentialAction\":[{\"@type\":\"ReadAction\",\"target\":[\"https:\\\/\\\/www.eldiario.net\\\/portal\\\/2024\\\/03\\\/11\\\/reprochan-que-morales-intente-forzar-repostulacion-presidencial\\\/\"]}]},{\"@type\":\"ImageObject\",\"inLanguage\":\"es\",\"@id\":\"https:\\\/\\\/www.eldiario.net\\\/portal\\\/2024\\\/03\\\/11\\\/reprochan-que-morales-intente-forzar-repostulacion-presidencial\\\/#primaryimage\",\"url\":\"https:\\\/\\\/www.eldiario.net\\\/portal\\\/wp-content\\\/uploads\\\/2024\\\/03\\\/Pol-401.webp\",\"contentUrl\":\"https:\\\/\\\/www.eldiario.net\\\/portal\\\/wp-content\\\/uploads\\\/2024\\\/03\\\/Pol-401.webp\",\"width\":940,\"height\":530,\"caption\":\"Expresidente Evo Morales Ayma.\"},{\"@type\":\"BreadcrumbList\",\"@id\":\"https:\\\/\\\/www.eldiario.net\\\/portal\\\/2024\\\/03\\\/11\\\/reprochan-que-morales-intente-forzar-repostulacion-presidencial\\\/#breadcrumb\",\"itemListElement\":[{\"@type\":\"ListItem\",\"position\":1,\"name\":\"Portada\",\"item\":\"https:\\\/\\\/www.eldiario.net\\\/portal\\\/\"},{\"@type\":\"ListItem\",\"position\":2,\"name\":\"Reprochan que Morales intente forzar repostulaci\u00f3n presidencial\"}]},{\"@type\":\"WebSite\",\"@id\":\"https:\\\/\\\/www.eldiario.net\\\/portal\\\/#website\",\"url\":\"https:\\\/\\\/www.eldiario.net\\\/portal\\\/\",\"name\":\"El Diario - Decano de la prensa nacional\",\"description\":\"El Diario - Decano de la prensa nacional\",\"publisher\":{\"@id\":\"https:\\\/\\\/www.eldiario.net\\\/portal\\\/#organization\"},\"potentialAction\":[{\"@type\":\"SearchAction\",\"target\":{\"@type\":\"EntryPoint\",\"urlTemplate\":\"https:\\\/\\\/www.eldiario.net\\\/portal\\\/?s={search_term_string}\"},\"query-input\":{\"@type\":\"PropertyValueSpecification\",\"valueRequired\":true,\"valueName\":\"search_term_string\"}}],\"inLanguage\":\"es\"},{\"@type\":\"Organization\",\"@id\":\"https:\\\/\\\/www.eldiario.net\\\/portal\\\/#organization\",\"name\":\"El Diario - Decano de la prensa nacional\",\"url\":\"https:\\\/\\\/www.eldiario.net\\\/portal\\\/\",\"logo\":{\"@type\":\"ImageObject\",\"inLanguage\":\"es\",\"@id\":\"https:\\\/\\\/www.eldiario.net\\\/portal\\\/#\\\/schema\\\/logo\\\/image\\\/\",\"url\":\"https:\\\/\\\/www.eldiario.net\\\/portal\\\/wp-content\\\/uploads\\\/2023\\\/07\\\/logo_ED.jpg\",\"contentUrl\":\"https:\\\/\\\/www.eldiario.net\\\/portal\\\/wp-content\\\/uploads\\\/2023\\\/07\\\/logo_ED.jpg\",\"width\":272,\"height\":52,\"caption\":\"El Diario - Decano de la prensa nacional\"},\"image\":{\"@id\":\"https:\\\/\\\/www.eldiario.net\\\/portal\\\/#\\\/schema\\\/logo\\\/image\\\/\"},\"sameAs\":[\"https:\\\/\\\/www.facebook.com\\\/eldiario.bolivia\\\/\",\"https:\\\/\\\/x.com\\\/eldiario_net\"]},{\"@type\":\"Person\",\"@id\":\"https:\\\/\\\/www.eldiario.net\\\/portal\\\/#\\\/schema\\\/person\\\/2c57cf2b7a7ae032e449e4c9b1019eac\",\"name\":\"Jeanette\",\"image\":{\"@type\":\"ImageObject\",\"inLanguage\":\"es\",\"@id\":\"https:\\\/\\\/secure.gravatar.com\\\/avatar\\\/3ea2118a5f7dad2b7138b1187a6b7ee55f160b9968b66013c3a3ef39dd7e5798?s=96&d=mm&r=g\",\"url\":\"https:\\\/\\\/secure.gravatar.com\\\/avatar\\\/3ea2118a5f7dad2b7138b1187a6b7ee55f160b9968b66013c3a3ef39dd7e5798?s=96&d=mm&r=g\",\"contentUrl\":\"https:\\\/\\\/secure.gravatar.com\\\/avatar\\\/3ea2118a5f7dad2b7138b1187a6b7ee55f160b9968b66013c3a3ef39dd7e5798?s=96&d=mm&r=g\",\"caption\":\"Jeanette\"},\"sameAs\":[\"https:\\\/\\\/www.eldiario.net\\\/portal\"],\"url\":\"https:\\\/\\\/www.eldiario.net\\\/portal\\\/author\\\/jeanette\\\/\"}]}<\/script>\n<!-- \/ Yoast SEO plugin. -->","yoast_head_json":{"title":"Reprochan que Morales intente forzar repostulaci\u00f3n presidencial - El Diario - Bolivia","robots":{"index":"index","follow":"follow","max-snippet":"max-snippet:-1","max-image-preview":"max-image-preview:large","max-video-preview":"max-video-preview:-1"},"canonical":"https:\/\/www.eldiario.net\/portal\/2024\/03\/11\/reprochan-que-morales-intente-forzar-repostulacion-presidencial\/","og_locale":"es_ES","og_type":"article","og_title":"Reprochan que Morales intente forzar repostulaci\u00f3n presidencial - El Diario - Bolivia","og_description":"Recordando que existe una Opini\u00f3n Consultiva emitida por la Corte Interamericana de Derechos Humanos (C-IDH) en la que se rechaza la reelecci\u00f3n presidencial indefinida como un derecho humano, el diputado por Creemos, Walthy Eg\u00fcez, se\u00f1al\u00f3 que la insistencia de Evo Morales para forzar repostulaci\u00f3n presidencial para los comicios de 2025 es un \u201ccapricho pol\u00edtico\u201d que [&hellip;]","og_url":"https:\/\/www.eldiario.net\/portal\/2024\/03\/11\/reprochan-que-morales-intente-forzar-repostulacion-presidencial\/","og_site_name":"El Diario - Bolivia","article_publisher":"https:\/\/www.facebook.com\/eldiario.bolivia\/","article_published_time":"2024-03-11T10:52:59+00:00","og_image":[{"width":940,"height":530,"url":"https:\/\/www.eldiario.net\/portal\/wp-content\/uploads\/2024\/03\/Pol-401.webp","type":"image\/webp"}],"author":"Jeanette","twitter_card":"summary_large_image","twitter_creator":"@eldiario_net","twitter_site":"@eldiario_net","twitter_misc":{"Escrito por":"Jeanette","Tiempo de lectura":"3 minutos"},"schema":{"@context":"https:\/\/schema.org","@graph":[{"@type":"Article","@id":"https:\/\/www.eldiario.net\/portal\/2024\/03\/11\/reprochan-que-morales-intente-forzar-repostulacion-presidencial\/#article","isPartOf":{"@id":"https:\/\/www.eldiario.net\/portal\/2024\/03\/11\/reprochan-que-morales-intente-forzar-repostulacion-presidencial\/"},"author":{"name":"Jeanette","@id":"https:\/\/www.eldiario.net\/portal\/#\/schema\/person\/2c57cf2b7a7ae032e449e4c9b1019eac"},"headline":"Reprochan que Morales intente forzar repostulaci\u00f3n presidencial","datePublished":"2024-03-11T10:52:59+00:00","mainEntityOfPage":{"@id":"https:\/\/www.eldiario.net\/portal\/2024\/03\/11\/reprochan-que-morales-intente-forzar-repostulacion-presidencial\/"},"wordCount":570,"commentCount":0,"publisher":{"@id":"https:\/\/www.eldiario.net\/portal\/#organization"},"image":{"@id":"https:\/\/www.eldiario.net\/portal\/2024\/03\/11\/reprochan-que-morales-intente-forzar-repostulacion-presidencial\/#primaryimage"},"thumbnailUrl":"https:\/\/www.eldiario.net\/portal\/wp-content\/uploads\/2024\/03\/Pol-401.webp","articleSection":["Pol\u00edtica"],"inLanguage":"es","potentialAction":[{"@type":"CommentAction","name":"Comment","target":["https:\/\/www.eldiario.net\/portal\/2024\/03\/11\/reprochan-que-morales-intente-forzar-repostulacion-presidencial\/#respond"]}]},{"@type":"WebPage","@id":"https:\/\/www.eldiario.net\/portal\/2024\/03\/11\/reprochan-que-morales-intente-forzar-repostulacion-presidencial\/","url":"https:\/\/www.eldiario.net\/portal\/2024\/03\/11\/reprochan-que-morales-intente-forzar-repostulacion-presidencial\/","name":"Reprochan que Morales intente forzar repostulaci\u00f3n presidencial - El Diario - Bolivia","isPartOf":{"@id":"https:\/\/www.eldiario.net\/portal\/#website"},"primaryImageOfPage":{"@id":"https:\/\/www.eldiario.net\/portal\/2024\/03\/11\/reprochan-que-morales-intente-forzar-repostulacion-presidencial\/#primaryimage"},"image":{"@id":"https:\/\/www.eldiario.net\/portal\/2024\/03\/11\/reprochan-que-morales-intente-forzar-repostulacion-presidencial\/#primaryimage"},"thumbnailUrl":"https:\/\/www.eldiario.net\/portal\/wp-content\/uploads\/2024\/03\/Pol-401.webp","datePublished":"2024-03-11T10:52:59+00:00","breadcrumb":{"@id":"https:\/\/www.eldiario.net\/portal\/2024\/03\/11\/reprochan-que-morales-intente-forzar-repostulacion-presidencial\/#breadcrumb"},"inLanguage":"es","potentialAction":[{"@type":"ReadAction","target":["https:\/\/www.eldiario.net\/portal\/2024\/03\/11\/reprochan-que-morales-intente-forzar-repostulacion-presidencial\/"]}]},{"@type":"ImageObject","inLanguage":"es","@id":"https:\/\/www.eldiario.net\/portal\/2024\/03\/11\/reprochan-que-morales-intente-forzar-repostulacion-presidencial\/#primaryimage","url":"https:\/\/www.eldiario.net\/portal\/wp-content\/uploads\/2024\/03\/Pol-401.webp","contentUrl":"https:\/\/www.eldiario.net\/portal\/wp-content\/uploads\/2024\/03\/Pol-401.webp","width":940,"height":530,"caption":"Expresidente Evo Morales Ayma."},{"@type":"BreadcrumbList","@id":"https:\/\/www.eldiario.net\/portal\/2024\/03\/11\/reprochan-que-morales-intente-forzar-repostulacion-presidencial\/#breadcrumb","itemListElement":[{"@type":"ListItem","position":1,"name":"Portada","item":"https:\/\/www.eldiario.net\/portal\/"},{"@type":"ListItem","position":2,"name":"Reprochan que Morales intente forzar repostulaci\u00f3n presidencial"}]},{"@type":"WebSite","@id":"https:\/\/www.eldiario.net\/portal\/#website","url":"https:\/\/www.eldiario.net\/portal\/","name":"El Diario - Decano de la prensa nacional","description":"El Diario - Decano de la prensa nacional","publisher":{"@id":"https:\/\/www.eldiario.net\/portal\/#organization"},"potentialAction":[{"@type":"SearchAction","target":{"@type":"EntryPoint","urlTemplate":"https:\/\/www.eldiario.net\/portal\/?s={search_term_string}"},"query-input":{"@type":"PropertyValueSpecification","valueRequired":true,"valueName":"search_term_string"}}],"inLanguage":"es"},{"@type":"Organization","@id":"https:\/\/www.eldiario.net\/portal\/#organization","name":"El Diario - Decano de la prensa nacional","url":"https:\/\/www.eldiario.net\/portal\/","logo":{"@type":"ImageObject","inLanguage":"es","@id":"https:\/\/www.eldiario.net\/portal\/#\/schema\/logo\/image\/","url":"https:\/\/www.eldiario.net\/portal\/wp-content\/uploads\/2023\/07\/logo_ED.jpg","contentUrl":"https:\/\/www.eldiario.net\/portal\/wp-content\/uploads\/2023\/07\/logo_ED.jpg","width":272,"height":52,"caption":"El Diario - Decano de la prensa nacional"},"image":{"@id":"https:\/\/www.eldiario.net\/portal\/#\/schema\/logo\/image\/"},"sameAs":["https:\/\/www.facebook.com\/eldiario.bolivia\/","https:\/\/x.com\/eldiario_net"]},{"@type":"Person","@id":"https:\/\/www.eldiario.net\/portal\/#\/schema\/person\/2c57cf2b7a7ae032e449e4c9b1019eac","name":"Jeanette","image":{"@type":"ImageObject","inLanguage":"es","@id":"https:\/\/secure.gravatar.com\/avatar\/3ea2118a5f7dad2b7138b1187a6b7ee55f160b9968b66013c3a3ef39dd7e5798?s=96&d=mm&r=g","url":"https:\/\/secure.gravatar.com\/avatar\/3ea2118a5f7dad2b7138b1187a6b7ee55f160b9968b66013c3a3ef39dd7e5798?s=96&d=mm&r=g","contentUrl":"https:\/\/secure.gravatar.com\/avatar\/3ea2118a5f7dad2b7138b1187a6b7ee55f160b9968b66013c3a3ef39dd7e5798?s=96&d=mm&r=g","caption":"Jeanette"},"sameAs":["https:\/\/www.eldiario.net\/portal"],"url":"https:\/\/www.eldiario.net\/portal\/author\/jeanette\/"}]}},"_links":{"self":[{"href":"https:\/\/www.eldiario.net\/portal\/wp-json\/wp\/v2\/posts\/207624","targetHints":{"allow":["GET"]}}],"collection":[{"href":"https:\/\/www.eldiario.net\/portal\/wp-json\/wp\/v2\/posts"}],"about":[{"href":"https:\/\/www.eldiario.net\/portal\/wp-json\/wp\/v2\/types\/post"}],"author":[{"embeddable":true,"href":"https:\/\/www.eldiario.net\/portal\/wp-json\/wp\/v2\/users\/1"}],"replies":[{"embeddable":true,"href":"https:\/\/www.eldiario.net\/portal\/wp-json\/wp\/v2\/comments?post=207624"}],"version-history":[{"count":1,"href":"https:\/\/www.eldiario.net\/portal\/wp-json\/wp\/v2\/posts\/207624\/revisions"}],"predecessor-version":[{"id":207627,"href":"https:\/\/www.eldiario.net\/portal\/wp-json\/wp\/v2\/posts\/207624\/revisions\/207627"}],"wp:featuredmedia":[{"embeddable":true,"href":"https:\/\/www.eldiario.net\/portal\/wp-json\/wp\/v2\/media\/207625"}],"wp:attachment":[{"href":"https:\/\/www.eldiario.net\/portal\/wp-json\/wp\/v2\/media?parent=207624"}],"wp:term":[{"taxonomy":"category","embeddable":true,"href":"https:\/\/www.eldiario.net\/portal\/wp-json\/wp\/v2\/categories?post=207624"},{"taxonomy":"post_tag","embeddable":true,"href":"https:\/\/www.eldiario.net\/portal\/wp-json\/wp\/v2\/tags?post=207624"}],"curies":[{"name":"wp","href":"https:\/\/api.w.org\/{rel}","templated":true}]}}