{"id":207618,"date":"2024-03-11T06:50:20","date_gmt":"2024-03-11T10:50:20","guid":{"rendered":"https:\/\/www.eldiario.net\/portal\/?p=207618"},"modified":"2024-03-11T06:50:20","modified_gmt":"2024-03-11T10:50:20","slug":"roscas-en-las-tres-fuerzas-de-la-alp-velan-por-intereses-propios","status":"publish","type":"post","link":"https:\/\/www.eldiario.net\/portal\/2024\/03\/11\/roscas-en-las-tres-fuerzas-de-la-alp-velan-por-intereses-propios\/","title":{"rendered":"Roscas en las tres fuerzas de la  ALP velan por intereses propios"},"content":{"rendered":"<p>Tras las \u00faltimas sesiones de la C\u00e1mara de Diputados, caracterizadas por disputas, confrontaci\u00f3n y hasta agresiones f\u00edsicas para imponer determinados criterios pol\u00edticos, la diputada por Comunidad Ciudadana (CC), Alejandra Camargo, apunt\u00f3 a la falta de mecanismos partidarios de coordinaci\u00f3n como la causa principal para la aparici\u00f3n de roscas que velan por intereses propios al interior de la Asamblea Legislativa Plurinacional (ALP).<br \/>\nDesde sus redes sociales, Camargo se\u00f1al\u00f3 que los recientes bochornos en el Parlamento han dejado en evidencia las \u201cprofundas pugnas internas\u201d en las tres fuerzas pol\u00edticas con representaci\u00f3n parlamentaria, lo que tambi\u00e9n lleva a cuestionar las democracias internas y su efecto directo en el funcionamiento y rol del \u00d3rgano Legislativo.<br \/>\nEn ese sentido, puntualiz\u00f3 que todos los asamble\u00edstas que cuentan con un curul en la ALP fueron electos a trav\u00e9s del voto directo de los bolivianos y que por mandato constitucional, su deber es legislar, fiscalizar y deliberar en base al di\u00e1logo y el consenso, de cara al pueblo boliviano, poniendo de lado diferencias discursivas e ideol\u00f3gicas.<br \/>\n\u201cRecordemos que el objetivo de la deliberaci\u00f3n y del rol parlamentario es y siempre debe ser, por el bienestar com\u00fan de todos los bolivianos porque haciendo uso de su derecho democr\u00e1tico depositaron su confianza y delegaron en ellos su representaci\u00f3n mediante sus votos\u201d, resalt\u00f3 Camargo.<br \/>\nEn criterio de la asamble\u00edsta cochabambina, al d\u00eda de hoy, ya no existe credibilidad en el sistema de partidos y alianzas en oficialismo y oposici\u00f3n, esto debido a la ausencia de estatutos claros, mecanismos eficientes de comunicaci\u00f3n, sociabilizaci\u00f3n y participaci\u00f3n para los parlamentarios, lo que ha permitido la aparici\u00f3n de grupos que aseguran contar con representatividad interna, sin embargo solo velan por intereses propios y de grupos.<br \/>\n\u201cLa creaci\u00f3n de roscas dentro de la ALP, que priorizan sus intereses personales o de sus caudillos, hacen que se olvide por completo las necesidades de Bolivia\u201d, sostuvo.<br \/>\nAnte este panorama, afirm\u00f3 que es necesario \u201cahora m\u00e1s que nunca\u201d cuestionar a los viejos pol\u00edticos, sus formas obsoletas y anacr\u00f3nicas, adem\u00e1s de las pr\u00e1cticas discrecionales, que demasiadas veces han traicionado la confianza del voto y corrompido el rol parlamentario, tanto en el oficialismo como en la oposici\u00f3n.<br \/>\n\u201cParad\u00f3jicamente son estos mismos caudillos quienes luego se llenan la boca de democracia, usando este valor hasta el cansancio en sendas conferencias de prensa, cuando finalmente son ellos quienes ni siquiera la ejercen dentro de sus mismas fuerzas pol\u00edticas\u201d, cuestion\u00f3.<br \/>\nFinaliz\u00f3 exigiendo a los \u201ccaudillos\u201d de todas las fuerzas pol\u00edticas, respetar la democracia, actuar con coherencia en la labor legislativa y parar definitivamente todas las formas de violencia.<\/p>\n","protected":false},"excerpt":{"rendered":"<p>Tras las \u00faltimas sesiones de la C\u00e1mara de Diputados, caracterizadas por disputas, confrontaci\u00f3n y hasta agresiones f\u00edsicas para imponer determinados criterios pol\u00edticos, la diputada por Comunidad Ciudadana (CC), Alejandra Camargo, apunt\u00f3 a la falta de mecanismos partidarios de coordinaci\u00f3n como la causa principal para la aparici\u00f3n de roscas que velan por intereses propios al interior [&hellip;]<\/p>\n","protected":false},"author":1,"featured_media":207619,"comment_status":"open","ping_status":"open","sticky":false,"template":"","format":"standard","meta":{"_acf_changed":false,"footnotes":""},"categories":[14],"tags":[],"class_list":["post-207618","post","type-post","status-publish","format-standard","has-post-thumbnail","category-politica"],"acf":{"antetitulo":"Diputada Alejandra Camargo"},"yoast_head":"<!-- This site is optimized with the Yoast SEO plugin v28.4 - https:\/\/yoast.com\/product\/yoast-seo-wordpress\/ -->\n<title>Roscas en las tres fuerzas de la ALP velan por intereses propios - El Diario - Bolivia<\/title>\n<meta name=\"robots\" content=\"index, follow, max-snippet:-1, max-image-preview:large, max-video-preview:-1\" \/>\n<link rel=\"canonical\" href=\"https:\/\/www.eldiario.net\/portal\/2024\/03\/11\/roscas-en-las-tres-fuerzas-de-la-alp-velan-por-intereses-propios\/\" \/>\n<meta property=\"og:locale\" content=\"es_ES\" \/>\n<meta property=\"og:type\" content=\"article\" \/>\n<meta property=\"og:title\" content=\"Roscas en las tres fuerzas de la ALP velan por intereses propios - El Diario - Bolivia\" \/>\n<meta property=\"og:description\" content=\"Tras las \u00faltimas sesiones de la C\u00e1mara de Diputados, caracterizadas por disputas, confrontaci\u00f3n y hasta agresiones f\u00edsicas para imponer determinados criterios pol\u00edticos, la diputada por Comunidad Ciudadana (CC), Alejandra Camargo, apunt\u00f3 a la falta de mecanismos partidarios de coordinaci\u00f3n como la causa principal para la aparici\u00f3n de roscas que velan por intereses propios al interior [&hellip;]\" \/>\n<meta property=\"og:url\" content=\"https:\/\/www.eldiario.net\/portal\/2024\/03\/11\/roscas-en-las-tres-fuerzas-de-la-alp-velan-por-intereses-propios\/\" \/>\n<meta property=\"og:site_name\" content=\"El Diario - Bolivia\" \/>\n<meta property=\"article:publisher\" content=\"https:\/\/www.facebook.com\/eldiario.bolivia\/\" \/>\n<meta property=\"article:published_time\" content=\"2024-03-11T10:50:20+00:00\" \/>\n<meta property=\"og:image\" content=\"https:\/\/www.eldiario.net\/portal\/wp-content\/uploads\/2024\/03\/Pol-403.jpg\" \/>\n\t<meta property=\"og:image:width\" content=\"1599\" \/>\n\t<meta property=\"og:image:height\" content=\"1066\" \/>\n\t<meta property=\"og:image:type\" content=\"image\/jpeg\" \/>\n<meta name=\"author\" content=\"Jeanette\" \/>\n<meta name=\"twitter:card\" content=\"summary_large_image\" \/>\n<meta name=\"twitter:creator\" content=\"@eldiario_net\" \/>\n<meta name=\"twitter:site\" content=\"@eldiario_net\" \/>\n<meta name=\"twitter:label1\" content=\"Escrito por\" \/>\n\t<meta name=\"twitter:data1\" content=\"Jeanette\" \/>\n\t<meta name=\"twitter:label2\" content=\"Tiempo de lectura\" \/>\n\t<meta name=\"twitter:data2\" content=\"3 minutos\" \/>\n<script type=\"application\/ld+json\" class=\"yoast-schema-graph\">{\"@context\":\"https:\\\/\\\/schema.org\",\"@graph\":[{\"@type\":\"Article\",\"@id\":\"https:\\\/\\\/www.eldiario.net\\\/portal\\\/2024\\\/03\\\/11\\\/roscas-en-las-tres-fuerzas-de-la-alp-velan-por-intereses-propios\\\/#article\",\"isPartOf\":{\"@id\":\"https:\\\/\\\/www.eldiario.net\\\/portal\\\/2024\\\/03\\\/11\\\/roscas-en-las-tres-fuerzas-de-la-alp-velan-por-intereses-propios\\\/\"},\"author\":{\"name\":\"Jeanette\",\"@id\":\"https:\\\/\\\/www.eldiario.net\\\/portal\\\/#\\\/schema\\\/person\\\/2c57cf2b7a7ae032e449e4c9b1019eac\"},\"headline\":\"Roscas en las tres fuerzas de la ALP velan por intereses propios\",\"datePublished\":\"2024-03-11T10:50:20+00:00\",\"mainEntityOfPage\":{\"@id\":\"https:\\\/\\\/www.eldiario.net\\\/portal\\\/2024\\\/03\\\/11\\\/roscas-en-las-tres-fuerzas-de-la-alp-velan-por-intereses-propios\\\/\"},\"wordCount\":471,\"commentCount\":0,\"publisher\":{\"@id\":\"https:\\\/\\\/www.eldiario.net\\\/portal\\\/#organization\"},\"image\":{\"@id\":\"https:\\\/\\\/www.eldiario.net\\\/portal\\\/2024\\\/03\\\/11\\\/roscas-en-las-tres-fuerzas-de-la-alp-velan-por-intereses-propios\\\/#primaryimage\"},\"thumbnailUrl\":\"https:\\\/\\\/www.eldiario.net\\\/portal\\\/wp-content\\\/uploads\\\/2024\\\/03\\\/Pol-403.jpg\",\"articleSection\":[\"Pol\u00edtica\"],\"inLanguage\":\"es\",\"potentialAction\":[{\"@type\":\"CommentAction\",\"name\":\"Comment\",\"target\":[\"https:\\\/\\\/www.eldiario.net\\\/portal\\\/2024\\\/03\\\/11\\\/roscas-en-las-tres-fuerzas-de-la-alp-velan-por-intereses-propios\\\/#respond\"]}]},{\"@type\":\"WebPage\",\"@id\":\"https:\\\/\\\/www.eldiario.net\\\/portal\\\/2024\\\/03\\\/11\\\/roscas-en-las-tres-fuerzas-de-la-alp-velan-por-intereses-propios\\\/\",\"url\":\"https:\\\/\\\/www.eldiario.net\\\/portal\\\/2024\\\/03\\\/11\\\/roscas-en-las-tres-fuerzas-de-la-alp-velan-por-intereses-propios\\\/\",\"name\":\"Roscas en las tres fuerzas de la ALP velan por intereses propios - El Diario - Bolivia\",\"isPartOf\":{\"@id\":\"https:\\\/\\\/www.eldiario.net\\\/portal\\\/#website\"},\"primaryImageOfPage\":{\"@id\":\"https:\\\/\\\/www.eldiario.net\\\/portal\\\/2024\\\/03\\\/11\\\/roscas-en-las-tres-fuerzas-de-la-alp-velan-por-intereses-propios\\\/#primaryimage\"},\"image\":{\"@id\":\"https:\\\/\\\/www.eldiario.net\\\/portal\\\/2024\\\/03\\\/11\\\/roscas-en-las-tres-fuerzas-de-la-alp-velan-por-intereses-propios\\\/#primaryimage\"},\"thumbnailUrl\":\"https:\\\/\\\/www.eldiario.net\\\/portal\\\/wp-content\\\/uploads\\\/2024\\\/03\\\/Pol-403.jpg\",\"datePublished\":\"2024-03-11T10:50:20+00:00\",\"breadcrumb\":{\"@id\":\"https:\\\/\\\/www.eldiario.net\\\/portal\\\/2024\\\/03\\\/11\\\/roscas-en-las-tres-fuerzas-de-la-alp-velan-por-intereses-propios\\\/#breadcrumb\"},\"inLanguage\":\"es\",\"potentialAction\":[{\"@type\":\"ReadAction\",\"target\":[\"https:\\\/\\\/www.eldiario.net\\\/portal\\\/2024\\\/03\\\/11\\\/roscas-en-las-tres-fuerzas-de-la-alp-velan-por-intereses-propios\\\/\"]}]},{\"@type\":\"ImageObject\",\"inLanguage\":\"es\",\"@id\":\"https:\\\/\\\/www.eldiario.net\\\/portal\\\/2024\\\/03\\\/11\\\/roscas-en-las-tres-fuerzas-de-la-alp-velan-por-intereses-propios\\\/#primaryimage\",\"url\":\"https:\\\/\\\/www.eldiario.net\\\/portal\\\/wp-content\\\/uploads\\\/2024\\\/03\\\/Pol-403.jpg\",\"contentUrl\":\"https:\\\/\\\/www.eldiario.net\\\/portal\\\/wp-content\\\/uploads\\\/2024\\\/03\\\/Pol-403.jpg\",\"width\":1599,\"height\":1066,\"caption\":\"ALP. (referencial)\"},{\"@type\":\"BreadcrumbList\",\"@id\":\"https:\\\/\\\/www.eldiario.net\\\/portal\\\/2024\\\/03\\\/11\\\/roscas-en-las-tres-fuerzas-de-la-alp-velan-por-intereses-propios\\\/#breadcrumb\",\"itemListElement\":[{\"@type\":\"ListItem\",\"position\":1,\"name\":\"Portada\",\"item\":\"https:\\\/\\\/www.eldiario.net\\\/portal\\\/\"},{\"@type\":\"ListItem\",\"position\":2,\"name\":\"Roscas en las tres fuerzas de la ALP velan por intereses propios\"}]},{\"@type\":\"WebSite\",\"@id\":\"https:\\\/\\\/www.eldiario.net\\\/portal\\\/#website\",\"url\":\"https:\\\/\\\/www.eldiario.net\\\/portal\\\/\",\"name\":\"El Diario - Decano de la prensa nacional\",\"description\":\"El Diario - Decano de la prensa nacional\",\"publisher\":{\"@id\":\"https:\\\/\\\/www.eldiario.net\\\/portal\\\/#organization\"},\"potentialAction\":[{\"@type\":\"SearchAction\",\"target\":{\"@type\":\"EntryPoint\",\"urlTemplate\":\"https:\\\/\\\/www.eldiario.net\\\/portal\\\/?s={search_term_string}\"},\"query-input\":{\"@type\":\"PropertyValueSpecification\",\"valueRequired\":true,\"valueName\":\"search_term_string\"}}],\"inLanguage\":\"es\"},{\"@type\":\"Organization\",\"@id\":\"https:\\\/\\\/www.eldiario.net\\\/portal\\\/#organization\",\"name\":\"El Diario - Decano de la prensa nacional\",\"url\":\"https:\\\/\\\/www.eldiario.net\\\/portal\\\/\",\"logo\":{\"@type\":\"ImageObject\",\"inLanguage\":\"es\",\"@id\":\"https:\\\/\\\/www.eldiario.net\\\/portal\\\/#\\\/schema\\\/logo\\\/image\\\/\",\"url\":\"https:\\\/\\\/www.eldiario.net\\\/portal\\\/wp-content\\\/uploads\\\/2023\\\/07\\\/logo_ED.jpg\",\"contentUrl\":\"https:\\\/\\\/www.eldiario.net\\\/portal\\\/wp-content\\\/uploads\\\/2023\\\/07\\\/logo_ED.jpg\",\"width\":272,\"height\":52,\"caption\":\"El Diario - Decano de la prensa nacional\"},\"image\":{\"@id\":\"https:\\\/\\\/www.eldiario.net\\\/portal\\\/#\\\/schema\\\/logo\\\/image\\\/\"},\"sameAs\":[\"https:\\\/\\\/www.facebook.com\\\/eldiario.bolivia\\\/\",\"https:\\\/\\\/x.com\\\/eldiario_net\"]},{\"@type\":\"Person\",\"@id\":\"https:\\\/\\\/www.eldiario.net\\\/portal\\\/#\\\/schema\\\/person\\\/2c57cf2b7a7ae032e449e4c9b1019eac\",\"name\":\"Jeanette\",\"image\":{\"@type\":\"ImageObject\",\"inLanguage\":\"es\",\"@id\":\"https:\\\/\\\/secure.gravatar.com\\\/avatar\\\/3ea2118a5f7dad2b7138b1187a6b7ee55f160b9968b66013c3a3ef39dd7e5798?s=96&d=mm&r=g\",\"url\":\"https:\\\/\\\/secure.gravatar.com\\\/avatar\\\/3ea2118a5f7dad2b7138b1187a6b7ee55f160b9968b66013c3a3ef39dd7e5798?s=96&d=mm&r=g\",\"contentUrl\":\"https:\\\/\\\/secure.gravatar.com\\\/avatar\\\/3ea2118a5f7dad2b7138b1187a6b7ee55f160b9968b66013c3a3ef39dd7e5798?s=96&d=mm&r=g\",\"caption\":\"Jeanette\"},\"sameAs\":[\"https:\\\/\\\/www.eldiario.net\\\/portal\"],\"url\":\"https:\\\/\\\/www.eldiario.net\\\/portal\\\/author\\\/jeanette\\\/\"}]}<\/script>\n<!-- \/ Yoast SEO plugin. -->","yoast_head_json":{"title":"Roscas en las tres fuerzas de la ALP velan por intereses propios - El Diario - Bolivia","robots":{"index":"index","follow":"follow","max-snippet":"max-snippet:-1","max-image-preview":"max-image-preview:large","max-video-preview":"max-video-preview:-1"},"canonical":"https:\/\/www.eldiario.net\/portal\/2024\/03\/11\/roscas-en-las-tres-fuerzas-de-la-alp-velan-por-intereses-propios\/","og_locale":"es_ES","og_type":"article","og_title":"Roscas en las tres fuerzas de la ALP velan por intereses propios - El Diario - Bolivia","og_description":"Tras las \u00faltimas sesiones de la C\u00e1mara de Diputados, caracterizadas por disputas, confrontaci\u00f3n y hasta agresiones f\u00edsicas para imponer determinados criterios pol\u00edticos, la diputada por Comunidad Ciudadana (CC), Alejandra Camargo, apunt\u00f3 a la falta de mecanismos partidarios de coordinaci\u00f3n como la causa principal para la aparici\u00f3n de roscas que velan por intereses propios al interior [&hellip;]","og_url":"https:\/\/www.eldiario.net\/portal\/2024\/03\/11\/roscas-en-las-tres-fuerzas-de-la-alp-velan-por-intereses-propios\/","og_site_name":"El Diario - Bolivia","article_publisher":"https:\/\/www.facebook.com\/eldiario.bolivia\/","article_published_time":"2024-03-11T10:50:20+00:00","og_image":[{"width":1599,"height":1066,"url":"https:\/\/www.eldiario.net\/portal\/wp-content\/uploads\/2024\/03\/Pol-403.jpg","type":"image\/jpeg"}],"author":"Jeanette","twitter_card":"summary_large_image","twitter_creator":"@eldiario_net","twitter_site":"@eldiario_net","twitter_misc":{"Escrito por":"Jeanette","Tiempo de lectura":"3 minutos"},"schema":{"@context":"https:\/\/schema.org","@graph":[{"@type":"Article","@id":"https:\/\/www.eldiario.net\/portal\/2024\/03\/11\/roscas-en-las-tres-fuerzas-de-la-alp-velan-por-intereses-propios\/#article","isPartOf":{"@id":"https:\/\/www.eldiario.net\/portal\/2024\/03\/11\/roscas-en-las-tres-fuerzas-de-la-alp-velan-por-intereses-propios\/"},"author":{"name":"Jeanette","@id":"https:\/\/www.eldiario.net\/portal\/#\/schema\/person\/2c57cf2b7a7ae032e449e4c9b1019eac"},"headline":"Roscas en las tres fuerzas de la ALP velan por intereses propios","datePublished":"2024-03-11T10:50:20+00:00","mainEntityOfPage":{"@id":"https:\/\/www.eldiario.net\/portal\/2024\/03\/11\/roscas-en-las-tres-fuerzas-de-la-alp-velan-por-intereses-propios\/"},"wordCount":471,"commentCount":0,"publisher":{"@id":"https:\/\/www.eldiario.net\/portal\/#organization"},"image":{"@id":"https:\/\/www.eldiario.net\/portal\/2024\/03\/11\/roscas-en-las-tres-fuerzas-de-la-alp-velan-por-intereses-propios\/#primaryimage"},"thumbnailUrl":"https:\/\/www.eldiario.net\/portal\/wp-content\/uploads\/2024\/03\/Pol-403.jpg","articleSection":["Pol\u00edtica"],"inLanguage":"es","potentialAction":[{"@type":"CommentAction","name":"Comment","target":["https:\/\/www.eldiario.net\/portal\/2024\/03\/11\/roscas-en-las-tres-fuerzas-de-la-alp-velan-por-intereses-propios\/#respond"]}]},{"@type":"WebPage","@id":"https:\/\/www.eldiario.net\/portal\/2024\/03\/11\/roscas-en-las-tres-fuerzas-de-la-alp-velan-por-intereses-propios\/","url":"https:\/\/www.eldiario.net\/portal\/2024\/03\/11\/roscas-en-las-tres-fuerzas-de-la-alp-velan-por-intereses-propios\/","name":"Roscas en las tres fuerzas de la ALP velan por intereses propios - El Diario - Bolivia","isPartOf":{"@id":"https:\/\/www.eldiario.net\/portal\/#website"},"primaryImageOfPage":{"@id":"https:\/\/www.eldiario.net\/portal\/2024\/03\/11\/roscas-en-las-tres-fuerzas-de-la-alp-velan-por-intereses-propios\/#primaryimage"},"image":{"@id":"https:\/\/www.eldiario.net\/portal\/2024\/03\/11\/roscas-en-las-tres-fuerzas-de-la-alp-velan-por-intereses-propios\/#primaryimage"},"thumbnailUrl":"https:\/\/www.eldiario.net\/portal\/wp-content\/uploads\/2024\/03\/Pol-403.jpg","datePublished":"2024-03-11T10:50:20+00:00","breadcrumb":{"@id":"https:\/\/www.eldiario.net\/portal\/2024\/03\/11\/roscas-en-las-tres-fuerzas-de-la-alp-velan-por-intereses-propios\/#breadcrumb"},"inLanguage":"es","potentialAction":[{"@type":"ReadAction","target":["https:\/\/www.eldiario.net\/portal\/2024\/03\/11\/roscas-en-las-tres-fuerzas-de-la-alp-velan-por-intereses-propios\/"]}]},{"@type":"ImageObject","inLanguage":"es","@id":"https:\/\/www.eldiario.net\/portal\/2024\/03\/11\/roscas-en-las-tres-fuerzas-de-la-alp-velan-por-intereses-propios\/#primaryimage","url":"https:\/\/www.eldiario.net\/portal\/wp-content\/uploads\/2024\/03\/Pol-403.jpg","contentUrl":"https:\/\/www.eldiario.net\/portal\/wp-content\/uploads\/2024\/03\/Pol-403.jpg","width":1599,"height":1066,"caption":"ALP. (referencial)"},{"@type":"BreadcrumbList","@id":"https:\/\/www.eldiario.net\/portal\/2024\/03\/11\/roscas-en-las-tres-fuerzas-de-la-alp-velan-por-intereses-propios\/#breadcrumb","itemListElement":[{"@type":"ListItem","position":1,"name":"Portada","item":"https:\/\/www.eldiario.net\/portal\/"},{"@type":"ListItem","position":2,"name":"Roscas en las tres fuerzas de la ALP velan por intereses propios"}]},{"@type":"WebSite","@id":"https:\/\/www.eldiario.net\/portal\/#website","url":"https:\/\/www.eldiario.net\/portal\/","name":"El Diario - Decano de la prensa nacional","description":"El Diario - Decano de la prensa nacional","publisher":{"@id":"https:\/\/www.eldiario.net\/portal\/#organization"},"potentialAction":[{"@type":"SearchAction","target":{"@type":"EntryPoint","urlTemplate":"https:\/\/www.eldiario.net\/portal\/?s={search_term_string}"},"query-input":{"@type":"PropertyValueSpecification","valueRequired":true,"valueName":"search_term_string"}}],"inLanguage":"es"},{"@type":"Organization","@id":"https:\/\/www.eldiario.net\/portal\/#organization","name":"El Diario - Decano de la prensa nacional","url":"https:\/\/www.eldiario.net\/portal\/","logo":{"@type":"ImageObject","inLanguage":"es","@id":"https:\/\/www.eldiario.net\/portal\/#\/schema\/logo\/image\/","url":"https:\/\/www.eldiario.net\/portal\/wp-content\/uploads\/2023\/07\/logo_ED.jpg","contentUrl":"https:\/\/www.eldiario.net\/portal\/wp-content\/uploads\/2023\/07\/logo_ED.jpg","width":272,"height":52,"caption":"El Diario - Decano de la prensa nacional"},"image":{"@id":"https:\/\/www.eldiario.net\/portal\/#\/schema\/logo\/image\/"},"sameAs":["https:\/\/www.facebook.com\/eldiario.bolivia\/","https:\/\/x.com\/eldiario_net"]},{"@type":"Person","@id":"https:\/\/www.eldiario.net\/portal\/#\/schema\/person\/2c57cf2b7a7ae032e449e4c9b1019eac","name":"Jeanette","image":{"@type":"ImageObject","inLanguage":"es","@id":"https:\/\/secure.gravatar.com\/avatar\/3ea2118a5f7dad2b7138b1187a6b7ee55f160b9968b66013c3a3ef39dd7e5798?s=96&d=mm&r=g","url":"https:\/\/secure.gravatar.com\/avatar\/3ea2118a5f7dad2b7138b1187a6b7ee55f160b9968b66013c3a3ef39dd7e5798?s=96&d=mm&r=g","contentUrl":"https:\/\/secure.gravatar.com\/avatar\/3ea2118a5f7dad2b7138b1187a6b7ee55f160b9968b66013c3a3ef39dd7e5798?s=96&d=mm&r=g","caption":"Jeanette"},"sameAs":["https:\/\/www.eldiario.net\/portal"],"url":"https:\/\/www.eldiario.net\/portal\/author\/jeanette\/"}]}},"_links":{"self":[{"href":"https:\/\/www.eldiario.net\/portal\/wp-json\/wp\/v2\/posts\/207618","targetHints":{"allow":["GET"]}}],"collection":[{"href":"https:\/\/www.eldiario.net\/portal\/wp-json\/wp\/v2\/posts"}],"about":[{"href":"https:\/\/www.eldiario.net\/portal\/wp-json\/wp\/v2\/types\/post"}],"author":[{"embeddable":true,"href":"https:\/\/www.eldiario.net\/portal\/wp-json\/wp\/v2\/users\/1"}],"replies":[{"embeddable":true,"href":"https:\/\/www.eldiario.net\/portal\/wp-json\/wp\/v2\/comments?post=207618"}],"version-history":[{"count":1,"href":"https:\/\/www.eldiario.net\/portal\/wp-json\/wp\/v2\/posts\/207618\/revisions"}],"predecessor-version":[{"id":207620,"href":"https:\/\/www.eldiario.net\/portal\/wp-json\/wp\/v2\/posts\/207618\/revisions\/207620"}],"wp:featuredmedia":[{"embeddable":true,"href":"https:\/\/www.eldiario.net\/portal\/wp-json\/wp\/v2\/media\/207619"}],"wp:attachment":[{"href":"https:\/\/www.eldiario.net\/portal\/wp-json\/wp\/v2\/media?parent=207618"}],"wp:term":[{"taxonomy":"category","embeddable":true,"href":"https:\/\/www.eldiario.net\/portal\/wp-json\/wp\/v2\/categories?post=207618"},{"taxonomy":"post_tag","embeddable":true,"href":"https:\/\/www.eldiario.net\/portal\/wp-json\/wp\/v2\/tags?post=207618"}],"curies":[{"name":"wp","href":"https:\/\/api.w.org\/{rel}","templated":true}]}}