{"id":207615,"date":"2024-03-11T06:49:20","date_gmt":"2024-03-11T10:49:20","guid":{"rendered":"https:\/\/www.eldiario.net\/portal\/?p=207615"},"modified":"2024-03-11T06:49:20","modified_gmt":"2024-03-11T10:49:20","slug":"piden-que-rodriguez-y-huaytari-respeten-acuerdos-de-coordinacion","status":"publish","type":"post","link":"https:\/\/www.eldiario.net\/portal\/2024\/03\/11\/piden-que-rodriguez-y-huaytari-respeten-acuerdos-de-coordinacion\/","title":{"rendered":"Piden que Rodr\u00edguez y Huaytari  respeten acuerdos de coordinaci\u00f3n"},"content":{"rendered":"<p>Destacando el acercamiento entre los presidentes de las C\u00e1maras de Senadores y Diputados, Andr\u00f3nico Rodr\u00edguez e Israel Huaytari, respectivamente, para viabilizar la posible aprobaci\u00f3n de leyes contra la pr\u00f3rroga judicial y cr\u00e9ditos internacionales, la senadora por la agrupaci\u00f3n Creemos, Centa Rek, pidi\u00f3 que ambas autoridades legislativas respeten su palabra y no traicionen nuevamente estos acuerdos.<br \/>\nEn declaraciones a medios de prensa de la capital oriental, la asamble\u00edsta nacional salud\u00f3 la predisposici\u00f3n demostrada por Rodr\u00edguez y Huaytari pidiendo que de las palabras se pase a los hechos, sesionando para dar certezas a la poblaci\u00f3n y dejando atr\u00e1s los escenarios de violencia.<br \/>\n\u201cLo que yo veo es una expresi\u00f3n de voluntades para solucionar temas que cada d\u00eda generan reacciones violentas. No estamos cumpliendo con una agenda legislativa sino m\u00e1s bien una de violencia\u201d, dijo.<br \/>\nAgreg\u00f3 que desde la oposici\u00f3n se continuar\u00e1 exigiendo tratar con prioridad los proyectos de ley para poner fin a la ilegal pr\u00f3rroga judicial, como se acord\u00f3 inicialmente en el pacto suscrito por las tres fuerzas pol\u00edticas para viabilizar la preselecci\u00f3n de candidatos a las elecciones judiciales.<br \/>\nSobre el cumplimiento de los supuestos acuerdos anunciados por los titulares del Senado y Diputados, Rek se\u00f1al\u00f3 tener dudas sobre la palabra del Huaytari, pues en las \u00faltimas sesiones de la C\u00e1mara Baja se ha demostrado incapacidad para respetar acuerdos, al punto de haber convertido a esa instancia legislativa en un lugar no apto para el debate pac\u00edfico.<br \/>\n\u201cDice una cosa y luego borra con el codo lo que dijo, esperemos que esta vez tenga una conducta diferente porque realmente ha transformado la C\u00e1mara de Diputados en un gallinero, no es un lugar de debates\u201d, expres\u00f3 la senadora, pidiendo que los anuncios no sean solamente una excusa para salir en fotos y luego traicionar acuerdos.<br \/>\nEl viernes, se\u00f1alando que se antepondr\u00e1n los intereses nacionales, los presidentes de las C\u00e1maras de Senadores y Diputados, Andr\u00f3nico Rodr\u00edguez e Israel Huaytari, respectivamente, anunciaron que se estudia la posibilidad de tratar los proyectos de ley contra la pr\u00f3rroga judicial y los cr\u00e9ditos internacionales, por separado.<br \/>\nMediante una conferencia de prensa conjunta, ambas autoridades dieron a conocer su predisposici\u00f3n para trabajar de manera coordinada y en unidad por el bien del pa\u00eds, dejando de lado posiciones radicales.<br \/>\nEn ese marco, se se\u00f1al\u00f3 que existe predisposici\u00f3n para que los proyectos de ley 073 y 075, puedan volver a ser tratados en la C\u00e1mara Baja, en cumplimiento de los acuerdos alcanzados por la \u201cComisi\u00f3n Bicameral Multipartidaria\u201d, mientras el Senado avanza en el tratamiento de los cr\u00e9ditos internacionales.<br \/>\nEl titular del Senado, Andr\u00f3nico Rodr\u00edguez, indic\u00f3 que existen dos C\u00e1maras, pero una sola Asamblea Legislativa y se necesita dar certidumbre al pa\u00eds, anteponiendo intereses particulares.<br \/>\nPor su parte, Huaytari indic\u00f3 que es importante la unidad entre ambas c\u00e1maras legislativas, por lo que es necesaria una coordinaci\u00f3n, comunicaci\u00f3n constante y dejar de lado los intereses particulares.<\/p>\n","protected":false},"excerpt":{"rendered":"<p>Destacando el acercamiento entre los presidentes de las C\u00e1maras de Senadores y Diputados, Andr\u00f3nico Rodr\u00edguez e Israel Huaytari, respectivamente, para viabilizar la posible aprobaci\u00f3n de leyes contra la pr\u00f3rroga judicial y cr\u00e9ditos internacionales, la senadora por la agrupaci\u00f3n Creemos, Centa Rek, pidi\u00f3 que ambas autoridades legislativas respeten su palabra y no traicionen nuevamente estos acuerdos. [&hellip;]<\/p>\n","protected":false},"author":1,"featured_media":207616,"comment_status":"open","ping_status":"open","sticky":false,"template":"","format":"standard","meta":{"_acf_changed":false,"footnotes":""},"categories":[14],"tags":[],"class_list":["post-207615","post","type-post","status-publish","format-standard","has-post-thumbnail","category-politica"],"acf":{"antetitulo":"Llaman a dejar violencia atr\u00e1s"},"yoast_head":"<!-- This site is optimized with the Yoast SEO plugin v28.4 - https:\/\/yoast.com\/product\/yoast-seo-wordpress\/ -->\n<title>Piden que Rodr\u00edguez y Huaytari respeten acuerdos de coordinaci\u00f3n - El Diario - Bolivia<\/title>\n<meta name=\"robots\" content=\"index, follow, max-snippet:-1, max-image-preview:large, max-video-preview:-1\" \/>\n<link rel=\"canonical\" href=\"https:\/\/www.eldiario.net\/portal\/2024\/03\/11\/piden-que-rodriguez-y-huaytari-respeten-acuerdos-de-coordinacion\/\" \/>\n<meta property=\"og:locale\" content=\"es_ES\" \/>\n<meta property=\"og:type\" content=\"article\" \/>\n<meta property=\"og:title\" content=\"Piden que Rodr\u00edguez y Huaytari respeten acuerdos de coordinaci\u00f3n - El Diario - Bolivia\" \/>\n<meta property=\"og:description\" content=\"Destacando el acercamiento entre los presidentes de las C\u00e1maras de Senadores y Diputados, Andr\u00f3nico Rodr\u00edguez e Israel Huaytari, respectivamente, para viabilizar la posible aprobaci\u00f3n de leyes contra la pr\u00f3rroga judicial y cr\u00e9ditos internacionales, la senadora por la agrupaci\u00f3n Creemos, Centa Rek, pidi\u00f3 que ambas autoridades legislativas respeten su palabra y no traicionen nuevamente estos acuerdos. [&hellip;]\" \/>\n<meta property=\"og:url\" content=\"https:\/\/www.eldiario.net\/portal\/2024\/03\/11\/piden-que-rodriguez-y-huaytari-respeten-acuerdos-de-coordinacion\/\" \/>\n<meta property=\"og:site_name\" content=\"El Diario - Bolivia\" \/>\n<meta property=\"article:publisher\" content=\"https:\/\/www.facebook.com\/eldiario.bolivia\/\" \/>\n<meta property=\"article:published_time\" content=\"2024-03-11T10:49:20+00:00\" \/>\n<meta property=\"og:image\" content=\"https:\/\/www.eldiario.net\/portal\/wp-content\/uploads\/2024\/03\/Pol-404.jpg\" \/>\n\t<meta property=\"og:image:width\" content=\"1280\" \/>\n\t<meta property=\"og:image:height\" content=\"960\" \/>\n\t<meta property=\"og:image:type\" content=\"image\/jpeg\" \/>\n<meta name=\"author\" content=\"Jeanette\" \/>\n<meta name=\"twitter:card\" content=\"summary_large_image\" \/>\n<meta name=\"twitter:creator\" content=\"@eldiario_net\" \/>\n<meta name=\"twitter:site\" content=\"@eldiario_net\" \/>\n<meta name=\"twitter:label1\" content=\"Escrito por\" \/>\n\t<meta name=\"twitter:data1\" content=\"Jeanette\" \/>\n\t<meta name=\"twitter:label2\" content=\"Tiempo de lectura\" \/>\n\t<meta name=\"twitter:data2\" content=\"3 minutos\" \/>\n<script type=\"application\/ld+json\" class=\"yoast-schema-graph\">{\"@context\":\"https:\\\/\\\/schema.org\",\"@graph\":[{\"@type\":\"Article\",\"@id\":\"https:\\\/\\\/www.eldiario.net\\\/portal\\\/2024\\\/03\\\/11\\\/piden-que-rodriguez-y-huaytari-respeten-acuerdos-de-coordinacion\\\/#article\",\"isPartOf\":{\"@id\":\"https:\\\/\\\/www.eldiario.net\\\/portal\\\/2024\\\/03\\\/11\\\/piden-que-rodriguez-y-huaytari-respeten-acuerdos-de-coordinacion\\\/\"},\"author\":{\"name\":\"Jeanette\",\"@id\":\"https:\\\/\\\/www.eldiario.net\\\/portal\\\/#\\\/schema\\\/person\\\/2c57cf2b7a7ae032e449e4c9b1019eac\"},\"headline\":\"Piden que Rodr\u00edguez y Huaytari respeten acuerdos de coordinaci\u00f3n\",\"datePublished\":\"2024-03-11T10:49:20+00:00\",\"mainEntityOfPage\":{\"@id\":\"https:\\\/\\\/www.eldiario.net\\\/portal\\\/2024\\\/03\\\/11\\\/piden-que-rodriguez-y-huaytari-respeten-acuerdos-de-coordinacion\\\/\"},\"wordCount\":527,\"commentCount\":0,\"publisher\":{\"@id\":\"https:\\\/\\\/www.eldiario.net\\\/portal\\\/#organization\"},\"image\":{\"@id\":\"https:\\\/\\\/www.eldiario.net\\\/portal\\\/2024\\\/03\\\/11\\\/piden-que-rodriguez-y-huaytari-respeten-acuerdos-de-coordinacion\\\/#primaryimage\"},\"thumbnailUrl\":\"https:\\\/\\\/www.eldiario.net\\\/portal\\\/wp-content\\\/uploads\\\/2024\\\/03\\\/Pol-404.jpg\",\"articleSection\":[\"Pol\u00edtica\"],\"inLanguage\":\"es\",\"potentialAction\":[{\"@type\":\"CommentAction\",\"name\":\"Comment\",\"target\":[\"https:\\\/\\\/www.eldiario.net\\\/portal\\\/2024\\\/03\\\/11\\\/piden-que-rodriguez-y-huaytari-respeten-acuerdos-de-coordinacion\\\/#respond\"]}]},{\"@type\":\"WebPage\",\"@id\":\"https:\\\/\\\/www.eldiario.net\\\/portal\\\/2024\\\/03\\\/11\\\/piden-que-rodriguez-y-huaytari-respeten-acuerdos-de-coordinacion\\\/\",\"url\":\"https:\\\/\\\/www.eldiario.net\\\/portal\\\/2024\\\/03\\\/11\\\/piden-que-rodriguez-y-huaytari-respeten-acuerdos-de-coordinacion\\\/\",\"name\":\"Piden que Rodr\u00edguez y Huaytari respeten acuerdos de coordinaci\u00f3n - El Diario - Bolivia\",\"isPartOf\":{\"@id\":\"https:\\\/\\\/www.eldiario.net\\\/portal\\\/#website\"},\"primaryImageOfPage\":{\"@id\":\"https:\\\/\\\/www.eldiario.net\\\/portal\\\/2024\\\/03\\\/11\\\/piden-que-rodriguez-y-huaytari-respeten-acuerdos-de-coordinacion\\\/#primaryimage\"},\"image\":{\"@id\":\"https:\\\/\\\/www.eldiario.net\\\/portal\\\/2024\\\/03\\\/11\\\/piden-que-rodriguez-y-huaytari-respeten-acuerdos-de-coordinacion\\\/#primaryimage\"},\"thumbnailUrl\":\"https:\\\/\\\/www.eldiario.net\\\/portal\\\/wp-content\\\/uploads\\\/2024\\\/03\\\/Pol-404.jpg\",\"datePublished\":\"2024-03-11T10:49:20+00:00\",\"breadcrumb\":{\"@id\":\"https:\\\/\\\/www.eldiario.net\\\/portal\\\/2024\\\/03\\\/11\\\/piden-que-rodriguez-y-huaytari-respeten-acuerdos-de-coordinacion\\\/#breadcrumb\"},\"inLanguage\":\"es\",\"potentialAction\":[{\"@type\":\"ReadAction\",\"target\":[\"https:\\\/\\\/www.eldiario.net\\\/portal\\\/2024\\\/03\\\/11\\\/piden-que-rodriguez-y-huaytari-respeten-acuerdos-de-coordinacion\\\/\"]}]},{\"@type\":\"ImageObject\",\"inLanguage\":\"es\",\"@id\":\"https:\\\/\\\/www.eldiario.net\\\/portal\\\/2024\\\/03\\\/11\\\/piden-que-rodriguez-y-huaytari-respeten-acuerdos-de-coordinacion\\\/#primaryimage\",\"url\":\"https:\\\/\\\/www.eldiario.net\\\/portal\\\/wp-content\\\/uploads\\\/2024\\\/03\\\/Pol-404.jpg\",\"contentUrl\":\"https:\\\/\\\/www.eldiario.net\\\/portal\\\/wp-content\\\/uploads\\\/2024\\\/03\\\/Pol-404.jpg\",\"width\":1280,\"height\":960,\"caption\":\"Titulares de Diputados y Senadores en conferencia. RRSS\"},{\"@type\":\"BreadcrumbList\",\"@id\":\"https:\\\/\\\/www.eldiario.net\\\/portal\\\/2024\\\/03\\\/11\\\/piden-que-rodriguez-y-huaytari-respeten-acuerdos-de-coordinacion\\\/#breadcrumb\",\"itemListElement\":[{\"@type\":\"ListItem\",\"position\":1,\"name\":\"Portada\",\"item\":\"https:\\\/\\\/www.eldiario.net\\\/portal\\\/\"},{\"@type\":\"ListItem\",\"position\":2,\"name\":\"Piden que Rodr\u00edguez y Huaytari respeten acuerdos de coordinaci\u00f3n\"}]},{\"@type\":\"WebSite\",\"@id\":\"https:\\\/\\\/www.eldiario.net\\\/portal\\\/#website\",\"url\":\"https:\\\/\\\/www.eldiario.net\\\/portal\\\/\",\"name\":\"El Diario - Decano de la prensa nacional\",\"description\":\"El Diario - Decano de la prensa nacional\",\"publisher\":{\"@id\":\"https:\\\/\\\/www.eldiario.net\\\/portal\\\/#organization\"},\"potentialAction\":[{\"@type\":\"SearchAction\",\"target\":{\"@type\":\"EntryPoint\",\"urlTemplate\":\"https:\\\/\\\/www.eldiario.net\\\/portal\\\/?s={search_term_string}\"},\"query-input\":{\"@type\":\"PropertyValueSpecification\",\"valueRequired\":true,\"valueName\":\"search_term_string\"}}],\"inLanguage\":\"es\"},{\"@type\":\"Organization\",\"@id\":\"https:\\\/\\\/www.eldiario.net\\\/portal\\\/#organization\",\"name\":\"El Diario - Decano de la prensa nacional\",\"url\":\"https:\\\/\\\/www.eldiario.net\\\/portal\\\/\",\"logo\":{\"@type\":\"ImageObject\",\"inLanguage\":\"es\",\"@id\":\"https:\\\/\\\/www.eldiario.net\\\/portal\\\/#\\\/schema\\\/logo\\\/image\\\/\",\"url\":\"https:\\\/\\\/www.eldiario.net\\\/portal\\\/wp-content\\\/uploads\\\/2023\\\/07\\\/logo_ED.jpg\",\"contentUrl\":\"https:\\\/\\\/www.eldiario.net\\\/portal\\\/wp-content\\\/uploads\\\/2023\\\/07\\\/logo_ED.jpg\",\"width\":272,\"height\":52,\"caption\":\"El Diario - Decano de la prensa nacional\"},\"image\":{\"@id\":\"https:\\\/\\\/www.eldiario.net\\\/portal\\\/#\\\/schema\\\/logo\\\/image\\\/\"},\"sameAs\":[\"https:\\\/\\\/www.facebook.com\\\/eldiario.bolivia\\\/\",\"https:\\\/\\\/x.com\\\/eldiario_net\"]},{\"@type\":\"Person\",\"@id\":\"https:\\\/\\\/www.eldiario.net\\\/portal\\\/#\\\/schema\\\/person\\\/2c57cf2b7a7ae032e449e4c9b1019eac\",\"name\":\"Jeanette\",\"image\":{\"@type\":\"ImageObject\",\"inLanguage\":\"es\",\"@id\":\"https:\\\/\\\/secure.gravatar.com\\\/avatar\\\/3ea2118a5f7dad2b7138b1187a6b7ee55f160b9968b66013c3a3ef39dd7e5798?s=96&d=mm&r=g\",\"url\":\"https:\\\/\\\/secure.gravatar.com\\\/avatar\\\/3ea2118a5f7dad2b7138b1187a6b7ee55f160b9968b66013c3a3ef39dd7e5798?s=96&d=mm&r=g\",\"contentUrl\":\"https:\\\/\\\/secure.gravatar.com\\\/avatar\\\/3ea2118a5f7dad2b7138b1187a6b7ee55f160b9968b66013c3a3ef39dd7e5798?s=96&d=mm&r=g\",\"caption\":\"Jeanette\"},\"sameAs\":[\"https:\\\/\\\/www.eldiario.net\\\/portal\"],\"url\":\"https:\\\/\\\/www.eldiario.net\\\/portal\\\/author\\\/jeanette\\\/\"}]}<\/script>\n<!-- \/ Yoast SEO plugin. -->","yoast_head_json":{"title":"Piden que Rodr\u00edguez y Huaytari respeten acuerdos de coordinaci\u00f3n - El Diario - Bolivia","robots":{"index":"index","follow":"follow","max-snippet":"max-snippet:-1","max-image-preview":"max-image-preview:large","max-video-preview":"max-video-preview:-1"},"canonical":"https:\/\/www.eldiario.net\/portal\/2024\/03\/11\/piden-que-rodriguez-y-huaytari-respeten-acuerdos-de-coordinacion\/","og_locale":"es_ES","og_type":"article","og_title":"Piden que Rodr\u00edguez y Huaytari respeten acuerdos de coordinaci\u00f3n - El Diario - Bolivia","og_description":"Destacando el acercamiento entre los presidentes de las C\u00e1maras de Senadores y Diputados, Andr\u00f3nico Rodr\u00edguez e Israel Huaytari, respectivamente, para viabilizar la posible aprobaci\u00f3n de leyes contra la pr\u00f3rroga judicial y cr\u00e9ditos internacionales, la senadora por la agrupaci\u00f3n Creemos, Centa Rek, pidi\u00f3 que ambas autoridades legislativas respeten su palabra y no traicionen nuevamente estos acuerdos. [&hellip;]","og_url":"https:\/\/www.eldiario.net\/portal\/2024\/03\/11\/piden-que-rodriguez-y-huaytari-respeten-acuerdos-de-coordinacion\/","og_site_name":"El Diario - Bolivia","article_publisher":"https:\/\/www.facebook.com\/eldiario.bolivia\/","article_published_time":"2024-03-11T10:49:20+00:00","og_image":[{"width":1280,"height":960,"url":"https:\/\/www.eldiario.net\/portal\/wp-content\/uploads\/2024\/03\/Pol-404.jpg","type":"image\/jpeg"}],"author":"Jeanette","twitter_card":"summary_large_image","twitter_creator":"@eldiario_net","twitter_site":"@eldiario_net","twitter_misc":{"Escrito por":"Jeanette","Tiempo de lectura":"3 minutos"},"schema":{"@context":"https:\/\/schema.org","@graph":[{"@type":"Article","@id":"https:\/\/www.eldiario.net\/portal\/2024\/03\/11\/piden-que-rodriguez-y-huaytari-respeten-acuerdos-de-coordinacion\/#article","isPartOf":{"@id":"https:\/\/www.eldiario.net\/portal\/2024\/03\/11\/piden-que-rodriguez-y-huaytari-respeten-acuerdos-de-coordinacion\/"},"author":{"name":"Jeanette","@id":"https:\/\/www.eldiario.net\/portal\/#\/schema\/person\/2c57cf2b7a7ae032e449e4c9b1019eac"},"headline":"Piden que Rodr\u00edguez y Huaytari respeten acuerdos de coordinaci\u00f3n","datePublished":"2024-03-11T10:49:20+00:00","mainEntityOfPage":{"@id":"https:\/\/www.eldiario.net\/portal\/2024\/03\/11\/piden-que-rodriguez-y-huaytari-respeten-acuerdos-de-coordinacion\/"},"wordCount":527,"commentCount":0,"publisher":{"@id":"https:\/\/www.eldiario.net\/portal\/#organization"},"image":{"@id":"https:\/\/www.eldiario.net\/portal\/2024\/03\/11\/piden-que-rodriguez-y-huaytari-respeten-acuerdos-de-coordinacion\/#primaryimage"},"thumbnailUrl":"https:\/\/www.eldiario.net\/portal\/wp-content\/uploads\/2024\/03\/Pol-404.jpg","articleSection":["Pol\u00edtica"],"inLanguage":"es","potentialAction":[{"@type":"CommentAction","name":"Comment","target":["https:\/\/www.eldiario.net\/portal\/2024\/03\/11\/piden-que-rodriguez-y-huaytari-respeten-acuerdos-de-coordinacion\/#respond"]}]},{"@type":"WebPage","@id":"https:\/\/www.eldiario.net\/portal\/2024\/03\/11\/piden-que-rodriguez-y-huaytari-respeten-acuerdos-de-coordinacion\/","url":"https:\/\/www.eldiario.net\/portal\/2024\/03\/11\/piden-que-rodriguez-y-huaytari-respeten-acuerdos-de-coordinacion\/","name":"Piden que Rodr\u00edguez y Huaytari respeten acuerdos de coordinaci\u00f3n - El Diario - Bolivia","isPartOf":{"@id":"https:\/\/www.eldiario.net\/portal\/#website"},"primaryImageOfPage":{"@id":"https:\/\/www.eldiario.net\/portal\/2024\/03\/11\/piden-que-rodriguez-y-huaytari-respeten-acuerdos-de-coordinacion\/#primaryimage"},"image":{"@id":"https:\/\/www.eldiario.net\/portal\/2024\/03\/11\/piden-que-rodriguez-y-huaytari-respeten-acuerdos-de-coordinacion\/#primaryimage"},"thumbnailUrl":"https:\/\/www.eldiario.net\/portal\/wp-content\/uploads\/2024\/03\/Pol-404.jpg","datePublished":"2024-03-11T10:49:20+00:00","breadcrumb":{"@id":"https:\/\/www.eldiario.net\/portal\/2024\/03\/11\/piden-que-rodriguez-y-huaytari-respeten-acuerdos-de-coordinacion\/#breadcrumb"},"inLanguage":"es","potentialAction":[{"@type":"ReadAction","target":["https:\/\/www.eldiario.net\/portal\/2024\/03\/11\/piden-que-rodriguez-y-huaytari-respeten-acuerdos-de-coordinacion\/"]}]},{"@type":"ImageObject","inLanguage":"es","@id":"https:\/\/www.eldiario.net\/portal\/2024\/03\/11\/piden-que-rodriguez-y-huaytari-respeten-acuerdos-de-coordinacion\/#primaryimage","url":"https:\/\/www.eldiario.net\/portal\/wp-content\/uploads\/2024\/03\/Pol-404.jpg","contentUrl":"https:\/\/www.eldiario.net\/portal\/wp-content\/uploads\/2024\/03\/Pol-404.jpg","width":1280,"height":960,"caption":"Titulares de Diputados y Senadores en conferencia. RRSS"},{"@type":"BreadcrumbList","@id":"https:\/\/www.eldiario.net\/portal\/2024\/03\/11\/piden-que-rodriguez-y-huaytari-respeten-acuerdos-de-coordinacion\/#breadcrumb","itemListElement":[{"@type":"ListItem","position":1,"name":"Portada","item":"https:\/\/www.eldiario.net\/portal\/"},{"@type":"ListItem","position":2,"name":"Piden que Rodr\u00edguez y Huaytari respeten acuerdos de coordinaci\u00f3n"}]},{"@type":"WebSite","@id":"https:\/\/www.eldiario.net\/portal\/#website","url":"https:\/\/www.eldiario.net\/portal\/","name":"El Diario - Decano de la prensa nacional","description":"El Diario - Decano de la prensa nacional","publisher":{"@id":"https:\/\/www.eldiario.net\/portal\/#organization"},"potentialAction":[{"@type":"SearchAction","target":{"@type":"EntryPoint","urlTemplate":"https:\/\/www.eldiario.net\/portal\/?s={search_term_string}"},"query-input":{"@type":"PropertyValueSpecification","valueRequired":true,"valueName":"search_term_string"}}],"inLanguage":"es"},{"@type":"Organization","@id":"https:\/\/www.eldiario.net\/portal\/#organization","name":"El Diario - Decano de la prensa nacional","url":"https:\/\/www.eldiario.net\/portal\/","logo":{"@type":"ImageObject","inLanguage":"es","@id":"https:\/\/www.eldiario.net\/portal\/#\/schema\/logo\/image\/","url":"https:\/\/www.eldiario.net\/portal\/wp-content\/uploads\/2023\/07\/logo_ED.jpg","contentUrl":"https:\/\/www.eldiario.net\/portal\/wp-content\/uploads\/2023\/07\/logo_ED.jpg","width":272,"height":52,"caption":"El Diario - Decano de la prensa nacional"},"image":{"@id":"https:\/\/www.eldiario.net\/portal\/#\/schema\/logo\/image\/"},"sameAs":["https:\/\/www.facebook.com\/eldiario.bolivia\/","https:\/\/x.com\/eldiario_net"]},{"@type":"Person","@id":"https:\/\/www.eldiario.net\/portal\/#\/schema\/person\/2c57cf2b7a7ae032e449e4c9b1019eac","name":"Jeanette","image":{"@type":"ImageObject","inLanguage":"es","@id":"https:\/\/secure.gravatar.com\/avatar\/3ea2118a5f7dad2b7138b1187a6b7ee55f160b9968b66013c3a3ef39dd7e5798?s=96&d=mm&r=g","url":"https:\/\/secure.gravatar.com\/avatar\/3ea2118a5f7dad2b7138b1187a6b7ee55f160b9968b66013c3a3ef39dd7e5798?s=96&d=mm&r=g","contentUrl":"https:\/\/secure.gravatar.com\/avatar\/3ea2118a5f7dad2b7138b1187a6b7ee55f160b9968b66013c3a3ef39dd7e5798?s=96&d=mm&r=g","caption":"Jeanette"},"sameAs":["https:\/\/www.eldiario.net\/portal"],"url":"https:\/\/www.eldiario.net\/portal\/author\/jeanette\/"}]}},"_links":{"self":[{"href":"https:\/\/www.eldiario.net\/portal\/wp-json\/wp\/v2\/posts\/207615","targetHints":{"allow":["GET"]}}],"collection":[{"href":"https:\/\/www.eldiario.net\/portal\/wp-json\/wp\/v2\/posts"}],"about":[{"href":"https:\/\/www.eldiario.net\/portal\/wp-json\/wp\/v2\/types\/post"}],"author":[{"embeddable":true,"href":"https:\/\/www.eldiario.net\/portal\/wp-json\/wp\/v2\/users\/1"}],"replies":[{"embeddable":true,"href":"https:\/\/www.eldiario.net\/portal\/wp-json\/wp\/v2\/comments?post=207615"}],"version-history":[{"count":1,"href":"https:\/\/www.eldiario.net\/portal\/wp-json\/wp\/v2\/posts\/207615\/revisions"}],"predecessor-version":[{"id":207617,"href":"https:\/\/www.eldiario.net\/portal\/wp-json\/wp\/v2\/posts\/207615\/revisions\/207617"}],"wp:featuredmedia":[{"embeddable":true,"href":"https:\/\/www.eldiario.net\/portal\/wp-json\/wp\/v2\/media\/207616"}],"wp:attachment":[{"href":"https:\/\/www.eldiario.net\/portal\/wp-json\/wp\/v2\/media?parent=207615"}],"wp:term":[{"taxonomy":"category","embeddable":true,"href":"https:\/\/www.eldiario.net\/portal\/wp-json\/wp\/v2\/categories?post=207615"},{"taxonomy":"post_tag","embeddable":true,"href":"https:\/\/www.eldiario.net\/portal\/wp-json\/wp\/v2\/tags?post=207615"}],"curies":[{"name":"wp","href":"https:\/\/api.w.org\/{rel}","templated":true}]}}