{"id":207613,"date":"2024-03-11T06:47:44","date_gmt":"2024-03-11T10:47:44","guid":{"rendered":"https:\/\/www.eldiario.net\/portal\/?p=207613"},"modified":"2024-03-11T06:47:44","modified_gmt":"2024-03-11T10:47:44","slug":"gabriel-boric-llega-a-mitad-de-su-mandato-desgastado","status":"publish","type":"post","link":"https:\/\/www.eldiario.net\/portal\/2024\/03\/11\/gabriel-boric-llega-a-mitad-de-su-mandato-desgastado\/","title":{"rendered":"Gabriel Boric llega a mitad de su mandato desgastado"},"content":{"rendered":"<p>El presidente chileno, Gabriel Boric, cumple hoy dos complejos a\u00f1os en el poder, marcados por el fracaso constitucional y la ola de incendios m\u00e1s mort\u00edfera de la historia, y con los principales deberes de su ambiciosa agenda de cambios pendientes de cumplir.<br \/>\nBoric, que se instal\u00f3 en La Moneda el 11 de marzo de 2022 entre grandes expectativas y tras una dura contienda con la derecha, llega al ecuador de su mandato con un liderazgo debilitado, una aprobaci\u00f3n que no consigue levantar y con mucho m\u00e1s reconocimiento fuera que dentro de su propio pa\u00eds.<br \/>\nTras dos intentos de cambio fallidos, Chile opt\u00f3 en diciembre por mantener la Constituci\u00f3n actual, heredera de la dictadura (1973-1990). Sin margen para una tercera oportunidad, Boric se\u00f1al\u00f3 que \u00ablas urgencias\u00bb ciudadanas cambiaron y mencion\u00f3 sus reformas estrella, la de pensiones y la tributaria, y el crecimiento econ\u00f3mico tras un a\u00f1o con nulos resultados.<br \/>\nCAMBIO DE<br \/>\nPRIORIDADES<br \/>\nBoric, de 38 a\u00f1os, gobierna con un Congreso muy fragmentado, donde su coalici\u00f3n est\u00e1 en minor\u00eda y en el que mantiene un pulso permanente con la oposici\u00f3n, que obstaculiz\u00f3 varias veces los avances de sus proyectos.<br \/>\n\u00abEs poco probable que salgan adelante por el desgaste del Ejecutivo y el nivel de polarizaci\u00f3n del sistema pol\u00edtico chileno, que forma parte de un \u2018clima de \u00e9poca\u2019 que atraviesa la regi\u00f3n y otras partes del mundo\u00bb, sostuvo a EFE el director de la Facultad Latinoamericana de Ciencias Sociales (Flacso-Chile), Fabricio Franco Mayorga.<br \/>\nEn cambio, el gran tema que la oposici\u00f3n logr\u00f3 instalar con fuerza hasta copar todas las agendas fue la seguridad, por el aumento del crimen organizado en el pa\u00eds que, si bien se mantiene entre los m\u00e1s seguros de la regi\u00f3n, registr\u00f3 un alza considerable de los cr\u00edmenes violentos.<br \/>\n\u00abHemos reordenado nuestras prioridades y lo seguiremos haciendo\u00bb, dijo Boric en junio durante su discurso de la Cuenta P\u00fablica, tras convertir el asunto en una de las principales preocupaciones de su equipo.<br \/>\nPara Anna Ayuso, si bien en materia de seguridad, Boric es \u00abm\u00e1s moderado\u00bb que otros l\u00edderes latinoamericanos, \u00absu problema es que no contenta a nadie\u00bb: ni a quienes piden m\u00e1s mano dura contra la delincuencia, ni a quienes rechazan el exceso de punitivismo o la militarizaci\u00f3n del sur del pa\u00eds.<br \/>\nDERECHOS HUMANOS POR BANDERA<br \/>\nBoric, que s\u00ed logr\u00f3 aprobar las 40 horas laborales y un aumento hist\u00f3rico del salario m\u00ednimo, se destac\u00f3 por la defensa de los derechos humanos, una bandera que tom\u00f3 con fuerza e hizo suya tanto dentro del pa\u00eds como fuera.<br \/>\nImpuls\u00f3 un in\u00e9dito plan de b\u00fasqueda de v\u00edctimas desaparecidas durante la dictadura y critic\u00f3 duramente los reg\u00edmenes de Venezuela y Nicaragua, y se posicion\u00f3 contra la ofensiva israel\u00ed en Gaza.<br \/>\nLA MANCHA DE LA CORRUPCI\u00d3N<br \/>\nLa mancha m\u00e1s grande que por ahora, enturbia su gesti\u00f3n se revel\u00f3 en junio, con el llamado Caso Convenios, una trama de supuestas irregularidades en el traspaso de subvenciones p\u00fablicas a fundaciones privadas.<br \/>\nEl esc\u00e1ndalo cost\u00f3 a Boric uno de los momentos m\u00e1s duros de este segundo a\u00f1o: la renuncia del exministro de Desarrollo Social e \u00edntimo amigo, Giorgio Jackson, fundador del partido de la coalici\u00f3n gubernamental Revoluci\u00f3n Democr\u00e1tica (RD), vinculado a una de las fundaciones.<br \/>\nLas elecciones municipales y regionales de finales de a\u00f1o medir\u00e1n la factura que este pol\u00e9mico caso pas\u00f3 tanto a RD como a su coalici\u00f3n principal, el izquierdista Frente Amplio. (Infobae\/Efe)<\/p>\n","protected":false},"excerpt":{"rendered":"<p>El presidente chileno, Gabriel Boric, cumple hoy dos complejos a\u00f1os en el poder, marcados por el fracaso constitucional y la ola de incendios m\u00e1s mort\u00edfera de la historia, y con los principales deberes de su ambiciosa agenda de cambios pendientes de cumplir. Boric, que se instal\u00f3 en La Moneda el 11 de marzo de 2022 [&hellip;]<\/p>\n","protected":false},"author":1,"featured_media":194703,"comment_status":"open","ping_status":"open","sticky":false,"template":"","format":"standard","meta":{"_acf_changed":false,"footnotes":""},"categories":[3],"tags":[],"class_list":["post-207613","post","type-post","status-publish","format-standard","has-post-thumbnail","category-internacional"],"acf":{"antetitulo":"Sin cumplir sus reformas clave"},"yoast_head":"<!-- This site is optimized with the Yoast SEO plugin v28.4 - https:\/\/yoast.com\/product\/yoast-seo-wordpress\/ -->\n<title>Gabriel Boric llega a mitad de su mandato desgastado - El Diario - Bolivia<\/title>\n<meta name=\"robots\" content=\"index, follow, max-snippet:-1, max-image-preview:large, max-video-preview:-1\" \/>\n<link rel=\"canonical\" href=\"https:\/\/www.eldiario.net\/portal\/2024\/03\/11\/gabriel-boric-llega-a-mitad-de-su-mandato-desgastado\/\" \/>\n<meta property=\"og:locale\" content=\"es_ES\" \/>\n<meta property=\"og:type\" content=\"article\" \/>\n<meta property=\"og:title\" content=\"Gabriel Boric llega a mitad de su mandato desgastado - El Diario - Bolivia\" \/>\n<meta property=\"og:description\" content=\"El presidente chileno, Gabriel Boric, cumple hoy dos complejos a\u00f1os en el poder, marcados por el fracaso constitucional y la ola de incendios m\u00e1s mort\u00edfera de la historia, y con los principales deberes de su ambiciosa agenda de cambios pendientes de cumplir. Boric, que se instal\u00f3 en La Moneda el 11 de marzo de 2022 [&hellip;]\" \/>\n<meta property=\"og:url\" content=\"https:\/\/www.eldiario.net\/portal\/2024\/03\/11\/gabriel-boric-llega-a-mitad-de-su-mandato-desgastado\/\" \/>\n<meta property=\"og:site_name\" content=\"El Diario - Bolivia\" \/>\n<meta property=\"article:publisher\" content=\"https:\/\/www.facebook.com\/eldiario.bolivia\/\" \/>\n<meta property=\"article:published_time\" content=\"2024-03-11T10:47:44+00:00\" \/>\n<meta property=\"og:image\" content=\"https:\/\/www.eldiario.net\/portal\/wp-content\/uploads\/2023\/12\/Internacional.jpg\" \/>\n\t<meta property=\"og:image:width\" content=\"800\" \/>\n\t<meta property=\"og:image:height\" content=\"500\" \/>\n\t<meta property=\"og:image:type\" content=\"image\/jpeg\" \/>\n<meta name=\"author\" content=\"Jeanette\" \/>\n<meta name=\"twitter:card\" content=\"summary_large_image\" \/>\n<meta name=\"twitter:creator\" content=\"@eldiario_net\" \/>\n<meta name=\"twitter:site\" content=\"@eldiario_net\" \/>\n<meta name=\"twitter:label1\" content=\"Escrito por\" \/>\n\t<meta name=\"twitter:data1\" content=\"Jeanette\" \/>\n\t<meta name=\"twitter:label2\" content=\"Tiempo de lectura\" \/>\n\t<meta name=\"twitter:data2\" content=\"3 minutos\" \/>\n<script type=\"application\/ld+json\" class=\"yoast-schema-graph\">{\"@context\":\"https:\\\/\\\/schema.org\",\"@graph\":[{\"@type\":\"Article\",\"@id\":\"https:\\\/\\\/www.eldiario.net\\\/portal\\\/2024\\\/03\\\/11\\\/gabriel-boric-llega-a-mitad-de-su-mandato-desgastado\\\/#article\",\"isPartOf\":{\"@id\":\"https:\\\/\\\/www.eldiario.net\\\/portal\\\/2024\\\/03\\\/11\\\/gabriel-boric-llega-a-mitad-de-su-mandato-desgastado\\\/\"},\"author\":{\"name\":\"Jeanette\",\"@id\":\"https:\\\/\\\/www.eldiario.net\\\/portal\\\/#\\\/schema\\\/person\\\/2c57cf2b7a7ae032e449e4c9b1019eac\"},\"headline\":\"Gabriel Boric llega a mitad de su mandato desgastado\",\"datePublished\":\"2024-03-11T10:47:44+00:00\",\"mainEntityOfPage\":{\"@id\":\"https:\\\/\\\/www.eldiario.net\\\/portal\\\/2024\\\/03\\\/11\\\/gabriel-boric-llega-a-mitad-de-su-mandato-desgastado\\\/\"},\"wordCount\":611,\"commentCount\":0,\"publisher\":{\"@id\":\"https:\\\/\\\/www.eldiario.net\\\/portal\\\/#organization\"},\"image\":{\"@id\":\"https:\\\/\\\/www.eldiario.net\\\/portal\\\/2024\\\/03\\\/11\\\/gabriel-boric-llega-a-mitad-de-su-mandato-desgastado\\\/#primaryimage\"},\"thumbnailUrl\":\"https:\\\/\\\/www.eldiario.net\\\/portal\\\/wp-content\\\/uploads\\\/2023\\\/12\\\/Internacional.jpg\",\"articleSection\":[\"Internacional\"],\"inLanguage\":\"es\",\"potentialAction\":[{\"@type\":\"CommentAction\",\"name\":\"Comment\",\"target\":[\"https:\\\/\\\/www.eldiario.net\\\/portal\\\/2024\\\/03\\\/11\\\/gabriel-boric-llega-a-mitad-de-su-mandato-desgastado\\\/#respond\"]}]},{\"@type\":\"WebPage\",\"@id\":\"https:\\\/\\\/www.eldiario.net\\\/portal\\\/2024\\\/03\\\/11\\\/gabriel-boric-llega-a-mitad-de-su-mandato-desgastado\\\/\",\"url\":\"https:\\\/\\\/www.eldiario.net\\\/portal\\\/2024\\\/03\\\/11\\\/gabriel-boric-llega-a-mitad-de-su-mandato-desgastado\\\/\",\"name\":\"Gabriel Boric llega a mitad de su mandato desgastado - El Diario - Bolivia\",\"isPartOf\":{\"@id\":\"https:\\\/\\\/www.eldiario.net\\\/portal\\\/#website\"},\"primaryImageOfPage\":{\"@id\":\"https:\\\/\\\/www.eldiario.net\\\/portal\\\/2024\\\/03\\\/11\\\/gabriel-boric-llega-a-mitad-de-su-mandato-desgastado\\\/#primaryimage\"},\"image\":{\"@id\":\"https:\\\/\\\/www.eldiario.net\\\/portal\\\/2024\\\/03\\\/11\\\/gabriel-boric-llega-a-mitad-de-su-mandato-desgastado\\\/#primaryimage\"},\"thumbnailUrl\":\"https:\\\/\\\/www.eldiario.net\\\/portal\\\/wp-content\\\/uploads\\\/2023\\\/12\\\/Internacional.jpg\",\"datePublished\":\"2024-03-11T10:47:44+00:00\",\"breadcrumb\":{\"@id\":\"https:\\\/\\\/www.eldiario.net\\\/portal\\\/2024\\\/03\\\/11\\\/gabriel-boric-llega-a-mitad-de-su-mandato-desgastado\\\/#breadcrumb\"},\"inLanguage\":\"es\",\"potentialAction\":[{\"@type\":\"ReadAction\",\"target\":[\"https:\\\/\\\/www.eldiario.net\\\/portal\\\/2024\\\/03\\\/11\\\/gabriel-boric-llega-a-mitad-de-su-mandato-desgastado\\\/\"]}]},{\"@type\":\"ImageObject\",\"inLanguage\":\"es\",\"@id\":\"https:\\\/\\\/www.eldiario.net\\\/portal\\\/2024\\\/03\\\/11\\\/gabriel-boric-llega-a-mitad-de-su-mandato-desgastado\\\/#primaryimage\",\"url\":\"https:\\\/\\\/www.eldiario.net\\\/portal\\\/wp-content\\\/uploads\\\/2023\\\/12\\\/Internacional.jpg\",\"contentUrl\":\"https:\\\/\\\/www.eldiario.net\\\/portal\\\/wp-content\\\/uploads\\\/2023\\\/12\\\/Internacional.jpg\",\"width\":800,\"height\":500},{\"@type\":\"BreadcrumbList\",\"@id\":\"https:\\\/\\\/www.eldiario.net\\\/portal\\\/2024\\\/03\\\/11\\\/gabriel-boric-llega-a-mitad-de-su-mandato-desgastado\\\/#breadcrumb\",\"itemListElement\":[{\"@type\":\"ListItem\",\"position\":1,\"name\":\"Portada\",\"item\":\"https:\\\/\\\/www.eldiario.net\\\/portal\\\/\"},{\"@type\":\"ListItem\",\"position\":2,\"name\":\"Gabriel Boric llega a mitad de su mandato desgastado\"}]},{\"@type\":\"WebSite\",\"@id\":\"https:\\\/\\\/www.eldiario.net\\\/portal\\\/#website\",\"url\":\"https:\\\/\\\/www.eldiario.net\\\/portal\\\/\",\"name\":\"El Diario - Decano de la prensa nacional\",\"description\":\"El Diario - Decano de la prensa nacional\",\"publisher\":{\"@id\":\"https:\\\/\\\/www.eldiario.net\\\/portal\\\/#organization\"},\"potentialAction\":[{\"@type\":\"SearchAction\",\"target\":{\"@type\":\"EntryPoint\",\"urlTemplate\":\"https:\\\/\\\/www.eldiario.net\\\/portal\\\/?s={search_term_string}\"},\"query-input\":{\"@type\":\"PropertyValueSpecification\",\"valueRequired\":true,\"valueName\":\"search_term_string\"}}],\"inLanguage\":\"es\"},{\"@type\":\"Organization\",\"@id\":\"https:\\\/\\\/www.eldiario.net\\\/portal\\\/#organization\",\"name\":\"El Diario - Decano de la prensa nacional\",\"url\":\"https:\\\/\\\/www.eldiario.net\\\/portal\\\/\",\"logo\":{\"@type\":\"ImageObject\",\"inLanguage\":\"es\",\"@id\":\"https:\\\/\\\/www.eldiario.net\\\/portal\\\/#\\\/schema\\\/logo\\\/image\\\/\",\"url\":\"https:\\\/\\\/www.eldiario.net\\\/portal\\\/wp-content\\\/uploads\\\/2023\\\/07\\\/logo_ED.jpg\",\"contentUrl\":\"https:\\\/\\\/www.eldiario.net\\\/portal\\\/wp-content\\\/uploads\\\/2023\\\/07\\\/logo_ED.jpg\",\"width\":272,\"height\":52,\"caption\":\"El Diario - Decano de la prensa nacional\"},\"image\":{\"@id\":\"https:\\\/\\\/www.eldiario.net\\\/portal\\\/#\\\/schema\\\/logo\\\/image\\\/\"},\"sameAs\":[\"https:\\\/\\\/www.facebook.com\\\/eldiario.bolivia\\\/\",\"https:\\\/\\\/x.com\\\/eldiario_net\"]},{\"@type\":\"Person\",\"@id\":\"https:\\\/\\\/www.eldiario.net\\\/portal\\\/#\\\/schema\\\/person\\\/2c57cf2b7a7ae032e449e4c9b1019eac\",\"name\":\"Jeanette\",\"image\":{\"@type\":\"ImageObject\",\"inLanguage\":\"es\",\"@id\":\"https:\\\/\\\/secure.gravatar.com\\\/avatar\\\/3ea2118a5f7dad2b7138b1187a6b7ee55f160b9968b66013c3a3ef39dd7e5798?s=96&d=mm&r=g\",\"url\":\"https:\\\/\\\/secure.gravatar.com\\\/avatar\\\/3ea2118a5f7dad2b7138b1187a6b7ee55f160b9968b66013c3a3ef39dd7e5798?s=96&d=mm&r=g\",\"contentUrl\":\"https:\\\/\\\/secure.gravatar.com\\\/avatar\\\/3ea2118a5f7dad2b7138b1187a6b7ee55f160b9968b66013c3a3ef39dd7e5798?s=96&d=mm&r=g\",\"caption\":\"Jeanette\"},\"sameAs\":[\"https:\\\/\\\/www.eldiario.net\\\/portal\"],\"url\":\"https:\\\/\\\/www.eldiario.net\\\/portal\\\/author\\\/jeanette\\\/\"}]}<\/script>\n<!-- \/ Yoast SEO plugin. -->","yoast_head_json":{"title":"Gabriel Boric llega a mitad de su mandato desgastado - El Diario - Bolivia","robots":{"index":"index","follow":"follow","max-snippet":"max-snippet:-1","max-image-preview":"max-image-preview:large","max-video-preview":"max-video-preview:-1"},"canonical":"https:\/\/www.eldiario.net\/portal\/2024\/03\/11\/gabriel-boric-llega-a-mitad-de-su-mandato-desgastado\/","og_locale":"es_ES","og_type":"article","og_title":"Gabriel Boric llega a mitad de su mandato desgastado - El Diario - Bolivia","og_description":"El presidente chileno, Gabriel Boric, cumple hoy dos complejos a\u00f1os en el poder, marcados por el fracaso constitucional y la ola de incendios m\u00e1s mort\u00edfera de la historia, y con los principales deberes de su ambiciosa agenda de cambios pendientes de cumplir. Boric, que se instal\u00f3 en La Moneda el 11 de marzo de 2022 [&hellip;]","og_url":"https:\/\/www.eldiario.net\/portal\/2024\/03\/11\/gabriel-boric-llega-a-mitad-de-su-mandato-desgastado\/","og_site_name":"El Diario - Bolivia","article_publisher":"https:\/\/www.facebook.com\/eldiario.bolivia\/","article_published_time":"2024-03-11T10:47:44+00:00","og_image":[{"width":800,"height":500,"url":"https:\/\/www.eldiario.net\/portal\/wp-content\/uploads\/2023\/12\/Internacional.jpg","type":"image\/jpeg"}],"author":"Jeanette","twitter_card":"summary_large_image","twitter_creator":"@eldiario_net","twitter_site":"@eldiario_net","twitter_misc":{"Escrito por":"Jeanette","Tiempo de lectura":"3 minutos"},"schema":{"@context":"https:\/\/schema.org","@graph":[{"@type":"Article","@id":"https:\/\/www.eldiario.net\/portal\/2024\/03\/11\/gabriel-boric-llega-a-mitad-de-su-mandato-desgastado\/#article","isPartOf":{"@id":"https:\/\/www.eldiario.net\/portal\/2024\/03\/11\/gabriel-boric-llega-a-mitad-de-su-mandato-desgastado\/"},"author":{"name":"Jeanette","@id":"https:\/\/www.eldiario.net\/portal\/#\/schema\/person\/2c57cf2b7a7ae032e449e4c9b1019eac"},"headline":"Gabriel Boric llega a mitad de su mandato desgastado","datePublished":"2024-03-11T10:47:44+00:00","mainEntityOfPage":{"@id":"https:\/\/www.eldiario.net\/portal\/2024\/03\/11\/gabriel-boric-llega-a-mitad-de-su-mandato-desgastado\/"},"wordCount":611,"commentCount":0,"publisher":{"@id":"https:\/\/www.eldiario.net\/portal\/#organization"},"image":{"@id":"https:\/\/www.eldiario.net\/portal\/2024\/03\/11\/gabriel-boric-llega-a-mitad-de-su-mandato-desgastado\/#primaryimage"},"thumbnailUrl":"https:\/\/www.eldiario.net\/portal\/wp-content\/uploads\/2023\/12\/Internacional.jpg","articleSection":["Internacional"],"inLanguage":"es","potentialAction":[{"@type":"CommentAction","name":"Comment","target":["https:\/\/www.eldiario.net\/portal\/2024\/03\/11\/gabriel-boric-llega-a-mitad-de-su-mandato-desgastado\/#respond"]}]},{"@type":"WebPage","@id":"https:\/\/www.eldiario.net\/portal\/2024\/03\/11\/gabriel-boric-llega-a-mitad-de-su-mandato-desgastado\/","url":"https:\/\/www.eldiario.net\/portal\/2024\/03\/11\/gabriel-boric-llega-a-mitad-de-su-mandato-desgastado\/","name":"Gabriel Boric llega a mitad de su mandato desgastado - El Diario - Bolivia","isPartOf":{"@id":"https:\/\/www.eldiario.net\/portal\/#website"},"primaryImageOfPage":{"@id":"https:\/\/www.eldiario.net\/portal\/2024\/03\/11\/gabriel-boric-llega-a-mitad-de-su-mandato-desgastado\/#primaryimage"},"image":{"@id":"https:\/\/www.eldiario.net\/portal\/2024\/03\/11\/gabriel-boric-llega-a-mitad-de-su-mandato-desgastado\/#primaryimage"},"thumbnailUrl":"https:\/\/www.eldiario.net\/portal\/wp-content\/uploads\/2023\/12\/Internacional.jpg","datePublished":"2024-03-11T10:47:44+00:00","breadcrumb":{"@id":"https:\/\/www.eldiario.net\/portal\/2024\/03\/11\/gabriel-boric-llega-a-mitad-de-su-mandato-desgastado\/#breadcrumb"},"inLanguage":"es","potentialAction":[{"@type":"ReadAction","target":["https:\/\/www.eldiario.net\/portal\/2024\/03\/11\/gabriel-boric-llega-a-mitad-de-su-mandato-desgastado\/"]}]},{"@type":"ImageObject","inLanguage":"es","@id":"https:\/\/www.eldiario.net\/portal\/2024\/03\/11\/gabriel-boric-llega-a-mitad-de-su-mandato-desgastado\/#primaryimage","url":"https:\/\/www.eldiario.net\/portal\/wp-content\/uploads\/2023\/12\/Internacional.jpg","contentUrl":"https:\/\/www.eldiario.net\/portal\/wp-content\/uploads\/2023\/12\/Internacional.jpg","width":800,"height":500},{"@type":"BreadcrumbList","@id":"https:\/\/www.eldiario.net\/portal\/2024\/03\/11\/gabriel-boric-llega-a-mitad-de-su-mandato-desgastado\/#breadcrumb","itemListElement":[{"@type":"ListItem","position":1,"name":"Portada","item":"https:\/\/www.eldiario.net\/portal\/"},{"@type":"ListItem","position":2,"name":"Gabriel Boric llega a mitad de su mandato desgastado"}]},{"@type":"WebSite","@id":"https:\/\/www.eldiario.net\/portal\/#website","url":"https:\/\/www.eldiario.net\/portal\/","name":"El Diario - Decano de la prensa nacional","description":"El Diario - Decano de la prensa nacional","publisher":{"@id":"https:\/\/www.eldiario.net\/portal\/#organization"},"potentialAction":[{"@type":"SearchAction","target":{"@type":"EntryPoint","urlTemplate":"https:\/\/www.eldiario.net\/portal\/?s={search_term_string}"},"query-input":{"@type":"PropertyValueSpecification","valueRequired":true,"valueName":"search_term_string"}}],"inLanguage":"es"},{"@type":"Organization","@id":"https:\/\/www.eldiario.net\/portal\/#organization","name":"El Diario - Decano de la prensa nacional","url":"https:\/\/www.eldiario.net\/portal\/","logo":{"@type":"ImageObject","inLanguage":"es","@id":"https:\/\/www.eldiario.net\/portal\/#\/schema\/logo\/image\/","url":"https:\/\/www.eldiario.net\/portal\/wp-content\/uploads\/2023\/07\/logo_ED.jpg","contentUrl":"https:\/\/www.eldiario.net\/portal\/wp-content\/uploads\/2023\/07\/logo_ED.jpg","width":272,"height":52,"caption":"El Diario - Decano de la prensa nacional"},"image":{"@id":"https:\/\/www.eldiario.net\/portal\/#\/schema\/logo\/image\/"},"sameAs":["https:\/\/www.facebook.com\/eldiario.bolivia\/","https:\/\/x.com\/eldiario_net"]},{"@type":"Person","@id":"https:\/\/www.eldiario.net\/portal\/#\/schema\/person\/2c57cf2b7a7ae032e449e4c9b1019eac","name":"Jeanette","image":{"@type":"ImageObject","inLanguage":"es","@id":"https:\/\/secure.gravatar.com\/avatar\/3ea2118a5f7dad2b7138b1187a6b7ee55f160b9968b66013c3a3ef39dd7e5798?s=96&d=mm&r=g","url":"https:\/\/secure.gravatar.com\/avatar\/3ea2118a5f7dad2b7138b1187a6b7ee55f160b9968b66013c3a3ef39dd7e5798?s=96&d=mm&r=g","contentUrl":"https:\/\/secure.gravatar.com\/avatar\/3ea2118a5f7dad2b7138b1187a6b7ee55f160b9968b66013c3a3ef39dd7e5798?s=96&d=mm&r=g","caption":"Jeanette"},"sameAs":["https:\/\/www.eldiario.net\/portal"],"url":"https:\/\/www.eldiario.net\/portal\/author\/jeanette\/"}]}},"_links":{"self":[{"href":"https:\/\/www.eldiario.net\/portal\/wp-json\/wp\/v2\/posts\/207613","targetHints":{"allow":["GET"]}}],"collection":[{"href":"https:\/\/www.eldiario.net\/portal\/wp-json\/wp\/v2\/posts"}],"about":[{"href":"https:\/\/www.eldiario.net\/portal\/wp-json\/wp\/v2\/types\/post"}],"author":[{"embeddable":true,"href":"https:\/\/www.eldiario.net\/portal\/wp-json\/wp\/v2\/users\/1"}],"replies":[{"embeddable":true,"href":"https:\/\/www.eldiario.net\/portal\/wp-json\/wp\/v2\/comments?post=207613"}],"version-history":[{"count":1,"href":"https:\/\/www.eldiario.net\/portal\/wp-json\/wp\/v2\/posts\/207613\/revisions"}],"predecessor-version":[{"id":207614,"href":"https:\/\/www.eldiario.net\/portal\/wp-json\/wp\/v2\/posts\/207613\/revisions\/207614"}],"wp:featuredmedia":[{"embeddable":true,"href":"https:\/\/www.eldiario.net\/portal\/wp-json\/wp\/v2\/media\/194703"}],"wp:attachment":[{"href":"https:\/\/www.eldiario.net\/portal\/wp-json\/wp\/v2\/media?parent=207613"}],"wp:term":[{"taxonomy":"category","embeddable":true,"href":"https:\/\/www.eldiario.net\/portal\/wp-json\/wp\/v2\/categories?post=207613"},{"taxonomy":"post_tag","embeddable":true,"href":"https:\/\/www.eldiario.net\/portal\/wp-json\/wp\/v2\/tags?post=207613"}],"curies":[{"name":"wp","href":"https:\/\/api.w.org\/{rel}","templated":true}]}}