{"id":207501,"date":"2024-03-10T05:12:32","date_gmt":"2024-03-10T09:12:32","guid":{"rendered":"https:\/\/www.eldiario.net\/portal\/?p=207501"},"modified":"2024-03-10T05:12:32","modified_gmt":"2024-03-10T09:12:32","slug":"comunarios-de-piso-firme-expulsan-a-agentes-del-ine","status":"publish","type":"post","link":"https:\/\/www.eldiario.net\/portal\/2024\/03\/10\/comunarios-de-piso-firme-expulsan-a-agentes-del-ine\/","title":{"rendered":"Comunarios de Piso Firme  expulsan a agentes del INE"},"content":{"rendered":"<p>Los comunarios de Piso Firme expulsaron ayer por segunda vez, en pocas semanas, a los funcionarios del Instituto Nacional de Estad\u00edstica (INE) del Beni, que pretend\u00edan realizar labores con miras al Censo de Poblaci\u00f3n y Vivienda, previsto para el 23 de marzo.<br \/>\nLa interrupci\u00f3n al trabajo de los personeros de la instituci\u00f3n estatal se debe a que los pobladores rechazan que se pretenda incluirlos en el registro censal en favor del Beni, regi\u00f3n que tiene un l\u00edo lim\u00edtrofe con Santa Cruz, departamento en el que los \u201cpisofirme\u00f1os\u201d alegan pertenecer.<br \/>\nLos comunarios pidieron a los funcionarios que se retiren del lugar, pero estos optaron por subirse a sus motorizados y salir de la comunidad ante la advertencia de que, si no lo hac\u00edan, las autoridades de la zona no se hac\u00edan responsables de lo que pudiera pasar debido al rechazo general expresado por las personas.<br \/>\n\u201cNo vamos a permitir ser censados y estamos en emergencia, estamos esperando y nuestra posici\u00f3n es no censarnos para Beni, somos cruce\u00f1os\u201d, fue lo expresado el viernes por Hortensia G\u00f3mez, cacique mayor de Piso Firme.<br \/>\nIncluso, como una muestra de su \u201ccruce\u00f1ismo\u201d, en varias casas y las instituciones del lugar, los pobladores colocaron banderas de Santa Cruz manifestando su deseo de seguir perteneciendo a este departamento y m\u00e1s cuando recuerdan que hist\u00f3ricamente sus necesidades en salud, educaci\u00f3n y otras, han sido atendidas desde el municipio de San Ignacio de Velasco, en la provincia cruce\u00f1a Velasco.<br \/>\nDe acuerdo a asamble\u00edstas cruce\u00f1os, peligra la cohesi\u00f3n e integralidad territorial de Santa Cruz, al no observarse los l\u00edmites precisos naturales entre Santa Cruz y Beni, definidos hist\u00f3ricamente en la Ley del 28 de noviembre de 1914, en la distribuci\u00f3n y aplicaci\u00f3n de boletas censales.<br \/>\nLas poblaciones de Piso Firme y Bella Vista, forman parte de las 500.000 hect\u00e1reas que se disputan Beni y Santa Cruz.<br \/>\nREUNI\u00d3N<br \/>\nUna comitiva de la Gobernaci\u00f3n cruce\u00f1a, a la cabeza del gobernador Mario Aguilera, viajar\u00e1 hasta La Paz con miras a sostener una reuni\u00f3n con el viceministro de Autonom\u00edas, \u00c1lvaro Ruiz, y as\u00ed encontrar una soluci\u00f3n al conflicto lim\u00edtrofe que envuelve a los departamentos de Beni y Santa Cruz, espec\u00edficamente en la zona de Piso Firme.<br \/>\nAs\u00ed lo explic\u00f3 el asesor general de la Gobernaci\u00f3n, Luis Fernando Roca, quien agreg\u00f3 que la premisa es encontrar una soluci\u00f3n tomando en cuenta que el Censo de Poblaci\u00f3n y Vivienda est\u00e1 a la vuelta de la esquina y los pobladores de Piso Firme, esperan ser contemplados como habitantes del departamento cruce\u00f1o.<br \/>\n\u201cHemos tomado contacto y hemos quedado para la pr\u00f3xima semana, el d\u00eda lunes o martes, tener ya una visita en la sede de Gobierno a fin de encontrar una soluci\u00f3n para esta coyuntura espec\u00edfica del Censo\u201d, sostuvo el ejecutivo.<br \/>\nA decir de Roca, el tema de la delimitaci\u00f3n ya concreta y definitiva con el departamento de Beni es un procedimiento que no es sencillo, sino que toma su tiempo y debe ser regulado con un respectivo trabajo de campo, gabinete y de demarcaci\u00f3n del Instituto Geogr\u00e1fico Militar, en donde deben participar tanto autoridades benianas como cruce\u00f1as. (Santa Cruz, agencias)<\/p>\n<p>&nbsp;<\/p>\n","protected":false},"excerpt":{"rendered":"<p>Los comunarios de Piso Firme expulsaron ayer por segunda vez, en pocas semanas, a los funcionarios del Instituto Nacional de Estad\u00edstica (INE) del Beni, que pretend\u00edan realizar labores con miras al Censo de Poblaci\u00f3n y Vivienda, previsto para el 23 de marzo. La interrupci\u00f3n al trabajo de los personeros de la instituci\u00f3n estatal se debe [&hellip;]<\/p>\n","protected":false},"author":1,"featured_media":207502,"comment_status":"open","ping_status":"open","sticky":false,"template":"","format":"standard","meta":{"_acf_changed":false,"footnotes":""},"categories":[12],"tags":[],"class_list":["post-207501","post","type-post","status-publish","format-standard","has-post-thumbnail","category-nacional"],"acf":{"antetitulo":"Por segunda vez"},"yoast_head":"<!-- This site is optimized with the Yoast SEO plugin v28.4 - https:\/\/yoast.com\/product\/yoast-seo-wordpress\/ -->\n<title>Comunarios de Piso Firme expulsan a agentes del INE - El Diario - Bolivia<\/title>\n<meta name=\"robots\" content=\"index, follow, max-snippet:-1, max-image-preview:large, max-video-preview:-1\" \/>\n<link rel=\"canonical\" href=\"https:\/\/www.eldiario.net\/portal\/2024\/03\/10\/comunarios-de-piso-firme-expulsan-a-agentes-del-ine\/\" \/>\n<meta property=\"og:locale\" content=\"es_ES\" \/>\n<meta property=\"og:type\" content=\"article\" \/>\n<meta property=\"og:title\" content=\"Comunarios de Piso Firme expulsan a agentes del INE - El Diario - Bolivia\" \/>\n<meta property=\"og:description\" content=\"Los comunarios de Piso Firme expulsaron ayer por segunda vez, en pocas semanas, a los funcionarios del Instituto Nacional de Estad\u00edstica (INE) del Beni, que pretend\u00edan realizar labores con miras al Censo de Poblaci\u00f3n y Vivienda, previsto para el 23 de marzo. La interrupci\u00f3n al trabajo de los personeros de la instituci\u00f3n estatal se debe [&hellip;]\" \/>\n<meta property=\"og:url\" content=\"https:\/\/www.eldiario.net\/portal\/2024\/03\/10\/comunarios-de-piso-firme-expulsan-a-agentes-del-ine\/\" \/>\n<meta property=\"og:site_name\" content=\"El Diario - Bolivia\" \/>\n<meta property=\"article:publisher\" content=\"https:\/\/www.facebook.com\/eldiario.bolivia\/\" \/>\n<meta property=\"article:published_time\" content=\"2024-03-10T09:12:32+00:00\" \/>\n<meta property=\"og:image\" content=\"https:\/\/www.eldiario.net\/portal\/wp-content\/uploads\/2024\/03\/10-NAL.png\" \/>\n\t<meta property=\"og:image:width\" content=\"1280\" \/>\n\t<meta property=\"og:image:height\" content=\"545\" \/>\n\t<meta property=\"og:image:type\" content=\"image\/png\" \/>\n<meta name=\"author\" content=\"Jeanette\" \/>\n<meta name=\"twitter:card\" content=\"summary_large_image\" \/>\n<meta name=\"twitter:creator\" content=\"@eldiario_net\" \/>\n<meta name=\"twitter:site\" content=\"@eldiario_net\" \/>\n<meta name=\"twitter:label1\" content=\"Escrito por\" \/>\n\t<meta name=\"twitter:data1\" content=\"Jeanette\" \/>\n\t<meta name=\"twitter:label2\" content=\"Tiempo de lectura\" \/>\n\t<meta name=\"twitter:data2\" content=\"3 minutos\" \/>\n<script type=\"application\/ld+json\" class=\"yoast-schema-graph\">{\"@context\":\"https:\\\/\\\/schema.org\",\"@graph\":[{\"@type\":\"Article\",\"@id\":\"https:\\\/\\\/www.eldiario.net\\\/portal\\\/2024\\\/03\\\/10\\\/comunarios-de-piso-firme-expulsan-a-agentes-del-ine\\\/#article\",\"isPartOf\":{\"@id\":\"https:\\\/\\\/www.eldiario.net\\\/portal\\\/2024\\\/03\\\/10\\\/comunarios-de-piso-firme-expulsan-a-agentes-del-ine\\\/\"},\"author\":{\"name\":\"Jeanette\",\"@id\":\"https:\\\/\\\/www.eldiario.net\\\/portal\\\/#\\\/schema\\\/person\\\/2c57cf2b7a7ae032e449e4c9b1019eac\"},\"headline\":\"Comunarios de Piso Firme expulsan a agentes del INE\",\"datePublished\":\"2024-03-10T09:12:32+00:00\",\"mainEntityOfPage\":{\"@id\":\"https:\\\/\\\/www.eldiario.net\\\/portal\\\/2024\\\/03\\\/10\\\/comunarios-de-piso-firme-expulsan-a-agentes-del-ine\\\/\"},\"wordCount\":565,\"commentCount\":0,\"publisher\":{\"@id\":\"https:\\\/\\\/www.eldiario.net\\\/portal\\\/#organization\"},\"image\":{\"@id\":\"https:\\\/\\\/www.eldiario.net\\\/portal\\\/2024\\\/03\\\/10\\\/comunarios-de-piso-firme-expulsan-a-agentes-del-ine\\\/#primaryimage\"},\"thumbnailUrl\":\"https:\\\/\\\/www.eldiario.net\\\/portal\\\/wp-content\\\/uploads\\\/2024\\\/03\\\/10-NAL.png\",\"articleSection\":[\"Nacional\"],\"inLanguage\":\"es\",\"potentialAction\":[{\"@type\":\"CommentAction\",\"name\":\"Comment\",\"target\":[\"https:\\\/\\\/www.eldiario.net\\\/portal\\\/2024\\\/03\\\/10\\\/comunarios-de-piso-firme-expulsan-a-agentes-del-ine\\\/#respond\"]}]},{\"@type\":\"WebPage\",\"@id\":\"https:\\\/\\\/www.eldiario.net\\\/portal\\\/2024\\\/03\\\/10\\\/comunarios-de-piso-firme-expulsan-a-agentes-del-ine\\\/\",\"url\":\"https:\\\/\\\/www.eldiario.net\\\/portal\\\/2024\\\/03\\\/10\\\/comunarios-de-piso-firme-expulsan-a-agentes-del-ine\\\/\",\"name\":\"Comunarios de Piso Firme expulsan a agentes del INE - El Diario - Bolivia\",\"isPartOf\":{\"@id\":\"https:\\\/\\\/www.eldiario.net\\\/portal\\\/#website\"},\"primaryImageOfPage\":{\"@id\":\"https:\\\/\\\/www.eldiario.net\\\/portal\\\/2024\\\/03\\\/10\\\/comunarios-de-piso-firme-expulsan-a-agentes-del-ine\\\/#primaryimage\"},\"image\":{\"@id\":\"https:\\\/\\\/www.eldiario.net\\\/portal\\\/2024\\\/03\\\/10\\\/comunarios-de-piso-firme-expulsan-a-agentes-del-ine\\\/#primaryimage\"},\"thumbnailUrl\":\"https:\\\/\\\/www.eldiario.net\\\/portal\\\/wp-content\\\/uploads\\\/2024\\\/03\\\/10-NAL.png\",\"datePublished\":\"2024-03-10T09:12:32+00:00\",\"breadcrumb\":{\"@id\":\"https:\\\/\\\/www.eldiario.net\\\/portal\\\/2024\\\/03\\\/10\\\/comunarios-de-piso-firme-expulsan-a-agentes-del-ine\\\/#breadcrumb\"},\"inLanguage\":\"es\",\"potentialAction\":[{\"@type\":\"ReadAction\",\"target\":[\"https:\\\/\\\/www.eldiario.net\\\/portal\\\/2024\\\/03\\\/10\\\/comunarios-de-piso-firme-expulsan-a-agentes-del-ine\\\/\"]}]},{\"@type\":\"ImageObject\",\"inLanguage\":\"es\",\"@id\":\"https:\\\/\\\/www.eldiario.net\\\/portal\\\/2024\\\/03\\\/10\\\/comunarios-de-piso-firme-expulsan-a-agentes-del-ine\\\/#primaryimage\",\"url\":\"https:\\\/\\\/www.eldiario.net\\\/portal\\\/wp-content\\\/uploads\\\/2024\\\/03\\\/10-NAL.png\",\"contentUrl\":\"https:\\\/\\\/www.eldiario.net\\\/portal\\\/wp-content\\\/uploads\\\/2024\\\/03\\\/10-NAL.png\",\"width\":1280,\"height\":545,\"caption\":\"COMUNIDAD PISO FIRME.\"},{\"@type\":\"BreadcrumbList\",\"@id\":\"https:\\\/\\\/www.eldiario.net\\\/portal\\\/2024\\\/03\\\/10\\\/comunarios-de-piso-firme-expulsan-a-agentes-del-ine\\\/#breadcrumb\",\"itemListElement\":[{\"@type\":\"ListItem\",\"position\":1,\"name\":\"Portada\",\"item\":\"https:\\\/\\\/www.eldiario.net\\\/portal\\\/\"},{\"@type\":\"ListItem\",\"position\":2,\"name\":\"Comunarios de Piso Firme expulsan a agentes del INE\"}]},{\"@type\":\"WebSite\",\"@id\":\"https:\\\/\\\/www.eldiario.net\\\/portal\\\/#website\",\"url\":\"https:\\\/\\\/www.eldiario.net\\\/portal\\\/\",\"name\":\"El Diario - Decano de la prensa nacional\",\"description\":\"El Diario - Decano de la prensa nacional\",\"publisher\":{\"@id\":\"https:\\\/\\\/www.eldiario.net\\\/portal\\\/#organization\"},\"potentialAction\":[{\"@type\":\"SearchAction\",\"target\":{\"@type\":\"EntryPoint\",\"urlTemplate\":\"https:\\\/\\\/www.eldiario.net\\\/portal\\\/?s={search_term_string}\"},\"query-input\":{\"@type\":\"PropertyValueSpecification\",\"valueRequired\":true,\"valueName\":\"search_term_string\"}}],\"inLanguage\":\"es\"},{\"@type\":\"Organization\",\"@id\":\"https:\\\/\\\/www.eldiario.net\\\/portal\\\/#organization\",\"name\":\"El Diario - Decano de la prensa nacional\",\"url\":\"https:\\\/\\\/www.eldiario.net\\\/portal\\\/\",\"logo\":{\"@type\":\"ImageObject\",\"inLanguage\":\"es\",\"@id\":\"https:\\\/\\\/www.eldiario.net\\\/portal\\\/#\\\/schema\\\/logo\\\/image\\\/\",\"url\":\"https:\\\/\\\/www.eldiario.net\\\/portal\\\/wp-content\\\/uploads\\\/2023\\\/07\\\/logo_ED.jpg\",\"contentUrl\":\"https:\\\/\\\/www.eldiario.net\\\/portal\\\/wp-content\\\/uploads\\\/2023\\\/07\\\/logo_ED.jpg\",\"width\":272,\"height\":52,\"caption\":\"El Diario - Decano de la prensa nacional\"},\"image\":{\"@id\":\"https:\\\/\\\/www.eldiario.net\\\/portal\\\/#\\\/schema\\\/logo\\\/image\\\/\"},\"sameAs\":[\"https:\\\/\\\/www.facebook.com\\\/eldiario.bolivia\\\/\",\"https:\\\/\\\/x.com\\\/eldiario_net\"]},{\"@type\":\"Person\",\"@id\":\"https:\\\/\\\/www.eldiario.net\\\/portal\\\/#\\\/schema\\\/person\\\/2c57cf2b7a7ae032e449e4c9b1019eac\",\"name\":\"Jeanette\",\"image\":{\"@type\":\"ImageObject\",\"inLanguage\":\"es\",\"@id\":\"https:\\\/\\\/secure.gravatar.com\\\/avatar\\\/3ea2118a5f7dad2b7138b1187a6b7ee55f160b9968b66013c3a3ef39dd7e5798?s=96&d=mm&r=g\",\"url\":\"https:\\\/\\\/secure.gravatar.com\\\/avatar\\\/3ea2118a5f7dad2b7138b1187a6b7ee55f160b9968b66013c3a3ef39dd7e5798?s=96&d=mm&r=g\",\"contentUrl\":\"https:\\\/\\\/secure.gravatar.com\\\/avatar\\\/3ea2118a5f7dad2b7138b1187a6b7ee55f160b9968b66013c3a3ef39dd7e5798?s=96&d=mm&r=g\",\"caption\":\"Jeanette\"},\"sameAs\":[\"https:\\\/\\\/www.eldiario.net\\\/portal\"],\"url\":\"https:\\\/\\\/www.eldiario.net\\\/portal\\\/author\\\/jeanette\\\/\"}]}<\/script>\n<!-- \/ Yoast SEO plugin. -->","yoast_head_json":{"title":"Comunarios de Piso Firme expulsan a agentes del INE - El Diario - Bolivia","robots":{"index":"index","follow":"follow","max-snippet":"max-snippet:-1","max-image-preview":"max-image-preview:large","max-video-preview":"max-video-preview:-1"},"canonical":"https:\/\/www.eldiario.net\/portal\/2024\/03\/10\/comunarios-de-piso-firme-expulsan-a-agentes-del-ine\/","og_locale":"es_ES","og_type":"article","og_title":"Comunarios de Piso Firme expulsan a agentes del INE - El Diario - Bolivia","og_description":"Los comunarios de Piso Firme expulsaron ayer por segunda vez, en pocas semanas, a los funcionarios del Instituto Nacional de Estad\u00edstica (INE) del Beni, que pretend\u00edan realizar labores con miras al Censo de Poblaci\u00f3n y Vivienda, previsto para el 23 de marzo. La interrupci\u00f3n al trabajo de los personeros de la instituci\u00f3n estatal se debe [&hellip;]","og_url":"https:\/\/www.eldiario.net\/portal\/2024\/03\/10\/comunarios-de-piso-firme-expulsan-a-agentes-del-ine\/","og_site_name":"El Diario - Bolivia","article_publisher":"https:\/\/www.facebook.com\/eldiario.bolivia\/","article_published_time":"2024-03-10T09:12:32+00:00","og_image":[{"width":1280,"height":545,"url":"https:\/\/www.eldiario.net\/portal\/wp-content\/uploads\/2024\/03\/10-NAL.png","type":"image\/png"}],"author":"Jeanette","twitter_card":"summary_large_image","twitter_creator":"@eldiario_net","twitter_site":"@eldiario_net","twitter_misc":{"Escrito por":"Jeanette","Tiempo de lectura":"3 minutos"},"schema":{"@context":"https:\/\/schema.org","@graph":[{"@type":"Article","@id":"https:\/\/www.eldiario.net\/portal\/2024\/03\/10\/comunarios-de-piso-firme-expulsan-a-agentes-del-ine\/#article","isPartOf":{"@id":"https:\/\/www.eldiario.net\/portal\/2024\/03\/10\/comunarios-de-piso-firme-expulsan-a-agentes-del-ine\/"},"author":{"name":"Jeanette","@id":"https:\/\/www.eldiario.net\/portal\/#\/schema\/person\/2c57cf2b7a7ae032e449e4c9b1019eac"},"headline":"Comunarios de Piso Firme expulsan a agentes del INE","datePublished":"2024-03-10T09:12:32+00:00","mainEntityOfPage":{"@id":"https:\/\/www.eldiario.net\/portal\/2024\/03\/10\/comunarios-de-piso-firme-expulsan-a-agentes-del-ine\/"},"wordCount":565,"commentCount":0,"publisher":{"@id":"https:\/\/www.eldiario.net\/portal\/#organization"},"image":{"@id":"https:\/\/www.eldiario.net\/portal\/2024\/03\/10\/comunarios-de-piso-firme-expulsan-a-agentes-del-ine\/#primaryimage"},"thumbnailUrl":"https:\/\/www.eldiario.net\/portal\/wp-content\/uploads\/2024\/03\/10-NAL.png","articleSection":["Nacional"],"inLanguage":"es","potentialAction":[{"@type":"CommentAction","name":"Comment","target":["https:\/\/www.eldiario.net\/portal\/2024\/03\/10\/comunarios-de-piso-firme-expulsan-a-agentes-del-ine\/#respond"]}]},{"@type":"WebPage","@id":"https:\/\/www.eldiario.net\/portal\/2024\/03\/10\/comunarios-de-piso-firme-expulsan-a-agentes-del-ine\/","url":"https:\/\/www.eldiario.net\/portal\/2024\/03\/10\/comunarios-de-piso-firme-expulsan-a-agentes-del-ine\/","name":"Comunarios de Piso Firme expulsan a agentes del INE - El Diario - Bolivia","isPartOf":{"@id":"https:\/\/www.eldiario.net\/portal\/#website"},"primaryImageOfPage":{"@id":"https:\/\/www.eldiario.net\/portal\/2024\/03\/10\/comunarios-de-piso-firme-expulsan-a-agentes-del-ine\/#primaryimage"},"image":{"@id":"https:\/\/www.eldiario.net\/portal\/2024\/03\/10\/comunarios-de-piso-firme-expulsan-a-agentes-del-ine\/#primaryimage"},"thumbnailUrl":"https:\/\/www.eldiario.net\/portal\/wp-content\/uploads\/2024\/03\/10-NAL.png","datePublished":"2024-03-10T09:12:32+00:00","breadcrumb":{"@id":"https:\/\/www.eldiario.net\/portal\/2024\/03\/10\/comunarios-de-piso-firme-expulsan-a-agentes-del-ine\/#breadcrumb"},"inLanguage":"es","potentialAction":[{"@type":"ReadAction","target":["https:\/\/www.eldiario.net\/portal\/2024\/03\/10\/comunarios-de-piso-firme-expulsan-a-agentes-del-ine\/"]}]},{"@type":"ImageObject","inLanguage":"es","@id":"https:\/\/www.eldiario.net\/portal\/2024\/03\/10\/comunarios-de-piso-firme-expulsan-a-agentes-del-ine\/#primaryimage","url":"https:\/\/www.eldiario.net\/portal\/wp-content\/uploads\/2024\/03\/10-NAL.png","contentUrl":"https:\/\/www.eldiario.net\/portal\/wp-content\/uploads\/2024\/03\/10-NAL.png","width":1280,"height":545,"caption":"COMUNIDAD PISO FIRME."},{"@type":"BreadcrumbList","@id":"https:\/\/www.eldiario.net\/portal\/2024\/03\/10\/comunarios-de-piso-firme-expulsan-a-agentes-del-ine\/#breadcrumb","itemListElement":[{"@type":"ListItem","position":1,"name":"Portada","item":"https:\/\/www.eldiario.net\/portal\/"},{"@type":"ListItem","position":2,"name":"Comunarios de Piso Firme expulsan a agentes del INE"}]},{"@type":"WebSite","@id":"https:\/\/www.eldiario.net\/portal\/#website","url":"https:\/\/www.eldiario.net\/portal\/","name":"El Diario - Decano de la prensa nacional","description":"El Diario - Decano de la prensa nacional","publisher":{"@id":"https:\/\/www.eldiario.net\/portal\/#organization"},"potentialAction":[{"@type":"SearchAction","target":{"@type":"EntryPoint","urlTemplate":"https:\/\/www.eldiario.net\/portal\/?s={search_term_string}"},"query-input":{"@type":"PropertyValueSpecification","valueRequired":true,"valueName":"search_term_string"}}],"inLanguage":"es"},{"@type":"Organization","@id":"https:\/\/www.eldiario.net\/portal\/#organization","name":"El Diario - Decano de la prensa nacional","url":"https:\/\/www.eldiario.net\/portal\/","logo":{"@type":"ImageObject","inLanguage":"es","@id":"https:\/\/www.eldiario.net\/portal\/#\/schema\/logo\/image\/","url":"https:\/\/www.eldiario.net\/portal\/wp-content\/uploads\/2023\/07\/logo_ED.jpg","contentUrl":"https:\/\/www.eldiario.net\/portal\/wp-content\/uploads\/2023\/07\/logo_ED.jpg","width":272,"height":52,"caption":"El Diario - Decano de la prensa nacional"},"image":{"@id":"https:\/\/www.eldiario.net\/portal\/#\/schema\/logo\/image\/"},"sameAs":["https:\/\/www.facebook.com\/eldiario.bolivia\/","https:\/\/x.com\/eldiario_net"]},{"@type":"Person","@id":"https:\/\/www.eldiario.net\/portal\/#\/schema\/person\/2c57cf2b7a7ae032e449e4c9b1019eac","name":"Jeanette","image":{"@type":"ImageObject","inLanguage":"es","@id":"https:\/\/secure.gravatar.com\/avatar\/3ea2118a5f7dad2b7138b1187a6b7ee55f160b9968b66013c3a3ef39dd7e5798?s=96&d=mm&r=g","url":"https:\/\/secure.gravatar.com\/avatar\/3ea2118a5f7dad2b7138b1187a6b7ee55f160b9968b66013c3a3ef39dd7e5798?s=96&d=mm&r=g","contentUrl":"https:\/\/secure.gravatar.com\/avatar\/3ea2118a5f7dad2b7138b1187a6b7ee55f160b9968b66013c3a3ef39dd7e5798?s=96&d=mm&r=g","caption":"Jeanette"},"sameAs":["https:\/\/www.eldiario.net\/portal"],"url":"https:\/\/www.eldiario.net\/portal\/author\/jeanette\/"}]}},"_links":{"self":[{"href":"https:\/\/www.eldiario.net\/portal\/wp-json\/wp\/v2\/posts\/207501","targetHints":{"allow":["GET"]}}],"collection":[{"href":"https:\/\/www.eldiario.net\/portal\/wp-json\/wp\/v2\/posts"}],"about":[{"href":"https:\/\/www.eldiario.net\/portal\/wp-json\/wp\/v2\/types\/post"}],"author":[{"embeddable":true,"href":"https:\/\/www.eldiario.net\/portal\/wp-json\/wp\/v2\/users\/1"}],"replies":[{"embeddable":true,"href":"https:\/\/www.eldiario.net\/portal\/wp-json\/wp\/v2\/comments?post=207501"}],"version-history":[{"count":1,"href":"https:\/\/www.eldiario.net\/portal\/wp-json\/wp\/v2\/posts\/207501\/revisions"}],"predecessor-version":[{"id":207503,"href":"https:\/\/www.eldiario.net\/portal\/wp-json\/wp\/v2\/posts\/207501\/revisions\/207503"}],"wp:featuredmedia":[{"embeddable":true,"href":"https:\/\/www.eldiario.net\/portal\/wp-json\/wp\/v2\/media\/207502"}],"wp:attachment":[{"href":"https:\/\/www.eldiario.net\/portal\/wp-json\/wp\/v2\/media?parent=207501"}],"wp:term":[{"taxonomy":"category","embeddable":true,"href":"https:\/\/www.eldiario.net\/portal\/wp-json\/wp\/v2\/categories?post=207501"},{"taxonomy":"post_tag","embeddable":true,"href":"https:\/\/www.eldiario.net\/portal\/wp-json\/wp\/v2\/tags?post=207501"}],"curies":[{"name":"wp","href":"https:\/\/api.w.org\/{rel}","templated":true}]}}