{"id":207498,"date":"2024-03-10T05:11:22","date_gmt":"2024-03-10T09:11:22","guid":{"rendered":"https:\/\/www.eldiario.net\/portal\/?p=207498"},"modified":"2024-03-10T05:11:22","modified_gmt":"2024-03-10T09:11:22","slug":"burguesa-lanzo-su-lata-alusiva-a-la-festividad-del-senor-del-gran-poder-2","status":"publish","type":"post","link":"https:\/\/www.eldiario.net\/portal\/2024\/03\/10\/burguesa-lanzo-su-lata-alusiva-a-la-festividad-del-senor-del-gran-poder-2\/","title":{"rendered":"Burguesa lanz\u00f3 su lata alusiva a la  Festividad del Se\u00f1or del Gran Poder"},"content":{"rendered":"<p>Es importante recordar que el mi\u00e9rcoles 11 de diciembre de 2019, la festividad del Se\u00f1or Jes\u00fas del Gran Poder fue declarada Patrimonio Cultural Inmaterial de la Humanidad por la Unesco, en la reuni\u00f3n del Comit\u00e9 Intergubernamental para la Salvaguarda del Patrimonio Cultural Inmaterial en la Ciudad de Bogot\u00e1, Colombia.<br \/>\n\u201cRecordemos que el a\u00f1o 2022, Burguesa se estableci\u00f3 como marca patrocinadora de la festividad del Se\u00f1or Jes\u00fas del Gran Poder, consolidando una alianza por cinco a\u00f1os entre la empresa boliviana NUR SRL y la Asociaci\u00f3n de Conjuntos Folkl\u00f3ricos del Gran Poder (Acfgp), sin embargo, el 2023 con votaci\u00f3n un\u00e1nime de la asamblea de la Acfgp, esta alianza se ampli\u00f3 por diez a\u00f1os m\u00e1s, teniendo como objetivos la preservaci\u00f3n de valores, tradiciones y defensa del Patrimonio Cultural boliviano y su legado\u201d, seg\u00fan el gerente Nacional Comercial, Carlos Pe\u00f1a Del Castillo.<br \/>\nRoberto Almanza, jefe Nacional de Marketing, dijo que la empresa boliviana NUR SRL con su marca de cerveza Burguesa junto con la Asociaci\u00f3n de Conjuntos Folkl\u00f3ricos del Gran Poder, por tercer a\u00f1o consecutivo ser\u00e1n protagonistas de la majestuosa entrada del Gran Poder de la ciudad de La Paz este 2024, en donde se muestra la m\u00e1xima expresi\u00f3n folkl\u00f3rica de Bolivia y manifestaci\u00f3n religiosa al Se\u00f1or Jes\u00fas del Gran Poder\u201d.<br \/>\nLa cerveza Burguesa ya es reconocida y preferida por los consumidores bolivianos, es por ello que se ha lanzado una edici\u00f3n limitada para conmemorar a la Festividad del Se\u00f1or Jes\u00fas del Gran Poder, y as\u00ed transmitir un mensaje de celebraci\u00f3n de la hermandad y tradici\u00f3n de nuestra cultura, dijo el gerente general, Akram Salleh.<br \/>\nEsa innovaci\u00f3n representa la alegr\u00eda, historia, cultura y la fe al estar nuestro Se\u00f1or Jes\u00fas del Gran Poder, junto con el majestuoso Illimani, tambi\u00e9n se puede observar la imagen en representaci\u00f3n de una de las danzas m\u00e1s influyentes de la Fiesta Mayor de Los Andes, como lo es La Morenada, al mismo tiempo se resaltan los 50 a\u00f1os de fundaci\u00f3n de la Asociaci\u00f3n de Conjuntos Folkl\u00f3ricos del Gran Poder, agreg\u00f3.<\/p>\n","protected":false},"excerpt":{"rendered":"<p>Es importante recordar que el mi\u00e9rcoles 11 de diciembre de 2019, la festividad del Se\u00f1or Jes\u00fas del Gran Poder fue declarada Patrimonio Cultural Inmaterial de la Humanidad por la Unesco, en la reuni\u00f3n del Comit\u00e9 Intergubernamental para la Salvaguarda del Patrimonio Cultural Inmaterial en la Ciudad de Bogot\u00e1, Colombia. \u201cRecordemos que el a\u00f1o 2022, Burguesa [&hellip;]<\/p>\n","protected":false},"author":1,"featured_media":207499,"comment_status":"open","ping_status":"open","sticky":false,"template":"","format":"standard","meta":{"_acf_changed":false,"footnotes":""},"categories":[12],"tags":[],"class_list":["post-207498","post","type-post","status-publish","format-standard","has-post-thumbnail","category-nacional"],"acf":{"antetitulo":""},"yoast_head":"<!-- This site is optimized with the Yoast SEO plugin v28.4 - https:\/\/yoast.com\/product\/yoast-seo-wordpress\/ -->\n<title>Burguesa lanz\u00f3 su lata alusiva a la Festividad del Se\u00f1or del Gran Poder - El Diario - Bolivia<\/title>\n<meta name=\"robots\" content=\"index, follow, max-snippet:-1, max-image-preview:large, max-video-preview:-1\" \/>\n<link rel=\"canonical\" href=\"https:\/\/www.eldiario.net\/portal\/2024\/03\/10\/burguesa-lanzo-su-lata-alusiva-a-la-festividad-del-senor-del-gran-poder-2\/\" \/>\n<meta property=\"og:locale\" content=\"es_ES\" \/>\n<meta property=\"og:type\" content=\"article\" \/>\n<meta property=\"og:title\" content=\"Burguesa lanz\u00f3 su lata alusiva a la Festividad del Se\u00f1or del Gran Poder - El Diario - Bolivia\" \/>\n<meta property=\"og:description\" content=\"Es importante recordar que el mi\u00e9rcoles 11 de diciembre de 2019, la festividad del Se\u00f1or Jes\u00fas del Gran Poder fue declarada Patrimonio Cultural Inmaterial de la Humanidad por la Unesco, en la reuni\u00f3n del Comit\u00e9 Intergubernamental para la Salvaguarda del Patrimonio Cultural Inmaterial en la Ciudad de Bogot\u00e1, Colombia. \u201cRecordemos que el a\u00f1o 2022, Burguesa [&hellip;]\" \/>\n<meta property=\"og:url\" content=\"https:\/\/www.eldiario.net\/portal\/2024\/03\/10\/burguesa-lanzo-su-lata-alusiva-a-la-festividad-del-senor-del-gran-poder-2\/\" \/>\n<meta property=\"og:site_name\" content=\"El Diario - Bolivia\" \/>\n<meta property=\"article:publisher\" content=\"https:\/\/www.facebook.com\/eldiario.bolivia\/\" \/>\n<meta property=\"article:published_time\" content=\"2024-03-10T09:11:22+00:00\" \/>\n<meta property=\"og:image\" content=\"https:\/\/www.eldiario.net\/portal\/wp-content\/uploads\/2024\/03\/11-NAL-scaled.jpg\" \/>\n\t<meta property=\"og:image:width\" content=\"2560\" \/>\n\t<meta property=\"og:image:height\" content=\"1707\" \/>\n\t<meta property=\"og:image:type\" content=\"image\/jpeg\" \/>\n<meta name=\"author\" content=\"Jeanette\" \/>\n<meta name=\"twitter:card\" content=\"summary_large_image\" \/>\n<meta name=\"twitter:creator\" content=\"@eldiario_net\" \/>\n<meta name=\"twitter:site\" content=\"@eldiario_net\" \/>\n<meta name=\"twitter:label1\" content=\"Escrito por\" \/>\n\t<meta name=\"twitter:data1\" content=\"Jeanette\" \/>\n\t<meta name=\"twitter:label2\" content=\"Tiempo de lectura\" \/>\n\t<meta name=\"twitter:data2\" content=\"2 minutos\" \/>\n<script type=\"application\/ld+json\" class=\"yoast-schema-graph\">{\"@context\":\"https:\\\/\\\/schema.org\",\"@graph\":[{\"@type\":\"Article\",\"@id\":\"https:\\\/\\\/www.eldiario.net\\\/portal\\\/2024\\\/03\\\/10\\\/burguesa-lanzo-su-lata-alusiva-a-la-festividad-del-senor-del-gran-poder-2\\\/#article\",\"isPartOf\":{\"@id\":\"https:\\\/\\\/www.eldiario.net\\\/portal\\\/2024\\\/03\\\/10\\\/burguesa-lanzo-su-lata-alusiva-a-la-festividad-del-senor-del-gran-poder-2\\\/\"},\"author\":{\"name\":\"Jeanette\",\"@id\":\"https:\\\/\\\/www.eldiario.net\\\/portal\\\/#\\\/schema\\\/person\\\/2c57cf2b7a7ae032e449e4c9b1019eac\"},\"headline\":\"Burguesa lanz\u00f3 su lata alusiva a la Festividad del Se\u00f1or del Gran Poder\",\"datePublished\":\"2024-03-10T09:11:22+00:00\",\"mainEntityOfPage\":{\"@id\":\"https:\\\/\\\/www.eldiario.net\\\/portal\\\/2024\\\/03\\\/10\\\/burguesa-lanzo-su-lata-alusiva-a-la-festividad-del-senor-del-gran-poder-2\\\/\"},\"wordCount\":382,\"commentCount\":0,\"publisher\":{\"@id\":\"https:\\\/\\\/www.eldiario.net\\\/portal\\\/#organization\"},\"image\":{\"@id\":\"https:\\\/\\\/www.eldiario.net\\\/portal\\\/2024\\\/03\\\/10\\\/burguesa-lanzo-su-lata-alusiva-a-la-festividad-del-senor-del-gran-poder-2\\\/#primaryimage\"},\"thumbnailUrl\":\"https:\\\/\\\/www.eldiario.net\\\/portal\\\/wp-content\\\/uploads\\\/2024\\\/03\\\/11-NAL-scaled.jpg\",\"articleSection\":[\"Nacional\"],\"inLanguage\":\"es\",\"potentialAction\":[{\"@type\":\"CommentAction\",\"name\":\"Comment\",\"target\":[\"https:\\\/\\\/www.eldiario.net\\\/portal\\\/2024\\\/03\\\/10\\\/burguesa-lanzo-su-lata-alusiva-a-la-festividad-del-senor-del-gran-poder-2\\\/#respond\"]}]},{\"@type\":\"WebPage\",\"@id\":\"https:\\\/\\\/www.eldiario.net\\\/portal\\\/2024\\\/03\\\/10\\\/burguesa-lanzo-su-lata-alusiva-a-la-festividad-del-senor-del-gran-poder-2\\\/\",\"url\":\"https:\\\/\\\/www.eldiario.net\\\/portal\\\/2024\\\/03\\\/10\\\/burguesa-lanzo-su-lata-alusiva-a-la-festividad-del-senor-del-gran-poder-2\\\/\",\"name\":\"Burguesa lanz\u00f3 su lata alusiva a la Festividad del Se\u00f1or del Gran Poder - El Diario - Bolivia\",\"isPartOf\":{\"@id\":\"https:\\\/\\\/www.eldiario.net\\\/portal\\\/#website\"},\"primaryImageOfPage\":{\"@id\":\"https:\\\/\\\/www.eldiario.net\\\/portal\\\/2024\\\/03\\\/10\\\/burguesa-lanzo-su-lata-alusiva-a-la-festividad-del-senor-del-gran-poder-2\\\/#primaryimage\"},\"image\":{\"@id\":\"https:\\\/\\\/www.eldiario.net\\\/portal\\\/2024\\\/03\\\/10\\\/burguesa-lanzo-su-lata-alusiva-a-la-festividad-del-senor-del-gran-poder-2\\\/#primaryimage\"},\"thumbnailUrl\":\"https:\\\/\\\/www.eldiario.net\\\/portal\\\/wp-content\\\/uploads\\\/2024\\\/03\\\/11-NAL-scaled.jpg\",\"datePublished\":\"2024-03-10T09:11:22+00:00\",\"breadcrumb\":{\"@id\":\"https:\\\/\\\/www.eldiario.net\\\/portal\\\/2024\\\/03\\\/10\\\/burguesa-lanzo-su-lata-alusiva-a-la-festividad-del-senor-del-gran-poder-2\\\/#breadcrumb\"},\"inLanguage\":\"es\",\"potentialAction\":[{\"@type\":\"ReadAction\",\"target\":[\"https:\\\/\\\/www.eldiario.net\\\/portal\\\/2024\\\/03\\\/10\\\/burguesa-lanzo-su-lata-alusiva-a-la-festividad-del-senor-del-gran-poder-2\\\/\"]}]},{\"@type\":\"ImageObject\",\"inLanguage\":\"es\",\"@id\":\"https:\\\/\\\/www.eldiario.net\\\/portal\\\/2024\\\/03\\\/10\\\/burguesa-lanzo-su-lata-alusiva-a-la-festividad-del-senor-del-gran-poder-2\\\/#primaryimage\",\"url\":\"https:\\\/\\\/www.eldiario.net\\\/portal\\\/wp-content\\\/uploads\\\/2024\\\/03\\\/11-NAL-scaled.jpg\",\"contentUrl\":\"https:\\\/\\\/www.eldiario.net\\\/portal\\\/wp-content\\\/uploads\\\/2024\\\/03\\\/11-NAL-scaled.jpg\",\"width\":2560,\"height\":1707,\"caption\":\"Momentos de la presentaci\u00f3n.\"},{\"@type\":\"BreadcrumbList\",\"@id\":\"https:\\\/\\\/www.eldiario.net\\\/portal\\\/2024\\\/03\\\/10\\\/burguesa-lanzo-su-lata-alusiva-a-la-festividad-del-senor-del-gran-poder-2\\\/#breadcrumb\",\"itemListElement\":[{\"@type\":\"ListItem\",\"position\":1,\"name\":\"Portada\",\"item\":\"https:\\\/\\\/www.eldiario.net\\\/portal\\\/\"},{\"@type\":\"ListItem\",\"position\":2,\"name\":\"Burguesa lanz\u00f3 su lata alusiva a la Festividad del Se\u00f1or del Gran Poder\"}]},{\"@type\":\"WebSite\",\"@id\":\"https:\\\/\\\/www.eldiario.net\\\/portal\\\/#website\",\"url\":\"https:\\\/\\\/www.eldiario.net\\\/portal\\\/\",\"name\":\"El Diario - Decano de la prensa nacional\",\"description\":\"El Diario - Decano de la prensa nacional\",\"publisher\":{\"@id\":\"https:\\\/\\\/www.eldiario.net\\\/portal\\\/#organization\"},\"potentialAction\":[{\"@type\":\"SearchAction\",\"target\":{\"@type\":\"EntryPoint\",\"urlTemplate\":\"https:\\\/\\\/www.eldiario.net\\\/portal\\\/?s={search_term_string}\"},\"query-input\":{\"@type\":\"PropertyValueSpecification\",\"valueRequired\":true,\"valueName\":\"search_term_string\"}}],\"inLanguage\":\"es\"},{\"@type\":\"Organization\",\"@id\":\"https:\\\/\\\/www.eldiario.net\\\/portal\\\/#organization\",\"name\":\"El Diario - Decano de la prensa nacional\",\"url\":\"https:\\\/\\\/www.eldiario.net\\\/portal\\\/\",\"logo\":{\"@type\":\"ImageObject\",\"inLanguage\":\"es\",\"@id\":\"https:\\\/\\\/www.eldiario.net\\\/portal\\\/#\\\/schema\\\/logo\\\/image\\\/\",\"url\":\"https:\\\/\\\/www.eldiario.net\\\/portal\\\/wp-content\\\/uploads\\\/2023\\\/07\\\/logo_ED.jpg\",\"contentUrl\":\"https:\\\/\\\/www.eldiario.net\\\/portal\\\/wp-content\\\/uploads\\\/2023\\\/07\\\/logo_ED.jpg\",\"width\":272,\"height\":52,\"caption\":\"El Diario - Decano de la prensa nacional\"},\"image\":{\"@id\":\"https:\\\/\\\/www.eldiario.net\\\/portal\\\/#\\\/schema\\\/logo\\\/image\\\/\"},\"sameAs\":[\"https:\\\/\\\/www.facebook.com\\\/eldiario.bolivia\\\/\",\"https:\\\/\\\/x.com\\\/eldiario_net\"]},{\"@type\":\"Person\",\"@id\":\"https:\\\/\\\/www.eldiario.net\\\/portal\\\/#\\\/schema\\\/person\\\/2c57cf2b7a7ae032e449e4c9b1019eac\",\"name\":\"Jeanette\",\"image\":{\"@type\":\"ImageObject\",\"inLanguage\":\"es\",\"@id\":\"https:\\\/\\\/secure.gravatar.com\\\/avatar\\\/3ea2118a5f7dad2b7138b1187a6b7ee55f160b9968b66013c3a3ef39dd7e5798?s=96&d=mm&r=g\",\"url\":\"https:\\\/\\\/secure.gravatar.com\\\/avatar\\\/3ea2118a5f7dad2b7138b1187a6b7ee55f160b9968b66013c3a3ef39dd7e5798?s=96&d=mm&r=g\",\"contentUrl\":\"https:\\\/\\\/secure.gravatar.com\\\/avatar\\\/3ea2118a5f7dad2b7138b1187a6b7ee55f160b9968b66013c3a3ef39dd7e5798?s=96&d=mm&r=g\",\"caption\":\"Jeanette\"},\"sameAs\":[\"https:\\\/\\\/www.eldiario.net\\\/portal\"],\"url\":\"https:\\\/\\\/www.eldiario.net\\\/portal\\\/author\\\/jeanette\\\/\"}]}<\/script>\n<!-- \/ Yoast SEO plugin. -->","yoast_head_json":{"title":"Burguesa lanz\u00f3 su lata alusiva a la Festividad del Se\u00f1or del Gran Poder - El Diario - Bolivia","robots":{"index":"index","follow":"follow","max-snippet":"max-snippet:-1","max-image-preview":"max-image-preview:large","max-video-preview":"max-video-preview:-1"},"canonical":"https:\/\/www.eldiario.net\/portal\/2024\/03\/10\/burguesa-lanzo-su-lata-alusiva-a-la-festividad-del-senor-del-gran-poder-2\/","og_locale":"es_ES","og_type":"article","og_title":"Burguesa lanz\u00f3 su lata alusiva a la Festividad del Se\u00f1or del Gran Poder - El Diario - Bolivia","og_description":"Es importante recordar que el mi\u00e9rcoles 11 de diciembre de 2019, la festividad del Se\u00f1or Jes\u00fas del Gran Poder fue declarada Patrimonio Cultural Inmaterial de la Humanidad por la Unesco, en la reuni\u00f3n del Comit\u00e9 Intergubernamental para la Salvaguarda del Patrimonio Cultural Inmaterial en la Ciudad de Bogot\u00e1, Colombia. \u201cRecordemos que el a\u00f1o 2022, Burguesa [&hellip;]","og_url":"https:\/\/www.eldiario.net\/portal\/2024\/03\/10\/burguesa-lanzo-su-lata-alusiva-a-la-festividad-del-senor-del-gran-poder-2\/","og_site_name":"El Diario - Bolivia","article_publisher":"https:\/\/www.facebook.com\/eldiario.bolivia\/","article_published_time":"2024-03-10T09:11:22+00:00","og_image":[{"width":2560,"height":1707,"url":"https:\/\/www.eldiario.net\/portal\/wp-content\/uploads\/2024\/03\/11-NAL-scaled.jpg","type":"image\/jpeg"}],"author":"Jeanette","twitter_card":"summary_large_image","twitter_creator":"@eldiario_net","twitter_site":"@eldiario_net","twitter_misc":{"Escrito por":"Jeanette","Tiempo de lectura":"2 minutos"},"schema":{"@context":"https:\/\/schema.org","@graph":[{"@type":"Article","@id":"https:\/\/www.eldiario.net\/portal\/2024\/03\/10\/burguesa-lanzo-su-lata-alusiva-a-la-festividad-del-senor-del-gran-poder-2\/#article","isPartOf":{"@id":"https:\/\/www.eldiario.net\/portal\/2024\/03\/10\/burguesa-lanzo-su-lata-alusiva-a-la-festividad-del-senor-del-gran-poder-2\/"},"author":{"name":"Jeanette","@id":"https:\/\/www.eldiario.net\/portal\/#\/schema\/person\/2c57cf2b7a7ae032e449e4c9b1019eac"},"headline":"Burguesa lanz\u00f3 su lata alusiva a la Festividad del Se\u00f1or del Gran Poder","datePublished":"2024-03-10T09:11:22+00:00","mainEntityOfPage":{"@id":"https:\/\/www.eldiario.net\/portal\/2024\/03\/10\/burguesa-lanzo-su-lata-alusiva-a-la-festividad-del-senor-del-gran-poder-2\/"},"wordCount":382,"commentCount":0,"publisher":{"@id":"https:\/\/www.eldiario.net\/portal\/#organization"},"image":{"@id":"https:\/\/www.eldiario.net\/portal\/2024\/03\/10\/burguesa-lanzo-su-lata-alusiva-a-la-festividad-del-senor-del-gran-poder-2\/#primaryimage"},"thumbnailUrl":"https:\/\/www.eldiario.net\/portal\/wp-content\/uploads\/2024\/03\/11-NAL-scaled.jpg","articleSection":["Nacional"],"inLanguage":"es","potentialAction":[{"@type":"CommentAction","name":"Comment","target":["https:\/\/www.eldiario.net\/portal\/2024\/03\/10\/burguesa-lanzo-su-lata-alusiva-a-la-festividad-del-senor-del-gran-poder-2\/#respond"]}]},{"@type":"WebPage","@id":"https:\/\/www.eldiario.net\/portal\/2024\/03\/10\/burguesa-lanzo-su-lata-alusiva-a-la-festividad-del-senor-del-gran-poder-2\/","url":"https:\/\/www.eldiario.net\/portal\/2024\/03\/10\/burguesa-lanzo-su-lata-alusiva-a-la-festividad-del-senor-del-gran-poder-2\/","name":"Burguesa lanz\u00f3 su lata alusiva a la Festividad del Se\u00f1or del Gran Poder - El Diario - Bolivia","isPartOf":{"@id":"https:\/\/www.eldiario.net\/portal\/#website"},"primaryImageOfPage":{"@id":"https:\/\/www.eldiario.net\/portal\/2024\/03\/10\/burguesa-lanzo-su-lata-alusiva-a-la-festividad-del-senor-del-gran-poder-2\/#primaryimage"},"image":{"@id":"https:\/\/www.eldiario.net\/portal\/2024\/03\/10\/burguesa-lanzo-su-lata-alusiva-a-la-festividad-del-senor-del-gran-poder-2\/#primaryimage"},"thumbnailUrl":"https:\/\/www.eldiario.net\/portal\/wp-content\/uploads\/2024\/03\/11-NAL-scaled.jpg","datePublished":"2024-03-10T09:11:22+00:00","breadcrumb":{"@id":"https:\/\/www.eldiario.net\/portal\/2024\/03\/10\/burguesa-lanzo-su-lata-alusiva-a-la-festividad-del-senor-del-gran-poder-2\/#breadcrumb"},"inLanguage":"es","potentialAction":[{"@type":"ReadAction","target":["https:\/\/www.eldiario.net\/portal\/2024\/03\/10\/burguesa-lanzo-su-lata-alusiva-a-la-festividad-del-senor-del-gran-poder-2\/"]}]},{"@type":"ImageObject","inLanguage":"es","@id":"https:\/\/www.eldiario.net\/portal\/2024\/03\/10\/burguesa-lanzo-su-lata-alusiva-a-la-festividad-del-senor-del-gran-poder-2\/#primaryimage","url":"https:\/\/www.eldiario.net\/portal\/wp-content\/uploads\/2024\/03\/11-NAL-scaled.jpg","contentUrl":"https:\/\/www.eldiario.net\/portal\/wp-content\/uploads\/2024\/03\/11-NAL-scaled.jpg","width":2560,"height":1707,"caption":"Momentos de la presentaci\u00f3n."},{"@type":"BreadcrumbList","@id":"https:\/\/www.eldiario.net\/portal\/2024\/03\/10\/burguesa-lanzo-su-lata-alusiva-a-la-festividad-del-senor-del-gran-poder-2\/#breadcrumb","itemListElement":[{"@type":"ListItem","position":1,"name":"Portada","item":"https:\/\/www.eldiario.net\/portal\/"},{"@type":"ListItem","position":2,"name":"Burguesa lanz\u00f3 su lata alusiva a la Festividad del Se\u00f1or del Gran Poder"}]},{"@type":"WebSite","@id":"https:\/\/www.eldiario.net\/portal\/#website","url":"https:\/\/www.eldiario.net\/portal\/","name":"El Diario - Decano de la prensa nacional","description":"El Diario - Decano de la prensa nacional","publisher":{"@id":"https:\/\/www.eldiario.net\/portal\/#organization"},"potentialAction":[{"@type":"SearchAction","target":{"@type":"EntryPoint","urlTemplate":"https:\/\/www.eldiario.net\/portal\/?s={search_term_string}"},"query-input":{"@type":"PropertyValueSpecification","valueRequired":true,"valueName":"search_term_string"}}],"inLanguage":"es"},{"@type":"Organization","@id":"https:\/\/www.eldiario.net\/portal\/#organization","name":"El Diario - Decano de la prensa nacional","url":"https:\/\/www.eldiario.net\/portal\/","logo":{"@type":"ImageObject","inLanguage":"es","@id":"https:\/\/www.eldiario.net\/portal\/#\/schema\/logo\/image\/","url":"https:\/\/www.eldiario.net\/portal\/wp-content\/uploads\/2023\/07\/logo_ED.jpg","contentUrl":"https:\/\/www.eldiario.net\/portal\/wp-content\/uploads\/2023\/07\/logo_ED.jpg","width":272,"height":52,"caption":"El Diario - Decano de la prensa nacional"},"image":{"@id":"https:\/\/www.eldiario.net\/portal\/#\/schema\/logo\/image\/"},"sameAs":["https:\/\/www.facebook.com\/eldiario.bolivia\/","https:\/\/x.com\/eldiario_net"]},{"@type":"Person","@id":"https:\/\/www.eldiario.net\/portal\/#\/schema\/person\/2c57cf2b7a7ae032e449e4c9b1019eac","name":"Jeanette","image":{"@type":"ImageObject","inLanguage":"es","@id":"https:\/\/secure.gravatar.com\/avatar\/3ea2118a5f7dad2b7138b1187a6b7ee55f160b9968b66013c3a3ef39dd7e5798?s=96&d=mm&r=g","url":"https:\/\/secure.gravatar.com\/avatar\/3ea2118a5f7dad2b7138b1187a6b7ee55f160b9968b66013c3a3ef39dd7e5798?s=96&d=mm&r=g","contentUrl":"https:\/\/secure.gravatar.com\/avatar\/3ea2118a5f7dad2b7138b1187a6b7ee55f160b9968b66013c3a3ef39dd7e5798?s=96&d=mm&r=g","caption":"Jeanette"},"sameAs":["https:\/\/www.eldiario.net\/portal"],"url":"https:\/\/www.eldiario.net\/portal\/author\/jeanette\/"}]}},"_links":{"self":[{"href":"https:\/\/www.eldiario.net\/portal\/wp-json\/wp\/v2\/posts\/207498","targetHints":{"allow":["GET"]}}],"collection":[{"href":"https:\/\/www.eldiario.net\/portal\/wp-json\/wp\/v2\/posts"}],"about":[{"href":"https:\/\/www.eldiario.net\/portal\/wp-json\/wp\/v2\/types\/post"}],"author":[{"embeddable":true,"href":"https:\/\/www.eldiario.net\/portal\/wp-json\/wp\/v2\/users\/1"}],"replies":[{"embeddable":true,"href":"https:\/\/www.eldiario.net\/portal\/wp-json\/wp\/v2\/comments?post=207498"}],"version-history":[{"count":1,"href":"https:\/\/www.eldiario.net\/portal\/wp-json\/wp\/v2\/posts\/207498\/revisions"}],"predecessor-version":[{"id":207500,"href":"https:\/\/www.eldiario.net\/portal\/wp-json\/wp\/v2\/posts\/207498\/revisions\/207500"}],"wp:featuredmedia":[{"embeddable":true,"href":"https:\/\/www.eldiario.net\/portal\/wp-json\/wp\/v2\/media\/207499"}],"wp:attachment":[{"href":"https:\/\/www.eldiario.net\/portal\/wp-json\/wp\/v2\/media?parent=207498"}],"wp:term":[{"taxonomy":"category","embeddable":true,"href":"https:\/\/www.eldiario.net\/portal\/wp-json\/wp\/v2\/categories?post=207498"},{"taxonomy":"post_tag","embeddable":true,"href":"https:\/\/www.eldiario.net\/portal\/wp-json\/wp\/v2\/tags?post=207498"}],"curies":[{"name":"wp","href":"https:\/\/api.w.org\/{rel}","templated":true}]}}