{"id":207492,"date":"2024-03-10T05:10:00","date_gmt":"2024-03-10T09:10:00","guid":{"rendered":"https:\/\/www.eldiario.net\/portal\/?p=207492"},"modified":"2024-03-10T05:10:00","modified_gmt":"2024-03-10T09:10:00","slug":"93-anos-de-la-camara-nacional-de-industrias","status":"publish","type":"post","link":"https:\/\/www.eldiario.net\/portal\/2024\/03\/10\/93-anos-de-la-camara-nacional-de-industrias\/","title":{"rendered":"93 a\u00f1os de la C\u00e1mara Nacional de Industrias"},"content":{"rendered":"<p>La C\u00e1mara Nacional de Industrias (CNI) es una instituci\u00f3n en Bolivia que representa y promueve los intereses de las empresas industriales del pa\u00eds. La CNI juega un papel importante en la promoci\u00f3n del desarrollo industrial sostenible, la defensa de los derechos e intereses de sus miembros, la generaci\u00f3n de pol\u00edticas p\u00fablicas favorables para el sector industrial y la promoci\u00f3n de la competitividad y el crecimiento econ\u00f3mico. Adem\u00e1s, proporciona servicios de apoyo a sus asociados, como asesoramiento t\u00e9cnico, capacitaciones, informaci\u00f3n sobre normativas y regulaciones, entre otros. Su objetivo es impulsar un ambiente propicio para el desarrollo de la industria en Bolivia.<br \/>\nEsta C\u00e1mara fue fundada en 1950 y actualmente cuenta con m\u00e1s de 1.500 empresas afiliadas de diferentes sectores, como alimentos, miner\u00eda, manufactura, petroqu\u00edmica, metalurgia, entre otros.<br \/>\nA fines del mes pasado, esta organizaci\u00f3n empresarial cumpli\u00f3 93 a\u00f1os de trayectoria institucional, liderando las acciones destinadas a fortalecer al sector industrial del pa\u00eds, buscando hacerlo cada vez m\u00e1s competitivo.<br \/>\nCon motivo de esta celebraci\u00f3n, la CNI entreg\u00f3 reconocimientos a empresas, de las cuales muchas han sido parte integral de la CNI durante d\u00e9cadas, cumpliendo este a\u00f1o desde 10 a 90 a\u00f1os de actividad ininterrumpida. Tambi\u00e9n se rindi\u00f3 homenaje a empresas que superaron el siglo de existencia, representando hitos hist\u00f3ricos en la industria.<br \/>\nEntre muchas empresas pioneras podemos enumerar a la Cervecer\u00eda Boliviana Nacional, fundada en 1886; Freudenthal &amp; Cia., la curtiembre que inici\u00f3 sus operaciones en 1907; la \u201cF\u00e1brica Alemana de Salchichas y Conservas Stege\u201d, fundada en 1909; Industrias Venado, de la familia espa\u00f1ola Elorz Rudiez, fundada en 1912; la f\u00e1brica Figliozzi Hermanos fundada en 1916 por cinco hermanos genoveses; y el emprendimiento del joven italiano Dante Salvietti, que en 1918 fund\u00f3 lo que ahora se conoce como Papaya Salvietti.<br \/>\nLa industria en Bolivia es diversa y abarca una variedad de sectores, incluyendo la industria manufacturera, la industria minera, la producci\u00f3n de alimentos y bebidas, entre otros. La industria manufacturera en Bolivia se centra en la producci\u00f3n de textiles, productos met\u00e1licos, productos qu\u00edmicos, maquinaria y equipos, entre otros. La industria minera es tambi\u00e9n un sector importante, con la extracci\u00f3n y procesamiento de minerales como el esta\u00f1o, el zinc, el plomo, el oro y la plata.<br \/>\nLa industrializaci\u00f3n en Bolivia ha sido un tema de inter\u00e9s y debate a lo largo de la historia del pa\u00eds. El objetivo de la industrializaci\u00f3n es diversificar la econom\u00eda, generar empleo, aumentar el valor agregado a las materias primas y fomentar el desarrollo tecnol\u00f3gico.<br \/>\nBolivia ha enfrentado desaf\u00edos en su proceso de industrializaci\u00f3n, incluyendo la dependencia de la exportaci\u00f3n de recursos naturales, la falta de infraestructura adecuada, la competencia con productos importados y la escasez de acceso a financiamiento. Sin embargo, el pa\u00eds tambi\u00e9n ha realizado esfuerzos para promover la industrializaci\u00f3n, como la implementaci\u00f3n de pol\u00edticas de apoyo a la manufactura, la promoci\u00f3n de inversiones en sectores estrat\u00e9gicos y la b\u00fasqueda de alianzas internacionales.<br \/>\nEn los \u00faltimos a\u00f1os, Bolivia ha buscado impulsar la industrializaci\u00f3n a trav\u00e9s de la implementaci\u00f3n de programas y pol\u00edticas destinados a fomentar la producci\u00f3n nacional, mejorar la competitividad de las empresas locales y fortalecer el sector manufacturero.<br \/>\nLa industrializaci\u00f3n en Bolivia es un proceso en evoluci\u00f3n, con desaf\u00edos y oportunidades que requieren un enfoque integral y sostenido para lograr un crecimiento econ\u00f3mico equitativo y sostenible.<br \/>\nLa C\u00e1mara Nacional de Industrias se consolida como un pilar fundamental del desarrollo econ\u00f3mico nacional, impulsando la iniciativa privada, que se traduce en m\u00e1s empleo, m\u00e1s exportaciones y promueve el desarrollo integral del pa\u00eds.<br \/>\nLos empresarios esperamos que los contactos retomados con el Gobierno, para trabajar juntos en mejorar la econom\u00eda nacional, sean constantes. Tanto el desarrollo regional como el nacional necesitan que el gobierno apruebe la nueva ley de inversiones y ofrezca a los inversionistas las garant\u00edas necesarias para su trabajo.<\/p>\n<p>El autor es Economista, Acad\u00e9mico de N\u00famero de la ABCE y presidente del Directorio de la UREAL.<\/p>\n","protected":false},"excerpt":{"rendered":"<p>La C\u00e1mara Nacional de Industrias (CNI) es una instituci\u00f3n en Bolivia que representa y promueve los intereses de las empresas industriales del pa\u00eds. La CNI juega un papel importante en la promoci\u00f3n del desarrollo industrial sostenible, la defensa de los derechos e intereses de sus miembros, la generaci\u00f3n de pol\u00edticas p\u00fablicas favorables para el sector [&hellip;]<\/p>\n","protected":false},"author":1,"featured_media":158113,"comment_status":"open","ping_status":"open","sticky":false,"template":"","format":"standard","meta":{"_acf_changed":false,"footnotes":""},"categories":[9],"tags":[],"class_list":["post-207492","post","type-post","status-publish","format-standard","has-post-thumbnail","category-opinion"],"acf":{"antetitulo":""},"yoast_head":"<!-- This site is optimized with the Yoast SEO plugin v28.4 - https:\/\/yoast.com\/product\/yoast-seo-wordpress\/ -->\n<title>93 a\u00f1os de la C\u00e1mara Nacional de Industrias - El Diario - Bolivia<\/title>\n<meta name=\"robots\" content=\"index, follow, max-snippet:-1, max-image-preview:large, max-video-preview:-1\" \/>\n<link rel=\"canonical\" href=\"https:\/\/www.eldiario.net\/portal\/2024\/03\/10\/93-anos-de-la-camara-nacional-de-industrias\/\" \/>\n<meta property=\"og:locale\" content=\"es_ES\" \/>\n<meta property=\"og:type\" content=\"article\" \/>\n<meta property=\"og:title\" content=\"93 a\u00f1os de la C\u00e1mara Nacional de Industrias - El Diario - Bolivia\" \/>\n<meta property=\"og:description\" content=\"La C\u00e1mara Nacional de Industrias (CNI) es una instituci\u00f3n en Bolivia que representa y promueve los intereses de las empresas industriales del pa\u00eds. La CNI juega un papel importante en la promoci\u00f3n del desarrollo industrial sostenible, la defensa de los derechos e intereses de sus miembros, la generaci\u00f3n de pol\u00edticas p\u00fablicas favorables para el sector [&hellip;]\" \/>\n<meta property=\"og:url\" content=\"https:\/\/www.eldiario.net\/portal\/2024\/03\/10\/93-anos-de-la-camara-nacional-de-industrias\/\" \/>\n<meta property=\"og:site_name\" content=\"El Diario - Bolivia\" \/>\n<meta property=\"article:publisher\" content=\"https:\/\/www.facebook.com\/eldiario.bolivia\/\" \/>\n<meta property=\"article:published_time\" content=\"2024-03-10T09:10:00+00:00\" \/>\n<meta property=\"og:image\" content=\"https:\/\/www.eldiario.net\/portal\/wp-content\/uploads\/2023\/06\/Rolando-Kempff-Bacigalupo2.jpg\" \/>\n\t<meta property=\"og:image:width\" content=\"1200\" \/>\n\t<meta property=\"og:image:height\" content=\"628\" \/>\n\t<meta property=\"og:image:type\" content=\"image\/jpeg\" \/>\n<meta name=\"author\" content=\"Jeanette\" \/>\n<meta name=\"twitter:card\" content=\"summary_large_image\" \/>\n<meta name=\"twitter:creator\" content=\"@eldiario_net\" \/>\n<meta name=\"twitter:site\" content=\"@eldiario_net\" \/>\n<meta name=\"twitter:label1\" content=\"Escrito por\" \/>\n\t<meta name=\"twitter:data1\" content=\"Jeanette\" \/>\n\t<meta name=\"twitter:label2\" content=\"Tiempo de lectura\" \/>\n\t<meta name=\"twitter:data2\" content=\"4 minutos\" \/>\n<script type=\"application\/ld+json\" class=\"yoast-schema-graph\">{\"@context\":\"https:\\\/\\\/schema.org\",\"@graph\":[{\"@type\":\"Article\",\"@id\":\"https:\\\/\\\/www.eldiario.net\\\/portal\\\/2024\\\/03\\\/10\\\/93-anos-de-la-camara-nacional-de-industrias\\\/#article\",\"isPartOf\":{\"@id\":\"https:\\\/\\\/www.eldiario.net\\\/portal\\\/2024\\\/03\\\/10\\\/93-anos-de-la-camara-nacional-de-industrias\\\/\"},\"author\":{\"name\":\"Jeanette\",\"@id\":\"https:\\\/\\\/www.eldiario.net\\\/portal\\\/#\\\/schema\\\/person\\\/2c57cf2b7a7ae032e449e4c9b1019eac\"},\"headline\":\"93 a\u00f1os de la C\u00e1mara Nacional de Industrias\",\"datePublished\":\"2024-03-10T09:10:00+00:00\",\"mainEntityOfPage\":{\"@id\":\"https:\\\/\\\/www.eldiario.net\\\/portal\\\/2024\\\/03\\\/10\\\/93-anos-de-la-camara-nacional-de-industrias\\\/\"},\"wordCount\":712,\"commentCount\":0,\"publisher\":{\"@id\":\"https:\\\/\\\/www.eldiario.net\\\/portal\\\/#organization\"},\"image\":{\"@id\":\"https:\\\/\\\/www.eldiario.net\\\/portal\\\/2024\\\/03\\\/10\\\/93-anos-de-la-camara-nacional-de-industrias\\\/#primaryimage\"},\"thumbnailUrl\":\"https:\\\/\\\/www.eldiario.net\\\/portal\\\/wp-content\\\/uploads\\\/2023\\\/06\\\/Rolando-Kempff-Bacigalupo2.jpg\",\"articleSection\":[\"Opini\u00f3n\"],\"inLanguage\":\"es\",\"potentialAction\":[{\"@type\":\"CommentAction\",\"name\":\"Comment\",\"target\":[\"https:\\\/\\\/www.eldiario.net\\\/portal\\\/2024\\\/03\\\/10\\\/93-anos-de-la-camara-nacional-de-industrias\\\/#respond\"]}]},{\"@type\":\"WebPage\",\"@id\":\"https:\\\/\\\/www.eldiario.net\\\/portal\\\/2024\\\/03\\\/10\\\/93-anos-de-la-camara-nacional-de-industrias\\\/\",\"url\":\"https:\\\/\\\/www.eldiario.net\\\/portal\\\/2024\\\/03\\\/10\\\/93-anos-de-la-camara-nacional-de-industrias\\\/\",\"name\":\"93 a\u00f1os de la C\u00e1mara Nacional de Industrias - El Diario - Bolivia\",\"isPartOf\":{\"@id\":\"https:\\\/\\\/www.eldiario.net\\\/portal\\\/#website\"},\"primaryImageOfPage\":{\"@id\":\"https:\\\/\\\/www.eldiario.net\\\/portal\\\/2024\\\/03\\\/10\\\/93-anos-de-la-camara-nacional-de-industrias\\\/#primaryimage\"},\"image\":{\"@id\":\"https:\\\/\\\/www.eldiario.net\\\/portal\\\/2024\\\/03\\\/10\\\/93-anos-de-la-camara-nacional-de-industrias\\\/#primaryimage\"},\"thumbnailUrl\":\"https:\\\/\\\/www.eldiario.net\\\/portal\\\/wp-content\\\/uploads\\\/2023\\\/06\\\/Rolando-Kempff-Bacigalupo2.jpg\",\"datePublished\":\"2024-03-10T09:10:00+00:00\",\"breadcrumb\":{\"@id\":\"https:\\\/\\\/www.eldiario.net\\\/portal\\\/2024\\\/03\\\/10\\\/93-anos-de-la-camara-nacional-de-industrias\\\/#breadcrumb\"},\"inLanguage\":\"es\",\"potentialAction\":[{\"@type\":\"ReadAction\",\"target\":[\"https:\\\/\\\/www.eldiario.net\\\/portal\\\/2024\\\/03\\\/10\\\/93-anos-de-la-camara-nacional-de-industrias\\\/\"]}]},{\"@type\":\"ImageObject\",\"inLanguage\":\"es\",\"@id\":\"https:\\\/\\\/www.eldiario.net\\\/portal\\\/2024\\\/03\\\/10\\\/93-anos-de-la-camara-nacional-de-industrias\\\/#primaryimage\",\"url\":\"https:\\\/\\\/www.eldiario.net\\\/portal\\\/wp-content\\\/uploads\\\/2023\\\/06\\\/Rolando-Kempff-Bacigalupo2.jpg\",\"contentUrl\":\"https:\\\/\\\/www.eldiario.net\\\/portal\\\/wp-content\\\/uploads\\\/2023\\\/06\\\/Rolando-Kempff-Bacigalupo2.jpg\",\"width\":1200,\"height\":628},{\"@type\":\"BreadcrumbList\",\"@id\":\"https:\\\/\\\/www.eldiario.net\\\/portal\\\/2024\\\/03\\\/10\\\/93-anos-de-la-camara-nacional-de-industrias\\\/#breadcrumb\",\"itemListElement\":[{\"@type\":\"ListItem\",\"position\":1,\"name\":\"Portada\",\"item\":\"https:\\\/\\\/www.eldiario.net\\\/portal\\\/\"},{\"@type\":\"ListItem\",\"position\":2,\"name\":\"93 a\u00f1os de la C\u00e1mara Nacional de Industrias\"}]},{\"@type\":\"WebSite\",\"@id\":\"https:\\\/\\\/www.eldiario.net\\\/portal\\\/#website\",\"url\":\"https:\\\/\\\/www.eldiario.net\\\/portal\\\/\",\"name\":\"El Diario - Decano de la prensa nacional\",\"description\":\"El Diario - Decano de la prensa nacional\",\"publisher\":{\"@id\":\"https:\\\/\\\/www.eldiario.net\\\/portal\\\/#organization\"},\"potentialAction\":[{\"@type\":\"SearchAction\",\"target\":{\"@type\":\"EntryPoint\",\"urlTemplate\":\"https:\\\/\\\/www.eldiario.net\\\/portal\\\/?s={search_term_string}\"},\"query-input\":{\"@type\":\"PropertyValueSpecification\",\"valueRequired\":true,\"valueName\":\"search_term_string\"}}],\"inLanguage\":\"es\"},{\"@type\":\"Organization\",\"@id\":\"https:\\\/\\\/www.eldiario.net\\\/portal\\\/#organization\",\"name\":\"El Diario - Decano de la prensa nacional\",\"url\":\"https:\\\/\\\/www.eldiario.net\\\/portal\\\/\",\"logo\":{\"@type\":\"ImageObject\",\"inLanguage\":\"es\",\"@id\":\"https:\\\/\\\/www.eldiario.net\\\/portal\\\/#\\\/schema\\\/logo\\\/image\\\/\",\"url\":\"https:\\\/\\\/www.eldiario.net\\\/portal\\\/wp-content\\\/uploads\\\/2023\\\/07\\\/logo_ED.jpg\",\"contentUrl\":\"https:\\\/\\\/www.eldiario.net\\\/portal\\\/wp-content\\\/uploads\\\/2023\\\/07\\\/logo_ED.jpg\",\"width\":272,\"height\":52,\"caption\":\"El Diario - Decano de la prensa nacional\"},\"image\":{\"@id\":\"https:\\\/\\\/www.eldiario.net\\\/portal\\\/#\\\/schema\\\/logo\\\/image\\\/\"},\"sameAs\":[\"https:\\\/\\\/www.facebook.com\\\/eldiario.bolivia\\\/\",\"https:\\\/\\\/x.com\\\/eldiario_net\"]},{\"@type\":\"Person\",\"@id\":\"https:\\\/\\\/www.eldiario.net\\\/portal\\\/#\\\/schema\\\/person\\\/2c57cf2b7a7ae032e449e4c9b1019eac\",\"name\":\"Jeanette\",\"image\":{\"@type\":\"ImageObject\",\"inLanguage\":\"es\",\"@id\":\"https:\\\/\\\/secure.gravatar.com\\\/avatar\\\/3ea2118a5f7dad2b7138b1187a6b7ee55f160b9968b66013c3a3ef39dd7e5798?s=96&d=mm&r=g\",\"url\":\"https:\\\/\\\/secure.gravatar.com\\\/avatar\\\/3ea2118a5f7dad2b7138b1187a6b7ee55f160b9968b66013c3a3ef39dd7e5798?s=96&d=mm&r=g\",\"contentUrl\":\"https:\\\/\\\/secure.gravatar.com\\\/avatar\\\/3ea2118a5f7dad2b7138b1187a6b7ee55f160b9968b66013c3a3ef39dd7e5798?s=96&d=mm&r=g\",\"caption\":\"Jeanette\"},\"sameAs\":[\"https:\\\/\\\/www.eldiario.net\\\/portal\"],\"url\":\"https:\\\/\\\/www.eldiario.net\\\/portal\\\/author\\\/jeanette\\\/\"}]}<\/script>\n<!-- \/ Yoast SEO plugin. -->","yoast_head_json":{"title":"93 a\u00f1os de la C\u00e1mara Nacional de Industrias - El Diario - Bolivia","robots":{"index":"index","follow":"follow","max-snippet":"max-snippet:-1","max-image-preview":"max-image-preview:large","max-video-preview":"max-video-preview:-1"},"canonical":"https:\/\/www.eldiario.net\/portal\/2024\/03\/10\/93-anos-de-la-camara-nacional-de-industrias\/","og_locale":"es_ES","og_type":"article","og_title":"93 a\u00f1os de la C\u00e1mara Nacional de Industrias - El Diario - Bolivia","og_description":"La C\u00e1mara Nacional de Industrias (CNI) es una instituci\u00f3n en Bolivia que representa y promueve los intereses de las empresas industriales del pa\u00eds. La CNI juega un papel importante en la promoci\u00f3n del desarrollo industrial sostenible, la defensa de los derechos e intereses de sus miembros, la generaci\u00f3n de pol\u00edticas p\u00fablicas favorables para el sector [&hellip;]","og_url":"https:\/\/www.eldiario.net\/portal\/2024\/03\/10\/93-anos-de-la-camara-nacional-de-industrias\/","og_site_name":"El Diario - Bolivia","article_publisher":"https:\/\/www.facebook.com\/eldiario.bolivia\/","article_published_time":"2024-03-10T09:10:00+00:00","og_image":[{"width":1200,"height":628,"url":"https:\/\/www.eldiario.net\/portal\/wp-content\/uploads\/2023\/06\/Rolando-Kempff-Bacigalupo2.jpg","type":"image\/jpeg"}],"author":"Jeanette","twitter_card":"summary_large_image","twitter_creator":"@eldiario_net","twitter_site":"@eldiario_net","twitter_misc":{"Escrito por":"Jeanette","Tiempo de lectura":"4 minutos"},"schema":{"@context":"https:\/\/schema.org","@graph":[{"@type":"Article","@id":"https:\/\/www.eldiario.net\/portal\/2024\/03\/10\/93-anos-de-la-camara-nacional-de-industrias\/#article","isPartOf":{"@id":"https:\/\/www.eldiario.net\/portal\/2024\/03\/10\/93-anos-de-la-camara-nacional-de-industrias\/"},"author":{"name":"Jeanette","@id":"https:\/\/www.eldiario.net\/portal\/#\/schema\/person\/2c57cf2b7a7ae032e449e4c9b1019eac"},"headline":"93 a\u00f1os de la C\u00e1mara Nacional de Industrias","datePublished":"2024-03-10T09:10:00+00:00","mainEntityOfPage":{"@id":"https:\/\/www.eldiario.net\/portal\/2024\/03\/10\/93-anos-de-la-camara-nacional-de-industrias\/"},"wordCount":712,"commentCount":0,"publisher":{"@id":"https:\/\/www.eldiario.net\/portal\/#organization"},"image":{"@id":"https:\/\/www.eldiario.net\/portal\/2024\/03\/10\/93-anos-de-la-camara-nacional-de-industrias\/#primaryimage"},"thumbnailUrl":"https:\/\/www.eldiario.net\/portal\/wp-content\/uploads\/2023\/06\/Rolando-Kempff-Bacigalupo2.jpg","articleSection":["Opini\u00f3n"],"inLanguage":"es","potentialAction":[{"@type":"CommentAction","name":"Comment","target":["https:\/\/www.eldiario.net\/portal\/2024\/03\/10\/93-anos-de-la-camara-nacional-de-industrias\/#respond"]}]},{"@type":"WebPage","@id":"https:\/\/www.eldiario.net\/portal\/2024\/03\/10\/93-anos-de-la-camara-nacional-de-industrias\/","url":"https:\/\/www.eldiario.net\/portal\/2024\/03\/10\/93-anos-de-la-camara-nacional-de-industrias\/","name":"93 a\u00f1os de la C\u00e1mara Nacional de Industrias - El Diario - Bolivia","isPartOf":{"@id":"https:\/\/www.eldiario.net\/portal\/#website"},"primaryImageOfPage":{"@id":"https:\/\/www.eldiario.net\/portal\/2024\/03\/10\/93-anos-de-la-camara-nacional-de-industrias\/#primaryimage"},"image":{"@id":"https:\/\/www.eldiario.net\/portal\/2024\/03\/10\/93-anos-de-la-camara-nacional-de-industrias\/#primaryimage"},"thumbnailUrl":"https:\/\/www.eldiario.net\/portal\/wp-content\/uploads\/2023\/06\/Rolando-Kempff-Bacigalupo2.jpg","datePublished":"2024-03-10T09:10:00+00:00","breadcrumb":{"@id":"https:\/\/www.eldiario.net\/portal\/2024\/03\/10\/93-anos-de-la-camara-nacional-de-industrias\/#breadcrumb"},"inLanguage":"es","potentialAction":[{"@type":"ReadAction","target":["https:\/\/www.eldiario.net\/portal\/2024\/03\/10\/93-anos-de-la-camara-nacional-de-industrias\/"]}]},{"@type":"ImageObject","inLanguage":"es","@id":"https:\/\/www.eldiario.net\/portal\/2024\/03\/10\/93-anos-de-la-camara-nacional-de-industrias\/#primaryimage","url":"https:\/\/www.eldiario.net\/portal\/wp-content\/uploads\/2023\/06\/Rolando-Kempff-Bacigalupo2.jpg","contentUrl":"https:\/\/www.eldiario.net\/portal\/wp-content\/uploads\/2023\/06\/Rolando-Kempff-Bacigalupo2.jpg","width":1200,"height":628},{"@type":"BreadcrumbList","@id":"https:\/\/www.eldiario.net\/portal\/2024\/03\/10\/93-anos-de-la-camara-nacional-de-industrias\/#breadcrumb","itemListElement":[{"@type":"ListItem","position":1,"name":"Portada","item":"https:\/\/www.eldiario.net\/portal\/"},{"@type":"ListItem","position":2,"name":"93 a\u00f1os de la C\u00e1mara Nacional de Industrias"}]},{"@type":"WebSite","@id":"https:\/\/www.eldiario.net\/portal\/#website","url":"https:\/\/www.eldiario.net\/portal\/","name":"El Diario - Decano de la prensa nacional","description":"El Diario - Decano de la prensa nacional","publisher":{"@id":"https:\/\/www.eldiario.net\/portal\/#organization"},"potentialAction":[{"@type":"SearchAction","target":{"@type":"EntryPoint","urlTemplate":"https:\/\/www.eldiario.net\/portal\/?s={search_term_string}"},"query-input":{"@type":"PropertyValueSpecification","valueRequired":true,"valueName":"search_term_string"}}],"inLanguage":"es"},{"@type":"Organization","@id":"https:\/\/www.eldiario.net\/portal\/#organization","name":"El Diario - Decano de la prensa nacional","url":"https:\/\/www.eldiario.net\/portal\/","logo":{"@type":"ImageObject","inLanguage":"es","@id":"https:\/\/www.eldiario.net\/portal\/#\/schema\/logo\/image\/","url":"https:\/\/www.eldiario.net\/portal\/wp-content\/uploads\/2023\/07\/logo_ED.jpg","contentUrl":"https:\/\/www.eldiario.net\/portal\/wp-content\/uploads\/2023\/07\/logo_ED.jpg","width":272,"height":52,"caption":"El Diario - Decano de la prensa nacional"},"image":{"@id":"https:\/\/www.eldiario.net\/portal\/#\/schema\/logo\/image\/"},"sameAs":["https:\/\/www.facebook.com\/eldiario.bolivia\/","https:\/\/x.com\/eldiario_net"]},{"@type":"Person","@id":"https:\/\/www.eldiario.net\/portal\/#\/schema\/person\/2c57cf2b7a7ae032e449e4c9b1019eac","name":"Jeanette","image":{"@type":"ImageObject","inLanguage":"es","@id":"https:\/\/secure.gravatar.com\/avatar\/3ea2118a5f7dad2b7138b1187a6b7ee55f160b9968b66013c3a3ef39dd7e5798?s=96&d=mm&r=g","url":"https:\/\/secure.gravatar.com\/avatar\/3ea2118a5f7dad2b7138b1187a6b7ee55f160b9968b66013c3a3ef39dd7e5798?s=96&d=mm&r=g","contentUrl":"https:\/\/secure.gravatar.com\/avatar\/3ea2118a5f7dad2b7138b1187a6b7ee55f160b9968b66013c3a3ef39dd7e5798?s=96&d=mm&r=g","caption":"Jeanette"},"sameAs":["https:\/\/www.eldiario.net\/portal"],"url":"https:\/\/www.eldiario.net\/portal\/author\/jeanette\/"}]}},"_links":{"self":[{"href":"https:\/\/www.eldiario.net\/portal\/wp-json\/wp\/v2\/posts\/207492","targetHints":{"allow":["GET"]}}],"collection":[{"href":"https:\/\/www.eldiario.net\/portal\/wp-json\/wp\/v2\/posts"}],"about":[{"href":"https:\/\/www.eldiario.net\/portal\/wp-json\/wp\/v2\/types\/post"}],"author":[{"embeddable":true,"href":"https:\/\/www.eldiario.net\/portal\/wp-json\/wp\/v2\/users\/1"}],"replies":[{"embeddable":true,"href":"https:\/\/www.eldiario.net\/portal\/wp-json\/wp\/v2\/comments?post=207492"}],"version-history":[{"count":1,"href":"https:\/\/www.eldiario.net\/portal\/wp-json\/wp\/v2\/posts\/207492\/revisions"}],"predecessor-version":[{"id":207493,"href":"https:\/\/www.eldiario.net\/portal\/wp-json\/wp\/v2\/posts\/207492\/revisions\/207493"}],"wp:featuredmedia":[{"embeddable":true,"href":"https:\/\/www.eldiario.net\/portal\/wp-json\/wp\/v2\/media\/158113"}],"wp:attachment":[{"href":"https:\/\/www.eldiario.net\/portal\/wp-json\/wp\/v2\/media?parent=207492"}],"wp:term":[{"taxonomy":"category","embeddable":true,"href":"https:\/\/www.eldiario.net\/portal\/wp-json\/wp\/v2\/categories?post=207492"},{"taxonomy":"post_tag","embeddable":true,"href":"https:\/\/www.eldiario.net\/portal\/wp-json\/wp\/v2\/tags?post=207492"}],"curies":[{"name":"wp","href":"https:\/\/api.w.org\/{rel}","templated":true}]}}