{"id":207490,"date":"2024-03-10T05:09:32","date_gmt":"2024-03-10T09:09:32","guid":{"rendered":"https:\/\/www.eldiario.net\/portal\/?p=207490"},"modified":"2024-03-10T05:09:32","modified_gmt":"2024-03-10T09:09:32","slug":"el-fin-de-un-mito","status":"publish","type":"post","link":"https:\/\/www.eldiario.net\/portal\/2024\/03\/10\/el-fin-de-un-mito\/","title":{"rendered":"El fin de un mito"},"content":{"rendered":"<p>Espero con bastante impaciencia el Censo, previsto para finales de este mes, pero no porque imagine alguna sorpresa en los datos finales. Al contrario, asumo que confirmaremos algunos cambios radicales que el pa\u00eds ha vivido en el \u00faltimo medio siglo. El Censo confirmar\u00e1 que la Bolivia real est\u00e1 muy lejos del discurso dominante en la esfera acad\u00e9mica y, sobre todo, en el mundo pol\u00edtico.<br \/>\nCon toda probabilidad, el censo ratificar\u00e1, entre otros cambios, que Bolivia es un pa\u00eds mayoritariamente urbano, con una r\u00e1pida ca\u00edda de la tasa de natalidad y una poblaci\u00f3n alfabetizada en su cuasi totalidad (esencialmente en espa\u00f1ol, como era de esperarse). Entonces, la imagen del pa\u00eds rural, con habitantes ajenos al movimiento del mundo y encerrados en una especie de inercia cultural, tendr\u00e1 a\u00fan menos sentido. Ser\u00e1 el fin del mito que ha estructurado buena parte de la reflexi\u00f3n social boliviana.<br \/>\nOccidente conoci\u00f3 esos cambios demogr\u00e1ficos y sociales hace casi un siglo. Nuestros vecinos latinoamericanos tardaron m\u00e1s, pero atravesaron por lo mismo hace unas d\u00e9cadas. Era inevitable que sucediera algo similar en nuestra naci\u00f3n. Lo notable de Bolivia, sin embargo, es la rapidez de los cambios.<br \/>\nSi un joven bachiller viajara cincuenta a\u00f1os hacia el pasado, casi nada en t\u00e9rminos hist\u00f3ricos, estoy convencido de que no reconocer\u00eda el pa\u00eds. Para empezar, dos tercios de la poblaci\u00f3n, menos de cinco millones, vivir\u00edan en el campo. Luego, con una tasa de fertilidad de 5.7 hijos por mujer (m\u00e1s de dos veces la actual), observar\u00eda un pa\u00eds a\u00fan m\u00e1s joven que el actual. En cuanto a valores y pr\u00e1ctica religiosa, por ejemplo, las diferencias ser\u00edan incluso m\u00e1s visibles. Y seguro que el biling\u00fcismo dominante, bastante m\u00e1s com\u00fan que hoy, lo dejar\u00eda sorprendido.<br \/>\nEra inevitable que estos cambios radicales, en apenas dos o tres generaciones, provocaran sentimientos de p\u00e9rdida y desarraigo en nuestra sociedad, hablar\u00eda incluso de crisis de sentido o angustia existencial.<br \/>\nSer\u00eda interesante estudiar la obsesi\u00f3n boliviana con la \u201cidentidad\u201d y la tradici\u00f3n a la luz de estas transformaciones. As\u00ed, las ideolog\u00edas indigenistas (en todas sus variedades y sectas) no constituir\u00edan una forma de progreso o inclusi\u00f3n sino una reacci\u00f3n, de tinte \u00e9tnico, a la transformaci\u00f3n del campo en las \u00faltimas d\u00e9cadas, brutal y catastr\u00f3fica en m\u00e1s de un sentido. Bajo la misma l\u00f3gica, los diversos regionalismos departamentales, esencialmente defensivos y provincianos, ser\u00edan tambi\u00e9n una forma de protegerse contra un cambio percibido como amenaza.<br \/>\nA t\u00edtulo de ejemplo, mencionar\u00eda todos los discursos y reglas administrativas sobre el aprendizaje de los idiomas llamados \u201cnativos\u201d. Su promoci\u00f3n oficial, y hasta obligatoriedad de uso en la administraci\u00f3n p\u00fablica, va de la par con la disminuci\u00f3n efectiva de su uso y difusi\u00f3n en el mundo real. Claramente, el mito ha alcanzado sus l\u00edmites.<br \/>\nEn t\u00e9rminos ideol\u00f3gicos y pol\u00edticos, la sociedad boliviana ha respondido a su r\u00e1pida transformaci\u00f3n de manera bastante conservadora, incluso reaccionaria. Y no es dif\u00edcil afirmar que esas cosas est\u00e1n destinadas al fracaso. \u00bfO de verdad volveremos pronto al Tahuantinsuyo? \u00bfLa gente aceptar\u00e1 la camisa de fuerza de las identidades \u00e9tnicas o de los nacionalismos provincianos? No lo creo.<br \/>\nCon suerte, los resultados del Censo nos convencer\u00e1n de que no vale la pena seguir mirando al pasado. Y si de so\u00f1ar se trata, hasta podr\u00edamos imaginar nuevas maneras de comprender el pa\u00eds real, ese que nos hemos negado a aceptar hasta ahora. Ese ser\u00e1 el verdadero desaf\u00edo en la pr\u00f3xima d\u00e9cada. \u00bfExistir\u00e1 alg\u00fan pol\u00edtico que se atreva pensar la Bolivia actual, lejos del mito? Por el momento, s\u00f3lo tenemos la esperanza.<\/p>\n<p>El autor es polit\u00f3logo.<\/p>\n","protected":false},"excerpt":{"rendered":"<p>Espero con bastante impaciencia el Censo, previsto para finales de este mes, pero no porque imagine alguna sorpresa en los datos finales. Al contrario, asumo que confirmaremos algunos cambios radicales que el pa\u00eds ha vivido en el \u00faltimo medio siglo. El Censo confirmar\u00e1 que la Bolivia real est\u00e1 muy lejos del discurso dominante en la [&hellip;]<\/p>\n","protected":false},"author":1,"featured_media":194790,"comment_status":"open","ping_status":"open","sticky":false,"template":"","format":"standard","meta":{"_acf_changed":false,"footnotes":""},"categories":[9],"tags":[],"class_list":["post-207490","post","type-post","status-publish","format-standard","has-post-thumbnail","category-opinion"],"acf":{"antetitulo":""},"yoast_head":"<!-- This site is optimized with the Yoast SEO plugin v28.4 - https:\/\/yoast.com\/product\/yoast-seo-wordpress\/ -->\n<title>El fin de un mito - El Diario - Bolivia<\/title>\n<meta name=\"robots\" content=\"index, follow, max-snippet:-1, max-image-preview:large, max-video-preview:-1\" \/>\n<link rel=\"canonical\" href=\"https:\/\/www.eldiario.net\/portal\/2024\/03\/10\/el-fin-de-un-mito\/\" \/>\n<meta property=\"og:locale\" content=\"es_ES\" \/>\n<meta property=\"og:type\" content=\"article\" \/>\n<meta property=\"og:title\" content=\"El fin de un mito - El Diario - Bolivia\" \/>\n<meta property=\"og:description\" content=\"Espero con bastante impaciencia el Censo, previsto para finales de este mes, pero no porque imagine alguna sorpresa en los datos finales. Al contrario, asumo que confirmaremos algunos cambios radicales que el pa\u00eds ha vivido en el \u00faltimo medio siglo. El Censo confirmar\u00e1 que la Bolivia real est\u00e1 muy lejos del discurso dominante en la [&hellip;]\" \/>\n<meta property=\"og:url\" content=\"https:\/\/www.eldiario.net\/portal\/2024\/03\/10\/el-fin-de-un-mito\/\" \/>\n<meta property=\"og:site_name\" content=\"El Diario - Bolivia\" \/>\n<meta property=\"article:publisher\" content=\"https:\/\/www.facebook.com\/eldiario.bolivia\/\" \/>\n<meta property=\"article:published_time\" content=\"2024-03-10T09:09:32+00:00\" \/>\n<meta property=\"og:image\" content=\"https:\/\/www.eldiario.net\/portal\/wp-content\/uploads\/2023\/12\/Opinion.jpg\" \/>\n\t<meta property=\"og:image:width\" content=\"800\" \/>\n\t<meta property=\"og:image:height\" content=\"500\" \/>\n\t<meta property=\"og:image:type\" content=\"image\/jpeg\" \/>\n<meta name=\"author\" content=\"Jeanette\" \/>\n<meta name=\"twitter:card\" content=\"summary_large_image\" \/>\n<meta name=\"twitter:creator\" content=\"@eldiario_net\" \/>\n<meta name=\"twitter:site\" content=\"@eldiario_net\" \/>\n<meta name=\"twitter:label1\" content=\"Escrito por\" \/>\n\t<meta name=\"twitter:data1\" content=\"Jeanette\" \/>\n\t<meta name=\"twitter:label2\" content=\"Tiempo de lectura\" \/>\n\t<meta name=\"twitter:data2\" content=\"3 minutos\" \/>\n<script type=\"application\/ld+json\" class=\"yoast-schema-graph\">{\"@context\":\"https:\\\/\\\/schema.org\",\"@graph\":[{\"@type\":\"Article\",\"@id\":\"https:\\\/\\\/www.eldiario.net\\\/portal\\\/2024\\\/03\\\/10\\\/el-fin-de-un-mito\\\/#article\",\"isPartOf\":{\"@id\":\"https:\\\/\\\/www.eldiario.net\\\/portal\\\/2024\\\/03\\\/10\\\/el-fin-de-un-mito\\\/\"},\"author\":{\"name\":\"Jeanette\",\"@id\":\"https:\\\/\\\/www.eldiario.net\\\/portal\\\/#\\\/schema\\\/person\\\/2c57cf2b7a7ae032e449e4c9b1019eac\"},\"headline\":\"El fin de un mito\",\"datePublished\":\"2024-03-10T09:09:32+00:00\",\"mainEntityOfPage\":{\"@id\":\"https:\\\/\\\/www.eldiario.net\\\/portal\\\/2024\\\/03\\\/10\\\/el-fin-de-un-mito\\\/\"},\"wordCount\":664,\"commentCount\":0,\"publisher\":{\"@id\":\"https:\\\/\\\/www.eldiario.net\\\/portal\\\/#organization\"},\"image\":{\"@id\":\"https:\\\/\\\/www.eldiario.net\\\/portal\\\/2024\\\/03\\\/10\\\/el-fin-de-un-mito\\\/#primaryimage\"},\"thumbnailUrl\":\"https:\\\/\\\/www.eldiario.net\\\/portal\\\/wp-content\\\/uploads\\\/2023\\\/12\\\/Opinion.jpg\",\"articleSection\":[\"Opini\u00f3n\"],\"inLanguage\":\"es\",\"potentialAction\":[{\"@type\":\"CommentAction\",\"name\":\"Comment\",\"target\":[\"https:\\\/\\\/www.eldiario.net\\\/portal\\\/2024\\\/03\\\/10\\\/el-fin-de-un-mito\\\/#respond\"]}]},{\"@type\":\"WebPage\",\"@id\":\"https:\\\/\\\/www.eldiario.net\\\/portal\\\/2024\\\/03\\\/10\\\/el-fin-de-un-mito\\\/\",\"url\":\"https:\\\/\\\/www.eldiario.net\\\/portal\\\/2024\\\/03\\\/10\\\/el-fin-de-un-mito\\\/\",\"name\":\"El fin de un mito - El Diario - Bolivia\",\"isPartOf\":{\"@id\":\"https:\\\/\\\/www.eldiario.net\\\/portal\\\/#website\"},\"primaryImageOfPage\":{\"@id\":\"https:\\\/\\\/www.eldiario.net\\\/portal\\\/2024\\\/03\\\/10\\\/el-fin-de-un-mito\\\/#primaryimage\"},\"image\":{\"@id\":\"https:\\\/\\\/www.eldiario.net\\\/portal\\\/2024\\\/03\\\/10\\\/el-fin-de-un-mito\\\/#primaryimage\"},\"thumbnailUrl\":\"https:\\\/\\\/www.eldiario.net\\\/portal\\\/wp-content\\\/uploads\\\/2023\\\/12\\\/Opinion.jpg\",\"datePublished\":\"2024-03-10T09:09:32+00:00\",\"breadcrumb\":{\"@id\":\"https:\\\/\\\/www.eldiario.net\\\/portal\\\/2024\\\/03\\\/10\\\/el-fin-de-un-mito\\\/#breadcrumb\"},\"inLanguage\":\"es\",\"potentialAction\":[{\"@type\":\"ReadAction\",\"target\":[\"https:\\\/\\\/www.eldiario.net\\\/portal\\\/2024\\\/03\\\/10\\\/el-fin-de-un-mito\\\/\"]}]},{\"@type\":\"ImageObject\",\"inLanguage\":\"es\",\"@id\":\"https:\\\/\\\/www.eldiario.net\\\/portal\\\/2024\\\/03\\\/10\\\/el-fin-de-un-mito\\\/#primaryimage\",\"url\":\"https:\\\/\\\/www.eldiario.net\\\/portal\\\/wp-content\\\/uploads\\\/2023\\\/12\\\/Opinion.jpg\",\"contentUrl\":\"https:\\\/\\\/www.eldiario.net\\\/portal\\\/wp-content\\\/uploads\\\/2023\\\/12\\\/Opinion.jpg\",\"width\":800,\"height\":500},{\"@type\":\"BreadcrumbList\",\"@id\":\"https:\\\/\\\/www.eldiario.net\\\/portal\\\/2024\\\/03\\\/10\\\/el-fin-de-un-mito\\\/#breadcrumb\",\"itemListElement\":[{\"@type\":\"ListItem\",\"position\":1,\"name\":\"Portada\",\"item\":\"https:\\\/\\\/www.eldiario.net\\\/portal\\\/\"},{\"@type\":\"ListItem\",\"position\":2,\"name\":\"El fin de un mito\"}]},{\"@type\":\"WebSite\",\"@id\":\"https:\\\/\\\/www.eldiario.net\\\/portal\\\/#website\",\"url\":\"https:\\\/\\\/www.eldiario.net\\\/portal\\\/\",\"name\":\"El Diario - Decano de la prensa nacional\",\"description\":\"El Diario - Decano de la prensa nacional\",\"publisher\":{\"@id\":\"https:\\\/\\\/www.eldiario.net\\\/portal\\\/#organization\"},\"potentialAction\":[{\"@type\":\"SearchAction\",\"target\":{\"@type\":\"EntryPoint\",\"urlTemplate\":\"https:\\\/\\\/www.eldiario.net\\\/portal\\\/?s={search_term_string}\"},\"query-input\":{\"@type\":\"PropertyValueSpecification\",\"valueRequired\":true,\"valueName\":\"search_term_string\"}}],\"inLanguage\":\"es\"},{\"@type\":\"Organization\",\"@id\":\"https:\\\/\\\/www.eldiario.net\\\/portal\\\/#organization\",\"name\":\"El Diario - Decano de la prensa nacional\",\"url\":\"https:\\\/\\\/www.eldiario.net\\\/portal\\\/\",\"logo\":{\"@type\":\"ImageObject\",\"inLanguage\":\"es\",\"@id\":\"https:\\\/\\\/www.eldiario.net\\\/portal\\\/#\\\/schema\\\/logo\\\/image\\\/\",\"url\":\"https:\\\/\\\/www.eldiario.net\\\/portal\\\/wp-content\\\/uploads\\\/2023\\\/07\\\/logo_ED.jpg\",\"contentUrl\":\"https:\\\/\\\/www.eldiario.net\\\/portal\\\/wp-content\\\/uploads\\\/2023\\\/07\\\/logo_ED.jpg\",\"width\":272,\"height\":52,\"caption\":\"El Diario - Decano de la prensa nacional\"},\"image\":{\"@id\":\"https:\\\/\\\/www.eldiario.net\\\/portal\\\/#\\\/schema\\\/logo\\\/image\\\/\"},\"sameAs\":[\"https:\\\/\\\/www.facebook.com\\\/eldiario.bolivia\\\/\",\"https:\\\/\\\/x.com\\\/eldiario_net\"]},{\"@type\":\"Person\",\"@id\":\"https:\\\/\\\/www.eldiario.net\\\/portal\\\/#\\\/schema\\\/person\\\/2c57cf2b7a7ae032e449e4c9b1019eac\",\"name\":\"Jeanette\",\"image\":{\"@type\":\"ImageObject\",\"inLanguage\":\"es\",\"@id\":\"https:\\\/\\\/secure.gravatar.com\\\/avatar\\\/3ea2118a5f7dad2b7138b1187a6b7ee55f160b9968b66013c3a3ef39dd7e5798?s=96&d=mm&r=g\",\"url\":\"https:\\\/\\\/secure.gravatar.com\\\/avatar\\\/3ea2118a5f7dad2b7138b1187a6b7ee55f160b9968b66013c3a3ef39dd7e5798?s=96&d=mm&r=g\",\"contentUrl\":\"https:\\\/\\\/secure.gravatar.com\\\/avatar\\\/3ea2118a5f7dad2b7138b1187a6b7ee55f160b9968b66013c3a3ef39dd7e5798?s=96&d=mm&r=g\",\"caption\":\"Jeanette\"},\"sameAs\":[\"https:\\\/\\\/www.eldiario.net\\\/portal\"],\"url\":\"https:\\\/\\\/www.eldiario.net\\\/portal\\\/author\\\/jeanette\\\/\"}]}<\/script>\n<!-- \/ Yoast SEO plugin. -->","yoast_head_json":{"title":"El fin de un mito - El Diario - Bolivia","robots":{"index":"index","follow":"follow","max-snippet":"max-snippet:-1","max-image-preview":"max-image-preview:large","max-video-preview":"max-video-preview:-1"},"canonical":"https:\/\/www.eldiario.net\/portal\/2024\/03\/10\/el-fin-de-un-mito\/","og_locale":"es_ES","og_type":"article","og_title":"El fin de un mito - El Diario - Bolivia","og_description":"Espero con bastante impaciencia el Censo, previsto para finales de este mes, pero no porque imagine alguna sorpresa en los datos finales. Al contrario, asumo que confirmaremos algunos cambios radicales que el pa\u00eds ha vivido en el \u00faltimo medio siglo. El Censo confirmar\u00e1 que la Bolivia real est\u00e1 muy lejos del discurso dominante en la [&hellip;]","og_url":"https:\/\/www.eldiario.net\/portal\/2024\/03\/10\/el-fin-de-un-mito\/","og_site_name":"El Diario - Bolivia","article_publisher":"https:\/\/www.facebook.com\/eldiario.bolivia\/","article_published_time":"2024-03-10T09:09:32+00:00","og_image":[{"width":800,"height":500,"url":"https:\/\/www.eldiario.net\/portal\/wp-content\/uploads\/2023\/12\/Opinion.jpg","type":"image\/jpeg"}],"author":"Jeanette","twitter_card":"summary_large_image","twitter_creator":"@eldiario_net","twitter_site":"@eldiario_net","twitter_misc":{"Escrito por":"Jeanette","Tiempo de lectura":"3 minutos"},"schema":{"@context":"https:\/\/schema.org","@graph":[{"@type":"Article","@id":"https:\/\/www.eldiario.net\/portal\/2024\/03\/10\/el-fin-de-un-mito\/#article","isPartOf":{"@id":"https:\/\/www.eldiario.net\/portal\/2024\/03\/10\/el-fin-de-un-mito\/"},"author":{"name":"Jeanette","@id":"https:\/\/www.eldiario.net\/portal\/#\/schema\/person\/2c57cf2b7a7ae032e449e4c9b1019eac"},"headline":"El fin de un mito","datePublished":"2024-03-10T09:09:32+00:00","mainEntityOfPage":{"@id":"https:\/\/www.eldiario.net\/portal\/2024\/03\/10\/el-fin-de-un-mito\/"},"wordCount":664,"commentCount":0,"publisher":{"@id":"https:\/\/www.eldiario.net\/portal\/#organization"},"image":{"@id":"https:\/\/www.eldiario.net\/portal\/2024\/03\/10\/el-fin-de-un-mito\/#primaryimage"},"thumbnailUrl":"https:\/\/www.eldiario.net\/portal\/wp-content\/uploads\/2023\/12\/Opinion.jpg","articleSection":["Opini\u00f3n"],"inLanguage":"es","potentialAction":[{"@type":"CommentAction","name":"Comment","target":["https:\/\/www.eldiario.net\/portal\/2024\/03\/10\/el-fin-de-un-mito\/#respond"]}]},{"@type":"WebPage","@id":"https:\/\/www.eldiario.net\/portal\/2024\/03\/10\/el-fin-de-un-mito\/","url":"https:\/\/www.eldiario.net\/portal\/2024\/03\/10\/el-fin-de-un-mito\/","name":"El fin de un mito - El Diario - Bolivia","isPartOf":{"@id":"https:\/\/www.eldiario.net\/portal\/#website"},"primaryImageOfPage":{"@id":"https:\/\/www.eldiario.net\/portal\/2024\/03\/10\/el-fin-de-un-mito\/#primaryimage"},"image":{"@id":"https:\/\/www.eldiario.net\/portal\/2024\/03\/10\/el-fin-de-un-mito\/#primaryimage"},"thumbnailUrl":"https:\/\/www.eldiario.net\/portal\/wp-content\/uploads\/2023\/12\/Opinion.jpg","datePublished":"2024-03-10T09:09:32+00:00","breadcrumb":{"@id":"https:\/\/www.eldiario.net\/portal\/2024\/03\/10\/el-fin-de-un-mito\/#breadcrumb"},"inLanguage":"es","potentialAction":[{"@type":"ReadAction","target":["https:\/\/www.eldiario.net\/portal\/2024\/03\/10\/el-fin-de-un-mito\/"]}]},{"@type":"ImageObject","inLanguage":"es","@id":"https:\/\/www.eldiario.net\/portal\/2024\/03\/10\/el-fin-de-un-mito\/#primaryimage","url":"https:\/\/www.eldiario.net\/portal\/wp-content\/uploads\/2023\/12\/Opinion.jpg","contentUrl":"https:\/\/www.eldiario.net\/portal\/wp-content\/uploads\/2023\/12\/Opinion.jpg","width":800,"height":500},{"@type":"BreadcrumbList","@id":"https:\/\/www.eldiario.net\/portal\/2024\/03\/10\/el-fin-de-un-mito\/#breadcrumb","itemListElement":[{"@type":"ListItem","position":1,"name":"Portada","item":"https:\/\/www.eldiario.net\/portal\/"},{"@type":"ListItem","position":2,"name":"El fin de un mito"}]},{"@type":"WebSite","@id":"https:\/\/www.eldiario.net\/portal\/#website","url":"https:\/\/www.eldiario.net\/portal\/","name":"El Diario - Decano de la prensa nacional","description":"El Diario - Decano de la prensa nacional","publisher":{"@id":"https:\/\/www.eldiario.net\/portal\/#organization"},"potentialAction":[{"@type":"SearchAction","target":{"@type":"EntryPoint","urlTemplate":"https:\/\/www.eldiario.net\/portal\/?s={search_term_string}"},"query-input":{"@type":"PropertyValueSpecification","valueRequired":true,"valueName":"search_term_string"}}],"inLanguage":"es"},{"@type":"Organization","@id":"https:\/\/www.eldiario.net\/portal\/#organization","name":"El Diario - Decano de la prensa nacional","url":"https:\/\/www.eldiario.net\/portal\/","logo":{"@type":"ImageObject","inLanguage":"es","@id":"https:\/\/www.eldiario.net\/portal\/#\/schema\/logo\/image\/","url":"https:\/\/www.eldiario.net\/portal\/wp-content\/uploads\/2023\/07\/logo_ED.jpg","contentUrl":"https:\/\/www.eldiario.net\/portal\/wp-content\/uploads\/2023\/07\/logo_ED.jpg","width":272,"height":52,"caption":"El Diario - Decano de la prensa nacional"},"image":{"@id":"https:\/\/www.eldiario.net\/portal\/#\/schema\/logo\/image\/"},"sameAs":["https:\/\/www.facebook.com\/eldiario.bolivia\/","https:\/\/x.com\/eldiario_net"]},{"@type":"Person","@id":"https:\/\/www.eldiario.net\/portal\/#\/schema\/person\/2c57cf2b7a7ae032e449e4c9b1019eac","name":"Jeanette","image":{"@type":"ImageObject","inLanguage":"es","@id":"https:\/\/secure.gravatar.com\/avatar\/3ea2118a5f7dad2b7138b1187a6b7ee55f160b9968b66013c3a3ef39dd7e5798?s=96&d=mm&r=g","url":"https:\/\/secure.gravatar.com\/avatar\/3ea2118a5f7dad2b7138b1187a6b7ee55f160b9968b66013c3a3ef39dd7e5798?s=96&d=mm&r=g","contentUrl":"https:\/\/secure.gravatar.com\/avatar\/3ea2118a5f7dad2b7138b1187a6b7ee55f160b9968b66013c3a3ef39dd7e5798?s=96&d=mm&r=g","caption":"Jeanette"},"sameAs":["https:\/\/www.eldiario.net\/portal"],"url":"https:\/\/www.eldiario.net\/portal\/author\/jeanette\/"}]}},"_links":{"self":[{"href":"https:\/\/www.eldiario.net\/portal\/wp-json\/wp\/v2\/posts\/207490","targetHints":{"allow":["GET"]}}],"collection":[{"href":"https:\/\/www.eldiario.net\/portal\/wp-json\/wp\/v2\/posts"}],"about":[{"href":"https:\/\/www.eldiario.net\/portal\/wp-json\/wp\/v2\/types\/post"}],"author":[{"embeddable":true,"href":"https:\/\/www.eldiario.net\/portal\/wp-json\/wp\/v2\/users\/1"}],"replies":[{"embeddable":true,"href":"https:\/\/www.eldiario.net\/portal\/wp-json\/wp\/v2\/comments?post=207490"}],"version-history":[{"count":1,"href":"https:\/\/www.eldiario.net\/portal\/wp-json\/wp\/v2\/posts\/207490\/revisions"}],"predecessor-version":[{"id":207491,"href":"https:\/\/www.eldiario.net\/portal\/wp-json\/wp\/v2\/posts\/207490\/revisions\/207491"}],"wp:featuredmedia":[{"embeddable":true,"href":"https:\/\/www.eldiario.net\/portal\/wp-json\/wp\/v2\/media\/194790"}],"wp:attachment":[{"href":"https:\/\/www.eldiario.net\/portal\/wp-json\/wp\/v2\/media?parent=207490"}],"wp:term":[{"taxonomy":"category","embeddable":true,"href":"https:\/\/www.eldiario.net\/portal\/wp-json\/wp\/v2\/categories?post=207490"},{"taxonomy":"post_tag","embeddable":true,"href":"https:\/\/www.eldiario.net\/portal\/wp-json\/wp\/v2\/tags?post=207490"}],"curies":[{"name":"wp","href":"https:\/\/api.w.org\/{rel}","templated":true}]}}