{"id":207481,"date":"2024-03-10T05:06:57","date_gmt":"2024-03-10T09:06:57","guid":{"rendered":"https:\/\/www.eldiario.net\/portal\/?p=207481"},"modified":"2024-03-10T05:06:57","modified_gmt":"2024-03-10T09:06:57","slug":"ejecucion-de-inversion-publica-alcanzo-a-66-en-anterior-gestion","status":"publish","type":"post","link":"https:\/\/www.eldiario.net\/portal\/2024\/03\/10\/ejecucion-de-inversion-publica-alcanzo-a-66-en-anterior-gestion\/","title":{"rendered":"Ejecuci\u00f3n de inversi\u00f3n p\u00fablica alcanz\u00f3 a 66% en anterior gesti\u00f3n"},"content":{"rendered":"<p>Para el 2023, el Presupuesto General del Estado (PGE) estableci\u00f3 una inversi\u00f3n p\u00fablica de 4.006 millones de d\u00f3lares, pero al t\u00e9rmino de la gesti\u00f3n pasada, la ejecuci\u00f3n alcanz\u00f3 a 66%, de acuerdo a datos oficiales.<br \/>\nDe acuerdo a la informaci\u00f3n oficial, en 2020 el presupuesto asignado para la inversi\u00f3n p\u00fablica alcanzaba a 5.215 millones de d\u00f3lares, pero al t\u00e9rmino de la gesti\u00f3n la ejecuci\u00f3n s\u00f3lo lleg\u00f3 a 1.786 millones; en 2021 el monto establecido era de 4.011 millones, pero s\u00f3lo se gast\u00f3 2.645 millones; en 2022 el monto era de 5.015 millones, pero al final de gesti\u00f3n s\u00f3lo se gast\u00f3 2.635 millones; y en 2023 la situaci\u00f3n no cambi\u00f3, pues de una cifra de 4.006 millones s\u00f3lo se ejecut\u00f3 2.658 millones.<br \/>\nEn promedio la ejecuci\u00f3n de la inversi\u00f3n p\u00fablica estuvo cerca a los 2.500 millones de d\u00f3lares. Para la presente gesti\u00f3n se destin\u00f3 4.274 millones, un poco mayor a lo fijado para el 2023, pero lejos del 2022.<br \/>\nInversi\u00f3n<br \/>\nMientras tanto, la agencia estatal se\u00f1ala que entre noviembre de 2020 y diciembre de 2023, se inyect\u00f3 a la econom\u00eda nacional 8.615 millones de d\u00f3lares de inversi\u00f3n p\u00fablica, revela un informe del Ministerio de Planificaci\u00f3n del Desarrollo.<br \/>\n\u201cEl principal impulso al crecimiento econ\u00f3mico proviene de la inversi\u00f3n p\u00fablica, desde noviembre de 2020 hasta diciembre de 2023, se ejecutaron m\u00e1s de 8.600 millones de d\u00f3lares; priorizando la inversi\u00f3n productiva y en infraestructura\u201d, destaca la cartera de Estado en su Informe Rendici\u00f3n P\u00fablica de Cuentas Final Gesti\u00f3n 2023.<br \/>\nSolo para la gesti\u00f3n 2023, el presupuesto de inversi\u00f3n p\u00fablica aprobado fue de 27.481 millones de bolivianos, a diciembre de 2023, la ejecuci\u00f3n alcanza a 18.232,6 millones (que representa un 66,3% respecto al presupuesto aprobado), de los cuales 7.761,74 millones corresponde al sector productivo, 5.039,97 millones contempla al sector social, 4.613,92 millones al sector infraestructura y 816,97 millones corresponde al multisectorial.<br \/>\nPrecisamente, el crecimiento econ\u00f3mico cay\u00f3 en los \u00faltimos a\u00f1os, de alcanzar en 2021 a 6,1% baj\u00f3 a 3,5% en 2022 y a 2,31% al tercer trimestre del 2023.<br \/>\nEn 2022 se fij\u00f3 un crecimiento de 5,1%, pero no lleg\u00f3 a la cifra, y los economistas se\u00f1alaron que la desaceleraci\u00f3n de la econom\u00eda nuevamente se registra. Pues en este a\u00f1o s\u00f3lo lleg\u00f3 a 3,5%.<br \/>\nEn 2023 se estableci\u00f3 una meta de 4,8%, pero al t\u00e9rmino de la gesti\u00f3n se estima que el porcentaje llegue a por lo menos 2%.<br \/>\nDatos oficiales<br \/>\nEn la gesti\u00f3n 2023, Bolivia se posicion\u00f3 como el pa\u00eds con la segunda inflaci\u00f3n m\u00e1s baja de Am\u00e9rica del Sur, alcanzando una variaci\u00f3n acumulada del \u00cdndice de Precios del orden del 2,12%, pero con la subvenci\u00f3n m\u00e1s alta de m\u00e1s de 2.000 millones de d\u00f3lares.<br \/>\nBajo un escenario de crecimiento econ\u00f3mico sostenido y estabilidad de precios, la tasa de desocupaci\u00f3n registr\u00f3 un continuo descenso respecto a los altos niveles alcanzados en la gesti\u00f3n 2020, con un crecimiento del mercado informal.<\/p>\n","protected":false},"excerpt":{"rendered":"<p>Para el 2023, el Presupuesto General del Estado (PGE) estableci\u00f3 una inversi\u00f3n p\u00fablica de 4.006 millones de d\u00f3lares, pero al t\u00e9rmino de la gesti\u00f3n pasada, la ejecuci\u00f3n alcanz\u00f3 a 66%, de acuerdo a datos oficiales. De acuerdo a la informaci\u00f3n oficial, en 2020 el presupuesto asignado para la inversi\u00f3n p\u00fablica alcanzaba a 5.215 millones de [&hellip;]<\/p>\n","protected":false},"author":1,"featured_media":194689,"comment_status":"open","ping_status":"open","sticky":false,"template":"","format":"standard","meta":{"_acf_changed":false,"footnotes":""},"categories":[7],"tags":[],"class_list":["post-207481","post","type-post","status-publish","format-standard","has-post-thumbnail","category-economia"],"acf":{"antetitulo":""},"yoast_head":"<!-- This site is optimized with the Yoast SEO plugin v28.4 - https:\/\/yoast.com\/product\/yoast-seo-wordpress\/ -->\n<title>Ejecuci\u00f3n de inversi\u00f3n p\u00fablica alcanz\u00f3 a 66% en anterior gesti\u00f3n - El Diario - Bolivia<\/title>\n<meta name=\"robots\" content=\"index, follow, max-snippet:-1, max-image-preview:large, max-video-preview:-1\" \/>\n<link rel=\"canonical\" href=\"https:\/\/www.eldiario.net\/portal\/2024\/03\/10\/ejecucion-de-inversion-publica-alcanzo-a-66-en-anterior-gestion\/\" \/>\n<meta property=\"og:locale\" content=\"es_ES\" \/>\n<meta property=\"og:type\" content=\"article\" \/>\n<meta property=\"og:title\" content=\"Ejecuci\u00f3n de inversi\u00f3n p\u00fablica alcanz\u00f3 a 66% en anterior gesti\u00f3n - El Diario - Bolivia\" \/>\n<meta property=\"og:description\" content=\"Para el 2023, el Presupuesto General del Estado (PGE) estableci\u00f3 una inversi\u00f3n p\u00fablica de 4.006 millones de d\u00f3lares, pero al t\u00e9rmino de la gesti\u00f3n pasada, la ejecuci\u00f3n alcanz\u00f3 a 66%, de acuerdo a datos oficiales. De acuerdo a la informaci\u00f3n oficial, en 2020 el presupuesto asignado para la inversi\u00f3n p\u00fablica alcanzaba a 5.215 millones de [&hellip;]\" \/>\n<meta property=\"og:url\" content=\"https:\/\/www.eldiario.net\/portal\/2024\/03\/10\/ejecucion-de-inversion-publica-alcanzo-a-66-en-anterior-gestion\/\" \/>\n<meta property=\"og:site_name\" content=\"El Diario - Bolivia\" \/>\n<meta property=\"article:publisher\" content=\"https:\/\/www.facebook.com\/eldiario.bolivia\/\" \/>\n<meta property=\"article:published_time\" content=\"2024-03-10T09:06:57+00:00\" \/>\n<meta property=\"og:image\" content=\"https:\/\/www.eldiario.net\/portal\/wp-content\/uploads\/2023\/12\/Economia.jpg\" \/>\n\t<meta property=\"og:image:width\" content=\"800\" \/>\n\t<meta property=\"og:image:height\" content=\"500\" \/>\n\t<meta property=\"og:image:type\" content=\"image\/jpeg\" \/>\n<meta name=\"author\" content=\"Jeanette\" \/>\n<meta name=\"twitter:card\" content=\"summary_large_image\" \/>\n<meta name=\"twitter:creator\" content=\"@eldiario_net\" \/>\n<meta name=\"twitter:site\" content=\"@eldiario_net\" \/>\n<meta name=\"twitter:label1\" content=\"Escrito por\" \/>\n\t<meta name=\"twitter:data1\" content=\"Jeanette\" \/>\n\t<meta name=\"twitter:label2\" content=\"Tiempo de lectura\" \/>\n\t<meta name=\"twitter:data2\" content=\"3 minutos\" \/>\n<script type=\"application\/ld+json\" class=\"yoast-schema-graph\">{\"@context\":\"https:\\\/\\\/schema.org\",\"@graph\":[{\"@type\":\"Article\",\"@id\":\"https:\\\/\\\/www.eldiario.net\\\/portal\\\/2024\\\/03\\\/10\\\/ejecucion-de-inversion-publica-alcanzo-a-66-en-anterior-gestion\\\/#article\",\"isPartOf\":{\"@id\":\"https:\\\/\\\/www.eldiario.net\\\/portal\\\/2024\\\/03\\\/10\\\/ejecucion-de-inversion-publica-alcanzo-a-66-en-anterior-gestion\\\/\"},\"author\":{\"name\":\"Jeanette\",\"@id\":\"https:\\\/\\\/www.eldiario.net\\\/portal\\\/#\\\/schema\\\/person\\\/2c57cf2b7a7ae032e449e4c9b1019eac\"},\"headline\":\"Ejecuci\u00f3n de inversi\u00f3n p\u00fablica alcanz\u00f3 a 66% en anterior gesti\u00f3n\",\"datePublished\":\"2024-03-10T09:06:57+00:00\",\"mainEntityOfPage\":{\"@id\":\"https:\\\/\\\/www.eldiario.net\\\/portal\\\/2024\\\/03\\\/10\\\/ejecucion-de-inversion-publica-alcanzo-a-66-en-anterior-gestion\\\/\"},\"wordCount\":504,\"commentCount\":0,\"publisher\":{\"@id\":\"https:\\\/\\\/www.eldiario.net\\\/portal\\\/#organization\"},\"image\":{\"@id\":\"https:\\\/\\\/www.eldiario.net\\\/portal\\\/2024\\\/03\\\/10\\\/ejecucion-de-inversion-publica-alcanzo-a-66-en-anterior-gestion\\\/#primaryimage\"},\"thumbnailUrl\":\"https:\\\/\\\/www.eldiario.net\\\/portal\\\/wp-content\\\/uploads\\\/2023\\\/12\\\/Economia.jpg\",\"articleSection\":[\"Econom\u00eda\"],\"inLanguage\":\"es\",\"potentialAction\":[{\"@type\":\"CommentAction\",\"name\":\"Comment\",\"target\":[\"https:\\\/\\\/www.eldiario.net\\\/portal\\\/2024\\\/03\\\/10\\\/ejecucion-de-inversion-publica-alcanzo-a-66-en-anterior-gestion\\\/#respond\"]}]},{\"@type\":\"WebPage\",\"@id\":\"https:\\\/\\\/www.eldiario.net\\\/portal\\\/2024\\\/03\\\/10\\\/ejecucion-de-inversion-publica-alcanzo-a-66-en-anterior-gestion\\\/\",\"url\":\"https:\\\/\\\/www.eldiario.net\\\/portal\\\/2024\\\/03\\\/10\\\/ejecucion-de-inversion-publica-alcanzo-a-66-en-anterior-gestion\\\/\",\"name\":\"Ejecuci\u00f3n de inversi\u00f3n p\u00fablica alcanz\u00f3 a 66% en anterior gesti\u00f3n - El Diario - Bolivia\",\"isPartOf\":{\"@id\":\"https:\\\/\\\/www.eldiario.net\\\/portal\\\/#website\"},\"primaryImageOfPage\":{\"@id\":\"https:\\\/\\\/www.eldiario.net\\\/portal\\\/2024\\\/03\\\/10\\\/ejecucion-de-inversion-publica-alcanzo-a-66-en-anterior-gestion\\\/#primaryimage\"},\"image\":{\"@id\":\"https:\\\/\\\/www.eldiario.net\\\/portal\\\/2024\\\/03\\\/10\\\/ejecucion-de-inversion-publica-alcanzo-a-66-en-anterior-gestion\\\/#primaryimage\"},\"thumbnailUrl\":\"https:\\\/\\\/www.eldiario.net\\\/portal\\\/wp-content\\\/uploads\\\/2023\\\/12\\\/Economia.jpg\",\"datePublished\":\"2024-03-10T09:06:57+00:00\",\"breadcrumb\":{\"@id\":\"https:\\\/\\\/www.eldiario.net\\\/portal\\\/2024\\\/03\\\/10\\\/ejecucion-de-inversion-publica-alcanzo-a-66-en-anterior-gestion\\\/#breadcrumb\"},\"inLanguage\":\"es\",\"potentialAction\":[{\"@type\":\"ReadAction\",\"target\":[\"https:\\\/\\\/www.eldiario.net\\\/portal\\\/2024\\\/03\\\/10\\\/ejecucion-de-inversion-publica-alcanzo-a-66-en-anterior-gestion\\\/\"]}]},{\"@type\":\"ImageObject\",\"inLanguage\":\"es\",\"@id\":\"https:\\\/\\\/www.eldiario.net\\\/portal\\\/2024\\\/03\\\/10\\\/ejecucion-de-inversion-publica-alcanzo-a-66-en-anterior-gestion\\\/#primaryimage\",\"url\":\"https:\\\/\\\/www.eldiario.net\\\/portal\\\/wp-content\\\/uploads\\\/2023\\\/12\\\/Economia.jpg\",\"contentUrl\":\"https:\\\/\\\/www.eldiario.net\\\/portal\\\/wp-content\\\/uploads\\\/2023\\\/12\\\/Economia.jpg\",\"width\":800,\"height\":500},{\"@type\":\"BreadcrumbList\",\"@id\":\"https:\\\/\\\/www.eldiario.net\\\/portal\\\/2024\\\/03\\\/10\\\/ejecucion-de-inversion-publica-alcanzo-a-66-en-anterior-gestion\\\/#breadcrumb\",\"itemListElement\":[{\"@type\":\"ListItem\",\"position\":1,\"name\":\"Portada\",\"item\":\"https:\\\/\\\/www.eldiario.net\\\/portal\\\/\"},{\"@type\":\"ListItem\",\"position\":2,\"name\":\"Ejecuci\u00f3n de inversi\u00f3n p\u00fablica alcanz\u00f3 a 66% en anterior gesti\u00f3n\"}]},{\"@type\":\"WebSite\",\"@id\":\"https:\\\/\\\/www.eldiario.net\\\/portal\\\/#website\",\"url\":\"https:\\\/\\\/www.eldiario.net\\\/portal\\\/\",\"name\":\"El Diario - Decano de la prensa nacional\",\"description\":\"El Diario - Decano de la prensa nacional\",\"publisher\":{\"@id\":\"https:\\\/\\\/www.eldiario.net\\\/portal\\\/#organization\"},\"potentialAction\":[{\"@type\":\"SearchAction\",\"target\":{\"@type\":\"EntryPoint\",\"urlTemplate\":\"https:\\\/\\\/www.eldiario.net\\\/portal\\\/?s={search_term_string}\"},\"query-input\":{\"@type\":\"PropertyValueSpecification\",\"valueRequired\":true,\"valueName\":\"search_term_string\"}}],\"inLanguage\":\"es\"},{\"@type\":\"Organization\",\"@id\":\"https:\\\/\\\/www.eldiario.net\\\/portal\\\/#organization\",\"name\":\"El Diario - Decano de la prensa nacional\",\"url\":\"https:\\\/\\\/www.eldiario.net\\\/portal\\\/\",\"logo\":{\"@type\":\"ImageObject\",\"inLanguage\":\"es\",\"@id\":\"https:\\\/\\\/www.eldiario.net\\\/portal\\\/#\\\/schema\\\/logo\\\/image\\\/\",\"url\":\"https:\\\/\\\/www.eldiario.net\\\/portal\\\/wp-content\\\/uploads\\\/2023\\\/07\\\/logo_ED.jpg\",\"contentUrl\":\"https:\\\/\\\/www.eldiario.net\\\/portal\\\/wp-content\\\/uploads\\\/2023\\\/07\\\/logo_ED.jpg\",\"width\":272,\"height\":52,\"caption\":\"El Diario - Decano de la prensa nacional\"},\"image\":{\"@id\":\"https:\\\/\\\/www.eldiario.net\\\/portal\\\/#\\\/schema\\\/logo\\\/image\\\/\"},\"sameAs\":[\"https:\\\/\\\/www.facebook.com\\\/eldiario.bolivia\\\/\",\"https:\\\/\\\/x.com\\\/eldiario_net\"]},{\"@type\":\"Person\",\"@id\":\"https:\\\/\\\/www.eldiario.net\\\/portal\\\/#\\\/schema\\\/person\\\/2c57cf2b7a7ae032e449e4c9b1019eac\",\"name\":\"Jeanette\",\"image\":{\"@type\":\"ImageObject\",\"inLanguage\":\"es\",\"@id\":\"https:\\\/\\\/secure.gravatar.com\\\/avatar\\\/3ea2118a5f7dad2b7138b1187a6b7ee55f160b9968b66013c3a3ef39dd7e5798?s=96&d=mm&r=g\",\"url\":\"https:\\\/\\\/secure.gravatar.com\\\/avatar\\\/3ea2118a5f7dad2b7138b1187a6b7ee55f160b9968b66013c3a3ef39dd7e5798?s=96&d=mm&r=g\",\"contentUrl\":\"https:\\\/\\\/secure.gravatar.com\\\/avatar\\\/3ea2118a5f7dad2b7138b1187a6b7ee55f160b9968b66013c3a3ef39dd7e5798?s=96&d=mm&r=g\",\"caption\":\"Jeanette\"},\"sameAs\":[\"https:\\\/\\\/www.eldiario.net\\\/portal\"],\"url\":\"https:\\\/\\\/www.eldiario.net\\\/portal\\\/author\\\/jeanette\\\/\"}]}<\/script>\n<!-- \/ Yoast SEO plugin. -->","yoast_head_json":{"title":"Ejecuci\u00f3n de inversi\u00f3n p\u00fablica alcanz\u00f3 a 66% en anterior gesti\u00f3n - El Diario - Bolivia","robots":{"index":"index","follow":"follow","max-snippet":"max-snippet:-1","max-image-preview":"max-image-preview:large","max-video-preview":"max-video-preview:-1"},"canonical":"https:\/\/www.eldiario.net\/portal\/2024\/03\/10\/ejecucion-de-inversion-publica-alcanzo-a-66-en-anterior-gestion\/","og_locale":"es_ES","og_type":"article","og_title":"Ejecuci\u00f3n de inversi\u00f3n p\u00fablica alcanz\u00f3 a 66% en anterior gesti\u00f3n - El Diario - Bolivia","og_description":"Para el 2023, el Presupuesto General del Estado (PGE) estableci\u00f3 una inversi\u00f3n p\u00fablica de 4.006 millones de d\u00f3lares, pero al t\u00e9rmino de la gesti\u00f3n pasada, la ejecuci\u00f3n alcanz\u00f3 a 66%, de acuerdo a datos oficiales. De acuerdo a la informaci\u00f3n oficial, en 2020 el presupuesto asignado para la inversi\u00f3n p\u00fablica alcanzaba a 5.215 millones de [&hellip;]","og_url":"https:\/\/www.eldiario.net\/portal\/2024\/03\/10\/ejecucion-de-inversion-publica-alcanzo-a-66-en-anterior-gestion\/","og_site_name":"El Diario - Bolivia","article_publisher":"https:\/\/www.facebook.com\/eldiario.bolivia\/","article_published_time":"2024-03-10T09:06:57+00:00","og_image":[{"width":800,"height":500,"url":"https:\/\/www.eldiario.net\/portal\/wp-content\/uploads\/2023\/12\/Economia.jpg","type":"image\/jpeg"}],"author":"Jeanette","twitter_card":"summary_large_image","twitter_creator":"@eldiario_net","twitter_site":"@eldiario_net","twitter_misc":{"Escrito por":"Jeanette","Tiempo de lectura":"3 minutos"},"schema":{"@context":"https:\/\/schema.org","@graph":[{"@type":"Article","@id":"https:\/\/www.eldiario.net\/portal\/2024\/03\/10\/ejecucion-de-inversion-publica-alcanzo-a-66-en-anterior-gestion\/#article","isPartOf":{"@id":"https:\/\/www.eldiario.net\/portal\/2024\/03\/10\/ejecucion-de-inversion-publica-alcanzo-a-66-en-anterior-gestion\/"},"author":{"name":"Jeanette","@id":"https:\/\/www.eldiario.net\/portal\/#\/schema\/person\/2c57cf2b7a7ae032e449e4c9b1019eac"},"headline":"Ejecuci\u00f3n de inversi\u00f3n p\u00fablica alcanz\u00f3 a 66% en anterior gesti\u00f3n","datePublished":"2024-03-10T09:06:57+00:00","mainEntityOfPage":{"@id":"https:\/\/www.eldiario.net\/portal\/2024\/03\/10\/ejecucion-de-inversion-publica-alcanzo-a-66-en-anterior-gestion\/"},"wordCount":504,"commentCount":0,"publisher":{"@id":"https:\/\/www.eldiario.net\/portal\/#organization"},"image":{"@id":"https:\/\/www.eldiario.net\/portal\/2024\/03\/10\/ejecucion-de-inversion-publica-alcanzo-a-66-en-anterior-gestion\/#primaryimage"},"thumbnailUrl":"https:\/\/www.eldiario.net\/portal\/wp-content\/uploads\/2023\/12\/Economia.jpg","articleSection":["Econom\u00eda"],"inLanguage":"es","potentialAction":[{"@type":"CommentAction","name":"Comment","target":["https:\/\/www.eldiario.net\/portal\/2024\/03\/10\/ejecucion-de-inversion-publica-alcanzo-a-66-en-anterior-gestion\/#respond"]}]},{"@type":"WebPage","@id":"https:\/\/www.eldiario.net\/portal\/2024\/03\/10\/ejecucion-de-inversion-publica-alcanzo-a-66-en-anterior-gestion\/","url":"https:\/\/www.eldiario.net\/portal\/2024\/03\/10\/ejecucion-de-inversion-publica-alcanzo-a-66-en-anterior-gestion\/","name":"Ejecuci\u00f3n de inversi\u00f3n p\u00fablica alcanz\u00f3 a 66% en anterior gesti\u00f3n - El Diario - Bolivia","isPartOf":{"@id":"https:\/\/www.eldiario.net\/portal\/#website"},"primaryImageOfPage":{"@id":"https:\/\/www.eldiario.net\/portal\/2024\/03\/10\/ejecucion-de-inversion-publica-alcanzo-a-66-en-anterior-gestion\/#primaryimage"},"image":{"@id":"https:\/\/www.eldiario.net\/portal\/2024\/03\/10\/ejecucion-de-inversion-publica-alcanzo-a-66-en-anterior-gestion\/#primaryimage"},"thumbnailUrl":"https:\/\/www.eldiario.net\/portal\/wp-content\/uploads\/2023\/12\/Economia.jpg","datePublished":"2024-03-10T09:06:57+00:00","breadcrumb":{"@id":"https:\/\/www.eldiario.net\/portal\/2024\/03\/10\/ejecucion-de-inversion-publica-alcanzo-a-66-en-anterior-gestion\/#breadcrumb"},"inLanguage":"es","potentialAction":[{"@type":"ReadAction","target":["https:\/\/www.eldiario.net\/portal\/2024\/03\/10\/ejecucion-de-inversion-publica-alcanzo-a-66-en-anterior-gestion\/"]}]},{"@type":"ImageObject","inLanguage":"es","@id":"https:\/\/www.eldiario.net\/portal\/2024\/03\/10\/ejecucion-de-inversion-publica-alcanzo-a-66-en-anterior-gestion\/#primaryimage","url":"https:\/\/www.eldiario.net\/portal\/wp-content\/uploads\/2023\/12\/Economia.jpg","contentUrl":"https:\/\/www.eldiario.net\/portal\/wp-content\/uploads\/2023\/12\/Economia.jpg","width":800,"height":500},{"@type":"BreadcrumbList","@id":"https:\/\/www.eldiario.net\/portal\/2024\/03\/10\/ejecucion-de-inversion-publica-alcanzo-a-66-en-anterior-gestion\/#breadcrumb","itemListElement":[{"@type":"ListItem","position":1,"name":"Portada","item":"https:\/\/www.eldiario.net\/portal\/"},{"@type":"ListItem","position":2,"name":"Ejecuci\u00f3n de inversi\u00f3n p\u00fablica alcanz\u00f3 a 66% en anterior gesti\u00f3n"}]},{"@type":"WebSite","@id":"https:\/\/www.eldiario.net\/portal\/#website","url":"https:\/\/www.eldiario.net\/portal\/","name":"El Diario - Decano de la prensa nacional","description":"El Diario - Decano de la prensa nacional","publisher":{"@id":"https:\/\/www.eldiario.net\/portal\/#organization"},"potentialAction":[{"@type":"SearchAction","target":{"@type":"EntryPoint","urlTemplate":"https:\/\/www.eldiario.net\/portal\/?s={search_term_string}"},"query-input":{"@type":"PropertyValueSpecification","valueRequired":true,"valueName":"search_term_string"}}],"inLanguage":"es"},{"@type":"Organization","@id":"https:\/\/www.eldiario.net\/portal\/#organization","name":"El Diario - Decano de la prensa nacional","url":"https:\/\/www.eldiario.net\/portal\/","logo":{"@type":"ImageObject","inLanguage":"es","@id":"https:\/\/www.eldiario.net\/portal\/#\/schema\/logo\/image\/","url":"https:\/\/www.eldiario.net\/portal\/wp-content\/uploads\/2023\/07\/logo_ED.jpg","contentUrl":"https:\/\/www.eldiario.net\/portal\/wp-content\/uploads\/2023\/07\/logo_ED.jpg","width":272,"height":52,"caption":"El Diario - Decano de la prensa nacional"},"image":{"@id":"https:\/\/www.eldiario.net\/portal\/#\/schema\/logo\/image\/"},"sameAs":["https:\/\/www.facebook.com\/eldiario.bolivia\/","https:\/\/x.com\/eldiario_net"]},{"@type":"Person","@id":"https:\/\/www.eldiario.net\/portal\/#\/schema\/person\/2c57cf2b7a7ae032e449e4c9b1019eac","name":"Jeanette","image":{"@type":"ImageObject","inLanguage":"es","@id":"https:\/\/secure.gravatar.com\/avatar\/3ea2118a5f7dad2b7138b1187a6b7ee55f160b9968b66013c3a3ef39dd7e5798?s=96&d=mm&r=g","url":"https:\/\/secure.gravatar.com\/avatar\/3ea2118a5f7dad2b7138b1187a6b7ee55f160b9968b66013c3a3ef39dd7e5798?s=96&d=mm&r=g","contentUrl":"https:\/\/secure.gravatar.com\/avatar\/3ea2118a5f7dad2b7138b1187a6b7ee55f160b9968b66013c3a3ef39dd7e5798?s=96&d=mm&r=g","caption":"Jeanette"},"sameAs":["https:\/\/www.eldiario.net\/portal"],"url":"https:\/\/www.eldiario.net\/portal\/author\/jeanette\/"}]}},"_links":{"self":[{"href":"https:\/\/www.eldiario.net\/portal\/wp-json\/wp\/v2\/posts\/207481","targetHints":{"allow":["GET"]}}],"collection":[{"href":"https:\/\/www.eldiario.net\/portal\/wp-json\/wp\/v2\/posts"}],"about":[{"href":"https:\/\/www.eldiario.net\/portal\/wp-json\/wp\/v2\/types\/post"}],"author":[{"embeddable":true,"href":"https:\/\/www.eldiario.net\/portal\/wp-json\/wp\/v2\/users\/1"}],"replies":[{"embeddable":true,"href":"https:\/\/www.eldiario.net\/portal\/wp-json\/wp\/v2\/comments?post=207481"}],"version-history":[{"count":1,"href":"https:\/\/www.eldiario.net\/portal\/wp-json\/wp\/v2\/posts\/207481\/revisions"}],"predecessor-version":[{"id":207482,"href":"https:\/\/www.eldiario.net\/portal\/wp-json\/wp\/v2\/posts\/207481\/revisions\/207482"}],"wp:featuredmedia":[{"embeddable":true,"href":"https:\/\/www.eldiario.net\/portal\/wp-json\/wp\/v2\/media\/194689"}],"wp:attachment":[{"href":"https:\/\/www.eldiario.net\/portal\/wp-json\/wp\/v2\/media?parent=207481"}],"wp:term":[{"taxonomy":"category","embeddable":true,"href":"https:\/\/www.eldiario.net\/portal\/wp-json\/wp\/v2\/categories?post=207481"},{"taxonomy":"post_tag","embeddable":true,"href":"https:\/\/www.eldiario.net\/portal\/wp-json\/wp\/v2\/tags?post=207481"}],"curies":[{"name":"wp","href":"https:\/\/api.w.org\/{rel}","templated":true}]}}