{"id":207479,"date":"2024-03-10T05:06:26","date_gmt":"2024-03-10T09:06:26","guid":{"rendered":"https:\/\/www.eldiario.net\/portal\/?p=207479"},"modified":"2024-03-10T05:06:26","modified_gmt":"2024-03-10T09:06:26","slug":"bolivia-ocupa-segundo-lugar-en-riesgo-pais","status":"publish","type":"post","link":"https:\/\/www.eldiario.net\/portal\/2024\/03\/10\/bolivia-ocupa-segundo-lugar-en-riesgo-pais\/","title":{"rendered":"Bolivia ocupa segundo lugar en riesgo pa\u00eds"},"content":{"rendered":"<p>Bolivia se encuentra en segundo lugar en riesgo pa\u00eds del continente americano despu\u00e9s de Venezuela. Desde que asumi\u00f3 Javier Milei como presidente, Argentina dej\u00f3 el segundo lugar de la regi\u00f3n, para que nuestro pa\u00eds desde ya 3 meses consecutivos, de acuerdo a Banco JP Morgan.<br \/>\nLa entidad se\u00f1ala que lleva 3 meses consecutivos con mayor riesgo pa\u00eds para la inversi\u00f3n extranjera, estabilidad macroecon\u00f3mica y seguridad pol\u00edtica nacional.<br \/>\nHace unas semanas, la Fitch Ratings puso una calificaci\u00f3n a Bolivia de \u201cCCC\u201d, a negativa, situaci\u00f3n que fue rechazada por el Gobierno al indicar que la entidad no tom\u00f3 los indicadores de baja inflaci\u00f3n, estabilidad econ\u00f3mica, baja desocupaci\u00f3n, entre otros.<br \/>\nLa calificaci\u00f3n est\u00e1 casi en 2000 puntos, y la calificaci\u00f3n agudiza la mala imagen del pa\u00eds a nivel internacional, pues se muestra poco atractiva para atraer inversiones privadas, as\u00ed como colocar bonos soberanos en el mercado internacional.<br \/>\nLa baja calificaci\u00f3n y un aumento del riesgo pa\u00eds complican la situaci\u00f3n de Bolivia, porque muestra una tendencia a problemas econ\u00f3micos, sobre todo fiscales y cambiarios, as\u00ed como un riesgo a un desequilibrio macroecon\u00f3mico, que se agrava con el tema pol\u00edtico y la crisis de gobernanza.<br \/>\nEse contexto afectar\u00e1 al crecimiento de la econom\u00eda, pues pasa por un momento de iliquidez de d\u00f3lares, as\u00ed como de insolvencia, debido a la ca\u00edda de los ingresos por la venta de gas natural a mercados de Brasil y Argentina.<br \/>\nAhora, la situaci\u00f3n se agravar\u00e1 con el anuncio de que Argentina no necesitar\u00e1 m\u00e1s gas boliviano a partir de octubre, que implica una reducci\u00f3n de casi 700 millones de d\u00f3lares.<br \/>\nMientras tanto, Venezuela mantiene el liderazgo por su situaci\u00f3n pol\u00edtica, econ\u00f3mica y social.<\/p>\n","protected":false},"excerpt":{"rendered":"<p>Bolivia se encuentra en segundo lugar en riesgo pa\u00eds del continente americano despu\u00e9s de Venezuela. Desde que asumi\u00f3 Javier Milei como presidente, Argentina dej\u00f3 el segundo lugar de la regi\u00f3n, para que nuestro pa\u00eds desde ya 3 meses consecutivos, de acuerdo a Banco JP Morgan. La entidad se\u00f1ala que lleva 3 meses consecutivos con mayor [&hellip;]<\/p>\n","protected":false},"author":1,"featured_media":194689,"comment_status":"open","ping_status":"open","sticky":false,"template":"","format":"standard","meta":{"_acf_changed":false,"footnotes":""},"categories":[7],"tags":[],"class_list":["post-207479","post","type-post","status-publish","format-standard","has-post-thumbnail","category-economia"],"acf":{"antetitulo":""},"yoast_head":"<!-- This site is optimized with the Yoast SEO plugin v28.4 - https:\/\/yoast.com\/product\/yoast-seo-wordpress\/ -->\n<title>Bolivia ocupa segundo lugar en riesgo pa\u00eds - El Diario - Bolivia<\/title>\n<meta name=\"robots\" content=\"index, follow, max-snippet:-1, max-image-preview:large, max-video-preview:-1\" \/>\n<link rel=\"canonical\" href=\"https:\/\/www.eldiario.net\/portal\/2024\/03\/10\/bolivia-ocupa-segundo-lugar-en-riesgo-pais\/\" \/>\n<meta property=\"og:locale\" content=\"es_ES\" \/>\n<meta property=\"og:type\" content=\"article\" \/>\n<meta property=\"og:title\" content=\"Bolivia ocupa segundo lugar en riesgo pa\u00eds - El Diario - Bolivia\" \/>\n<meta property=\"og:description\" content=\"Bolivia se encuentra en segundo lugar en riesgo pa\u00eds del continente americano despu\u00e9s de Venezuela. Desde que asumi\u00f3 Javier Milei como presidente, Argentina dej\u00f3 el segundo lugar de la regi\u00f3n, para que nuestro pa\u00eds desde ya 3 meses consecutivos, de acuerdo a Banco JP Morgan. La entidad se\u00f1ala que lleva 3 meses consecutivos con mayor [&hellip;]\" \/>\n<meta property=\"og:url\" content=\"https:\/\/www.eldiario.net\/portal\/2024\/03\/10\/bolivia-ocupa-segundo-lugar-en-riesgo-pais\/\" \/>\n<meta property=\"og:site_name\" content=\"El Diario - Bolivia\" \/>\n<meta property=\"article:publisher\" content=\"https:\/\/www.facebook.com\/eldiario.bolivia\/\" \/>\n<meta property=\"article:published_time\" content=\"2024-03-10T09:06:26+00:00\" \/>\n<meta property=\"og:image\" content=\"https:\/\/www.eldiario.net\/portal\/wp-content\/uploads\/2023\/12\/Economia.jpg\" \/>\n\t<meta property=\"og:image:width\" content=\"800\" \/>\n\t<meta property=\"og:image:height\" content=\"500\" \/>\n\t<meta property=\"og:image:type\" content=\"image\/jpeg\" \/>\n<meta name=\"author\" content=\"Jeanette\" \/>\n<meta name=\"twitter:card\" content=\"summary_large_image\" \/>\n<meta name=\"twitter:creator\" content=\"@eldiario_net\" \/>\n<meta name=\"twitter:site\" content=\"@eldiario_net\" \/>\n<meta name=\"twitter:label1\" content=\"Escrito por\" \/>\n\t<meta name=\"twitter:data1\" content=\"Jeanette\" \/>\n\t<meta name=\"twitter:label2\" content=\"Tiempo de lectura\" \/>\n\t<meta name=\"twitter:data2\" content=\"2 minutos\" \/>\n<script type=\"application\/ld+json\" class=\"yoast-schema-graph\">{\"@context\":\"https:\\\/\\\/schema.org\",\"@graph\":[{\"@type\":\"Article\",\"@id\":\"https:\\\/\\\/www.eldiario.net\\\/portal\\\/2024\\\/03\\\/10\\\/bolivia-ocupa-segundo-lugar-en-riesgo-pais\\\/#article\",\"isPartOf\":{\"@id\":\"https:\\\/\\\/www.eldiario.net\\\/portal\\\/2024\\\/03\\\/10\\\/bolivia-ocupa-segundo-lugar-en-riesgo-pais\\\/\"},\"author\":{\"name\":\"Jeanette\",\"@id\":\"https:\\\/\\\/www.eldiario.net\\\/portal\\\/#\\\/schema\\\/person\\\/2c57cf2b7a7ae032e449e4c9b1019eac\"},\"headline\":\"Bolivia ocupa segundo lugar en riesgo pa\u00eds\",\"datePublished\":\"2024-03-10T09:06:26+00:00\",\"mainEntityOfPage\":{\"@id\":\"https:\\\/\\\/www.eldiario.net\\\/portal\\\/2024\\\/03\\\/10\\\/bolivia-ocupa-segundo-lugar-en-riesgo-pais\\\/\"},\"wordCount\":310,\"commentCount\":0,\"publisher\":{\"@id\":\"https:\\\/\\\/www.eldiario.net\\\/portal\\\/#organization\"},\"image\":{\"@id\":\"https:\\\/\\\/www.eldiario.net\\\/portal\\\/2024\\\/03\\\/10\\\/bolivia-ocupa-segundo-lugar-en-riesgo-pais\\\/#primaryimage\"},\"thumbnailUrl\":\"https:\\\/\\\/www.eldiario.net\\\/portal\\\/wp-content\\\/uploads\\\/2023\\\/12\\\/Economia.jpg\",\"articleSection\":[\"Econom\u00eda\"],\"inLanguage\":\"es\",\"potentialAction\":[{\"@type\":\"CommentAction\",\"name\":\"Comment\",\"target\":[\"https:\\\/\\\/www.eldiario.net\\\/portal\\\/2024\\\/03\\\/10\\\/bolivia-ocupa-segundo-lugar-en-riesgo-pais\\\/#respond\"]}]},{\"@type\":\"WebPage\",\"@id\":\"https:\\\/\\\/www.eldiario.net\\\/portal\\\/2024\\\/03\\\/10\\\/bolivia-ocupa-segundo-lugar-en-riesgo-pais\\\/\",\"url\":\"https:\\\/\\\/www.eldiario.net\\\/portal\\\/2024\\\/03\\\/10\\\/bolivia-ocupa-segundo-lugar-en-riesgo-pais\\\/\",\"name\":\"Bolivia ocupa segundo lugar en riesgo pa\u00eds - El Diario - Bolivia\",\"isPartOf\":{\"@id\":\"https:\\\/\\\/www.eldiario.net\\\/portal\\\/#website\"},\"primaryImageOfPage\":{\"@id\":\"https:\\\/\\\/www.eldiario.net\\\/portal\\\/2024\\\/03\\\/10\\\/bolivia-ocupa-segundo-lugar-en-riesgo-pais\\\/#primaryimage\"},\"image\":{\"@id\":\"https:\\\/\\\/www.eldiario.net\\\/portal\\\/2024\\\/03\\\/10\\\/bolivia-ocupa-segundo-lugar-en-riesgo-pais\\\/#primaryimage\"},\"thumbnailUrl\":\"https:\\\/\\\/www.eldiario.net\\\/portal\\\/wp-content\\\/uploads\\\/2023\\\/12\\\/Economia.jpg\",\"datePublished\":\"2024-03-10T09:06:26+00:00\",\"breadcrumb\":{\"@id\":\"https:\\\/\\\/www.eldiario.net\\\/portal\\\/2024\\\/03\\\/10\\\/bolivia-ocupa-segundo-lugar-en-riesgo-pais\\\/#breadcrumb\"},\"inLanguage\":\"es\",\"potentialAction\":[{\"@type\":\"ReadAction\",\"target\":[\"https:\\\/\\\/www.eldiario.net\\\/portal\\\/2024\\\/03\\\/10\\\/bolivia-ocupa-segundo-lugar-en-riesgo-pais\\\/\"]}]},{\"@type\":\"ImageObject\",\"inLanguage\":\"es\",\"@id\":\"https:\\\/\\\/www.eldiario.net\\\/portal\\\/2024\\\/03\\\/10\\\/bolivia-ocupa-segundo-lugar-en-riesgo-pais\\\/#primaryimage\",\"url\":\"https:\\\/\\\/www.eldiario.net\\\/portal\\\/wp-content\\\/uploads\\\/2023\\\/12\\\/Economia.jpg\",\"contentUrl\":\"https:\\\/\\\/www.eldiario.net\\\/portal\\\/wp-content\\\/uploads\\\/2023\\\/12\\\/Economia.jpg\",\"width\":800,\"height\":500},{\"@type\":\"BreadcrumbList\",\"@id\":\"https:\\\/\\\/www.eldiario.net\\\/portal\\\/2024\\\/03\\\/10\\\/bolivia-ocupa-segundo-lugar-en-riesgo-pais\\\/#breadcrumb\",\"itemListElement\":[{\"@type\":\"ListItem\",\"position\":1,\"name\":\"Portada\",\"item\":\"https:\\\/\\\/www.eldiario.net\\\/portal\\\/\"},{\"@type\":\"ListItem\",\"position\":2,\"name\":\"Bolivia ocupa segundo lugar en riesgo pa\u00eds\"}]},{\"@type\":\"WebSite\",\"@id\":\"https:\\\/\\\/www.eldiario.net\\\/portal\\\/#website\",\"url\":\"https:\\\/\\\/www.eldiario.net\\\/portal\\\/\",\"name\":\"El Diario - Decano de la prensa nacional\",\"description\":\"El Diario - Decano de la prensa nacional\",\"publisher\":{\"@id\":\"https:\\\/\\\/www.eldiario.net\\\/portal\\\/#organization\"},\"potentialAction\":[{\"@type\":\"SearchAction\",\"target\":{\"@type\":\"EntryPoint\",\"urlTemplate\":\"https:\\\/\\\/www.eldiario.net\\\/portal\\\/?s={search_term_string}\"},\"query-input\":{\"@type\":\"PropertyValueSpecification\",\"valueRequired\":true,\"valueName\":\"search_term_string\"}}],\"inLanguage\":\"es\"},{\"@type\":\"Organization\",\"@id\":\"https:\\\/\\\/www.eldiario.net\\\/portal\\\/#organization\",\"name\":\"El Diario - Decano de la prensa nacional\",\"url\":\"https:\\\/\\\/www.eldiario.net\\\/portal\\\/\",\"logo\":{\"@type\":\"ImageObject\",\"inLanguage\":\"es\",\"@id\":\"https:\\\/\\\/www.eldiario.net\\\/portal\\\/#\\\/schema\\\/logo\\\/image\\\/\",\"url\":\"https:\\\/\\\/www.eldiario.net\\\/portal\\\/wp-content\\\/uploads\\\/2023\\\/07\\\/logo_ED.jpg\",\"contentUrl\":\"https:\\\/\\\/www.eldiario.net\\\/portal\\\/wp-content\\\/uploads\\\/2023\\\/07\\\/logo_ED.jpg\",\"width\":272,\"height\":52,\"caption\":\"El Diario - Decano de la prensa nacional\"},\"image\":{\"@id\":\"https:\\\/\\\/www.eldiario.net\\\/portal\\\/#\\\/schema\\\/logo\\\/image\\\/\"},\"sameAs\":[\"https:\\\/\\\/www.facebook.com\\\/eldiario.bolivia\\\/\",\"https:\\\/\\\/x.com\\\/eldiario_net\"]},{\"@type\":\"Person\",\"@id\":\"https:\\\/\\\/www.eldiario.net\\\/portal\\\/#\\\/schema\\\/person\\\/2c57cf2b7a7ae032e449e4c9b1019eac\",\"name\":\"Jeanette\",\"image\":{\"@type\":\"ImageObject\",\"inLanguage\":\"es\",\"@id\":\"https:\\\/\\\/secure.gravatar.com\\\/avatar\\\/3ea2118a5f7dad2b7138b1187a6b7ee55f160b9968b66013c3a3ef39dd7e5798?s=96&d=mm&r=g\",\"url\":\"https:\\\/\\\/secure.gravatar.com\\\/avatar\\\/3ea2118a5f7dad2b7138b1187a6b7ee55f160b9968b66013c3a3ef39dd7e5798?s=96&d=mm&r=g\",\"contentUrl\":\"https:\\\/\\\/secure.gravatar.com\\\/avatar\\\/3ea2118a5f7dad2b7138b1187a6b7ee55f160b9968b66013c3a3ef39dd7e5798?s=96&d=mm&r=g\",\"caption\":\"Jeanette\"},\"sameAs\":[\"https:\\\/\\\/www.eldiario.net\\\/portal\"],\"url\":\"https:\\\/\\\/www.eldiario.net\\\/portal\\\/author\\\/jeanette\\\/\"}]}<\/script>\n<!-- \/ Yoast SEO plugin. -->","yoast_head_json":{"title":"Bolivia ocupa segundo lugar en riesgo pa\u00eds - El Diario - Bolivia","robots":{"index":"index","follow":"follow","max-snippet":"max-snippet:-1","max-image-preview":"max-image-preview:large","max-video-preview":"max-video-preview:-1"},"canonical":"https:\/\/www.eldiario.net\/portal\/2024\/03\/10\/bolivia-ocupa-segundo-lugar-en-riesgo-pais\/","og_locale":"es_ES","og_type":"article","og_title":"Bolivia ocupa segundo lugar en riesgo pa\u00eds - El Diario - Bolivia","og_description":"Bolivia se encuentra en segundo lugar en riesgo pa\u00eds del continente americano despu\u00e9s de Venezuela. Desde que asumi\u00f3 Javier Milei como presidente, Argentina dej\u00f3 el segundo lugar de la regi\u00f3n, para que nuestro pa\u00eds desde ya 3 meses consecutivos, de acuerdo a Banco JP Morgan. La entidad se\u00f1ala que lleva 3 meses consecutivos con mayor [&hellip;]","og_url":"https:\/\/www.eldiario.net\/portal\/2024\/03\/10\/bolivia-ocupa-segundo-lugar-en-riesgo-pais\/","og_site_name":"El Diario - Bolivia","article_publisher":"https:\/\/www.facebook.com\/eldiario.bolivia\/","article_published_time":"2024-03-10T09:06:26+00:00","og_image":[{"width":800,"height":500,"url":"https:\/\/www.eldiario.net\/portal\/wp-content\/uploads\/2023\/12\/Economia.jpg","type":"image\/jpeg"}],"author":"Jeanette","twitter_card":"summary_large_image","twitter_creator":"@eldiario_net","twitter_site":"@eldiario_net","twitter_misc":{"Escrito por":"Jeanette","Tiempo de lectura":"2 minutos"},"schema":{"@context":"https:\/\/schema.org","@graph":[{"@type":"Article","@id":"https:\/\/www.eldiario.net\/portal\/2024\/03\/10\/bolivia-ocupa-segundo-lugar-en-riesgo-pais\/#article","isPartOf":{"@id":"https:\/\/www.eldiario.net\/portal\/2024\/03\/10\/bolivia-ocupa-segundo-lugar-en-riesgo-pais\/"},"author":{"name":"Jeanette","@id":"https:\/\/www.eldiario.net\/portal\/#\/schema\/person\/2c57cf2b7a7ae032e449e4c9b1019eac"},"headline":"Bolivia ocupa segundo lugar en riesgo pa\u00eds","datePublished":"2024-03-10T09:06:26+00:00","mainEntityOfPage":{"@id":"https:\/\/www.eldiario.net\/portal\/2024\/03\/10\/bolivia-ocupa-segundo-lugar-en-riesgo-pais\/"},"wordCount":310,"commentCount":0,"publisher":{"@id":"https:\/\/www.eldiario.net\/portal\/#organization"},"image":{"@id":"https:\/\/www.eldiario.net\/portal\/2024\/03\/10\/bolivia-ocupa-segundo-lugar-en-riesgo-pais\/#primaryimage"},"thumbnailUrl":"https:\/\/www.eldiario.net\/portal\/wp-content\/uploads\/2023\/12\/Economia.jpg","articleSection":["Econom\u00eda"],"inLanguage":"es","potentialAction":[{"@type":"CommentAction","name":"Comment","target":["https:\/\/www.eldiario.net\/portal\/2024\/03\/10\/bolivia-ocupa-segundo-lugar-en-riesgo-pais\/#respond"]}]},{"@type":"WebPage","@id":"https:\/\/www.eldiario.net\/portal\/2024\/03\/10\/bolivia-ocupa-segundo-lugar-en-riesgo-pais\/","url":"https:\/\/www.eldiario.net\/portal\/2024\/03\/10\/bolivia-ocupa-segundo-lugar-en-riesgo-pais\/","name":"Bolivia ocupa segundo lugar en riesgo pa\u00eds - El Diario - Bolivia","isPartOf":{"@id":"https:\/\/www.eldiario.net\/portal\/#website"},"primaryImageOfPage":{"@id":"https:\/\/www.eldiario.net\/portal\/2024\/03\/10\/bolivia-ocupa-segundo-lugar-en-riesgo-pais\/#primaryimage"},"image":{"@id":"https:\/\/www.eldiario.net\/portal\/2024\/03\/10\/bolivia-ocupa-segundo-lugar-en-riesgo-pais\/#primaryimage"},"thumbnailUrl":"https:\/\/www.eldiario.net\/portal\/wp-content\/uploads\/2023\/12\/Economia.jpg","datePublished":"2024-03-10T09:06:26+00:00","breadcrumb":{"@id":"https:\/\/www.eldiario.net\/portal\/2024\/03\/10\/bolivia-ocupa-segundo-lugar-en-riesgo-pais\/#breadcrumb"},"inLanguage":"es","potentialAction":[{"@type":"ReadAction","target":["https:\/\/www.eldiario.net\/portal\/2024\/03\/10\/bolivia-ocupa-segundo-lugar-en-riesgo-pais\/"]}]},{"@type":"ImageObject","inLanguage":"es","@id":"https:\/\/www.eldiario.net\/portal\/2024\/03\/10\/bolivia-ocupa-segundo-lugar-en-riesgo-pais\/#primaryimage","url":"https:\/\/www.eldiario.net\/portal\/wp-content\/uploads\/2023\/12\/Economia.jpg","contentUrl":"https:\/\/www.eldiario.net\/portal\/wp-content\/uploads\/2023\/12\/Economia.jpg","width":800,"height":500},{"@type":"BreadcrumbList","@id":"https:\/\/www.eldiario.net\/portal\/2024\/03\/10\/bolivia-ocupa-segundo-lugar-en-riesgo-pais\/#breadcrumb","itemListElement":[{"@type":"ListItem","position":1,"name":"Portada","item":"https:\/\/www.eldiario.net\/portal\/"},{"@type":"ListItem","position":2,"name":"Bolivia ocupa segundo lugar en riesgo pa\u00eds"}]},{"@type":"WebSite","@id":"https:\/\/www.eldiario.net\/portal\/#website","url":"https:\/\/www.eldiario.net\/portal\/","name":"El Diario - Decano de la prensa nacional","description":"El Diario - Decano de la prensa nacional","publisher":{"@id":"https:\/\/www.eldiario.net\/portal\/#organization"},"potentialAction":[{"@type":"SearchAction","target":{"@type":"EntryPoint","urlTemplate":"https:\/\/www.eldiario.net\/portal\/?s={search_term_string}"},"query-input":{"@type":"PropertyValueSpecification","valueRequired":true,"valueName":"search_term_string"}}],"inLanguage":"es"},{"@type":"Organization","@id":"https:\/\/www.eldiario.net\/portal\/#organization","name":"El Diario - Decano de la prensa nacional","url":"https:\/\/www.eldiario.net\/portal\/","logo":{"@type":"ImageObject","inLanguage":"es","@id":"https:\/\/www.eldiario.net\/portal\/#\/schema\/logo\/image\/","url":"https:\/\/www.eldiario.net\/portal\/wp-content\/uploads\/2023\/07\/logo_ED.jpg","contentUrl":"https:\/\/www.eldiario.net\/portal\/wp-content\/uploads\/2023\/07\/logo_ED.jpg","width":272,"height":52,"caption":"El Diario - Decano de la prensa nacional"},"image":{"@id":"https:\/\/www.eldiario.net\/portal\/#\/schema\/logo\/image\/"},"sameAs":["https:\/\/www.facebook.com\/eldiario.bolivia\/","https:\/\/x.com\/eldiario_net"]},{"@type":"Person","@id":"https:\/\/www.eldiario.net\/portal\/#\/schema\/person\/2c57cf2b7a7ae032e449e4c9b1019eac","name":"Jeanette","image":{"@type":"ImageObject","inLanguage":"es","@id":"https:\/\/secure.gravatar.com\/avatar\/3ea2118a5f7dad2b7138b1187a6b7ee55f160b9968b66013c3a3ef39dd7e5798?s=96&d=mm&r=g","url":"https:\/\/secure.gravatar.com\/avatar\/3ea2118a5f7dad2b7138b1187a6b7ee55f160b9968b66013c3a3ef39dd7e5798?s=96&d=mm&r=g","contentUrl":"https:\/\/secure.gravatar.com\/avatar\/3ea2118a5f7dad2b7138b1187a6b7ee55f160b9968b66013c3a3ef39dd7e5798?s=96&d=mm&r=g","caption":"Jeanette"},"sameAs":["https:\/\/www.eldiario.net\/portal"],"url":"https:\/\/www.eldiario.net\/portal\/author\/jeanette\/"}]}},"_links":{"self":[{"href":"https:\/\/www.eldiario.net\/portal\/wp-json\/wp\/v2\/posts\/207479","targetHints":{"allow":["GET"]}}],"collection":[{"href":"https:\/\/www.eldiario.net\/portal\/wp-json\/wp\/v2\/posts"}],"about":[{"href":"https:\/\/www.eldiario.net\/portal\/wp-json\/wp\/v2\/types\/post"}],"author":[{"embeddable":true,"href":"https:\/\/www.eldiario.net\/portal\/wp-json\/wp\/v2\/users\/1"}],"replies":[{"embeddable":true,"href":"https:\/\/www.eldiario.net\/portal\/wp-json\/wp\/v2\/comments?post=207479"}],"version-history":[{"count":1,"href":"https:\/\/www.eldiario.net\/portal\/wp-json\/wp\/v2\/posts\/207479\/revisions"}],"predecessor-version":[{"id":207480,"href":"https:\/\/www.eldiario.net\/portal\/wp-json\/wp\/v2\/posts\/207479\/revisions\/207480"}],"wp:featuredmedia":[{"embeddable":true,"href":"https:\/\/www.eldiario.net\/portal\/wp-json\/wp\/v2\/media\/194689"}],"wp:attachment":[{"href":"https:\/\/www.eldiario.net\/portal\/wp-json\/wp\/v2\/media?parent=207479"}],"wp:term":[{"taxonomy":"category","embeddable":true,"href":"https:\/\/www.eldiario.net\/portal\/wp-json\/wp\/v2\/categories?post=207479"},{"taxonomy":"post_tag","embeddable":true,"href":"https:\/\/www.eldiario.net\/portal\/wp-json\/wp\/v2\/tags?post=207479"}],"curies":[{"name":"wp","href":"https:\/\/api.w.org\/{rel}","templated":true}]}}