{"id":207477,"date":"2024-03-10T05:05:51","date_gmt":"2024-03-10T09:05:51","guid":{"rendered":"https:\/\/www.eldiario.net\/portal\/?p=207477"},"modified":"2024-03-10T05:05:51","modified_gmt":"2024-03-10T09:05:51","slug":"un-campo-tribal-de-pelea","status":"publish","type":"post","link":"https:\/\/www.eldiario.net\/portal\/2024\/03\/10\/un-campo-tribal-de-pelea\/","title":{"rendered":"Un campo (tribal) de pelea"},"content":{"rendered":"<p>La vez que ingres\u00e9 en el edificio de la Asamblea Legislativa, me revisaron como en aeropuerto de pa\u00eds de primer mundo. Sin embargo, si eres miembro de las organizaciones sociales, al parecer puedes ingresar como Pedro por su casa, haciendo bochinche y hasta con cadenas para encerrar a los legisladores. Esto no puede no ser un signo de que la institucionalidad de aquella instituci\u00f3n \u2014al igual que la de muchas otras en Bolivia\u2014 est\u00e1 muy venida a menos. El encierro con cadenas, los insultos y los golpes han llegado a un nivel de inmoralidad sin precedentes en una instituci\u00f3n que, por la carencia de debate por parte de la mayor parte de sus integrantes (hay valiosas, pero pocas excepciones), ya estaba bastante desprestigiada.<br \/>\nMuchos bolivianos que vimos los videos del bochorno registrado en estos d\u00edas, nos sentimos indignados y preocupados. Pero temo que tambi\u00e9n hay muchos que solamente se entretienen, pues lo que quiere gran parte de la sociedad boliviana es trabajar, vivir ajena al sainete pol\u00edtico y sentirse bien en su privacidad, ya que lo que hacen (o les sucede a) los pol\u00edticos en funciones \u2014quienes viven a expensas del contribuyente\u2014 les es indiferente porque no se sienten representados por ellos.<br \/>\nAl igual que en otras situaciones, lo que el intelectual debe hacer ahora es lo que aconsejaba Spinoza: no re\u00edr, no llorar, sino comprender el fen\u00f3meno. \u00bfQu\u00e9 es lo que sucede? \u00bfPor qu\u00e9 la Asamblea se comporta de esta manera? En primer lugar, considero que esta instituci\u00f3n es el reflejo de lo que sucede en la sociedad en general, la cual \u2014exceptuando algunos grupos o individuos que comprenden y practican las reglas de una convivencia civilizada y dial\u00f3gica\u2014 es todav\u00eda corporativista y reacia a la resoluci\u00f3n pac\u00edfica y racional de las controversias sociales. Y, en segundo lugar, creo que se est\u00e1 pagando la factura de la poca seriedad con que todos los partidos pol\u00edticos conformaron sus planchas de candidatos a senadores y diputados (no solo hay que criticar la violencia de los legisladores oficialistas, sino tambi\u00e9n la conducta anti\u00e9tica y harag\u00e1n de algunos opositores que, al parecer, pactaron con el oficialismo y votaron en consecuencia).<br \/>\nRememorando los hechos negros de 2019 y viendo los de la Asamblea actual, se me viene a la mente la frase premonitoria con que, entre esc\u00e9ptico y triste, Sim\u00f3n Bol\u00edvar describi\u00f3 algunas de las rep\u00fablicas que \u00e9l mismo hab\u00eda ayudado a libertar: \u201cEstas ser\u00e1n rep\u00fablicas a\u00e9reas\u2026\u201d. Es decir, rep\u00fablicas sin republicanos o democracias sin dem\u00f3cratas. \u00bfC\u00f3mo pensar entonces en una convivencia civilizada cuando en las estructuras mentales o en la cosmovisi\u00f3n de los individuos no existen nociones de lo que es una democracia? Hace unos d\u00edas, \u00c1lvaro Garc\u00eda Linera, en el programa Piedra, papel y tinta, asever\u00f3 que el \u201cn\u00facleo central de la democracia es el gobierno de la plebe, del populacho\u201d, y que el resto de medidas \u201cliberales\u201d son solo aditamentos de aquel. Y lamentablemente esta idea simplista (el gobierno de las mayor\u00edas) es la que muchos tienen por democracia. Pero en realidad democracia es eso y mucho m\u00e1s: una serie de l\u00edmites al poder que impida que el gobierno \u201cde la plebe, del populacho\u201d, se reproduzca indefinidamente o cometa arbitrariedades contra las minor\u00edas, ya que incluso el gobernante m\u00e1s dem\u00f3crata lleva en s\u00ed la semilla del abuso de poder; todo poder aspira a ser abusivo y a durar. Por eso los l\u00edmites al mismo son caracter\u00edsticas sine qua non de una democracia verdadera.<br \/>\nDesde mi modesta percepci\u00f3n, no pienso que Bolivia se componga de la noche a la ma\u00f1ana con otro gobierno u otra camada de pol\u00edticos; las cosas no son tan sencillas de resolver. Estamos viviendo un ciclo pol\u00edtico, y los ciclos suelen duran lustros o d\u00e9cadas enteras. Se est\u00e1 cerrando una etapa grande iniciada en la Revoluci\u00f3n de 1952, cuando las masas indias y obreras, que hab\u00edan sido relegadas de la actividad p\u00fablica, ingresaron en la praxis pol\u00edtica. Lastimosamente, aquel ingreso no signific\u00f3 necesariamente la modernizaci\u00f3n de aquellos grupos sociales, pues las camarillas burocr\u00e1ticas, sindicalistas y gregarias (similares a las \u00e9lites tradicionales), son todav\u00eda las que dominan las costumbres y la cultura pol\u00edtica en Bolivia.<br \/>\nLa modernidad todav\u00eda no lleg\u00f3 al pa\u00eds, pues \u00e9sta, como dec\u00eda Octavio Paz, no se mide tanto en funci\u00f3n de carreteras, industrias o econom\u00eda, sino de costumbres y formas de resolver las discrepancias. Creo que pasar\u00e1 todav\u00eda un buen tiempo antes de que podamos ver una Bolivia menos tribal (menos violenta) y un poco m\u00e1s moderna.<\/p>\n<p>Ignacio Vera de Rada es profesor universitario.<\/p>\n","protected":false},"excerpt":{"rendered":"<p>La vez que ingres\u00e9 en el edificio de la Asamblea Legislativa, me revisaron como en aeropuerto de pa\u00eds de primer mundo. Sin embargo, si eres miembro de las organizaciones sociales, al parecer puedes ingresar como Pedro por su casa, haciendo bochinche y hasta con cadenas para encerrar a los legisladores. Esto no puede no ser [&hellip;]<\/p>\n","protected":false},"author":1,"featured_media":158964,"comment_status":"open","ping_status":"open","sticky":false,"template":"","format":"standard","meta":{"_acf_changed":false,"footnotes":""},"categories":[9],"tags":[],"class_list":["post-207477","post","type-post","status-publish","format-standard","has-post-thumbnail","category-opinion"],"acf":{"antetitulo":"La espada en la palabra"},"yoast_head":"<!-- This site is optimized with the Yoast SEO plugin v28.4 - https:\/\/yoast.com\/product\/yoast-seo-wordpress\/ -->\n<title>Un campo (tribal) de pelea - El Diario - Bolivia<\/title>\n<meta name=\"robots\" content=\"index, follow, max-snippet:-1, max-image-preview:large, max-video-preview:-1\" \/>\n<link rel=\"canonical\" href=\"https:\/\/www.eldiario.net\/portal\/2024\/03\/10\/un-campo-tribal-de-pelea\/\" \/>\n<meta property=\"og:locale\" content=\"es_ES\" \/>\n<meta property=\"og:type\" content=\"article\" \/>\n<meta property=\"og:title\" content=\"Un campo (tribal) de pelea - El Diario - Bolivia\" \/>\n<meta property=\"og:description\" content=\"La vez que ingres\u00e9 en el edificio de la Asamblea Legislativa, me revisaron como en aeropuerto de pa\u00eds de primer mundo. Sin embargo, si eres miembro de las organizaciones sociales, al parecer puedes ingresar como Pedro por su casa, haciendo bochinche y hasta con cadenas para encerrar a los legisladores. Esto no puede no ser [&hellip;]\" \/>\n<meta property=\"og:url\" content=\"https:\/\/www.eldiario.net\/portal\/2024\/03\/10\/un-campo-tribal-de-pelea\/\" \/>\n<meta property=\"og:site_name\" content=\"El Diario - Bolivia\" \/>\n<meta property=\"article:publisher\" content=\"https:\/\/www.facebook.com\/eldiario.bolivia\/\" \/>\n<meta property=\"article:published_time\" content=\"2024-03-10T09:05:51+00:00\" \/>\n<meta property=\"og:image\" content=\"https:\/\/www.eldiario.net\/portal\/wp-content\/uploads\/2023\/06\/Ignacio-Vera-de-Rada-1.jpg\" \/>\n\t<meta property=\"og:image:width\" content=\"1200\" \/>\n\t<meta property=\"og:image:height\" content=\"628\" \/>\n\t<meta property=\"og:image:type\" content=\"image\/jpeg\" \/>\n<meta name=\"author\" content=\"Jeanette\" \/>\n<meta name=\"twitter:card\" content=\"summary_large_image\" \/>\n<meta name=\"twitter:creator\" content=\"@eldiario_net\" \/>\n<meta name=\"twitter:site\" content=\"@eldiario_net\" \/>\n<meta name=\"twitter:label1\" content=\"Escrito por\" \/>\n\t<meta name=\"twitter:data1\" content=\"Jeanette\" \/>\n\t<meta name=\"twitter:label2\" content=\"Tiempo de lectura\" \/>\n\t<meta name=\"twitter:data2\" content=\"4 minutos\" \/>\n<script type=\"application\/ld+json\" class=\"yoast-schema-graph\">{\"@context\":\"https:\\\/\\\/schema.org\",\"@graph\":[{\"@type\":\"Article\",\"@id\":\"https:\\\/\\\/www.eldiario.net\\\/portal\\\/2024\\\/03\\\/10\\\/un-campo-tribal-de-pelea\\\/#article\",\"isPartOf\":{\"@id\":\"https:\\\/\\\/www.eldiario.net\\\/portal\\\/2024\\\/03\\\/10\\\/un-campo-tribal-de-pelea\\\/\"},\"author\":{\"name\":\"Jeanette\",\"@id\":\"https:\\\/\\\/www.eldiario.net\\\/portal\\\/#\\\/schema\\\/person\\\/2c57cf2b7a7ae032e449e4c9b1019eac\"},\"headline\":\"Un campo (tribal) de pelea\",\"datePublished\":\"2024-03-10T09:05:51+00:00\",\"mainEntityOfPage\":{\"@id\":\"https:\\\/\\\/www.eldiario.net\\\/portal\\\/2024\\\/03\\\/10\\\/un-campo-tribal-de-pelea\\\/\"},\"wordCount\":813,\"commentCount\":0,\"publisher\":{\"@id\":\"https:\\\/\\\/www.eldiario.net\\\/portal\\\/#organization\"},\"image\":{\"@id\":\"https:\\\/\\\/www.eldiario.net\\\/portal\\\/2024\\\/03\\\/10\\\/un-campo-tribal-de-pelea\\\/#primaryimage\"},\"thumbnailUrl\":\"https:\\\/\\\/www.eldiario.net\\\/portal\\\/wp-content\\\/uploads\\\/2023\\\/06\\\/Ignacio-Vera-de-Rada-1.jpg\",\"articleSection\":[\"Opini\u00f3n\"],\"inLanguage\":\"es\",\"potentialAction\":[{\"@type\":\"CommentAction\",\"name\":\"Comment\",\"target\":[\"https:\\\/\\\/www.eldiario.net\\\/portal\\\/2024\\\/03\\\/10\\\/un-campo-tribal-de-pelea\\\/#respond\"]}]},{\"@type\":\"WebPage\",\"@id\":\"https:\\\/\\\/www.eldiario.net\\\/portal\\\/2024\\\/03\\\/10\\\/un-campo-tribal-de-pelea\\\/\",\"url\":\"https:\\\/\\\/www.eldiario.net\\\/portal\\\/2024\\\/03\\\/10\\\/un-campo-tribal-de-pelea\\\/\",\"name\":\"Un campo (tribal) de pelea - El Diario - Bolivia\",\"isPartOf\":{\"@id\":\"https:\\\/\\\/www.eldiario.net\\\/portal\\\/#website\"},\"primaryImageOfPage\":{\"@id\":\"https:\\\/\\\/www.eldiario.net\\\/portal\\\/2024\\\/03\\\/10\\\/un-campo-tribal-de-pelea\\\/#primaryimage\"},\"image\":{\"@id\":\"https:\\\/\\\/www.eldiario.net\\\/portal\\\/2024\\\/03\\\/10\\\/un-campo-tribal-de-pelea\\\/#primaryimage\"},\"thumbnailUrl\":\"https:\\\/\\\/www.eldiario.net\\\/portal\\\/wp-content\\\/uploads\\\/2023\\\/06\\\/Ignacio-Vera-de-Rada-1.jpg\",\"datePublished\":\"2024-03-10T09:05:51+00:00\",\"breadcrumb\":{\"@id\":\"https:\\\/\\\/www.eldiario.net\\\/portal\\\/2024\\\/03\\\/10\\\/un-campo-tribal-de-pelea\\\/#breadcrumb\"},\"inLanguage\":\"es\",\"potentialAction\":[{\"@type\":\"ReadAction\",\"target\":[\"https:\\\/\\\/www.eldiario.net\\\/portal\\\/2024\\\/03\\\/10\\\/un-campo-tribal-de-pelea\\\/\"]}]},{\"@type\":\"ImageObject\",\"inLanguage\":\"es\",\"@id\":\"https:\\\/\\\/www.eldiario.net\\\/portal\\\/2024\\\/03\\\/10\\\/un-campo-tribal-de-pelea\\\/#primaryimage\",\"url\":\"https:\\\/\\\/www.eldiario.net\\\/portal\\\/wp-content\\\/uploads\\\/2023\\\/06\\\/Ignacio-Vera-de-Rada-1.jpg\",\"contentUrl\":\"https:\\\/\\\/www.eldiario.net\\\/portal\\\/wp-content\\\/uploads\\\/2023\\\/06\\\/Ignacio-Vera-de-Rada-1.jpg\",\"width\":1200,\"height\":628,\"caption\":\"Ignacio Vera de Rada\"},{\"@type\":\"BreadcrumbList\",\"@id\":\"https:\\\/\\\/www.eldiario.net\\\/portal\\\/2024\\\/03\\\/10\\\/un-campo-tribal-de-pelea\\\/#breadcrumb\",\"itemListElement\":[{\"@type\":\"ListItem\",\"position\":1,\"name\":\"Portada\",\"item\":\"https:\\\/\\\/www.eldiario.net\\\/portal\\\/\"},{\"@type\":\"ListItem\",\"position\":2,\"name\":\"Un campo (tribal) de pelea\"}]},{\"@type\":\"WebSite\",\"@id\":\"https:\\\/\\\/www.eldiario.net\\\/portal\\\/#website\",\"url\":\"https:\\\/\\\/www.eldiario.net\\\/portal\\\/\",\"name\":\"El Diario - Decano de la prensa nacional\",\"description\":\"El Diario - Decano de la prensa nacional\",\"publisher\":{\"@id\":\"https:\\\/\\\/www.eldiario.net\\\/portal\\\/#organization\"},\"potentialAction\":[{\"@type\":\"SearchAction\",\"target\":{\"@type\":\"EntryPoint\",\"urlTemplate\":\"https:\\\/\\\/www.eldiario.net\\\/portal\\\/?s={search_term_string}\"},\"query-input\":{\"@type\":\"PropertyValueSpecification\",\"valueRequired\":true,\"valueName\":\"search_term_string\"}}],\"inLanguage\":\"es\"},{\"@type\":\"Organization\",\"@id\":\"https:\\\/\\\/www.eldiario.net\\\/portal\\\/#organization\",\"name\":\"El Diario - Decano de la prensa nacional\",\"url\":\"https:\\\/\\\/www.eldiario.net\\\/portal\\\/\",\"logo\":{\"@type\":\"ImageObject\",\"inLanguage\":\"es\",\"@id\":\"https:\\\/\\\/www.eldiario.net\\\/portal\\\/#\\\/schema\\\/logo\\\/image\\\/\",\"url\":\"https:\\\/\\\/www.eldiario.net\\\/portal\\\/wp-content\\\/uploads\\\/2023\\\/07\\\/logo_ED.jpg\",\"contentUrl\":\"https:\\\/\\\/www.eldiario.net\\\/portal\\\/wp-content\\\/uploads\\\/2023\\\/07\\\/logo_ED.jpg\",\"width\":272,\"height\":52,\"caption\":\"El Diario - Decano de la prensa nacional\"},\"image\":{\"@id\":\"https:\\\/\\\/www.eldiario.net\\\/portal\\\/#\\\/schema\\\/logo\\\/image\\\/\"},\"sameAs\":[\"https:\\\/\\\/www.facebook.com\\\/eldiario.bolivia\\\/\",\"https:\\\/\\\/x.com\\\/eldiario_net\"]},{\"@type\":\"Person\",\"@id\":\"https:\\\/\\\/www.eldiario.net\\\/portal\\\/#\\\/schema\\\/person\\\/2c57cf2b7a7ae032e449e4c9b1019eac\",\"name\":\"Jeanette\",\"image\":{\"@type\":\"ImageObject\",\"inLanguage\":\"es\",\"@id\":\"https:\\\/\\\/secure.gravatar.com\\\/avatar\\\/3ea2118a5f7dad2b7138b1187a6b7ee55f160b9968b66013c3a3ef39dd7e5798?s=96&d=mm&r=g\",\"url\":\"https:\\\/\\\/secure.gravatar.com\\\/avatar\\\/3ea2118a5f7dad2b7138b1187a6b7ee55f160b9968b66013c3a3ef39dd7e5798?s=96&d=mm&r=g\",\"contentUrl\":\"https:\\\/\\\/secure.gravatar.com\\\/avatar\\\/3ea2118a5f7dad2b7138b1187a6b7ee55f160b9968b66013c3a3ef39dd7e5798?s=96&d=mm&r=g\",\"caption\":\"Jeanette\"},\"sameAs\":[\"https:\\\/\\\/www.eldiario.net\\\/portal\"],\"url\":\"https:\\\/\\\/www.eldiario.net\\\/portal\\\/author\\\/jeanette\\\/\"}]}<\/script>\n<!-- \/ Yoast SEO plugin. -->","yoast_head_json":{"title":"Un campo (tribal) de pelea - El Diario - Bolivia","robots":{"index":"index","follow":"follow","max-snippet":"max-snippet:-1","max-image-preview":"max-image-preview:large","max-video-preview":"max-video-preview:-1"},"canonical":"https:\/\/www.eldiario.net\/portal\/2024\/03\/10\/un-campo-tribal-de-pelea\/","og_locale":"es_ES","og_type":"article","og_title":"Un campo (tribal) de pelea - El Diario - Bolivia","og_description":"La vez que ingres\u00e9 en el edificio de la Asamblea Legislativa, me revisaron como en aeropuerto de pa\u00eds de primer mundo. Sin embargo, si eres miembro de las organizaciones sociales, al parecer puedes ingresar como Pedro por su casa, haciendo bochinche y hasta con cadenas para encerrar a los legisladores. Esto no puede no ser [&hellip;]","og_url":"https:\/\/www.eldiario.net\/portal\/2024\/03\/10\/un-campo-tribal-de-pelea\/","og_site_name":"El Diario - Bolivia","article_publisher":"https:\/\/www.facebook.com\/eldiario.bolivia\/","article_published_time":"2024-03-10T09:05:51+00:00","og_image":[{"width":1200,"height":628,"url":"https:\/\/www.eldiario.net\/portal\/wp-content\/uploads\/2023\/06\/Ignacio-Vera-de-Rada-1.jpg","type":"image\/jpeg"}],"author":"Jeanette","twitter_card":"summary_large_image","twitter_creator":"@eldiario_net","twitter_site":"@eldiario_net","twitter_misc":{"Escrito por":"Jeanette","Tiempo de lectura":"4 minutos"},"schema":{"@context":"https:\/\/schema.org","@graph":[{"@type":"Article","@id":"https:\/\/www.eldiario.net\/portal\/2024\/03\/10\/un-campo-tribal-de-pelea\/#article","isPartOf":{"@id":"https:\/\/www.eldiario.net\/portal\/2024\/03\/10\/un-campo-tribal-de-pelea\/"},"author":{"name":"Jeanette","@id":"https:\/\/www.eldiario.net\/portal\/#\/schema\/person\/2c57cf2b7a7ae032e449e4c9b1019eac"},"headline":"Un campo (tribal) de pelea","datePublished":"2024-03-10T09:05:51+00:00","mainEntityOfPage":{"@id":"https:\/\/www.eldiario.net\/portal\/2024\/03\/10\/un-campo-tribal-de-pelea\/"},"wordCount":813,"commentCount":0,"publisher":{"@id":"https:\/\/www.eldiario.net\/portal\/#organization"},"image":{"@id":"https:\/\/www.eldiario.net\/portal\/2024\/03\/10\/un-campo-tribal-de-pelea\/#primaryimage"},"thumbnailUrl":"https:\/\/www.eldiario.net\/portal\/wp-content\/uploads\/2023\/06\/Ignacio-Vera-de-Rada-1.jpg","articleSection":["Opini\u00f3n"],"inLanguage":"es","potentialAction":[{"@type":"CommentAction","name":"Comment","target":["https:\/\/www.eldiario.net\/portal\/2024\/03\/10\/un-campo-tribal-de-pelea\/#respond"]}]},{"@type":"WebPage","@id":"https:\/\/www.eldiario.net\/portal\/2024\/03\/10\/un-campo-tribal-de-pelea\/","url":"https:\/\/www.eldiario.net\/portal\/2024\/03\/10\/un-campo-tribal-de-pelea\/","name":"Un campo (tribal) de pelea - El Diario - Bolivia","isPartOf":{"@id":"https:\/\/www.eldiario.net\/portal\/#website"},"primaryImageOfPage":{"@id":"https:\/\/www.eldiario.net\/portal\/2024\/03\/10\/un-campo-tribal-de-pelea\/#primaryimage"},"image":{"@id":"https:\/\/www.eldiario.net\/portal\/2024\/03\/10\/un-campo-tribal-de-pelea\/#primaryimage"},"thumbnailUrl":"https:\/\/www.eldiario.net\/portal\/wp-content\/uploads\/2023\/06\/Ignacio-Vera-de-Rada-1.jpg","datePublished":"2024-03-10T09:05:51+00:00","breadcrumb":{"@id":"https:\/\/www.eldiario.net\/portal\/2024\/03\/10\/un-campo-tribal-de-pelea\/#breadcrumb"},"inLanguage":"es","potentialAction":[{"@type":"ReadAction","target":["https:\/\/www.eldiario.net\/portal\/2024\/03\/10\/un-campo-tribal-de-pelea\/"]}]},{"@type":"ImageObject","inLanguage":"es","@id":"https:\/\/www.eldiario.net\/portal\/2024\/03\/10\/un-campo-tribal-de-pelea\/#primaryimage","url":"https:\/\/www.eldiario.net\/portal\/wp-content\/uploads\/2023\/06\/Ignacio-Vera-de-Rada-1.jpg","contentUrl":"https:\/\/www.eldiario.net\/portal\/wp-content\/uploads\/2023\/06\/Ignacio-Vera-de-Rada-1.jpg","width":1200,"height":628,"caption":"Ignacio Vera de Rada"},{"@type":"BreadcrumbList","@id":"https:\/\/www.eldiario.net\/portal\/2024\/03\/10\/un-campo-tribal-de-pelea\/#breadcrumb","itemListElement":[{"@type":"ListItem","position":1,"name":"Portada","item":"https:\/\/www.eldiario.net\/portal\/"},{"@type":"ListItem","position":2,"name":"Un campo (tribal) de pelea"}]},{"@type":"WebSite","@id":"https:\/\/www.eldiario.net\/portal\/#website","url":"https:\/\/www.eldiario.net\/portal\/","name":"El Diario - Decano de la prensa nacional","description":"El Diario - Decano de la prensa nacional","publisher":{"@id":"https:\/\/www.eldiario.net\/portal\/#organization"},"potentialAction":[{"@type":"SearchAction","target":{"@type":"EntryPoint","urlTemplate":"https:\/\/www.eldiario.net\/portal\/?s={search_term_string}"},"query-input":{"@type":"PropertyValueSpecification","valueRequired":true,"valueName":"search_term_string"}}],"inLanguage":"es"},{"@type":"Organization","@id":"https:\/\/www.eldiario.net\/portal\/#organization","name":"El Diario - Decano de la prensa nacional","url":"https:\/\/www.eldiario.net\/portal\/","logo":{"@type":"ImageObject","inLanguage":"es","@id":"https:\/\/www.eldiario.net\/portal\/#\/schema\/logo\/image\/","url":"https:\/\/www.eldiario.net\/portal\/wp-content\/uploads\/2023\/07\/logo_ED.jpg","contentUrl":"https:\/\/www.eldiario.net\/portal\/wp-content\/uploads\/2023\/07\/logo_ED.jpg","width":272,"height":52,"caption":"El Diario - Decano de la prensa nacional"},"image":{"@id":"https:\/\/www.eldiario.net\/portal\/#\/schema\/logo\/image\/"},"sameAs":["https:\/\/www.facebook.com\/eldiario.bolivia\/","https:\/\/x.com\/eldiario_net"]},{"@type":"Person","@id":"https:\/\/www.eldiario.net\/portal\/#\/schema\/person\/2c57cf2b7a7ae032e449e4c9b1019eac","name":"Jeanette","image":{"@type":"ImageObject","inLanguage":"es","@id":"https:\/\/secure.gravatar.com\/avatar\/3ea2118a5f7dad2b7138b1187a6b7ee55f160b9968b66013c3a3ef39dd7e5798?s=96&d=mm&r=g","url":"https:\/\/secure.gravatar.com\/avatar\/3ea2118a5f7dad2b7138b1187a6b7ee55f160b9968b66013c3a3ef39dd7e5798?s=96&d=mm&r=g","contentUrl":"https:\/\/secure.gravatar.com\/avatar\/3ea2118a5f7dad2b7138b1187a6b7ee55f160b9968b66013c3a3ef39dd7e5798?s=96&d=mm&r=g","caption":"Jeanette"},"sameAs":["https:\/\/www.eldiario.net\/portal"],"url":"https:\/\/www.eldiario.net\/portal\/author\/jeanette\/"}]}},"_links":{"self":[{"href":"https:\/\/www.eldiario.net\/portal\/wp-json\/wp\/v2\/posts\/207477","targetHints":{"allow":["GET"]}}],"collection":[{"href":"https:\/\/www.eldiario.net\/portal\/wp-json\/wp\/v2\/posts"}],"about":[{"href":"https:\/\/www.eldiario.net\/portal\/wp-json\/wp\/v2\/types\/post"}],"author":[{"embeddable":true,"href":"https:\/\/www.eldiario.net\/portal\/wp-json\/wp\/v2\/users\/1"}],"replies":[{"embeddable":true,"href":"https:\/\/www.eldiario.net\/portal\/wp-json\/wp\/v2\/comments?post=207477"}],"version-history":[{"count":1,"href":"https:\/\/www.eldiario.net\/portal\/wp-json\/wp\/v2\/posts\/207477\/revisions"}],"predecessor-version":[{"id":207478,"href":"https:\/\/www.eldiario.net\/portal\/wp-json\/wp\/v2\/posts\/207477\/revisions\/207478"}],"wp:featuredmedia":[{"embeddable":true,"href":"https:\/\/www.eldiario.net\/portal\/wp-json\/wp\/v2\/media\/158964"}],"wp:attachment":[{"href":"https:\/\/www.eldiario.net\/portal\/wp-json\/wp\/v2\/media?parent=207477"}],"wp:term":[{"taxonomy":"category","embeddable":true,"href":"https:\/\/www.eldiario.net\/portal\/wp-json\/wp\/v2\/categories?post=207477"},{"taxonomy":"post_tag","embeddable":true,"href":"https:\/\/www.eldiario.net\/portal\/wp-json\/wp\/v2\/tags?post=207477"}],"curies":[{"name":"wp","href":"https:\/\/api.w.org\/{rel}","templated":true}]}}