{"id":207473,"date":"2024-03-10T05:04:46","date_gmt":"2024-03-10T09:04:46","guid":{"rendered":"https:\/\/www.eldiario.net\/portal\/?p=207473"},"modified":"2024-03-10T05:04:46","modified_gmt":"2024-03-10T09:04:46","slug":"el-nuevo-21060","status":"publish","type":"post","link":"https:\/\/www.eldiario.net\/portal\/2024\/03\/10\/el-nuevo-21060\/","title":{"rendered":"El nuevo 21060"},"content":{"rendered":"<p>Es la c\u00e9dula de identidad de un ajuste estructural que ten\u00eda un nombre mucho m\u00e1s largo, pero el pa\u00eds ha decidido llamarlo simplemente 21060.<br \/>\nLleg\u00f3 precedido de un mensaje dram\u00e1tico: \u201cBolivia se nos muere\u201d, pronunciado hace casi cuarenta a\u00f1os por V\u00edctor Paz Estenssoro, que hab\u00eda decidido hacer su propia Perestroika del MNR.<br \/>\nTuvo que despedir a todos los supernumerarios contratados por la empresa estatal que \u00e9l mismo hab\u00eda creado, en su faceta de revolucionario, cuando nacionaliz\u00f3 las minas de esta\u00f1o, treinta a\u00f1os antes.<br \/>\nComo demostraci\u00f3n silenciosa pero contundente del tama\u00f1o de la reforma que tra\u00eda esta vez, lleg\u00f3 acompa\u00f1ado de un minero privado, que hab\u00eda de ser su Ministro de Planeamiento.<br \/>\nLa confianza que generaron sus duras medidas de ajuste provoc\u00f3 la llegada de empresas extranjeras que habr\u00edan de encontrar los yacimientos de gas y petr\u00f3leo para la Bolivia que todav\u00eda respiraba.<br \/>\nLa sucesi\u00f3n de actividades econ\u00f3micas que sustentaron la econom\u00eda del pa\u00eds hab\u00eda encontrado un tercer elemento: plata, esta\u00f1o y ahora el gas. Se lleg\u00f3 a hablar de la Bolivia saud\u00ed por las reservas que conten\u00edan los yacimientos descubiertos.<br \/>\nYa sabemos lo que pas\u00f3 con esos yacimientos: fueron nacionalizados de manera enga\u00f1osa y luego sobreexplotados, hasta reventarlos, por un gobierno que ten\u00eda otro proyecto muy diferente a las materias primas.<br \/>\nLa coca, que hab\u00eda acompa\u00f1ado a los pobres mitayos en Potos\u00ed desde 1545, ten\u00eda un elemento secreto que fue desentra\u00f1ado en 1861, lo que la llev\u00f3 a codearse con las narices m\u00e1s refinadas del mundo.<br \/>\nPor un error que todav\u00eda no ha sido corregido, ese producto fue proscrito en el mundo, junto con otros, lo que dio lugar a una nueva burgues\u00eda, la de quienes lo venden, una burgues\u00eda ilegal que ahora juega a la pol\u00edtica.<br \/>\nEn 1985, aquella narco-burgues\u00eda todav\u00eda no era tan fuerte. No ofrec\u00eda una muy tentadora alternativa a los bolivianos, como lo hace ahora.<br \/>\nCuando Bolivia otra vez se nos muere, la tarea de quienes se propongan salvarla ser\u00e1 mucho m\u00e1s dif\u00edcil que la usada por el Gorbachov boliviano.<br \/>\nLa narco-burgues\u00eda tiene aliados en el exterior, que conforman la Transnacional del Crimen Organizado. Y ahora ha entregado el pa\u00eds a una forma de neocolonialismo, que le obliga a ceder todo a China, Rusia e Ir\u00e1n.<br \/>\nMuy dif\u00edcil, de veras, la tarea de quienes vengan a salvar a Bolivia esta vez. Hay desaf\u00edos de geopol\u00edtica internacional detr\u00e1s del plan de quienes quieren destruir el pa\u00eds.<\/p>\n<p>Siglo21bolivia.com<\/p>\n","protected":false},"excerpt":{"rendered":"<p>Es la c\u00e9dula de identidad de un ajuste estructural que ten\u00eda un nombre mucho m\u00e1s largo, pero el pa\u00eds ha decidido llamarlo simplemente 21060. Lleg\u00f3 precedido de un mensaje dram\u00e1tico: \u201cBolivia se nos muere\u201d, pronunciado hace casi cuarenta a\u00f1os por V\u00edctor Paz Estenssoro, que hab\u00eda decidido hacer su propia Perestroika del MNR. Tuvo que despedir [&hellip;]<\/p>\n","protected":false},"author":1,"featured_media":0,"comment_status":"open","ping_status":"open","sticky":false,"template":"","format":"standard","meta":{"_acf_changed":false,"footnotes":""},"categories":[9],"tags":[],"class_list":["post-207473","post","type-post","status-publish","format-standard","category-opinion"],"acf":{"antetitulo":"Recuerdos del presente"},"yoast_head":"<!-- This site is optimized with the Yoast SEO plugin v28.4 - https:\/\/yoast.com\/product\/yoast-seo-wordpress\/ -->\n<title>El nuevo 21060 - El Diario - Bolivia<\/title>\n<meta name=\"robots\" content=\"index, follow, max-snippet:-1, max-image-preview:large, max-video-preview:-1\" \/>\n<link rel=\"canonical\" href=\"https:\/\/www.eldiario.net\/portal\/2024\/03\/10\/el-nuevo-21060\/\" \/>\n<meta property=\"og:locale\" content=\"es_ES\" \/>\n<meta property=\"og:type\" content=\"article\" \/>\n<meta property=\"og:title\" content=\"El nuevo 21060 - El Diario - Bolivia\" \/>\n<meta property=\"og:description\" content=\"Es la c\u00e9dula de identidad de un ajuste estructural que ten\u00eda un nombre mucho m\u00e1s largo, pero el pa\u00eds ha decidido llamarlo simplemente 21060. Lleg\u00f3 precedido de un mensaje dram\u00e1tico: \u201cBolivia se nos muere\u201d, pronunciado hace casi cuarenta a\u00f1os por V\u00edctor Paz Estenssoro, que hab\u00eda decidido hacer su propia Perestroika del MNR. Tuvo que despedir [&hellip;]\" \/>\n<meta property=\"og:url\" content=\"https:\/\/www.eldiario.net\/portal\/2024\/03\/10\/el-nuevo-21060\/\" \/>\n<meta property=\"og:site_name\" content=\"El Diario - Bolivia\" \/>\n<meta property=\"article:publisher\" content=\"https:\/\/www.facebook.com\/eldiario.bolivia\/\" \/>\n<meta property=\"article:published_time\" content=\"2024-03-10T09:04:46+00:00\" \/>\n<meta name=\"author\" content=\"Jeanette\" \/>\n<meta name=\"twitter:card\" content=\"summary_large_image\" \/>\n<meta name=\"twitter:creator\" content=\"@eldiario_net\" \/>\n<meta name=\"twitter:site\" content=\"@eldiario_net\" \/>\n<meta name=\"twitter:label1\" content=\"Escrito por\" \/>\n\t<meta name=\"twitter:data1\" content=\"Jeanette\" \/>\n\t<meta name=\"twitter:label2\" content=\"Tiempo de lectura\" \/>\n\t<meta name=\"twitter:data2\" content=\"3 minutos\" \/>\n<script type=\"application\/ld+json\" class=\"yoast-schema-graph\">{\"@context\":\"https:\\\/\\\/schema.org\",\"@graph\":[{\"@type\":\"Article\",\"@id\":\"https:\\\/\\\/www.eldiario.net\\\/portal\\\/2024\\\/03\\\/10\\\/el-nuevo-21060\\\/#article\",\"isPartOf\":{\"@id\":\"https:\\\/\\\/www.eldiario.net\\\/portal\\\/2024\\\/03\\\/10\\\/el-nuevo-21060\\\/\"},\"author\":{\"name\":\"Jeanette\",\"@id\":\"https:\\\/\\\/www.eldiario.net\\\/portal\\\/#\\\/schema\\\/person\\\/2c57cf2b7a7ae032e449e4c9b1019eac\"},\"headline\":\"El nuevo 21060\",\"datePublished\":\"2024-03-10T09:04:46+00:00\",\"mainEntityOfPage\":{\"@id\":\"https:\\\/\\\/www.eldiario.net\\\/portal\\\/2024\\\/03\\\/10\\\/el-nuevo-21060\\\/\"},\"wordCount\":450,\"commentCount\":0,\"publisher\":{\"@id\":\"https:\\\/\\\/www.eldiario.net\\\/portal\\\/#organization\"},\"articleSection\":[\"Opini\u00f3n\"],\"inLanguage\":\"es\",\"potentialAction\":[{\"@type\":\"CommentAction\",\"name\":\"Comment\",\"target\":[\"https:\\\/\\\/www.eldiario.net\\\/portal\\\/2024\\\/03\\\/10\\\/el-nuevo-21060\\\/#respond\"]}]},{\"@type\":\"WebPage\",\"@id\":\"https:\\\/\\\/www.eldiario.net\\\/portal\\\/2024\\\/03\\\/10\\\/el-nuevo-21060\\\/\",\"url\":\"https:\\\/\\\/www.eldiario.net\\\/portal\\\/2024\\\/03\\\/10\\\/el-nuevo-21060\\\/\",\"name\":\"El nuevo 21060 - El Diario - Bolivia\",\"isPartOf\":{\"@id\":\"https:\\\/\\\/www.eldiario.net\\\/portal\\\/#website\"},\"datePublished\":\"2024-03-10T09:04:46+00:00\",\"breadcrumb\":{\"@id\":\"https:\\\/\\\/www.eldiario.net\\\/portal\\\/2024\\\/03\\\/10\\\/el-nuevo-21060\\\/#breadcrumb\"},\"inLanguage\":\"es\",\"potentialAction\":[{\"@type\":\"ReadAction\",\"target\":[\"https:\\\/\\\/www.eldiario.net\\\/portal\\\/2024\\\/03\\\/10\\\/el-nuevo-21060\\\/\"]}]},{\"@type\":\"BreadcrumbList\",\"@id\":\"https:\\\/\\\/www.eldiario.net\\\/portal\\\/2024\\\/03\\\/10\\\/el-nuevo-21060\\\/#breadcrumb\",\"itemListElement\":[{\"@type\":\"ListItem\",\"position\":1,\"name\":\"Portada\",\"item\":\"https:\\\/\\\/www.eldiario.net\\\/portal\\\/\"},{\"@type\":\"ListItem\",\"position\":2,\"name\":\"El nuevo 21060\"}]},{\"@type\":\"WebSite\",\"@id\":\"https:\\\/\\\/www.eldiario.net\\\/portal\\\/#website\",\"url\":\"https:\\\/\\\/www.eldiario.net\\\/portal\\\/\",\"name\":\"El Diario - Decano de la prensa nacional\",\"description\":\"El Diario - Decano de la prensa nacional\",\"publisher\":{\"@id\":\"https:\\\/\\\/www.eldiario.net\\\/portal\\\/#organization\"},\"potentialAction\":[{\"@type\":\"SearchAction\",\"target\":{\"@type\":\"EntryPoint\",\"urlTemplate\":\"https:\\\/\\\/www.eldiario.net\\\/portal\\\/?s={search_term_string}\"},\"query-input\":{\"@type\":\"PropertyValueSpecification\",\"valueRequired\":true,\"valueName\":\"search_term_string\"}}],\"inLanguage\":\"es\"},{\"@type\":\"Organization\",\"@id\":\"https:\\\/\\\/www.eldiario.net\\\/portal\\\/#organization\",\"name\":\"El Diario - Decano de la prensa nacional\",\"url\":\"https:\\\/\\\/www.eldiario.net\\\/portal\\\/\",\"logo\":{\"@type\":\"ImageObject\",\"inLanguage\":\"es\",\"@id\":\"https:\\\/\\\/www.eldiario.net\\\/portal\\\/#\\\/schema\\\/logo\\\/image\\\/\",\"url\":\"https:\\\/\\\/www.eldiario.net\\\/portal\\\/wp-content\\\/uploads\\\/2023\\\/07\\\/logo_ED.jpg\",\"contentUrl\":\"https:\\\/\\\/www.eldiario.net\\\/portal\\\/wp-content\\\/uploads\\\/2023\\\/07\\\/logo_ED.jpg\",\"width\":272,\"height\":52,\"caption\":\"El Diario - Decano de la prensa nacional\"},\"image\":{\"@id\":\"https:\\\/\\\/www.eldiario.net\\\/portal\\\/#\\\/schema\\\/logo\\\/image\\\/\"},\"sameAs\":[\"https:\\\/\\\/www.facebook.com\\\/eldiario.bolivia\\\/\",\"https:\\\/\\\/x.com\\\/eldiario_net\"]},{\"@type\":\"Person\",\"@id\":\"https:\\\/\\\/www.eldiario.net\\\/portal\\\/#\\\/schema\\\/person\\\/2c57cf2b7a7ae032e449e4c9b1019eac\",\"name\":\"Jeanette\",\"image\":{\"@type\":\"ImageObject\",\"inLanguage\":\"es\",\"@id\":\"https:\\\/\\\/secure.gravatar.com\\\/avatar\\\/3ea2118a5f7dad2b7138b1187a6b7ee55f160b9968b66013c3a3ef39dd7e5798?s=96&d=mm&r=g\",\"url\":\"https:\\\/\\\/secure.gravatar.com\\\/avatar\\\/3ea2118a5f7dad2b7138b1187a6b7ee55f160b9968b66013c3a3ef39dd7e5798?s=96&d=mm&r=g\",\"contentUrl\":\"https:\\\/\\\/secure.gravatar.com\\\/avatar\\\/3ea2118a5f7dad2b7138b1187a6b7ee55f160b9968b66013c3a3ef39dd7e5798?s=96&d=mm&r=g\",\"caption\":\"Jeanette\"},\"sameAs\":[\"https:\\\/\\\/www.eldiario.net\\\/portal\"],\"url\":\"https:\\\/\\\/www.eldiario.net\\\/portal\\\/author\\\/jeanette\\\/\"}]}<\/script>\n<!-- \/ Yoast SEO plugin. -->","yoast_head_json":{"title":"El nuevo 21060 - El Diario - Bolivia","robots":{"index":"index","follow":"follow","max-snippet":"max-snippet:-1","max-image-preview":"max-image-preview:large","max-video-preview":"max-video-preview:-1"},"canonical":"https:\/\/www.eldiario.net\/portal\/2024\/03\/10\/el-nuevo-21060\/","og_locale":"es_ES","og_type":"article","og_title":"El nuevo 21060 - El Diario - Bolivia","og_description":"Es la c\u00e9dula de identidad de un ajuste estructural que ten\u00eda un nombre mucho m\u00e1s largo, pero el pa\u00eds ha decidido llamarlo simplemente 21060. Lleg\u00f3 precedido de un mensaje dram\u00e1tico: \u201cBolivia se nos muere\u201d, pronunciado hace casi cuarenta a\u00f1os por V\u00edctor Paz Estenssoro, que hab\u00eda decidido hacer su propia Perestroika del MNR. Tuvo que despedir [&hellip;]","og_url":"https:\/\/www.eldiario.net\/portal\/2024\/03\/10\/el-nuevo-21060\/","og_site_name":"El Diario - Bolivia","article_publisher":"https:\/\/www.facebook.com\/eldiario.bolivia\/","article_published_time":"2024-03-10T09:04:46+00:00","author":"Jeanette","twitter_card":"summary_large_image","twitter_creator":"@eldiario_net","twitter_site":"@eldiario_net","twitter_misc":{"Escrito por":"Jeanette","Tiempo de lectura":"3 minutos"},"schema":{"@context":"https:\/\/schema.org","@graph":[{"@type":"Article","@id":"https:\/\/www.eldiario.net\/portal\/2024\/03\/10\/el-nuevo-21060\/#article","isPartOf":{"@id":"https:\/\/www.eldiario.net\/portal\/2024\/03\/10\/el-nuevo-21060\/"},"author":{"name":"Jeanette","@id":"https:\/\/www.eldiario.net\/portal\/#\/schema\/person\/2c57cf2b7a7ae032e449e4c9b1019eac"},"headline":"El nuevo 21060","datePublished":"2024-03-10T09:04:46+00:00","mainEntityOfPage":{"@id":"https:\/\/www.eldiario.net\/portal\/2024\/03\/10\/el-nuevo-21060\/"},"wordCount":450,"commentCount":0,"publisher":{"@id":"https:\/\/www.eldiario.net\/portal\/#organization"},"articleSection":["Opini\u00f3n"],"inLanguage":"es","potentialAction":[{"@type":"CommentAction","name":"Comment","target":["https:\/\/www.eldiario.net\/portal\/2024\/03\/10\/el-nuevo-21060\/#respond"]}]},{"@type":"WebPage","@id":"https:\/\/www.eldiario.net\/portal\/2024\/03\/10\/el-nuevo-21060\/","url":"https:\/\/www.eldiario.net\/portal\/2024\/03\/10\/el-nuevo-21060\/","name":"El nuevo 21060 - El Diario - Bolivia","isPartOf":{"@id":"https:\/\/www.eldiario.net\/portal\/#website"},"datePublished":"2024-03-10T09:04:46+00:00","breadcrumb":{"@id":"https:\/\/www.eldiario.net\/portal\/2024\/03\/10\/el-nuevo-21060\/#breadcrumb"},"inLanguage":"es","potentialAction":[{"@type":"ReadAction","target":["https:\/\/www.eldiario.net\/portal\/2024\/03\/10\/el-nuevo-21060\/"]}]},{"@type":"BreadcrumbList","@id":"https:\/\/www.eldiario.net\/portal\/2024\/03\/10\/el-nuevo-21060\/#breadcrumb","itemListElement":[{"@type":"ListItem","position":1,"name":"Portada","item":"https:\/\/www.eldiario.net\/portal\/"},{"@type":"ListItem","position":2,"name":"El nuevo 21060"}]},{"@type":"WebSite","@id":"https:\/\/www.eldiario.net\/portal\/#website","url":"https:\/\/www.eldiario.net\/portal\/","name":"El Diario - Decano de la prensa nacional","description":"El Diario - Decano de la prensa nacional","publisher":{"@id":"https:\/\/www.eldiario.net\/portal\/#organization"},"potentialAction":[{"@type":"SearchAction","target":{"@type":"EntryPoint","urlTemplate":"https:\/\/www.eldiario.net\/portal\/?s={search_term_string}"},"query-input":{"@type":"PropertyValueSpecification","valueRequired":true,"valueName":"search_term_string"}}],"inLanguage":"es"},{"@type":"Organization","@id":"https:\/\/www.eldiario.net\/portal\/#organization","name":"El Diario - Decano de la prensa nacional","url":"https:\/\/www.eldiario.net\/portal\/","logo":{"@type":"ImageObject","inLanguage":"es","@id":"https:\/\/www.eldiario.net\/portal\/#\/schema\/logo\/image\/","url":"https:\/\/www.eldiario.net\/portal\/wp-content\/uploads\/2023\/07\/logo_ED.jpg","contentUrl":"https:\/\/www.eldiario.net\/portal\/wp-content\/uploads\/2023\/07\/logo_ED.jpg","width":272,"height":52,"caption":"El Diario - Decano de la prensa nacional"},"image":{"@id":"https:\/\/www.eldiario.net\/portal\/#\/schema\/logo\/image\/"},"sameAs":["https:\/\/www.facebook.com\/eldiario.bolivia\/","https:\/\/x.com\/eldiario_net"]},{"@type":"Person","@id":"https:\/\/www.eldiario.net\/portal\/#\/schema\/person\/2c57cf2b7a7ae032e449e4c9b1019eac","name":"Jeanette","image":{"@type":"ImageObject","inLanguage":"es","@id":"https:\/\/secure.gravatar.com\/avatar\/3ea2118a5f7dad2b7138b1187a6b7ee55f160b9968b66013c3a3ef39dd7e5798?s=96&d=mm&r=g","url":"https:\/\/secure.gravatar.com\/avatar\/3ea2118a5f7dad2b7138b1187a6b7ee55f160b9968b66013c3a3ef39dd7e5798?s=96&d=mm&r=g","contentUrl":"https:\/\/secure.gravatar.com\/avatar\/3ea2118a5f7dad2b7138b1187a6b7ee55f160b9968b66013c3a3ef39dd7e5798?s=96&d=mm&r=g","caption":"Jeanette"},"sameAs":["https:\/\/www.eldiario.net\/portal"],"url":"https:\/\/www.eldiario.net\/portal\/author\/jeanette\/"}]}},"_links":{"self":[{"href":"https:\/\/www.eldiario.net\/portal\/wp-json\/wp\/v2\/posts\/207473","targetHints":{"allow":["GET"]}}],"collection":[{"href":"https:\/\/www.eldiario.net\/portal\/wp-json\/wp\/v2\/posts"}],"about":[{"href":"https:\/\/www.eldiario.net\/portal\/wp-json\/wp\/v2\/types\/post"}],"author":[{"embeddable":true,"href":"https:\/\/www.eldiario.net\/portal\/wp-json\/wp\/v2\/users\/1"}],"replies":[{"embeddable":true,"href":"https:\/\/www.eldiario.net\/portal\/wp-json\/wp\/v2\/comments?post=207473"}],"version-history":[{"count":1,"href":"https:\/\/www.eldiario.net\/portal\/wp-json\/wp\/v2\/posts\/207473\/revisions"}],"predecessor-version":[{"id":207474,"href":"https:\/\/www.eldiario.net\/portal\/wp-json\/wp\/v2\/posts\/207473\/revisions\/207474"}],"wp:attachment":[{"href":"https:\/\/www.eldiario.net\/portal\/wp-json\/wp\/v2\/media?parent=207473"}],"wp:term":[{"taxonomy":"category","embeddable":true,"href":"https:\/\/www.eldiario.net\/portal\/wp-json\/wp\/v2\/categories?post=207473"},{"taxonomy":"post_tag","embeddable":true,"href":"https:\/\/www.eldiario.net\/portal\/wp-json\/wp\/v2\/tags?post=207473"}],"curies":[{"name":"wp","href":"https:\/\/api.w.org\/{rel}","templated":true}]}}