{"id":207463,"date":"2024-03-10T05:01:09","date_gmt":"2024-03-10T09:01:09","guid":{"rendered":"https:\/\/www.eldiario.net\/portal\/?p=207463"},"modified":"2024-03-10T05:01:09","modified_gmt":"2024-03-10T09:01:09","slug":"papa-pide-a-zelenski-que-tenga-la-valentia-de-alzar-la-bandera-blanca","status":"publish","type":"post","link":"https:\/\/www.eldiario.net\/portal\/2024\/03\/10\/papa-pide-a-zelenski-que-tenga-la-valentia-de-alzar-la-bandera-blanca\/","title":{"rendered":"Papa pide a Zelenski que tenga la  valent\u00eda de alzar la bandera blanca"},"content":{"rendered":"<p>El Papa inst\u00f3 al presidente de Ucrania, Volodimir Zelenski, a tener la \u201cvalent\u00eda\u201d para alzar la \u201cbandera blanca\u201d y negociar el fin de la guerra con Rusia.<br \/>\n\u201cEs m\u00e1s fuerte que vea la situaci\u00f3n, que piense en el pueblo, que tenga el valor de la bandera blanca, para negociar. Hoy se puede negociar con la ayuda de las potencias internacionales. La palabra negociar es valiente\u201d, declar\u00f3 Francisco en una entrevista con la emisora suiza RSI, antes de la \u00faltima oferta del presidente turco Tayyip Erdogan, de acoger una cumbre entre Ucrania y Rusia para poner fin a la guerra.<br \/>\nEl Papa tambi\u00e9n contest\u00f3 una pregunta sobre si se hab\u00eda ofrecido a negociar en los conflictos de Ucrania y de la Franja de Gaza: \u201cEstoy aqu\u00ed, y punto. He enviado una carta a los jud\u00edos de Israel, para que reflexionen sobre esta situaci\u00f3n. Negociar nunca es rendirse. Es el valor de no llevar al pa\u00eds al suicidio con resultados catastr\u00f3ficos. Los ucranianos, con la historia que tienen, pobrecitos, los ucranianos en la \u00e9poca de Stalin cu\u00e1nto sufrieron&#8230;\u201d.<br \/>\nEl Papa denunci\u00f3 que detr\u00e1s de las guerras \u201cest\u00e1 la industria armament\u00edstica\u201d. \u201cEs un pecado colectivo\u201d, afirm\u00f3.<br \/>\n\u201cHace un mes, el ec\u00f3nomo me contaba c\u00f3mo estaban las cosas en el Vaticano, siempre en d\u00e9ficit, \u00bfsabes d\u00f3nde est\u00e1n hoy las inversiones que dan m\u00e1s ingresos? La f\u00e1brica de armas. Se gana por matar. M\u00e1s ingresos: la f\u00e1brica de armas. Una guerra terrible\u201d, agreg\u00f3.<br \/>\nAdem\u00e1s, record\u00f3 que cuando viaj\u00f3 en 2014 a Redipuglia, llor\u00f3 ante el monumento conmemorativo de la Primera Guerra Mundial. \u201cLuego me pas\u00f3 lo mismo en Anzio, entonces cada 2 de noviembre voy a un cementerio a celebrarlo. La \u00faltima vez fui al cementerio brit\u00e1nico y mir\u00e9 la edad de los chicos. Ya lo he dicho, pero lo repetir\u00e9: cuando se conmemor\u00f3 el desembarco de Normand\u00eda, todos los jefes de Gobierno celebraron esa fecha, pero nadie dijo que en esa playa quedaron hasta 20.000 muchachos\u201d, manifest\u00f3.<br \/>\n\u201cLa guerra es una locura\u201d, concluy\u00f3 la autoridad religiosa.<br \/>\nAsimismo, le preguntaron sobre c\u00f3mo responden los l\u00edderes pol\u00edticos que recibe en el Palacio Apost\u00f3lico cuando les pide la paz: \u201cHay quien dice, es verdad pero hay que defenderse&#8230; Y entonces te das cuenta de que tienen la f\u00e1brica de aviones para bombardear a los dem\u00e1s. Defendernos no, destruir. \u00bfC\u00f3mo acaba una guerra? Con muerte, destrucci\u00f3n, ni\u00f1os sin padres. Siempre hay alguna situaci\u00f3n geogr\u00e1fica o hist\u00f3rica que provoca una guerra&#8230;. Puede ser una guerra que parece s\u00f3lo por razones pr\u00e1cticas. Pero detr\u00e1s de una guerra est\u00e1 la industria armament\u00edstica, y eso significa dinero\u201d.<br \/>\nEl Papa tambi\u00e9n explic\u00f3 que todos los d\u00edas a las siete de la tarde llama por tel\u00e9fono al sacerdote argentino, Gabriel Romanelli, p\u00e1rroco de la Sagrada Familia de Gaza. \u201cSeiscientas personas viven all\u00ed y cuentan lo que ven: es una guerra. Y la guerra la hacen dos, no uno. Los irresponsables son estos dos que hacen la guerra. Luego no s\u00f3lo est\u00e1 la guerra militar, est\u00e1 la \u2018guerra de guerrillas\u2019, digamos, de Ham\u00e1s, un movimiento que no es un ej\u00e9rcito. Es algo malo\u201d, reflexion\u00f3 el Papa Francisco.<br \/>\nDel mismo modo inst\u00f3 a no perder la esperanza: \u201cMiremos la historia, las guerras que hemos vivido, todas terminan en acuerdo\u201d. (Europa Press)<\/p>\n","protected":false},"excerpt":{"rendered":"<p>El Papa inst\u00f3 al presidente de Ucrania, Volodimir Zelenski, a tener la \u201cvalent\u00eda\u201d para alzar la \u201cbandera blanca\u201d y negociar el fin de la guerra con Rusia. \u201cEs m\u00e1s fuerte que vea la situaci\u00f3n, que piense en el pueblo, que tenga el valor de la bandera blanca, para negociar. Hoy se puede negociar con la [&hellip;]<\/p>\n","protected":false},"author":1,"featured_media":207465,"comment_status":"open","ping_status":"open","sticky":false,"template":"","format":"standard","meta":{"_acf_changed":false,"footnotes":""},"categories":[3],"tags":[],"class_list":["post-207463","post","type-post","status-publish","format-standard","has-post-thumbnail","category-internacional"],"acf":{"antetitulo":"Para negociar la paz con Rusia"},"yoast_head":"<!-- This site is optimized with the Yoast SEO plugin v28.4 - https:\/\/yoast.com\/product\/yoast-seo-wordpress\/ -->\n<title>Papa pide a Zelenski que tenga la valent\u00eda de alzar la bandera blanca - El Diario - Bolivia<\/title>\n<meta name=\"robots\" content=\"index, follow, max-snippet:-1, max-image-preview:large, max-video-preview:-1\" \/>\n<link rel=\"canonical\" href=\"https:\/\/www.eldiario.net\/portal\/2024\/03\/10\/papa-pide-a-zelenski-que-tenga-la-valentia-de-alzar-la-bandera-blanca\/\" \/>\n<meta property=\"og:locale\" content=\"es_ES\" \/>\n<meta property=\"og:type\" content=\"article\" \/>\n<meta property=\"og:title\" content=\"Papa pide a Zelenski que tenga la valent\u00eda de alzar la bandera blanca - El Diario - Bolivia\" \/>\n<meta property=\"og:description\" content=\"El Papa inst\u00f3 al presidente de Ucrania, Volodimir Zelenski, a tener la \u201cvalent\u00eda\u201d para alzar la \u201cbandera blanca\u201d y negociar el fin de la guerra con Rusia. \u201cEs m\u00e1s fuerte que vea la situaci\u00f3n, que piense en el pueblo, que tenga el valor de la bandera blanca, para negociar. Hoy se puede negociar con la [&hellip;]\" \/>\n<meta property=\"og:url\" content=\"https:\/\/www.eldiario.net\/portal\/2024\/03\/10\/papa-pide-a-zelenski-que-tenga-la-valentia-de-alzar-la-bandera-blanca\/\" \/>\n<meta property=\"og:site_name\" content=\"El Diario - Bolivia\" \/>\n<meta property=\"article:publisher\" content=\"https:\/\/www.facebook.com\/eldiario.bolivia\/\" \/>\n<meta property=\"article:published_time\" content=\"2024-03-10T09:01:09+00:00\" \/>\n<meta property=\"og:image\" content=\"https:\/\/www.eldiario.net\/portal\/wp-content\/uploads\/2024\/03\/VOLODOMIR.jpg\" \/>\n\t<meta property=\"og:image:width\" content=\"1772\" \/>\n\t<meta property=\"og:image:height\" content=\"972\" \/>\n\t<meta property=\"og:image:type\" content=\"image\/jpeg\" \/>\n<meta name=\"author\" content=\"Jeanette\" \/>\n<meta name=\"twitter:card\" content=\"summary_large_image\" \/>\n<meta name=\"twitter:creator\" content=\"@eldiario_net\" \/>\n<meta name=\"twitter:site\" content=\"@eldiario_net\" \/>\n<meta name=\"twitter:label1\" content=\"Escrito por\" \/>\n\t<meta name=\"twitter:data1\" content=\"Jeanette\" \/>\n\t<meta name=\"twitter:label2\" content=\"Tiempo de lectura\" \/>\n\t<meta name=\"twitter:data2\" content=\"3 minutos\" \/>\n<script type=\"application\/ld+json\" class=\"yoast-schema-graph\">{\"@context\":\"https:\\\/\\\/schema.org\",\"@graph\":[{\"@type\":\"Article\",\"@id\":\"https:\\\/\\\/www.eldiario.net\\\/portal\\\/2024\\\/03\\\/10\\\/papa-pide-a-zelenski-que-tenga-la-valentia-de-alzar-la-bandera-blanca\\\/#article\",\"isPartOf\":{\"@id\":\"https:\\\/\\\/www.eldiario.net\\\/portal\\\/2024\\\/03\\\/10\\\/papa-pide-a-zelenski-que-tenga-la-valentia-de-alzar-la-bandera-blanca\\\/\"},\"author\":{\"name\":\"Jeanette\",\"@id\":\"https:\\\/\\\/www.eldiario.net\\\/portal\\\/#\\\/schema\\\/person\\\/2c57cf2b7a7ae032e449e4c9b1019eac\"},\"headline\":\"Papa pide a Zelenski que tenga la valent\u00eda de alzar la bandera blanca\",\"datePublished\":\"2024-03-10T09:01:09+00:00\",\"mainEntityOfPage\":{\"@id\":\"https:\\\/\\\/www.eldiario.net\\\/portal\\\/2024\\\/03\\\/10\\\/papa-pide-a-zelenski-que-tenga-la-valentia-de-alzar-la-bandera-blanca\\\/\"},\"wordCount\":593,\"commentCount\":0,\"publisher\":{\"@id\":\"https:\\\/\\\/www.eldiario.net\\\/portal\\\/#organization\"},\"image\":{\"@id\":\"https:\\\/\\\/www.eldiario.net\\\/portal\\\/2024\\\/03\\\/10\\\/papa-pide-a-zelenski-que-tenga-la-valentia-de-alzar-la-bandera-blanca\\\/#primaryimage\"},\"thumbnailUrl\":\"https:\\\/\\\/www.eldiario.net\\\/portal\\\/wp-content\\\/uploads\\\/2024\\\/03\\\/VOLODOMIR.jpg\",\"articleSection\":[\"Internacional\"],\"inLanguage\":\"es\",\"potentialAction\":[{\"@type\":\"CommentAction\",\"name\":\"Comment\",\"target\":[\"https:\\\/\\\/www.eldiario.net\\\/portal\\\/2024\\\/03\\\/10\\\/papa-pide-a-zelenski-que-tenga-la-valentia-de-alzar-la-bandera-blanca\\\/#respond\"]}]},{\"@type\":\"WebPage\",\"@id\":\"https:\\\/\\\/www.eldiario.net\\\/portal\\\/2024\\\/03\\\/10\\\/papa-pide-a-zelenski-que-tenga-la-valentia-de-alzar-la-bandera-blanca\\\/\",\"url\":\"https:\\\/\\\/www.eldiario.net\\\/portal\\\/2024\\\/03\\\/10\\\/papa-pide-a-zelenski-que-tenga-la-valentia-de-alzar-la-bandera-blanca\\\/\",\"name\":\"Papa pide a Zelenski que tenga la valent\u00eda de alzar la bandera blanca - El Diario - Bolivia\",\"isPartOf\":{\"@id\":\"https:\\\/\\\/www.eldiario.net\\\/portal\\\/#website\"},\"primaryImageOfPage\":{\"@id\":\"https:\\\/\\\/www.eldiario.net\\\/portal\\\/2024\\\/03\\\/10\\\/papa-pide-a-zelenski-que-tenga-la-valentia-de-alzar-la-bandera-blanca\\\/#primaryimage\"},\"image\":{\"@id\":\"https:\\\/\\\/www.eldiario.net\\\/portal\\\/2024\\\/03\\\/10\\\/papa-pide-a-zelenski-que-tenga-la-valentia-de-alzar-la-bandera-blanca\\\/#primaryimage\"},\"thumbnailUrl\":\"https:\\\/\\\/www.eldiario.net\\\/portal\\\/wp-content\\\/uploads\\\/2024\\\/03\\\/VOLODOMIR.jpg\",\"datePublished\":\"2024-03-10T09:01:09+00:00\",\"breadcrumb\":{\"@id\":\"https:\\\/\\\/www.eldiario.net\\\/portal\\\/2024\\\/03\\\/10\\\/papa-pide-a-zelenski-que-tenga-la-valentia-de-alzar-la-bandera-blanca\\\/#breadcrumb\"},\"inLanguage\":\"es\",\"potentialAction\":[{\"@type\":\"ReadAction\",\"target\":[\"https:\\\/\\\/www.eldiario.net\\\/portal\\\/2024\\\/03\\\/10\\\/papa-pide-a-zelenski-que-tenga-la-valentia-de-alzar-la-bandera-blanca\\\/\"]}]},{\"@type\":\"ImageObject\",\"inLanguage\":\"es\",\"@id\":\"https:\\\/\\\/www.eldiario.net\\\/portal\\\/2024\\\/03\\\/10\\\/papa-pide-a-zelenski-que-tenga-la-valentia-de-alzar-la-bandera-blanca\\\/#primaryimage\",\"url\":\"https:\\\/\\\/www.eldiario.net\\\/portal\\\/wp-content\\\/uploads\\\/2024\\\/03\\\/VOLODOMIR.jpg\",\"contentUrl\":\"https:\\\/\\\/www.eldiario.net\\\/portal\\\/wp-content\\\/uploads\\\/2024\\\/03\\\/VOLODOMIR.jpg\",\"width\":1772,\"height\":972,\"caption\":\"EL PAPA Y EL PRESIDENTE DE UCRANIA, VOLODIMIR ZELENSKI, EN UN ENCUENTRO. El Correo\"},{\"@type\":\"BreadcrumbList\",\"@id\":\"https:\\\/\\\/www.eldiario.net\\\/portal\\\/2024\\\/03\\\/10\\\/papa-pide-a-zelenski-que-tenga-la-valentia-de-alzar-la-bandera-blanca\\\/#breadcrumb\",\"itemListElement\":[{\"@type\":\"ListItem\",\"position\":1,\"name\":\"Portada\",\"item\":\"https:\\\/\\\/www.eldiario.net\\\/portal\\\/\"},{\"@type\":\"ListItem\",\"position\":2,\"name\":\"Papa pide a Zelenski que tenga la valent\u00eda de alzar la bandera blanca\"}]},{\"@type\":\"WebSite\",\"@id\":\"https:\\\/\\\/www.eldiario.net\\\/portal\\\/#website\",\"url\":\"https:\\\/\\\/www.eldiario.net\\\/portal\\\/\",\"name\":\"El Diario - Decano de la prensa nacional\",\"description\":\"El Diario - Decano de la prensa nacional\",\"publisher\":{\"@id\":\"https:\\\/\\\/www.eldiario.net\\\/portal\\\/#organization\"},\"potentialAction\":[{\"@type\":\"SearchAction\",\"target\":{\"@type\":\"EntryPoint\",\"urlTemplate\":\"https:\\\/\\\/www.eldiario.net\\\/portal\\\/?s={search_term_string}\"},\"query-input\":{\"@type\":\"PropertyValueSpecification\",\"valueRequired\":true,\"valueName\":\"search_term_string\"}}],\"inLanguage\":\"es\"},{\"@type\":\"Organization\",\"@id\":\"https:\\\/\\\/www.eldiario.net\\\/portal\\\/#organization\",\"name\":\"El Diario - Decano de la prensa nacional\",\"url\":\"https:\\\/\\\/www.eldiario.net\\\/portal\\\/\",\"logo\":{\"@type\":\"ImageObject\",\"inLanguage\":\"es\",\"@id\":\"https:\\\/\\\/www.eldiario.net\\\/portal\\\/#\\\/schema\\\/logo\\\/image\\\/\",\"url\":\"https:\\\/\\\/www.eldiario.net\\\/portal\\\/wp-content\\\/uploads\\\/2023\\\/07\\\/logo_ED.jpg\",\"contentUrl\":\"https:\\\/\\\/www.eldiario.net\\\/portal\\\/wp-content\\\/uploads\\\/2023\\\/07\\\/logo_ED.jpg\",\"width\":272,\"height\":52,\"caption\":\"El Diario - Decano de la prensa nacional\"},\"image\":{\"@id\":\"https:\\\/\\\/www.eldiario.net\\\/portal\\\/#\\\/schema\\\/logo\\\/image\\\/\"},\"sameAs\":[\"https:\\\/\\\/www.facebook.com\\\/eldiario.bolivia\\\/\",\"https:\\\/\\\/x.com\\\/eldiario_net\"]},{\"@type\":\"Person\",\"@id\":\"https:\\\/\\\/www.eldiario.net\\\/portal\\\/#\\\/schema\\\/person\\\/2c57cf2b7a7ae032e449e4c9b1019eac\",\"name\":\"Jeanette\",\"image\":{\"@type\":\"ImageObject\",\"inLanguage\":\"es\",\"@id\":\"https:\\\/\\\/secure.gravatar.com\\\/avatar\\\/3ea2118a5f7dad2b7138b1187a6b7ee55f160b9968b66013c3a3ef39dd7e5798?s=96&d=mm&r=g\",\"url\":\"https:\\\/\\\/secure.gravatar.com\\\/avatar\\\/3ea2118a5f7dad2b7138b1187a6b7ee55f160b9968b66013c3a3ef39dd7e5798?s=96&d=mm&r=g\",\"contentUrl\":\"https:\\\/\\\/secure.gravatar.com\\\/avatar\\\/3ea2118a5f7dad2b7138b1187a6b7ee55f160b9968b66013c3a3ef39dd7e5798?s=96&d=mm&r=g\",\"caption\":\"Jeanette\"},\"sameAs\":[\"https:\\\/\\\/www.eldiario.net\\\/portal\"],\"url\":\"https:\\\/\\\/www.eldiario.net\\\/portal\\\/author\\\/jeanette\\\/\"}]}<\/script>\n<!-- \/ Yoast SEO plugin. -->","yoast_head_json":{"title":"Papa pide a Zelenski que tenga la valent\u00eda de alzar la bandera blanca - El Diario - Bolivia","robots":{"index":"index","follow":"follow","max-snippet":"max-snippet:-1","max-image-preview":"max-image-preview:large","max-video-preview":"max-video-preview:-1"},"canonical":"https:\/\/www.eldiario.net\/portal\/2024\/03\/10\/papa-pide-a-zelenski-que-tenga-la-valentia-de-alzar-la-bandera-blanca\/","og_locale":"es_ES","og_type":"article","og_title":"Papa pide a Zelenski que tenga la valent\u00eda de alzar la bandera blanca - El Diario - Bolivia","og_description":"El Papa inst\u00f3 al presidente de Ucrania, Volodimir Zelenski, a tener la \u201cvalent\u00eda\u201d para alzar la \u201cbandera blanca\u201d y negociar el fin de la guerra con Rusia. \u201cEs m\u00e1s fuerte que vea la situaci\u00f3n, que piense en el pueblo, que tenga el valor de la bandera blanca, para negociar. Hoy se puede negociar con la [&hellip;]","og_url":"https:\/\/www.eldiario.net\/portal\/2024\/03\/10\/papa-pide-a-zelenski-que-tenga-la-valentia-de-alzar-la-bandera-blanca\/","og_site_name":"El Diario - Bolivia","article_publisher":"https:\/\/www.facebook.com\/eldiario.bolivia\/","article_published_time":"2024-03-10T09:01:09+00:00","og_image":[{"width":1772,"height":972,"url":"https:\/\/www.eldiario.net\/portal\/wp-content\/uploads\/2024\/03\/VOLODOMIR.jpg","type":"image\/jpeg"}],"author":"Jeanette","twitter_card":"summary_large_image","twitter_creator":"@eldiario_net","twitter_site":"@eldiario_net","twitter_misc":{"Escrito por":"Jeanette","Tiempo de lectura":"3 minutos"},"schema":{"@context":"https:\/\/schema.org","@graph":[{"@type":"Article","@id":"https:\/\/www.eldiario.net\/portal\/2024\/03\/10\/papa-pide-a-zelenski-que-tenga-la-valentia-de-alzar-la-bandera-blanca\/#article","isPartOf":{"@id":"https:\/\/www.eldiario.net\/portal\/2024\/03\/10\/papa-pide-a-zelenski-que-tenga-la-valentia-de-alzar-la-bandera-blanca\/"},"author":{"name":"Jeanette","@id":"https:\/\/www.eldiario.net\/portal\/#\/schema\/person\/2c57cf2b7a7ae032e449e4c9b1019eac"},"headline":"Papa pide a Zelenski que tenga la valent\u00eda de alzar la bandera blanca","datePublished":"2024-03-10T09:01:09+00:00","mainEntityOfPage":{"@id":"https:\/\/www.eldiario.net\/portal\/2024\/03\/10\/papa-pide-a-zelenski-que-tenga-la-valentia-de-alzar-la-bandera-blanca\/"},"wordCount":593,"commentCount":0,"publisher":{"@id":"https:\/\/www.eldiario.net\/portal\/#organization"},"image":{"@id":"https:\/\/www.eldiario.net\/portal\/2024\/03\/10\/papa-pide-a-zelenski-que-tenga-la-valentia-de-alzar-la-bandera-blanca\/#primaryimage"},"thumbnailUrl":"https:\/\/www.eldiario.net\/portal\/wp-content\/uploads\/2024\/03\/VOLODOMIR.jpg","articleSection":["Internacional"],"inLanguage":"es","potentialAction":[{"@type":"CommentAction","name":"Comment","target":["https:\/\/www.eldiario.net\/portal\/2024\/03\/10\/papa-pide-a-zelenski-que-tenga-la-valentia-de-alzar-la-bandera-blanca\/#respond"]}]},{"@type":"WebPage","@id":"https:\/\/www.eldiario.net\/portal\/2024\/03\/10\/papa-pide-a-zelenski-que-tenga-la-valentia-de-alzar-la-bandera-blanca\/","url":"https:\/\/www.eldiario.net\/portal\/2024\/03\/10\/papa-pide-a-zelenski-que-tenga-la-valentia-de-alzar-la-bandera-blanca\/","name":"Papa pide a Zelenski que tenga la valent\u00eda de alzar la bandera blanca - El Diario - Bolivia","isPartOf":{"@id":"https:\/\/www.eldiario.net\/portal\/#website"},"primaryImageOfPage":{"@id":"https:\/\/www.eldiario.net\/portal\/2024\/03\/10\/papa-pide-a-zelenski-que-tenga-la-valentia-de-alzar-la-bandera-blanca\/#primaryimage"},"image":{"@id":"https:\/\/www.eldiario.net\/portal\/2024\/03\/10\/papa-pide-a-zelenski-que-tenga-la-valentia-de-alzar-la-bandera-blanca\/#primaryimage"},"thumbnailUrl":"https:\/\/www.eldiario.net\/portal\/wp-content\/uploads\/2024\/03\/VOLODOMIR.jpg","datePublished":"2024-03-10T09:01:09+00:00","breadcrumb":{"@id":"https:\/\/www.eldiario.net\/portal\/2024\/03\/10\/papa-pide-a-zelenski-que-tenga-la-valentia-de-alzar-la-bandera-blanca\/#breadcrumb"},"inLanguage":"es","potentialAction":[{"@type":"ReadAction","target":["https:\/\/www.eldiario.net\/portal\/2024\/03\/10\/papa-pide-a-zelenski-que-tenga-la-valentia-de-alzar-la-bandera-blanca\/"]}]},{"@type":"ImageObject","inLanguage":"es","@id":"https:\/\/www.eldiario.net\/portal\/2024\/03\/10\/papa-pide-a-zelenski-que-tenga-la-valentia-de-alzar-la-bandera-blanca\/#primaryimage","url":"https:\/\/www.eldiario.net\/portal\/wp-content\/uploads\/2024\/03\/VOLODOMIR.jpg","contentUrl":"https:\/\/www.eldiario.net\/portal\/wp-content\/uploads\/2024\/03\/VOLODOMIR.jpg","width":1772,"height":972,"caption":"EL PAPA Y EL PRESIDENTE DE UCRANIA, VOLODIMIR ZELENSKI, EN UN ENCUENTRO. El Correo"},{"@type":"BreadcrumbList","@id":"https:\/\/www.eldiario.net\/portal\/2024\/03\/10\/papa-pide-a-zelenski-que-tenga-la-valentia-de-alzar-la-bandera-blanca\/#breadcrumb","itemListElement":[{"@type":"ListItem","position":1,"name":"Portada","item":"https:\/\/www.eldiario.net\/portal\/"},{"@type":"ListItem","position":2,"name":"Papa pide a Zelenski que tenga la valent\u00eda de alzar la bandera blanca"}]},{"@type":"WebSite","@id":"https:\/\/www.eldiario.net\/portal\/#website","url":"https:\/\/www.eldiario.net\/portal\/","name":"El Diario - Decano de la prensa nacional","description":"El Diario - Decano de la prensa nacional","publisher":{"@id":"https:\/\/www.eldiario.net\/portal\/#organization"},"potentialAction":[{"@type":"SearchAction","target":{"@type":"EntryPoint","urlTemplate":"https:\/\/www.eldiario.net\/portal\/?s={search_term_string}"},"query-input":{"@type":"PropertyValueSpecification","valueRequired":true,"valueName":"search_term_string"}}],"inLanguage":"es"},{"@type":"Organization","@id":"https:\/\/www.eldiario.net\/portal\/#organization","name":"El Diario - Decano de la prensa nacional","url":"https:\/\/www.eldiario.net\/portal\/","logo":{"@type":"ImageObject","inLanguage":"es","@id":"https:\/\/www.eldiario.net\/portal\/#\/schema\/logo\/image\/","url":"https:\/\/www.eldiario.net\/portal\/wp-content\/uploads\/2023\/07\/logo_ED.jpg","contentUrl":"https:\/\/www.eldiario.net\/portal\/wp-content\/uploads\/2023\/07\/logo_ED.jpg","width":272,"height":52,"caption":"El Diario - Decano de la prensa nacional"},"image":{"@id":"https:\/\/www.eldiario.net\/portal\/#\/schema\/logo\/image\/"},"sameAs":["https:\/\/www.facebook.com\/eldiario.bolivia\/","https:\/\/x.com\/eldiario_net"]},{"@type":"Person","@id":"https:\/\/www.eldiario.net\/portal\/#\/schema\/person\/2c57cf2b7a7ae032e449e4c9b1019eac","name":"Jeanette","image":{"@type":"ImageObject","inLanguage":"es","@id":"https:\/\/secure.gravatar.com\/avatar\/3ea2118a5f7dad2b7138b1187a6b7ee55f160b9968b66013c3a3ef39dd7e5798?s=96&d=mm&r=g","url":"https:\/\/secure.gravatar.com\/avatar\/3ea2118a5f7dad2b7138b1187a6b7ee55f160b9968b66013c3a3ef39dd7e5798?s=96&d=mm&r=g","contentUrl":"https:\/\/secure.gravatar.com\/avatar\/3ea2118a5f7dad2b7138b1187a6b7ee55f160b9968b66013c3a3ef39dd7e5798?s=96&d=mm&r=g","caption":"Jeanette"},"sameAs":["https:\/\/www.eldiario.net\/portal"],"url":"https:\/\/www.eldiario.net\/portal\/author\/jeanette\/"}]}},"_links":{"self":[{"href":"https:\/\/www.eldiario.net\/portal\/wp-json\/wp\/v2\/posts\/207463","targetHints":{"allow":["GET"]}}],"collection":[{"href":"https:\/\/www.eldiario.net\/portal\/wp-json\/wp\/v2\/posts"}],"about":[{"href":"https:\/\/www.eldiario.net\/portal\/wp-json\/wp\/v2\/types\/post"}],"author":[{"embeddable":true,"href":"https:\/\/www.eldiario.net\/portal\/wp-json\/wp\/v2\/users\/1"}],"replies":[{"embeddable":true,"href":"https:\/\/www.eldiario.net\/portal\/wp-json\/wp\/v2\/comments?post=207463"}],"version-history":[{"count":1,"href":"https:\/\/www.eldiario.net\/portal\/wp-json\/wp\/v2\/posts\/207463\/revisions"}],"predecessor-version":[{"id":207466,"href":"https:\/\/www.eldiario.net\/portal\/wp-json\/wp\/v2\/posts\/207463\/revisions\/207466"}],"wp:featuredmedia":[{"embeddable":true,"href":"https:\/\/www.eldiario.net\/portal\/wp-json\/wp\/v2\/media\/207465"}],"wp:attachment":[{"href":"https:\/\/www.eldiario.net\/portal\/wp-json\/wp\/v2\/media?parent=207463"}],"wp:term":[{"taxonomy":"category","embeddable":true,"href":"https:\/\/www.eldiario.net\/portal\/wp-json\/wp\/v2\/categories?post=207463"},{"taxonomy":"post_tag","embeddable":true,"href":"https:\/\/www.eldiario.net\/portal\/wp-json\/wp\/v2\/tags?post=207463"}],"curies":[{"name":"wp","href":"https:\/\/api.w.org\/{rel}","templated":true}]}}