{"id":207460,"date":"2024-03-10T04:59:43","date_gmt":"2024-03-10T08:59:43","guid":{"rendered":"https:\/\/www.eldiario.net\/portal\/?p=207460"},"modified":"2024-03-10T04:59:43","modified_gmt":"2024-03-10T08:59:43","slug":"unicef-advierte-de-una-posible-hambruna-inminente-en-sudan","status":"publish","type":"post","link":"https:\/\/www.eldiario.net\/portal\/2024\/03\/10\/unicef-advierte-de-una-posible-hambruna-inminente-en-sudan\/","title":{"rendered":"Unicef advierte de una posible  hambruna inminente en Sud\u00e1n"},"content":{"rendered":"<p>La directora ejecutiva del Fondo de Naciones Unidas para la Infancia (Unicef) Catherine Russell, advirti\u00f3 ayer que la guerra en Sud\u00e1n est\u00e1 a punto de desencadenar una hambruna en el pa\u00eds africano poco antes de la temporada de sequ\u00eda, en medio del conflicto m\u00e1s devastador de la actualidad en el continente.<br \/>\nLos enfrentamientos que comenzaron el pasado 15 de abril entre el Ej\u00e9rcito y las paramilitares Fuerzas de Apoyo R\u00e1pido, sumados a la reactivaci\u00f3n de las tradicionales luchas intercomunitarias provocaron, entre otras crisis, la mayor ola de desplazamiento infantil del mundo, con cientos de miles de ni\u00f1os desnutridos especialmente expuestos a brotes de c\u00f3lera, sarampi\u00f3n y malaria.<br \/>\nUnicef recuerda que, en enero de este a\u00f1o, una evaluaci\u00f3n realizada por M\u00e9dicos Sin Fronteras en el campamento de Zamzam, en Darfur del Norte, revel\u00f3 que la desnutrici\u00f3n y la mortalidad superaban los niveles de emergencia. Otras evaluaciones de esta entidad y en febrero de 2024 en los estados de Darfur Central y Gezira reflejan, tambi\u00e9n niveles alarmantes de desnutrici\u00f3n aguda. El Ministerio de Salud del Estado de Darfur Occidental verific\u00f3 adem\u00e1s el mes pasado la muerte de 14 ni\u00f1os, debido a la desnutrici\u00f3n.<br \/>\nEn 2023, Unicef registr\u00f3 un r\u00e9cord de admisiones de ni\u00f1os que necesitaban tratamientos vitales contra la desnutrici\u00f3n severa grave, la forma m\u00e1s mort\u00edfera de desnutrici\u00f3n, en las \u00e1reas donde la organizaci\u00f3n y sus aliados pod\u00edan acceder. Sin embargo, en los lugares donde no ten\u00edamos tanta capacidad de acceso solo recibieron tratamiento el 37% de los 120.000 ni\u00f1os y ni\u00f1as con desnutrici\u00f3n severa grave; la mayor\u00eda, antes de que el conflicto estallara en abril.<br \/>\nUnicef recuerda que, este a\u00f1o, casi tres cuartas partes de la abrumadora cifra de 3,7 millones de ni\u00f1os que necesitan apoyo nutricional urgente viven en 135 localidades clasificadas como de dif\u00edcil acceso. M\u00e1s de la mitad de los ni\u00f1os que padecen desnutrici\u00f3n aguda grave se encuentran en Darfur, Jartum y Kordof\u00e1n, que incluyen amplias zonas donde la ayuda debe prestarse a trav\u00e9s de las l\u00edneas de conflicto o las fronteras. (Europa Press)<\/p>\n","protected":false},"excerpt":{"rendered":"<p>La directora ejecutiva del Fondo de Naciones Unidas para la Infancia (Unicef) Catherine Russell, advirti\u00f3 ayer que la guerra en Sud\u00e1n est\u00e1 a punto de desencadenar una hambruna en el pa\u00eds africano poco antes de la temporada de sequ\u00eda, en medio del conflicto m\u00e1s devastador de la actualidad en el continente. Los enfrentamientos que comenzaron [&hellip;]<\/p>\n","protected":false},"author":1,"featured_media":207461,"comment_status":"open","ping_status":"open","sticky":false,"template":"","format":"standard","meta":{"_acf_changed":false,"footnotes":""},"categories":[3],"tags":[],"class_list":["post-207460","post","type-post","status-publish","format-standard","has-post-thumbnail","category-internacional"],"acf":{"antetitulo":"Antes de la temporada de sequ\u00eda"},"yoast_head":"<!-- This site is optimized with the Yoast SEO plugin v28.4 - https:\/\/yoast.com\/product\/yoast-seo-wordpress\/ -->\n<title>Unicef advierte de una posible hambruna inminente en Sud\u00e1n - El Diario - Bolivia<\/title>\n<meta name=\"robots\" content=\"index, follow, max-snippet:-1, max-image-preview:large, max-video-preview:-1\" \/>\n<link rel=\"canonical\" href=\"https:\/\/www.eldiario.net\/portal\/2024\/03\/10\/unicef-advierte-de-una-posible-hambruna-inminente-en-sudan\/\" \/>\n<meta property=\"og:locale\" content=\"es_ES\" \/>\n<meta property=\"og:type\" content=\"article\" \/>\n<meta property=\"og:title\" content=\"Unicef advierte de una posible hambruna inminente en Sud\u00e1n - El Diario - Bolivia\" \/>\n<meta property=\"og:description\" content=\"La directora ejecutiva del Fondo de Naciones Unidas para la Infancia (Unicef) Catherine Russell, advirti\u00f3 ayer que la guerra en Sud\u00e1n est\u00e1 a punto de desencadenar una hambruna en el pa\u00eds africano poco antes de la temporada de sequ\u00eda, en medio del conflicto m\u00e1s devastador de la actualidad en el continente. Los enfrentamientos que comenzaron [&hellip;]\" \/>\n<meta property=\"og:url\" content=\"https:\/\/www.eldiario.net\/portal\/2024\/03\/10\/unicef-advierte-de-una-posible-hambruna-inminente-en-sudan\/\" \/>\n<meta property=\"og:site_name\" content=\"El Diario - Bolivia\" \/>\n<meta property=\"article:publisher\" content=\"https:\/\/www.facebook.com\/eldiario.bolivia\/\" \/>\n<meta property=\"article:published_time\" content=\"2024-03-10T08:59:43+00:00\" \/>\n<meta property=\"og:image\" content=\"https:\/\/www.eldiario.net\/portal\/wp-content\/uploads\/2024\/03\/FILAS.jpg\" \/>\n\t<meta property=\"og:image:width\" content=\"1960\" \/>\n\t<meta property=\"og:image:height\" content=\"1103\" \/>\n\t<meta property=\"og:image:type\" content=\"image\/jpeg\" \/>\n<meta name=\"author\" content=\"Jeanette\" \/>\n<meta name=\"twitter:card\" content=\"summary_large_image\" \/>\n<meta name=\"twitter:creator\" content=\"@eldiario_net\" \/>\n<meta name=\"twitter:site\" content=\"@eldiario_net\" \/>\n<meta name=\"twitter:label1\" content=\"Escrito por\" \/>\n\t<meta name=\"twitter:data1\" content=\"Jeanette\" \/>\n\t<meta name=\"twitter:label2\" content=\"Tiempo de lectura\" \/>\n\t<meta name=\"twitter:data2\" content=\"2 minutos\" \/>\n<script type=\"application\/ld+json\" class=\"yoast-schema-graph\">{\"@context\":\"https:\\\/\\\/schema.org\",\"@graph\":[{\"@type\":\"Article\",\"@id\":\"https:\\\/\\\/www.eldiario.net\\\/portal\\\/2024\\\/03\\\/10\\\/unicef-advierte-de-una-posible-hambruna-inminente-en-sudan\\\/#article\",\"isPartOf\":{\"@id\":\"https:\\\/\\\/www.eldiario.net\\\/portal\\\/2024\\\/03\\\/10\\\/unicef-advierte-de-una-posible-hambruna-inminente-en-sudan\\\/\"},\"author\":{\"name\":\"Jeanette\",\"@id\":\"https:\\\/\\\/www.eldiario.net\\\/portal\\\/#\\\/schema\\\/person\\\/2c57cf2b7a7ae032e449e4c9b1019eac\"},\"headline\":\"Unicef advierte de una posible hambruna inminente en Sud\u00e1n\",\"datePublished\":\"2024-03-10T08:59:43+00:00\",\"mainEntityOfPage\":{\"@id\":\"https:\\\/\\\/www.eldiario.net\\\/portal\\\/2024\\\/03\\\/10\\\/unicef-advierte-de-una-posible-hambruna-inminente-en-sudan\\\/\"},\"wordCount\":379,\"commentCount\":0,\"publisher\":{\"@id\":\"https:\\\/\\\/www.eldiario.net\\\/portal\\\/#organization\"},\"image\":{\"@id\":\"https:\\\/\\\/www.eldiario.net\\\/portal\\\/2024\\\/03\\\/10\\\/unicef-advierte-de-una-posible-hambruna-inminente-en-sudan\\\/#primaryimage\"},\"thumbnailUrl\":\"https:\\\/\\\/www.eldiario.net\\\/portal\\\/wp-content\\\/uploads\\\/2024\\\/03\\\/FILAS.jpg\",\"articleSection\":[\"Internacional\"],\"inLanguage\":\"es\",\"potentialAction\":[{\"@type\":\"CommentAction\",\"name\":\"Comment\",\"target\":[\"https:\\\/\\\/www.eldiario.net\\\/portal\\\/2024\\\/03\\\/10\\\/unicef-advierte-de-una-posible-hambruna-inminente-en-sudan\\\/#respond\"]}]},{\"@type\":\"WebPage\",\"@id\":\"https:\\\/\\\/www.eldiario.net\\\/portal\\\/2024\\\/03\\\/10\\\/unicef-advierte-de-una-posible-hambruna-inminente-en-sudan\\\/\",\"url\":\"https:\\\/\\\/www.eldiario.net\\\/portal\\\/2024\\\/03\\\/10\\\/unicef-advierte-de-una-posible-hambruna-inminente-en-sudan\\\/\",\"name\":\"Unicef advierte de una posible hambruna inminente en Sud\u00e1n - El Diario - Bolivia\",\"isPartOf\":{\"@id\":\"https:\\\/\\\/www.eldiario.net\\\/portal\\\/#website\"},\"primaryImageOfPage\":{\"@id\":\"https:\\\/\\\/www.eldiario.net\\\/portal\\\/2024\\\/03\\\/10\\\/unicef-advierte-de-una-posible-hambruna-inminente-en-sudan\\\/#primaryimage\"},\"image\":{\"@id\":\"https:\\\/\\\/www.eldiario.net\\\/portal\\\/2024\\\/03\\\/10\\\/unicef-advierte-de-una-posible-hambruna-inminente-en-sudan\\\/#primaryimage\"},\"thumbnailUrl\":\"https:\\\/\\\/www.eldiario.net\\\/portal\\\/wp-content\\\/uploads\\\/2024\\\/03\\\/FILAS.jpg\",\"datePublished\":\"2024-03-10T08:59:43+00:00\",\"breadcrumb\":{\"@id\":\"https:\\\/\\\/www.eldiario.net\\\/portal\\\/2024\\\/03\\\/10\\\/unicef-advierte-de-una-posible-hambruna-inminente-en-sudan\\\/#breadcrumb\"},\"inLanguage\":\"es\",\"potentialAction\":[{\"@type\":\"ReadAction\",\"target\":[\"https:\\\/\\\/www.eldiario.net\\\/portal\\\/2024\\\/03\\\/10\\\/unicef-advierte-de-una-posible-hambruna-inminente-en-sudan\\\/\"]}]},{\"@type\":\"ImageObject\",\"inLanguage\":\"es\",\"@id\":\"https:\\\/\\\/www.eldiario.net\\\/portal\\\/2024\\\/03\\\/10\\\/unicef-advierte-de-una-posible-hambruna-inminente-en-sudan\\\/#primaryimage\",\"url\":\"https:\\\/\\\/www.eldiario.net\\\/portal\\\/wp-content\\\/uploads\\\/2024\\\/03\\\/FILAS.jpg\",\"contentUrl\":\"https:\\\/\\\/www.eldiario.net\\\/portal\\\/wp-content\\\/uploads\\\/2024\\\/03\\\/FILAS.jpg\",\"width\":1960,\"height\":1103,\"caption\":\"ENFRENTAMIENTOS DESDE HACE M\u00c1S DE 10 MESES, PROVOCARON LA CRISIS. EL PA\u00cdS\"},{\"@type\":\"BreadcrumbList\",\"@id\":\"https:\\\/\\\/www.eldiario.net\\\/portal\\\/2024\\\/03\\\/10\\\/unicef-advierte-de-una-posible-hambruna-inminente-en-sudan\\\/#breadcrumb\",\"itemListElement\":[{\"@type\":\"ListItem\",\"position\":1,\"name\":\"Portada\",\"item\":\"https:\\\/\\\/www.eldiario.net\\\/portal\\\/\"},{\"@type\":\"ListItem\",\"position\":2,\"name\":\"Unicef advierte de una posible hambruna inminente en Sud\u00e1n\"}]},{\"@type\":\"WebSite\",\"@id\":\"https:\\\/\\\/www.eldiario.net\\\/portal\\\/#website\",\"url\":\"https:\\\/\\\/www.eldiario.net\\\/portal\\\/\",\"name\":\"El Diario - Decano de la prensa nacional\",\"description\":\"El Diario - Decano de la prensa nacional\",\"publisher\":{\"@id\":\"https:\\\/\\\/www.eldiario.net\\\/portal\\\/#organization\"},\"potentialAction\":[{\"@type\":\"SearchAction\",\"target\":{\"@type\":\"EntryPoint\",\"urlTemplate\":\"https:\\\/\\\/www.eldiario.net\\\/portal\\\/?s={search_term_string}\"},\"query-input\":{\"@type\":\"PropertyValueSpecification\",\"valueRequired\":true,\"valueName\":\"search_term_string\"}}],\"inLanguage\":\"es\"},{\"@type\":\"Organization\",\"@id\":\"https:\\\/\\\/www.eldiario.net\\\/portal\\\/#organization\",\"name\":\"El Diario - Decano de la prensa nacional\",\"url\":\"https:\\\/\\\/www.eldiario.net\\\/portal\\\/\",\"logo\":{\"@type\":\"ImageObject\",\"inLanguage\":\"es\",\"@id\":\"https:\\\/\\\/www.eldiario.net\\\/portal\\\/#\\\/schema\\\/logo\\\/image\\\/\",\"url\":\"https:\\\/\\\/www.eldiario.net\\\/portal\\\/wp-content\\\/uploads\\\/2023\\\/07\\\/logo_ED.jpg\",\"contentUrl\":\"https:\\\/\\\/www.eldiario.net\\\/portal\\\/wp-content\\\/uploads\\\/2023\\\/07\\\/logo_ED.jpg\",\"width\":272,\"height\":52,\"caption\":\"El Diario - Decano de la prensa nacional\"},\"image\":{\"@id\":\"https:\\\/\\\/www.eldiario.net\\\/portal\\\/#\\\/schema\\\/logo\\\/image\\\/\"},\"sameAs\":[\"https:\\\/\\\/www.facebook.com\\\/eldiario.bolivia\\\/\",\"https:\\\/\\\/x.com\\\/eldiario_net\"]},{\"@type\":\"Person\",\"@id\":\"https:\\\/\\\/www.eldiario.net\\\/portal\\\/#\\\/schema\\\/person\\\/2c57cf2b7a7ae032e449e4c9b1019eac\",\"name\":\"Jeanette\",\"image\":{\"@type\":\"ImageObject\",\"inLanguage\":\"es\",\"@id\":\"https:\\\/\\\/secure.gravatar.com\\\/avatar\\\/3ea2118a5f7dad2b7138b1187a6b7ee55f160b9968b66013c3a3ef39dd7e5798?s=96&d=mm&r=g\",\"url\":\"https:\\\/\\\/secure.gravatar.com\\\/avatar\\\/3ea2118a5f7dad2b7138b1187a6b7ee55f160b9968b66013c3a3ef39dd7e5798?s=96&d=mm&r=g\",\"contentUrl\":\"https:\\\/\\\/secure.gravatar.com\\\/avatar\\\/3ea2118a5f7dad2b7138b1187a6b7ee55f160b9968b66013c3a3ef39dd7e5798?s=96&d=mm&r=g\",\"caption\":\"Jeanette\"},\"sameAs\":[\"https:\\\/\\\/www.eldiario.net\\\/portal\"],\"url\":\"https:\\\/\\\/www.eldiario.net\\\/portal\\\/author\\\/jeanette\\\/\"}]}<\/script>\n<!-- \/ Yoast SEO plugin. -->","yoast_head_json":{"title":"Unicef advierte de una posible hambruna inminente en Sud\u00e1n - El Diario - Bolivia","robots":{"index":"index","follow":"follow","max-snippet":"max-snippet:-1","max-image-preview":"max-image-preview:large","max-video-preview":"max-video-preview:-1"},"canonical":"https:\/\/www.eldiario.net\/portal\/2024\/03\/10\/unicef-advierte-de-una-posible-hambruna-inminente-en-sudan\/","og_locale":"es_ES","og_type":"article","og_title":"Unicef advierte de una posible hambruna inminente en Sud\u00e1n - El Diario - Bolivia","og_description":"La directora ejecutiva del Fondo de Naciones Unidas para la Infancia (Unicef) Catherine Russell, advirti\u00f3 ayer que la guerra en Sud\u00e1n est\u00e1 a punto de desencadenar una hambruna en el pa\u00eds africano poco antes de la temporada de sequ\u00eda, en medio del conflicto m\u00e1s devastador de la actualidad en el continente. Los enfrentamientos que comenzaron [&hellip;]","og_url":"https:\/\/www.eldiario.net\/portal\/2024\/03\/10\/unicef-advierte-de-una-posible-hambruna-inminente-en-sudan\/","og_site_name":"El Diario - Bolivia","article_publisher":"https:\/\/www.facebook.com\/eldiario.bolivia\/","article_published_time":"2024-03-10T08:59:43+00:00","og_image":[{"width":1960,"height":1103,"url":"https:\/\/www.eldiario.net\/portal\/wp-content\/uploads\/2024\/03\/FILAS.jpg","type":"image\/jpeg"}],"author":"Jeanette","twitter_card":"summary_large_image","twitter_creator":"@eldiario_net","twitter_site":"@eldiario_net","twitter_misc":{"Escrito por":"Jeanette","Tiempo de lectura":"2 minutos"},"schema":{"@context":"https:\/\/schema.org","@graph":[{"@type":"Article","@id":"https:\/\/www.eldiario.net\/portal\/2024\/03\/10\/unicef-advierte-de-una-posible-hambruna-inminente-en-sudan\/#article","isPartOf":{"@id":"https:\/\/www.eldiario.net\/portal\/2024\/03\/10\/unicef-advierte-de-una-posible-hambruna-inminente-en-sudan\/"},"author":{"name":"Jeanette","@id":"https:\/\/www.eldiario.net\/portal\/#\/schema\/person\/2c57cf2b7a7ae032e449e4c9b1019eac"},"headline":"Unicef advierte de una posible hambruna inminente en Sud\u00e1n","datePublished":"2024-03-10T08:59:43+00:00","mainEntityOfPage":{"@id":"https:\/\/www.eldiario.net\/portal\/2024\/03\/10\/unicef-advierte-de-una-posible-hambruna-inminente-en-sudan\/"},"wordCount":379,"commentCount":0,"publisher":{"@id":"https:\/\/www.eldiario.net\/portal\/#organization"},"image":{"@id":"https:\/\/www.eldiario.net\/portal\/2024\/03\/10\/unicef-advierte-de-una-posible-hambruna-inminente-en-sudan\/#primaryimage"},"thumbnailUrl":"https:\/\/www.eldiario.net\/portal\/wp-content\/uploads\/2024\/03\/FILAS.jpg","articleSection":["Internacional"],"inLanguage":"es","potentialAction":[{"@type":"CommentAction","name":"Comment","target":["https:\/\/www.eldiario.net\/portal\/2024\/03\/10\/unicef-advierte-de-una-posible-hambruna-inminente-en-sudan\/#respond"]}]},{"@type":"WebPage","@id":"https:\/\/www.eldiario.net\/portal\/2024\/03\/10\/unicef-advierte-de-una-posible-hambruna-inminente-en-sudan\/","url":"https:\/\/www.eldiario.net\/portal\/2024\/03\/10\/unicef-advierte-de-una-posible-hambruna-inminente-en-sudan\/","name":"Unicef advierte de una posible hambruna inminente en Sud\u00e1n - El Diario - Bolivia","isPartOf":{"@id":"https:\/\/www.eldiario.net\/portal\/#website"},"primaryImageOfPage":{"@id":"https:\/\/www.eldiario.net\/portal\/2024\/03\/10\/unicef-advierte-de-una-posible-hambruna-inminente-en-sudan\/#primaryimage"},"image":{"@id":"https:\/\/www.eldiario.net\/portal\/2024\/03\/10\/unicef-advierte-de-una-posible-hambruna-inminente-en-sudan\/#primaryimage"},"thumbnailUrl":"https:\/\/www.eldiario.net\/portal\/wp-content\/uploads\/2024\/03\/FILAS.jpg","datePublished":"2024-03-10T08:59:43+00:00","breadcrumb":{"@id":"https:\/\/www.eldiario.net\/portal\/2024\/03\/10\/unicef-advierte-de-una-posible-hambruna-inminente-en-sudan\/#breadcrumb"},"inLanguage":"es","potentialAction":[{"@type":"ReadAction","target":["https:\/\/www.eldiario.net\/portal\/2024\/03\/10\/unicef-advierte-de-una-posible-hambruna-inminente-en-sudan\/"]}]},{"@type":"ImageObject","inLanguage":"es","@id":"https:\/\/www.eldiario.net\/portal\/2024\/03\/10\/unicef-advierte-de-una-posible-hambruna-inminente-en-sudan\/#primaryimage","url":"https:\/\/www.eldiario.net\/portal\/wp-content\/uploads\/2024\/03\/FILAS.jpg","contentUrl":"https:\/\/www.eldiario.net\/portal\/wp-content\/uploads\/2024\/03\/FILAS.jpg","width":1960,"height":1103,"caption":"ENFRENTAMIENTOS DESDE HACE M\u00c1S DE 10 MESES, PROVOCARON LA CRISIS. EL PA\u00cdS"},{"@type":"BreadcrumbList","@id":"https:\/\/www.eldiario.net\/portal\/2024\/03\/10\/unicef-advierte-de-una-posible-hambruna-inminente-en-sudan\/#breadcrumb","itemListElement":[{"@type":"ListItem","position":1,"name":"Portada","item":"https:\/\/www.eldiario.net\/portal\/"},{"@type":"ListItem","position":2,"name":"Unicef advierte de una posible hambruna inminente en Sud\u00e1n"}]},{"@type":"WebSite","@id":"https:\/\/www.eldiario.net\/portal\/#website","url":"https:\/\/www.eldiario.net\/portal\/","name":"El Diario - Decano de la prensa nacional","description":"El Diario - Decano de la prensa nacional","publisher":{"@id":"https:\/\/www.eldiario.net\/portal\/#organization"},"potentialAction":[{"@type":"SearchAction","target":{"@type":"EntryPoint","urlTemplate":"https:\/\/www.eldiario.net\/portal\/?s={search_term_string}"},"query-input":{"@type":"PropertyValueSpecification","valueRequired":true,"valueName":"search_term_string"}}],"inLanguage":"es"},{"@type":"Organization","@id":"https:\/\/www.eldiario.net\/portal\/#organization","name":"El Diario - Decano de la prensa nacional","url":"https:\/\/www.eldiario.net\/portal\/","logo":{"@type":"ImageObject","inLanguage":"es","@id":"https:\/\/www.eldiario.net\/portal\/#\/schema\/logo\/image\/","url":"https:\/\/www.eldiario.net\/portal\/wp-content\/uploads\/2023\/07\/logo_ED.jpg","contentUrl":"https:\/\/www.eldiario.net\/portal\/wp-content\/uploads\/2023\/07\/logo_ED.jpg","width":272,"height":52,"caption":"El Diario - Decano de la prensa nacional"},"image":{"@id":"https:\/\/www.eldiario.net\/portal\/#\/schema\/logo\/image\/"},"sameAs":["https:\/\/www.facebook.com\/eldiario.bolivia\/","https:\/\/x.com\/eldiario_net"]},{"@type":"Person","@id":"https:\/\/www.eldiario.net\/portal\/#\/schema\/person\/2c57cf2b7a7ae032e449e4c9b1019eac","name":"Jeanette","image":{"@type":"ImageObject","inLanguage":"es","@id":"https:\/\/secure.gravatar.com\/avatar\/3ea2118a5f7dad2b7138b1187a6b7ee55f160b9968b66013c3a3ef39dd7e5798?s=96&d=mm&r=g","url":"https:\/\/secure.gravatar.com\/avatar\/3ea2118a5f7dad2b7138b1187a6b7ee55f160b9968b66013c3a3ef39dd7e5798?s=96&d=mm&r=g","contentUrl":"https:\/\/secure.gravatar.com\/avatar\/3ea2118a5f7dad2b7138b1187a6b7ee55f160b9968b66013c3a3ef39dd7e5798?s=96&d=mm&r=g","caption":"Jeanette"},"sameAs":["https:\/\/www.eldiario.net\/portal"],"url":"https:\/\/www.eldiario.net\/portal\/author\/jeanette\/"}]}},"_links":{"self":[{"href":"https:\/\/www.eldiario.net\/portal\/wp-json\/wp\/v2\/posts\/207460","targetHints":{"allow":["GET"]}}],"collection":[{"href":"https:\/\/www.eldiario.net\/portal\/wp-json\/wp\/v2\/posts"}],"about":[{"href":"https:\/\/www.eldiario.net\/portal\/wp-json\/wp\/v2\/types\/post"}],"author":[{"embeddable":true,"href":"https:\/\/www.eldiario.net\/portal\/wp-json\/wp\/v2\/users\/1"}],"replies":[{"embeddable":true,"href":"https:\/\/www.eldiario.net\/portal\/wp-json\/wp\/v2\/comments?post=207460"}],"version-history":[{"count":1,"href":"https:\/\/www.eldiario.net\/portal\/wp-json\/wp\/v2\/posts\/207460\/revisions"}],"predecessor-version":[{"id":207462,"href":"https:\/\/www.eldiario.net\/portal\/wp-json\/wp\/v2\/posts\/207460\/revisions\/207462"}],"wp:featuredmedia":[{"embeddable":true,"href":"https:\/\/www.eldiario.net\/portal\/wp-json\/wp\/v2\/media\/207461"}],"wp:attachment":[{"href":"https:\/\/www.eldiario.net\/portal\/wp-json\/wp\/v2\/media?parent=207460"}],"wp:term":[{"taxonomy":"category","embeddable":true,"href":"https:\/\/www.eldiario.net\/portal\/wp-json\/wp\/v2\/categories?post=207460"},{"taxonomy":"post_tag","embeddable":true,"href":"https:\/\/www.eldiario.net\/portal\/wp-json\/wp\/v2\/tags?post=207460"}],"curies":[{"name":"wp","href":"https:\/\/api.w.org\/{rel}","templated":true}]}}