{"id":207385,"date":"2024-03-10T04:29:19","date_gmt":"2024-03-10T08:29:19","guid":{"rendered":"https:\/\/www.eldiario.net\/portal\/?p=207385"},"modified":"2024-03-10T04:29:19","modified_gmt":"2024-03-10T08:29:19","slug":"desarrollan-kits-portatiles-para-la-deteccion-de-ovnis","status":"publish","type":"post","link":"https:\/\/www.eldiario.net\/portal\/2024\/03\/10\/desarrollan-kits-portatiles-para-la-deteccion-de-ovnis\/","title":{"rendered":"Desarrollan kits port\u00e1tiles  para la detecci\u00f3n de Ovnis"},"content":{"rendered":"<p class=\"v1MsoNormal\">Con el prop\u00f3sito de recopilar de mejores datos sobre avistamientos, el Ej\u00e9rcito de Estados Unidos se embarca en un ambicioso proyecto para mejorar la detecci\u00f3n de OVNIs (Objetos Voladores No Identificados), con el objetivo de obtener datos m\u00e1s precisos sobre estos misteriosos avistamientos que intrigan a la poblaci\u00f3n.<\/p>\n<p class=\"v1MsoNormal\">Los nuevos kits de detecci\u00f3n port\u00e1tiles, que consisten en una serie de sensores que caben dentro de una funda protectora, se est\u00e1n probando actualmente en un campo de tiro en Texas, ha dicho Timothy Phillips, director interino de la Oficina de Resoluci\u00f3n de Anomal\u00edas en Todos los Dominios del Pent\u00e1gono (AARO), que fue creada en 2022 para catalogar e investigar informes de objetos desconocidos, seg\u00fan la CNN.<\/p>\n<p class=\"v1MsoNormal\">\u00abSi tenemos un sitio de seguridad nacional y se informa que hay objetos dentro del espacio a\u00e9reo restringido o dentro de un alcance mar\u00edtimo o dentro de la proximidad de una de nuestras naves espaciales, debemos entender qu\u00e9 es eso\u00bb, indic\u00f3 Phillips. \u00abEs por eso que estamos desarrollando capacidades de sensores que podemos implementar en respuesta a los informes\u00bb, agreg\u00f3.<\/p>\n<p class=\"v1MsoNormal\">El sensor y el sistema de detecci\u00f3n se llaman Gremlin, y su oficina est\u00e1 buscando implementarlo en un sitio con muchos informes de UAP, o fen\u00f3menos an\u00f3malos no identificados, que es el t\u00e9rmino que usa el Pent\u00e1gono para lo que com\u00fanmente se conoce como Ovni.<\/p>\n<p class=\"v1MsoNormal\">Sin embargo, ninguno de los informes revisados ni investigaciones gubernamentales anteriores han encontrado tecnolog\u00eda extraterrestre o vida extraterrestre. \u00abTodos los esfuerzos de investigaci\u00f3n, en todos los niveles de clasificaci\u00f3n, concluyeron que la mayor\u00eda de los avistamientos fueron objetos y fen\u00f3menos ordinarios y el resultado de una identificaci\u00f3n err\u00f3nea\u00bb, explic\u00f3.<\/p>\n<p class=\"v1MsoNormal\">La oficina de AARO ha examinado las investigaciones y los esfuerzos del Gobierno estadounidense relacionados con los ovnis, que se remontan a 1945, y estos informes no contienen ninguna evidencia de que Estados Unidos posea cuerpos o tecnolog\u00eda extraterrestres.<\/p>\n<p class=\"v1MsoNormal\">Fue inequ\u00edvoco en sus conclusiones y no encontr\u00f3 \u00abninguna evidencia de que ninguna investigaci\u00f3n (del gobierno de Estados Unidos), investigaci\u00f3n patrocinada por acad\u00e9micos o panel de revisi\u00f3n oficial haya confirmado que cualquier avistamiento representar\u00e1 tecnolog\u00eda extraterrestre\u00bb.<\/p>\n<p class=\"v1MsoNormal\">Algunos de los avistamientos de ovnis reportados fueron de personas que, sin saberlo, presenciaron las pruebas o el uso de tecnolog\u00eda estadounidense clasificada. Por ejemplo, las afirmaciones de haber visto naves espaciales extraterrestres cerca de Roswell, Nuevo M\u00e9xico, a finales de la d\u00e9cada de 1940 eran consistentes con un globo lanzado bajo un programa clasificado llamado Proyecto Mogul.<\/p>\n<p class=\"v1MsoNormal\">\u00abLos resultados agregados de todas las investigaciones (del Gobierno de los Estados Unidos) hasta la fecha no han encontrado ni un solo caso de UAP que represente tecnolog\u00eda extraterrestre\u00bb, asegura el informe.<\/p>\n<p class=\"v1MsoNormal\">La oficina de AARO tambi\u00e9n est\u00e1 recopilando e investigando nuevos informes y avistamientos de objetos no identificados, de lo que Phillips ha relatado que se han reportado a su oficina aproximadamente 1.200 casos y que la oficina recibe alrededor de 100 casos nuevos cada mes y resuelve aproximadamente el mismo n\u00famero.<\/p>\n<p class=\"v1MsoNormal\">En febrero, la oficina cerr\u00f3 122 casos, la mayor\u00eda de los cuales eran escombros en la atm\u00f3sfera y el 68 por ciento de ellos consist\u00edan en globos o basura en el aire que sensores avanzados pudieron detectar.<\/p>\n<p class=\"v1MsoNormal\">Al preguntarle si hab\u00edan detectado tecnolog\u00edas de alg\u00fan adversario, Phillips ha respondido que \u00aben cuanto a tecnolog\u00edas avanzadas, ha habido algunos casos, pero no podemos discutir eso aqu\u00ed\u00bb. (Infobae\/ Europa Press)<\/p>\n","protected":false},"excerpt":{"rendered":"<p>Con el prop\u00f3sito de recopilar de mejores datos sobre avistamientos, el Ej\u00e9rcito de Estados Unidos se embarca en un ambicioso proyecto para mejorar la detecci\u00f3n de OVNIs (Objetos Voladores No Identificados), con el objetivo de obtener datos m\u00e1s precisos sobre estos misteriosos avistamientos que intrigan a la poblaci\u00f3n. Los nuevos kits de detecci\u00f3n port\u00e1tiles, que [&hellip;]<\/p>\n","protected":false},"author":1,"featured_media":207386,"comment_status":"open","ping_status":"open","sticky":false,"template":"","format":"standard","meta":{"_acf_changed":false,"footnotes":""},"categories":[15],"tags":[],"class_list":["post-207385","post","type-post","status-publish","format-standard","has-post-thumbnail","category-portada"],"acf":{"antetitulo":"Estados Unidos"},"yoast_head":"<!-- This site is optimized with the Yoast SEO plugin v28.3 - https:\/\/yoast.com\/product\/yoast-seo-wordpress\/ -->\n<title>Desarrollan kits port\u00e1tiles para la detecci\u00f3n de Ovnis - El Diario - Bolivia<\/title>\n<meta name=\"robots\" content=\"index, follow, max-snippet:-1, max-image-preview:large, max-video-preview:-1\" \/>\n<link rel=\"canonical\" href=\"https:\/\/www.eldiario.net\/portal\/2024\/03\/10\/desarrollan-kits-portatiles-para-la-deteccion-de-ovnis\/\" \/>\n<meta property=\"og:locale\" content=\"es_ES\" \/>\n<meta property=\"og:type\" content=\"article\" \/>\n<meta property=\"og:title\" content=\"Desarrollan kits port\u00e1tiles para la detecci\u00f3n de Ovnis - El Diario - Bolivia\" \/>\n<meta property=\"og:description\" content=\"Con el prop\u00f3sito de recopilar de mejores datos sobre avistamientos, el Ej\u00e9rcito de Estados Unidos se embarca en un ambicioso proyecto para mejorar la detecci\u00f3n de OVNIs (Objetos Voladores No Identificados), con el objetivo de obtener datos m\u00e1s precisos sobre estos misteriosos avistamientos que intrigan a la poblaci\u00f3n. Los nuevos kits de detecci\u00f3n port\u00e1tiles, que [&hellip;]\" \/>\n<meta property=\"og:url\" content=\"https:\/\/www.eldiario.net\/portal\/2024\/03\/10\/desarrollan-kits-portatiles-para-la-deteccion-de-ovnis\/\" \/>\n<meta property=\"og:site_name\" content=\"El Diario - Bolivia\" \/>\n<meta property=\"article:publisher\" content=\"https:\/\/www.facebook.com\/eldiario.bolivia\/\" \/>\n<meta property=\"article:published_time\" content=\"2024-03-10T08:29:19+00:00\" \/>\n<meta property=\"og:image\" content=\"https:\/\/www.eldiario.net\/portal\/wp-content\/uploads\/2024\/03\/kits-ovnis.jpg\" \/>\n\t<meta property=\"og:image:width\" content=\"768\" \/>\n\t<meta property=\"og:image:height\" content=\"512\" \/>\n\t<meta property=\"og:image:type\" content=\"image\/jpeg\" \/>\n<meta name=\"author\" content=\"Jeanette\" \/>\n<meta name=\"twitter:card\" content=\"summary_large_image\" \/>\n<meta name=\"twitter:creator\" content=\"@eldiario_net\" \/>\n<meta name=\"twitter:site\" content=\"@eldiario_net\" \/>\n<meta name=\"twitter:label1\" content=\"Escrito por\" \/>\n\t<meta name=\"twitter:data1\" content=\"Jeanette\" \/>\n\t<meta name=\"twitter:label2\" content=\"Tiempo de lectura\" \/>\n\t<meta name=\"twitter:data2\" content=\"3 minutos\" \/>\n<script type=\"application\/ld+json\" class=\"yoast-schema-graph\">{\"@context\":\"https:\\\/\\\/schema.org\",\"@graph\":[{\"@type\":\"Article\",\"@id\":\"https:\\\/\\\/www.eldiario.net\\\/portal\\\/2024\\\/03\\\/10\\\/desarrollan-kits-portatiles-para-la-deteccion-de-ovnis\\\/#article\",\"isPartOf\":{\"@id\":\"https:\\\/\\\/www.eldiario.net\\\/portal\\\/2024\\\/03\\\/10\\\/desarrollan-kits-portatiles-para-la-deteccion-de-ovnis\\\/\"},\"author\":{\"name\":\"Jeanette\",\"@id\":\"https:\\\/\\\/www.eldiario.net\\\/portal\\\/#\\\/schema\\\/person\\\/f46445640444750d7d753ccd04ae01b7\"},\"headline\":\"Desarrollan kits port\u00e1tiles para la detecci\u00f3n de Ovnis\",\"datePublished\":\"2024-03-10T08:29:19+00:00\",\"mainEntityOfPage\":{\"@id\":\"https:\\\/\\\/www.eldiario.net\\\/portal\\\/2024\\\/03\\\/10\\\/desarrollan-kits-portatiles-para-la-deteccion-de-ovnis\\\/\"},\"wordCount\":603,\"commentCount\":0,\"publisher\":{\"@id\":\"https:\\\/\\\/www.eldiario.net\\\/portal\\\/#organization\"},\"image\":{\"@id\":\"https:\\\/\\\/www.eldiario.net\\\/portal\\\/2024\\\/03\\\/10\\\/desarrollan-kits-portatiles-para-la-deteccion-de-ovnis\\\/#primaryimage\"},\"thumbnailUrl\":\"https:\\\/\\\/www.eldiario.net\\\/portal\\\/wp-content\\\/uploads\\\/2024\\\/03\\\/kits-ovnis.jpg\",\"articleSection\":[\"Portada\"],\"inLanguage\":\"es\",\"potentialAction\":[{\"@type\":\"CommentAction\",\"name\":\"Comment\",\"target\":[\"https:\\\/\\\/www.eldiario.net\\\/portal\\\/2024\\\/03\\\/10\\\/desarrollan-kits-portatiles-para-la-deteccion-de-ovnis\\\/#respond\"]}]},{\"@type\":\"WebPage\",\"@id\":\"https:\\\/\\\/www.eldiario.net\\\/portal\\\/2024\\\/03\\\/10\\\/desarrollan-kits-portatiles-para-la-deteccion-de-ovnis\\\/\",\"url\":\"https:\\\/\\\/www.eldiario.net\\\/portal\\\/2024\\\/03\\\/10\\\/desarrollan-kits-portatiles-para-la-deteccion-de-ovnis\\\/\",\"name\":\"Desarrollan kits port\u00e1tiles para la detecci\u00f3n de Ovnis - El Diario - Bolivia\",\"isPartOf\":{\"@id\":\"https:\\\/\\\/www.eldiario.net\\\/portal\\\/#website\"},\"primaryImageOfPage\":{\"@id\":\"https:\\\/\\\/www.eldiario.net\\\/portal\\\/2024\\\/03\\\/10\\\/desarrollan-kits-portatiles-para-la-deteccion-de-ovnis\\\/#primaryimage\"},\"image\":{\"@id\":\"https:\\\/\\\/www.eldiario.net\\\/portal\\\/2024\\\/03\\\/10\\\/desarrollan-kits-portatiles-para-la-deteccion-de-ovnis\\\/#primaryimage\"},\"thumbnailUrl\":\"https:\\\/\\\/www.eldiario.net\\\/portal\\\/wp-content\\\/uploads\\\/2024\\\/03\\\/kits-ovnis.jpg\",\"datePublished\":\"2024-03-10T08:29:19+00:00\",\"breadcrumb\":{\"@id\":\"https:\\\/\\\/www.eldiario.net\\\/portal\\\/2024\\\/03\\\/10\\\/desarrollan-kits-portatiles-para-la-deteccion-de-ovnis\\\/#breadcrumb\"},\"inLanguage\":\"es\",\"potentialAction\":[{\"@type\":\"ReadAction\",\"target\":[\"https:\\\/\\\/www.eldiario.net\\\/portal\\\/2024\\\/03\\\/10\\\/desarrollan-kits-portatiles-para-la-deteccion-de-ovnis\\\/\"]}]},{\"@type\":\"ImageObject\",\"inLanguage\":\"es\",\"@id\":\"https:\\\/\\\/www.eldiario.net\\\/portal\\\/2024\\\/03\\\/10\\\/desarrollan-kits-portatiles-para-la-deteccion-de-ovnis\\\/#primaryimage\",\"url\":\"https:\\\/\\\/www.eldiario.net\\\/portal\\\/wp-content\\\/uploads\\\/2024\\\/03\\\/kits-ovnis.jpg\",\"contentUrl\":\"https:\\\/\\\/www.eldiario.net\\\/portal\\\/wp-content\\\/uploads\\\/2024\\\/03\\\/kits-ovnis.jpg\",\"width\":768,\"height\":512,\"caption\":\"El subdirector de Inteligencia Naval de Estados Unidos, Scott Bray, se\u00f1ala un video de un 'sobrevuelo' mientras testifica ante una audiencia sobre \\\"Fen\u00f3menos A\u00e9reos No Identificados\\\", en el Capitolio en Washington, Estados Unidos, 17 de mayo de 2022. CREDITO: REUTERS\"},{\"@type\":\"BreadcrumbList\",\"@id\":\"https:\\\/\\\/www.eldiario.net\\\/portal\\\/2024\\\/03\\\/10\\\/desarrollan-kits-portatiles-para-la-deteccion-de-ovnis\\\/#breadcrumb\",\"itemListElement\":[{\"@type\":\"ListItem\",\"position\":1,\"name\":\"Portada\",\"item\":\"https:\\\/\\\/www.eldiario.net\\\/portal\\\/\"},{\"@type\":\"ListItem\",\"position\":2,\"name\":\"Desarrollan kits port\u00e1tiles para la detecci\u00f3n de Ovnis\"}]},{\"@type\":\"WebSite\",\"@id\":\"https:\\\/\\\/www.eldiario.net\\\/portal\\\/#website\",\"url\":\"https:\\\/\\\/www.eldiario.net\\\/portal\\\/\",\"name\":\"El Diario - Decano de la prensa nacional\",\"description\":\"El Diario - Decano de la prensa nacional\",\"publisher\":{\"@id\":\"https:\\\/\\\/www.eldiario.net\\\/portal\\\/#organization\"},\"potentialAction\":[{\"@type\":\"SearchAction\",\"target\":{\"@type\":\"EntryPoint\",\"urlTemplate\":\"https:\\\/\\\/www.eldiario.net\\\/portal\\\/?s={search_term_string}\"},\"query-input\":{\"@type\":\"PropertyValueSpecification\",\"valueRequired\":true,\"valueName\":\"search_term_string\"}}],\"inLanguage\":\"es\"},{\"@type\":\"Organization\",\"@id\":\"https:\\\/\\\/www.eldiario.net\\\/portal\\\/#organization\",\"name\":\"El Diario - Decano de la prensa nacional\",\"url\":\"https:\\\/\\\/www.eldiario.net\\\/portal\\\/\",\"logo\":{\"@type\":\"ImageObject\",\"inLanguage\":\"es\",\"@id\":\"https:\\\/\\\/www.eldiario.net\\\/portal\\\/#\\\/schema\\\/logo\\\/image\\\/\",\"url\":\"https:\\\/\\\/www.eldiario.net\\\/portal\\\/wp-content\\\/uploads\\\/2023\\\/07\\\/logo_ED.jpg\",\"contentUrl\":\"https:\\\/\\\/www.eldiario.net\\\/portal\\\/wp-content\\\/uploads\\\/2023\\\/07\\\/logo_ED.jpg\",\"width\":272,\"height\":52,\"caption\":\"El Diario - Decano de la prensa nacional\"},\"image\":{\"@id\":\"https:\\\/\\\/www.eldiario.net\\\/portal\\\/#\\\/schema\\\/logo\\\/image\\\/\"},\"sameAs\":[\"https:\\\/\\\/www.facebook.com\\\/eldiario.bolivia\\\/\",\"https:\\\/\\\/x.com\\\/eldiario_net\"]},{\"@type\":\"Person\",\"@id\":\"https:\\\/\\\/www.eldiario.net\\\/portal\\\/#\\\/schema\\\/person\\\/f46445640444750d7d753ccd04ae01b7\",\"name\":\"Jeanette\",\"image\":{\"@type\":\"ImageObject\",\"inLanguage\":\"es\",\"@id\":\"https:\\\/\\\/secure.gravatar.com\\\/avatar\\\/3ea2118a5f7dad2b7138b1187a6b7ee55f160b9968b66013c3a3ef39dd7e5798?s=96&d=mm&r=g\",\"url\":\"https:\\\/\\\/secure.gravatar.com\\\/avatar\\\/3ea2118a5f7dad2b7138b1187a6b7ee55f160b9968b66013c3a3ef39dd7e5798?s=96&d=mm&r=g\",\"contentUrl\":\"https:\\\/\\\/secure.gravatar.com\\\/avatar\\\/3ea2118a5f7dad2b7138b1187a6b7ee55f160b9968b66013c3a3ef39dd7e5798?s=96&d=mm&r=g\",\"caption\":\"Jeanette\"},\"sameAs\":[\"https:\\\/\\\/www.eldiario.net\\\/portal\"],\"url\":\"https:\\\/\\\/www.eldiario.net\\\/portal\\\/author\\\/jeanette\\\/\"}]}<\/script>\n<!-- \/ Yoast SEO plugin. -->","yoast_head_json":{"title":"Desarrollan kits port\u00e1tiles para la detecci\u00f3n de Ovnis - El Diario - Bolivia","robots":{"index":"index","follow":"follow","max-snippet":"max-snippet:-1","max-image-preview":"max-image-preview:large","max-video-preview":"max-video-preview:-1"},"canonical":"https:\/\/www.eldiario.net\/portal\/2024\/03\/10\/desarrollan-kits-portatiles-para-la-deteccion-de-ovnis\/","og_locale":"es_ES","og_type":"article","og_title":"Desarrollan kits port\u00e1tiles para la detecci\u00f3n de Ovnis - El Diario - Bolivia","og_description":"Con el prop\u00f3sito de recopilar de mejores datos sobre avistamientos, el Ej\u00e9rcito de Estados Unidos se embarca en un ambicioso proyecto para mejorar la detecci\u00f3n de OVNIs (Objetos Voladores No Identificados), con el objetivo de obtener datos m\u00e1s precisos sobre estos misteriosos avistamientos que intrigan a la poblaci\u00f3n. Los nuevos kits de detecci\u00f3n port\u00e1tiles, que [&hellip;]","og_url":"https:\/\/www.eldiario.net\/portal\/2024\/03\/10\/desarrollan-kits-portatiles-para-la-deteccion-de-ovnis\/","og_site_name":"El Diario - Bolivia","article_publisher":"https:\/\/www.facebook.com\/eldiario.bolivia\/","article_published_time":"2024-03-10T08:29:19+00:00","og_image":[{"width":768,"height":512,"url":"https:\/\/www.eldiario.net\/portal\/wp-content\/uploads\/2024\/03\/kits-ovnis.jpg","type":"image\/jpeg"}],"author":"Jeanette","twitter_card":"summary_large_image","twitter_creator":"@eldiario_net","twitter_site":"@eldiario_net","twitter_misc":{"Escrito por":"Jeanette","Tiempo de lectura":"3 minutos"},"schema":{"@context":"https:\/\/schema.org","@graph":[{"@type":"Article","@id":"https:\/\/www.eldiario.net\/portal\/2024\/03\/10\/desarrollan-kits-portatiles-para-la-deteccion-de-ovnis\/#article","isPartOf":{"@id":"https:\/\/www.eldiario.net\/portal\/2024\/03\/10\/desarrollan-kits-portatiles-para-la-deteccion-de-ovnis\/"},"author":{"name":"Jeanette","@id":"https:\/\/www.eldiario.net\/portal\/#\/schema\/person\/f46445640444750d7d753ccd04ae01b7"},"headline":"Desarrollan kits port\u00e1tiles para la detecci\u00f3n de Ovnis","datePublished":"2024-03-10T08:29:19+00:00","mainEntityOfPage":{"@id":"https:\/\/www.eldiario.net\/portal\/2024\/03\/10\/desarrollan-kits-portatiles-para-la-deteccion-de-ovnis\/"},"wordCount":603,"commentCount":0,"publisher":{"@id":"https:\/\/www.eldiario.net\/portal\/#organization"},"image":{"@id":"https:\/\/www.eldiario.net\/portal\/2024\/03\/10\/desarrollan-kits-portatiles-para-la-deteccion-de-ovnis\/#primaryimage"},"thumbnailUrl":"https:\/\/www.eldiario.net\/portal\/wp-content\/uploads\/2024\/03\/kits-ovnis.jpg","articleSection":["Portada"],"inLanguage":"es","potentialAction":[{"@type":"CommentAction","name":"Comment","target":["https:\/\/www.eldiario.net\/portal\/2024\/03\/10\/desarrollan-kits-portatiles-para-la-deteccion-de-ovnis\/#respond"]}]},{"@type":"WebPage","@id":"https:\/\/www.eldiario.net\/portal\/2024\/03\/10\/desarrollan-kits-portatiles-para-la-deteccion-de-ovnis\/","url":"https:\/\/www.eldiario.net\/portal\/2024\/03\/10\/desarrollan-kits-portatiles-para-la-deteccion-de-ovnis\/","name":"Desarrollan kits port\u00e1tiles para la detecci\u00f3n de Ovnis - El Diario - Bolivia","isPartOf":{"@id":"https:\/\/www.eldiario.net\/portal\/#website"},"primaryImageOfPage":{"@id":"https:\/\/www.eldiario.net\/portal\/2024\/03\/10\/desarrollan-kits-portatiles-para-la-deteccion-de-ovnis\/#primaryimage"},"image":{"@id":"https:\/\/www.eldiario.net\/portal\/2024\/03\/10\/desarrollan-kits-portatiles-para-la-deteccion-de-ovnis\/#primaryimage"},"thumbnailUrl":"https:\/\/www.eldiario.net\/portal\/wp-content\/uploads\/2024\/03\/kits-ovnis.jpg","datePublished":"2024-03-10T08:29:19+00:00","breadcrumb":{"@id":"https:\/\/www.eldiario.net\/portal\/2024\/03\/10\/desarrollan-kits-portatiles-para-la-deteccion-de-ovnis\/#breadcrumb"},"inLanguage":"es","potentialAction":[{"@type":"ReadAction","target":["https:\/\/www.eldiario.net\/portal\/2024\/03\/10\/desarrollan-kits-portatiles-para-la-deteccion-de-ovnis\/"]}]},{"@type":"ImageObject","inLanguage":"es","@id":"https:\/\/www.eldiario.net\/portal\/2024\/03\/10\/desarrollan-kits-portatiles-para-la-deteccion-de-ovnis\/#primaryimage","url":"https:\/\/www.eldiario.net\/portal\/wp-content\/uploads\/2024\/03\/kits-ovnis.jpg","contentUrl":"https:\/\/www.eldiario.net\/portal\/wp-content\/uploads\/2024\/03\/kits-ovnis.jpg","width":768,"height":512,"caption":"El subdirector de Inteligencia Naval de Estados Unidos, Scott Bray, se\u00f1ala un video de un 'sobrevuelo' mientras testifica ante una audiencia sobre \"Fen\u00f3menos A\u00e9reos No Identificados\", en el Capitolio en Washington, Estados Unidos, 17 de mayo de 2022. CREDITO: REUTERS"},{"@type":"BreadcrumbList","@id":"https:\/\/www.eldiario.net\/portal\/2024\/03\/10\/desarrollan-kits-portatiles-para-la-deteccion-de-ovnis\/#breadcrumb","itemListElement":[{"@type":"ListItem","position":1,"name":"Portada","item":"https:\/\/www.eldiario.net\/portal\/"},{"@type":"ListItem","position":2,"name":"Desarrollan kits port\u00e1tiles para la detecci\u00f3n de Ovnis"}]},{"@type":"WebSite","@id":"https:\/\/www.eldiario.net\/portal\/#website","url":"https:\/\/www.eldiario.net\/portal\/","name":"El Diario - Decano de la prensa nacional","description":"El Diario - Decano de la prensa nacional","publisher":{"@id":"https:\/\/www.eldiario.net\/portal\/#organization"},"potentialAction":[{"@type":"SearchAction","target":{"@type":"EntryPoint","urlTemplate":"https:\/\/www.eldiario.net\/portal\/?s={search_term_string}"},"query-input":{"@type":"PropertyValueSpecification","valueRequired":true,"valueName":"search_term_string"}}],"inLanguage":"es"},{"@type":"Organization","@id":"https:\/\/www.eldiario.net\/portal\/#organization","name":"El Diario - Decano de la prensa nacional","url":"https:\/\/www.eldiario.net\/portal\/","logo":{"@type":"ImageObject","inLanguage":"es","@id":"https:\/\/www.eldiario.net\/portal\/#\/schema\/logo\/image\/","url":"https:\/\/www.eldiario.net\/portal\/wp-content\/uploads\/2023\/07\/logo_ED.jpg","contentUrl":"https:\/\/www.eldiario.net\/portal\/wp-content\/uploads\/2023\/07\/logo_ED.jpg","width":272,"height":52,"caption":"El Diario - Decano de la prensa nacional"},"image":{"@id":"https:\/\/www.eldiario.net\/portal\/#\/schema\/logo\/image\/"},"sameAs":["https:\/\/www.facebook.com\/eldiario.bolivia\/","https:\/\/x.com\/eldiario_net"]},{"@type":"Person","@id":"https:\/\/www.eldiario.net\/portal\/#\/schema\/person\/f46445640444750d7d753ccd04ae01b7","name":"Jeanette","image":{"@type":"ImageObject","inLanguage":"es","@id":"https:\/\/secure.gravatar.com\/avatar\/3ea2118a5f7dad2b7138b1187a6b7ee55f160b9968b66013c3a3ef39dd7e5798?s=96&d=mm&r=g","url":"https:\/\/secure.gravatar.com\/avatar\/3ea2118a5f7dad2b7138b1187a6b7ee55f160b9968b66013c3a3ef39dd7e5798?s=96&d=mm&r=g","contentUrl":"https:\/\/secure.gravatar.com\/avatar\/3ea2118a5f7dad2b7138b1187a6b7ee55f160b9968b66013c3a3ef39dd7e5798?s=96&d=mm&r=g","caption":"Jeanette"},"sameAs":["https:\/\/www.eldiario.net\/portal"],"url":"https:\/\/www.eldiario.net\/portal\/author\/jeanette\/"}]}},"_links":{"self":[{"href":"https:\/\/www.eldiario.net\/portal\/wp-json\/wp\/v2\/posts\/207385","targetHints":{"allow":["GET"]}}],"collection":[{"href":"https:\/\/www.eldiario.net\/portal\/wp-json\/wp\/v2\/posts"}],"about":[{"href":"https:\/\/www.eldiario.net\/portal\/wp-json\/wp\/v2\/types\/post"}],"author":[{"embeddable":true,"href":"https:\/\/www.eldiario.net\/portal\/wp-json\/wp\/v2\/users\/1"}],"replies":[{"embeddable":true,"href":"https:\/\/www.eldiario.net\/portal\/wp-json\/wp\/v2\/comments?post=207385"}],"version-history":[{"count":1,"href":"https:\/\/www.eldiario.net\/portal\/wp-json\/wp\/v2\/posts\/207385\/revisions"}],"predecessor-version":[{"id":207387,"href":"https:\/\/www.eldiario.net\/portal\/wp-json\/wp\/v2\/posts\/207385\/revisions\/207387"}],"wp:featuredmedia":[{"embeddable":true,"href":"https:\/\/www.eldiario.net\/portal\/wp-json\/wp\/v2\/media\/207386"}],"wp:attachment":[{"href":"https:\/\/www.eldiario.net\/portal\/wp-json\/wp\/v2\/media?parent=207385"}],"wp:term":[{"taxonomy":"category","embeddable":true,"href":"https:\/\/www.eldiario.net\/portal\/wp-json\/wp\/v2\/categories?post=207385"},{"taxonomy":"post_tag","embeddable":true,"href":"https:\/\/www.eldiario.net\/portal\/wp-json\/wp\/v2\/tags?post=207385"}],"curies":[{"name":"wp","href":"https:\/\/api.w.org\/{rel}","templated":true}]}}