{"id":207365,"date":"2024-03-10T00:17:57","date_gmt":"2024-03-10T04:17:57","guid":{"rendered":"https:\/\/www.eldiario.net\/portal\/?p=207365"},"modified":"2024-03-09T07:18:34","modified_gmt":"2024-03-09T11:18:34","slug":"austin-butler-interpreta-a-feyd-rautha-harkonnen-en-duna-parte-dos","status":"publish","type":"post","link":"https:\/\/www.eldiario.net\/portal\/2024\/03\/10\/austin-butler-interpreta-a-feyd-rautha-harkonnen-en-duna-parte-dos\/","title":{"rendered":"Austin Butler interpreta a Feyd-Rautha Harkonnen en Duna: parte dos"},"content":{"rendered":"<p>Felino, musculoso y con la alopecia en todo el cuerpo t\u00edpica de los Harkonnen, la inteligencia de Feyd-Rautha Harkonnen es equiparable a su crueldad\u2026 y emplea ambas en combate, lo que lo convierte en un enemigo realmente formidable para cualquiera que se cruce en su camino. Puede ser, tan solo, que el Bar\u00f3n Harkonnen tenga planes mayores para este sanguinario sobrino suyo, quien tiene un retorcido sentido del honor y una pasi\u00f3n por el dolor, tanto del ajeno como el propio. Las habilidades de Feyd se pondr\u00e1n a prueba fuera del ring de entrenamiento de gladiadores cuando lo env\u00eden a pelear contra un enemigo inesperado.<br \/>\nAcerca de convertirse en fan incondicional de la primera pel\u00edcula, \u201cDuna\u201d, despu\u00e9s de haber le\u00eddo la novela en su adolescencia&#8230;<br \/>\n\u201cLa primera vez que la vi tuve las mismas sensaciones que cuando vi \u2018Apocalipsis ahora\u2019 por primera vez. En ese momento supe que quer\u00eda participar en la siguiente. As\u00ed que me siento muy afortunado\u201d.<\/p>\n<p>Sobre su reacci\u00f3n al leer por primera vez el gui\u00f3n de \u201cDuna: parte dos\u201d &#8230;<br \/>\n\u201cEn cuanto le\u00ed el gui\u00f3n y habl\u00e9 con Denis, supe que ser\u00eda muy divertido. Denis es un guionista incre\u00edble, entiende la historia y la humanidad y es capaz de combinarlas muy bien. Tambi\u00e9n escribe de forma muy visual, por lo que supe que ser\u00eda una gran pel\u00edcula. No tienes la oportunidad de interpretar a un personaje as\u00ed todos los d\u00edas y, adem\u00e1s, superar el reto de la transformaci\u00f3n f\u00edsica. Tambi\u00e9n fue necesario entrar en la psicolog\u00eda del personaje, discutir con Denis por qu\u00e9 se comporta como lo hace, su relaci\u00f3n con su familia y el brutal mundo del t\u00edo, donde Feyd creci\u00f3. Los personajes como Feyd pueden ser dif\u00edciles de justificar, sin embargo, la humanidad est\u00e1 repleta de ese tipo de personas, por lo que exponer a la luz a esa parte de la condici\u00f3n humana fue algo fascinante de explorar\u201d.<br \/>\nSobre lo que m\u00e1s le impresion\u00f3 de la historia&#8230;<br \/>\n\u201cDuna es tan relevante actualmente. Cuando le\u00ed el libro por primera vez, ten\u00eda 15 a\u00f1os y no entend\u00ed esos temas de corrupci\u00f3n y codicia y poder, ni la idea de una sociedad que vive en armon\u00eda con la naturaleza y otra que la explota. Pero al releerlo y luego leer el gui\u00f3n, sent\u00ed que habla de lo que ocurre en las noticias de actualmente\u201d.<\/p>\n<p>Sobre trabajar con el director Denis Villeneuve&#8230;<br \/>\n\u201cDenis es verdaderamente una persona excepcional. Es muy amable y atento en su colaboraci\u00f3n.  Escucha de verdad y no se limita a dar una respuesta si no la tiene; te dice que quiere so\u00f1ar sobre ello y luego vuelve con una raz\u00f3n v\u00edvidamente detallada de cu\u00e1l es su visi\u00f3n. Es un verdadero genio cuando le ves trabajar. Cada d\u00eda, Denis me asombr\u00f3 incre\u00edblemente. Lo hace parecer todo tan f\u00e1cil\u201d.<br \/>\nSobre trabajar con Timoth\u00e9e Chalamet, Florence Pugh y sus compa\u00f1eros de reparto en la Casa Harkonnen, Stellan Skarsg\u00e5rd y Dave Bautista&#8230;<br \/>\n\u201cTimoth\u00e9e es un actor fant\u00e1stico y un ser verdaderamente generoso, nos lo pasamos muy bien juntos.  Puede ser duro hacer escenas de pelea f\u00edsica; debes compenetrarte con la otra persona; es como bailar juntos, pero Timoth\u00e9e fue un gran compa\u00f1ero de baile. Me lo pas\u00e9 muy bien al interpretar a villanos con Stellan Skarsg\u00e5rd y Dave Bautista, los dos son tipos tan dulces y divertidos que me recibieron con los brazos abiertos. Tambi\u00e9n me la pas\u00e9 genial con Florence Pugh, quien es una de las mejores actrices del momento. Fue una bendici\u00f3n poder trabajar con gente tan estupenda\u201d.<br \/>\nSobre el entrenamiento para el papel de Feyd-Rautha, un combatiente feroz y psic\u00f3pata&#8230;<br \/>\n\u201cTuve meses para entrenarme con un tipo incre\u00edble, Duffy Gaver, que es doble de acci\u00f3n y fue SEAL de la Marina y, por supuesto, con Roger Yuan, quien es brillante, una leyenda y con el que combato en la pel\u00edcula. Sab\u00eda que las escenas de pelea ser\u00edan muy duras y quise que parecieran potentes, por lo que entrenamos mucho. Hicimos mucho Kali, que es la lucha filipina con palos, y mucho trabajo con cuchillos. En realidad, tambi\u00e9n debimos encontrar el estilo de pelea de Feyd, pues, si Paul se entren\u00f3 con el estilo de combate de los Atreides y los Fremen, en qu\u00e9 se diferencia al estilo de Feyd.  Tambi\u00e9n me entren\u00e9 vocalmente. Una vez que me vi en el espejo sin pelo y con los dientes negros&#8230; Empiezas a ver la transformaci\u00f3n y eso se convierte en una explosi\u00f3n, porque entonces puedes perderte en ella\u201d.<\/p>\n","protected":false},"excerpt":{"rendered":"<p>Felino, musculoso y con la alopecia en todo el cuerpo t\u00edpica de los Harkonnen, la inteligencia de Feyd-Rautha Harkonnen es equiparable a su crueldad\u2026 y emplea ambas en combate, lo que lo convierte en un enemigo realmente formidable para cualquiera que se cruce en su camino. Puede ser, tan solo, que el Bar\u00f3n Harkonnen tenga [&hellip;]<\/p>\n","protected":false},"author":1,"featured_media":207366,"comment_status":"open","ping_status":"open","sticky":false,"template":"","format":"standard","meta":{"_acf_changed":false,"footnotes":""},"categories":[45],"tags":[],"class_list":["post-207365","post","type-post","status-publish","format-standard","has-post-thumbnail","category-cine-mundo"],"acf":{"antetitulo":""},"yoast_head":"<!-- This site is optimized with the Yoast SEO plugin v28.3 - https:\/\/yoast.com\/product\/yoast-seo-wordpress\/ -->\n<title>Austin Butler interpreta a Feyd-Rautha Harkonnen en Duna: parte dos - El Diario - Bolivia<\/title>\n<meta name=\"robots\" content=\"index, follow, max-snippet:-1, max-image-preview:large, max-video-preview:-1\" \/>\n<link rel=\"canonical\" href=\"https:\/\/www.eldiario.net\/portal\/2024\/03\/10\/austin-butler-interpreta-a-feyd-rautha-harkonnen-en-duna-parte-dos\/\" \/>\n<meta property=\"og:locale\" content=\"es_ES\" \/>\n<meta property=\"og:type\" content=\"article\" \/>\n<meta property=\"og:title\" content=\"Austin Butler interpreta a Feyd-Rautha Harkonnen en Duna: parte dos - El Diario - Bolivia\" \/>\n<meta property=\"og:description\" content=\"Felino, musculoso y con la alopecia en todo el cuerpo t\u00edpica de los Harkonnen, la inteligencia de Feyd-Rautha Harkonnen es equiparable a su crueldad\u2026 y emplea ambas en combate, lo que lo convierte en un enemigo realmente formidable para cualquiera que se cruce en su camino. Puede ser, tan solo, que el Bar\u00f3n Harkonnen tenga [&hellip;]\" \/>\n<meta property=\"og:url\" content=\"https:\/\/www.eldiario.net\/portal\/2024\/03\/10\/austin-butler-interpreta-a-feyd-rautha-harkonnen-en-duna-parte-dos\/\" \/>\n<meta property=\"og:site_name\" content=\"El Diario - Bolivia\" \/>\n<meta property=\"article:publisher\" content=\"https:\/\/www.facebook.com\/eldiario.bolivia\/\" \/>\n<meta property=\"article:published_time\" content=\"2024-03-10T04:17:57+00:00\" \/>\n<meta property=\"og:image\" content=\"https:\/\/www.eldiario.net\/portal\/wp-content\/uploads\/2024\/03\/Austin-Butler-interpreta-a-Feyd-Rautha-Harkonnen-en-Duna-parte-dos.jpg\" \/>\n\t<meta property=\"og:image:width\" content=\"1875\" \/>\n\t<meta property=\"og:image:height\" content=\"1055\" \/>\n\t<meta property=\"og:image:type\" content=\"image\/jpeg\" \/>\n<meta name=\"author\" content=\"Jeanette\" \/>\n<meta name=\"twitter:card\" content=\"summary_large_image\" \/>\n<meta name=\"twitter:creator\" content=\"@eldiario_net\" \/>\n<meta name=\"twitter:site\" content=\"@eldiario_net\" \/>\n<meta name=\"twitter:label1\" content=\"Escrito por\" \/>\n\t<meta name=\"twitter:data1\" content=\"Jeanette\" \/>\n\t<meta name=\"twitter:label2\" content=\"Tiempo de lectura\" \/>\n\t<meta name=\"twitter:data2\" content=\"1 minuto\" \/>\n<script type=\"application\/ld+json\" class=\"yoast-schema-graph\">{\"@context\":\"https:\\\/\\\/schema.org\",\"@graph\":[{\"@type\":\"Article\",\"@id\":\"https:\\\/\\\/www.eldiario.net\\\/portal\\\/2024\\\/03\\\/10\\\/austin-butler-interpreta-a-feyd-rautha-harkonnen-en-duna-parte-dos\\\/#article\",\"isPartOf\":{\"@id\":\"https:\\\/\\\/www.eldiario.net\\\/portal\\\/2024\\\/03\\\/10\\\/austin-butler-interpreta-a-feyd-rautha-harkonnen-en-duna-parte-dos\\\/\"},\"author\":{\"name\":\"Jeanette\",\"@id\":\"https:\\\/\\\/www.eldiario.net\\\/portal\\\/#\\\/schema\\\/person\\\/f46445640444750d7d753ccd04ae01b7\"},\"headline\":\"Austin Butler interpreta a Feyd-Rautha Harkonnen en Duna: parte dos\",\"datePublished\":\"2024-03-10T04:17:57+00:00\",\"mainEntityOfPage\":{\"@id\":\"https:\\\/\\\/www.eldiario.net\\\/portal\\\/2024\\\/03\\\/10\\\/austin-butler-interpreta-a-feyd-rautha-harkonnen-en-duna-parte-dos\\\/\"},\"wordCount\":813,\"commentCount\":0,\"publisher\":{\"@id\":\"https:\\\/\\\/www.eldiario.net\\\/portal\\\/#organization\"},\"image\":{\"@id\":\"https:\\\/\\\/www.eldiario.net\\\/portal\\\/2024\\\/03\\\/10\\\/austin-butler-interpreta-a-feyd-rautha-harkonnen-en-duna-parte-dos\\\/#primaryimage\"},\"thumbnailUrl\":\"https:\\\/\\\/www.eldiario.net\\\/portal\\\/wp-content\\\/uploads\\\/2024\\\/03\\\/Austin-Butler-interpreta-a-Feyd-Rautha-Harkonnen-en-Duna-parte-dos.jpg\",\"articleSection\":[\"Cine Mundo\"],\"inLanguage\":\"es\",\"potentialAction\":[{\"@type\":\"CommentAction\",\"name\":\"Comment\",\"target\":[\"https:\\\/\\\/www.eldiario.net\\\/portal\\\/2024\\\/03\\\/10\\\/austin-butler-interpreta-a-feyd-rautha-harkonnen-en-duna-parte-dos\\\/#respond\"]}]},{\"@type\":\"WebPage\",\"@id\":\"https:\\\/\\\/www.eldiario.net\\\/portal\\\/2024\\\/03\\\/10\\\/austin-butler-interpreta-a-feyd-rautha-harkonnen-en-duna-parte-dos\\\/\",\"url\":\"https:\\\/\\\/www.eldiario.net\\\/portal\\\/2024\\\/03\\\/10\\\/austin-butler-interpreta-a-feyd-rautha-harkonnen-en-duna-parte-dos\\\/\",\"name\":\"Austin Butler interpreta a Feyd-Rautha Harkonnen en Duna: parte dos - El Diario - Bolivia\",\"isPartOf\":{\"@id\":\"https:\\\/\\\/www.eldiario.net\\\/portal\\\/#website\"},\"primaryImageOfPage\":{\"@id\":\"https:\\\/\\\/www.eldiario.net\\\/portal\\\/2024\\\/03\\\/10\\\/austin-butler-interpreta-a-feyd-rautha-harkonnen-en-duna-parte-dos\\\/#primaryimage\"},\"image\":{\"@id\":\"https:\\\/\\\/www.eldiario.net\\\/portal\\\/2024\\\/03\\\/10\\\/austin-butler-interpreta-a-feyd-rautha-harkonnen-en-duna-parte-dos\\\/#primaryimage\"},\"thumbnailUrl\":\"https:\\\/\\\/www.eldiario.net\\\/portal\\\/wp-content\\\/uploads\\\/2024\\\/03\\\/Austin-Butler-interpreta-a-Feyd-Rautha-Harkonnen-en-Duna-parte-dos.jpg\",\"datePublished\":\"2024-03-10T04:17:57+00:00\",\"breadcrumb\":{\"@id\":\"https:\\\/\\\/www.eldiario.net\\\/portal\\\/2024\\\/03\\\/10\\\/austin-butler-interpreta-a-feyd-rautha-harkonnen-en-duna-parte-dos\\\/#breadcrumb\"},\"inLanguage\":\"es\",\"potentialAction\":[{\"@type\":\"ReadAction\",\"target\":[\"https:\\\/\\\/www.eldiario.net\\\/portal\\\/2024\\\/03\\\/10\\\/austin-butler-interpreta-a-feyd-rautha-harkonnen-en-duna-parte-dos\\\/\"]}]},{\"@type\":\"ImageObject\",\"inLanguage\":\"es\",\"@id\":\"https:\\\/\\\/www.eldiario.net\\\/portal\\\/2024\\\/03\\\/10\\\/austin-butler-interpreta-a-feyd-rautha-harkonnen-en-duna-parte-dos\\\/#primaryimage\",\"url\":\"https:\\\/\\\/www.eldiario.net\\\/portal\\\/wp-content\\\/uploads\\\/2024\\\/03\\\/Austin-Butler-interpreta-a-Feyd-Rautha-Harkonnen-en-Duna-parte-dos.jpg\",\"contentUrl\":\"https:\\\/\\\/www.eldiario.net\\\/portal\\\/wp-content\\\/uploads\\\/2024\\\/03\\\/Austin-Butler-interpreta-a-Feyd-Rautha-Harkonnen-en-Duna-parte-dos.jpg\",\"width\":1875,\"height\":1055},{\"@type\":\"BreadcrumbList\",\"@id\":\"https:\\\/\\\/www.eldiario.net\\\/portal\\\/2024\\\/03\\\/10\\\/austin-butler-interpreta-a-feyd-rautha-harkonnen-en-duna-parte-dos\\\/#breadcrumb\",\"itemListElement\":[{\"@type\":\"ListItem\",\"position\":1,\"name\":\"Portada\",\"item\":\"https:\\\/\\\/www.eldiario.net\\\/portal\\\/\"},{\"@type\":\"ListItem\",\"position\":2,\"name\":\"Austin Butler interpreta a Feyd-Rautha Harkonnen en Duna: parte dos\"}]},{\"@type\":\"WebSite\",\"@id\":\"https:\\\/\\\/www.eldiario.net\\\/portal\\\/#website\",\"url\":\"https:\\\/\\\/www.eldiario.net\\\/portal\\\/\",\"name\":\"El Diario - Decano de la prensa nacional\",\"description\":\"El Diario - Decano de la prensa nacional\",\"publisher\":{\"@id\":\"https:\\\/\\\/www.eldiario.net\\\/portal\\\/#organization\"},\"potentialAction\":[{\"@type\":\"SearchAction\",\"target\":{\"@type\":\"EntryPoint\",\"urlTemplate\":\"https:\\\/\\\/www.eldiario.net\\\/portal\\\/?s={search_term_string}\"},\"query-input\":{\"@type\":\"PropertyValueSpecification\",\"valueRequired\":true,\"valueName\":\"search_term_string\"}}],\"inLanguage\":\"es\"},{\"@type\":\"Organization\",\"@id\":\"https:\\\/\\\/www.eldiario.net\\\/portal\\\/#organization\",\"name\":\"El Diario - Decano de la prensa nacional\",\"url\":\"https:\\\/\\\/www.eldiario.net\\\/portal\\\/\",\"logo\":{\"@type\":\"ImageObject\",\"inLanguage\":\"es\",\"@id\":\"https:\\\/\\\/www.eldiario.net\\\/portal\\\/#\\\/schema\\\/logo\\\/image\\\/\",\"url\":\"https:\\\/\\\/www.eldiario.net\\\/portal\\\/wp-content\\\/uploads\\\/2023\\\/07\\\/logo_ED.jpg\",\"contentUrl\":\"https:\\\/\\\/www.eldiario.net\\\/portal\\\/wp-content\\\/uploads\\\/2023\\\/07\\\/logo_ED.jpg\",\"width\":272,\"height\":52,\"caption\":\"El Diario - Decano de la prensa nacional\"},\"image\":{\"@id\":\"https:\\\/\\\/www.eldiario.net\\\/portal\\\/#\\\/schema\\\/logo\\\/image\\\/\"},\"sameAs\":[\"https:\\\/\\\/www.facebook.com\\\/eldiario.bolivia\\\/\",\"https:\\\/\\\/x.com\\\/eldiario_net\"]},{\"@type\":\"Person\",\"@id\":\"https:\\\/\\\/www.eldiario.net\\\/portal\\\/#\\\/schema\\\/person\\\/f46445640444750d7d753ccd04ae01b7\",\"name\":\"Jeanette\",\"image\":{\"@type\":\"ImageObject\",\"inLanguage\":\"es\",\"@id\":\"https:\\\/\\\/secure.gravatar.com\\\/avatar\\\/3ea2118a5f7dad2b7138b1187a6b7ee55f160b9968b66013c3a3ef39dd7e5798?s=96&d=mm&r=g\",\"url\":\"https:\\\/\\\/secure.gravatar.com\\\/avatar\\\/3ea2118a5f7dad2b7138b1187a6b7ee55f160b9968b66013c3a3ef39dd7e5798?s=96&d=mm&r=g\",\"contentUrl\":\"https:\\\/\\\/secure.gravatar.com\\\/avatar\\\/3ea2118a5f7dad2b7138b1187a6b7ee55f160b9968b66013c3a3ef39dd7e5798?s=96&d=mm&r=g\",\"caption\":\"Jeanette\"},\"sameAs\":[\"https:\\\/\\\/www.eldiario.net\\\/portal\"],\"url\":\"https:\\\/\\\/www.eldiario.net\\\/portal\\\/author\\\/jeanette\\\/\"}]}<\/script>\n<!-- \/ Yoast SEO plugin. -->","yoast_head_json":{"title":"Austin Butler interpreta a Feyd-Rautha Harkonnen en Duna: parte dos - El Diario - Bolivia","robots":{"index":"index","follow":"follow","max-snippet":"max-snippet:-1","max-image-preview":"max-image-preview:large","max-video-preview":"max-video-preview:-1"},"canonical":"https:\/\/www.eldiario.net\/portal\/2024\/03\/10\/austin-butler-interpreta-a-feyd-rautha-harkonnen-en-duna-parte-dos\/","og_locale":"es_ES","og_type":"article","og_title":"Austin Butler interpreta a Feyd-Rautha Harkonnen en Duna: parte dos - El Diario - Bolivia","og_description":"Felino, musculoso y con la alopecia en todo el cuerpo t\u00edpica de los Harkonnen, la inteligencia de Feyd-Rautha Harkonnen es equiparable a su crueldad\u2026 y emplea ambas en combate, lo que lo convierte en un enemigo realmente formidable para cualquiera que se cruce en su camino. Puede ser, tan solo, que el Bar\u00f3n Harkonnen tenga [&hellip;]","og_url":"https:\/\/www.eldiario.net\/portal\/2024\/03\/10\/austin-butler-interpreta-a-feyd-rautha-harkonnen-en-duna-parte-dos\/","og_site_name":"El Diario - Bolivia","article_publisher":"https:\/\/www.facebook.com\/eldiario.bolivia\/","article_published_time":"2024-03-10T04:17:57+00:00","og_image":[{"width":1875,"height":1055,"url":"https:\/\/www.eldiario.net\/portal\/wp-content\/uploads\/2024\/03\/Austin-Butler-interpreta-a-Feyd-Rautha-Harkonnen-en-Duna-parte-dos.jpg","type":"image\/jpeg"}],"author":"Jeanette","twitter_card":"summary_large_image","twitter_creator":"@eldiario_net","twitter_site":"@eldiario_net","twitter_misc":{"Escrito por":"Jeanette","Tiempo de lectura":"1 minuto"},"schema":{"@context":"https:\/\/schema.org","@graph":[{"@type":"Article","@id":"https:\/\/www.eldiario.net\/portal\/2024\/03\/10\/austin-butler-interpreta-a-feyd-rautha-harkonnen-en-duna-parte-dos\/#article","isPartOf":{"@id":"https:\/\/www.eldiario.net\/portal\/2024\/03\/10\/austin-butler-interpreta-a-feyd-rautha-harkonnen-en-duna-parte-dos\/"},"author":{"name":"Jeanette","@id":"https:\/\/www.eldiario.net\/portal\/#\/schema\/person\/f46445640444750d7d753ccd04ae01b7"},"headline":"Austin Butler interpreta a Feyd-Rautha Harkonnen en Duna: parte dos","datePublished":"2024-03-10T04:17:57+00:00","mainEntityOfPage":{"@id":"https:\/\/www.eldiario.net\/portal\/2024\/03\/10\/austin-butler-interpreta-a-feyd-rautha-harkonnen-en-duna-parte-dos\/"},"wordCount":813,"commentCount":0,"publisher":{"@id":"https:\/\/www.eldiario.net\/portal\/#organization"},"image":{"@id":"https:\/\/www.eldiario.net\/portal\/2024\/03\/10\/austin-butler-interpreta-a-feyd-rautha-harkonnen-en-duna-parte-dos\/#primaryimage"},"thumbnailUrl":"https:\/\/www.eldiario.net\/portal\/wp-content\/uploads\/2024\/03\/Austin-Butler-interpreta-a-Feyd-Rautha-Harkonnen-en-Duna-parte-dos.jpg","articleSection":["Cine Mundo"],"inLanguage":"es","potentialAction":[{"@type":"CommentAction","name":"Comment","target":["https:\/\/www.eldiario.net\/portal\/2024\/03\/10\/austin-butler-interpreta-a-feyd-rautha-harkonnen-en-duna-parte-dos\/#respond"]}]},{"@type":"WebPage","@id":"https:\/\/www.eldiario.net\/portal\/2024\/03\/10\/austin-butler-interpreta-a-feyd-rautha-harkonnen-en-duna-parte-dos\/","url":"https:\/\/www.eldiario.net\/portal\/2024\/03\/10\/austin-butler-interpreta-a-feyd-rautha-harkonnen-en-duna-parte-dos\/","name":"Austin Butler interpreta a Feyd-Rautha Harkonnen en Duna: parte dos - El Diario - Bolivia","isPartOf":{"@id":"https:\/\/www.eldiario.net\/portal\/#website"},"primaryImageOfPage":{"@id":"https:\/\/www.eldiario.net\/portal\/2024\/03\/10\/austin-butler-interpreta-a-feyd-rautha-harkonnen-en-duna-parte-dos\/#primaryimage"},"image":{"@id":"https:\/\/www.eldiario.net\/portal\/2024\/03\/10\/austin-butler-interpreta-a-feyd-rautha-harkonnen-en-duna-parte-dos\/#primaryimage"},"thumbnailUrl":"https:\/\/www.eldiario.net\/portal\/wp-content\/uploads\/2024\/03\/Austin-Butler-interpreta-a-Feyd-Rautha-Harkonnen-en-Duna-parte-dos.jpg","datePublished":"2024-03-10T04:17:57+00:00","breadcrumb":{"@id":"https:\/\/www.eldiario.net\/portal\/2024\/03\/10\/austin-butler-interpreta-a-feyd-rautha-harkonnen-en-duna-parte-dos\/#breadcrumb"},"inLanguage":"es","potentialAction":[{"@type":"ReadAction","target":["https:\/\/www.eldiario.net\/portal\/2024\/03\/10\/austin-butler-interpreta-a-feyd-rautha-harkonnen-en-duna-parte-dos\/"]}]},{"@type":"ImageObject","inLanguage":"es","@id":"https:\/\/www.eldiario.net\/portal\/2024\/03\/10\/austin-butler-interpreta-a-feyd-rautha-harkonnen-en-duna-parte-dos\/#primaryimage","url":"https:\/\/www.eldiario.net\/portal\/wp-content\/uploads\/2024\/03\/Austin-Butler-interpreta-a-Feyd-Rautha-Harkonnen-en-Duna-parte-dos.jpg","contentUrl":"https:\/\/www.eldiario.net\/portal\/wp-content\/uploads\/2024\/03\/Austin-Butler-interpreta-a-Feyd-Rautha-Harkonnen-en-Duna-parte-dos.jpg","width":1875,"height":1055},{"@type":"BreadcrumbList","@id":"https:\/\/www.eldiario.net\/portal\/2024\/03\/10\/austin-butler-interpreta-a-feyd-rautha-harkonnen-en-duna-parte-dos\/#breadcrumb","itemListElement":[{"@type":"ListItem","position":1,"name":"Portada","item":"https:\/\/www.eldiario.net\/portal\/"},{"@type":"ListItem","position":2,"name":"Austin Butler interpreta a Feyd-Rautha Harkonnen en Duna: parte dos"}]},{"@type":"WebSite","@id":"https:\/\/www.eldiario.net\/portal\/#website","url":"https:\/\/www.eldiario.net\/portal\/","name":"El Diario - Decano de la prensa nacional","description":"El Diario - Decano de la prensa nacional","publisher":{"@id":"https:\/\/www.eldiario.net\/portal\/#organization"},"potentialAction":[{"@type":"SearchAction","target":{"@type":"EntryPoint","urlTemplate":"https:\/\/www.eldiario.net\/portal\/?s={search_term_string}"},"query-input":{"@type":"PropertyValueSpecification","valueRequired":true,"valueName":"search_term_string"}}],"inLanguage":"es"},{"@type":"Organization","@id":"https:\/\/www.eldiario.net\/portal\/#organization","name":"El Diario - Decano de la prensa nacional","url":"https:\/\/www.eldiario.net\/portal\/","logo":{"@type":"ImageObject","inLanguage":"es","@id":"https:\/\/www.eldiario.net\/portal\/#\/schema\/logo\/image\/","url":"https:\/\/www.eldiario.net\/portal\/wp-content\/uploads\/2023\/07\/logo_ED.jpg","contentUrl":"https:\/\/www.eldiario.net\/portal\/wp-content\/uploads\/2023\/07\/logo_ED.jpg","width":272,"height":52,"caption":"El Diario - Decano de la prensa nacional"},"image":{"@id":"https:\/\/www.eldiario.net\/portal\/#\/schema\/logo\/image\/"},"sameAs":["https:\/\/www.facebook.com\/eldiario.bolivia\/","https:\/\/x.com\/eldiario_net"]},{"@type":"Person","@id":"https:\/\/www.eldiario.net\/portal\/#\/schema\/person\/f46445640444750d7d753ccd04ae01b7","name":"Jeanette","image":{"@type":"ImageObject","inLanguage":"es","@id":"https:\/\/secure.gravatar.com\/avatar\/3ea2118a5f7dad2b7138b1187a6b7ee55f160b9968b66013c3a3ef39dd7e5798?s=96&d=mm&r=g","url":"https:\/\/secure.gravatar.com\/avatar\/3ea2118a5f7dad2b7138b1187a6b7ee55f160b9968b66013c3a3ef39dd7e5798?s=96&d=mm&r=g","contentUrl":"https:\/\/secure.gravatar.com\/avatar\/3ea2118a5f7dad2b7138b1187a6b7ee55f160b9968b66013c3a3ef39dd7e5798?s=96&d=mm&r=g","caption":"Jeanette"},"sameAs":["https:\/\/www.eldiario.net\/portal"],"url":"https:\/\/www.eldiario.net\/portal\/author\/jeanette\/"}]}},"_links":{"self":[{"href":"https:\/\/www.eldiario.net\/portal\/wp-json\/wp\/v2\/posts\/207365","targetHints":{"allow":["GET"]}}],"collection":[{"href":"https:\/\/www.eldiario.net\/portal\/wp-json\/wp\/v2\/posts"}],"about":[{"href":"https:\/\/www.eldiario.net\/portal\/wp-json\/wp\/v2\/types\/post"}],"author":[{"embeddable":true,"href":"https:\/\/www.eldiario.net\/portal\/wp-json\/wp\/v2\/users\/1"}],"replies":[{"embeddable":true,"href":"https:\/\/www.eldiario.net\/portal\/wp-json\/wp\/v2\/comments?post=207365"}],"version-history":[{"count":1,"href":"https:\/\/www.eldiario.net\/portal\/wp-json\/wp\/v2\/posts\/207365\/revisions"}],"predecessor-version":[{"id":207367,"href":"https:\/\/www.eldiario.net\/portal\/wp-json\/wp\/v2\/posts\/207365\/revisions\/207367"}],"wp:featuredmedia":[{"embeddable":true,"href":"https:\/\/www.eldiario.net\/portal\/wp-json\/wp\/v2\/media\/207366"}],"wp:attachment":[{"href":"https:\/\/www.eldiario.net\/portal\/wp-json\/wp\/v2\/media?parent=207365"}],"wp:term":[{"taxonomy":"category","embeddable":true,"href":"https:\/\/www.eldiario.net\/portal\/wp-json\/wp\/v2\/categories?post=207365"},{"taxonomy":"post_tag","embeddable":true,"href":"https:\/\/www.eldiario.net\/portal\/wp-json\/wp\/v2\/tags?post=207365"}],"curies":[{"name":"wp","href":"https:\/\/api.w.org\/{rel}","templated":true}]}}