{"id":207362,"date":"2024-03-10T00:17:05","date_gmt":"2024-03-10T04:17:05","guid":{"rendered":"https:\/\/www.eldiario.net\/portal\/?p=207362"},"modified":"2024-03-09T07:17:50","modified_gmt":"2024-03-09T11:17:50","slug":"dave-bautista-es-la-bestia-rabban-harkonnen-en-duna-parte-dos","status":"publish","type":"post","link":"https:\/\/www.eldiario.net\/portal\/2024\/03\/10\/dave-bautista-es-la-bestia-rabban-harkonnen-en-duna-parte-dos\/","title":{"rendered":"Dave Bautista es la \u201cBestia\u201d Rabban Harkonnen en Duna: parte dos"},"content":{"rendered":"<p>Tan animal y salvaje como su nombre indica, la Bestia Rabban \u2014sobrino del s\u00e1dico Bar\u00f3n Vladimir Harkonnen\u2014 sigue como el pilar de su fuerza en Arrakis&#8230; por ahora. Aunque sigue siendo una fuerza brutal de la naturaleza, los arrebatos de Rabban son a\u00fan m\u00e1s incomprensibles e impredecibles a medida que su ira crece continuamente, junto con su obsesi\u00f3n por librar a Arrakis de los Fremen.  Sin embargo, Rabban ignora que su posici\u00f3n de poder pronto puede verse desafiada por uno de los suyos.<\/p>\n<p>Sobre trabajar nuevamente con su colaborador habitual, Denis Villeneuve&#8230;<br \/>\n\u201cSiempre he tenido muy buenas experiencias trabajando con Denis, por lo que siempre anhelo volver a un set con \u00e9l. Siempre me reta a dar lo mejor de m\u00ed. Siempre espero sus notas, porque s\u00e9 que cuando las da, es un nuevo desaf\u00edo. Quiero estar a la altura de las circunstancias para \u00e9l, y cuando \u00e9l est\u00e1 contento, yo estoy contento\u201d.<\/p>\n<p>Sobre c\u00f3mo nosotros \u2013y \u00e9l\u2013 encontramos a su personaje, \u201cBestia\u201d Rabban, en esta pel\u00edcula&#8230;<br \/>\n\u201cRabban es un bruto, un psic\u00f3pata, un asesino\u2026 y as\u00ed es como gobierna. Gobierna con ira y miedo.  Creo que subestima todo a lo que se enfrenta, tiene poder bruto, pero no mucho cerebro detr\u00e1s. Es un mat\u00f3n y un cobarde, pero as\u00ed es como se las arregla, con su intimidaci\u00f3n, su miedo y su ira. Solo que esta vez, no le est\u00e1 funcionando\u201d.  <\/p>\n<p>Sobre la experiencia de interpretar, nuevamente, el papel&#8230;<br \/>\n\u201cInterpretar a un personaje as\u00ed, tan diferente de lo que soy, es lo que me entusiasma. Tuve la oportunidad de esforzarme e actuar. Como el resto del reparto fue tan grandioso, me sent\u00ed muy c\u00f3modo al hacer lo m\u00edo, sin preocuparme de que me juzgaran. Formar parte de un reparto as\u00ed es un lujo, porque puedes dar un paso atr\u00e1s y ver a actores realmente brillantes hacer lo suyo.  Sacaron lo mejor de cada uno en lugar de competir entre ellos\u201d.<\/p>\n<p>Sobre sus esperanzas en la reacci\u00f3n del p\u00fablico ante \u201cDuna: parte dos\u201d &#8230;<br \/>\n\u201cEspero que cuando los fans de la primera vean esta pel\u00edcula, se sientan tan satisfechos como se sintieron con \u2018Duna\u2019.  Espero que se sientan inspirados, cautivados y maravillados por el universo que Denis cre\u00f3 y que ahora ha ampliado de una forma totalmente nueva. Espero que estas pel\u00edculas vivan para siempre\u201d.<\/p>\n","protected":false},"excerpt":{"rendered":"<p>Tan animal y salvaje como su nombre indica, la Bestia Rabban \u2014sobrino del s\u00e1dico Bar\u00f3n Vladimir Harkonnen\u2014 sigue como el pilar de su fuerza en Arrakis&#8230; por ahora. Aunque sigue siendo una fuerza brutal de la naturaleza, los arrebatos de Rabban son a\u00fan m\u00e1s incomprensibles e impredecibles a medida que su ira crece continuamente, junto [&hellip;]<\/p>\n","protected":false},"author":1,"featured_media":207363,"comment_status":"open","ping_status":"open","sticky":false,"template":"","format":"standard","meta":{"_acf_changed":false,"footnotes":""},"categories":[45],"tags":[],"class_list":["post-207362","post","type-post","status-publish","format-standard","has-post-thumbnail","category-cine-mundo"],"acf":{"antetitulo":""},"yoast_head":"<!-- This site is optimized with the Yoast SEO plugin v28.3 - https:\/\/yoast.com\/product\/yoast-seo-wordpress\/ -->\n<title>Dave Bautista es la \u201cBestia\u201d Rabban Harkonnen en Duna: parte dos - El Diario - Bolivia<\/title>\n<meta name=\"robots\" content=\"index, follow, max-snippet:-1, max-image-preview:large, max-video-preview:-1\" \/>\n<link rel=\"canonical\" href=\"https:\/\/www.eldiario.net\/portal\/2024\/03\/10\/dave-bautista-es-la-bestia-rabban-harkonnen-en-duna-parte-dos\/\" \/>\n<meta property=\"og:locale\" content=\"es_ES\" \/>\n<meta property=\"og:type\" content=\"article\" \/>\n<meta property=\"og:title\" content=\"Dave Bautista es la \u201cBestia\u201d Rabban Harkonnen en Duna: parte dos - El Diario - Bolivia\" \/>\n<meta property=\"og:description\" content=\"Tan animal y salvaje como su nombre indica, la Bestia Rabban \u2014sobrino del s\u00e1dico Bar\u00f3n Vladimir Harkonnen\u2014 sigue como el pilar de su fuerza en Arrakis&#8230; por ahora. Aunque sigue siendo una fuerza brutal de la naturaleza, los arrebatos de Rabban son a\u00fan m\u00e1s incomprensibles e impredecibles a medida que su ira crece continuamente, junto [&hellip;]\" \/>\n<meta property=\"og:url\" content=\"https:\/\/www.eldiario.net\/portal\/2024\/03\/10\/dave-bautista-es-la-bestia-rabban-harkonnen-en-duna-parte-dos\/\" \/>\n<meta property=\"og:site_name\" content=\"El Diario - Bolivia\" \/>\n<meta property=\"article:publisher\" content=\"https:\/\/www.facebook.com\/eldiario.bolivia\/\" \/>\n<meta property=\"article:published_time\" content=\"2024-03-10T04:17:05+00:00\" \/>\n<meta property=\"og:image\" content=\"https:\/\/www.eldiario.net\/portal\/wp-content\/uploads\/2024\/03\/Dave-Bautista-es-la-Bestia-Rabban-Harkonnen-en-Duna-parte-dos-scaled.jpg\" \/>\n\t<meta property=\"og:image:width\" content=\"2560\" \/>\n\t<meta property=\"og:image:height\" content=\"1707\" \/>\n\t<meta property=\"og:image:type\" content=\"image\/jpeg\" \/>\n<meta name=\"author\" content=\"Jeanette\" \/>\n<meta name=\"twitter:card\" content=\"summary_large_image\" \/>\n<meta name=\"twitter:creator\" content=\"@eldiario_net\" \/>\n<meta name=\"twitter:site\" content=\"@eldiario_net\" \/>\n<meta name=\"twitter:label1\" content=\"Escrito por\" \/>\n\t<meta name=\"twitter:data1\" content=\"Jeanette\" \/>\n\t<meta name=\"twitter:label2\" content=\"Tiempo de lectura\" \/>\n\t<meta name=\"twitter:data2\" content=\"1 minuto\" \/>\n<script type=\"application\/ld+json\" class=\"yoast-schema-graph\">{\"@context\":\"https:\\\/\\\/schema.org\",\"@graph\":[{\"@type\":\"Article\",\"@id\":\"https:\\\/\\\/www.eldiario.net\\\/portal\\\/2024\\\/03\\\/10\\\/dave-bautista-es-la-bestia-rabban-harkonnen-en-duna-parte-dos\\\/#article\",\"isPartOf\":{\"@id\":\"https:\\\/\\\/www.eldiario.net\\\/portal\\\/2024\\\/03\\\/10\\\/dave-bautista-es-la-bestia-rabban-harkonnen-en-duna-parte-dos\\\/\"},\"author\":{\"name\":\"Jeanette\",\"@id\":\"https:\\\/\\\/www.eldiario.net\\\/portal\\\/#\\\/schema\\\/person\\\/f46445640444750d7d753ccd04ae01b7\"},\"headline\":\"Dave Bautista es la \u201cBestia\u201d Rabban Harkonnen en Duna: parte dos\",\"datePublished\":\"2024-03-10T04:17:05+00:00\",\"mainEntityOfPage\":{\"@id\":\"https:\\\/\\\/www.eldiario.net\\\/portal\\\/2024\\\/03\\\/10\\\/dave-bautista-es-la-bestia-rabban-harkonnen-en-duna-parte-dos\\\/\"},\"wordCount\":414,\"commentCount\":0,\"publisher\":{\"@id\":\"https:\\\/\\\/www.eldiario.net\\\/portal\\\/#organization\"},\"image\":{\"@id\":\"https:\\\/\\\/www.eldiario.net\\\/portal\\\/2024\\\/03\\\/10\\\/dave-bautista-es-la-bestia-rabban-harkonnen-en-duna-parte-dos\\\/#primaryimage\"},\"thumbnailUrl\":\"https:\\\/\\\/www.eldiario.net\\\/portal\\\/wp-content\\\/uploads\\\/2024\\\/03\\\/Dave-Bautista-es-la-Bestia-Rabban-Harkonnen-en-Duna-parte-dos-scaled.jpg\",\"articleSection\":[\"Cine Mundo\"],\"inLanguage\":\"es\",\"potentialAction\":[{\"@type\":\"CommentAction\",\"name\":\"Comment\",\"target\":[\"https:\\\/\\\/www.eldiario.net\\\/portal\\\/2024\\\/03\\\/10\\\/dave-bautista-es-la-bestia-rabban-harkonnen-en-duna-parte-dos\\\/#respond\"]}]},{\"@type\":\"WebPage\",\"@id\":\"https:\\\/\\\/www.eldiario.net\\\/portal\\\/2024\\\/03\\\/10\\\/dave-bautista-es-la-bestia-rabban-harkonnen-en-duna-parte-dos\\\/\",\"url\":\"https:\\\/\\\/www.eldiario.net\\\/portal\\\/2024\\\/03\\\/10\\\/dave-bautista-es-la-bestia-rabban-harkonnen-en-duna-parte-dos\\\/\",\"name\":\"Dave Bautista es la \u201cBestia\u201d Rabban Harkonnen en Duna: parte dos - El Diario - Bolivia\",\"isPartOf\":{\"@id\":\"https:\\\/\\\/www.eldiario.net\\\/portal\\\/#website\"},\"primaryImageOfPage\":{\"@id\":\"https:\\\/\\\/www.eldiario.net\\\/portal\\\/2024\\\/03\\\/10\\\/dave-bautista-es-la-bestia-rabban-harkonnen-en-duna-parte-dos\\\/#primaryimage\"},\"image\":{\"@id\":\"https:\\\/\\\/www.eldiario.net\\\/portal\\\/2024\\\/03\\\/10\\\/dave-bautista-es-la-bestia-rabban-harkonnen-en-duna-parte-dos\\\/#primaryimage\"},\"thumbnailUrl\":\"https:\\\/\\\/www.eldiario.net\\\/portal\\\/wp-content\\\/uploads\\\/2024\\\/03\\\/Dave-Bautista-es-la-Bestia-Rabban-Harkonnen-en-Duna-parte-dos-scaled.jpg\",\"datePublished\":\"2024-03-10T04:17:05+00:00\",\"breadcrumb\":{\"@id\":\"https:\\\/\\\/www.eldiario.net\\\/portal\\\/2024\\\/03\\\/10\\\/dave-bautista-es-la-bestia-rabban-harkonnen-en-duna-parte-dos\\\/#breadcrumb\"},\"inLanguage\":\"es\",\"potentialAction\":[{\"@type\":\"ReadAction\",\"target\":[\"https:\\\/\\\/www.eldiario.net\\\/portal\\\/2024\\\/03\\\/10\\\/dave-bautista-es-la-bestia-rabban-harkonnen-en-duna-parte-dos\\\/\"]}]},{\"@type\":\"ImageObject\",\"inLanguage\":\"es\",\"@id\":\"https:\\\/\\\/www.eldiario.net\\\/portal\\\/2024\\\/03\\\/10\\\/dave-bautista-es-la-bestia-rabban-harkonnen-en-duna-parte-dos\\\/#primaryimage\",\"url\":\"https:\\\/\\\/www.eldiario.net\\\/portal\\\/wp-content\\\/uploads\\\/2024\\\/03\\\/Dave-Bautista-es-la-Bestia-Rabban-Harkonnen-en-Duna-parte-dos-scaled.jpg\",\"contentUrl\":\"https:\\\/\\\/www.eldiario.net\\\/portal\\\/wp-content\\\/uploads\\\/2024\\\/03\\\/Dave-Bautista-es-la-Bestia-Rabban-Harkonnen-en-Duna-parte-dos-scaled.jpg\",\"width\":2560,\"height\":1707},{\"@type\":\"BreadcrumbList\",\"@id\":\"https:\\\/\\\/www.eldiario.net\\\/portal\\\/2024\\\/03\\\/10\\\/dave-bautista-es-la-bestia-rabban-harkonnen-en-duna-parte-dos\\\/#breadcrumb\",\"itemListElement\":[{\"@type\":\"ListItem\",\"position\":1,\"name\":\"Portada\",\"item\":\"https:\\\/\\\/www.eldiario.net\\\/portal\\\/\"},{\"@type\":\"ListItem\",\"position\":2,\"name\":\"Dave Bautista es la \u201cBestia\u201d Rabban Harkonnen en Duna: parte dos\"}]},{\"@type\":\"WebSite\",\"@id\":\"https:\\\/\\\/www.eldiario.net\\\/portal\\\/#website\",\"url\":\"https:\\\/\\\/www.eldiario.net\\\/portal\\\/\",\"name\":\"El Diario - Decano de la prensa nacional\",\"description\":\"El Diario - Decano de la prensa nacional\",\"publisher\":{\"@id\":\"https:\\\/\\\/www.eldiario.net\\\/portal\\\/#organization\"},\"potentialAction\":[{\"@type\":\"SearchAction\",\"target\":{\"@type\":\"EntryPoint\",\"urlTemplate\":\"https:\\\/\\\/www.eldiario.net\\\/portal\\\/?s={search_term_string}\"},\"query-input\":{\"@type\":\"PropertyValueSpecification\",\"valueRequired\":true,\"valueName\":\"search_term_string\"}}],\"inLanguage\":\"es\"},{\"@type\":\"Organization\",\"@id\":\"https:\\\/\\\/www.eldiario.net\\\/portal\\\/#organization\",\"name\":\"El Diario - Decano de la prensa nacional\",\"url\":\"https:\\\/\\\/www.eldiario.net\\\/portal\\\/\",\"logo\":{\"@type\":\"ImageObject\",\"inLanguage\":\"es\",\"@id\":\"https:\\\/\\\/www.eldiario.net\\\/portal\\\/#\\\/schema\\\/logo\\\/image\\\/\",\"url\":\"https:\\\/\\\/www.eldiario.net\\\/portal\\\/wp-content\\\/uploads\\\/2023\\\/07\\\/logo_ED.jpg\",\"contentUrl\":\"https:\\\/\\\/www.eldiario.net\\\/portal\\\/wp-content\\\/uploads\\\/2023\\\/07\\\/logo_ED.jpg\",\"width\":272,\"height\":52,\"caption\":\"El Diario - Decano de la prensa nacional\"},\"image\":{\"@id\":\"https:\\\/\\\/www.eldiario.net\\\/portal\\\/#\\\/schema\\\/logo\\\/image\\\/\"},\"sameAs\":[\"https:\\\/\\\/www.facebook.com\\\/eldiario.bolivia\\\/\",\"https:\\\/\\\/x.com\\\/eldiario_net\"]},{\"@type\":\"Person\",\"@id\":\"https:\\\/\\\/www.eldiario.net\\\/portal\\\/#\\\/schema\\\/person\\\/f46445640444750d7d753ccd04ae01b7\",\"name\":\"Jeanette\",\"image\":{\"@type\":\"ImageObject\",\"inLanguage\":\"es\",\"@id\":\"https:\\\/\\\/secure.gravatar.com\\\/avatar\\\/3ea2118a5f7dad2b7138b1187a6b7ee55f160b9968b66013c3a3ef39dd7e5798?s=96&d=mm&r=g\",\"url\":\"https:\\\/\\\/secure.gravatar.com\\\/avatar\\\/3ea2118a5f7dad2b7138b1187a6b7ee55f160b9968b66013c3a3ef39dd7e5798?s=96&d=mm&r=g\",\"contentUrl\":\"https:\\\/\\\/secure.gravatar.com\\\/avatar\\\/3ea2118a5f7dad2b7138b1187a6b7ee55f160b9968b66013c3a3ef39dd7e5798?s=96&d=mm&r=g\",\"caption\":\"Jeanette\"},\"sameAs\":[\"https:\\\/\\\/www.eldiario.net\\\/portal\"],\"url\":\"https:\\\/\\\/www.eldiario.net\\\/portal\\\/author\\\/jeanette\\\/\"}]}<\/script>\n<!-- \/ Yoast SEO plugin. -->","yoast_head_json":{"title":"Dave Bautista es la \u201cBestia\u201d Rabban Harkonnen en Duna: parte dos - El Diario - Bolivia","robots":{"index":"index","follow":"follow","max-snippet":"max-snippet:-1","max-image-preview":"max-image-preview:large","max-video-preview":"max-video-preview:-1"},"canonical":"https:\/\/www.eldiario.net\/portal\/2024\/03\/10\/dave-bautista-es-la-bestia-rabban-harkonnen-en-duna-parte-dos\/","og_locale":"es_ES","og_type":"article","og_title":"Dave Bautista es la \u201cBestia\u201d Rabban Harkonnen en Duna: parte dos - El Diario - Bolivia","og_description":"Tan animal y salvaje como su nombre indica, la Bestia Rabban \u2014sobrino del s\u00e1dico Bar\u00f3n Vladimir Harkonnen\u2014 sigue como el pilar de su fuerza en Arrakis&#8230; por ahora. Aunque sigue siendo una fuerza brutal de la naturaleza, los arrebatos de Rabban son a\u00fan m\u00e1s incomprensibles e impredecibles a medida que su ira crece continuamente, junto [&hellip;]","og_url":"https:\/\/www.eldiario.net\/portal\/2024\/03\/10\/dave-bautista-es-la-bestia-rabban-harkonnen-en-duna-parte-dos\/","og_site_name":"El Diario - Bolivia","article_publisher":"https:\/\/www.facebook.com\/eldiario.bolivia\/","article_published_time":"2024-03-10T04:17:05+00:00","og_image":[{"width":2560,"height":1707,"url":"https:\/\/www.eldiario.net\/portal\/wp-content\/uploads\/2024\/03\/Dave-Bautista-es-la-Bestia-Rabban-Harkonnen-en-Duna-parte-dos-scaled.jpg","type":"image\/jpeg"}],"author":"Jeanette","twitter_card":"summary_large_image","twitter_creator":"@eldiario_net","twitter_site":"@eldiario_net","twitter_misc":{"Escrito por":"Jeanette","Tiempo de lectura":"1 minuto"},"schema":{"@context":"https:\/\/schema.org","@graph":[{"@type":"Article","@id":"https:\/\/www.eldiario.net\/portal\/2024\/03\/10\/dave-bautista-es-la-bestia-rabban-harkonnen-en-duna-parte-dos\/#article","isPartOf":{"@id":"https:\/\/www.eldiario.net\/portal\/2024\/03\/10\/dave-bautista-es-la-bestia-rabban-harkonnen-en-duna-parte-dos\/"},"author":{"name":"Jeanette","@id":"https:\/\/www.eldiario.net\/portal\/#\/schema\/person\/f46445640444750d7d753ccd04ae01b7"},"headline":"Dave Bautista es la \u201cBestia\u201d Rabban Harkonnen en Duna: parte dos","datePublished":"2024-03-10T04:17:05+00:00","mainEntityOfPage":{"@id":"https:\/\/www.eldiario.net\/portal\/2024\/03\/10\/dave-bautista-es-la-bestia-rabban-harkonnen-en-duna-parte-dos\/"},"wordCount":414,"commentCount":0,"publisher":{"@id":"https:\/\/www.eldiario.net\/portal\/#organization"},"image":{"@id":"https:\/\/www.eldiario.net\/portal\/2024\/03\/10\/dave-bautista-es-la-bestia-rabban-harkonnen-en-duna-parte-dos\/#primaryimage"},"thumbnailUrl":"https:\/\/www.eldiario.net\/portal\/wp-content\/uploads\/2024\/03\/Dave-Bautista-es-la-Bestia-Rabban-Harkonnen-en-Duna-parte-dos-scaled.jpg","articleSection":["Cine Mundo"],"inLanguage":"es","potentialAction":[{"@type":"CommentAction","name":"Comment","target":["https:\/\/www.eldiario.net\/portal\/2024\/03\/10\/dave-bautista-es-la-bestia-rabban-harkonnen-en-duna-parte-dos\/#respond"]}]},{"@type":"WebPage","@id":"https:\/\/www.eldiario.net\/portal\/2024\/03\/10\/dave-bautista-es-la-bestia-rabban-harkonnen-en-duna-parte-dos\/","url":"https:\/\/www.eldiario.net\/portal\/2024\/03\/10\/dave-bautista-es-la-bestia-rabban-harkonnen-en-duna-parte-dos\/","name":"Dave Bautista es la \u201cBestia\u201d Rabban Harkonnen en Duna: parte dos - El Diario - Bolivia","isPartOf":{"@id":"https:\/\/www.eldiario.net\/portal\/#website"},"primaryImageOfPage":{"@id":"https:\/\/www.eldiario.net\/portal\/2024\/03\/10\/dave-bautista-es-la-bestia-rabban-harkonnen-en-duna-parte-dos\/#primaryimage"},"image":{"@id":"https:\/\/www.eldiario.net\/portal\/2024\/03\/10\/dave-bautista-es-la-bestia-rabban-harkonnen-en-duna-parte-dos\/#primaryimage"},"thumbnailUrl":"https:\/\/www.eldiario.net\/portal\/wp-content\/uploads\/2024\/03\/Dave-Bautista-es-la-Bestia-Rabban-Harkonnen-en-Duna-parte-dos-scaled.jpg","datePublished":"2024-03-10T04:17:05+00:00","breadcrumb":{"@id":"https:\/\/www.eldiario.net\/portal\/2024\/03\/10\/dave-bautista-es-la-bestia-rabban-harkonnen-en-duna-parte-dos\/#breadcrumb"},"inLanguage":"es","potentialAction":[{"@type":"ReadAction","target":["https:\/\/www.eldiario.net\/portal\/2024\/03\/10\/dave-bautista-es-la-bestia-rabban-harkonnen-en-duna-parte-dos\/"]}]},{"@type":"ImageObject","inLanguage":"es","@id":"https:\/\/www.eldiario.net\/portal\/2024\/03\/10\/dave-bautista-es-la-bestia-rabban-harkonnen-en-duna-parte-dos\/#primaryimage","url":"https:\/\/www.eldiario.net\/portal\/wp-content\/uploads\/2024\/03\/Dave-Bautista-es-la-Bestia-Rabban-Harkonnen-en-Duna-parte-dos-scaled.jpg","contentUrl":"https:\/\/www.eldiario.net\/portal\/wp-content\/uploads\/2024\/03\/Dave-Bautista-es-la-Bestia-Rabban-Harkonnen-en-Duna-parte-dos-scaled.jpg","width":2560,"height":1707},{"@type":"BreadcrumbList","@id":"https:\/\/www.eldiario.net\/portal\/2024\/03\/10\/dave-bautista-es-la-bestia-rabban-harkonnen-en-duna-parte-dos\/#breadcrumb","itemListElement":[{"@type":"ListItem","position":1,"name":"Portada","item":"https:\/\/www.eldiario.net\/portal\/"},{"@type":"ListItem","position":2,"name":"Dave Bautista es la \u201cBestia\u201d Rabban Harkonnen en Duna: parte dos"}]},{"@type":"WebSite","@id":"https:\/\/www.eldiario.net\/portal\/#website","url":"https:\/\/www.eldiario.net\/portal\/","name":"El Diario - Decano de la prensa nacional","description":"El Diario - Decano de la prensa nacional","publisher":{"@id":"https:\/\/www.eldiario.net\/portal\/#organization"},"potentialAction":[{"@type":"SearchAction","target":{"@type":"EntryPoint","urlTemplate":"https:\/\/www.eldiario.net\/portal\/?s={search_term_string}"},"query-input":{"@type":"PropertyValueSpecification","valueRequired":true,"valueName":"search_term_string"}}],"inLanguage":"es"},{"@type":"Organization","@id":"https:\/\/www.eldiario.net\/portal\/#organization","name":"El Diario - Decano de la prensa nacional","url":"https:\/\/www.eldiario.net\/portal\/","logo":{"@type":"ImageObject","inLanguage":"es","@id":"https:\/\/www.eldiario.net\/portal\/#\/schema\/logo\/image\/","url":"https:\/\/www.eldiario.net\/portal\/wp-content\/uploads\/2023\/07\/logo_ED.jpg","contentUrl":"https:\/\/www.eldiario.net\/portal\/wp-content\/uploads\/2023\/07\/logo_ED.jpg","width":272,"height":52,"caption":"El Diario - Decano de la prensa nacional"},"image":{"@id":"https:\/\/www.eldiario.net\/portal\/#\/schema\/logo\/image\/"},"sameAs":["https:\/\/www.facebook.com\/eldiario.bolivia\/","https:\/\/x.com\/eldiario_net"]},{"@type":"Person","@id":"https:\/\/www.eldiario.net\/portal\/#\/schema\/person\/f46445640444750d7d753ccd04ae01b7","name":"Jeanette","image":{"@type":"ImageObject","inLanguage":"es","@id":"https:\/\/secure.gravatar.com\/avatar\/3ea2118a5f7dad2b7138b1187a6b7ee55f160b9968b66013c3a3ef39dd7e5798?s=96&d=mm&r=g","url":"https:\/\/secure.gravatar.com\/avatar\/3ea2118a5f7dad2b7138b1187a6b7ee55f160b9968b66013c3a3ef39dd7e5798?s=96&d=mm&r=g","contentUrl":"https:\/\/secure.gravatar.com\/avatar\/3ea2118a5f7dad2b7138b1187a6b7ee55f160b9968b66013c3a3ef39dd7e5798?s=96&d=mm&r=g","caption":"Jeanette"},"sameAs":["https:\/\/www.eldiario.net\/portal"],"url":"https:\/\/www.eldiario.net\/portal\/author\/jeanette\/"}]}},"_links":{"self":[{"href":"https:\/\/www.eldiario.net\/portal\/wp-json\/wp\/v2\/posts\/207362","targetHints":{"allow":["GET"]}}],"collection":[{"href":"https:\/\/www.eldiario.net\/portal\/wp-json\/wp\/v2\/posts"}],"about":[{"href":"https:\/\/www.eldiario.net\/portal\/wp-json\/wp\/v2\/types\/post"}],"author":[{"embeddable":true,"href":"https:\/\/www.eldiario.net\/portal\/wp-json\/wp\/v2\/users\/1"}],"replies":[{"embeddable":true,"href":"https:\/\/www.eldiario.net\/portal\/wp-json\/wp\/v2\/comments?post=207362"}],"version-history":[{"count":1,"href":"https:\/\/www.eldiario.net\/portal\/wp-json\/wp\/v2\/posts\/207362\/revisions"}],"predecessor-version":[{"id":207364,"href":"https:\/\/www.eldiario.net\/portal\/wp-json\/wp\/v2\/posts\/207362\/revisions\/207364"}],"wp:featuredmedia":[{"embeddable":true,"href":"https:\/\/www.eldiario.net\/portal\/wp-json\/wp\/v2\/media\/207363"}],"wp:attachment":[{"href":"https:\/\/www.eldiario.net\/portal\/wp-json\/wp\/v2\/media?parent=207362"}],"wp:term":[{"taxonomy":"category","embeddable":true,"href":"https:\/\/www.eldiario.net\/portal\/wp-json\/wp\/v2\/categories?post=207362"},{"taxonomy":"post_tag","embeddable":true,"href":"https:\/\/www.eldiario.net\/portal\/wp-json\/wp\/v2\/tags?post=207362"}],"curies":[{"name":"wp","href":"https:\/\/api.w.org\/{rel}","templated":true}]}}