{"id":207347,"date":"2024-03-10T00:13:09","date_gmt":"2024-03-10T04:13:09","guid":{"rendered":"https:\/\/www.eldiario.net\/portal\/?p=207347"},"modified":"2024-03-09T07:14:20","modified_gmt":"2024-03-09T11:14:20","slug":"jorge-sanjines-aramayo-habla-de-los-viejos-soldados","status":"publish","type":"post","link":"https:\/\/www.eldiario.net\/portal\/2024\/03\/10\/jorge-sanjines-aramayo-habla-de-los-viejos-soldados\/","title":{"rendered":"Jorge Sanjin\u00e9s Aramayo habla de Los Viejos Soldados"},"content":{"rendered":"<p>El maestro Jorge Sanjin\u00e9s Aramayo habla de Los Viejos Soldados, su m\u00e1s reciente pel\u00edcula que ya se exhibe con mucho \u00e9xito en los cines de Bolivia-<br \/>\nLos Viejos Soldados trata del desencuentro en nuestra sociedad boliviana. Desencuentro entre la ciudad y el mundo rural; desencuentro entre habitantes originarios y descendientes blancos y mestizos de los invasores espa\u00f1oles del siglo XVI; desencuentro de culturas, de cosmovisiones, de modos y maneras de ver la Naturaleza, de componer la sociedad. Unos al modo occidental, los otros a su manera ancestral, unos priorizando el yo, otros pens\u00e1ndose primero nosotros, despu\u00e9s yo.<br \/>\nCreo que es el desaf\u00edo m\u00e1ximo que enfrenta hoy la sociedad boliviana. Si ese desencuentro no se resuelve, podr\u00eda generar un enfrentamiento feroz. Por eso es importante comprender ese desencuentro, escarbar en su origen, en su equ\u00edvoco, en su peligro.<br \/>\nLa pel\u00edcula que realizamos intenta generar una honda reflexi\u00f3n sobre ese fen\u00f3meno pernicioso que tiene profundas ra\u00edces, tal vez tan inmensas que no sea posible desentra\u00f1arlas y contenerlas, pero es ineludible intentar sembrar luces, convocar a la fantas\u00eda y al amor para resolver ese peligro que acecha si no se lo encara.<br \/>\nA prop\u00f3sito, Ren\u00e9 Zavaleta, probablemente el m\u00e1s l\u00facido soci\u00f3logo de Bolivia, escribi\u00f3: \u201cdiezmar indios sin razones en la guerra evidenciaba una ansiedad secreta de suprimirlos, lo que estaba en la l\u00f3gica del darwinismo social\u201d, comenta el director.<br \/>\nLa historia<br \/>\nEn medio de la Guerra del Chaco, Guillermo, un joven burgu\u00e9s, salva de morir a Sebasti\u00e1n, un campesino aymara. Con el tiempo, forjan una amistad. Guillermo se rebela contra su coronel por un comportamiento racista, es juzgado y condenado a la pena de muerte. Guillermo es ayudado a escapar y Sebasti\u00e1n lo acompa\u00f1a en la huida en medio del Chaco boliviano. Durante el escape, se enfrentar\u00e1n a las m\u00e1s duras condiciones del lugar, casi llegando a morir por falta de agua. Al llegar a una poblaci\u00f3n, se separan y\u00e9ndose por caminos opuestos y prometen volver a encontrarse.<br \/>\n\r\n                <style type=\"text\/css\">\r\n                    \r\n                    #tdi_1  .td-doubleSlider-2 .td-item1 {\r\n                        background: url(https:\/\/www.eldiario.net\/portal\/wp-content\/uploads\/2024\/03\/Jorge-Sanjines-Aramayo-habla-de-Los-Viejos-Soldados-2-scaled.jpg) 0 0 no-repeat;\r\n                    }\r\n                    #tdi_1  .td-doubleSlider-2 .td-item2 {\r\n                        background: url(https:\/\/www.eldiario.net\/portal\/wp-content\/uploads\/2024\/03\/Jorge-Sanjines-Aramayo-habla-de-Los-Viejos-Soldados-3-scaled.jpg) 0 0 no-repeat;\r\n                    }\r\n                    #tdi_1  .td-doubleSlider-2 .td-item3 {\r\n                        background: url(https:\/\/www.eldiario.net\/portal\/wp-content\/uploads\/2024\/03\/Jorge-Sanjines-Aramayo-habla-de-Los-Viejos-Soldados-4-scaled.jpg) 0 0 no-repeat;\r\n                    }\r\n                    #tdi_1  .td-doubleSlider-2 .td-item4 {\r\n                        background: url(https:\/\/www.eldiario.net\/portal\/wp-content\/uploads\/2024\/03\/Jorge-Sanjines-Aramayo-habla-de-Los-Viejos-Soldados-scaled.jpg) 0 0 no-repeat;\r\n                    }\r\n                <\/style>\r\n\r\n                <div id=\"tdi_1\" class=\"td-gallery td-slide-on-2-columns\">\r\n                    <div class=\"post_td_gallery\">\r\n                        <div class=\"td-gallery-slide-top\">\r\n                           <div class=\"td-gallery-title\"><\/div>\r\n\r\n                            <div class=\"td-gallery-controls-wrapper\">\r\n                                <div class=\"td-gallery-slide-count\"><span class=\"td-gallery-slide-item-focus\">1<\/span> de 4<\/div>\r\n                                <div class=\"td-gallery-slide-prev-next-but\">\r\n                                    <i class = \"td-icon-left doubleSliderPrevButton\"><\/i>\r\n                                    <i class = \"td-icon-right doubleSliderNextButton\"><\/i>\r\n                                <\/div>\r\n                            <\/div>\r\n                        <\/div>\r\n\r\n                        <div class = \"td-doubleSlider-1 \">\r\n                            <div class = \"td-slider\">\r\n                                \r\n                    <div class = \"td-slide-item td-item1\">\r\n                        <figure class=\"td-slide-galery-figure td-slide-popup-gallery\">\r\n                            <a class=\"slide-gallery-image-link\" href=\"https:\/\/www.eldiario.net\/portal\/wp-content\/uploads\/2024\/03\/Jorge-Sanjines-Aramayo-habla-de-Los-Viejos-Soldados-2-scaled.jpg\" title=\"Jorge Sanjin\u00e9s Aramayo habla de Los Viejos Soldados (2)\"  data-caption=\"\"  data-description=\"\">\r\n                                <img decoding=\"async\" src=\"https:\/\/www.eldiario.net\/portal\/wp-content\/uploads\/2024\/03\/Jorge-Sanjines-Aramayo-habla-de-Los-Viejos-Soldados-2-scaled.jpg\" srcset=\"https:\/\/www.eldiario.net\/portal\/wp-content\/uploads\/2024\/03\/Jorge-Sanjines-Aramayo-habla-de-Los-Viejos-Soldados-2-scaled.jpg 2560w, https:\/\/www.eldiario.net\/portal\/wp-content\/uploads\/2024\/03\/Jorge-Sanjines-Aramayo-habla-de-Los-Viejos-Soldados-2-300x200.jpg 300w, https:\/\/www.eldiario.net\/portal\/wp-content\/uploads\/2024\/03\/Jorge-Sanjines-Aramayo-habla-de-Los-Viejos-Soldados-2-1024x683.jpg 1024w, https:\/\/www.eldiario.net\/portal\/wp-content\/uploads\/2024\/03\/Jorge-Sanjines-Aramayo-habla-de-Los-Viejos-Soldados-2-768x512.jpg 768w, https:\/\/www.eldiario.net\/portal\/wp-content\/uploads\/2024\/03\/Jorge-Sanjines-Aramayo-habla-de-Los-Viejos-Soldados-2-1536x1024.jpg 1536w, https:\/\/www.eldiario.net\/portal\/wp-content\/uploads\/2024\/03\/Jorge-Sanjines-Aramayo-habla-de-Los-Viejos-Soldados-2-2048x1365.jpg 2048w, https:\/\/www.eldiario.net\/portal\/wp-content\/uploads\/2024\/03\/Jorge-Sanjines-Aramayo-habla-de-Los-Viejos-Soldados-2-696x464.jpg 696w, https:\/\/www.eldiario.net\/portal\/wp-content\/uploads\/2024\/03\/Jorge-Sanjines-Aramayo-habla-de-Los-Viejos-Soldados-2-1068x712.jpg 1068w, https:\/\/www.eldiario.net\/portal\/wp-content\/uploads\/2024\/03\/Jorge-Sanjines-Aramayo-habla-de-Los-Viejos-Soldados-2-1920x1280.jpg 1920w\" sizes=\"(max-width: 630px) 100vw, 630px\" alt=\"\">\r\n                            <\/a>\r\n                            \r\n                        <\/figure>\r\n                    <\/div>\r\n                    <div class = \"td-slide-item td-item2\">\r\n                        <figure class=\"td-slide-galery-figure td-slide-popup-gallery\">\r\n                            <a class=\"slide-gallery-image-link\" href=\"https:\/\/www.eldiario.net\/portal\/wp-content\/uploads\/2024\/03\/Jorge-Sanjines-Aramayo-habla-de-Los-Viejos-Soldados-3-scaled.jpg\" title=\"Jorge Sanjin\u00e9s Aramayo habla de Los Viejos Soldados (3)\"  data-caption=\"\"  data-description=\"\">\r\n                                <img decoding=\"async\" src=\"https:\/\/www.eldiario.net\/portal\/wp-content\/uploads\/2024\/03\/Jorge-Sanjines-Aramayo-habla-de-Los-Viejos-Soldados-3-scaled.jpg\" srcset=\"https:\/\/www.eldiario.net\/portal\/wp-content\/uploads\/2024\/03\/Jorge-Sanjines-Aramayo-habla-de-Los-Viejos-Soldados-3-scaled.jpg 2560w, https:\/\/www.eldiario.net\/portal\/wp-content\/uploads\/2024\/03\/Jorge-Sanjines-Aramayo-habla-de-Los-Viejos-Soldados-3-300x200.jpg 300w, https:\/\/www.eldiario.net\/portal\/wp-content\/uploads\/2024\/03\/Jorge-Sanjines-Aramayo-habla-de-Los-Viejos-Soldados-3-1024x683.jpg 1024w, https:\/\/www.eldiario.net\/portal\/wp-content\/uploads\/2024\/03\/Jorge-Sanjines-Aramayo-habla-de-Los-Viejos-Soldados-3-768x512.jpg 768w, https:\/\/www.eldiario.net\/portal\/wp-content\/uploads\/2024\/03\/Jorge-Sanjines-Aramayo-habla-de-Los-Viejos-Soldados-3-1536x1024.jpg 1536w, https:\/\/www.eldiario.net\/portal\/wp-content\/uploads\/2024\/03\/Jorge-Sanjines-Aramayo-habla-de-Los-Viejos-Soldados-3-2048x1365.jpg 2048w, https:\/\/www.eldiario.net\/portal\/wp-content\/uploads\/2024\/03\/Jorge-Sanjines-Aramayo-habla-de-Los-Viejos-Soldados-3-696x464.jpg 696w, https:\/\/www.eldiario.net\/portal\/wp-content\/uploads\/2024\/03\/Jorge-Sanjines-Aramayo-habla-de-Los-Viejos-Soldados-3-1068x712.jpg 1068w, https:\/\/www.eldiario.net\/portal\/wp-content\/uploads\/2024\/03\/Jorge-Sanjines-Aramayo-habla-de-Los-Viejos-Soldados-3-1920x1280.jpg 1920w\" sizes=\"(max-width: 630px) 100vw, 630px\" alt=\"\">\r\n                            <\/a>\r\n                            \r\n                        <\/figure>\r\n                    <\/div>\r\n                    <div class = \"td-slide-item td-item3\">\r\n                        <figure class=\"td-slide-galery-figure td-slide-popup-gallery\">\r\n                            <a class=\"slide-gallery-image-link\" href=\"https:\/\/www.eldiario.net\/portal\/wp-content\/uploads\/2024\/03\/Jorge-Sanjines-Aramayo-habla-de-Los-Viejos-Soldados-4-scaled.jpg\" title=\"Jorge Sanjin\u00e9s Aramayo habla de Los Viejos Soldados (4)\"  data-caption=\"\"  data-description=\"\">\r\n                                <img decoding=\"async\" src=\"https:\/\/www.eldiario.net\/portal\/wp-content\/uploads\/2024\/03\/Jorge-Sanjines-Aramayo-habla-de-Los-Viejos-Soldados-4-scaled.jpg\" srcset=\"https:\/\/www.eldiario.net\/portal\/wp-content\/uploads\/2024\/03\/Jorge-Sanjines-Aramayo-habla-de-Los-Viejos-Soldados-4-scaled.jpg 2560w, https:\/\/www.eldiario.net\/portal\/wp-content\/uploads\/2024\/03\/Jorge-Sanjines-Aramayo-habla-de-Los-Viejos-Soldados-4-300x200.jpg 300w, https:\/\/www.eldiario.net\/portal\/wp-content\/uploads\/2024\/03\/Jorge-Sanjines-Aramayo-habla-de-Los-Viejos-Soldados-4-1024x683.jpg 1024w, https:\/\/www.eldiario.net\/portal\/wp-content\/uploads\/2024\/03\/Jorge-Sanjines-Aramayo-habla-de-Los-Viejos-Soldados-4-768x512.jpg 768w, https:\/\/www.eldiario.net\/portal\/wp-content\/uploads\/2024\/03\/Jorge-Sanjines-Aramayo-habla-de-Los-Viejos-Soldados-4-1536x1024.jpg 1536w, https:\/\/www.eldiario.net\/portal\/wp-content\/uploads\/2024\/03\/Jorge-Sanjines-Aramayo-habla-de-Los-Viejos-Soldados-4-2048x1365.jpg 2048w, https:\/\/www.eldiario.net\/portal\/wp-content\/uploads\/2024\/03\/Jorge-Sanjines-Aramayo-habla-de-Los-Viejos-Soldados-4-696x464.jpg 696w, https:\/\/www.eldiario.net\/portal\/wp-content\/uploads\/2024\/03\/Jorge-Sanjines-Aramayo-habla-de-Los-Viejos-Soldados-4-1068x712.jpg 1068w, https:\/\/www.eldiario.net\/portal\/wp-content\/uploads\/2024\/03\/Jorge-Sanjines-Aramayo-habla-de-Los-Viejos-Soldados-4-1920x1280.jpg 1920w\" sizes=\"(max-width: 630px) 100vw, 630px\" alt=\"\">\r\n                            <\/a>\r\n                            \r\n                        <\/figure>\r\n                    <\/div>\r\n                    <div class = \"td-slide-item td-item4\">\r\n                        <figure class=\"td-slide-galery-figure td-slide-popup-gallery\">\r\n                            <a class=\"slide-gallery-image-link\" href=\"https:\/\/www.eldiario.net\/portal\/wp-content\/uploads\/2024\/03\/Jorge-Sanjines-Aramayo-habla-de-Los-Viejos-Soldados-scaled.jpg\" title=\"Jorge Sanjin\u00e9s Aramayo habla de Los Viejos Soldados\"  data-caption=\"\"  data-description=\"\">\r\n                                <img decoding=\"async\" src=\"https:\/\/www.eldiario.net\/portal\/wp-content\/uploads\/2024\/03\/Jorge-Sanjines-Aramayo-habla-de-Los-Viejos-Soldados-scaled.jpg\" srcset=\"https:\/\/www.eldiario.net\/portal\/wp-content\/uploads\/2024\/03\/Jorge-Sanjines-Aramayo-habla-de-Los-Viejos-Soldados-scaled.jpg 2560w, https:\/\/www.eldiario.net\/portal\/wp-content\/uploads\/2024\/03\/Jorge-Sanjines-Aramayo-habla-de-Los-Viejos-Soldados-300x200.jpg 300w, https:\/\/www.eldiario.net\/portal\/wp-content\/uploads\/2024\/03\/Jorge-Sanjines-Aramayo-habla-de-Los-Viejos-Soldados-1024x683.jpg 1024w, https:\/\/www.eldiario.net\/portal\/wp-content\/uploads\/2024\/03\/Jorge-Sanjines-Aramayo-habla-de-Los-Viejos-Soldados-768x512.jpg 768w, https:\/\/www.eldiario.net\/portal\/wp-content\/uploads\/2024\/03\/Jorge-Sanjines-Aramayo-habla-de-Los-Viejos-Soldados-1536x1024.jpg 1536w, https:\/\/www.eldiario.net\/portal\/wp-content\/uploads\/2024\/03\/Jorge-Sanjines-Aramayo-habla-de-Los-Viejos-Soldados-2048x1365.jpg 2048w, https:\/\/www.eldiario.net\/portal\/wp-content\/uploads\/2024\/03\/Jorge-Sanjines-Aramayo-habla-de-Los-Viejos-Soldados-696x464.jpg 696w, https:\/\/www.eldiario.net\/portal\/wp-content\/uploads\/2024\/03\/Jorge-Sanjines-Aramayo-habla-de-Los-Viejos-Soldados-1068x712.jpg 1068w, https:\/\/www.eldiario.net\/portal\/wp-content\/uploads\/2024\/03\/Jorge-Sanjines-Aramayo-habla-de-Los-Viejos-Soldados-1920x1280.jpg 1920w\" sizes=\"(max-width: 630px) 100vw, 630px\" alt=\"\">\r\n                            <\/a>\r\n                            \r\n                        <\/figure>\r\n                    <\/div>\r\n                            <\/div>\r\n                        <\/div>\r\n\r\n                        <div class = \"td-doubleSlider-2\">\r\n                            <div class = \"td-slider\">\r\n                                \r\n                    <div class = \"td-button td-item1\">\r\n                        <div class = \"td-border\"><\/div>\r\n                    <\/div>\r\n                    <div class = \"td-button td-item2\">\r\n                        <div class = \"td-border\"><\/div>\r\n                    <\/div>\r\n                    <div class = \"td-button td-item3\">\r\n                        <div class = \"td-border\"><\/div>\r\n                    <\/div>\r\n                    <div class = \"td-button td-item4\">\r\n                        <div class = \"td-border\"><\/div>\r\n                    <\/div>\r\n                            <\/div>\r\n                        <\/div>\r\n\r\n                    <\/div>\r\n\r\n                <\/div>\r\n                <\/p>\n","protected":false},"excerpt":{"rendered":"<p>El maestro Jorge Sanjin\u00e9s Aramayo habla de Los Viejos Soldados, su m\u00e1s reciente pel\u00edcula que ya se exhibe con mucho \u00e9xito en los cines de Bolivia- Los Viejos Soldados trata del desencuentro en nuestra sociedad boliviana. Desencuentro entre la ciudad y el mundo rural; desencuentro entre habitantes originarios y descendientes blancos y mestizos de los [&hellip;]<\/p>\n","protected":false},"author":1,"featured_media":207351,"comment_status":"open","ping_status":"open","sticky":false,"template":"","format":"standard","meta":{"_acf_changed":false,"footnotes":""},"categories":[45],"tags":[],"class_list":["post-207347","post","type-post","status-publish","format-standard","has-post-thumbnail","category-cine-mundo"],"acf":{"antetitulo":""},"yoast_head":"<!-- This site is optimized with the Yoast SEO plugin v28.3 - https:\/\/yoast.com\/product\/yoast-seo-wordpress\/ -->\n<title>Jorge Sanjin\u00e9s Aramayo habla de Los Viejos Soldados - El Diario - Bolivia<\/title>\n<meta name=\"robots\" content=\"index, follow, max-snippet:-1, max-image-preview:large, max-video-preview:-1\" \/>\n<link rel=\"canonical\" href=\"https:\/\/www.eldiario.net\/portal\/2024\/03\/10\/jorge-sanjines-aramayo-habla-de-los-viejos-soldados\/\" \/>\n<meta property=\"og:locale\" content=\"es_ES\" \/>\n<meta property=\"og:type\" content=\"article\" \/>\n<meta property=\"og:title\" content=\"Jorge Sanjin\u00e9s Aramayo habla de Los Viejos Soldados - El Diario - Bolivia\" \/>\n<meta property=\"og:description\" content=\"El maestro Jorge Sanjin\u00e9s Aramayo habla de Los Viejos Soldados, su m\u00e1s reciente pel\u00edcula que ya se exhibe con mucho \u00e9xito en los cines de Bolivia- Los Viejos Soldados trata del desencuentro en nuestra sociedad boliviana. Desencuentro entre la ciudad y el mundo rural; desencuentro entre habitantes originarios y descendientes blancos y mestizos de los [&hellip;]\" \/>\n<meta property=\"og:url\" content=\"https:\/\/www.eldiario.net\/portal\/2024\/03\/10\/jorge-sanjines-aramayo-habla-de-los-viejos-soldados\/\" \/>\n<meta property=\"og:site_name\" content=\"El Diario - Bolivia\" \/>\n<meta property=\"article:publisher\" content=\"https:\/\/www.facebook.com\/eldiario.bolivia\/\" \/>\n<meta property=\"article:published_time\" content=\"2024-03-10T04:13:09+00:00\" \/>\n<meta property=\"og:image\" content=\"https:\/\/www.eldiario.net\/portal\/wp-content\/uploads\/2024\/03\/Jorge-Sanjines-Aramayo-habla-de-Los-Viejos-Soldados-scaled.jpg\" \/>\n\t<meta property=\"og:image:width\" content=\"2560\" \/>\n\t<meta property=\"og:image:height\" content=\"1707\" \/>\n\t<meta property=\"og:image:type\" content=\"image\/jpeg\" \/>\n<meta name=\"author\" content=\"Jeanette\" \/>\n<meta name=\"twitter:card\" content=\"summary_large_image\" \/>\n<meta name=\"twitter:creator\" content=\"@eldiario_net\" \/>\n<meta name=\"twitter:site\" content=\"@eldiario_net\" \/>\n<meta name=\"twitter:label1\" content=\"Escrito por\" \/>\n\t<meta name=\"twitter:data1\" content=\"Jeanette\" \/>\n\t<meta name=\"twitter:label2\" content=\"Tiempo de lectura\" \/>\n\t<meta name=\"twitter:data2\" content=\"1 minuto\" \/>\n<script type=\"application\/ld+json\" class=\"yoast-schema-graph\">{\"@context\":\"https:\\\/\\\/schema.org\",\"@graph\":[{\"@type\":\"Article\",\"@id\":\"https:\\\/\\\/www.eldiario.net\\\/portal\\\/2024\\\/03\\\/10\\\/jorge-sanjines-aramayo-habla-de-los-viejos-soldados\\\/#article\",\"isPartOf\":{\"@id\":\"https:\\\/\\\/www.eldiario.net\\\/portal\\\/2024\\\/03\\\/10\\\/jorge-sanjines-aramayo-habla-de-los-viejos-soldados\\\/\"},\"author\":{\"name\":\"Jeanette\",\"@id\":\"https:\\\/\\\/www.eldiario.net\\\/portal\\\/#\\\/schema\\\/person\\\/f46445640444750d7d753ccd04ae01b7\"},\"headline\":\"Jorge Sanjin\u00e9s Aramayo habla de Los Viejos Soldados\",\"datePublished\":\"2024-03-10T04:13:09+00:00\",\"mainEntityOfPage\":{\"@id\":\"https:\\\/\\\/www.eldiario.net\\\/portal\\\/2024\\\/03\\\/10\\\/jorge-sanjines-aramayo-habla-de-los-viejos-soldados\\\/\"},\"wordCount\":372,\"commentCount\":0,\"publisher\":{\"@id\":\"https:\\\/\\\/www.eldiario.net\\\/portal\\\/#organization\"},\"image\":{\"@id\":\"https:\\\/\\\/www.eldiario.net\\\/portal\\\/2024\\\/03\\\/10\\\/jorge-sanjines-aramayo-habla-de-los-viejos-soldados\\\/#primaryimage\"},\"thumbnailUrl\":\"https:\\\/\\\/www.eldiario.net\\\/portal\\\/wp-content\\\/uploads\\\/2024\\\/03\\\/Jorge-Sanjines-Aramayo-habla-de-Los-Viejos-Soldados-scaled.jpg\",\"articleSection\":[\"Cine Mundo\"],\"inLanguage\":\"es\",\"potentialAction\":[{\"@type\":\"CommentAction\",\"name\":\"Comment\",\"target\":[\"https:\\\/\\\/www.eldiario.net\\\/portal\\\/2024\\\/03\\\/10\\\/jorge-sanjines-aramayo-habla-de-los-viejos-soldados\\\/#respond\"]}]},{\"@type\":\"WebPage\",\"@id\":\"https:\\\/\\\/www.eldiario.net\\\/portal\\\/2024\\\/03\\\/10\\\/jorge-sanjines-aramayo-habla-de-los-viejos-soldados\\\/\",\"url\":\"https:\\\/\\\/www.eldiario.net\\\/portal\\\/2024\\\/03\\\/10\\\/jorge-sanjines-aramayo-habla-de-los-viejos-soldados\\\/\",\"name\":\"Jorge Sanjin\u00e9s Aramayo habla de Los Viejos Soldados - El Diario - Bolivia\",\"isPartOf\":{\"@id\":\"https:\\\/\\\/www.eldiario.net\\\/portal\\\/#website\"},\"primaryImageOfPage\":{\"@id\":\"https:\\\/\\\/www.eldiario.net\\\/portal\\\/2024\\\/03\\\/10\\\/jorge-sanjines-aramayo-habla-de-los-viejos-soldados\\\/#primaryimage\"},\"image\":{\"@id\":\"https:\\\/\\\/www.eldiario.net\\\/portal\\\/2024\\\/03\\\/10\\\/jorge-sanjines-aramayo-habla-de-los-viejos-soldados\\\/#primaryimage\"},\"thumbnailUrl\":\"https:\\\/\\\/www.eldiario.net\\\/portal\\\/wp-content\\\/uploads\\\/2024\\\/03\\\/Jorge-Sanjines-Aramayo-habla-de-Los-Viejos-Soldados-scaled.jpg\",\"datePublished\":\"2024-03-10T04:13:09+00:00\",\"breadcrumb\":{\"@id\":\"https:\\\/\\\/www.eldiario.net\\\/portal\\\/2024\\\/03\\\/10\\\/jorge-sanjines-aramayo-habla-de-los-viejos-soldados\\\/#breadcrumb\"},\"inLanguage\":\"es\",\"potentialAction\":[{\"@type\":\"ReadAction\",\"target\":[\"https:\\\/\\\/www.eldiario.net\\\/portal\\\/2024\\\/03\\\/10\\\/jorge-sanjines-aramayo-habla-de-los-viejos-soldados\\\/\"]}]},{\"@type\":\"ImageObject\",\"inLanguage\":\"es\",\"@id\":\"https:\\\/\\\/www.eldiario.net\\\/portal\\\/2024\\\/03\\\/10\\\/jorge-sanjines-aramayo-habla-de-los-viejos-soldados\\\/#primaryimage\",\"url\":\"https:\\\/\\\/www.eldiario.net\\\/portal\\\/wp-content\\\/uploads\\\/2024\\\/03\\\/Jorge-Sanjines-Aramayo-habla-de-Los-Viejos-Soldados-scaled.jpg\",\"contentUrl\":\"https:\\\/\\\/www.eldiario.net\\\/portal\\\/wp-content\\\/uploads\\\/2024\\\/03\\\/Jorge-Sanjines-Aramayo-habla-de-Los-Viejos-Soldados-scaled.jpg\",\"width\":2560,\"height\":1707},{\"@type\":\"BreadcrumbList\",\"@id\":\"https:\\\/\\\/www.eldiario.net\\\/portal\\\/2024\\\/03\\\/10\\\/jorge-sanjines-aramayo-habla-de-los-viejos-soldados\\\/#breadcrumb\",\"itemListElement\":[{\"@type\":\"ListItem\",\"position\":1,\"name\":\"Portada\",\"item\":\"https:\\\/\\\/www.eldiario.net\\\/portal\\\/\"},{\"@type\":\"ListItem\",\"position\":2,\"name\":\"Jorge Sanjin\u00e9s Aramayo habla de Los Viejos Soldados\"}]},{\"@type\":\"WebSite\",\"@id\":\"https:\\\/\\\/www.eldiario.net\\\/portal\\\/#website\",\"url\":\"https:\\\/\\\/www.eldiario.net\\\/portal\\\/\",\"name\":\"El Diario - Decano de la prensa nacional\",\"description\":\"El Diario - Decano de la prensa nacional\",\"publisher\":{\"@id\":\"https:\\\/\\\/www.eldiario.net\\\/portal\\\/#organization\"},\"potentialAction\":[{\"@type\":\"SearchAction\",\"target\":{\"@type\":\"EntryPoint\",\"urlTemplate\":\"https:\\\/\\\/www.eldiario.net\\\/portal\\\/?s={search_term_string}\"},\"query-input\":{\"@type\":\"PropertyValueSpecification\",\"valueRequired\":true,\"valueName\":\"search_term_string\"}}],\"inLanguage\":\"es\"},{\"@type\":\"Organization\",\"@id\":\"https:\\\/\\\/www.eldiario.net\\\/portal\\\/#organization\",\"name\":\"El Diario - Decano de la prensa nacional\",\"url\":\"https:\\\/\\\/www.eldiario.net\\\/portal\\\/\",\"logo\":{\"@type\":\"ImageObject\",\"inLanguage\":\"es\",\"@id\":\"https:\\\/\\\/www.eldiario.net\\\/portal\\\/#\\\/schema\\\/logo\\\/image\\\/\",\"url\":\"https:\\\/\\\/www.eldiario.net\\\/portal\\\/wp-content\\\/uploads\\\/2023\\\/07\\\/logo_ED.jpg\",\"contentUrl\":\"https:\\\/\\\/www.eldiario.net\\\/portal\\\/wp-content\\\/uploads\\\/2023\\\/07\\\/logo_ED.jpg\",\"width\":272,\"height\":52,\"caption\":\"El Diario - Decano de la prensa nacional\"},\"image\":{\"@id\":\"https:\\\/\\\/www.eldiario.net\\\/portal\\\/#\\\/schema\\\/logo\\\/image\\\/\"},\"sameAs\":[\"https:\\\/\\\/www.facebook.com\\\/eldiario.bolivia\\\/\",\"https:\\\/\\\/x.com\\\/eldiario_net\"]},{\"@type\":\"Person\",\"@id\":\"https:\\\/\\\/www.eldiario.net\\\/portal\\\/#\\\/schema\\\/person\\\/f46445640444750d7d753ccd04ae01b7\",\"name\":\"Jeanette\",\"image\":{\"@type\":\"ImageObject\",\"inLanguage\":\"es\",\"@id\":\"https:\\\/\\\/secure.gravatar.com\\\/avatar\\\/3ea2118a5f7dad2b7138b1187a6b7ee55f160b9968b66013c3a3ef39dd7e5798?s=96&d=mm&r=g\",\"url\":\"https:\\\/\\\/secure.gravatar.com\\\/avatar\\\/3ea2118a5f7dad2b7138b1187a6b7ee55f160b9968b66013c3a3ef39dd7e5798?s=96&d=mm&r=g\",\"contentUrl\":\"https:\\\/\\\/secure.gravatar.com\\\/avatar\\\/3ea2118a5f7dad2b7138b1187a6b7ee55f160b9968b66013c3a3ef39dd7e5798?s=96&d=mm&r=g\",\"caption\":\"Jeanette\"},\"sameAs\":[\"https:\\\/\\\/www.eldiario.net\\\/portal\"],\"url\":\"https:\\\/\\\/www.eldiario.net\\\/portal\\\/author\\\/jeanette\\\/\"}]}<\/script>\n<!-- \/ Yoast SEO plugin. -->","yoast_head_json":{"title":"Jorge Sanjin\u00e9s Aramayo habla de Los Viejos Soldados - El Diario - Bolivia","robots":{"index":"index","follow":"follow","max-snippet":"max-snippet:-1","max-image-preview":"max-image-preview:large","max-video-preview":"max-video-preview:-1"},"canonical":"https:\/\/www.eldiario.net\/portal\/2024\/03\/10\/jorge-sanjines-aramayo-habla-de-los-viejos-soldados\/","og_locale":"es_ES","og_type":"article","og_title":"Jorge Sanjin\u00e9s Aramayo habla de Los Viejos Soldados - El Diario - Bolivia","og_description":"El maestro Jorge Sanjin\u00e9s Aramayo habla de Los Viejos Soldados, su m\u00e1s reciente pel\u00edcula que ya se exhibe con mucho \u00e9xito en los cines de Bolivia- Los Viejos Soldados trata del desencuentro en nuestra sociedad boliviana. Desencuentro entre la ciudad y el mundo rural; desencuentro entre habitantes originarios y descendientes blancos y mestizos de los [&hellip;]","og_url":"https:\/\/www.eldiario.net\/portal\/2024\/03\/10\/jorge-sanjines-aramayo-habla-de-los-viejos-soldados\/","og_site_name":"El Diario - Bolivia","article_publisher":"https:\/\/www.facebook.com\/eldiario.bolivia\/","article_published_time":"2024-03-10T04:13:09+00:00","og_image":[{"width":2560,"height":1707,"url":"https:\/\/www.eldiario.net\/portal\/wp-content\/uploads\/2024\/03\/Jorge-Sanjines-Aramayo-habla-de-Los-Viejos-Soldados-scaled.jpg","type":"image\/jpeg"}],"author":"Jeanette","twitter_card":"summary_large_image","twitter_creator":"@eldiario_net","twitter_site":"@eldiario_net","twitter_misc":{"Escrito por":"Jeanette","Tiempo de lectura":"1 minuto"},"schema":{"@context":"https:\/\/schema.org","@graph":[{"@type":"Article","@id":"https:\/\/www.eldiario.net\/portal\/2024\/03\/10\/jorge-sanjines-aramayo-habla-de-los-viejos-soldados\/#article","isPartOf":{"@id":"https:\/\/www.eldiario.net\/portal\/2024\/03\/10\/jorge-sanjines-aramayo-habla-de-los-viejos-soldados\/"},"author":{"name":"Jeanette","@id":"https:\/\/www.eldiario.net\/portal\/#\/schema\/person\/f46445640444750d7d753ccd04ae01b7"},"headline":"Jorge Sanjin\u00e9s Aramayo habla de Los Viejos Soldados","datePublished":"2024-03-10T04:13:09+00:00","mainEntityOfPage":{"@id":"https:\/\/www.eldiario.net\/portal\/2024\/03\/10\/jorge-sanjines-aramayo-habla-de-los-viejos-soldados\/"},"wordCount":372,"commentCount":0,"publisher":{"@id":"https:\/\/www.eldiario.net\/portal\/#organization"},"image":{"@id":"https:\/\/www.eldiario.net\/portal\/2024\/03\/10\/jorge-sanjines-aramayo-habla-de-los-viejos-soldados\/#primaryimage"},"thumbnailUrl":"https:\/\/www.eldiario.net\/portal\/wp-content\/uploads\/2024\/03\/Jorge-Sanjines-Aramayo-habla-de-Los-Viejos-Soldados-scaled.jpg","articleSection":["Cine Mundo"],"inLanguage":"es","potentialAction":[{"@type":"CommentAction","name":"Comment","target":["https:\/\/www.eldiario.net\/portal\/2024\/03\/10\/jorge-sanjines-aramayo-habla-de-los-viejos-soldados\/#respond"]}]},{"@type":"WebPage","@id":"https:\/\/www.eldiario.net\/portal\/2024\/03\/10\/jorge-sanjines-aramayo-habla-de-los-viejos-soldados\/","url":"https:\/\/www.eldiario.net\/portal\/2024\/03\/10\/jorge-sanjines-aramayo-habla-de-los-viejos-soldados\/","name":"Jorge Sanjin\u00e9s Aramayo habla de Los Viejos Soldados - El Diario - Bolivia","isPartOf":{"@id":"https:\/\/www.eldiario.net\/portal\/#website"},"primaryImageOfPage":{"@id":"https:\/\/www.eldiario.net\/portal\/2024\/03\/10\/jorge-sanjines-aramayo-habla-de-los-viejos-soldados\/#primaryimage"},"image":{"@id":"https:\/\/www.eldiario.net\/portal\/2024\/03\/10\/jorge-sanjines-aramayo-habla-de-los-viejos-soldados\/#primaryimage"},"thumbnailUrl":"https:\/\/www.eldiario.net\/portal\/wp-content\/uploads\/2024\/03\/Jorge-Sanjines-Aramayo-habla-de-Los-Viejos-Soldados-scaled.jpg","datePublished":"2024-03-10T04:13:09+00:00","breadcrumb":{"@id":"https:\/\/www.eldiario.net\/portal\/2024\/03\/10\/jorge-sanjines-aramayo-habla-de-los-viejos-soldados\/#breadcrumb"},"inLanguage":"es","potentialAction":[{"@type":"ReadAction","target":["https:\/\/www.eldiario.net\/portal\/2024\/03\/10\/jorge-sanjines-aramayo-habla-de-los-viejos-soldados\/"]}]},{"@type":"ImageObject","inLanguage":"es","@id":"https:\/\/www.eldiario.net\/portal\/2024\/03\/10\/jorge-sanjines-aramayo-habla-de-los-viejos-soldados\/#primaryimage","url":"https:\/\/www.eldiario.net\/portal\/wp-content\/uploads\/2024\/03\/Jorge-Sanjines-Aramayo-habla-de-Los-Viejos-Soldados-scaled.jpg","contentUrl":"https:\/\/www.eldiario.net\/portal\/wp-content\/uploads\/2024\/03\/Jorge-Sanjines-Aramayo-habla-de-Los-Viejos-Soldados-scaled.jpg","width":2560,"height":1707},{"@type":"BreadcrumbList","@id":"https:\/\/www.eldiario.net\/portal\/2024\/03\/10\/jorge-sanjines-aramayo-habla-de-los-viejos-soldados\/#breadcrumb","itemListElement":[{"@type":"ListItem","position":1,"name":"Portada","item":"https:\/\/www.eldiario.net\/portal\/"},{"@type":"ListItem","position":2,"name":"Jorge Sanjin\u00e9s Aramayo habla de Los Viejos Soldados"}]},{"@type":"WebSite","@id":"https:\/\/www.eldiario.net\/portal\/#website","url":"https:\/\/www.eldiario.net\/portal\/","name":"El Diario - Decano de la prensa nacional","description":"El Diario - Decano de la prensa nacional","publisher":{"@id":"https:\/\/www.eldiario.net\/portal\/#organization"},"potentialAction":[{"@type":"SearchAction","target":{"@type":"EntryPoint","urlTemplate":"https:\/\/www.eldiario.net\/portal\/?s={search_term_string}"},"query-input":{"@type":"PropertyValueSpecification","valueRequired":true,"valueName":"search_term_string"}}],"inLanguage":"es"},{"@type":"Organization","@id":"https:\/\/www.eldiario.net\/portal\/#organization","name":"El Diario - Decano de la prensa nacional","url":"https:\/\/www.eldiario.net\/portal\/","logo":{"@type":"ImageObject","inLanguage":"es","@id":"https:\/\/www.eldiario.net\/portal\/#\/schema\/logo\/image\/","url":"https:\/\/www.eldiario.net\/portal\/wp-content\/uploads\/2023\/07\/logo_ED.jpg","contentUrl":"https:\/\/www.eldiario.net\/portal\/wp-content\/uploads\/2023\/07\/logo_ED.jpg","width":272,"height":52,"caption":"El Diario - Decano de la prensa nacional"},"image":{"@id":"https:\/\/www.eldiario.net\/portal\/#\/schema\/logo\/image\/"},"sameAs":["https:\/\/www.facebook.com\/eldiario.bolivia\/","https:\/\/x.com\/eldiario_net"]},{"@type":"Person","@id":"https:\/\/www.eldiario.net\/portal\/#\/schema\/person\/f46445640444750d7d753ccd04ae01b7","name":"Jeanette","image":{"@type":"ImageObject","inLanguage":"es","@id":"https:\/\/secure.gravatar.com\/avatar\/3ea2118a5f7dad2b7138b1187a6b7ee55f160b9968b66013c3a3ef39dd7e5798?s=96&d=mm&r=g","url":"https:\/\/secure.gravatar.com\/avatar\/3ea2118a5f7dad2b7138b1187a6b7ee55f160b9968b66013c3a3ef39dd7e5798?s=96&d=mm&r=g","contentUrl":"https:\/\/secure.gravatar.com\/avatar\/3ea2118a5f7dad2b7138b1187a6b7ee55f160b9968b66013c3a3ef39dd7e5798?s=96&d=mm&r=g","caption":"Jeanette"},"sameAs":["https:\/\/www.eldiario.net\/portal"],"url":"https:\/\/www.eldiario.net\/portal\/author\/jeanette\/"}]}},"_links":{"self":[{"href":"https:\/\/www.eldiario.net\/portal\/wp-json\/wp\/v2\/posts\/207347","targetHints":{"allow":["GET"]}}],"collection":[{"href":"https:\/\/www.eldiario.net\/portal\/wp-json\/wp\/v2\/posts"}],"about":[{"href":"https:\/\/www.eldiario.net\/portal\/wp-json\/wp\/v2\/types\/post"}],"author":[{"embeddable":true,"href":"https:\/\/www.eldiario.net\/portal\/wp-json\/wp\/v2\/users\/1"}],"replies":[{"embeddable":true,"href":"https:\/\/www.eldiario.net\/portal\/wp-json\/wp\/v2\/comments?post=207347"}],"version-history":[{"count":1,"href":"https:\/\/www.eldiario.net\/portal\/wp-json\/wp\/v2\/posts\/207347\/revisions"}],"predecessor-version":[{"id":207352,"href":"https:\/\/www.eldiario.net\/portal\/wp-json\/wp\/v2\/posts\/207347\/revisions\/207352"}],"wp:featuredmedia":[{"embeddable":true,"href":"https:\/\/www.eldiario.net\/portal\/wp-json\/wp\/v2\/media\/207351"}],"wp:attachment":[{"href":"https:\/\/www.eldiario.net\/portal\/wp-json\/wp\/v2\/media?parent=207347"}],"wp:term":[{"taxonomy":"category","embeddable":true,"href":"https:\/\/www.eldiario.net\/portal\/wp-json\/wp\/v2\/categories?post=207347"},{"taxonomy":"post_tag","embeddable":true,"href":"https:\/\/www.eldiario.net\/portal\/wp-json\/wp\/v2\/tags?post=207347"}],"curies":[{"name":"wp","href":"https:\/\/api.w.org\/{rel}","templated":true}]}}