{"id":207341,"date":"2024-03-10T00:11:30","date_gmt":"2024-03-10T04:11:30","guid":{"rendered":"https:\/\/www.eldiario.net\/portal\/?p=207341"},"modified":"2024-03-09T07:12:05","modified_gmt":"2024-03-09T11:12:05","slug":"lea-seydoux-interpreta-a-dama-margot-fenring-en-duna-parte-dos","status":"publish","type":"post","link":"https:\/\/www.eldiario.net\/portal\/2024\/03\/10\/lea-seydoux-interpreta-a-dama-margot-fenring-en-duna-parte-dos\/","title":{"rendered":"L\u00e9a Seydoux interpreta a Dama Margot Fenring en Duna: parte dos"},"content":{"rendered":"<p>A pesar de llevar el porte sereno de una Bene Gesserit, Dama Margot Fenring se ve seducida por el poder animal de Feyd-Rautha Harkonnen cuando \u00e9ste demuestra sus habilidades despiadadas en combate. Sin embargo, es su comprensi\u00f3n de la estrategia de la Reverenda Madre Mohiam y su capacidad altamente perceptiva para ver los planes dentro de los planes lo que convierte a Dama Fenring en una misteriosa figura en la sombra que explora, en silencio, las perspectivas de la estrategia a largo plazo de la Madre Mohiam.<\/p>\n<p>Sobre las primeras impresiones de su personaje, Dama Margot Fenring&#8230;<br \/>\n\u201cLo que me gust\u00f3 de Dama Fenring es que es misteriosa y decidida, y que tiene un poder de atracci\u00f3n.  Tiene un poder como un im\u00e1n y sabe c\u00f3mo alcanzar su objetivo. Pero, tambi\u00e9n tiene fallos y no es tan dura como parece.  Siempre me ha gustado interpretar personajes que son un misterio.  Cuando habl\u00e9 del personaje con Denis, me dijo que parec\u00eda fr\u00eda y bastante dif\u00edcil de alcanzar\u201d.<\/p>\n<p>Sobre lo que realmente quiere la enigm\u00e1tica Dama Fenring&#8230;<br \/>\n\u201cSu principal objetivo es continuar la l\u00ednea de sangre y que sea la m\u00e1s pura y la mejor.  Es una idea muy fascista.  Lo que me encanta de la pel\u00edcula es que el mundo est\u00e1, en cierto modo, dirigido por mujeres.  Las Bene Gesserit son las verdaderas amas, y eso es cierto en cierto modo: las mujeres son muy poderosas porque son portadoras del futuro.  Tienen ese instinto de supervivencia tan fuerte\u201d.<\/p>\n<p>Sobre el gui\u00f3n y su admiraci\u00f3n por Denis Villeneuve&#8230;<br \/>\n\u201cMe encant\u00f3 el gui\u00f3n y la historia de amor entre Paul y Chani, y me pareci\u00f3 muy metaf\u00f3rica.  La puesta en escena de Denis es extraordinaria y tiene muchas ideas.  Sabe lo que quiere y tiene un fuego interior que resulta muy inspirador.  Pero tambi\u00e9n es muy divertido y nos hizo sentir muy c\u00f3modos y cre\u00f3 una verdadera intimidad en el plat\u00f3, lo que ayuda en una gran pel\u00edcula como \u00e9sta.  Me encanta trabajar con grandes directores.  Es tan apasionado.  Me siento muy, muy afortunado de haber formado parte de esto\u201d.<\/p>\n<p>Sobre el trabajo con sus compa\u00f1eros de reparto y los talentosos artesanos del equipo de Villeneuve&#8230;<br \/>\n\u201cCharlotte Rampling es una actriz legendaria y me encanta.  Tuvimos una gran conexi\u00f3n.  Florence y Austin estuvieron extraordinarios.  Y los dise\u00f1adores, Patrice Vermette y Jacqueline West, y Greig Fraser, el director de fotograf\u00eda, y todos los miembros del equipo dieron mucho, estaban realmente comprometidos y crearon una magn\u00edfica visi\u00f3n est\u00e9tica.  Es una gran producci\u00f3n, pero no lo parece.  Denis ten\u00eda una visi\u00f3n real e hizo que la pel\u00edcula fuera muy personal.  Eso es algo que realmente admiro.  Es verdadero cine.  Es un gran cin\u00e9filo\u201d.<\/p>\n","protected":false},"excerpt":{"rendered":"<p>A pesar de llevar el porte sereno de una Bene Gesserit, Dama Margot Fenring se ve seducida por el poder animal de Feyd-Rautha Harkonnen cuando \u00e9ste demuestra sus habilidades despiadadas en combate. Sin embargo, es su comprensi\u00f3n de la estrategia de la Reverenda Madre Mohiam y su capacidad altamente perceptiva para ver los planes dentro [&hellip;]<\/p>\n","protected":false},"author":1,"featured_media":207342,"comment_status":"open","ping_status":"open","sticky":false,"template":"","format":"standard","meta":{"_acf_changed":false,"footnotes":""},"categories":[45],"tags":[],"class_list":["post-207341","post","type-post","status-publish","format-standard","has-post-thumbnail","category-cine-mundo"],"acf":{"antetitulo":""},"yoast_head":"<!-- This site is optimized with the Yoast SEO plugin v28.3 - https:\/\/yoast.com\/product\/yoast-seo-wordpress\/ -->\n<title>L\u00e9a Seydoux interpreta a Dama Margot Fenring en Duna: parte dos - El Diario - Bolivia<\/title>\n<meta name=\"robots\" content=\"index, follow, max-snippet:-1, max-image-preview:large, max-video-preview:-1\" \/>\n<link rel=\"canonical\" href=\"https:\/\/www.eldiario.net\/portal\/2024\/03\/10\/lea-seydoux-interpreta-a-dama-margot-fenring-en-duna-parte-dos\/\" \/>\n<meta property=\"og:locale\" content=\"es_ES\" \/>\n<meta property=\"og:type\" content=\"article\" \/>\n<meta property=\"og:title\" content=\"L\u00e9a Seydoux interpreta a Dama Margot Fenring en Duna: parte dos - El Diario - Bolivia\" \/>\n<meta property=\"og:description\" content=\"A pesar de llevar el porte sereno de una Bene Gesserit, Dama Margot Fenring se ve seducida por el poder animal de Feyd-Rautha Harkonnen cuando \u00e9ste demuestra sus habilidades despiadadas en combate. Sin embargo, es su comprensi\u00f3n de la estrategia de la Reverenda Madre Mohiam y su capacidad altamente perceptiva para ver los planes dentro [&hellip;]\" \/>\n<meta property=\"og:url\" content=\"https:\/\/www.eldiario.net\/portal\/2024\/03\/10\/lea-seydoux-interpreta-a-dama-margot-fenring-en-duna-parte-dos\/\" \/>\n<meta property=\"og:site_name\" content=\"El Diario - Bolivia\" \/>\n<meta property=\"article:publisher\" content=\"https:\/\/www.facebook.com\/eldiario.bolivia\/\" \/>\n<meta property=\"article:published_time\" content=\"2024-03-10T04:11:30+00:00\" \/>\n<meta property=\"og:image\" content=\"https:\/\/www.eldiario.net\/portal\/wp-content\/uploads\/2024\/03\/Lea-Seydoux-interpreta-a-Dama-Margot-Fenring-en-Duna-parte-dos-scaled.jpg\" \/>\n\t<meta property=\"og:image:width\" content=\"2560\" \/>\n\t<meta property=\"og:image:height\" content=\"1707\" \/>\n\t<meta property=\"og:image:type\" content=\"image\/jpeg\" \/>\n<meta name=\"author\" content=\"Jeanette\" \/>\n<meta name=\"twitter:card\" content=\"summary_large_image\" \/>\n<meta name=\"twitter:creator\" content=\"@eldiario_net\" \/>\n<meta name=\"twitter:site\" content=\"@eldiario_net\" \/>\n<meta name=\"twitter:label1\" content=\"Escrito por\" \/>\n\t<meta name=\"twitter:data1\" content=\"Jeanette\" \/>\n\t<meta name=\"twitter:label2\" content=\"Tiempo de lectura\" \/>\n\t<meta name=\"twitter:data2\" content=\"1 minuto\" \/>\n<script type=\"application\/ld+json\" class=\"yoast-schema-graph\">{\"@context\":\"https:\\\/\\\/schema.org\",\"@graph\":[{\"@type\":\"Article\",\"@id\":\"https:\\\/\\\/www.eldiario.net\\\/portal\\\/2024\\\/03\\\/10\\\/lea-seydoux-interpreta-a-dama-margot-fenring-en-duna-parte-dos\\\/#article\",\"isPartOf\":{\"@id\":\"https:\\\/\\\/www.eldiario.net\\\/portal\\\/2024\\\/03\\\/10\\\/lea-seydoux-interpreta-a-dama-margot-fenring-en-duna-parte-dos\\\/\"},\"author\":{\"name\":\"Jeanette\",\"@id\":\"https:\\\/\\\/www.eldiario.net\\\/portal\\\/#\\\/schema\\\/person\\\/f46445640444750d7d753ccd04ae01b7\"},\"headline\":\"L\u00e9a Seydoux interpreta a Dama Margot Fenring en Duna: parte dos\",\"datePublished\":\"2024-03-10T04:11:30+00:00\",\"mainEntityOfPage\":{\"@id\":\"https:\\\/\\\/www.eldiario.net\\\/portal\\\/2024\\\/03\\\/10\\\/lea-seydoux-interpreta-a-dama-margot-fenring-en-duna-parte-dos\\\/\"},\"wordCount\":490,\"commentCount\":0,\"publisher\":{\"@id\":\"https:\\\/\\\/www.eldiario.net\\\/portal\\\/#organization\"},\"image\":{\"@id\":\"https:\\\/\\\/www.eldiario.net\\\/portal\\\/2024\\\/03\\\/10\\\/lea-seydoux-interpreta-a-dama-margot-fenring-en-duna-parte-dos\\\/#primaryimage\"},\"thumbnailUrl\":\"https:\\\/\\\/www.eldiario.net\\\/portal\\\/wp-content\\\/uploads\\\/2024\\\/03\\\/Lea-Seydoux-interpreta-a-Dama-Margot-Fenring-en-Duna-parte-dos-scaled.jpg\",\"articleSection\":[\"Cine Mundo\"],\"inLanguage\":\"es\",\"potentialAction\":[{\"@type\":\"CommentAction\",\"name\":\"Comment\",\"target\":[\"https:\\\/\\\/www.eldiario.net\\\/portal\\\/2024\\\/03\\\/10\\\/lea-seydoux-interpreta-a-dama-margot-fenring-en-duna-parte-dos\\\/#respond\"]}]},{\"@type\":\"WebPage\",\"@id\":\"https:\\\/\\\/www.eldiario.net\\\/portal\\\/2024\\\/03\\\/10\\\/lea-seydoux-interpreta-a-dama-margot-fenring-en-duna-parte-dos\\\/\",\"url\":\"https:\\\/\\\/www.eldiario.net\\\/portal\\\/2024\\\/03\\\/10\\\/lea-seydoux-interpreta-a-dama-margot-fenring-en-duna-parte-dos\\\/\",\"name\":\"L\u00e9a Seydoux interpreta a Dama Margot Fenring en Duna: parte dos - El Diario - Bolivia\",\"isPartOf\":{\"@id\":\"https:\\\/\\\/www.eldiario.net\\\/portal\\\/#website\"},\"primaryImageOfPage\":{\"@id\":\"https:\\\/\\\/www.eldiario.net\\\/portal\\\/2024\\\/03\\\/10\\\/lea-seydoux-interpreta-a-dama-margot-fenring-en-duna-parte-dos\\\/#primaryimage\"},\"image\":{\"@id\":\"https:\\\/\\\/www.eldiario.net\\\/portal\\\/2024\\\/03\\\/10\\\/lea-seydoux-interpreta-a-dama-margot-fenring-en-duna-parte-dos\\\/#primaryimage\"},\"thumbnailUrl\":\"https:\\\/\\\/www.eldiario.net\\\/portal\\\/wp-content\\\/uploads\\\/2024\\\/03\\\/Lea-Seydoux-interpreta-a-Dama-Margot-Fenring-en-Duna-parte-dos-scaled.jpg\",\"datePublished\":\"2024-03-10T04:11:30+00:00\",\"breadcrumb\":{\"@id\":\"https:\\\/\\\/www.eldiario.net\\\/portal\\\/2024\\\/03\\\/10\\\/lea-seydoux-interpreta-a-dama-margot-fenring-en-duna-parte-dos\\\/#breadcrumb\"},\"inLanguage\":\"es\",\"potentialAction\":[{\"@type\":\"ReadAction\",\"target\":[\"https:\\\/\\\/www.eldiario.net\\\/portal\\\/2024\\\/03\\\/10\\\/lea-seydoux-interpreta-a-dama-margot-fenring-en-duna-parte-dos\\\/\"]}]},{\"@type\":\"ImageObject\",\"inLanguage\":\"es\",\"@id\":\"https:\\\/\\\/www.eldiario.net\\\/portal\\\/2024\\\/03\\\/10\\\/lea-seydoux-interpreta-a-dama-margot-fenring-en-duna-parte-dos\\\/#primaryimage\",\"url\":\"https:\\\/\\\/www.eldiario.net\\\/portal\\\/wp-content\\\/uploads\\\/2024\\\/03\\\/Lea-Seydoux-interpreta-a-Dama-Margot-Fenring-en-Duna-parte-dos-scaled.jpg\",\"contentUrl\":\"https:\\\/\\\/www.eldiario.net\\\/portal\\\/wp-content\\\/uploads\\\/2024\\\/03\\\/Lea-Seydoux-interpreta-a-Dama-Margot-Fenring-en-Duna-parte-dos-scaled.jpg\",\"width\":2560,\"height\":1707},{\"@type\":\"BreadcrumbList\",\"@id\":\"https:\\\/\\\/www.eldiario.net\\\/portal\\\/2024\\\/03\\\/10\\\/lea-seydoux-interpreta-a-dama-margot-fenring-en-duna-parte-dos\\\/#breadcrumb\",\"itemListElement\":[{\"@type\":\"ListItem\",\"position\":1,\"name\":\"Portada\",\"item\":\"https:\\\/\\\/www.eldiario.net\\\/portal\\\/\"},{\"@type\":\"ListItem\",\"position\":2,\"name\":\"L\u00e9a Seydoux interpreta a Dama Margot Fenring en Duna: parte dos\"}]},{\"@type\":\"WebSite\",\"@id\":\"https:\\\/\\\/www.eldiario.net\\\/portal\\\/#website\",\"url\":\"https:\\\/\\\/www.eldiario.net\\\/portal\\\/\",\"name\":\"El Diario - Decano de la prensa nacional\",\"description\":\"El Diario - Decano de la prensa nacional\",\"publisher\":{\"@id\":\"https:\\\/\\\/www.eldiario.net\\\/portal\\\/#organization\"},\"potentialAction\":[{\"@type\":\"SearchAction\",\"target\":{\"@type\":\"EntryPoint\",\"urlTemplate\":\"https:\\\/\\\/www.eldiario.net\\\/portal\\\/?s={search_term_string}\"},\"query-input\":{\"@type\":\"PropertyValueSpecification\",\"valueRequired\":true,\"valueName\":\"search_term_string\"}}],\"inLanguage\":\"es\"},{\"@type\":\"Organization\",\"@id\":\"https:\\\/\\\/www.eldiario.net\\\/portal\\\/#organization\",\"name\":\"El Diario - Decano de la prensa nacional\",\"url\":\"https:\\\/\\\/www.eldiario.net\\\/portal\\\/\",\"logo\":{\"@type\":\"ImageObject\",\"inLanguage\":\"es\",\"@id\":\"https:\\\/\\\/www.eldiario.net\\\/portal\\\/#\\\/schema\\\/logo\\\/image\\\/\",\"url\":\"https:\\\/\\\/www.eldiario.net\\\/portal\\\/wp-content\\\/uploads\\\/2023\\\/07\\\/logo_ED.jpg\",\"contentUrl\":\"https:\\\/\\\/www.eldiario.net\\\/portal\\\/wp-content\\\/uploads\\\/2023\\\/07\\\/logo_ED.jpg\",\"width\":272,\"height\":52,\"caption\":\"El Diario - Decano de la prensa nacional\"},\"image\":{\"@id\":\"https:\\\/\\\/www.eldiario.net\\\/portal\\\/#\\\/schema\\\/logo\\\/image\\\/\"},\"sameAs\":[\"https:\\\/\\\/www.facebook.com\\\/eldiario.bolivia\\\/\",\"https:\\\/\\\/x.com\\\/eldiario_net\"]},{\"@type\":\"Person\",\"@id\":\"https:\\\/\\\/www.eldiario.net\\\/portal\\\/#\\\/schema\\\/person\\\/f46445640444750d7d753ccd04ae01b7\",\"name\":\"Jeanette\",\"image\":{\"@type\":\"ImageObject\",\"inLanguage\":\"es\",\"@id\":\"https:\\\/\\\/secure.gravatar.com\\\/avatar\\\/3ea2118a5f7dad2b7138b1187a6b7ee55f160b9968b66013c3a3ef39dd7e5798?s=96&d=mm&r=g\",\"url\":\"https:\\\/\\\/secure.gravatar.com\\\/avatar\\\/3ea2118a5f7dad2b7138b1187a6b7ee55f160b9968b66013c3a3ef39dd7e5798?s=96&d=mm&r=g\",\"contentUrl\":\"https:\\\/\\\/secure.gravatar.com\\\/avatar\\\/3ea2118a5f7dad2b7138b1187a6b7ee55f160b9968b66013c3a3ef39dd7e5798?s=96&d=mm&r=g\",\"caption\":\"Jeanette\"},\"sameAs\":[\"https:\\\/\\\/www.eldiario.net\\\/portal\"],\"url\":\"https:\\\/\\\/www.eldiario.net\\\/portal\\\/author\\\/jeanette\\\/\"}]}<\/script>\n<!-- \/ Yoast SEO plugin. -->","yoast_head_json":{"title":"L\u00e9a Seydoux interpreta a Dama Margot Fenring en Duna: parte dos - El Diario - Bolivia","robots":{"index":"index","follow":"follow","max-snippet":"max-snippet:-1","max-image-preview":"max-image-preview:large","max-video-preview":"max-video-preview:-1"},"canonical":"https:\/\/www.eldiario.net\/portal\/2024\/03\/10\/lea-seydoux-interpreta-a-dama-margot-fenring-en-duna-parte-dos\/","og_locale":"es_ES","og_type":"article","og_title":"L\u00e9a Seydoux interpreta a Dama Margot Fenring en Duna: parte dos - El Diario - Bolivia","og_description":"A pesar de llevar el porte sereno de una Bene Gesserit, Dama Margot Fenring se ve seducida por el poder animal de Feyd-Rautha Harkonnen cuando \u00e9ste demuestra sus habilidades despiadadas en combate. Sin embargo, es su comprensi\u00f3n de la estrategia de la Reverenda Madre Mohiam y su capacidad altamente perceptiva para ver los planes dentro [&hellip;]","og_url":"https:\/\/www.eldiario.net\/portal\/2024\/03\/10\/lea-seydoux-interpreta-a-dama-margot-fenring-en-duna-parte-dos\/","og_site_name":"El Diario - Bolivia","article_publisher":"https:\/\/www.facebook.com\/eldiario.bolivia\/","article_published_time":"2024-03-10T04:11:30+00:00","og_image":[{"width":2560,"height":1707,"url":"https:\/\/www.eldiario.net\/portal\/wp-content\/uploads\/2024\/03\/Lea-Seydoux-interpreta-a-Dama-Margot-Fenring-en-Duna-parte-dos-scaled.jpg","type":"image\/jpeg"}],"author":"Jeanette","twitter_card":"summary_large_image","twitter_creator":"@eldiario_net","twitter_site":"@eldiario_net","twitter_misc":{"Escrito por":"Jeanette","Tiempo de lectura":"1 minuto"},"schema":{"@context":"https:\/\/schema.org","@graph":[{"@type":"Article","@id":"https:\/\/www.eldiario.net\/portal\/2024\/03\/10\/lea-seydoux-interpreta-a-dama-margot-fenring-en-duna-parte-dos\/#article","isPartOf":{"@id":"https:\/\/www.eldiario.net\/portal\/2024\/03\/10\/lea-seydoux-interpreta-a-dama-margot-fenring-en-duna-parte-dos\/"},"author":{"name":"Jeanette","@id":"https:\/\/www.eldiario.net\/portal\/#\/schema\/person\/f46445640444750d7d753ccd04ae01b7"},"headline":"L\u00e9a Seydoux interpreta a Dama Margot Fenring en Duna: parte dos","datePublished":"2024-03-10T04:11:30+00:00","mainEntityOfPage":{"@id":"https:\/\/www.eldiario.net\/portal\/2024\/03\/10\/lea-seydoux-interpreta-a-dama-margot-fenring-en-duna-parte-dos\/"},"wordCount":490,"commentCount":0,"publisher":{"@id":"https:\/\/www.eldiario.net\/portal\/#organization"},"image":{"@id":"https:\/\/www.eldiario.net\/portal\/2024\/03\/10\/lea-seydoux-interpreta-a-dama-margot-fenring-en-duna-parte-dos\/#primaryimage"},"thumbnailUrl":"https:\/\/www.eldiario.net\/portal\/wp-content\/uploads\/2024\/03\/Lea-Seydoux-interpreta-a-Dama-Margot-Fenring-en-Duna-parte-dos-scaled.jpg","articleSection":["Cine Mundo"],"inLanguage":"es","potentialAction":[{"@type":"CommentAction","name":"Comment","target":["https:\/\/www.eldiario.net\/portal\/2024\/03\/10\/lea-seydoux-interpreta-a-dama-margot-fenring-en-duna-parte-dos\/#respond"]}]},{"@type":"WebPage","@id":"https:\/\/www.eldiario.net\/portal\/2024\/03\/10\/lea-seydoux-interpreta-a-dama-margot-fenring-en-duna-parte-dos\/","url":"https:\/\/www.eldiario.net\/portal\/2024\/03\/10\/lea-seydoux-interpreta-a-dama-margot-fenring-en-duna-parte-dos\/","name":"L\u00e9a Seydoux interpreta a Dama Margot Fenring en Duna: parte dos - El Diario - Bolivia","isPartOf":{"@id":"https:\/\/www.eldiario.net\/portal\/#website"},"primaryImageOfPage":{"@id":"https:\/\/www.eldiario.net\/portal\/2024\/03\/10\/lea-seydoux-interpreta-a-dama-margot-fenring-en-duna-parte-dos\/#primaryimage"},"image":{"@id":"https:\/\/www.eldiario.net\/portal\/2024\/03\/10\/lea-seydoux-interpreta-a-dama-margot-fenring-en-duna-parte-dos\/#primaryimage"},"thumbnailUrl":"https:\/\/www.eldiario.net\/portal\/wp-content\/uploads\/2024\/03\/Lea-Seydoux-interpreta-a-Dama-Margot-Fenring-en-Duna-parte-dos-scaled.jpg","datePublished":"2024-03-10T04:11:30+00:00","breadcrumb":{"@id":"https:\/\/www.eldiario.net\/portal\/2024\/03\/10\/lea-seydoux-interpreta-a-dama-margot-fenring-en-duna-parte-dos\/#breadcrumb"},"inLanguage":"es","potentialAction":[{"@type":"ReadAction","target":["https:\/\/www.eldiario.net\/portal\/2024\/03\/10\/lea-seydoux-interpreta-a-dama-margot-fenring-en-duna-parte-dos\/"]}]},{"@type":"ImageObject","inLanguage":"es","@id":"https:\/\/www.eldiario.net\/portal\/2024\/03\/10\/lea-seydoux-interpreta-a-dama-margot-fenring-en-duna-parte-dos\/#primaryimage","url":"https:\/\/www.eldiario.net\/portal\/wp-content\/uploads\/2024\/03\/Lea-Seydoux-interpreta-a-Dama-Margot-Fenring-en-Duna-parte-dos-scaled.jpg","contentUrl":"https:\/\/www.eldiario.net\/portal\/wp-content\/uploads\/2024\/03\/Lea-Seydoux-interpreta-a-Dama-Margot-Fenring-en-Duna-parte-dos-scaled.jpg","width":2560,"height":1707},{"@type":"BreadcrumbList","@id":"https:\/\/www.eldiario.net\/portal\/2024\/03\/10\/lea-seydoux-interpreta-a-dama-margot-fenring-en-duna-parte-dos\/#breadcrumb","itemListElement":[{"@type":"ListItem","position":1,"name":"Portada","item":"https:\/\/www.eldiario.net\/portal\/"},{"@type":"ListItem","position":2,"name":"L\u00e9a Seydoux interpreta a Dama Margot Fenring en Duna: parte dos"}]},{"@type":"WebSite","@id":"https:\/\/www.eldiario.net\/portal\/#website","url":"https:\/\/www.eldiario.net\/portal\/","name":"El Diario - Decano de la prensa nacional","description":"El Diario - Decano de la prensa nacional","publisher":{"@id":"https:\/\/www.eldiario.net\/portal\/#organization"},"potentialAction":[{"@type":"SearchAction","target":{"@type":"EntryPoint","urlTemplate":"https:\/\/www.eldiario.net\/portal\/?s={search_term_string}"},"query-input":{"@type":"PropertyValueSpecification","valueRequired":true,"valueName":"search_term_string"}}],"inLanguage":"es"},{"@type":"Organization","@id":"https:\/\/www.eldiario.net\/portal\/#organization","name":"El Diario - Decano de la prensa nacional","url":"https:\/\/www.eldiario.net\/portal\/","logo":{"@type":"ImageObject","inLanguage":"es","@id":"https:\/\/www.eldiario.net\/portal\/#\/schema\/logo\/image\/","url":"https:\/\/www.eldiario.net\/portal\/wp-content\/uploads\/2023\/07\/logo_ED.jpg","contentUrl":"https:\/\/www.eldiario.net\/portal\/wp-content\/uploads\/2023\/07\/logo_ED.jpg","width":272,"height":52,"caption":"El Diario - Decano de la prensa nacional"},"image":{"@id":"https:\/\/www.eldiario.net\/portal\/#\/schema\/logo\/image\/"},"sameAs":["https:\/\/www.facebook.com\/eldiario.bolivia\/","https:\/\/x.com\/eldiario_net"]},{"@type":"Person","@id":"https:\/\/www.eldiario.net\/portal\/#\/schema\/person\/f46445640444750d7d753ccd04ae01b7","name":"Jeanette","image":{"@type":"ImageObject","inLanguage":"es","@id":"https:\/\/secure.gravatar.com\/avatar\/3ea2118a5f7dad2b7138b1187a6b7ee55f160b9968b66013c3a3ef39dd7e5798?s=96&d=mm&r=g","url":"https:\/\/secure.gravatar.com\/avatar\/3ea2118a5f7dad2b7138b1187a6b7ee55f160b9968b66013c3a3ef39dd7e5798?s=96&d=mm&r=g","contentUrl":"https:\/\/secure.gravatar.com\/avatar\/3ea2118a5f7dad2b7138b1187a6b7ee55f160b9968b66013c3a3ef39dd7e5798?s=96&d=mm&r=g","caption":"Jeanette"},"sameAs":["https:\/\/www.eldiario.net\/portal"],"url":"https:\/\/www.eldiario.net\/portal\/author\/jeanette\/"}]}},"_links":{"self":[{"href":"https:\/\/www.eldiario.net\/portal\/wp-json\/wp\/v2\/posts\/207341","targetHints":{"allow":["GET"]}}],"collection":[{"href":"https:\/\/www.eldiario.net\/portal\/wp-json\/wp\/v2\/posts"}],"about":[{"href":"https:\/\/www.eldiario.net\/portal\/wp-json\/wp\/v2\/types\/post"}],"author":[{"embeddable":true,"href":"https:\/\/www.eldiario.net\/portal\/wp-json\/wp\/v2\/users\/1"}],"replies":[{"embeddable":true,"href":"https:\/\/www.eldiario.net\/portal\/wp-json\/wp\/v2\/comments?post=207341"}],"version-history":[{"count":1,"href":"https:\/\/www.eldiario.net\/portal\/wp-json\/wp\/v2\/posts\/207341\/revisions"}],"predecessor-version":[{"id":207343,"href":"https:\/\/www.eldiario.net\/portal\/wp-json\/wp\/v2\/posts\/207341\/revisions\/207343"}],"wp:featuredmedia":[{"embeddable":true,"href":"https:\/\/www.eldiario.net\/portal\/wp-json\/wp\/v2\/media\/207342"}],"wp:attachment":[{"href":"https:\/\/www.eldiario.net\/portal\/wp-json\/wp\/v2\/media?parent=207341"}],"wp:term":[{"taxonomy":"category","embeddable":true,"href":"https:\/\/www.eldiario.net\/portal\/wp-json\/wp\/v2\/categories?post=207341"},{"taxonomy":"post_tag","embeddable":true,"href":"https:\/\/www.eldiario.net\/portal\/wp-json\/wp\/v2\/tags?post=207341"}],"curies":[{"name":"wp","href":"https:\/\/api.w.org\/{rel}","templated":true}]}}