{"id":207312,"date":"2024-03-09T06:59:25","date_gmt":"2024-03-09T10:59:25","guid":{"rendered":"https:\/\/www.eldiario.net\/portal\/?p=207312"},"modified":"2024-03-09T06:59:25","modified_gmt":"2024-03-09T10:59:25","slug":"marchistas-van-tras-la-marca-en-brasil","status":"publish","type":"post","link":"https:\/\/www.eldiario.net\/portal\/2024\/03\/09\/marchistas-van-tras-la-marca-en-brasil\/","title":{"rendered":"Marchistas van tras la marca en brasil"},"content":{"rendered":"<p>Con los objetivos claros y con una gran presencia dentro de la pista, las atletas \u00c1ngela Castro, Casandra Nieto, Mayra Quispe, acompa\u00f1adas de la maestra Martha Mar\u00edn como entrenadora, representaran al pa\u00eds en el Campeonato Sudamericano de Marcha Atl\u00e9tica en Recife, Brasil certamen que ser\u00e1 el 10 de marzo.<br \/>\nEl evento ser\u00e1 clasificatorio al Campeonato Mundial de Marcha 2024, que se disputar\u00e1 en Antalya, Turqu\u00eda, el 21 de abril. Adem\u00e1s, la representaci\u00f3n boliviana buscar\u00e1 contar con la marca m\u00ednima para los Juegos Ol\u00edmpicos de Par\u00eds 2024, donde la marchista \u00c1ngela Castro cuenta con grandes posibilidades.<br \/>\nCabe a\u00f1adir que de acuerdo a la Federaci\u00f3n Atl\u00e9tica de Bolivia, la marchista pace\u00f1a est\u00e1 clasificada moment\u00e1neamente por ranking, algo que deber\u00e1 consolidar en las pruebas que vienen, pero tambi\u00e9n, para estar segura con ese boleto a Par\u00eds y evitar inseguridades, debe clasificar por marca m\u00ednima.<br \/>\nBolivia tiene derecho contar con representantes en el atletismo en los Juegos Ol\u00edmpicos por principios de universalidad (wild card) y el sistema de clasificaci\u00f3n. De acuerdo a las normas, en caso de que un atleta tenga la marca m\u00ednima este sistema queda inv\u00e1lido y obliga a que si existen m\u00e1s participantes a los JJOO, ellos deber\u00e1n clasificarse con la marca.<br \/>\n\u201c\u00c1ngela Castro est\u00e1 clasificada hoy d\u00eda. El sistema de clasificaci\u00f3n le da la seguridad de que ella est\u00e1 actualmente, de no ser que haya otra atleta que acceda por marca m\u00ednima\u201d, expres\u00f3 Marco Luque a El Diario.<br \/>\nEl titular de la FAB (siglas de la Federaci\u00f3n de Atletismo) explic\u00f3 que la marchista tiene un entrenamiento en Ecuador, donde apunta con todo a mejorar sus marcas y aspirar a la clasificaci\u00f3n por la v\u00eda de la marca m\u00ednima en varias competencias.<br \/>\n\u201cElla todav\u00eda tiene unas tres o cuatro competencia y algunas otras en Espa\u00f1a, por lo que tiene mayores chances de ganarse el pase de los Juegos Ol\u00edmpicos\u201d, a\u00f1adi\u00f3 Luque.<br \/>\nLa atleta recurri\u00f3 a la Federaci\u00f3n presentando un plan de preparaci\u00f3n y al Comit\u00e9 Ol\u00edmpico Boliviano, entidad que la apoya con una beca para atletas hacia los JJOO. De esta manera se est\u00e1 financiando su preparaci\u00f3n que est\u00e1 a cargo del entrenador espa\u00f1ol Paquillo Fern\u00e1ndez que tambi\u00e9n dirige a la destacada marchista ecuatoriana Yoana Ordo\u00f1ez, quien es compa\u00f1era de entrenamiento de Angela, que actualmente se encuentra entre las clasificadas a Par\u00eds 2024 por ranking; sin embargo, la temporada para ella reci\u00e9n inici\u00f3, prontamente compite en: Brasil y luego se va a entrenar a Espa\u00f1a donde realizar\u00e1 alguno de los Challengers de Marcha y posiblemente la Copa Mundial de Marcha en Turqu\u00eda, para consolidar su clasificaci\u00f3n.<br \/>\nCastro tuvo entrenamientos en Cuenca, una ciudad a 2500 msnn, fueron trabajos con intensidades apropiadas para la preparaci\u00f3n de esta especialidad. Se llevaron a cabo m\u00e9todos modernos de entrenamiento, como, controles antropom\u00e9tricos, test de l\u00e1ctato y otros medios de control del entrenamiento que se utilizan en la actualidad.<br \/>\nCastro ocupa el puesto 45 en el ranking mundial, por lo que se encuentra clasificada. No obstante, la marca es de 1:29:20 la que debe hacer si desea clasificarse por esta v\u00eda.<br \/>\nEmpero, en caso de que Castro no consiga la marca, tendr\u00e1 el pase a los JJOO por el sistema de clasificaci\u00f3n o ir\u00e1 por la invitaci\u00f3n, siempre y cuando otra atleta no consiga la marca m\u00ednima. Dentro de sus rivales m\u00e1s potenciales en este sistema est\u00e1 Jhoselyn Camargo, quien contar\u00e1 con una o dos pruebas m\u00e1s de Marat\u00f3n antes del cierre de clasificaciones para hacer la marca m\u00ednima.<br \/>\n\u201cTodo se definir\u00e1 en mayo\u201d, finaliz\u00f3 Luque, quien apunta a que \u201ctodo puede pasar\u201d dentro de las competencias para que tanto Castro o Camargo (o ambas si consiguen la marca) puedan estar en la cita del deporte m\u00e1s importante dentro del ciclo ol\u00edmpico.<\/p>\n<p>OTRAS ATLETAS<br \/>\nCasandra Nieto y Mayra Quispe, son dos atletas que dieron mucha talla el pasado a\u00f1o. Ambas cuentan con grandes aspiraciones, pero dentro de sus primeros objetivos ser\u00e1 clasificar al Mundial de Marcha.<br \/>\nMartha Mar\u00edn, quien es la entrenadora de todas las marchistas presentes, buscar\u00e1 dar estrategia para conseguir los objetivos, ya que dentro de la marcha sudamericana el representativo de Per\u00fa es la potencia. Este pa\u00eds contar\u00e1 con siete representantes.<\/p>\n<p>ERWIN QUISPE PERCA<\/p>\n\r\n                <style type=\"text\/css\">\r\n                    \r\n                    #tdi_1  .td-doubleSlider-2 .td-item1 {\r\n                        background: url(https:\/\/www.eldiario.net\/portal\/wp-content\/uploads\/2024\/03\/foto-2-1.jpg) 0 0 no-repeat;\r\n                    }\r\n                    #tdi_1  .td-doubleSlider-2 .td-item2 {\r\n                        background: url(https:\/\/www.eldiario.net\/portal\/wp-content\/uploads\/2024\/03\/foto-3-1.jpg) 0 0 no-repeat;\r\n                    }\r\n                    #tdi_1  .td-doubleSlider-2 .td-item3 {\r\n                        background: url(https:\/\/www.eldiario.net\/portal\/wp-content\/uploads\/2024\/03\/foto-4-1.jpg) 0 0 no-repeat;\r\n                    }\r\n                <\/style>\r\n\r\n                <div id=\"tdi_1\" class=\"td-gallery td-slide-on-2-columns\">\r\n                    <div class=\"post_td_gallery\">\r\n                        <div class=\"td-gallery-slide-top\">\r\n                           <div class=\"td-gallery-title\"><\/div>\r\n\r\n                            <div class=\"td-gallery-controls-wrapper\">\r\n                                <div class=\"td-gallery-slide-count\"><span class=\"td-gallery-slide-item-focus\">1<\/span> de 3<\/div>\r\n                                <div class=\"td-gallery-slide-prev-next-but\">\r\n                                    <i class = \"td-icon-left doubleSliderPrevButton\"><\/i>\r\n                                    <i class = \"td-icon-right doubleSliderNextButton\"><\/i>\r\n                                <\/div>\r\n                            <\/div>\r\n                        <\/div>\r\n\r\n                        <div class = \"td-doubleSlider-1 \">\r\n                            <div class = \"td-slider\">\r\n                                \r\n                    <div class = \"td-slide-item td-item1\">\r\n                        <figure class=\"td-slide-galery-figure td-slide-popup-gallery\">\r\n                            <a class=\"slide-gallery-image-link\" href=\"https:\/\/www.eldiario.net\/portal\/wp-content\/uploads\/2024\/03\/foto-2-1.jpg\" title=\"foto-2\"  data-caption=\"\"  data-description=\"\">\r\n                                <img decoding=\"async\" src=\"https:\/\/www.eldiario.net\/portal\/wp-content\/uploads\/2024\/03\/foto-2-1.jpg\" srcset=\"https:\/\/www.eldiario.net\/portal\/wp-content\/uploads\/2024\/03\/foto-2-1.jpg 1024w, https:\/\/www.eldiario.net\/portal\/wp-content\/uploads\/2024\/03\/foto-2-1-300x297.jpg 300w, https:\/\/www.eldiario.net\/portal\/wp-content\/uploads\/2024\/03\/foto-2-1-768x760.jpg 768w, https:\/\/www.eldiario.net\/portal\/wp-content\/uploads\/2024\/03\/foto-2-1-696x689.jpg 696w\" sizes=\"(max-width: 425px) 100vw, 425px\" alt=\"\">\r\n                            <\/a>\r\n                            \r\n                        <\/figure>\r\n                    <\/div>\r\n                    <div class = \"td-slide-item td-item2\">\r\n                        <figure class=\"td-slide-galery-figure td-slide-popup-gallery\">\r\n                            <a class=\"slide-gallery-image-link\" href=\"https:\/\/www.eldiario.net\/portal\/wp-content\/uploads\/2024\/03\/foto-3-1.jpg\" title=\"foto-3\"  data-caption=\"\"  data-description=\"\">\r\n                                <img decoding=\"async\" src=\"https:\/\/www.eldiario.net\/portal\/wp-content\/uploads\/2024\/03\/foto-3-1.jpg\" srcset=\"https:\/\/www.eldiario.net\/portal\/wp-content\/uploads\/2024\/03\/foto-3-1.jpg 861w, https:\/\/www.eldiario.net\/portal\/wp-content\/uploads\/2024\/03\/foto-3-1-300x214.jpg 300w, https:\/\/www.eldiario.net\/portal\/wp-content\/uploads\/2024\/03\/foto-3-1-768x549.jpg 768w, https:\/\/www.eldiario.net\/portal\/wp-content\/uploads\/2024\/03\/foto-3-1-696x497.jpg 696w\" sizes=\"(max-width: 588px) 100vw, 588px\" alt=\"\">\r\n                            <\/a>\r\n                            \r\n                        <\/figure>\r\n                    <\/div>\r\n                    <div class = \"td-slide-item td-item3\">\r\n                        <figure class=\"td-slide-galery-figure td-slide-popup-gallery\">\r\n                            <a class=\"slide-gallery-image-link\" href=\"https:\/\/www.eldiario.net\/portal\/wp-content\/uploads\/2024\/03\/foto-4-1.jpg\" title=\"foto-4\"  data-caption=\"\"  data-description=\"\">\r\n                                <img decoding=\"async\" src=\"https:\/\/www.eldiario.net\/portal\/wp-content\/uploads\/2024\/03\/foto-4-1.jpg\" srcset=\"https:\/\/www.eldiario.net\/portal\/wp-content\/uploads\/2024\/03\/foto-4-1.jpg 632w, https:\/\/www.eldiario.net\/portal\/wp-content\/uploads\/2024\/03\/foto-4-1-300x200.jpg 300w\" sizes=\"(max-width: 629px) 100vw, 629px\" alt=\"\">\r\n                            <\/a>\r\n                            \r\n                        <\/figure>\r\n                    <\/div>\r\n                            <\/div>\r\n                        <\/div>\r\n\r\n                        <div class = \"td-doubleSlider-2\">\r\n                            <div class = \"td-slider\">\r\n                                \r\n                    <div class = \"td-button td-item1\">\r\n                        <div class = \"td-border\"><\/div>\r\n                    <\/div>\r\n                    <div class = \"td-button td-item2\">\r\n                        <div class = \"td-border\"><\/div>\r\n                    <\/div>\r\n                    <div class = \"td-button td-item3\">\r\n                        <div class = \"td-border\"><\/div>\r\n                    <\/div>\r\n                            <\/div>\r\n                        <\/div>\r\n\r\n                    <\/div>\r\n\r\n                <\/div>\r\n                \n","protected":false},"excerpt":{"rendered":"<p>Con los objetivos claros y con una gran presencia dentro de la pista, las atletas \u00c1ngela Castro, Casandra Nieto, Mayra Quispe, acompa\u00f1adas de la maestra Martha Mar\u00edn como entrenadora, representaran al pa\u00eds en el Campeonato Sudamericano de Marcha Atl\u00e9tica en Recife, Brasil certamen que ser\u00e1 el 10 de marzo. El evento ser\u00e1 clasificatorio al Campeonato [&hellip;]<\/p>\n","protected":false},"author":1,"featured_media":207316,"comment_status":"open","ping_status":"open","sticky":false,"template":"","format":"standard","meta":{"_acf_changed":false,"footnotes":""},"categories":[6],"tags":[],"class_list":["post-207312","post","type-post","status-publish","format-standard","has-post-thumbnail","category-deportes"],"acf":{"antetitulo":""},"yoast_head":"<!-- This site is optimized with the Yoast SEO plugin v28.4 - https:\/\/yoast.com\/product\/yoast-seo-wordpress\/ -->\n<title>Marchistas van tras la marca en brasil - El Diario - Bolivia<\/title>\n<meta name=\"robots\" content=\"index, follow, max-snippet:-1, max-image-preview:large, max-video-preview:-1\" \/>\n<link rel=\"canonical\" href=\"https:\/\/www.eldiario.net\/portal\/2024\/03\/09\/marchistas-van-tras-la-marca-en-brasil\/\" \/>\n<meta property=\"og:locale\" content=\"es_ES\" \/>\n<meta property=\"og:type\" content=\"article\" \/>\n<meta property=\"og:title\" content=\"Marchistas van tras la marca en brasil - El Diario - Bolivia\" \/>\n<meta property=\"og:description\" content=\"Con los objetivos claros y con una gran presencia dentro de la pista, las atletas \u00c1ngela Castro, Casandra Nieto, Mayra Quispe, acompa\u00f1adas de la maestra Martha Mar\u00edn como entrenadora, representaran al pa\u00eds en el Campeonato Sudamericano de Marcha Atl\u00e9tica en Recife, Brasil certamen que ser\u00e1 el 10 de marzo. El evento ser\u00e1 clasificatorio al Campeonato [&hellip;]\" \/>\n<meta property=\"og:url\" content=\"https:\/\/www.eldiario.net\/portal\/2024\/03\/09\/marchistas-van-tras-la-marca-en-brasil\/\" \/>\n<meta property=\"og:site_name\" content=\"El Diario - Bolivia\" \/>\n<meta property=\"article:publisher\" content=\"https:\/\/www.facebook.com\/eldiario.bolivia\/\" \/>\n<meta property=\"article:published_time\" content=\"2024-03-09T10:59:25+00:00\" \/>\n<meta property=\"og:image\" content=\"https:\/\/www.eldiario.net\/portal\/wp-content\/uploads\/2024\/03\/principal-2.jpg\" \/>\n\t<meta property=\"og:image:width\" content=\"1840\" \/>\n\t<meta property=\"og:image:height\" content=\"1536\" \/>\n\t<meta property=\"og:image:type\" content=\"image\/jpeg\" \/>\n<meta name=\"author\" content=\"Jeanette\" \/>\n<meta name=\"twitter:card\" content=\"summary_large_image\" \/>\n<meta name=\"twitter:creator\" content=\"@eldiario_net\" \/>\n<meta name=\"twitter:site\" content=\"@eldiario_net\" \/>\n<meta name=\"twitter:label1\" content=\"Escrito por\" \/>\n\t<meta name=\"twitter:data1\" content=\"Jeanette\" \/>\n\t<meta name=\"twitter:label2\" content=\"Tiempo de lectura\" \/>\n\t<meta name=\"twitter:data2\" content=\"4 minutos\" \/>\n<script type=\"application\/ld+json\" class=\"yoast-schema-graph\">{\"@context\":\"https:\\\/\\\/schema.org\",\"@graph\":[{\"@type\":\"Article\",\"@id\":\"https:\\\/\\\/www.eldiario.net\\\/portal\\\/2024\\\/03\\\/09\\\/marchistas-van-tras-la-marca-en-brasil\\\/#article\",\"isPartOf\":{\"@id\":\"https:\\\/\\\/www.eldiario.net\\\/portal\\\/2024\\\/03\\\/09\\\/marchistas-van-tras-la-marca-en-brasil\\\/\"},\"author\":{\"name\":\"Jeanette\",\"@id\":\"https:\\\/\\\/www.eldiario.net\\\/portal\\\/#\\\/schema\\\/person\\\/f46445640444750d7d753ccd04ae01b7\"},\"headline\":\"Marchistas van tras la marca en brasil\",\"datePublished\":\"2024-03-09T10:59:25+00:00\",\"mainEntityOfPage\":{\"@id\":\"https:\\\/\\\/www.eldiario.net\\\/portal\\\/2024\\\/03\\\/09\\\/marchistas-van-tras-la-marca-en-brasil\\\/\"},\"wordCount\":765,\"commentCount\":0,\"publisher\":{\"@id\":\"https:\\\/\\\/www.eldiario.net\\\/portal\\\/#organization\"},\"image\":{\"@id\":\"https:\\\/\\\/www.eldiario.net\\\/portal\\\/2024\\\/03\\\/09\\\/marchistas-van-tras-la-marca-en-brasil\\\/#primaryimage\"},\"thumbnailUrl\":\"https:\\\/\\\/www.eldiario.net\\\/portal\\\/wp-content\\\/uploads\\\/2024\\\/03\\\/principal-2.jpg\",\"articleSection\":[\"Deportes\"],\"inLanguage\":\"es\",\"potentialAction\":[{\"@type\":\"CommentAction\",\"name\":\"Comment\",\"target\":[\"https:\\\/\\\/www.eldiario.net\\\/portal\\\/2024\\\/03\\\/09\\\/marchistas-van-tras-la-marca-en-brasil\\\/#respond\"]}]},{\"@type\":\"WebPage\",\"@id\":\"https:\\\/\\\/www.eldiario.net\\\/portal\\\/2024\\\/03\\\/09\\\/marchistas-van-tras-la-marca-en-brasil\\\/\",\"url\":\"https:\\\/\\\/www.eldiario.net\\\/portal\\\/2024\\\/03\\\/09\\\/marchistas-van-tras-la-marca-en-brasil\\\/\",\"name\":\"Marchistas van tras la marca en brasil - El Diario - Bolivia\",\"isPartOf\":{\"@id\":\"https:\\\/\\\/www.eldiario.net\\\/portal\\\/#website\"},\"primaryImageOfPage\":{\"@id\":\"https:\\\/\\\/www.eldiario.net\\\/portal\\\/2024\\\/03\\\/09\\\/marchistas-van-tras-la-marca-en-brasil\\\/#primaryimage\"},\"image\":{\"@id\":\"https:\\\/\\\/www.eldiario.net\\\/portal\\\/2024\\\/03\\\/09\\\/marchistas-van-tras-la-marca-en-brasil\\\/#primaryimage\"},\"thumbnailUrl\":\"https:\\\/\\\/www.eldiario.net\\\/portal\\\/wp-content\\\/uploads\\\/2024\\\/03\\\/principal-2.jpg\",\"datePublished\":\"2024-03-09T10:59:25+00:00\",\"breadcrumb\":{\"@id\":\"https:\\\/\\\/www.eldiario.net\\\/portal\\\/2024\\\/03\\\/09\\\/marchistas-van-tras-la-marca-en-brasil\\\/#breadcrumb\"},\"inLanguage\":\"es\",\"potentialAction\":[{\"@type\":\"ReadAction\",\"target\":[\"https:\\\/\\\/www.eldiario.net\\\/portal\\\/2024\\\/03\\\/09\\\/marchistas-van-tras-la-marca-en-brasil\\\/\"]}]},{\"@type\":\"ImageObject\",\"inLanguage\":\"es\",\"@id\":\"https:\\\/\\\/www.eldiario.net\\\/portal\\\/2024\\\/03\\\/09\\\/marchistas-van-tras-la-marca-en-brasil\\\/#primaryimage\",\"url\":\"https:\\\/\\\/www.eldiario.net\\\/portal\\\/wp-content\\\/uploads\\\/2024\\\/03\\\/principal-2.jpg\",\"contentUrl\":\"https:\\\/\\\/www.eldiario.net\\\/portal\\\/wp-content\\\/uploads\\\/2024\\\/03\\\/principal-2.jpg\",\"width\":1840,\"height\":1536},{\"@type\":\"BreadcrumbList\",\"@id\":\"https:\\\/\\\/www.eldiario.net\\\/portal\\\/2024\\\/03\\\/09\\\/marchistas-van-tras-la-marca-en-brasil\\\/#breadcrumb\",\"itemListElement\":[{\"@type\":\"ListItem\",\"position\":1,\"name\":\"Portada\",\"item\":\"https:\\\/\\\/www.eldiario.net\\\/portal\\\/\"},{\"@type\":\"ListItem\",\"position\":2,\"name\":\"Marchistas van tras la marca en brasil\"}]},{\"@type\":\"WebSite\",\"@id\":\"https:\\\/\\\/www.eldiario.net\\\/portal\\\/#website\",\"url\":\"https:\\\/\\\/www.eldiario.net\\\/portal\\\/\",\"name\":\"El Diario - Decano de la prensa nacional\",\"description\":\"El Diario - Decano de la prensa nacional\",\"publisher\":{\"@id\":\"https:\\\/\\\/www.eldiario.net\\\/portal\\\/#organization\"},\"potentialAction\":[{\"@type\":\"SearchAction\",\"target\":{\"@type\":\"EntryPoint\",\"urlTemplate\":\"https:\\\/\\\/www.eldiario.net\\\/portal\\\/?s={search_term_string}\"},\"query-input\":{\"@type\":\"PropertyValueSpecification\",\"valueRequired\":true,\"valueName\":\"search_term_string\"}}],\"inLanguage\":\"es\"},{\"@type\":\"Organization\",\"@id\":\"https:\\\/\\\/www.eldiario.net\\\/portal\\\/#organization\",\"name\":\"El Diario - Decano de la prensa nacional\",\"url\":\"https:\\\/\\\/www.eldiario.net\\\/portal\\\/\",\"logo\":{\"@type\":\"ImageObject\",\"inLanguage\":\"es\",\"@id\":\"https:\\\/\\\/www.eldiario.net\\\/portal\\\/#\\\/schema\\\/logo\\\/image\\\/\",\"url\":\"https:\\\/\\\/www.eldiario.net\\\/portal\\\/wp-content\\\/uploads\\\/2023\\\/07\\\/logo_ED.jpg\",\"contentUrl\":\"https:\\\/\\\/www.eldiario.net\\\/portal\\\/wp-content\\\/uploads\\\/2023\\\/07\\\/logo_ED.jpg\",\"width\":272,\"height\":52,\"caption\":\"El Diario - Decano de la prensa nacional\"},\"image\":{\"@id\":\"https:\\\/\\\/www.eldiario.net\\\/portal\\\/#\\\/schema\\\/logo\\\/image\\\/\"},\"sameAs\":[\"https:\\\/\\\/www.facebook.com\\\/eldiario.bolivia\\\/\",\"https:\\\/\\\/x.com\\\/eldiario_net\"]},{\"@type\":\"Person\",\"@id\":\"https:\\\/\\\/www.eldiario.net\\\/portal\\\/#\\\/schema\\\/person\\\/f46445640444750d7d753ccd04ae01b7\",\"name\":\"Jeanette\",\"image\":{\"@type\":\"ImageObject\",\"inLanguage\":\"es\",\"@id\":\"https:\\\/\\\/secure.gravatar.com\\\/avatar\\\/3ea2118a5f7dad2b7138b1187a6b7ee55f160b9968b66013c3a3ef39dd7e5798?s=96&d=mm&r=g\",\"url\":\"https:\\\/\\\/secure.gravatar.com\\\/avatar\\\/3ea2118a5f7dad2b7138b1187a6b7ee55f160b9968b66013c3a3ef39dd7e5798?s=96&d=mm&r=g\",\"contentUrl\":\"https:\\\/\\\/secure.gravatar.com\\\/avatar\\\/3ea2118a5f7dad2b7138b1187a6b7ee55f160b9968b66013c3a3ef39dd7e5798?s=96&d=mm&r=g\",\"caption\":\"Jeanette\"},\"sameAs\":[\"https:\\\/\\\/www.eldiario.net\\\/portal\"],\"url\":\"https:\\\/\\\/www.eldiario.net\\\/portal\\\/author\\\/jeanette\\\/\"}]}<\/script>\n<!-- \/ Yoast SEO plugin. -->","yoast_head_json":{"title":"Marchistas van tras la marca en brasil - El Diario - Bolivia","robots":{"index":"index","follow":"follow","max-snippet":"max-snippet:-1","max-image-preview":"max-image-preview:large","max-video-preview":"max-video-preview:-1"},"canonical":"https:\/\/www.eldiario.net\/portal\/2024\/03\/09\/marchistas-van-tras-la-marca-en-brasil\/","og_locale":"es_ES","og_type":"article","og_title":"Marchistas van tras la marca en brasil - El Diario - Bolivia","og_description":"Con los objetivos claros y con una gran presencia dentro de la pista, las atletas \u00c1ngela Castro, Casandra Nieto, Mayra Quispe, acompa\u00f1adas de la maestra Martha Mar\u00edn como entrenadora, representaran al pa\u00eds en el Campeonato Sudamericano de Marcha Atl\u00e9tica en Recife, Brasil certamen que ser\u00e1 el 10 de marzo. El evento ser\u00e1 clasificatorio al Campeonato [&hellip;]","og_url":"https:\/\/www.eldiario.net\/portal\/2024\/03\/09\/marchistas-van-tras-la-marca-en-brasil\/","og_site_name":"El Diario - Bolivia","article_publisher":"https:\/\/www.facebook.com\/eldiario.bolivia\/","article_published_time":"2024-03-09T10:59:25+00:00","og_image":[{"width":1840,"height":1536,"url":"https:\/\/www.eldiario.net\/portal\/wp-content\/uploads\/2024\/03\/principal-2.jpg","type":"image\/jpeg"}],"author":"Jeanette","twitter_card":"summary_large_image","twitter_creator":"@eldiario_net","twitter_site":"@eldiario_net","twitter_misc":{"Escrito por":"Jeanette","Tiempo de lectura":"4 minutos"},"schema":{"@context":"https:\/\/schema.org","@graph":[{"@type":"Article","@id":"https:\/\/www.eldiario.net\/portal\/2024\/03\/09\/marchistas-van-tras-la-marca-en-brasil\/#article","isPartOf":{"@id":"https:\/\/www.eldiario.net\/portal\/2024\/03\/09\/marchistas-van-tras-la-marca-en-brasil\/"},"author":{"name":"Jeanette","@id":"https:\/\/www.eldiario.net\/portal\/#\/schema\/person\/f46445640444750d7d753ccd04ae01b7"},"headline":"Marchistas van tras la marca en brasil","datePublished":"2024-03-09T10:59:25+00:00","mainEntityOfPage":{"@id":"https:\/\/www.eldiario.net\/portal\/2024\/03\/09\/marchistas-van-tras-la-marca-en-brasil\/"},"wordCount":765,"commentCount":0,"publisher":{"@id":"https:\/\/www.eldiario.net\/portal\/#organization"},"image":{"@id":"https:\/\/www.eldiario.net\/portal\/2024\/03\/09\/marchistas-van-tras-la-marca-en-brasil\/#primaryimage"},"thumbnailUrl":"https:\/\/www.eldiario.net\/portal\/wp-content\/uploads\/2024\/03\/principal-2.jpg","articleSection":["Deportes"],"inLanguage":"es","potentialAction":[{"@type":"CommentAction","name":"Comment","target":["https:\/\/www.eldiario.net\/portal\/2024\/03\/09\/marchistas-van-tras-la-marca-en-brasil\/#respond"]}]},{"@type":"WebPage","@id":"https:\/\/www.eldiario.net\/portal\/2024\/03\/09\/marchistas-van-tras-la-marca-en-brasil\/","url":"https:\/\/www.eldiario.net\/portal\/2024\/03\/09\/marchistas-van-tras-la-marca-en-brasil\/","name":"Marchistas van tras la marca en brasil - El Diario - Bolivia","isPartOf":{"@id":"https:\/\/www.eldiario.net\/portal\/#website"},"primaryImageOfPage":{"@id":"https:\/\/www.eldiario.net\/portal\/2024\/03\/09\/marchistas-van-tras-la-marca-en-brasil\/#primaryimage"},"image":{"@id":"https:\/\/www.eldiario.net\/portal\/2024\/03\/09\/marchistas-van-tras-la-marca-en-brasil\/#primaryimage"},"thumbnailUrl":"https:\/\/www.eldiario.net\/portal\/wp-content\/uploads\/2024\/03\/principal-2.jpg","datePublished":"2024-03-09T10:59:25+00:00","breadcrumb":{"@id":"https:\/\/www.eldiario.net\/portal\/2024\/03\/09\/marchistas-van-tras-la-marca-en-brasil\/#breadcrumb"},"inLanguage":"es","potentialAction":[{"@type":"ReadAction","target":["https:\/\/www.eldiario.net\/portal\/2024\/03\/09\/marchistas-van-tras-la-marca-en-brasil\/"]}]},{"@type":"ImageObject","inLanguage":"es","@id":"https:\/\/www.eldiario.net\/portal\/2024\/03\/09\/marchistas-van-tras-la-marca-en-brasil\/#primaryimage","url":"https:\/\/www.eldiario.net\/portal\/wp-content\/uploads\/2024\/03\/principal-2.jpg","contentUrl":"https:\/\/www.eldiario.net\/portal\/wp-content\/uploads\/2024\/03\/principal-2.jpg","width":1840,"height":1536},{"@type":"BreadcrumbList","@id":"https:\/\/www.eldiario.net\/portal\/2024\/03\/09\/marchistas-van-tras-la-marca-en-brasil\/#breadcrumb","itemListElement":[{"@type":"ListItem","position":1,"name":"Portada","item":"https:\/\/www.eldiario.net\/portal\/"},{"@type":"ListItem","position":2,"name":"Marchistas van tras la marca en brasil"}]},{"@type":"WebSite","@id":"https:\/\/www.eldiario.net\/portal\/#website","url":"https:\/\/www.eldiario.net\/portal\/","name":"El Diario - Decano de la prensa nacional","description":"El Diario - Decano de la prensa nacional","publisher":{"@id":"https:\/\/www.eldiario.net\/portal\/#organization"},"potentialAction":[{"@type":"SearchAction","target":{"@type":"EntryPoint","urlTemplate":"https:\/\/www.eldiario.net\/portal\/?s={search_term_string}"},"query-input":{"@type":"PropertyValueSpecification","valueRequired":true,"valueName":"search_term_string"}}],"inLanguage":"es"},{"@type":"Organization","@id":"https:\/\/www.eldiario.net\/portal\/#organization","name":"El Diario - Decano de la prensa nacional","url":"https:\/\/www.eldiario.net\/portal\/","logo":{"@type":"ImageObject","inLanguage":"es","@id":"https:\/\/www.eldiario.net\/portal\/#\/schema\/logo\/image\/","url":"https:\/\/www.eldiario.net\/portal\/wp-content\/uploads\/2023\/07\/logo_ED.jpg","contentUrl":"https:\/\/www.eldiario.net\/portal\/wp-content\/uploads\/2023\/07\/logo_ED.jpg","width":272,"height":52,"caption":"El Diario - Decano de la prensa nacional"},"image":{"@id":"https:\/\/www.eldiario.net\/portal\/#\/schema\/logo\/image\/"},"sameAs":["https:\/\/www.facebook.com\/eldiario.bolivia\/","https:\/\/x.com\/eldiario_net"]},{"@type":"Person","@id":"https:\/\/www.eldiario.net\/portal\/#\/schema\/person\/f46445640444750d7d753ccd04ae01b7","name":"Jeanette","image":{"@type":"ImageObject","inLanguage":"es","@id":"https:\/\/secure.gravatar.com\/avatar\/3ea2118a5f7dad2b7138b1187a6b7ee55f160b9968b66013c3a3ef39dd7e5798?s=96&d=mm&r=g","url":"https:\/\/secure.gravatar.com\/avatar\/3ea2118a5f7dad2b7138b1187a6b7ee55f160b9968b66013c3a3ef39dd7e5798?s=96&d=mm&r=g","contentUrl":"https:\/\/secure.gravatar.com\/avatar\/3ea2118a5f7dad2b7138b1187a6b7ee55f160b9968b66013c3a3ef39dd7e5798?s=96&d=mm&r=g","caption":"Jeanette"},"sameAs":["https:\/\/www.eldiario.net\/portal"],"url":"https:\/\/www.eldiario.net\/portal\/author\/jeanette\/"}]}},"_links":{"self":[{"href":"https:\/\/www.eldiario.net\/portal\/wp-json\/wp\/v2\/posts\/207312","targetHints":{"allow":["GET"]}}],"collection":[{"href":"https:\/\/www.eldiario.net\/portal\/wp-json\/wp\/v2\/posts"}],"about":[{"href":"https:\/\/www.eldiario.net\/portal\/wp-json\/wp\/v2\/types\/post"}],"author":[{"embeddable":true,"href":"https:\/\/www.eldiario.net\/portal\/wp-json\/wp\/v2\/users\/1"}],"replies":[{"embeddable":true,"href":"https:\/\/www.eldiario.net\/portal\/wp-json\/wp\/v2\/comments?post=207312"}],"version-history":[{"count":1,"href":"https:\/\/www.eldiario.net\/portal\/wp-json\/wp\/v2\/posts\/207312\/revisions"}],"predecessor-version":[{"id":207317,"href":"https:\/\/www.eldiario.net\/portal\/wp-json\/wp\/v2\/posts\/207312\/revisions\/207317"}],"wp:featuredmedia":[{"embeddable":true,"href":"https:\/\/www.eldiario.net\/portal\/wp-json\/wp\/v2\/media\/207316"}],"wp:attachment":[{"href":"https:\/\/www.eldiario.net\/portal\/wp-json\/wp\/v2\/media?parent=207312"}],"wp:term":[{"taxonomy":"category","embeddable":true,"href":"https:\/\/www.eldiario.net\/portal\/wp-json\/wp\/v2\/categories?post=207312"},{"taxonomy":"post_tag","embeddable":true,"href":"https:\/\/www.eldiario.net\/portal\/wp-json\/wp\/v2\/tags?post=207312"}],"curies":[{"name":"wp","href":"https:\/\/api.w.org\/{rel}","templated":true}]}}