{"id":207254,"date":"2024-03-09T06:40:10","date_gmt":"2024-03-09T10:40:10","guid":{"rendered":"https:\/\/www.eldiario.net\/portal\/?p=207254"},"modified":"2024-03-09T06:40:10","modified_gmt":"2024-03-09T10:40:10","slug":"posesionan-a-nuevo-director-del-iniaf","status":"publish","type":"post","link":"https:\/\/www.eldiario.net\/portal\/2024\/03\/09\/posesionan-a-nuevo-director-del-iniaf\/","title":{"rendered":"Posesionan a nuevo director del Iniaf"},"content":{"rendered":"<p>El ministro de Desarrollo Rural y Tierras, Santos Condori Nina, posesion\u00f3 a Windson July Mart\u00ednez, como nuevo director del Instituto Nacional de Innovaci\u00f3n Agropecuaria y Forestal (Iniaf), con la misi\u00f3n de fortalecer la soberan\u00eda cient\u00edfica y tecnol\u00f3gica.<br \/>\n\u201cLe encomendamos trabajar con responsabilidad y compromiso con el pueblo boliviano, la tarea del Iniaf es fundamental para cumplir los objetivos institucionales en materia productiva, se debe fortalecer la soberan\u00eda cient\u00edfica y tecnol\u00f3gica, contribuir a la seguridad y soberan\u00eda alimentaria, el objetivo es mejorar y apoyar el proceso de industrializaci\u00f3n que encamina el presidente Luis Arce\u201d, enfatiz\u00f3 Condori.<br \/>\nLa nueva autoridad se\u00f1al\u00f3 que trabajar\u00e1 en proyectos de investigaci\u00f3n con la finalidad de resaltar la imagen institucional del Iniaf a nivel internacional. \u201cHe trabajado bastante en investigaci\u00f3n y vamos a aportar con nuestro conocimiento para que esta instituci\u00f3n se pueda desarrollar y tener logros para el pa\u00eds, vamos a liderar proyectos de investigaci\u00f3n, tenemos que trabajar con mucho esfuerzo e integridad\u201d, mencion\u00f3.<br \/>\nWindson July Mart\u00ednez, es Ingeniero Agr\u00f3nomo de profesi\u00f3n, tiene maestr\u00edas en \u201cAgroforester\u00eda Tropical\u201d en la Catie Costa Rica, \u201cEconom\u00eda Agr\u00edcola y Proyectos Agropecuarios\u201d en la UMSA Bolivia, Especialidad en \u201cAdaptaci\u00f3n y Cambio Clim\u00e1tico en Agroforester\u00eda\u201d en Koica Corea del Sur, candidato Phd. en la Escuela de Altos Estudios Nacionales de Bolivia y Lic. en Derecho. Tiene 25 a\u00f1os de experiencia en los rubros de cacao, caf\u00e9 y cultivos de sub tr\u00f3pico, como t\u00e9cnico de campo y cargos de investigaci\u00f3n cient\u00edfica.<br \/>\nEl Instituto Nacional de Innovaci\u00f3n Agropecuaria y Forestal (Iniaf), es una instituci\u00f3n descentralizada, los componentes en los que trabaja son investigaci\u00f3n, asistencia t\u00e9cnica e informaci\u00f3n, certificaci\u00f3n y fiscalizaci\u00f3n de semillas.<br \/>\nTiene como objetivo generar tecnolog\u00edas, establecer lineamientos y gestionar las pol\u00edticas p\u00fablicas de innovaci\u00f3n agropecuaria y forestal, con la finalidad de contribuir a la seguridad y soberan\u00eda alimentaria, y la gesti\u00f3n de los recursos gen\u00e9ticos de la agrobiodiversidad como patrimonio del Estado.<\/p>\n","protected":false},"excerpt":{"rendered":"<p>El ministro de Desarrollo Rural y Tierras, Santos Condori Nina, posesion\u00f3 a Windson July Mart\u00ednez, como nuevo director del Instituto Nacional de Innovaci\u00f3n Agropecuaria y Forestal (Iniaf), con la misi\u00f3n de fortalecer la soberan\u00eda cient\u00edfica y tecnol\u00f3gica. \u201cLe encomendamos trabajar con responsabilidad y compromiso con el pueblo boliviano, la tarea del Iniaf es fundamental para [&hellip;]<\/p>\n","protected":false},"author":1,"featured_media":207255,"comment_status":"open","ping_status":"open","sticky":false,"template":"","format":"standard","meta":{"_acf_changed":false,"footnotes":""},"categories":[7],"tags":[],"class_list":["post-207254","post","type-post","status-publish","format-standard","has-post-thumbnail","category-economia"],"acf":{"antetitulo":""},"yoast_head":"<!-- This site is optimized with the Yoast SEO plugin v28.4 - https:\/\/yoast.com\/product\/yoast-seo-wordpress\/ -->\n<title>Posesionan a nuevo director del Iniaf - El Diario - Bolivia<\/title>\n<meta name=\"robots\" content=\"index, follow, max-snippet:-1, max-image-preview:large, max-video-preview:-1\" \/>\n<link rel=\"canonical\" href=\"https:\/\/www.eldiario.net\/portal\/2024\/03\/09\/posesionan-a-nuevo-director-del-iniaf\/\" \/>\n<meta property=\"og:locale\" content=\"es_ES\" \/>\n<meta property=\"og:type\" content=\"article\" \/>\n<meta property=\"og:title\" content=\"Posesionan a nuevo director del Iniaf - El Diario - Bolivia\" \/>\n<meta property=\"og:description\" content=\"El ministro de Desarrollo Rural y Tierras, Santos Condori Nina, posesion\u00f3 a Windson July Mart\u00ednez, como nuevo director del Instituto Nacional de Innovaci\u00f3n Agropecuaria y Forestal (Iniaf), con la misi\u00f3n de fortalecer la soberan\u00eda cient\u00edfica y tecnol\u00f3gica. \u201cLe encomendamos trabajar con responsabilidad y compromiso con el pueblo boliviano, la tarea del Iniaf es fundamental para [&hellip;]\" \/>\n<meta property=\"og:url\" content=\"https:\/\/www.eldiario.net\/portal\/2024\/03\/09\/posesionan-a-nuevo-director-del-iniaf\/\" \/>\n<meta property=\"og:site_name\" content=\"El Diario - Bolivia\" \/>\n<meta property=\"article:publisher\" content=\"https:\/\/www.facebook.com\/eldiario.bolivia\/\" \/>\n<meta property=\"article:published_time\" content=\"2024-03-09T10:40:10+00:00\" \/>\n<meta property=\"og:image\" content=\"https:\/\/www.eldiario.net\/portal\/wp-content\/uploads\/2024\/03\/ECO-1.jpg\" \/>\n\t<meta property=\"og:image:width\" content=\"923\" \/>\n\t<meta property=\"og:image:height\" content=\"652\" \/>\n\t<meta property=\"og:image:type\" content=\"image\/jpeg\" \/>\n<meta name=\"author\" content=\"Jeanette\" \/>\n<meta name=\"twitter:card\" content=\"summary_large_image\" \/>\n<meta name=\"twitter:creator\" content=\"@eldiario_net\" \/>\n<meta name=\"twitter:site\" content=\"@eldiario_net\" \/>\n<meta name=\"twitter:label1\" content=\"Escrito por\" \/>\n\t<meta name=\"twitter:data1\" content=\"Jeanette\" \/>\n\t<meta name=\"twitter:label2\" content=\"Tiempo de lectura\" \/>\n\t<meta name=\"twitter:data2\" content=\"2 minutos\" \/>\n<script type=\"application\/ld+json\" class=\"yoast-schema-graph\">{\"@context\":\"https:\\\/\\\/schema.org\",\"@graph\":[{\"@type\":\"Article\",\"@id\":\"https:\\\/\\\/www.eldiario.net\\\/portal\\\/2024\\\/03\\\/09\\\/posesionan-a-nuevo-director-del-iniaf\\\/#article\",\"isPartOf\":{\"@id\":\"https:\\\/\\\/www.eldiario.net\\\/portal\\\/2024\\\/03\\\/09\\\/posesionan-a-nuevo-director-del-iniaf\\\/\"},\"author\":{\"name\":\"Jeanette\",\"@id\":\"https:\\\/\\\/www.eldiario.net\\\/portal\\\/#\\\/schema\\\/person\\\/2c57cf2b7a7ae032e449e4c9b1019eac\"},\"headline\":\"Posesionan a nuevo director del Iniaf\",\"datePublished\":\"2024-03-09T10:40:10+00:00\",\"mainEntityOfPage\":{\"@id\":\"https:\\\/\\\/www.eldiario.net\\\/portal\\\/2024\\\/03\\\/09\\\/posesionan-a-nuevo-director-del-iniaf\\\/\"},\"wordCount\":361,\"commentCount\":0,\"publisher\":{\"@id\":\"https:\\\/\\\/www.eldiario.net\\\/portal\\\/#organization\"},\"image\":{\"@id\":\"https:\\\/\\\/www.eldiario.net\\\/portal\\\/2024\\\/03\\\/09\\\/posesionan-a-nuevo-director-del-iniaf\\\/#primaryimage\"},\"thumbnailUrl\":\"https:\\\/\\\/www.eldiario.net\\\/portal\\\/wp-content\\\/uploads\\\/2024\\\/03\\\/ECO-1.jpg\",\"articleSection\":[\"Econom\u00eda\"],\"inLanguage\":\"es\",\"potentialAction\":[{\"@type\":\"CommentAction\",\"name\":\"Comment\",\"target\":[\"https:\\\/\\\/www.eldiario.net\\\/portal\\\/2024\\\/03\\\/09\\\/posesionan-a-nuevo-director-del-iniaf\\\/#respond\"]}]},{\"@type\":\"WebPage\",\"@id\":\"https:\\\/\\\/www.eldiario.net\\\/portal\\\/2024\\\/03\\\/09\\\/posesionan-a-nuevo-director-del-iniaf\\\/\",\"url\":\"https:\\\/\\\/www.eldiario.net\\\/portal\\\/2024\\\/03\\\/09\\\/posesionan-a-nuevo-director-del-iniaf\\\/\",\"name\":\"Posesionan a nuevo director del Iniaf - El Diario - Bolivia\",\"isPartOf\":{\"@id\":\"https:\\\/\\\/www.eldiario.net\\\/portal\\\/#website\"},\"primaryImageOfPage\":{\"@id\":\"https:\\\/\\\/www.eldiario.net\\\/portal\\\/2024\\\/03\\\/09\\\/posesionan-a-nuevo-director-del-iniaf\\\/#primaryimage\"},\"image\":{\"@id\":\"https:\\\/\\\/www.eldiario.net\\\/portal\\\/2024\\\/03\\\/09\\\/posesionan-a-nuevo-director-del-iniaf\\\/#primaryimage\"},\"thumbnailUrl\":\"https:\\\/\\\/www.eldiario.net\\\/portal\\\/wp-content\\\/uploads\\\/2024\\\/03\\\/ECO-1.jpg\",\"datePublished\":\"2024-03-09T10:40:10+00:00\",\"breadcrumb\":{\"@id\":\"https:\\\/\\\/www.eldiario.net\\\/portal\\\/2024\\\/03\\\/09\\\/posesionan-a-nuevo-director-del-iniaf\\\/#breadcrumb\"},\"inLanguage\":\"es\",\"potentialAction\":[{\"@type\":\"ReadAction\",\"target\":[\"https:\\\/\\\/www.eldiario.net\\\/portal\\\/2024\\\/03\\\/09\\\/posesionan-a-nuevo-director-del-iniaf\\\/\"]}]},{\"@type\":\"ImageObject\",\"inLanguage\":\"es\",\"@id\":\"https:\\\/\\\/www.eldiario.net\\\/portal\\\/2024\\\/03\\\/09\\\/posesionan-a-nuevo-director-del-iniaf\\\/#primaryimage\",\"url\":\"https:\\\/\\\/www.eldiario.net\\\/portal\\\/wp-content\\\/uploads\\\/2024\\\/03\\\/ECO-1.jpg\",\"contentUrl\":\"https:\\\/\\\/www.eldiario.net\\\/portal\\\/wp-content\\\/uploads\\\/2024\\\/03\\\/ECO-1.jpg\",\"width\":923,\"height\":652,\"caption\":\"nueva autoridad toma juramento.\"},{\"@type\":\"BreadcrumbList\",\"@id\":\"https:\\\/\\\/www.eldiario.net\\\/portal\\\/2024\\\/03\\\/09\\\/posesionan-a-nuevo-director-del-iniaf\\\/#breadcrumb\",\"itemListElement\":[{\"@type\":\"ListItem\",\"position\":1,\"name\":\"Portada\",\"item\":\"https:\\\/\\\/www.eldiario.net\\\/portal\\\/\"},{\"@type\":\"ListItem\",\"position\":2,\"name\":\"Posesionan a nuevo director del Iniaf\"}]},{\"@type\":\"WebSite\",\"@id\":\"https:\\\/\\\/www.eldiario.net\\\/portal\\\/#website\",\"url\":\"https:\\\/\\\/www.eldiario.net\\\/portal\\\/\",\"name\":\"El Diario - Decano de la prensa nacional\",\"description\":\"El Diario - Decano de la prensa nacional\",\"publisher\":{\"@id\":\"https:\\\/\\\/www.eldiario.net\\\/portal\\\/#organization\"},\"potentialAction\":[{\"@type\":\"SearchAction\",\"target\":{\"@type\":\"EntryPoint\",\"urlTemplate\":\"https:\\\/\\\/www.eldiario.net\\\/portal\\\/?s={search_term_string}\"},\"query-input\":{\"@type\":\"PropertyValueSpecification\",\"valueRequired\":true,\"valueName\":\"search_term_string\"}}],\"inLanguage\":\"es\"},{\"@type\":\"Organization\",\"@id\":\"https:\\\/\\\/www.eldiario.net\\\/portal\\\/#organization\",\"name\":\"El Diario - Decano de la prensa nacional\",\"url\":\"https:\\\/\\\/www.eldiario.net\\\/portal\\\/\",\"logo\":{\"@type\":\"ImageObject\",\"inLanguage\":\"es\",\"@id\":\"https:\\\/\\\/www.eldiario.net\\\/portal\\\/#\\\/schema\\\/logo\\\/image\\\/\",\"url\":\"https:\\\/\\\/www.eldiario.net\\\/portal\\\/wp-content\\\/uploads\\\/2023\\\/07\\\/logo_ED.jpg\",\"contentUrl\":\"https:\\\/\\\/www.eldiario.net\\\/portal\\\/wp-content\\\/uploads\\\/2023\\\/07\\\/logo_ED.jpg\",\"width\":272,\"height\":52,\"caption\":\"El Diario - Decano de la prensa nacional\"},\"image\":{\"@id\":\"https:\\\/\\\/www.eldiario.net\\\/portal\\\/#\\\/schema\\\/logo\\\/image\\\/\"},\"sameAs\":[\"https:\\\/\\\/www.facebook.com\\\/eldiario.bolivia\\\/\",\"https:\\\/\\\/x.com\\\/eldiario_net\"]},{\"@type\":\"Person\",\"@id\":\"https:\\\/\\\/www.eldiario.net\\\/portal\\\/#\\\/schema\\\/person\\\/2c57cf2b7a7ae032e449e4c9b1019eac\",\"name\":\"Jeanette\",\"image\":{\"@type\":\"ImageObject\",\"inLanguage\":\"es\",\"@id\":\"https:\\\/\\\/secure.gravatar.com\\\/avatar\\\/3ea2118a5f7dad2b7138b1187a6b7ee55f160b9968b66013c3a3ef39dd7e5798?s=96&d=mm&r=g\",\"url\":\"https:\\\/\\\/secure.gravatar.com\\\/avatar\\\/3ea2118a5f7dad2b7138b1187a6b7ee55f160b9968b66013c3a3ef39dd7e5798?s=96&d=mm&r=g\",\"contentUrl\":\"https:\\\/\\\/secure.gravatar.com\\\/avatar\\\/3ea2118a5f7dad2b7138b1187a6b7ee55f160b9968b66013c3a3ef39dd7e5798?s=96&d=mm&r=g\",\"caption\":\"Jeanette\"},\"sameAs\":[\"https:\\\/\\\/www.eldiario.net\\\/portal\"],\"url\":\"https:\\\/\\\/www.eldiario.net\\\/portal\\\/author\\\/jeanette\\\/\"}]}<\/script>\n<!-- \/ Yoast SEO plugin. -->","yoast_head_json":{"title":"Posesionan a nuevo director del Iniaf - El Diario - Bolivia","robots":{"index":"index","follow":"follow","max-snippet":"max-snippet:-1","max-image-preview":"max-image-preview:large","max-video-preview":"max-video-preview:-1"},"canonical":"https:\/\/www.eldiario.net\/portal\/2024\/03\/09\/posesionan-a-nuevo-director-del-iniaf\/","og_locale":"es_ES","og_type":"article","og_title":"Posesionan a nuevo director del Iniaf - El Diario - Bolivia","og_description":"El ministro de Desarrollo Rural y Tierras, Santos Condori Nina, posesion\u00f3 a Windson July Mart\u00ednez, como nuevo director del Instituto Nacional de Innovaci\u00f3n Agropecuaria y Forestal (Iniaf), con la misi\u00f3n de fortalecer la soberan\u00eda cient\u00edfica y tecnol\u00f3gica. \u201cLe encomendamos trabajar con responsabilidad y compromiso con el pueblo boliviano, la tarea del Iniaf es fundamental para [&hellip;]","og_url":"https:\/\/www.eldiario.net\/portal\/2024\/03\/09\/posesionan-a-nuevo-director-del-iniaf\/","og_site_name":"El Diario - Bolivia","article_publisher":"https:\/\/www.facebook.com\/eldiario.bolivia\/","article_published_time":"2024-03-09T10:40:10+00:00","og_image":[{"width":923,"height":652,"url":"https:\/\/www.eldiario.net\/portal\/wp-content\/uploads\/2024\/03\/ECO-1.jpg","type":"image\/jpeg"}],"author":"Jeanette","twitter_card":"summary_large_image","twitter_creator":"@eldiario_net","twitter_site":"@eldiario_net","twitter_misc":{"Escrito por":"Jeanette","Tiempo de lectura":"2 minutos"},"schema":{"@context":"https:\/\/schema.org","@graph":[{"@type":"Article","@id":"https:\/\/www.eldiario.net\/portal\/2024\/03\/09\/posesionan-a-nuevo-director-del-iniaf\/#article","isPartOf":{"@id":"https:\/\/www.eldiario.net\/portal\/2024\/03\/09\/posesionan-a-nuevo-director-del-iniaf\/"},"author":{"name":"Jeanette","@id":"https:\/\/www.eldiario.net\/portal\/#\/schema\/person\/2c57cf2b7a7ae032e449e4c9b1019eac"},"headline":"Posesionan a nuevo director del Iniaf","datePublished":"2024-03-09T10:40:10+00:00","mainEntityOfPage":{"@id":"https:\/\/www.eldiario.net\/portal\/2024\/03\/09\/posesionan-a-nuevo-director-del-iniaf\/"},"wordCount":361,"commentCount":0,"publisher":{"@id":"https:\/\/www.eldiario.net\/portal\/#organization"},"image":{"@id":"https:\/\/www.eldiario.net\/portal\/2024\/03\/09\/posesionan-a-nuevo-director-del-iniaf\/#primaryimage"},"thumbnailUrl":"https:\/\/www.eldiario.net\/portal\/wp-content\/uploads\/2024\/03\/ECO-1.jpg","articleSection":["Econom\u00eda"],"inLanguage":"es","potentialAction":[{"@type":"CommentAction","name":"Comment","target":["https:\/\/www.eldiario.net\/portal\/2024\/03\/09\/posesionan-a-nuevo-director-del-iniaf\/#respond"]}]},{"@type":"WebPage","@id":"https:\/\/www.eldiario.net\/portal\/2024\/03\/09\/posesionan-a-nuevo-director-del-iniaf\/","url":"https:\/\/www.eldiario.net\/portal\/2024\/03\/09\/posesionan-a-nuevo-director-del-iniaf\/","name":"Posesionan a nuevo director del Iniaf - El Diario - Bolivia","isPartOf":{"@id":"https:\/\/www.eldiario.net\/portal\/#website"},"primaryImageOfPage":{"@id":"https:\/\/www.eldiario.net\/portal\/2024\/03\/09\/posesionan-a-nuevo-director-del-iniaf\/#primaryimage"},"image":{"@id":"https:\/\/www.eldiario.net\/portal\/2024\/03\/09\/posesionan-a-nuevo-director-del-iniaf\/#primaryimage"},"thumbnailUrl":"https:\/\/www.eldiario.net\/portal\/wp-content\/uploads\/2024\/03\/ECO-1.jpg","datePublished":"2024-03-09T10:40:10+00:00","breadcrumb":{"@id":"https:\/\/www.eldiario.net\/portal\/2024\/03\/09\/posesionan-a-nuevo-director-del-iniaf\/#breadcrumb"},"inLanguage":"es","potentialAction":[{"@type":"ReadAction","target":["https:\/\/www.eldiario.net\/portal\/2024\/03\/09\/posesionan-a-nuevo-director-del-iniaf\/"]}]},{"@type":"ImageObject","inLanguage":"es","@id":"https:\/\/www.eldiario.net\/portal\/2024\/03\/09\/posesionan-a-nuevo-director-del-iniaf\/#primaryimage","url":"https:\/\/www.eldiario.net\/portal\/wp-content\/uploads\/2024\/03\/ECO-1.jpg","contentUrl":"https:\/\/www.eldiario.net\/portal\/wp-content\/uploads\/2024\/03\/ECO-1.jpg","width":923,"height":652,"caption":"nueva autoridad toma juramento."},{"@type":"BreadcrumbList","@id":"https:\/\/www.eldiario.net\/portal\/2024\/03\/09\/posesionan-a-nuevo-director-del-iniaf\/#breadcrumb","itemListElement":[{"@type":"ListItem","position":1,"name":"Portada","item":"https:\/\/www.eldiario.net\/portal\/"},{"@type":"ListItem","position":2,"name":"Posesionan a nuevo director del Iniaf"}]},{"@type":"WebSite","@id":"https:\/\/www.eldiario.net\/portal\/#website","url":"https:\/\/www.eldiario.net\/portal\/","name":"El Diario - Decano de la prensa nacional","description":"El Diario - Decano de la prensa nacional","publisher":{"@id":"https:\/\/www.eldiario.net\/portal\/#organization"},"potentialAction":[{"@type":"SearchAction","target":{"@type":"EntryPoint","urlTemplate":"https:\/\/www.eldiario.net\/portal\/?s={search_term_string}"},"query-input":{"@type":"PropertyValueSpecification","valueRequired":true,"valueName":"search_term_string"}}],"inLanguage":"es"},{"@type":"Organization","@id":"https:\/\/www.eldiario.net\/portal\/#organization","name":"El Diario - Decano de la prensa nacional","url":"https:\/\/www.eldiario.net\/portal\/","logo":{"@type":"ImageObject","inLanguage":"es","@id":"https:\/\/www.eldiario.net\/portal\/#\/schema\/logo\/image\/","url":"https:\/\/www.eldiario.net\/portal\/wp-content\/uploads\/2023\/07\/logo_ED.jpg","contentUrl":"https:\/\/www.eldiario.net\/portal\/wp-content\/uploads\/2023\/07\/logo_ED.jpg","width":272,"height":52,"caption":"El Diario - Decano de la prensa nacional"},"image":{"@id":"https:\/\/www.eldiario.net\/portal\/#\/schema\/logo\/image\/"},"sameAs":["https:\/\/www.facebook.com\/eldiario.bolivia\/","https:\/\/x.com\/eldiario_net"]},{"@type":"Person","@id":"https:\/\/www.eldiario.net\/portal\/#\/schema\/person\/2c57cf2b7a7ae032e449e4c9b1019eac","name":"Jeanette","image":{"@type":"ImageObject","inLanguage":"es","@id":"https:\/\/secure.gravatar.com\/avatar\/3ea2118a5f7dad2b7138b1187a6b7ee55f160b9968b66013c3a3ef39dd7e5798?s=96&d=mm&r=g","url":"https:\/\/secure.gravatar.com\/avatar\/3ea2118a5f7dad2b7138b1187a6b7ee55f160b9968b66013c3a3ef39dd7e5798?s=96&d=mm&r=g","contentUrl":"https:\/\/secure.gravatar.com\/avatar\/3ea2118a5f7dad2b7138b1187a6b7ee55f160b9968b66013c3a3ef39dd7e5798?s=96&d=mm&r=g","caption":"Jeanette"},"sameAs":["https:\/\/www.eldiario.net\/portal"],"url":"https:\/\/www.eldiario.net\/portal\/author\/jeanette\/"}]}},"_links":{"self":[{"href":"https:\/\/www.eldiario.net\/portal\/wp-json\/wp\/v2\/posts\/207254","targetHints":{"allow":["GET"]}}],"collection":[{"href":"https:\/\/www.eldiario.net\/portal\/wp-json\/wp\/v2\/posts"}],"about":[{"href":"https:\/\/www.eldiario.net\/portal\/wp-json\/wp\/v2\/types\/post"}],"author":[{"embeddable":true,"href":"https:\/\/www.eldiario.net\/portal\/wp-json\/wp\/v2\/users\/1"}],"replies":[{"embeddable":true,"href":"https:\/\/www.eldiario.net\/portal\/wp-json\/wp\/v2\/comments?post=207254"}],"version-history":[{"count":1,"href":"https:\/\/www.eldiario.net\/portal\/wp-json\/wp\/v2\/posts\/207254\/revisions"}],"predecessor-version":[{"id":207256,"href":"https:\/\/www.eldiario.net\/portal\/wp-json\/wp\/v2\/posts\/207254\/revisions\/207256"}],"wp:featuredmedia":[{"embeddable":true,"href":"https:\/\/www.eldiario.net\/portal\/wp-json\/wp\/v2\/media\/207255"}],"wp:attachment":[{"href":"https:\/\/www.eldiario.net\/portal\/wp-json\/wp\/v2\/media?parent=207254"}],"wp:term":[{"taxonomy":"category","embeddable":true,"href":"https:\/\/www.eldiario.net\/portal\/wp-json\/wp\/v2\/categories?post=207254"},{"taxonomy":"post_tag","embeddable":true,"href":"https:\/\/www.eldiario.net\/portal\/wp-json\/wp\/v2\/tags?post=207254"}],"curies":[{"name":"wp","href":"https:\/\/api.w.org\/{rel}","templated":true}]}}