{"id":207248,"date":"2024-03-09T06:38:35","date_gmt":"2024-03-09T10:38:35","guid":{"rendered":"https:\/\/www.eldiario.net\/portal\/?p=207248"},"modified":"2024-03-09T06:38:35","modified_gmt":"2024-03-09T10:38:35","slug":"ven-acciones-para-permitir-la-rotacion-de-magistrados","status":"publish","type":"post","link":"https:\/\/www.eldiario.net\/portal\/2024\/03\/09\/ven-acciones-para-permitir-la-rotacion-de-magistrados\/","title":{"rendered":"Ven acciones para permitir la rotaci\u00f3n de magistrados"},"content":{"rendered":"<p>Pese a las cr\u00edticas y mala imagen generada ante la sociedad, por la autopr\u00f3rroga de mandato que aprobaron los salientes magistrados del \u00d3rgano Judicial, uno de ellos se present\u00f3 esta semana en la Asamblea Legislativa Plurinacional (ALP), para inscribirse como postulante en las elecciones judiciales a un cargo en el Tribunal Constitucional Plurinacional (TCP). Opositores advierten maniobras para permitir una rotaci\u00f3n de cargos.<br \/>\nOlvis Eg\u00fcez Oliva, abogado de 43 a\u00f1os, lleg\u00f3 esta semana a la Comisi\u00f3n Mixta del Legislativo que recibe a los postulantes para las elecciones judiciales, para dejar su documentaci\u00f3n y con una sonrisa pos\u00f3 para las c\u00e1maras de registro del Senado.<br \/>\nPara el diputado chuquisaque\u00f1o, Marcelo Pedrazas, el caso Eg\u00fcez no es ni ser\u00e1 el \u00fanico de magistrados en funciones que se inscriban para el proceso eleccionario, motivo por el que identific\u00f3 una \u201cmaniobra\u201d del \u00d3rgano Ejecutivo para permitir una rotaci\u00f3n de cargos.<br \/>\n\u201cLa reforma de Justicia planteada por Luis Arce y el ministro Iv\u00e1n Lima consiste en hacer un pasanaku en el \u00d3rgano Judicial. Denuncio a la opini\u00f3n p\u00fablica que m\u00e1s autoprorrogados se presentar\u00e1n a la elecci\u00f3n judicial\u201d, expuso Pedrazas.<br \/>\nEl proceso de recepci\u00f3n de postulaciones estar\u00e1 abierto hasta este domingo 10 de marzo y se prev\u00e9 que otros magistrados autoprorrogados se inscriban para un puesto distinto al que todav\u00eda ejercen, pues por Constituci\u00f3n y normativas vigentes as\u00ed lo permiten, al solo prohibir que sean reelectos en el mismo cargo.<br \/>\nEg\u00fcez, fue electo en las elecciones judiciales de 2017 como magistrado del TSJ por Santa Cruz, present\u00f3 en abril del a\u00f1o pasado, un recurso contra el reglamento elaborado por la Asamblea Legislativa, en la etapa inicial del proceso de preselecci\u00f3n de postulantes a las elecciones judiciales, que deriv\u00f3 en la primera interrupci\u00f3n de esta labor.<br \/>\n\u201cRecurso contra resoluciones legislativas, presentado por Olvis Eg\u00fcez Oliva, contra David Choquehuanca C\u00e9spedes, presidente de la Asamblea Legislativa Plurinacional (ALP), solicitando la nulidad del art\u00edculo 19 numeral 13 del Reglamento de Preselecci\u00f3n de candidatas y candidatos para la conformaci\u00f3n del Tribunal Constitucional Plurinacional (TCP), Tribunal Supremo de Justicia (TSJ), Tribunal Agroambiental y Consejo de la Magistratura 202\u201d, dec\u00eda el memorial presentado por el magistrado del TCP en 2023.<br \/>\nEl citado art\u00edculo se\u00f1alaba: \u201cNo tener parentesco hasta el cuarto grado de consanguinidad y segundo de afinidad con el presidente del Estado, vicepresidente del Estado, ministras y ministros de Estado, senadoras, senadores, diputadas, diputados de la Asamblea Legislativa Plurinacional y representantes parlamentarios supraestatales\u201d.<br \/>\nEl art\u00edculo fue anulado y posteriormente todo el proceso qued\u00f3 abortado y reprogramado, generando la crisis del \u00d3rgano Judicial que actualmente persiste en el pa\u00eds. Eg\u00fcez tiene parentesco con un diputado de Santa Cruz por Creemos.<br \/>\nPara la senadora por Comunidad Ciudadana, Daly Santa Mar\u00eda, la insistencia de las exautoridades judiciales falta completamente a los c\u00f3digos de \u00e9tica profesional, sin embargo, es de esperarse este tipo de proceder cuando se trata de personeros que permanecen en sus cargos ilegalmente.<br \/>\n\u201cUno l\u00f3gicamente tiene que interpretar por \u00e9tica que la conclusi\u00f3n de funciones es para toda la estructura de los Magistrados, pero lastimosamente qu\u00e9 podemos esperar de gente que se ha autoprorrogado a trav\u00e9s de una Declaraci\u00f3n Constitucional\u201d, sostuvo.<br \/>\nEn criterio de la senadora de oposici\u00f3n, el abuso de poder y la falta de \u00e9tica demostrada por las autoridades prorrogadas, es una muestra m\u00e1s del actual estado de la justicia nacional, situaci\u00f3n que requiere de una respuesta contundente de la poblaci\u00f3n al momento de acudir a las urnas.<br \/>\n\u201cTengo entendido que otros tambi\u00e9n estar\u00edan presentando su postulaci\u00f3n, ahora lo \u00fanico que queda es que si logran pasar todas las fases, sea el pueblo que tenga en cuenta todos estos aspectos. No se puede volver a premiar a estas personas con un cargo, necesitamos que sean elegidos otros ciudadanos\u201d, dijo.<br \/>\nAl momento de oficializar su postulaci\u00f3n, Eg\u00fcez afirm\u00f3 contar con legitimidad para optar por un nuevo mandato como parte de otra Corte de Justicia.<br \/>\n\u201cAl encontrar legitimidad en mi gesti\u00f3n, considero de que puedo participar nuevamente en el ejercicio democr\u00e1tico y ser\u00e1 el pueblo de Santa Cruz el que finalmente decida\u201d, declar\u00f3 Eg\u00fcez a los medios de cobertura en plaza Murillo.<\/p>\n","protected":false},"excerpt":{"rendered":"<p>Pese a las cr\u00edticas y mala imagen generada ante la sociedad, por la autopr\u00f3rroga de mandato que aprobaron los salientes magistrados del \u00d3rgano Judicial, uno de ellos se present\u00f3 esta semana en la Asamblea Legislativa Plurinacional (ALP), para inscribirse como postulante en las elecciones judiciales a un cargo en el Tribunal Constitucional Plurinacional (TCP). Opositores [&hellip;]<\/p>\n","protected":false},"author":1,"featured_media":207249,"comment_status":"open","ping_status":"open","sticky":false,"template":"","format":"standard","meta":{"_acf_changed":false,"footnotes":""},"categories":[14],"tags":[],"class_list":["post-207248","post","type-post","status-publish","format-standard","has-post-thumbnail","category-politica"],"acf":{"antetitulo":"Con postulaci\u00f3n de \u201cprorrogado\u201d "},"yoast_head":"<!-- This site is optimized with the Yoast SEO plugin v28.4 - https:\/\/yoast.com\/product\/yoast-seo-wordpress\/ -->\n<title>Ven acciones para permitir la rotaci\u00f3n de magistrados - El Diario - Bolivia<\/title>\n<meta name=\"robots\" content=\"index, follow, max-snippet:-1, max-image-preview:large, max-video-preview:-1\" \/>\n<link rel=\"canonical\" href=\"https:\/\/www.eldiario.net\/portal\/2024\/03\/09\/ven-acciones-para-permitir-la-rotacion-de-magistrados\/\" \/>\n<meta property=\"og:locale\" content=\"es_ES\" \/>\n<meta property=\"og:type\" content=\"article\" \/>\n<meta property=\"og:title\" content=\"Ven acciones para permitir la rotaci\u00f3n de magistrados - El Diario - Bolivia\" \/>\n<meta property=\"og:description\" content=\"Pese a las cr\u00edticas y mala imagen generada ante la sociedad, por la autopr\u00f3rroga de mandato que aprobaron los salientes magistrados del \u00d3rgano Judicial, uno de ellos se present\u00f3 esta semana en la Asamblea Legislativa Plurinacional (ALP), para inscribirse como postulante en las elecciones judiciales a un cargo en el Tribunal Constitucional Plurinacional (TCP). Opositores [&hellip;]\" \/>\n<meta property=\"og:url\" content=\"https:\/\/www.eldiario.net\/portal\/2024\/03\/09\/ven-acciones-para-permitir-la-rotacion-de-magistrados\/\" \/>\n<meta property=\"og:site_name\" content=\"El Diario - Bolivia\" \/>\n<meta property=\"article:publisher\" content=\"https:\/\/www.facebook.com\/eldiario.bolivia\/\" \/>\n<meta property=\"article:published_time\" content=\"2024-03-09T10:38:35+00:00\" \/>\n<meta property=\"og:image\" content=\"https:\/\/www.eldiario.net\/portal\/wp-content\/uploads\/2024\/03\/41-POL-1.jpg\" \/>\n\t<meta property=\"og:image:width\" content=\"746\" \/>\n\t<meta property=\"og:image:height\" content=\"445\" \/>\n\t<meta property=\"og:image:type\" content=\"image\/jpeg\" \/>\n<meta name=\"author\" content=\"Jeanette\" \/>\n<meta name=\"twitter:card\" content=\"summary_large_image\" \/>\n<meta name=\"twitter:creator\" content=\"@eldiario_net\" \/>\n<meta name=\"twitter:site\" content=\"@eldiario_net\" \/>\n<meta name=\"twitter:label1\" content=\"Escrito por\" \/>\n\t<meta name=\"twitter:data1\" content=\"Jeanette\" \/>\n\t<meta name=\"twitter:label2\" content=\"Tiempo de lectura\" \/>\n\t<meta name=\"twitter:data2\" content=\"4 minutos\" \/>\n<script type=\"application\/ld+json\" class=\"yoast-schema-graph\">{\"@context\":\"https:\\\/\\\/schema.org\",\"@graph\":[{\"@type\":\"Article\",\"@id\":\"https:\\\/\\\/www.eldiario.net\\\/portal\\\/2024\\\/03\\\/09\\\/ven-acciones-para-permitir-la-rotacion-de-magistrados\\\/#article\",\"isPartOf\":{\"@id\":\"https:\\\/\\\/www.eldiario.net\\\/portal\\\/2024\\\/03\\\/09\\\/ven-acciones-para-permitir-la-rotacion-de-magistrados\\\/\"},\"author\":{\"name\":\"Jeanette\",\"@id\":\"https:\\\/\\\/www.eldiario.net\\\/portal\\\/#\\\/schema\\\/person\\\/2c57cf2b7a7ae032e449e4c9b1019eac\"},\"headline\":\"Ven acciones para permitir la rotaci\u00f3n de magistrados\",\"datePublished\":\"2024-03-09T10:38:35+00:00\",\"mainEntityOfPage\":{\"@id\":\"https:\\\/\\\/www.eldiario.net\\\/portal\\\/2024\\\/03\\\/09\\\/ven-acciones-para-permitir-la-rotacion-de-magistrados\\\/\"},\"wordCount\":733,\"commentCount\":0,\"publisher\":{\"@id\":\"https:\\\/\\\/www.eldiario.net\\\/portal\\\/#organization\"},\"image\":{\"@id\":\"https:\\\/\\\/www.eldiario.net\\\/portal\\\/2024\\\/03\\\/09\\\/ven-acciones-para-permitir-la-rotacion-de-magistrados\\\/#primaryimage\"},\"thumbnailUrl\":\"https:\\\/\\\/www.eldiario.net\\\/portal\\\/wp-content\\\/uploads\\\/2024\\\/03\\\/41-POL-1.jpg\",\"articleSection\":[\"Pol\u00edtica\"],\"inLanguage\":\"es\",\"potentialAction\":[{\"@type\":\"CommentAction\",\"name\":\"Comment\",\"target\":[\"https:\\\/\\\/www.eldiario.net\\\/portal\\\/2024\\\/03\\\/09\\\/ven-acciones-para-permitir-la-rotacion-de-magistrados\\\/#respond\"]}]},{\"@type\":\"WebPage\",\"@id\":\"https:\\\/\\\/www.eldiario.net\\\/portal\\\/2024\\\/03\\\/09\\\/ven-acciones-para-permitir-la-rotacion-de-magistrados\\\/\",\"url\":\"https:\\\/\\\/www.eldiario.net\\\/portal\\\/2024\\\/03\\\/09\\\/ven-acciones-para-permitir-la-rotacion-de-magistrados\\\/\",\"name\":\"Ven acciones para permitir la rotaci\u00f3n de magistrados - El Diario - Bolivia\",\"isPartOf\":{\"@id\":\"https:\\\/\\\/www.eldiario.net\\\/portal\\\/#website\"},\"primaryImageOfPage\":{\"@id\":\"https:\\\/\\\/www.eldiario.net\\\/portal\\\/2024\\\/03\\\/09\\\/ven-acciones-para-permitir-la-rotacion-de-magistrados\\\/#primaryimage\"},\"image\":{\"@id\":\"https:\\\/\\\/www.eldiario.net\\\/portal\\\/2024\\\/03\\\/09\\\/ven-acciones-para-permitir-la-rotacion-de-magistrados\\\/#primaryimage\"},\"thumbnailUrl\":\"https:\\\/\\\/www.eldiario.net\\\/portal\\\/wp-content\\\/uploads\\\/2024\\\/03\\\/41-POL-1.jpg\",\"datePublished\":\"2024-03-09T10:38:35+00:00\",\"breadcrumb\":{\"@id\":\"https:\\\/\\\/www.eldiario.net\\\/portal\\\/2024\\\/03\\\/09\\\/ven-acciones-para-permitir-la-rotacion-de-magistrados\\\/#breadcrumb\"},\"inLanguage\":\"es\",\"potentialAction\":[{\"@type\":\"ReadAction\",\"target\":[\"https:\\\/\\\/www.eldiario.net\\\/portal\\\/2024\\\/03\\\/09\\\/ven-acciones-para-permitir-la-rotacion-de-magistrados\\\/\"]}]},{\"@type\":\"ImageObject\",\"inLanguage\":\"es\",\"@id\":\"https:\\\/\\\/www.eldiario.net\\\/portal\\\/2024\\\/03\\\/09\\\/ven-acciones-para-permitir-la-rotacion-de-magistrados\\\/#primaryimage\",\"url\":\"https:\\\/\\\/www.eldiario.net\\\/portal\\\/wp-content\\\/uploads\\\/2024\\\/03\\\/41-POL-1.jpg\",\"contentUrl\":\"https:\\\/\\\/www.eldiario.net\\\/portal\\\/wp-content\\\/uploads\\\/2024\\\/03\\\/41-POL-1.jpg\",\"width\":746,\"height\":445,\"caption\":\"Abogado Olvis Eg\u00fcez, presentando su postulaci\u00f3n.\"},{\"@type\":\"BreadcrumbList\",\"@id\":\"https:\\\/\\\/www.eldiario.net\\\/portal\\\/2024\\\/03\\\/09\\\/ven-acciones-para-permitir-la-rotacion-de-magistrados\\\/#breadcrumb\",\"itemListElement\":[{\"@type\":\"ListItem\",\"position\":1,\"name\":\"Portada\",\"item\":\"https:\\\/\\\/www.eldiario.net\\\/portal\\\/\"},{\"@type\":\"ListItem\",\"position\":2,\"name\":\"Ven acciones para permitir la rotaci\u00f3n de magistrados\"}]},{\"@type\":\"WebSite\",\"@id\":\"https:\\\/\\\/www.eldiario.net\\\/portal\\\/#website\",\"url\":\"https:\\\/\\\/www.eldiario.net\\\/portal\\\/\",\"name\":\"El Diario - Decano de la prensa nacional\",\"description\":\"El Diario - Decano de la prensa nacional\",\"publisher\":{\"@id\":\"https:\\\/\\\/www.eldiario.net\\\/portal\\\/#organization\"},\"potentialAction\":[{\"@type\":\"SearchAction\",\"target\":{\"@type\":\"EntryPoint\",\"urlTemplate\":\"https:\\\/\\\/www.eldiario.net\\\/portal\\\/?s={search_term_string}\"},\"query-input\":{\"@type\":\"PropertyValueSpecification\",\"valueRequired\":true,\"valueName\":\"search_term_string\"}}],\"inLanguage\":\"es\"},{\"@type\":\"Organization\",\"@id\":\"https:\\\/\\\/www.eldiario.net\\\/portal\\\/#organization\",\"name\":\"El Diario - Decano de la prensa nacional\",\"url\":\"https:\\\/\\\/www.eldiario.net\\\/portal\\\/\",\"logo\":{\"@type\":\"ImageObject\",\"inLanguage\":\"es\",\"@id\":\"https:\\\/\\\/www.eldiario.net\\\/portal\\\/#\\\/schema\\\/logo\\\/image\\\/\",\"url\":\"https:\\\/\\\/www.eldiario.net\\\/portal\\\/wp-content\\\/uploads\\\/2023\\\/07\\\/logo_ED.jpg\",\"contentUrl\":\"https:\\\/\\\/www.eldiario.net\\\/portal\\\/wp-content\\\/uploads\\\/2023\\\/07\\\/logo_ED.jpg\",\"width\":272,\"height\":52,\"caption\":\"El Diario - Decano de la prensa nacional\"},\"image\":{\"@id\":\"https:\\\/\\\/www.eldiario.net\\\/portal\\\/#\\\/schema\\\/logo\\\/image\\\/\"},\"sameAs\":[\"https:\\\/\\\/www.facebook.com\\\/eldiario.bolivia\\\/\",\"https:\\\/\\\/x.com\\\/eldiario_net\"]},{\"@type\":\"Person\",\"@id\":\"https:\\\/\\\/www.eldiario.net\\\/portal\\\/#\\\/schema\\\/person\\\/2c57cf2b7a7ae032e449e4c9b1019eac\",\"name\":\"Jeanette\",\"image\":{\"@type\":\"ImageObject\",\"inLanguage\":\"es\",\"@id\":\"https:\\\/\\\/secure.gravatar.com\\\/avatar\\\/3ea2118a5f7dad2b7138b1187a6b7ee55f160b9968b66013c3a3ef39dd7e5798?s=96&d=mm&r=g\",\"url\":\"https:\\\/\\\/secure.gravatar.com\\\/avatar\\\/3ea2118a5f7dad2b7138b1187a6b7ee55f160b9968b66013c3a3ef39dd7e5798?s=96&d=mm&r=g\",\"contentUrl\":\"https:\\\/\\\/secure.gravatar.com\\\/avatar\\\/3ea2118a5f7dad2b7138b1187a6b7ee55f160b9968b66013c3a3ef39dd7e5798?s=96&d=mm&r=g\",\"caption\":\"Jeanette\"},\"sameAs\":[\"https:\\\/\\\/www.eldiario.net\\\/portal\"],\"url\":\"https:\\\/\\\/www.eldiario.net\\\/portal\\\/author\\\/jeanette\\\/\"}]}<\/script>\n<!-- \/ Yoast SEO plugin. -->","yoast_head_json":{"title":"Ven acciones para permitir la rotaci\u00f3n de magistrados - El Diario - Bolivia","robots":{"index":"index","follow":"follow","max-snippet":"max-snippet:-1","max-image-preview":"max-image-preview:large","max-video-preview":"max-video-preview:-1"},"canonical":"https:\/\/www.eldiario.net\/portal\/2024\/03\/09\/ven-acciones-para-permitir-la-rotacion-de-magistrados\/","og_locale":"es_ES","og_type":"article","og_title":"Ven acciones para permitir la rotaci\u00f3n de magistrados - El Diario - Bolivia","og_description":"Pese a las cr\u00edticas y mala imagen generada ante la sociedad, por la autopr\u00f3rroga de mandato que aprobaron los salientes magistrados del \u00d3rgano Judicial, uno de ellos se present\u00f3 esta semana en la Asamblea Legislativa Plurinacional (ALP), para inscribirse como postulante en las elecciones judiciales a un cargo en el Tribunal Constitucional Plurinacional (TCP). Opositores [&hellip;]","og_url":"https:\/\/www.eldiario.net\/portal\/2024\/03\/09\/ven-acciones-para-permitir-la-rotacion-de-magistrados\/","og_site_name":"El Diario - Bolivia","article_publisher":"https:\/\/www.facebook.com\/eldiario.bolivia\/","article_published_time":"2024-03-09T10:38:35+00:00","og_image":[{"width":746,"height":445,"url":"https:\/\/www.eldiario.net\/portal\/wp-content\/uploads\/2024\/03\/41-POL-1.jpg","type":"image\/jpeg"}],"author":"Jeanette","twitter_card":"summary_large_image","twitter_creator":"@eldiario_net","twitter_site":"@eldiario_net","twitter_misc":{"Escrito por":"Jeanette","Tiempo de lectura":"4 minutos"},"schema":{"@context":"https:\/\/schema.org","@graph":[{"@type":"Article","@id":"https:\/\/www.eldiario.net\/portal\/2024\/03\/09\/ven-acciones-para-permitir-la-rotacion-de-magistrados\/#article","isPartOf":{"@id":"https:\/\/www.eldiario.net\/portal\/2024\/03\/09\/ven-acciones-para-permitir-la-rotacion-de-magistrados\/"},"author":{"name":"Jeanette","@id":"https:\/\/www.eldiario.net\/portal\/#\/schema\/person\/2c57cf2b7a7ae032e449e4c9b1019eac"},"headline":"Ven acciones para permitir la rotaci\u00f3n de magistrados","datePublished":"2024-03-09T10:38:35+00:00","mainEntityOfPage":{"@id":"https:\/\/www.eldiario.net\/portal\/2024\/03\/09\/ven-acciones-para-permitir-la-rotacion-de-magistrados\/"},"wordCount":733,"commentCount":0,"publisher":{"@id":"https:\/\/www.eldiario.net\/portal\/#organization"},"image":{"@id":"https:\/\/www.eldiario.net\/portal\/2024\/03\/09\/ven-acciones-para-permitir-la-rotacion-de-magistrados\/#primaryimage"},"thumbnailUrl":"https:\/\/www.eldiario.net\/portal\/wp-content\/uploads\/2024\/03\/41-POL-1.jpg","articleSection":["Pol\u00edtica"],"inLanguage":"es","potentialAction":[{"@type":"CommentAction","name":"Comment","target":["https:\/\/www.eldiario.net\/portal\/2024\/03\/09\/ven-acciones-para-permitir-la-rotacion-de-magistrados\/#respond"]}]},{"@type":"WebPage","@id":"https:\/\/www.eldiario.net\/portal\/2024\/03\/09\/ven-acciones-para-permitir-la-rotacion-de-magistrados\/","url":"https:\/\/www.eldiario.net\/portal\/2024\/03\/09\/ven-acciones-para-permitir-la-rotacion-de-magistrados\/","name":"Ven acciones para permitir la rotaci\u00f3n de magistrados - El Diario - Bolivia","isPartOf":{"@id":"https:\/\/www.eldiario.net\/portal\/#website"},"primaryImageOfPage":{"@id":"https:\/\/www.eldiario.net\/portal\/2024\/03\/09\/ven-acciones-para-permitir-la-rotacion-de-magistrados\/#primaryimage"},"image":{"@id":"https:\/\/www.eldiario.net\/portal\/2024\/03\/09\/ven-acciones-para-permitir-la-rotacion-de-magistrados\/#primaryimage"},"thumbnailUrl":"https:\/\/www.eldiario.net\/portal\/wp-content\/uploads\/2024\/03\/41-POL-1.jpg","datePublished":"2024-03-09T10:38:35+00:00","breadcrumb":{"@id":"https:\/\/www.eldiario.net\/portal\/2024\/03\/09\/ven-acciones-para-permitir-la-rotacion-de-magistrados\/#breadcrumb"},"inLanguage":"es","potentialAction":[{"@type":"ReadAction","target":["https:\/\/www.eldiario.net\/portal\/2024\/03\/09\/ven-acciones-para-permitir-la-rotacion-de-magistrados\/"]}]},{"@type":"ImageObject","inLanguage":"es","@id":"https:\/\/www.eldiario.net\/portal\/2024\/03\/09\/ven-acciones-para-permitir-la-rotacion-de-magistrados\/#primaryimage","url":"https:\/\/www.eldiario.net\/portal\/wp-content\/uploads\/2024\/03\/41-POL-1.jpg","contentUrl":"https:\/\/www.eldiario.net\/portal\/wp-content\/uploads\/2024\/03\/41-POL-1.jpg","width":746,"height":445,"caption":"Abogado Olvis Eg\u00fcez, presentando su postulaci\u00f3n."},{"@type":"BreadcrumbList","@id":"https:\/\/www.eldiario.net\/portal\/2024\/03\/09\/ven-acciones-para-permitir-la-rotacion-de-magistrados\/#breadcrumb","itemListElement":[{"@type":"ListItem","position":1,"name":"Portada","item":"https:\/\/www.eldiario.net\/portal\/"},{"@type":"ListItem","position":2,"name":"Ven acciones para permitir la rotaci\u00f3n de magistrados"}]},{"@type":"WebSite","@id":"https:\/\/www.eldiario.net\/portal\/#website","url":"https:\/\/www.eldiario.net\/portal\/","name":"El Diario - Decano de la prensa nacional","description":"El Diario - Decano de la prensa nacional","publisher":{"@id":"https:\/\/www.eldiario.net\/portal\/#organization"},"potentialAction":[{"@type":"SearchAction","target":{"@type":"EntryPoint","urlTemplate":"https:\/\/www.eldiario.net\/portal\/?s={search_term_string}"},"query-input":{"@type":"PropertyValueSpecification","valueRequired":true,"valueName":"search_term_string"}}],"inLanguage":"es"},{"@type":"Organization","@id":"https:\/\/www.eldiario.net\/portal\/#organization","name":"El Diario - Decano de la prensa nacional","url":"https:\/\/www.eldiario.net\/portal\/","logo":{"@type":"ImageObject","inLanguage":"es","@id":"https:\/\/www.eldiario.net\/portal\/#\/schema\/logo\/image\/","url":"https:\/\/www.eldiario.net\/portal\/wp-content\/uploads\/2023\/07\/logo_ED.jpg","contentUrl":"https:\/\/www.eldiario.net\/portal\/wp-content\/uploads\/2023\/07\/logo_ED.jpg","width":272,"height":52,"caption":"El Diario - Decano de la prensa nacional"},"image":{"@id":"https:\/\/www.eldiario.net\/portal\/#\/schema\/logo\/image\/"},"sameAs":["https:\/\/www.facebook.com\/eldiario.bolivia\/","https:\/\/x.com\/eldiario_net"]},{"@type":"Person","@id":"https:\/\/www.eldiario.net\/portal\/#\/schema\/person\/2c57cf2b7a7ae032e449e4c9b1019eac","name":"Jeanette","image":{"@type":"ImageObject","inLanguage":"es","@id":"https:\/\/secure.gravatar.com\/avatar\/3ea2118a5f7dad2b7138b1187a6b7ee55f160b9968b66013c3a3ef39dd7e5798?s=96&d=mm&r=g","url":"https:\/\/secure.gravatar.com\/avatar\/3ea2118a5f7dad2b7138b1187a6b7ee55f160b9968b66013c3a3ef39dd7e5798?s=96&d=mm&r=g","contentUrl":"https:\/\/secure.gravatar.com\/avatar\/3ea2118a5f7dad2b7138b1187a6b7ee55f160b9968b66013c3a3ef39dd7e5798?s=96&d=mm&r=g","caption":"Jeanette"},"sameAs":["https:\/\/www.eldiario.net\/portal"],"url":"https:\/\/www.eldiario.net\/portal\/author\/jeanette\/"}]}},"_links":{"self":[{"href":"https:\/\/www.eldiario.net\/portal\/wp-json\/wp\/v2\/posts\/207248","targetHints":{"allow":["GET"]}}],"collection":[{"href":"https:\/\/www.eldiario.net\/portal\/wp-json\/wp\/v2\/posts"}],"about":[{"href":"https:\/\/www.eldiario.net\/portal\/wp-json\/wp\/v2\/types\/post"}],"author":[{"embeddable":true,"href":"https:\/\/www.eldiario.net\/portal\/wp-json\/wp\/v2\/users\/1"}],"replies":[{"embeddable":true,"href":"https:\/\/www.eldiario.net\/portal\/wp-json\/wp\/v2\/comments?post=207248"}],"version-history":[{"count":1,"href":"https:\/\/www.eldiario.net\/portal\/wp-json\/wp\/v2\/posts\/207248\/revisions"}],"predecessor-version":[{"id":207250,"href":"https:\/\/www.eldiario.net\/portal\/wp-json\/wp\/v2\/posts\/207248\/revisions\/207250"}],"wp:featuredmedia":[{"embeddable":true,"href":"https:\/\/www.eldiario.net\/portal\/wp-json\/wp\/v2\/media\/207249"}],"wp:attachment":[{"href":"https:\/\/www.eldiario.net\/portal\/wp-json\/wp\/v2\/media?parent=207248"}],"wp:term":[{"taxonomy":"category","embeddable":true,"href":"https:\/\/www.eldiario.net\/portal\/wp-json\/wp\/v2\/categories?post=207248"},{"taxonomy":"post_tag","embeddable":true,"href":"https:\/\/www.eldiario.net\/portal\/wp-json\/wp\/v2\/tags?post=207248"}],"curies":[{"name":"wp","href":"https:\/\/api.w.org\/{rel}","templated":true}]}}