{"id":207246,"date":"2024-03-09T06:38:03","date_gmt":"2024-03-09T10:38:03","guid":{"rendered":"https:\/\/www.eldiario.net\/portal\/?p=207246"},"modified":"2024-03-09T06:38:03","modified_gmt":"2024-03-09T10:38:03","slug":"senado-y-diputados-abren-posibilidad-de-tratar-creditos-y-leyes-antiprorroga","status":"publish","type":"post","link":"https:\/\/www.eldiario.net\/portal\/2024\/03\/09\/senado-y-diputados-abren-posibilidad-de-tratar-creditos-y-leyes-antiprorroga\/","title":{"rendered":"Senado y Diputados abren posibilidad de tratar cr\u00e9ditos y leyes antipr\u00f3rroga"},"content":{"rendered":"<p>Se\u00f1alan que existe predisposici\u00f3n para que los proyectos de ley 073 y 075, puedan volver a ser tratados en la C\u00e1mara Baja mientras el Senado avanza en el tratamiento de los cr\u00e9ditos internacionales.<br \/>\nSe\u00f1alando que se antepondr\u00e1n los intereses nacionales, los presidentes de las C\u00e1maras de Senadores y Diputados, Andr\u00f3nico Rodr\u00edguez e Israel Huaytari, respectivamente, anunciaron que se estudia la posibilidad de tratar los proyectos de ley contra la pr\u00f3rroga judicial y los cr\u00e9ditos internacionales por separado.<br \/>\nMediante una conferencia de prensa conjunta, Rodr\u00edguez y Huaytari dieron a conocer ayer su predisposici\u00f3n para trabajar de manera coordinada y en unidad por el bien del pa\u00eds, dejando de lado posiciones radicales y anteponiendo los intereses del pa\u00eds.<br \/>\nEn ese marco, se se\u00f1al\u00f3 que existe predisposici\u00f3n para que los proyectos de ley 073 y 075, puedan volver a ser tratados en la C\u00e1mara Baja, en cumplimiento de los acuerdos alcanzados por la \u201cComisi\u00f3n Bicameral Multipartidaria\u201d, mientras el Senado avanza en el tratamiento de los cr\u00e9ditos internacionales.<br \/>\nEl titular del Senado, Andr\u00f3nico Rodr\u00edguez, indic\u00f3 que existen dos C\u00e1maras pero una sola Asamblea Legislativa y se necesita dar certidumbre al pa\u00eds, anteponiendo intereses particulares.<br \/>\n\u201cHemos visto pertinente tras una reuni\u00f3n con el presidente de la C\u00e1mara de Diputados, primero anteponer los intereses nacionales, los intereses colectivos, y mostrar que la Asamblea Legislativa muestre la voluntad de trabajar por el pa\u00eds\u201d, manifest\u00f3.<br \/>\nPor su parte, Huaytari indic\u00f3 que es importante la unidad entre ambas c\u00e1maras legislativas, por lo que es necesaria una coordinaci\u00f3n, comunicaci\u00f3n constante y dejar de lado los intereses particulares.<br \/>\nLa autoridad legislativa manifest\u00f3 que existe inter\u00e9s en buscar de manera coordinada, los mecanismos necesarios y oportunos para viabilizar la aprobaci\u00f3n de las leyes referidas.<br \/>\nAsimismo, destac\u00f3 la reuni\u00f3n sostenida entre los legisladores de ambas C\u00e1maras y la predisposici\u00f3n de las directivas de Diputados y Senadores para viabilizar mecanismos de coordinaci\u00f3n pol\u00edtica.<\/p>\n","protected":false},"excerpt":{"rendered":"<p>Se\u00f1alan que existe predisposici\u00f3n para que los proyectos de ley 073 y 075, puedan volver a ser tratados en la C\u00e1mara Baja mientras el Senado avanza en el tratamiento de los cr\u00e9ditos internacionales. Se\u00f1alando que se antepondr\u00e1n los intereses nacionales, los presidentes de las C\u00e1maras de Senadores y Diputados, Andr\u00f3nico Rodr\u00edguez e Israel Huaytari, respectivamente, [&hellip;]<\/p>\n","protected":false},"author":1,"featured_media":194754,"comment_status":"open","ping_status":"open","sticky":false,"template":"","format":"standard","meta":{"_acf_changed":false,"footnotes":""},"categories":[14],"tags":[],"class_list":["post-207246","post","type-post","status-publish","format-standard","has-post-thumbnail","category-politica"],"acf":{"antetitulo":"Anuncian coordinaci\u00f3n"},"yoast_head":"<!-- This site is optimized with the Yoast SEO plugin v28.4 - https:\/\/yoast.com\/product\/yoast-seo-wordpress\/ -->\n<title>Senado y Diputados abren posibilidad de tratar cr\u00e9ditos y leyes antipr\u00f3rroga - El Diario - Bolivia<\/title>\n<meta name=\"robots\" content=\"index, follow, max-snippet:-1, max-image-preview:large, max-video-preview:-1\" \/>\n<link rel=\"canonical\" href=\"https:\/\/www.eldiario.net\/portal\/2024\/03\/09\/senado-y-diputados-abren-posibilidad-de-tratar-creditos-y-leyes-antiprorroga\/\" \/>\n<meta property=\"og:locale\" content=\"es_ES\" \/>\n<meta property=\"og:type\" content=\"article\" \/>\n<meta property=\"og:title\" content=\"Senado y Diputados abren posibilidad de tratar cr\u00e9ditos y leyes antipr\u00f3rroga - El Diario - Bolivia\" \/>\n<meta property=\"og:description\" content=\"Se\u00f1alan que existe predisposici\u00f3n para que los proyectos de ley 073 y 075, puedan volver a ser tratados en la C\u00e1mara Baja mientras el Senado avanza en el tratamiento de los cr\u00e9ditos internacionales. Se\u00f1alando que se antepondr\u00e1n los intereses nacionales, los presidentes de las C\u00e1maras de Senadores y Diputados, Andr\u00f3nico Rodr\u00edguez e Israel Huaytari, respectivamente, [&hellip;]\" \/>\n<meta property=\"og:url\" content=\"https:\/\/www.eldiario.net\/portal\/2024\/03\/09\/senado-y-diputados-abren-posibilidad-de-tratar-creditos-y-leyes-antiprorroga\/\" \/>\n<meta property=\"og:site_name\" content=\"El Diario - Bolivia\" \/>\n<meta property=\"article:publisher\" content=\"https:\/\/www.facebook.com\/eldiario.bolivia\/\" \/>\n<meta property=\"article:published_time\" content=\"2024-03-09T10:38:03+00:00\" \/>\n<meta property=\"og:image\" content=\"https:\/\/www.eldiario.net\/portal\/wp-content\/uploads\/2023\/12\/Politica.jpg\" \/>\n\t<meta property=\"og:image:width\" content=\"800\" \/>\n\t<meta property=\"og:image:height\" content=\"500\" \/>\n\t<meta property=\"og:image:type\" content=\"image\/jpeg\" \/>\n<meta name=\"author\" content=\"Jeanette\" \/>\n<meta name=\"twitter:card\" content=\"summary_large_image\" \/>\n<meta name=\"twitter:creator\" content=\"@eldiario_net\" \/>\n<meta name=\"twitter:site\" content=\"@eldiario_net\" \/>\n<meta name=\"twitter:label1\" content=\"Escrito por\" \/>\n\t<meta name=\"twitter:data1\" content=\"Jeanette\" \/>\n\t<meta name=\"twitter:label2\" content=\"Tiempo de lectura\" \/>\n\t<meta name=\"twitter:data2\" content=\"2 minutos\" \/>\n<script type=\"application\/ld+json\" class=\"yoast-schema-graph\">{\"@context\":\"https:\\\/\\\/schema.org\",\"@graph\":[{\"@type\":\"Article\",\"@id\":\"https:\\\/\\\/www.eldiario.net\\\/portal\\\/2024\\\/03\\\/09\\\/senado-y-diputados-abren-posibilidad-de-tratar-creditos-y-leyes-antiprorroga\\\/#article\",\"isPartOf\":{\"@id\":\"https:\\\/\\\/www.eldiario.net\\\/portal\\\/2024\\\/03\\\/09\\\/senado-y-diputados-abren-posibilidad-de-tratar-creditos-y-leyes-antiprorroga\\\/\"},\"author\":{\"name\":\"Jeanette\",\"@id\":\"https:\\\/\\\/www.eldiario.net\\\/portal\\\/#\\\/schema\\\/person\\\/2c57cf2b7a7ae032e449e4c9b1019eac\"},\"headline\":\"Senado y Diputados abren posibilidad de tratar cr\u00e9ditos y leyes antipr\u00f3rroga\",\"datePublished\":\"2024-03-09T10:38:03+00:00\",\"mainEntityOfPage\":{\"@id\":\"https:\\\/\\\/www.eldiario.net\\\/portal\\\/2024\\\/03\\\/09\\\/senado-y-diputados-abren-posibilidad-de-tratar-creditos-y-leyes-antiprorroga\\\/\"},\"wordCount\":355,\"commentCount\":0,\"publisher\":{\"@id\":\"https:\\\/\\\/www.eldiario.net\\\/portal\\\/#organization\"},\"image\":{\"@id\":\"https:\\\/\\\/www.eldiario.net\\\/portal\\\/2024\\\/03\\\/09\\\/senado-y-diputados-abren-posibilidad-de-tratar-creditos-y-leyes-antiprorroga\\\/#primaryimage\"},\"thumbnailUrl\":\"https:\\\/\\\/www.eldiario.net\\\/portal\\\/wp-content\\\/uploads\\\/2023\\\/12\\\/Politica.jpg\",\"articleSection\":[\"Pol\u00edtica\"],\"inLanguage\":\"es\",\"potentialAction\":[{\"@type\":\"CommentAction\",\"name\":\"Comment\",\"target\":[\"https:\\\/\\\/www.eldiario.net\\\/portal\\\/2024\\\/03\\\/09\\\/senado-y-diputados-abren-posibilidad-de-tratar-creditos-y-leyes-antiprorroga\\\/#respond\"]}]},{\"@type\":\"WebPage\",\"@id\":\"https:\\\/\\\/www.eldiario.net\\\/portal\\\/2024\\\/03\\\/09\\\/senado-y-diputados-abren-posibilidad-de-tratar-creditos-y-leyes-antiprorroga\\\/\",\"url\":\"https:\\\/\\\/www.eldiario.net\\\/portal\\\/2024\\\/03\\\/09\\\/senado-y-diputados-abren-posibilidad-de-tratar-creditos-y-leyes-antiprorroga\\\/\",\"name\":\"Senado y Diputados abren posibilidad de tratar cr\u00e9ditos y leyes antipr\u00f3rroga - El Diario - Bolivia\",\"isPartOf\":{\"@id\":\"https:\\\/\\\/www.eldiario.net\\\/portal\\\/#website\"},\"primaryImageOfPage\":{\"@id\":\"https:\\\/\\\/www.eldiario.net\\\/portal\\\/2024\\\/03\\\/09\\\/senado-y-diputados-abren-posibilidad-de-tratar-creditos-y-leyes-antiprorroga\\\/#primaryimage\"},\"image\":{\"@id\":\"https:\\\/\\\/www.eldiario.net\\\/portal\\\/2024\\\/03\\\/09\\\/senado-y-diputados-abren-posibilidad-de-tratar-creditos-y-leyes-antiprorroga\\\/#primaryimage\"},\"thumbnailUrl\":\"https:\\\/\\\/www.eldiario.net\\\/portal\\\/wp-content\\\/uploads\\\/2023\\\/12\\\/Politica.jpg\",\"datePublished\":\"2024-03-09T10:38:03+00:00\",\"breadcrumb\":{\"@id\":\"https:\\\/\\\/www.eldiario.net\\\/portal\\\/2024\\\/03\\\/09\\\/senado-y-diputados-abren-posibilidad-de-tratar-creditos-y-leyes-antiprorroga\\\/#breadcrumb\"},\"inLanguage\":\"es\",\"potentialAction\":[{\"@type\":\"ReadAction\",\"target\":[\"https:\\\/\\\/www.eldiario.net\\\/portal\\\/2024\\\/03\\\/09\\\/senado-y-diputados-abren-posibilidad-de-tratar-creditos-y-leyes-antiprorroga\\\/\"]}]},{\"@type\":\"ImageObject\",\"inLanguage\":\"es\",\"@id\":\"https:\\\/\\\/www.eldiario.net\\\/portal\\\/2024\\\/03\\\/09\\\/senado-y-diputados-abren-posibilidad-de-tratar-creditos-y-leyes-antiprorroga\\\/#primaryimage\",\"url\":\"https:\\\/\\\/www.eldiario.net\\\/portal\\\/wp-content\\\/uploads\\\/2023\\\/12\\\/Politica.jpg\",\"contentUrl\":\"https:\\\/\\\/www.eldiario.net\\\/portal\\\/wp-content\\\/uploads\\\/2023\\\/12\\\/Politica.jpg\",\"width\":800,\"height\":500},{\"@type\":\"BreadcrumbList\",\"@id\":\"https:\\\/\\\/www.eldiario.net\\\/portal\\\/2024\\\/03\\\/09\\\/senado-y-diputados-abren-posibilidad-de-tratar-creditos-y-leyes-antiprorroga\\\/#breadcrumb\",\"itemListElement\":[{\"@type\":\"ListItem\",\"position\":1,\"name\":\"Portada\",\"item\":\"https:\\\/\\\/www.eldiario.net\\\/portal\\\/\"},{\"@type\":\"ListItem\",\"position\":2,\"name\":\"Senado y Diputados abren posibilidad de tratar cr\u00e9ditos y leyes antipr\u00f3rroga\"}]},{\"@type\":\"WebSite\",\"@id\":\"https:\\\/\\\/www.eldiario.net\\\/portal\\\/#website\",\"url\":\"https:\\\/\\\/www.eldiario.net\\\/portal\\\/\",\"name\":\"El Diario - Decano de la prensa nacional\",\"description\":\"El Diario - Decano de la prensa nacional\",\"publisher\":{\"@id\":\"https:\\\/\\\/www.eldiario.net\\\/portal\\\/#organization\"},\"potentialAction\":[{\"@type\":\"SearchAction\",\"target\":{\"@type\":\"EntryPoint\",\"urlTemplate\":\"https:\\\/\\\/www.eldiario.net\\\/portal\\\/?s={search_term_string}\"},\"query-input\":{\"@type\":\"PropertyValueSpecification\",\"valueRequired\":true,\"valueName\":\"search_term_string\"}}],\"inLanguage\":\"es\"},{\"@type\":\"Organization\",\"@id\":\"https:\\\/\\\/www.eldiario.net\\\/portal\\\/#organization\",\"name\":\"El Diario - Decano de la prensa nacional\",\"url\":\"https:\\\/\\\/www.eldiario.net\\\/portal\\\/\",\"logo\":{\"@type\":\"ImageObject\",\"inLanguage\":\"es\",\"@id\":\"https:\\\/\\\/www.eldiario.net\\\/portal\\\/#\\\/schema\\\/logo\\\/image\\\/\",\"url\":\"https:\\\/\\\/www.eldiario.net\\\/portal\\\/wp-content\\\/uploads\\\/2023\\\/07\\\/logo_ED.jpg\",\"contentUrl\":\"https:\\\/\\\/www.eldiario.net\\\/portal\\\/wp-content\\\/uploads\\\/2023\\\/07\\\/logo_ED.jpg\",\"width\":272,\"height\":52,\"caption\":\"El Diario - Decano de la prensa nacional\"},\"image\":{\"@id\":\"https:\\\/\\\/www.eldiario.net\\\/portal\\\/#\\\/schema\\\/logo\\\/image\\\/\"},\"sameAs\":[\"https:\\\/\\\/www.facebook.com\\\/eldiario.bolivia\\\/\",\"https:\\\/\\\/x.com\\\/eldiario_net\"]},{\"@type\":\"Person\",\"@id\":\"https:\\\/\\\/www.eldiario.net\\\/portal\\\/#\\\/schema\\\/person\\\/2c57cf2b7a7ae032e449e4c9b1019eac\",\"name\":\"Jeanette\",\"image\":{\"@type\":\"ImageObject\",\"inLanguage\":\"es\",\"@id\":\"https:\\\/\\\/secure.gravatar.com\\\/avatar\\\/3ea2118a5f7dad2b7138b1187a6b7ee55f160b9968b66013c3a3ef39dd7e5798?s=96&d=mm&r=g\",\"url\":\"https:\\\/\\\/secure.gravatar.com\\\/avatar\\\/3ea2118a5f7dad2b7138b1187a6b7ee55f160b9968b66013c3a3ef39dd7e5798?s=96&d=mm&r=g\",\"contentUrl\":\"https:\\\/\\\/secure.gravatar.com\\\/avatar\\\/3ea2118a5f7dad2b7138b1187a6b7ee55f160b9968b66013c3a3ef39dd7e5798?s=96&d=mm&r=g\",\"caption\":\"Jeanette\"},\"sameAs\":[\"https:\\\/\\\/www.eldiario.net\\\/portal\"],\"url\":\"https:\\\/\\\/www.eldiario.net\\\/portal\\\/author\\\/jeanette\\\/\"}]}<\/script>\n<!-- \/ Yoast SEO plugin. -->","yoast_head_json":{"title":"Senado y Diputados abren posibilidad de tratar cr\u00e9ditos y leyes antipr\u00f3rroga - El Diario - Bolivia","robots":{"index":"index","follow":"follow","max-snippet":"max-snippet:-1","max-image-preview":"max-image-preview:large","max-video-preview":"max-video-preview:-1"},"canonical":"https:\/\/www.eldiario.net\/portal\/2024\/03\/09\/senado-y-diputados-abren-posibilidad-de-tratar-creditos-y-leyes-antiprorroga\/","og_locale":"es_ES","og_type":"article","og_title":"Senado y Diputados abren posibilidad de tratar cr\u00e9ditos y leyes antipr\u00f3rroga - El Diario - Bolivia","og_description":"Se\u00f1alan que existe predisposici\u00f3n para que los proyectos de ley 073 y 075, puedan volver a ser tratados en la C\u00e1mara Baja mientras el Senado avanza en el tratamiento de los cr\u00e9ditos internacionales. Se\u00f1alando que se antepondr\u00e1n los intereses nacionales, los presidentes de las C\u00e1maras de Senadores y Diputados, Andr\u00f3nico Rodr\u00edguez e Israel Huaytari, respectivamente, [&hellip;]","og_url":"https:\/\/www.eldiario.net\/portal\/2024\/03\/09\/senado-y-diputados-abren-posibilidad-de-tratar-creditos-y-leyes-antiprorroga\/","og_site_name":"El Diario - Bolivia","article_publisher":"https:\/\/www.facebook.com\/eldiario.bolivia\/","article_published_time":"2024-03-09T10:38:03+00:00","og_image":[{"width":800,"height":500,"url":"https:\/\/www.eldiario.net\/portal\/wp-content\/uploads\/2023\/12\/Politica.jpg","type":"image\/jpeg"}],"author":"Jeanette","twitter_card":"summary_large_image","twitter_creator":"@eldiario_net","twitter_site":"@eldiario_net","twitter_misc":{"Escrito por":"Jeanette","Tiempo de lectura":"2 minutos"},"schema":{"@context":"https:\/\/schema.org","@graph":[{"@type":"Article","@id":"https:\/\/www.eldiario.net\/portal\/2024\/03\/09\/senado-y-diputados-abren-posibilidad-de-tratar-creditos-y-leyes-antiprorroga\/#article","isPartOf":{"@id":"https:\/\/www.eldiario.net\/portal\/2024\/03\/09\/senado-y-diputados-abren-posibilidad-de-tratar-creditos-y-leyes-antiprorroga\/"},"author":{"name":"Jeanette","@id":"https:\/\/www.eldiario.net\/portal\/#\/schema\/person\/2c57cf2b7a7ae032e449e4c9b1019eac"},"headline":"Senado y Diputados abren posibilidad de tratar cr\u00e9ditos y leyes antipr\u00f3rroga","datePublished":"2024-03-09T10:38:03+00:00","mainEntityOfPage":{"@id":"https:\/\/www.eldiario.net\/portal\/2024\/03\/09\/senado-y-diputados-abren-posibilidad-de-tratar-creditos-y-leyes-antiprorroga\/"},"wordCount":355,"commentCount":0,"publisher":{"@id":"https:\/\/www.eldiario.net\/portal\/#organization"},"image":{"@id":"https:\/\/www.eldiario.net\/portal\/2024\/03\/09\/senado-y-diputados-abren-posibilidad-de-tratar-creditos-y-leyes-antiprorroga\/#primaryimage"},"thumbnailUrl":"https:\/\/www.eldiario.net\/portal\/wp-content\/uploads\/2023\/12\/Politica.jpg","articleSection":["Pol\u00edtica"],"inLanguage":"es","potentialAction":[{"@type":"CommentAction","name":"Comment","target":["https:\/\/www.eldiario.net\/portal\/2024\/03\/09\/senado-y-diputados-abren-posibilidad-de-tratar-creditos-y-leyes-antiprorroga\/#respond"]}]},{"@type":"WebPage","@id":"https:\/\/www.eldiario.net\/portal\/2024\/03\/09\/senado-y-diputados-abren-posibilidad-de-tratar-creditos-y-leyes-antiprorroga\/","url":"https:\/\/www.eldiario.net\/portal\/2024\/03\/09\/senado-y-diputados-abren-posibilidad-de-tratar-creditos-y-leyes-antiprorroga\/","name":"Senado y Diputados abren posibilidad de tratar cr\u00e9ditos y leyes antipr\u00f3rroga - El Diario - Bolivia","isPartOf":{"@id":"https:\/\/www.eldiario.net\/portal\/#website"},"primaryImageOfPage":{"@id":"https:\/\/www.eldiario.net\/portal\/2024\/03\/09\/senado-y-diputados-abren-posibilidad-de-tratar-creditos-y-leyes-antiprorroga\/#primaryimage"},"image":{"@id":"https:\/\/www.eldiario.net\/portal\/2024\/03\/09\/senado-y-diputados-abren-posibilidad-de-tratar-creditos-y-leyes-antiprorroga\/#primaryimage"},"thumbnailUrl":"https:\/\/www.eldiario.net\/portal\/wp-content\/uploads\/2023\/12\/Politica.jpg","datePublished":"2024-03-09T10:38:03+00:00","breadcrumb":{"@id":"https:\/\/www.eldiario.net\/portal\/2024\/03\/09\/senado-y-diputados-abren-posibilidad-de-tratar-creditos-y-leyes-antiprorroga\/#breadcrumb"},"inLanguage":"es","potentialAction":[{"@type":"ReadAction","target":["https:\/\/www.eldiario.net\/portal\/2024\/03\/09\/senado-y-diputados-abren-posibilidad-de-tratar-creditos-y-leyes-antiprorroga\/"]}]},{"@type":"ImageObject","inLanguage":"es","@id":"https:\/\/www.eldiario.net\/portal\/2024\/03\/09\/senado-y-diputados-abren-posibilidad-de-tratar-creditos-y-leyes-antiprorroga\/#primaryimage","url":"https:\/\/www.eldiario.net\/portal\/wp-content\/uploads\/2023\/12\/Politica.jpg","contentUrl":"https:\/\/www.eldiario.net\/portal\/wp-content\/uploads\/2023\/12\/Politica.jpg","width":800,"height":500},{"@type":"BreadcrumbList","@id":"https:\/\/www.eldiario.net\/portal\/2024\/03\/09\/senado-y-diputados-abren-posibilidad-de-tratar-creditos-y-leyes-antiprorroga\/#breadcrumb","itemListElement":[{"@type":"ListItem","position":1,"name":"Portada","item":"https:\/\/www.eldiario.net\/portal\/"},{"@type":"ListItem","position":2,"name":"Senado y Diputados abren posibilidad de tratar cr\u00e9ditos y leyes antipr\u00f3rroga"}]},{"@type":"WebSite","@id":"https:\/\/www.eldiario.net\/portal\/#website","url":"https:\/\/www.eldiario.net\/portal\/","name":"El Diario - Decano de la prensa nacional","description":"El Diario - Decano de la prensa nacional","publisher":{"@id":"https:\/\/www.eldiario.net\/portal\/#organization"},"potentialAction":[{"@type":"SearchAction","target":{"@type":"EntryPoint","urlTemplate":"https:\/\/www.eldiario.net\/portal\/?s={search_term_string}"},"query-input":{"@type":"PropertyValueSpecification","valueRequired":true,"valueName":"search_term_string"}}],"inLanguage":"es"},{"@type":"Organization","@id":"https:\/\/www.eldiario.net\/portal\/#organization","name":"El Diario - Decano de la prensa nacional","url":"https:\/\/www.eldiario.net\/portal\/","logo":{"@type":"ImageObject","inLanguage":"es","@id":"https:\/\/www.eldiario.net\/portal\/#\/schema\/logo\/image\/","url":"https:\/\/www.eldiario.net\/portal\/wp-content\/uploads\/2023\/07\/logo_ED.jpg","contentUrl":"https:\/\/www.eldiario.net\/portal\/wp-content\/uploads\/2023\/07\/logo_ED.jpg","width":272,"height":52,"caption":"El Diario - Decano de la prensa nacional"},"image":{"@id":"https:\/\/www.eldiario.net\/portal\/#\/schema\/logo\/image\/"},"sameAs":["https:\/\/www.facebook.com\/eldiario.bolivia\/","https:\/\/x.com\/eldiario_net"]},{"@type":"Person","@id":"https:\/\/www.eldiario.net\/portal\/#\/schema\/person\/2c57cf2b7a7ae032e449e4c9b1019eac","name":"Jeanette","image":{"@type":"ImageObject","inLanguage":"es","@id":"https:\/\/secure.gravatar.com\/avatar\/3ea2118a5f7dad2b7138b1187a6b7ee55f160b9968b66013c3a3ef39dd7e5798?s=96&d=mm&r=g","url":"https:\/\/secure.gravatar.com\/avatar\/3ea2118a5f7dad2b7138b1187a6b7ee55f160b9968b66013c3a3ef39dd7e5798?s=96&d=mm&r=g","contentUrl":"https:\/\/secure.gravatar.com\/avatar\/3ea2118a5f7dad2b7138b1187a6b7ee55f160b9968b66013c3a3ef39dd7e5798?s=96&d=mm&r=g","caption":"Jeanette"},"sameAs":["https:\/\/www.eldiario.net\/portal"],"url":"https:\/\/www.eldiario.net\/portal\/author\/jeanette\/"}]}},"_links":{"self":[{"href":"https:\/\/www.eldiario.net\/portal\/wp-json\/wp\/v2\/posts\/207246","targetHints":{"allow":["GET"]}}],"collection":[{"href":"https:\/\/www.eldiario.net\/portal\/wp-json\/wp\/v2\/posts"}],"about":[{"href":"https:\/\/www.eldiario.net\/portal\/wp-json\/wp\/v2\/types\/post"}],"author":[{"embeddable":true,"href":"https:\/\/www.eldiario.net\/portal\/wp-json\/wp\/v2\/users\/1"}],"replies":[{"embeddable":true,"href":"https:\/\/www.eldiario.net\/portal\/wp-json\/wp\/v2\/comments?post=207246"}],"version-history":[{"count":1,"href":"https:\/\/www.eldiario.net\/portal\/wp-json\/wp\/v2\/posts\/207246\/revisions"}],"predecessor-version":[{"id":207247,"href":"https:\/\/www.eldiario.net\/portal\/wp-json\/wp\/v2\/posts\/207246\/revisions\/207247"}],"wp:featuredmedia":[{"embeddable":true,"href":"https:\/\/www.eldiario.net\/portal\/wp-json\/wp\/v2\/media\/194754"}],"wp:attachment":[{"href":"https:\/\/www.eldiario.net\/portal\/wp-json\/wp\/v2\/media?parent=207246"}],"wp:term":[{"taxonomy":"category","embeddable":true,"href":"https:\/\/www.eldiario.net\/portal\/wp-json\/wp\/v2\/categories?post=207246"},{"taxonomy":"post_tag","embeddable":true,"href":"https:\/\/www.eldiario.net\/portal\/wp-json\/wp\/v2\/tags?post=207246"}],"curies":[{"name":"wp","href":"https:\/\/api.w.org\/{rel}","templated":true}]}}