{"id":207240,"date":"2024-03-09T06:36:25","date_gmt":"2024-03-09T10:36:25","guid":{"rendered":"https:\/\/www.eldiario.net\/portal\/?p=207240"},"modified":"2024-03-09T06:36:25","modified_gmt":"2024-03-09T10:36:25","slug":"con-marcha-inician-obras-para-felcv-integral-en-el-alto","status":"publish","type":"post","link":"https:\/\/www.eldiario.net\/portal\/2024\/03\/09\/con-marcha-inician-obras-para-felcv-integral-en-el-alto\/","title":{"rendered":"Con marcha inician obras  para Felcv Integral en El Alto"},"content":{"rendered":"<p>Cientos de f\u00e9minas y varones marcharon por v\u00edas de la urbe alte\u00f1a en contra de la violencia y en rechazo a la opresi\u00f3n bajo el lema \u201cLa Resistencia Contin\u00faa\u201d y en conmemoraci\u00f3n al D\u00eda Internacional de la Mujer. La caravana fue la antesala para colocar la piedra fundamental que da inici\u00f3 a la construcci\u00f3n del edificio de la Fuerza Especial de Lucha Contra la Violencia (Felcv) Integral.<br \/>\n\u201cEs un d\u00eda en el cual se resiste, en el que se busca una sociedad m\u00e1s equitativa, y los hombres tambi\u00e9n somos part\u00edcipes, entendiendo y comprendiendo que es importante la transformaci\u00f3n entre todos y todas\u201d, se\u00f1al\u00f3 el viceministro de Seguridad Ciudadana, Roberto R\u00edos, quien particip\u00f3 de la caravana.<br \/>\nEn defensa de los derechos de las mujeres y en protesta por la sistem\u00e1tica violaci\u00f3n de los mismos, tambi\u00e9n marcharon estudiantes de la Universidad P\u00fablica de El Alto (UPEA), encabezados por sus principales autoridades, quienes, entre otros aspectos, saludaron y valoraron el rol imprescindible de la mujer dentro de la familia y la sociedad.<br \/>\n\u201cMuchas felicidades a todas las mujeres valientes y trabajadoras. Nosotros repudiamos desde cualquier punto de vista, cualquier forma de violencia hacia la mujer\u201d, declar\u00f3 el rector de la UPEA, Carlos Condori.<br \/>\nDurante el recorrido de la marcha se escucharon estribillos que convocaban a luchar contra las estructuras patriarcales de la sociedad e impulsar la complementariedad. Asimismo, se repudi\u00f3 la administraci\u00f3n de la justicia por los casos de violencia y feminicidios no resueltos en el pa\u00eds.<br \/>\nEl vicerrector de esa casa de estudios superiores, Efra\u00edn Chambi, destac\u00f3 la labor de las mujeres profesionales que contribuyen al desarrollo del pa\u00eds y la sociedad. \u201cComo autoridades tenemos que hacer prevalecer las capacidades y fortalezas de las mujeres\u201d, expres\u00f3.<br \/>\nComo ellos, mujeres de colectivos, activistas, de la sociedad civil, de organizaciones sociales y de distintas edades, que llevaban alg\u00fan distintivo de tono morado, recorrieron por la avenida C\u00edvica de la zona Ciudad Sat\u00e9lite hasta llegar al sector de Santa Rosa, donde el presidente de Estado, Luis Arce Catacora, dio inicio a la construcci\u00f3n de la Feclv Integral.<br \/>\nSe prev\u00e9 que la infraestructura acoja oficinas que brindar\u00e1n asistencia integral, protecci\u00f3n y dar\u00e1 justicia a las v\u00edctimas de violencia.<br \/>\n\u201cArrancamos con la construcci\u00f3n de una importante obra, la Felcv Integral en la ciudad de El Alto, una obra muy necesaria para facilitar el trabajo de nuestra Polic\u00eda y ayudar a las v\u00edctimas de violencia\u201d, manifest\u00f3 Arce.<br \/>\nAcot\u00f3 que, el Gobierno impulsa la construcci\u00f3n de tres de estas infraestructuras en el pa\u00eds. Estar\u00e1n en distintos departamentos y su edificaci\u00f3n concluir\u00e1 este a\u00f1o.<br \/>\n\u201cNosotros, como Gobierno nacional, tomamos la decisi\u00f3n de construir una Felcv Integral en la ciudad de Cochabamba, la de El Alto ser\u00e1 la segunda en construcci\u00f3n, y hay una tercera que se est\u00e1 planificando en el departamento de Santa Cruz\u201d, anunci\u00f3 el mandatario.<br \/>\nDATOS<br \/>\nLa obra que ser\u00e1 construida en El Alto, fue dise\u00f1ada por la UPEA sobre una extensi\u00f3n aproximada de 2.500 metros cuadrados, predios que fueron cedidos por el Gobierno Aut\u00f3nomo Municipal de El Alto (Gamea).<br \/>\nLa inversi\u00f3n ser\u00e1 Bs 20.5 millones, financiada con recursos de la Unidad de Proyectos Especiales (UPRE).<br \/>\n\u201cEl Gobierno Nacional ha querido iniciar en esta fecha la obra, conmemorando no solamente el 8 de marzo, D\u00eda Internacional de la Mujer, sino un homenaje a nuestra mujer alte\u00f1a. Vamos a invertir cerca de 21 millones de bolivianos\u201d, indic\u00f3 Arce.<br \/>\nEl nuevo edificio contar\u00e1 con oficinas de la Felcv, del \u00d3rgano Judicial y de la Fiscal\u00eda. Adem\u00e1s de servicios m\u00e9dicos, trabajadores sociales, psic\u00f3logos, albergues transitorios y otras especialidades para atender de forma integral a las mujeres con el fin de evitar su revictimizaci\u00f3n.<br \/>\nEs decir, todas las instancias relacionadas a violencia contra la mujer estar\u00e1n concentradas en ese lugar, con el prop\u00f3sito de que con este servicio integral las f\u00e9minas ya no peregrinen por las instituciones en b\u00fasqueda de justicia.<br \/>\nLas v\u00edctimas de violencia tambi\u00e9n tendr\u00e1n un espacio de cobijo, mientras se desarrolla su proceso penal.<br \/>\nDe acuerdo con el ministro de Gobierno, Eduardo Del Castillo, en los \u00faltimos cuatro a\u00f1os, se registr\u00f3 una disminuci\u00f3n de casos de feminicidio.<br \/>\n\u201cRecibimos el Gobierno con el promedio de un feminicidio cada tres d\u00edas. El a\u00f1o 2020, en Bolivia se registraron 113 denuncias por feminicidio; el a\u00f1o 2021 esto baj\u00f3 a 108; el a\u00f1o 2022, como Gobierno logramos reducir a 95 feminicidios y finalmente la pasada gesti\u00f3n se redujo a 81 feminicidios. En total estamos hablando de una reducci\u00f3n de m\u00e1s del 30% en toda nuestra gesti\u00f3n en total\u201d, detall\u00f3.<br \/>\nAcot\u00f3 que se pretende construir este tipo de infraestructuras en todos los departamentos del pa\u00eds. La primera, que fue inaugurada hace poco tiempo, est\u00e1 en Sacaba, Cochabamba y se encuentra en funcionamiento.<\/p>\n<p>LA PAZ<br \/>\nPor otra parte, en la urbe pace\u00f1a tambi\u00e9n se manifestaron cientos de mujeres que marcharon hasta puertas del edificio de la Asamblea Legislativa Plurinacional, en exigencia de la aprobaci\u00f3n de los proyectos de ley de fortalecimiento de lucha contra la violencia a la mujer y de imprescriptibilidad de abusos a menores.<br \/>\n\u201cEs una marcha de reivindicaci\u00f3n de los derechos de las mujeres, no queremos m\u00e1s feminicidios ni infanticidios, que los legisladores reflexionen y aprueben la modificaci\u00f3n a la Ley 348 y la ley para que los delitos sexuales cometidos contra ni\u00f1os y adolescentes no prescriban, nos preocupa que estas leyes est\u00e1n durmiendo en la Asamblea\u201d, sostuvo la representante de la Federaci\u00f3n Sindical de Trabajadores Mineros de Bolivia, Ninfa Cayo.<br \/>\nLa marcha recorri\u00f3 varias calles del centro de la ciudad, con la participaci\u00f3n de f\u00e9minas de diferentes organizaciones, colectivos feministas y sectores sociales.<\/p>\n","protected":false},"excerpt":{"rendered":"<p>Cientos de f\u00e9minas y varones marcharon por v\u00edas de la urbe alte\u00f1a en contra de la violencia y en rechazo a la opresi\u00f3n bajo el lema \u201cLa Resistencia Contin\u00faa\u201d y en conmemoraci\u00f3n al D\u00eda Internacional de la Mujer. La caravana fue la antesala para colocar la piedra fundamental que da inici\u00f3 a la construcci\u00f3n del [&hellip;]<\/p>\n","protected":false},"author":1,"featured_media":207241,"comment_status":"open","ping_status":"open","sticky":false,"template":"","format":"standard","meta":{"_acf_changed":false,"footnotes":""},"categories":[12],"tags":[],"class_list":["post-207240","post","type-post","status-publish","format-standard","has-post-thumbnail","category-nacional"],"acf":{"antetitulo":"Buscan luchar contra la violencia"},"yoast_head":"<!-- This site is optimized with the Yoast SEO plugin v28.4 - https:\/\/yoast.com\/product\/yoast-seo-wordpress\/ -->\n<title>Con marcha inician obras para Felcv Integral en El Alto - El Diario - Bolivia<\/title>\n<meta name=\"robots\" content=\"index, follow, max-snippet:-1, max-image-preview:large, max-video-preview:-1\" \/>\n<link rel=\"canonical\" href=\"https:\/\/www.eldiario.net\/portal\/2024\/03\/09\/con-marcha-inician-obras-para-felcv-integral-en-el-alto\/\" \/>\n<meta property=\"og:locale\" content=\"es_ES\" \/>\n<meta property=\"og:type\" content=\"article\" \/>\n<meta property=\"og:title\" content=\"Con marcha inician obras para Felcv Integral en El Alto - El Diario - Bolivia\" \/>\n<meta property=\"og:description\" content=\"Cientos de f\u00e9minas y varones marcharon por v\u00edas de la urbe alte\u00f1a en contra de la violencia y en rechazo a la opresi\u00f3n bajo el lema \u201cLa Resistencia Contin\u00faa\u201d y en conmemoraci\u00f3n al D\u00eda Internacional de la Mujer. La caravana fue la antesala para colocar la piedra fundamental que da inici\u00f3 a la construcci\u00f3n del [&hellip;]\" \/>\n<meta property=\"og:url\" content=\"https:\/\/www.eldiario.net\/portal\/2024\/03\/09\/con-marcha-inician-obras-para-felcv-integral-en-el-alto\/\" \/>\n<meta property=\"og:site_name\" content=\"El Diario - Bolivia\" \/>\n<meta property=\"article:publisher\" content=\"https:\/\/www.facebook.com\/eldiario.bolivia\/\" \/>\n<meta property=\"article:published_time\" content=\"2024-03-09T10:36:25+00:00\" \/>\n<meta property=\"og:image\" content=\"https:\/\/www.eldiario.net\/portal\/wp-content\/uploads\/2024\/03\/F-1-mujer-scaled.jpg\" \/>\n\t<meta property=\"og:image:width\" content=\"2560\" \/>\n\t<meta property=\"og:image:height\" content=\"1706\" \/>\n\t<meta property=\"og:image:type\" content=\"image\/jpeg\" \/>\n<meta name=\"author\" content=\"Jeanette\" \/>\n<meta name=\"twitter:card\" content=\"summary_large_image\" \/>\n<meta name=\"twitter:creator\" content=\"@eldiario_net\" \/>\n<meta name=\"twitter:site\" content=\"@eldiario_net\" \/>\n<meta name=\"twitter:label1\" content=\"Escrito por\" \/>\n\t<meta name=\"twitter:data1\" content=\"Jeanette\" \/>\n\t<meta name=\"twitter:label2\" content=\"Tiempo de lectura\" \/>\n\t<meta name=\"twitter:data2\" content=\"5 minutos\" \/>\n<script type=\"application\/ld+json\" class=\"yoast-schema-graph\">{\"@context\":\"https:\\\/\\\/schema.org\",\"@graph\":[{\"@type\":\"Article\",\"@id\":\"https:\\\/\\\/www.eldiario.net\\\/portal\\\/2024\\\/03\\\/09\\\/con-marcha-inician-obras-para-felcv-integral-en-el-alto\\\/#article\",\"isPartOf\":{\"@id\":\"https:\\\/\\\/www.eldiario.net\\\/portal\\\/2024\\\/03\\\/09\\\/con-marcha-inician-obras-para-felcv-integral-en-el-alto\\\/\"},\"author\":{\"name\":\"Jeanette\",\"@id\":\"https:\\\/\\\/www.eldiario.net\\\/portal\\\/#\\\/schema\\\/person\\\/2c57cf2b7a7ae032e449e4c9b1019eac\"},\"headline\":\"Con marcha inician obras para Felcv Integral en El Alto\",\"datePublished\":\"2024-03-09T10:36:25+00:00\",\"mainEntityOfPage\":{\"@id\":\"https:\\\/\\\/www.eldiario.net\\\/portal\\\/2024\\\/03\\\/09\\\/con-marcha-inician-obras-para-felcv-integral-en-el-alto\\\/\"},\"wordCount\":999,\"commentCount\":0,\"publisher\":{\"@id\":\"https:\\\/\\\/www.eldiario.net\\\/portal\\\/#organization\"},\"image\":{\"@id\":\"https:\\\/\\\/www.eldiario.net\\\/portal\\\/2024\\\/03\\\/09\\\/con-marcha-inician-obras-para-felcv-integral-en-el-alto\\\/#primaryimage\"},\"thumbnailUrl\":\"https:\\\/\\\/www.eldiario.net\\\/portal\\\/wp-content\\\/uploads\\\/2024\\\/03\\\/F-1-mujer-scaled.jpg\",\"articleSection\":[\"Nacional\"],\"inLanguage\":\"es\",\"potentialAction\":[{\"@type\":\"CommentAction\",\"name\":\"Comment\",\"target\":[\"https:\\\/\\\/www.eldiario.net\\\/portal\\\/2024\\\/03\\\/09\\\/con-marcha-inician-obras-para-felcv-integral-en-el-alto\\\/#respond\"]}]},{\"@type\":\"WebPage\",\"@id\":\"https:\\\/\\\/www.eldiario.net\\\/portal\\\/2024\\\/03\\\/09\\\/con-marcha-inician-obras-para-felcv-integral-en-el-alto\\\/\",\"url\":\"https:\\\/\\\/www.eldiario.net\\\/portal\\\/2024\\\/03\\\/09\\\/con-marcha-inician-obras-para-felcv-integral-en-el-alto\\\/\",\"name\":\"Con marcha inician obras para Felcv Integral en El Alto - El Diario - Bolivia\",\"isPartOf\":{\"@id\":\"https:\\\/\\\/www.eldiario.net\\\/portal\\\/#website\"},\"primaryImageOfPage\":{\"@id\":\"https:\\\/\\\/www.eldiario.net\\\/portal\\\/2024\\\/03\\\/09\\\/con-marcha-inician-obras-para-felcv-integral-en-el-alto\\\/#primaryimage\"},\"image\":{\"@id\":\"https:\\\/\\\/www.eldiario.net\\\/portal\\\/2024\\\/03\\\/09\\\/con-marcha-inician-obras-para-felcv-integral-en-el-alto\\\/#primaryimage\"},\"thumbnailUrl\":\"https:\\\/\\\/www.eldiario.net\\\/portal\\\/wp-content\\\/uploads\\\/2024\\\/03\\\/F-1-mujer-scaled.jpg\",\"datePublished\":\"2024-03-09T10:36:25+00:00\",\"breadcrumb\":{\"@id\":\"https:\\\/\\\/www.eldiario.net\\\/portal\\\/2024\\\/03\\\/09\\\/con-marcha-inician-obras-para-felcv-integral-en-el-alto\\\/#breadcrumb\"},\"inLanguage\":\"es\",\"potentialAction\":[{\"@type\":\"ReadAction\",\"target\":[\"https:\\\/\\\/www.eldiario.net\\\/portal\\\/2024\\\/03\\\/09\\\/con-marcha-inician-obras-para-felcv-integral-en-el-alto\\\/\"]}]},{\"@type\":\"ImageObject\",\"inLanguage\":\"es\",\"@id\":\"https:\\\/\\\/www.eldiario.net\\\/portal\\\/2024\\\/03\\\/09\\\/con-marcha-inician-obras-para-felcv-integral-en-el-alto\\\/#primaryimage\",\"url\":\"https:\\\/\\\/www.eldiario.net\\\/portal\\\/wp-content\\\/uploads\\\/2024\\\/03\\\/F-1-mujer-scaled.jpg\",\"contentUrl\":\"https:\\\/\\\/www.eldiario.net\\\/portal\\\/wp-content\\\/uploads\\\/2024\\\/03\\\/F-1-mujer-scaled.jpg\",\"width\":2560,\"height\":1706,\"caption\":\"Cientos de f\u00e9minas y varones recorrieron por la avenida C\u00edvica de la urbe alte\u00f1a.\"},{\"@type\":\"BreadcrumbList\",\"@id\":\"https:\\\/\\\/www.eldiario.net\\\/portal\\\/2024\\\/03\\\/09\\\/con-marcha-inician-obras-para-felcv-integral-en-el-alto\\\/#breadcrumb\",\"itemListElement\":[{\"@type\":\"ListItem\",\"position\":1,\"name\":\"Portada\",\"item\":\"https:\\\/\\\/www.eldiario.net\\\/portal\\\/\"},{\"@type\":\"ListItem\",\"position\":2,\"name\":\"Con marcha inician obras para Felcv Integral en El Alto\"}]},{\"@type\":\"WebSite\",\"@id\":\"https:\\\/\\\/www.eldiario.net\\\/portal\\\/#website\",\"url\":\"https:\\\/\\\/www.eldiario.net\\\/portal\\\/\",\"name\":\"El Diario - Decano de la prensa nacional\",\"description\":\"El Diario - Decano de la prensa nacional\",\"publisher\":{\"@id\":\"https:\\\/\\\/www.eldiario.net\\\/portal\\\/#organization\"},\"potentialAction\":[{\"@type\":\"SearchAction\",\"target\":{\"@type\":\"EntryPoint\",\"urlTemplate\":\"https:\\\/\\\/www.eldiario.net\\\/portal\\\/?s={search_term_string}\"},\"query-input\":{\"@type\":\"PropertyValueSpecification\",\"valueRequired\":true,\"valueName\":\"search_term_string\"}}],\"inLanguage\":\"es\"},{\"@type\":\"Organization\",\"@id\":\"https:\\\/\\\/www.eldiario.net\\\/portal\\\/#organization\",\"name\":\"El Diario - Decano de la prensa nacional\",\"url\":\"https:\\\/\\\/www.eldiario.net\\\/portal\\\/\",\"logo\":{\"@type\":\"ImageObject\",\"inLanguage\":\"es\",\"@id\":\"https:\\\/\\\/www.eldiario.net\\\/portal\\\/#\\\/schema\\\/logo\\\/image\\\/\",\"url\":\"https:\\\/\\\/www.eldiario.net\\\/portal\\\/wp-content\\\/uploads\\\/2023\\\/07\\\/logo_ED.jpg\",\"contentUrl\":\"https:\\\/\\\/www.eldiario.net\\\/portal\\\/wp-content\\\/uploads\\\/2023\\\/07\\\/logo_ED.jpg\",\"width\":272,\"height\":52,\"caption\":\"El Diario - Decano de la prensa nacional\"},\"image\":{\"@id\":\"https:\\\/\\\/www.eldiario.net\\\/portal\\\/#\\\/schema\\\/logo\\\/image\\\/\"},\"sameAs\":[\"https:\\\/\\\/www.facebook.com\\\/eldiario.bolivia\\\/\",\"https:\\\/\\\/x.com\\\/eldiario_net\"]},{\"@type\":\"Person\",\"@id\":\"https:\\\/\\\/www.eldiario.net\\\/portal\\\/#\\\/schema\\\/person\\\/2c57cf2b7a7ae032e449e4c9b1019eac\",\"name\":\"Jeanette\",\"image\":{\"@type\":\"ImageObject\",\"inLanguage\":\"es\",\"@id\":\"https:\\\/\\\/secure.gravatar.com\\\/avatar\\\/3ea2118a5f7dad2b7138b1187a6b7ee55f160b9968b66013c3a3ef39dd7e5798?s=96&d=mm&r=g\",\"url\":\"https:\\\/\\\/secure.gravatar.com\\\/avatar\\\/3ea2118a5f7dad2b7138b1187a6b7ee55f160b9968b66013c3a3ef39dd7e5798?s=96&d=mm&r=g\",\"contentUrl\":\"https:\\\/\\\/secure.gravatar.com\\\/avatar\\\/3ea2118a5f7dad2b7138b1187a6b7ee55f160b9968b66013c3a3ef39dd7e5798?s=96&d=mm&r=g\",\"caption\":\"Jeanette\"},\"sameAs\":[\"https:\\\/\\\/www.eldiario.net\\\/portal\"],\"url\":\"https:\\\/\\\/www.eldiario.net\\\/portal\\\/author\\\/jeanette\\\/\"}]}<\/script>\n<!-- \/ Yoast SEO plugin. -->","yoast_head_json":{"title":"Con marcha inician obras para Felcv Integral en El Alto - El Diario - Bolivia","robots":{"index":"index","follow":"follow","max-snippet":"max-snippet:-1","max-image-preview":"max-image-preview:large","max-video-preview":"max-video-preview:-1"},"canonical":"https:\/\/www.eldiario.net\/portal\/2024\/03\/09\/con-marcha-inician-obras-para-felcv-integral-en-el-alto\/","og_locale":"es_ES","og_type":"article","og_title":"Con marcha inician obras para Felcv Integral en El Alto - El Diario - Bolivia","og_description":"Cientos de f\u00e9minas y varones marcharon por v\u00edas de la urbe alte\u00f1a en contra de la violencia y en rechazo a la opresi\u00f3n bajo el lema \u201cLa Resistencia Contin\u00faa\u201d y en conmemoraci\u00f3n al D\u00eda Internacional de la Mujer. La caravana fue la antesala para colocar la piedra fundamental que da inici\u00f3 a la construcci\u00f3n del [&hellip;]","og_url":"https:\/\/www.eldiario.net\/portal\/2024\/03\/09\/con-marcha-inician-obras-para-felcv-integral-en-el-alto\/","og_site_name":"El Diario - Bolivia","article_publisher":"https:\/\/www.facebook.com\/eldiario.bolivia\/","article_published_time":"2024-03-09T10:36:25+00:00","og_image":[{"width":2560,"height":1706,"url":"https:\/\/www.eldiario.net\/portal\/wp-content\/uploads\/2024\/03\/F-1-mujer-scaled.jpg","type":"image\/jpeg"}],"author":"Jeanette","twitter_card":"summary_large_image","twitter_creator":"@eldiario_net","twitter_site":"@eldiario_net","twitter_misc":{"Escrito por":"Jeanette","Tiempo de lectura":"5 minutos"},"schema":{"@context":"https:\/\/schema.org","@graph":[{"@type":"Article","@id":"https:\/\/www.eldiario.net\/portal\/2024\/03\/09\/con-marcha-inician-obras-para-felcv-integral-en-el-alto\/#article","isPartOf":{"@id":"https:\/\/www.eldiario.net\/portal\/2024\/03\/09\/con-marcha-inician-obras-para-felcv-integral-en-el-alto\/"},"author":{"name":"Jeanette","@id":"https:\/\/www.eldiario.net\/portal\/#\/schema\/person\/2c57cf2b7a7ae032e449e4c9b1019eac"},"headline":"Con marcha inician obras para Felcv Integral en El Alto","datePublished":"2024-03-09T10:36:25+00:00","mainEntityOfPage":{"@id":"https:\/\/www.eldiario.net\/portal\/2024\/03\/09\/con-marcha-inician-obras-para-felcv-integral-en-el-alto\/"},"wordCount":999,"commentCount":0,"publisher":{"@id":"https:\/\/www.eldiario.net\/portal\/#organization"},"image":{"@id":"https:\/\/www.eldiario.net\/portal\/2024\/03\/09\/con-marcha-inician-obras-para-felcv-integral-en-el-alto\/#primaryimage"},"thumbnailUrl":"https:\/\/www.eldiario.net\/portal\/wp-content\/uploads\/2024\/03\/F-1-mujer-scaled.jpg","articleSection":["Nacional"],"inLanguage":"es","potentialAction":[{"@type":"CommentAction","name":"Comment","target":["https:\/\/www.eldiario.net\/portal\/2024\/03\/09\/con-marcha-inician-obras-para-felcv-integral-en-el-alto\/#respond"]}]},{"@type":"WebPage","@id":"https:\/\/www.eldiario.net\/portal\/2024\/03\/09\/con-marcha-inician-obras-para-felcv-integral-en-el-alto\/","url":"https:\/\/www.eldiario.net\/portal\/2024\/03\/09\/con-marcha-inician-obras-para-felcv-integral-en-el-alto\/","name":"Con marcha inician obras para Felcv Integral en El Alto - El Diario - Bolivia","isPartOf":{"@id":"https:\/\/www.eldiario.net\/portal\/#website"},"primaryImageOfPage":{"@id":"https:\/\/www.eldiario.net\/portal\/2024\/03\/09\/con-marcha-inician-obras-para-felcv-integral-en-el-alto\/#primaryimage"},"image":{"@id":"https:\/\/www.eldiario.net\/portal\/2024\/03\/09\/con-marcha-inician-obras-para-felcv-integral-en-el-alto\/#primaryimage"},"thumbnailUrl":"https:\/\/www.eldiario.net\/portal\/wp-content\/uploads\/2024\/03\/F-1-mujer-scaled.jpg","datePublished":"2024-03-09T10:36:25+00:00","breadcrumb":{"@id":"https:\/\/www.eldiario.net\/portal\/2024\/03\/09\/con-marcha-inician-obras-para-felcv-integral-en-el-alto\/#breadcrumb"},"inLanguage":"es","potentialAction":[{"@type":"ReadAction","target":["https:\/\/www.eldiario.net\/portal\/2024\/03\/09\/con-marcha-inician-obras-para-felcv-integral-en-el-alto\/"]}]},{"@type":"ImageObject","inLanguage":"es","@id":"https:\/\/www.eldiario.net\/portal\/2024\/03\/09\/con-marcha-inician-obras-para-felcv-integral-en-el-alto\/#primaryimage","url":"https:\/\/www.eldiario.net\/portal\/wp-content\/uploads\/2024\/03\/F-1-mujer-scaled.jpg","contentUrl":"https:\/\/www.eldiario.net\/portal\/wp-content\/uploads\/2024\/03\/F-1-mujer-scaled.jpg","width":2560,"height":1706,"caption":"Cientos de f\u00e9minas y varones recorrieron por la avenida C\u00edvica de la urbe alte\u00f1a."},{"@type":"BreadcrumbList","@id":"https:\/\/www.eldiario.net\/portal\/2024\/03\/09\/con-marcha-inician-obras-para-felcv-integral-en-el-alto\/#breadcrumb","itemListElement":[{"@type":"ListItem","position":1,"name":"Portada","item":"https:\/\/www.eldiario.net\/portal\/"},{"@type":"ListItem","position":2,"name":"Con marcha inician obras para Felcv Integral en El Alto"}]},{"@type":"WebSite","@id":"https:\/\/www.eldiario.net\/portal\/#website","url":"https:\/\/www.eldiario.net\/portal\/","name":"El Diario - Decano de la prensa nacional","description":"El Diario - Decano de la prensa nacional","publisher":{"@id":"https:\/\/www.eldiario.net\/portal\/#organization"},"potentialAction":[{"@type":"SearchAction","target":{"@type":"EntryPoint","urlTemplate":"https:\/\/www.eldiario.net\/portal\/?s={search_term_string}"},"query-input":{"@type":"PropertyValueSpecification","valueRequired":true,"valueName":"search_term_string"}}],"inLanguage":"es"},{"@type":"Organization","@id":"https:\/\/www.eldiario.net\/portal\/#organization","name":"El Diario - Decano de la prensa nacional","url":"https:\/\/www.eldiario.net\/portal\/","logo":{"@type":"ImageObject","inLanguage":"es","@id":"https:\/\/www.eldiario.net\/portal\/#\/schema\/logo\/image\/","url":"https:\/\/www.eldiario.net\/portal\/wp-content\/uploads\/2023\/07\/logo_ED.jpg","contentUrl":"https:\/\/www.eldiario.net\/portal\/wp-content\/uploads\/2023\/07\/logo_ED.jpg","width":272,"height":52,"caption":"El Diario - Decano de la prensa nacional"},"image":{"@id":"https:\/\/www.eldiario.net\/portal\/#\/schema\/logo\/image\/"},"sameAs":["https:\/\/www.facebook.com\/eldiario.bolivia\/","https:\/\/x.com\/eldiario_net"]},{"@type":"Person","@id":"https:\/\/www.eldiario.net\/portal\/#\/schema\/person\/2c57cf2b7a7ae032e449e4c9b1019eac","name":"Jeanette","image":{"@type":"ImageObject","inLanguage":"es","@id":"https:\/\/secure.gravatar.com\/avatar\/3ea2118a5f7dad2b7138b1187a6b7ee55f160b9968b66013c3a3ef39dd7e5798?s=96&d=mm&r=g","url":"https:\/\/secure.gravatar.com\/avatar\/3ea2118a5f7dad2b7138b1187a6b7ee55f160b9968b66013c3a3ef39dd7e5798?s=96&d=mm&r=g","contentUrl":"https:\/\/secure.gravatar.com\/avatar\/3ea2118a5f7dad2b7138b1187a6b7ee55f160b9968b66013c3a3ef39dd7e5798?s=96&d=mm&r=g","caption":"Jeanette"},"sameAs":["https:\/\/www.eldiario.net\/portal"],"url":"https:\/\/www.eldiario.net\/portal\/author\/jeanette\/"}]}},"_links":{"self":[{"href":"https:\/\/www.eldiario.net\/portal\/wp-json\/wp\/v2\/posts\/207240","targetHints":{"allow":["GET"]}}],"collection":[{"href":"https:\/\/www.eldiario.net\/portal\/wp-json\/wp\/v2\/posts"}],"about":[{"href":"https:\/\/www.eldiario.net\/portal\/wp-json\/wp\/v2\/types\/post"}],"author":[{"embeddable":true,"href":"https:\/\/www.eldiario.net\/portal\/wp-json\/wp\/v2\/users\/1"}],"replies":[{"embeddable":true,"href":"https:\/\/www.eldiario.net\/portal\/wp-json\/wp\/v2\/comments?post=207240"}],"version-history":[{"count":1,"href":"https:\/\/www.eldiario.net\/portal\/wp-json\/wp\/v2\/posts\/207240\/revisions"}],"predecessor-version":[{"id":207242,"href":"https:\/\/www.eldiario.net\/portal\/wp-json\/wp\/v2\/posts\/207240\/revisions\/207242"}],"wp:featuredmedia":[{"embeddable":true,"href":"https:\/\/www.eldiario.net\/portal\/wp-json\/wp\/v2\/media\/207241"}],"wp:attachment":[{"href":"https:\/\/www.eldiario.net\/portal\/wp-json\/wp\/v2\/media?parent=207240"}],"wp:term":[{"taxonomy":"category","embeddable":true,"href":"https:\/\/www.eldiario.net\/portal\/wp-json\/wp\/v2\/categories?post=207240"},{"taxonomy":"post_tag","embeddable":true,"href":"https:\/\/www.eldiario.net\/portal\/wp-json\/wp\/v2\/tags?post=207240"}],"curies":[{"name":"wp","href":"https:\/\/api.w.org\/{rel}","templated":true}]}}