{"id":207237,"date":"2024-03-09T06:35:40","date_gmt":"2024-03-09T10:35:40","guid":{"rendered":"https:\/\/www.eldiario.net\/portal\/?p=207237"},"modified":"2024-03-09T06:35:40","modified_gmt":"2024-03-09T10:35:40","slug":"hallan-arma-de-fuego-en-mochila-de-estudiante","status":"publish","type":"post","link":"https:\/\/www.eldiario.net\/portal\/2024\/03\/09\/hallan-arma-de-fuego-en-mochila-de-estudiante\/","title":{"rendered":"Hallan arma de fuego en  mochila de estudiante"},"content":{"rendered":"<p>El director de una unidad educativa de la urbe alte\u00f1a denunci\u00f3 a la Polic\u00eda Boliviana que se encontr\u00f3 un rev\u00f3lver cargado con dos municiones dentro de la mochila de un estudiante. Seg\u00fan informes preliminares, el adolescente habr\u00eda encontrado el arma enterrada en su casa.<br \/>\nEl comandante departamental de la Polic\u00eda de La Paz, Edgar Cortez, se\u00f1al\u00f3 que habr\u00eda sido un profesor el que descubri\u00f3 el arma de fuego mientras buscaban un texto extraviado. El colegio est\u00e1 en la zona Los Jardines, en el Distrito 8 de la urbe alte\u00f1a.<br \/>\n\u201cEn el curso estaban buscando un libro que se hab\u00eda extraviado, motivo por el cual empezaron a revisar las mochilas de los alumnos y en esa b\u00fasqueda encuentran en una de las mochilas un arma de fuego, rev\u00f3lver con dos proyectiles en el tambor (en la mochila de este menor de 14 a\u00f1os), es por eso que el director realiza la denuncia\u201d, indic\u00f3 la autoridad policial.<br \/>\nSeg\u00fan la declaraci\u00f3n preliminar del adolescente, el arma pertenecer\u00eda a uno de sus familiares, situaci\u00f3n que se investiga.<br \/>\n\u201cEl director inform\u00f3 de manera inmediata a la Polic\u00eda y, como corresponde, el caso est\u00e1 puesto ante la Felcc (Fuerza Especial de Lucha Contra el Crimen) para su investigaci\u00f3n, pero tambi\u00e9n siendo menor de edad recibe un tratamiento especial por la edad que cuenta\u201d, apunt\u00f3 Cortez.<br \/>\nA\u00f1adi\u00f3 que \u201ctambi\u00e9n en la versi\u00f3n del maestro, indica que este rev\u00f3lver estaba enterrado en la puerta del domicilio del menor y es de propiedad del t\u00edo (\u2026), en un trabajo realizado con maquinaria pesada habr\u00edan encontrado y el menor lo habr\u00eda sacado\u201d.<br \/>\nAsimismo, el comandante policial se\u00f1al\u00f3 que se convers\u00f3 con el pariente y est\u00e9 \u201cen una breve entrevista\u201d afirm\u00f3 que habr\u00eda enterrado hace mucho tiempo atr\u00e1s en su casa ese rev\u00f3lver y que fue el movimiento de tierras que hicieron con maquinaria pesada, que lo habr\u00eda desenterrado. El caso a\u00fan se investiga.<\/p>\n","protected":false},"excerpt":{"rendered":"<p>El director de una unidad educativa de la urbe alte\u00f1a denunci\u00f3 a la Polic\u00eda Boliviana que se encontr\u00f3 un rev\u00f3lver cargado con dos municiones dentro de la mochila de un estudiante. Seg\u00fan informes preliminares, el adolescente habr\u00eda encontrado el arma enterrada en su casa. El comandante departamental de la Polic\u00eda de La Paz, Edgar Cortez, [&hellip;]<\/p>\n","protected":false},"author":1,"featured_media":207238,"comment_status":"open","ping_status":"open","sticky":false,"template":"","format":"standard","meta":{"_acf_changed":false,"footnotes":""},"categories":[12],"tags":[],"class_list":["post-207237","post","type-post","status-publish","format-standard","has-post-thumbnail","category-nacional"],"acf":{"antetitulo":"Sorpresa"},"yoast_head":"<!-- This site is optimized with the Yoast SEO plugin v28.4 - https:\/\/yoast.com\/product\/yoast-seo-wordpress\/ -->\n<title>Hallan arma de fuego en mochila de estudiante - El Diario - Bolivia<\/title>\n<meta name=\"robots\" content=\"index, follow, max-snippet:-1, max-image-preview:large, max-video-preview:-1\" \/>\n<link rel=\"canonical\" href=\"https:\/\/www.eldiario.net\/portal\/2024\/03\/09\/hallan-arma-de-fuego-en-mochila-de-estudiante\/\" \/>\n<meta property=\"og:locale\" content=\"es_ES\" \/>\n<meta property=\"og:type\" content=\"article\" \/>\n<meta property=\"og:title\" content=\"Hallan arma de fuego en mochila de estudiante - El Diario - Bolivia\" \/>\n<meta property=\"og:description\" content=\"El director de una unidad educativa de la urbe alte\u00f1a denunci\u00f3 a la Polic\u00eda Boliviana que se encontr\u00f3 un rev\u00f3lver cargado con dos municiones dentro de la mochila de un estudiante. Seg\u00fan informes preliminares, el adolescente habr\u00eda encontrado el arma enterrada en su casa. El comandante departamental de la Polic\u00eda de La Paz, Edgar Cortez, [&hellip;]\" \/>\n<meta property=\"og:url\" content=\"https:\/\/www.eldiario.net\/portal\/2024\/03\/09\/hallan-arma-de-fuego-en-mochila-de-estudiante\/\" \/>\n<meta property=\"og:site_name\" content=\"El Diario - Bolivia\" \/>\n<meta property=\"article:publisher\" content=\"https:\/\/www.facebook.com\/eldiario.bolivia\/\" \/>\n<meta property=\"article:published_time\" content=\"2024-03-09T10:35:40+00:00\" \/>\n<meta property=\"og:image\" content=\"https:\/\/www.eldiario.net\/portal\/wp-content\/uploads\/2024\/03\/F-3-arma.jpg\" \/>\n\t<meta property=\"og:image:width\" content=\"720\" \/>\n\t<meta property=\"og:image:height\" content=\"449\" \/>\n\t<meta property=\"og:image:type\" content=\"image\/jpeg\" \/>\n<meta name=\"author\" content=\"Jeanette\" \/>\n<meta name=\"twitter:card\" content=\"summary_large_image\" \/>\n<meta name=\"twitter:creator\" content=\"@eldiario_net\" \/>\n<meta name=\"twitter:site\" content=\"@eldiario_net\" \/>\n<meta name=\"twitter:label1\" content=\"Escrito por\" \/>\n\t<meta name=\"twitter:data1\" content=\"Jeanette\" \/>\n\t<meta name=\"twitter:label2\" content=\"Tiempo de lectura\" \/>\n\t<meta name=\"twitter:data2\" content=\"2 minutos\" \/>\n<script type=\"application\/ld+json\" class=\"yoast-schema-graph\">{\"@context\":\"https:\\\/\\\/schema.org\",\"@graph\":[{\"@type\":\"Article\",\"@id\":\"https:\\\/\\\/www.eldiario.net\\\/portal\\\/2024\\\/03\\\/09\\\/hallan-arma-de-fuego-en-mochila-de-estudiante\\\/#article\",\"isPartOf\":{\"@id\":\"https:\\\/\\\/www.eldiario.net\\\/portal\\\/2024\\\/03\\\/09\\\/hallan-arma-de-fuego-en-mochila-de-estudiante\\\/\"},\"author\":{\"name\":\"Jeanette\",\"@id\":\"https:\\\/\\\/www.eldiario.net\\\/portal\\\/#\\\/schema\\\/person\\\/2c57cf2b7a7ae032e449e4c9b1019eac\"},\"headline\":\"Hallan arma de fuego en mochila de estudiante\",\"datePublished\":\"2024-03-09T10:35:40+00:00\",\"mainEntityOfPage\":{\"@id\":\"https:\\\/\\\/www.eldiario.net\\\/portal\\\/2024\\\/03\\\/09\\\/hallan-arma-de-fuego-en-mochila-de-estudiante\\\/\"},\"wordCount\":351,\"commentCount\":0,\"publisher\":{\"@id\":\"https:\\\/\\\/www.eldiario.net\\\/portal\\\/#organization\"},\"image\":{\"@id\":\"https:\\\/\\\/www.eldiario.net\\\/portal\\\/2024\\\/03\\\/09\\\/hallan-arma-de-fuego-en-mochila-de-estudiante\\\/#primaryimage\"},\"thumbnailUrl\":\"https:\\\/\\\/www.eldiario.net\\\/portal\\\/wp-content\\\/uploads\\\/2024\\\/03\\\/F-3-arma.jpg\",\"articleSection\":[\"Nacional\"],\"inLanguage\":\"es\",\"potentialAction\":[{\"@type\":\"CommentAction\",\"name\":\"Comment\",\"target\":[\"https:\\\/\\\/www.eldiario.net\\\/portal\\\/2024\\\/03\\\/09\\\/hallan-arma-de-fuego-en-mochila-de-estudiante\\\/#respond\"]}]},{\"@type\":\"WebPage\",\"@id\":\"https:\\\/\\\/www.eldiario.net\\\/portal\\\/2024\\\/03\\\/09\\\/hallan-arma-de-fuego-en-mochila-de-estudiante\\\/\",\"url\":\"https:\\\/\\\/www.eldiario.net\\\/portal\\\/2024\\\/03\\\/09\\\/hallan-arma-de-fuego-en-mochila-de-estudiante\\\/\",\"name\":\"Hallan arma de fuego en mochila de estudiante - El Diario - Bolivia\",\"isPartOf\":{\"@id\":\"https:\\\/\\\/www.eldiario.net\\\/portal\\\/#website\"},\"primaryImageOfPage\":{\"@id\":\"https:\\\/\\\/www.eldiario.net\\\/portal\\\/2024\\\/03\\\/09\\\/hallan-arma-de-fuego-en-mochila-de-estudiante\\\/#primaryimage\"},\"image\":{\"@id\":\"https:\\\/\\\/www.eldiario.net\\\/portal\\\/2024\\\/03\\\/09\\\/hallan-arma-de-fuego-en-mochila-de-estudiante\\\/#primaryimage\"},\"thumbnailUrl\":\"https:\\\/\\\/www.eldiario.net\\\/portal\\\/wp-content\\\/uploads\\\/2024\\\/03\\\/F-3-arma.jpg\",\"datePublished\":\"2024-03-09T10:35:40+00:00\",\"breadcrumb\":{\"@id\":\"https:\\\/\\\/www.eldiario.net\\\/portal\\\/2024\\\/03\\\/09\\\/hallan-arma-de-fuego-en-mochila-de-estudiante\\\/#breadcrumb\"},\"inLanguage\":\"es\",\"potentialAction\":[{\"@type\":\"ReadAction\",\"target\":[\"https:\\\/\\\/www.eldiario.net\\\/portal\\\/2024\\\/03\\\/09\\\/hallan-arma-de-fuego-en-mochila-de-estudiante\\\/\"]}]},{\"@type\":\"ImageObject\",\"inLanguage\":\"es\",\"@id\":\"https:\\\/\\\/www.eldiario.net\\\/portal\\\/2024\\\/03\\\/09\\\/hallan-arma-de-fuego-en-mochila-de-estudiante\\\/#primaryimage\",\"url\":\"https:\\\/\\\/www.eldiario.net\\\/portal\\\/wp-content\\\/uploads\\\/2024\\\/03\\\/F-3-arma.jpg\",\"contentUrl\":\"https:\\\/\\\/www.eldiario.net\\\/portal\\\/wp-content\\\/uploads\\\/2024\\\/03\\\/F-3-arma.jpg\",\"width\":720,\"height\":449,\"caption\":\"El estudiante llev\u00f3 el arma de fuego a su unidad educativa.\"},{\"@type\":\"BreadcrumbList\",\"@id\":\"https:\\\/\\\/www.eldiario.net\\\/portal\\\/2024\\\/03\\\/09\\\/hallan-arma-de-fuego-en-mochila-de-estudiante\\\/#breadcrumb\",\"itemListElement\":[{\"@type\":\"ListItem\",\"position\":1,\"name\":\"Portada\",\"item\":\"https:\\\/\\\/www.eldiario.net\\\/portal\\\/\"},{\"@type\":\"ListItem\",\"position\":2,\"name\":\"Hallan arma de fuego en mochila de estudiante\"}]},{\"@type\":\"WebSite\",\"@id\":\"https:\\\/\\\/www.eldiario.net\\\/portal\\\/#website\",\"url\":\"https:\\\/\\\/www.eldiario.net\\\/portal\\\/\",\"name\":\"El Diario - Decano de la prensa nacional\",\"description\":\"El Diario - Decano de la prensa nacional\",\"publisher\":{\"@id\":\"https:\\\/\\\/www.eldiario.net\\\/portal\\\/#organization\"},\"potentialAction\":[{\"@type\":\"SearchAction\",\"target\":{\"@type\":\"EntryPoint\",\"urlTemplate\":\"https:\\\/\\\/www.eldiario.net\\\/portal\\\/?s={search_term_string}\"},\"query-input\":{\"@type\":\"PropertyValueSpecification\",\"valueRequired\":true,\"valueName\":\"search_term_string\"}}],\"inLanguage\":\"es\"},{\"@type\":\"Organization\",\"@id\":\"https:\\\/\\\/www.eldiario.net\\\/portal\\\/#organization\",\"name\":\"El Diario - Decano de la prensa nacional\",\"url\":\"https:\\\/\\\/www.eldiario.net\\\/portal\\\/\",\"logo\":{\"@type\":\"ImageObject\",\"inLanguage\":\"es\",\"@id\":\"https:\\\/\\\/www.eldiario.net\\\/portal\\\/#\\\/schema\\\/logo\\\/image\\\/\",\"url\":\"https:\\\/\\\/www.eldiario.net\\\/portal\\\/wp-content\\\/uploads\\\/2023\\\/07\\\/logo_ED.jpg\",\"contentUrl\":\"https:\\\/\\\/www.eldiario.net\\\/portal\\\/wp-content\\\/uploads\\\/2023\\\/07\\\/logo_ED.jpg\",\"width\":272,\"height\":52,\"caption\":\"El Diario - Decano de la prensa nacional\"},\"image\":{\"@id\":\"https:\\\/\\\/www.eldiario.net\\\/portal\\\/#\\\/schema\\\/logo\\\/image\\\/\"},\"sameAs\":[\"https:\\\/\\\/www.facebook.com\\\/eldiario.bolivia\\\/\",\"https:\\\/\\\/x.com\\\/eldiario_net\"]},{\"@type\":\"Person\",\"@id\":\"https:\\\/\\\/www.eldiario.net\\\/portal\\\/#\\\/schema\\\/person\\\/2c57cf2b7a7ae032e449e4c9b1019eac\",\"name\":\"Jeanette\",\"image\":{\"@type\":\"ImageObject\",\"inLanguage\":\"es\",\"@id\":\"https:\\\/\\\/secure.gravatar.com\\\/avatar\\\/3ea2118a5f7dad2b7138b1187a6b7ee55f160b9968b66013c3a3ef39dd7e5798?s=96&d=mm&r=g\",\"url\":\"https:\\\/\\\/secure.gravatar.com\\\/avatar\\\/3ea2118a5f7dad2b7138b1187a6b7ee55f160b9968b66013c3a3ef39dd7e5798?s=96&d=mm&r=g\",\"contentUrl\":\"https:\\\/\\\/secure.gravatar.com\\\/avatar\\\/3ea2118a5f7dad2b7138b1187a6b7ee55f160b9968b66013c3a3ef39dd7e5798?s=96&d=mm&r=g\",\"caption\":\"Jeanette\"},\"sameAs\":[\"https:\\\/\\\/www.eldiario.net\\\/portal\"],\"url\":\"https:\\\/\\\/www.eldiario.net\\\/portal\\\/author\\\/jeanette\\\/\"}]}<\/script>\n<!-- \/ Yoast SEO plugin. -->","yoast_head_json":{"title":"Hallan arma de fuego en mochila de estudiante - El Diario - Bolivia","robots":{"index":"index","follow":"follow","max-snippet":"max-snippet:-1","max-image-preview":"max-image-preview:large","max-video-preview":"max-video-preview:-1"},"canonical":"https:\/\/www.eldiario.net\/portal\/2024\/03\/09\/hallan-arma-de-fuego-en-mochila-de-estudiante\/","og_locale":"es_ES","og_type":"article","og_title":"Hallan arma de fuego en mochila de estudiante - El Diario - Bolivia","og_description":"El director de una unidad educativa de la urbe alte\u00f1a denunci\u00f3 a la Polic\u00eda Boliviana que se encontr\u00f3 un rev\u00f3lver cargado con dos municiones dentro de la mochila de un estudiante. Seg\u00fan informes preliminares, el adolescente habr\u00eda encontrado el arma enterrada en su casa. El comandante departamental de la Polic\u00eda de La Paz, Edgar Cortez, [&hellip;]","og_url":"https:\/\/www.eldiario.net\/portal\/2024\/03\/09\/hallan-arma-de-fuego-en-mochila-de-estudiante\/","og_site_name":"El Diario - Bolivia","article_publisher":"https:\/\/www.facebook.com\/eldiario.bolivia\/","article_published_time":"2024-03-09T10:35:40+00:00","og_image":[{"width":720,"height":449,"url":"https:\/\/www.eldiario.net\/portal\/wp-content\/uploads\/2024\/03\/F-3-arma.jpg","type":"image\/jpeg"}],"author":"Jeanette","twitter_card":"summary_large_image","twitter_creator":"@eldiario_net","twitter_site":"@eldiario_net","twitter_misc":{"Escrito por":"Jeanette","Tiempo de lectura":"2 minutos"},"schema":{"@context":"https:\/\/schema.org","@graph":[{"@type":"Article","@id":"https:\/\/www.eldiario.net\/portal\/2024\/03\/09\/hallan-arma-de-fuego-en-mochila-de-estudiante\/#article","isPartOf":{"@id":"https:\/\/www.eldiario.net\/portal\/2024\/03\/09\/hallan-arma-de-fuego-en-mochila-de-estudiante\/"},"author":{"name":"Jeanette","@id":"https:\/\/www.eldiario.net\/portal\/#\/schema\/person\/2c57cf2b7a7ae032e449e4c9b1019eac"},"headline":"Hallan arma de fuego en mochila de estudiante","datePublished":"2024-03-09T10:35:40+00:00","mainEntityOfPage":{"@id":"https:\/\/www.eldiario.net\/portal\/2024\/03\/09\/hallan-arma-de-fuego-en-mochila-de-estudiante\/"},"wordCount":351,"commentCount":0,"publisher":{"@id":"https:\/\/www.eldiario.net\/portal\/#organization"},"image":{"@id":"https:\/\/www.eldiario.net\/portal\/2024\/03\/09\/hallan-arma-de-fuego-en-mochila-de-estudiante\/#primaryimage"},"thumbnailUrl":"https:\/\/www.eldiario.net\/portal\/wp-content\/uploads\/2024\/03\/F-3-arma.jpg","articleSection":["Nacional"],"inLanguage":"es","potentialAction":[{"@type":"CommentAction","name":"Comment","target":["https:\/\/www.eldiario.net\/portal\/2024\/03\/09\/hallan-arma-de-fuego-en-mochila-de-estudiante\/#respond"]}]},{"@type":"WebPage","@id":"https:\/\/www.eldiario.net\/portal\/2024\/03\/09\/hallan-arma-de-fuego-en-mochila-de-estudiante\/","url":"https:\/\/www.eldiario.net\/portal\/2024\/03\/09\/hallan-arma-de-fuego-en-mochila-de-estudiante\/","name":"Hallan arma de fuego en mochila de estudiante - El Diario - Bolivia","isPartOf":{"@id":"https:\/\/www.eldiario.net\/portal\/#website"},"primaryImageOfPage":{"@id":"https:\/\/www.eldiario.net\/portal\/2024\/03\/09\/hallan-arma-de-fuego-en-mochila-de-estudiante\/#primaryimage"},"image":{"@id":"https:\/\/www.eldiario.net\/portal\/2024\/03\/09\/hallan-arma-de-fuego-en-mochila-de-estudiante\/#primaryimage"},"thumbnailUrl":"https:\/\/www.eldiario.net\/portal\/wp-content\/uploads\/2024\/03\/F-3-arma.jpg","datePublished":"2024-03-09T10:35:40+00:00","breadcrumb":{"@id":"https:\/\/www.eldiario.net\/portal\/2024\/03\/09\/hallan-arma-de-fuego-en-mochila-de-estudiante\/#breadcrumb"},"inLanguage":"es","potentialAction":[{"@type":"ReadAction","target":["https:\/\/www.eldiario.net\/portal\/2024\/03\/09\/hallan-arma-de-fuego-en-mochila-de-estudiante\/"]}]},{"@type":"ImageObject","inLanguage":"es","@id":"https:\/\/www.eldiario.net\/portal\/2024\/03\/09\/hallan-arma-de-fuego-en-mochila-de-estudiante\/#primaryimage","url":"https:\/\/www.eldiario.net\/portal\/wp-content\/uploads\/2024\/03\/F-3-arma.jpg","contentUrl":"https:\/\/www.eldiario.net\/portal\/wp-content\/uploads\/2024\/03\/F-3-arma.jpg","width":720,"height":449,"caption":"El estudiante llev\u00f3 el arma de fuego a su unidad educativa."},{"@type":"BreadcrumbList","@id":"https:\/\/www.eldiario.net\/portal\/2024\/03\/09\/hallan-arma-de-fuego-en-mochila-de-estudiante\/#breadcrumb","itemListElement":[{"@type":"ListItem","position":1,"name":"Portada","item":"https:\/\/www.eldiario.net\/portal\/"},{"@type":"ListItem","position":2,"name":"Hallan arma de fuego en mochila de estudiante"}]},{"@type":"WebSite","@id":"https:\/\/www.eldiario.net\/portal\/#website","url":"https:\/\/www.eldiario.net\/portal\/","name":"El Diario - Decano de la prensa nacional","description":"El Diario - Decano de la prensa nacional","publisher":{"@id":"https:\/\/www.eldiario.net\/portal\/#organization"},"potentialAction":[{"@type":"SearchAction","target":{"@type":"EntryPoint","urlTemplate":"https:\/\/www.eldiario.net\/portal\/?s={search_term_string}"},"query-input":{"@type":"PropertyValueSpecification","valueRequired":true,"valueName":"search_term_string"}}],"inLanguage":"es"},{"@type":"Organization","@id":"https:\/\/www.eldiario.net\/portal\/#organization","name":"El Diario - Decano de la prensa nacional","url":"https:\/\/www.eldiario.net\/portal\/","logo":{"@type":"ImageObject","inLanguage":"es","@id":"https:\/\/www.eldiario.net\/portal\/#\/schema\/logo\/image\/","url":"https:\/\/www.eldiario.net\/portal\/wp-content\/uploads\/2023\/07\/logo_ED.jpg","contentUrl":"https:\/\/www.eldiario.net\/portal\/wp-content\/uploads\/2023\/07\/logo_ED.jpg","width":272,"height":52,"caption":"El Diario - Decano de la prensa nacional"},"image":{"@id":"https:\/\/www.eldiario.net\/portal\/#\/schema\/logo\/image\/"},"sameAs":["https:\/\/www.facebook.com\/eldiario.bolivia\/","https:\/\/x.com\/eldiario_net"]},{"@type":"Person","@id":"https:\/\/www.eldiario.net\/portal\/#\/schema\/person\/2c57cf2b7a7ae032e449e4c9b1019eac","name":"Jeanette","image":{"@type":"ImageObject","inLanguage":"es","@id":"https:\/\/secure.gravatar.com\/avatar\/3ea2118a5f7dad2b7138b1187a6b7ee55f160b9968b66013c3a3ef39dd7e5798?s=96&d=mm&r=g","url":"https:\/\/secure.gravatar.com\/avatar\/3ea2118a5f7dad2b7138b1187a6b7ee55f160b9968b66013c3a3ef39dd7e5798?s=96&d=mm&r=g","contentUrl":"https:\/\/secure.gravatar.com\/avatar\/3ea2118a5f7dad2b7138b1187a6b7ee55f160b9968b66013c3a3ef39dd7e5798?s=96&d=mm&r=g","caption":"Jeanette"},"sameAs":["https:\/\/www.eldiario.net\/portal"],"url":"https:\/\/www.eldiario.net\/portal\/author\/jeanette\/"}]}},"_links":{"self":[{"href":"https:\/\/www.eldiario.net\/portal\/wp-json\/wp\/v2\/posts\/207237","targetHints":{"allow":["GET"]}}],"collection":[{"href":"https:\/\/www.eldiario.net\/portal\/wp-json\/wp\/v2\/posts"}],"about":[{"href":"https:\/\/www.eldiario.net\/portal\/wp-json\/wp\/v2\/types\/post"}],"author":[{"embeddable":true,"href":"https:\/\/www.eldiario.net\/portal\/wp-json\/wp\/v2\/users\/1"}],"replies":[{"embeddable":true,"href":"https:\/\/www.eldiario.net\/portal\/wp-json\/wp\/v2\/comments?post=207237"}],"version-history":[{"count":1,"href":"https:\/\/www.eldiario.net\/portal\/wp-json\/wp\/v2\/posts\/207237\/revisions"}],"predecessor-version":[{"id":207239,"href":"https:\/\/www.eldiario.net\/portal\/wp-json\/wp\/v2\/posts\/207237\/revisions\/207239"}],"wp:featuredmedia":[{"embeddable":true,"href":"https:\/\/www.eldiario.net\/portal\/wp-json\/wp\/v2\/media\/207238"}],"wp:attachment":[{"href":"https:\/\/www.eldiario.net\/portal\/wp-json\/wp\/v2\/media?parent=207237"}],"wp:term":[{"taxonomy":"category","embeddable":true,"href":"https:\/\/www.eldiario.net\/portal\/wp-json\/wp\/v2\/categories?post=207237"},{"taxonomy":"post_tag","embeddable":true,"href":"https:\/\/www.eldiario.net\/portal\/wp-json\/wp\/v2\/tags?post=207237"}],"curies":[{"name":"wp","href":"https:\/\/api.w.org\/{rel}","templated":true}]}}