{"id":207077,"date":"2024-03-08T07:04:58","date_gmt":"2024-03-08T11:04:58","guid":{"rendered":"https:\/\/www.eldiario.net\/portal\/?p=207077"},"modified":"2024-03-08T07:04:58","modified_gmt":"2024-03-08T11:04:58","slug":"franco-y-don-juan-carlos-en-el-tiempo-2","status":"publish","type":"post","link":"https:\/\/www.eldiario.net\/portal\/2024\/03\/08\/franco-y-don-juan-carlos-en-el-tiempo-2\/","title":{"rendered":"Franco y don Juan Carlos, en el tiempo"},"content":{"rendered":"<p>Parte I<\/p>\n<p>Cuando ya se ha transitado bastante por la vida, y los problemas pol\u00edticos dom\u00e9sticos producen dolor de cabeza y verg\u00fcenza, recordar algunas cosas que se van borrando con el tiempo, es muy saludable. En mi actividad diplom\u00e1tica conoc\u00ed a muchos personajes importantes, que, desde Garc\u00eda M\u00e1rquez a Mandela, ser\u00eda imposible enumerar. Pero esta ma\u00f1ana he recordado a dos figuras que no se asemejan en nada, pero que me impresionaron: Francisco Franco y don Juan Carlos de Borb\u00f3n.<br \/>\nLos j\u00f3venes deben tener una idea muy vaga de Franco y otra muy medi\u00e1tica, de don Juan Carlos. De Franco saben que fue un soldado heroico en \u00c1frica, que lider\u00f3 la \u201ccruzada\u201d nacional contra la Rep\u00fablica desatando la Guerra Civil espa\u00f1ola, y que ejerci\u00f3 el poder absoluto con una implacable dictadura, desde 1939 hasta su fallecimiento en 1975, aunque se le reconoce que inici\u00f3 el despegue econ\u00f3mico de Espa\u00f1a con la gran industria del turismo. De don Juan Carlos, que fue un monarca constitucional, decisivo para salvar la todav\u00eda fr\u00e1gil democracia espa\u00f1ola de comienzos de los 80, pero que cay\u00f3 en desgracia por participar de una expedici\u00f3n de cazadores de elefantes cuando apareci\u00f3 fotografiado junto a los colmillos de uno de los paquidermos derribados. Poco m\u00e1s se sabe de ambos, salvo de quienes leen los peri\u00f3dicos, ven la televisi\u00f3n o estudian la historia.<br \/>\nA Franco, el General\u00edsimo, lo conoc\u00ed cuando era un novel segundo secretario de la embajada de Bolivia en Madrid. La primera vez fue cuando present\u00f3 credenciales el embajador y empresario cruce\u00f1o, Osvaldo Monasterio, en 1969. Recuerdo que debimos alquilar frac todos los miembros que acompa\u00f1amos a la ceremonia al jefe de misi\u00f3n. Partimos del Ministerio de Asuntos Exteriores en dos carrozas, seguramente del Siglo XIX o anteriores, con hermosos caballos blancos bellamente enjaezados y con mozos de peluca, librea, y zapatos con hebillas. Pero, lo impresionante, era el ruido que produc\u00edan, atravesando la Plaza Mayor, los cascos de los caballos de la Guardia Mora del Caudillo, de temibles jinetes marroqu\u00edes con capas, cascos y lanzas.<br \/>\nAtravesar la sala del trono en el Palacio de Oriente, fue otro momento emocionante. Y luego, una breve espera, en la sala adjunta al despacho del dictador, con retratos de antiguos monarcas. Cuando ingresamos a su gabinete, vi al Caudillo con el uniforme blanco de la Marina y a su lado al canciller L\u00f3pez Bravo. El embajador Monasterio nos fue presentando uno por uno a los funcionarios. Yo era el \u00faltimo. Me impresion\u00f3 que un hombre bajo, anciano, tuviera una mirada tan directa, de halc\u00f3n, pero, adem\u00e1s, que pudiera estrechar la mano con tanto vigor.<br \/>\nAlgo similar sucedi\u00f3 cuando, meses despu\u00e9s, present\u00f3 sus cartas el general Alfredo Ovando, quien reemplaz\u00f3 a Monasterio imprevistamente. Franco vest\u00eda el uniforme azul oscuro del Ej\u00e9rcito. Su actitud fue la misma; solo emanaba autoridad. No lo vi sonre\u00edr. Guardo las fotograf\u00edas de aquellos d\u00edas. El protocolo era perfecto, ajustado a los horarios, todo bajo la mirada de su director, el duque de Amalfi, con tantos t\u00edtulos nobiliarios como el que m\u00e1s. Al concluir la ceremonia, en el gran patio de ingreso al palacio a la vista de la catedral de la Almudena, se interpretaron bellamente los himnos de ambos pa\u00edses.<br \/>\nMuchos a\u00f1os despu\u00e9s, ya como el embajador latinoamericano m\u00e1s joven en Espa\u00f1a, me correspondi\u00f3 presentar credenciales al rey don Juan Carlos, en 1981, y, un poco mayor, en el 2001. Primero, representando al gobierno de las Fuerzas Armadas que, mediante un duro golpe, hab\u00eda evitado el acceso al mando del Dr. Siles Suazo; y luego invitado por Jorge Quiroga, tras la renuncia del general Banzer por su c\u00e1ncer terminal. Yo no figuraba en los planes de Quiroga, pero, adem\u00e1s, le hab\u00eda expresado mi deseo de no continuar en el gabinete.<br \/>\nCon el Rey las ceremonias de 1981 fueron exactamente similares a las de \u00e9pocas del franquismo. Nada hab\u00eda cambiado en el protocolo.<\/p>\n","protected":false},"excerpt":{"rendered":"<p>Parte I Cuando ya se ha transitado bastante por la vida, y los problemas pol\u00edticos dom\u00e9sticos producen dolor de cabeza y verg\u00fcenza, recordar algunas cosas que se van borrando con el tiempo, es muy saludable. En mi actividad diplom\u00e1tica conoc\u00ed a muchos personajes importantes, que, desde Garc\u00eda M\u00e1rquez a Mandela, ser\u00eda imposible enumerar. Pero esta [&hellip;]<\/p>\n","protected":false},"author":1,"featured_media":157472,"comment_status":"open","ping_status":"open","sticky":false,"template":"","format":"standard","meta":{"_acf_changed":false,"footnotes":""},"categories":[9],"tags":[],"class_list":["post-207077","post","type-post","status-publish","format-standard","has-post-thumbnail","category-opinion"],"acf":{"antetitulo":""},"yoast_head":"<!-- This site is optimized with the Yoast SEO plugin v28.4 - https:\/\/yoast.com\/product\/yoast-seo-wordpress\/ -->\n<title>Franco y don Juan Carlos, en el tiempo - El Diario - Bolivia<\/title>\n<meta name=\"robots\" content=\"index, follow, max-snippet:-1, max-image-preview:large, max-video-preview:-1\" \/>\n<link rel=\"canonical\" href=\"https:\/\/www.eldiario.net\/portal\/2024\/03\/08\/franco-y-don-juan-carlos-en-el-tiempo-2\/\" \/>\n<meta property=\"og:locale\" content=\"es_ES\" \/>\n<meta property=\"og:type\" content=\"article\" \/>\n<meta property=\"og:title\" content=\"Franco y don Juan Carlos, en el tiempo - El Diario - Bolivia\" \/>\n<meta property=\"og:description\" content=\"Parte I Cuando ya se ha transitado bastante por la vida, y los problemas pol\u00edticos dom\u00e9sticos producen dolor de cabeza y verg\u00fcenza, recordar algunas cosas que se van borrando con el tiempo, es muy saludable. En mi actividad diplom\u00e1tica conoc\u00ed a muchos personajes importantes, que, desde Garc\u00eda M\u00e1rquez a Mandela, ser\u00eda imposible enumerar. Pero esta [&hellip;]\" \/>\n<meta property=\"og:url\" content=\"https:\/\/www.eldiario.net\/portal\/2024\/03\/08\/franco-y-don-juan-carlos-en-el-tiempo-2\/\" \/>\n<meta property=\"og:site_name\" content=\"El Diario - Bolivia\" \/>\n<meta property=\"article:publisher\" content=\"https:\/\/www.facebook.com\/eldiario.bolivia\/\" \/>\n<meta property=\"article:published_time\" content=\"2024-03-08T11:04:58+00:00\" \/>\n<meta property=\"og:image\" content=\"https:\/\/www.eldiario.net\/portal\/wp-content\/uploads\/2023\/06\/Manfredo-Kempff-Suarez.jpg\" \/>\n\t<meta property=\"og:image:width\" content=\"1200\" \/>\n\t<meta property=\"og:image:height\" content=\"628\" \/>\n\t<meta property=\"og:image:type\" content=\"image\/jpeg\" \/>\n<meta name=\"author\" content=\"Jeanette\" \/>\n<meta name=\"twitter:card\" content=\"summary_large_image\" \/>\n<meta name=\"twitter:creator\" content=\"@eldiario_net\" \/>\n<meta name=\"twitter:site\" content=\"@eldiario_net\" \/>\n<meta name=\"twitter:label1\" content=\"Escrito por\" \/>\n\t<meta name=\"twitter:data1\" content=\"Jeanette\" \/>\n\t<meta name=\"twitter:label2\" content=\"Tiempo de lectura\" \/>\n\t<meta name=\"twitter:data2\" content=\"1 minuto\" \/>\n<script type=\"application\/ld+json\" class=\"yoast-schema-graph\">{\"@context\":\"https:\\\/\\\/schema.org\",\"@graph\":[{\"@type\":\"Article\",\"@id\":\"https:\\\/\\\/www.eldiario.net\\\/portal\\\/2024\\\/03\\\/08\\\/franco-y-don-juan-carlos-en-el-tiempo-2\\\/#article\",\"isPartOf\":{\"@id\":\"https:\\\/\\\/www.eldiario.net\\\/portal\\\/2024\\\/03\\\/08\\\/franco-y-don-juan-carlos-en-el-tiempo-2\\\/\"},\"author\":{\"name\":\"Jeanette\",\"@id\":\"https:\\\/\\\/www.eldiario.net\\\/portal\\\/#\\\/schema\\\/person\\\/2c57cf2b7a7ae032e449e4c9b1019eac\"},\"headline\":\"Franco y don Juan Carlos, en el tiempo\",\"datePublished\":\"2024-03-08T11:04:58+00:00\",\"mainEntityOfPage\":{\"@id\":\"https:\\\/\\\/www.eldiario.net\\\/portal\\\/2024\\\/03\\\/08\\\/franco-y-don-juan-carlos-en-el-tiempo-2\\\/\"},\"wordCount\":694,\"commentCount\":0,\"publisher\":{\"@id\":\"https:\\\/\\\/www.eldiario.net\\\/portal\\\/#organization\"},\"image\":{\"@id\":\"https:\\\/\\\/www.eldiario.net\\\/portal\\\/2024\\\/03\\\/08\\\/franco-y-don-juan-carlos-en-el-tiempo-2\\\/#primaryimage\"},\"thumbnailUrl\":\"https:\\\/\\\/www.eldiario.net\\\/portal\\\/wp-content\\\/uploads\\\/2023\\\/06\\\/Manfredo-Kempff-Suarez.jpg\",\"articleSection\":[\"Opini\u00f3n\"],\"inLanguage\":\"es\",\"potentialAction\":[{\"@type\":\"CommentAction\",\"name\":\"Comment\",\"target\":[\"https:\\\/\\\/www.eldiario.net\\\/portal\\\/2024\\\/03\\\/08\\\/franco-y-don-juan-carlos-en-el-tiempo-2\\\/#respond\"]}]},{\"@type\":\"WebPage\",\"@id\":\"https:\\\/\\\/www.eldiario.net\\\/portal\\\/2024\\\/03\\\/08\\\/franco-y-don-juan-carlos-en-el-tiempo-2\\\/\",\"url\":\"https:\\\/\\\/www.eldiario.net\\\/portal\\\/2024\\\/03\\\/08\\\/franco-y-don-juan-carlos-en-el-tiempo-2\\\/\",\"name\":\"Franco y don Juan Carlos, en el tiempo - El Diario - Bolivia\",\"isPartOf\":{\"@id\":\"https:\\\/\\\/www.eldiario.net\\\/portal\\\/#website\"},\"primaryImageOfPage\":{\"@id\":\"https:\\\/\\\/www.eldiario.net\\\/portal\\\/2024\\\/03\\\/08\\\/franco-y-don-juan-carlos-en-el-tiempo-2\\\/#primaryimage\"},\"image\":{\"@id\":\"https:\\\/\\\/www.eldiario.net\\\/portal\\\/2024\\\/03\\\/08\\\/franco-y-don-juan-carlos-en-el-tiempo-2\\\/#primaryimage\"},\"thumbnailUrl\":\"https:\\\/\\\/www.eldiario.net\\\/portal\\\/wp-content\\\/uploads\\\/2023\\\/06\\\/Manfredo-Kempff-Suarez.jpg\",\"datePublished\":\"2024-03-08T11:04:58+00:00\",\"breadcrumb\":{\"@id\":\"https:\\\/\\\/www.eldiario.net\\\/portal\\\/2024\\\/03\\\/08\\\/franco-y-don-juan-carlos-en-el-tiempo-2\\\/#breadcrumb\"},\"inLanguage\":\"es\",\"potentialAction\":[{\"@type\":\"ReadAction\",\"target\":[\"https:\\\/\\\/www.eldiario.net\\\/portal\\\/2024\\\/03\\\/08\\\/franco-y-don-juan-carlos-en-el-tiempo-2\\\/\"]}]},{\"@type\":\"ImageObject\",\"inLanguage\":\"es\",\"@id\":\"https:\\\/\\\/www.eldiario.net\\\/portal\\\/2024\\\/03\\\/08\\\/franco-y-don-juan-carlos-en-el-tiempo-2\\\/#primaryimage\",\"url\":\"https:\\\/\\\/www.eldiario.net\\\/portal\\\/wp-content\\\/uploads\\\/2023\\\/06\\\/Manfredo-Kempff-Suarez.jpg\",\"contentUrl\":\"https:\\\/\\\/www.eldiario.net\\\/portal\\\/wp-content\\\/uploads\\\/2023\\\/06\\\/Manfredo-Kempff-Suarez.jpg\",\"width\":1200,\"height\":628},{\"@type\":\"BreadcrumbList\",\"@id\":\"https:\\\/\\\/www.eldiario.net\\\/portal\\\/2024\\\/03\\\/08\\\/franco-y-don-juan-carlos-en-el-tiempo-2\\\/#breadcrumb\",\"itemListElement\":[{\"@type\":\"ListItem\",\"position\":1,\"name\":\"Portada\",\"item\":\"https:\\\/\\\/www.eldiario.net\\\/portal\\\/\"},{\"@type\":\"ListItem\",\"position\":2,\"name\":\"Franco y don Juan Carlos, en el tiempo\"}]},{\"@type\":\"WebSite\",\"@id\":\"https:\\\/\\\/www.eldiario.net\\\/portal\\\/#website\",\"url\":\"https:\\\/\\\/www.eldiario.net\\\/portal\\\/\",\"name\":\"El Diario - Decano de la prensa nacional\",\"description\":\"El Diario - Decano de la prensa nacional\",\"publisher\":{\"@id\":\"https:\\\/\\\/www.eldiario.net\\\/portal\\\/#organization\"},\"potentialAction\":[{\"@type\":\"SearchAction\",\"target\":{\"@type\":\"EntryPoint\",\"urlTemplate\":\"https:\\\/\\\/www.eldiario.net\\\/portal\\\/?s={search_term_string}\"},\"query-input\":{\"@type\":\"PropertyValueSpecification\",\"valueRequired\":true,\"valueName\":\"search_term_string\"}}],\"inLanguage\":\"es\"},{\"@type\":\"Organization\",\"@id\":\"https:\\\/\\\/www.eldiario.net\\\/portal\\\/#organization\",\"name\":\"El Diario - Decano de la prensa nacional\",\"url\":\"https:\\\/\\\/www.eldiario.net\\\/portal\\\/\",\"logo\":{\"@type\":\"ImageObject\",\"inLanguage\":\"es\",\"@id\":\"https:\\\/\\\/www.eldiario.net\\\/portal\\\/#\\\/schema\\\/logo\\\/image\\\/\",\"url\":\"https:\\\/\\\/www.eldiario.net\\\/portal\\\/wp-content\\\/uploads\\\/2023\\\/07\\\/logo_ED.jpg\",\"contentUrl\":\"https:\\\/\\\/www.eldiario.net\\\/portal\\\/wp-content\\\/uploads\\\/2023\\\/07\\\/logo_ED.jpg\",\"width\":272,\"height\":52,\"caption\":\"El Diario - Decano de la prensa nacional\"},\"image\":{\"@id\":\"https:\\\/\\\/www.eldiario.net\\\/portal\\\/#\\\/schema\\\/logo\\\/image\\\/\"},\"sameAs\":[\"https:\\\/\\\/www.facebook.com\\\/eldiario.bolivia\\\/\",\"https:\\\/\\\/x.com\\\/eldiario_net\"]},{\"@type\":\"Person\",\"@id\":\"https:\\\/\\\/www.eldiario.net\\\/portal\\\/#\\\/schema\\\/person\\\/2c57cf2b7a7ae032e449e4c9b1019eac\",\"name\":\"Jeanette\",\"image\":{\"@type\":\"ImageObject\",\"inLanguage\":\"es\",\"@id\":\"https:\\\/\\\/secure.gravatar.com\\\/avatar\\\/3ea2118a5f7dad2b7138b1187a6b7ee55f160b9968b66013c3a3ef39dd7e5798?s=96&d=mm&r=g\",\"url\":\"https:\\\/\\\/secure.gravatar.com\\\/avatar\\\/3ea2118a5f7dad2b7138b1187a6b7ee55f160b9968b66013c3a3ef39dd7e5798?s=96&d=mm&r=g\",\"contentUrl\":\"https:\\\/\\\/secure.gravatar.com\\\/avatar\\\/3ea2118a5f7dad2b7138b1187a6b7ee55f160b9968b66013c3a3ef39dd7e5798?s=96&d=mm&r=g\",\"caption\":\"Jeanette\"},\"sameAs\":[\"https:\\\/\\\/www.eldiario.net\\\/portal\"],\"url\":\"https:\\\/\\\/www.eldiario.net\\\/portal\\\/author\\\/jeanette\\\/\"}]}<\/script>\n<!-- \/ Yoast SEO plugin. -->","yoast_head_json":{"title":"Franco y don Juan Carlos, en el tiempo - El Diario - Bolivia","robots":{"index":"index","follow":"follow","max-snippet":"max-snippet:-1","max-image-preview":"max-image-preview:large","max-video-preview":"max-video-preview:-1"},"canonical":"https:\/\/www.eldiario.net\/portal\/2024\/03\/08\/franco-y-don-juan-carlos-en-el-tiempo-2\/","og_locale":"es_ES","og_type":"article","og_title":"Franco y don Juan Carlos, en el tiempo - El Diario - Bolivia","og_description":"Parte I Cuando ya se ha transitado bastante por la vida, y los problemas pol\u00edticos dom\u00e9sticos producen dolor de cabeza y verg\u00fcenza, recordar algunas cosas que se van borrando con el tiempo, es muy saludable. En mi actividad diplom\u00e1tica conoc\u00ed a muchos personajes importantes, que, desde Garc\u00eda M\u00e1rquez a Mandela, ser\u00eda imposible enumerar. Pero esta [&hellip;]","og_url":"https:\/\/www.eldiario.net\/portal\/2024\/03\/08\/franco-y-don-juan-carlos-en-el-tiempo-2\/","og_site_name":"El Diario - Bolivia","article_publisher":"https:\/\/www.facebook.com\/eldiario.bolivia\/","article_published_time":"2024-03-08T11:04:58+00:00","og_image":[{"width":1200,"height":628,"url":"https:\/\/www.eldiario.net\/portal\/wp-content\/uploads\/2023\/06\/Manfredo-Kempff-Suarez.jpg","type":"image\/jpeg"}],"author":"Jeanette","twitter_card":"summary_large_image","twitter_creator":"@eldiario_net","twitter_site":"@eldiario_net","twitter_misc":{"Escrito por":"Jeanette","Tiempo de lectura":"1 minuto"},"schema":{"@context":"https:\/\/schema.org","@graph":[{"@type":"Article","@id":"https:\/\/www.eldiario.net\/portal\/2024\/03\/08\/franco-y-don-juan-carlos-en-el-tiempo-2\/#article","isPartOf":{"@id":"https:\/\/www.eldiario.net\/portal\/2024\/03\/08\/franco-y-don-juan-carlos-en-el-tiempo-2\/"},"author":{"name":"Jeanette","@id":"https:\/\/www.eldiario.net\/portal\/#\/schema\/person\/2c57cf2b7a7ae032e449e4c9b1019eac"},"headline":"Franco y don Juan Carlos, en el tiempo","datePublished":"2024-03-08T11:04:58+00:00","mainEntityOfPage":{"@id":"https:\/\/www.eldiario.net\/portal\/2024\/03\/08\/franco-y-don-juan-carlos-en-el-tiempo-2\/"},"wordCount":694,"commentCount":0,"publisher":{"@id":"https:\/\/www.eldiario.net\/portal\/#organization"},"image":{"@id":"https:\/\/www.eldiario.net\/portal\/2024\/03\/08\/franco-y-don-juan-carlos-en-el-tiempo-2\/#primaryimage"},"thumbnailUrl":"https:\/\/www.eldiario.net\/portal\/wp-content\/uploads\/2023\/06\/Manfredo-Kempff-Suarez.jpg","articleSection":["Opini\u00f3n"],"inLanguage":"es","potentialAction":[{"@type":"CommentAction","name":"Comment","target":["https:\/\/www.eldiario.net\/portal\/2024\/03\/08\/franco-y-don-juan-carlos-en-el-tiempo-2\/#respond"]}]},{"@type":"WebPage","@id":"https:\/\/www.eldiario.net\/portal\/2024\/03\/08\/franco-y-don-juan-carlos-en-el-tiempo-2\/","url":"https:\/\/www.eldiario.net\/portal\/2024\/03\/08\/franco-y-don-juan-carlos-en-el-tiempo-2\/","name":"Franco y don Juan Carlos, en el tiempo - El Diario - Bolivia","isPartOf":{"@id":"https:\/\/www.eldiario.net\/portal\/#website"},"primaryImageOfPage":{"@id":"https:\/\/www.eldiario.net\/portal\/2024\/03\/08\/franco-y-don-juan-carlos-en-el-tiempo-2\/#primaryimage"},"image":{"@id":"https:\/\/www.eldiario.net\/portal\/2024\/03\/08\/franco-y-don-juan-carlos-en-el-tiempo-2\/#primaryimage"},"thumbnailUrl":"https:\/\/www.eldiario.net\/portal\/wp-content\/uploads\/2023\/06\/Manfredo-Kempff-Suarez.jpg","datePublished":"2024-03-08T11:04:58+00:00","breadcrumb":{"@id":"https:\/\/www.eldiario.net\/portal\/2024\/03\/08\/franco-y-don-juan-carlos-en-el-tiempo-2\/#breadcrumb"},"inLanguage":"es","potentialAction":[{"@type":"ReadAction","target":["https:\/\/www.eldiario.net\/portal\/2024\/03\/08\/franco-y-don-juan-carlos-en-el-tiempo-2\/"]}]},{"@type":"ImageObject","inLanguage":"es","@id":"https:\/\/www.eldiario.net\/portal\/2024\/03\/08\/franco-y-don-juan-carlos-en-el-tiempo-2\/#primaryimage","url":"https:\/\/www.eldiario.net\/portal\/wp-content\/uploads\/2023\/06\/Manfredo-Kempff-Suarez.jpg","contentUrl":"https:\/\/www.eldiario.net\/portal\/wp-content\/uploads\/2023\/06\/Manfredo-Kempff-Suarez.jpg","width":1200,"height":628},{"@type":"BreadcrumbList","@id":"https:\/\/www.eldiario.net\/portal\/2024\/03\/08\/franco-y-don-juan-carlos-en-el-tiempo-2\/#breadcrumb","itemListElement":[{"@type":"ListItem","position":1,"name":"Portada","item":"https:\/\/www.eldiario.net\/portal\/"},{"@type":"ListItem","position":2,"name":"Franco y don Juan Carlos, en el tiempo"}]},{"@type":"WebSite","@id":"https:\/\/www.eldiario.net\/portal\/#website","url":"https:\/\/www.eldiario.net\/portal\/","name":"El Diario - Decano de la prensa nacional","description":"El Diario - Decano de la prensa nacional","publisher":{"@id":"https:\/\/www.eldiario.net\/portal\/#organization"},"potentialAction":[{"@type":"SearchAction","target":{"@type":"EntryPoint","urlTemplate":"https:\/\/www.eldiario.net\/portal\/?s={search_term_string}"},"query-input":{"@type":"PropertyValueSpecification","valueRequired":true,"valueName":"search_term_string"}}],"inLanguage":"es"},{"@type":"Organization","@id":"https:\/\/www.eldiario.net\/portal\/#organization","name":"El Diario - Decano de la prensa nacional","url":"https:\/\/www.eldiario.net\/portal\/","logo":{"@type":"ImageObject","inLanguage":"es","@id":"https:\/\/www.eldiario.net\/portal\/#\/schema\/logo\/image\/","url":"https:\/\/www.eldiario.net\/portal\/wp-content\/uploads\/2023\/07\/logo_ED.jpg","contentUrl":"https:\/\/www.eldiario.net\/portal\/wp-content\/uploads\/2023\/07\/logo_ED.jpg","width":272,"height":52,"caption":"El Diario - Decano de la prensa nacional"},"image":{"@id":"https:\/\/www.eldiario.net\/portal\/#\/schema\/logo\/image\/"},"sameAs":["https:\/\/www.facebook.com\/eldiario.bolivia\/","https:\/\/x.com\/eldiario_net"]},{"@type":"Person","@id":"https:\/\/www.eldiario.net\/portal\/#\/schema\/person\/2c57cf2b7a7ae032e449e4c9b1019eac","name":"Jeanette","image":{"@type":"ImageObject","inLanguage":"es","@id":"https:\/\/secure.gravatar.com\/avatar\/3ea2118a5f7dad2b7138b1187a6b7ee55f160b9968b66013c3a3ef39dd7e5798?s=96&d=mm&r=g","url":"https:\/\/secure.gravatar.com\/avatar\/3ea2118a5f7dad2b7138b1187a6b7ee55f160b9968b66013c3a3ef39dd7e5798?s=96&d=mm&r=g","contentUrl":"https:\/\/secure.gravatar.com\/avatar\/3ea2118a5f7dad2b7138b1187a6b7ee55f160b9968b66013c3a3ef39dd7e5798?s=96&d=mm&r=g","caption":"Jeanette"},"sameAs":["https:\/\/www.eldiario.net\/portal"],"url":"https:\/\/www.eldiario.net\/portal\/author\/jeanette\/"}]}},"_links":{"self":[{"href":"https:\/\/www.eldiario.net\/portal\/wp-json\/wp\/v2\/posts\/207077","targetHints":{"allow":["GET"]}}],"collection":[{"href":"https:\/\/www.eldiario.net\/portal\/wp-json\/wp\/v2\/posts"}],"about":[{"href":"https:\/\/www.eldiario.net\/portal\/wp-json\/wp\/v2\/types\/post"}],"author":[{"embeddable":true,"href":"https:\/\/www.eldiario.net\/portal\/wp-json\/wp\/v2\/users\/1"}],"replies":[{"embeddable":true,"href":"https:\/\/www.eldiario.net\/portal\/wp-json\/wp\/v2\/comments?post=207077"}],"version-history":[{"count":1,"href":"https:\/\/www.eldiario.net\/portal\/wp-json\/wp\/v2\/posts\/207077\/revisions"}],"predecessor-version":[{"id":207078,"href":"https:\/\/www.eldiario.net\/portal\/wp-json\/wp\/v2\/posts\/207077\/revisions\/207078"}],"wp:featuredmedia":[{"embeddable":true,"href":"https:\/\/www.eldiario.net\/portal\/wp-json\/wp\/v2\/media\/157472"}],"wp:attachment":[{"href":"https:\/\/www.eldiario.net\/portal\/wp-json\/wp\/v2\/media?parent=207077"}],"wp:term":[{"taxonomy":"category","embeddable":true,"href":"https:\/\/www.eldiario.net\/portal\/wp-json\/wp\/v2\/categories?post=207077"},{"taxonomy":"post_tag","embeddable":true,"href":"https:\/\/www.eldiario.net\/portal\/wp-json\/wp\/v2\/tags?post=207077"}],"curies":[{"name":"wp","href":"https:\/\/api.w.org\/{rel}","templated":true}]}}