{"id":207075,"date":"2024-03-08T07:04:30","date_gmt":"2024-03-08T11:04:30","guid":{"rendered":"https:\/\/www.eldiario.net\/portal\/?p=207075"},"modified":"2024-03-08T07:04:30","modified_gmt":"2024-03-08T11:04:30","slug":"zapata-que-mala-pata","status":"publish","type":"post","link":"https:\/\/www.eldiario.net\/portal\/2024\/03\/08\/zapata-que-mala-pata\/","title":{"rendered":"Zapata: \u00a1qu\u00e9 mala pata!"},"content":{"rendered":"<p>Como seguramente muchos recuerdan, su nombre completo es Gabriela Geraldine Zapata Monta\u00f1o. El 18 del pr\u00f3ximo mes de abril cumplir\u00e1 38 a\u00f1os y ten\u00eda 21 cuando tuvo un hijo con Evo Morales.<br \/>\nEste hecho, convertido en esc\u00e1ndalo nacional a principios de 2016, fue revelado por Carlos Valverde Bravo en un programa en el que exhibi\u00f3 una copia de la partida de nacimiento del ni\u00f1o. Esa fue la pista para iniciar mi propia investigaci\u00f3n en el Servicio del Registro C\u00edvico (Serec\u00ed). Lo que encontr\u00e9 en la base de datos nacional fue una partida, la n\u00famero 51, que estaba en el libro 42 de la Oficial\u00eda Colectiva del Registro C\u00edvico n\u00famero 15 de Cochabamba y certificaba la existencia de un ni\u00f1o var\u00f3n y quienes aparec\u00edan como padres eran Juan Evo Morales Ayma y Gabriela Geraldine Zapata Monta\u00f1o.<br \/>\nSeg\u00fan lo que se puede leer en esa partida, el ni\u00f1o naci\u00f3 en La Paz, provincia Murillo del Departamento del mismo nombre, a las 11:30 del 30 de abril de 2007. Ignoro las razones por las que fue inscrito en Cochabamba, pero s\u00ed s\u00e9 que la oficial que lo registr\u00f3 fue Ivette Gonz\u00e1lez Eg\u00fcez sobre la base de un certificado m\u00e9dico de nacido vivo expedido por la m\u00e9dica Ver\u00f3nica Bustillos Riveros. Se dice que este \u00faltimo certificado fue falso, pero, al margen, se consigna a dos testigos del nacimiento, Jos\u00e9 Silvio Garc\u00eda Soria, con c\u00e9dula de identidad 3007136, y Javier Escalera Calizaya, con documento 4465168. Como no pude conseguir una impresi\u00f3n, le tom\u00e9 fotograf\u00edas a la partida, en pantalla, que forman parte de mi archivo.<br \/>\nLo que pas\u00f3 despu\u00e9s ya ha pasado a formar parte de la historia de Bolivia: el entonces gobierno de Evo Morales neg\u00f3 primero la versi\u00f3n y, despu\u00e9s, el propio presidente apareci\u00f3, solo, para admitir que tuvo un hijo con Gabriela Zapata \u201cy lamentablemente, nuestra mala suerte, ha fallecido\u201d.<br \/>\nLo que s\u00ed pas\u00f3 fue que, violando el derecho a la informaci\u00f3n garantizado por la Constituci\u00f3n Pol\u00edtica del Estado, el Tribunal Supremo Electoral emiti\u00f3 resoluciones para limitar el acceso a la base de datos del Sereci y, ahora, tiene varias medidas de seguridad, tantas que es imposible hacer una b\u00fasqueda como la que hice en 2016.<br \/>\nEl lunes de esta semana, Gabriela Zapata volvi\u00f3 a aparecer, por tercera vez en los \u00faltimos meses, \u201cante un tribunal\u201d, seg\u00fan reporte de Erbol, que difundi\u00f3 un audio en el que Zapata confirma los datos que figuraban en la partida; es decir, que fueron los dos a la oficial\u00eda a registrar al ni\u00f1o, aunque quien la llev\u00f3 fue \u00e9l. En la partida, se lee que quien figura como \u201cdeclarante\u201d es Juan Evo Morales Ayma, nacido el 26 de octubre de 1959 y con c\u00e9dula de identidad 2763595.<br \/>\nPese a eso, en mayo de 2016, Valverde, a quien ponder\u00e9 la semana pasada, us\u00f3 su programa para desdecirse, pues dijo que, en realidad, el hijo jam\u00e1s hab\u00eda nacido. Y lo siguiente, y m\u00e1s escandaloso, es que la partida de la que hablo en este art\u00edculo desapareci\u00f3 de la base de datos del Sereci. \u00bfA qui\u00e9n debemos procesar por eso?<br \/>\n\u00bfQu\u00e9 pas\u00f3? \u00bfHabr\u00e1 sido mala suerte, como dijo el propio Evo? O bien, como todo lo que tiene que ver con Zapata, los bolivianos salimos perdiendo por mala pata.<\/p>\n<p>Juan Jos\u00e9 Toro es Premio Nacional en Historia del Periodismo.<\/p>\n","protected":false},"excerpt":{"rendered":"<p>Como seguramente muchos recuerdan, su nombre completo es Gabriela Geraldine Zapata Monta\u00f1o. El 18 del pr\u00f3ximo mes de abril cumplir\u00e1 38 a\u00f1os y ten\u00eda 21 cuando tuvo un hijo con Evo Morales. Este hecho, convertido en esc\u00e1ndalo nacional a principios de 2016, fue revelado por Carlos Valverde Bravo en un programa en el que exhibi\u00f3 [&hellip;]<\/p>\n","protected":false},"author":1,"featured_media":163829,"comment_status":"open","ping_status":"open","sticky":false,"template":"","format":"standard","meta":{"_acf_changed":false,"footnotes":""},"categories":[9],"tags":[],"class_list":["post-207075","post","type-post","status-publish","format-standard","has-post-thumbnail","category-opinion"],"acf":{"antetitulo":"Surazo"},"yoast_head":"<!-- This site is optimized with the Yoast SEO plugin v28.4 - https:\/\/yoast.com\/product\/yoast-seo-wordpress\/ -->\n<title>Zapata: \u00a1qu\u00e9 mala pata! - El Diario - Bolivia<\/title>\n<meta name=\"robots\" content=\"index, follow, max-snippet:-1, max-image-preview:large, max-video-preview:-1\" \/>\n<link rel=\"canonical\" href=\"https:\/\/www.eldiario.net\/portal\/2024\/03\/08\/zapata-que-mala-pata\/\" \/>\n<meta property=\"og:locale\" content=\"es_ES\" \/>\n<meta property=\"og:type\" content=\"article\" \/>\n<meta property=\"og:title\" content=\"Zapata: \u00a1qu\u00e9 mala pata! - El Diario - Bolivia\" \/>\n<meta property=\"og:description\" content=\"Como seguramente muchos recuerdan, su nombre completo es Gabriela Geraldine Zapata Monta\u00f1o. El 18 del pr\u00f3ximo mes de abril cumplir\u00e1 38 a\u00f1os y ten\u00eda 21 cuando tuvo un hijo con Evo Morales. Este hecho, convertido en esc\u00e1ndalo nacional a principios de 2016, fue revelado por Carlos Valverde Bravo en un programa en el que exhibi\u00f3 [&hellip;]\" \/>\n<meta property=\"og:url\" content=\"https:\/\/www.eldiario.net\/portal\/2024\/03\/08\/zapata-que-mala-pata\/\" \/>\n<meta property=\"og:site_name\" content=\"El Diario - Bolivia\" \/>\n<meta property=\"article:publisher\" content=\"https:\/\/www.facebook.com\/eldiario.bolivia\/\" \/>\n<meta property=\"article:published_time\" content=\"2024-03-08T11:04:30+00:00\" \/>\n<meta property=\"og:image\" content=\"https:\/\/www.eldiario.net\/portal\/wp-content\/uploads\/2023\/07\/Juan-Jose-Toro-Montoya.jpg\" \/>\n\t<meta property=\"og:image:width\" content=\"1200\" \/>\n\t<meta property=\"og:image:height\" content=\"628\" \/>\n\t<meta property=\"og:image:type\" content=\"image\/jpeg\" \/>\n<meta name=\"author\" content=\"Jeanette\" \/>\n<meta name=\"twitter:card\" content=\"summary_large_image\" \/>\n<meta name=\"twitter:creator\" content=\"@eldiario_net\" \/>\n<meta name=\"twitter:site\" content=\"@eldiario_net\" \/>\n<meta name=\"twitter:label1\" content=\"Escrito por\" \/>\n\t<meta name=\"twitter:data1\" content=\"Jeanette\" \/>\n\t<meta name=\"twitter:label2\" content=\"Tiempo de lectura\" \/>\n\t<meta name=\"twitter:data2\" content=\"3 minutos\" \/>\n<script type=\"application\/ld+json\" class=\"yoast-schema-graph\">{\"@context\":\"https:\\\/\\\/schema.org\",\"@graph\":[{\"@type\":\"Article\",\"@id\":\"https:\\\/\\\/www.eldiario.net\\\/portal\\\/2024\\\/03\\\/08\\\/zapata-que-mala-pata\\\/#article\",\"isPartOf\":{\"@id\":\"https:\\\/\\\/www.eldiario.net\\\/portal\\\/2024\\\/03\\\/08\\\/zapata-que-mala-pata\\\/\"},\"author\":{\"name\":\"Jeanette\",\"@id\":\"https:\\\/\\\/www.eldiario.net\\\/portal\\\/#\\\/schema\\\/person\\\/2c57cf2b7a7ae032e449e4c9b1019eac\"},\"headline\":\"Zapata: \u00a1qu\u00e9 mala pata!\",\"datePublished\":\"2024-03-08T11:04:30+00:00\",\"mainEntityOfPage\":{\"@id\":\"https:\\\/\\\/www.eldiario.net\\\/portal\\\/2024\\\/03\\\/08\\\/zapata-que-mala-pata\\\/\"},\"wordCount\":580,\"commentCount\":0,\"publisher\":{\"@id\":\"https:\\\/\\\/www.eldiario.net\\\/portal\\\/#organization\"},\"image\":{\"@id\":\"https:\\\/\\\/www.eldiario.net\\\/portal\\\/2024\\\/03\\\/08\\\/zapata-que-mala-pata\\\/#primaryimage\"},\"thumbnailUrl\":\"https:\\\/\\\/www.eldiario.net\\\/portal\\\/wp-content\\\/uploads\\\/2023\\\/07\\\/Juan-Jose-Toro-Montoya.jpg\",\"articleSection\":[\"Opini\u00f3n\"],\"inLanguage\":\"es\",\"potentialAction\":[{\"@type\":\"CommentAction\",\"name\":\"Comment\",\"target\":[\"https:\\\/\\\/www.eldiario.net\\\/portal\\\/2024\\\/03\\\/08\\\/zapata-que-mala-pata\\\/#respond\"]}]},{\"@type\":\"WebPage\",\"@id\":\"https:\\\/\\\/www.eldiario.net\\\/portal\\\/2024\\\/03\\\/08\\\/zapata-que-mala-pata\\\/\",\"url\":\"https:\\\/\\\/www.eldiario.net\\\/portal\\\/2024\\\/03\\\/08\\\/zapata-que-mala-pata\\\/\",\"name\":\"Zapata: \u00a1qu\u00e9 mala pata! - El Diario - Bolivia\",\"isPartOf\":{\"@id\":\"https:\\\/\\\/www.eldiario.net\\\/portal\\\/#website\"},\"primaryImageOfPage\":{\"@id\":\"https:\\\/\\\/www.eldiario.net\\\/portal\\\/2024\\\/03\\\/08\\\/zapata-que-mala-pata\\\/#primaryimage\"},\"image\":{\"@id\":\"https:\\\/\\\/www.eldiario.net\\\/portal\\\/2024\\\/03\\\/08\\\/zapata-que-mala-pata\\\/#primaryimage\"},\"thumbnailUrl\":\"https:\\\/\\\/www.eldiario.net\\\/portal\\\/wp-content\\\/uploads\\\/2023\\\/07\\\/Juan-Jose-Toro-Montoya.jpg\",\"datePublished\":\"2024-03-08T11:04:30+00:00\",\"breadcrumb\":{\"@id\":\"https:\\\/\\\/www.eldiario.net\\\/portal\\\/2024\\\/03\\\/08\\\/zapata-que-mala-pata\\\/#breadcrumb\"},\"inLanguage\":\"es\",\"potentialAction\":[{\"@type\":\"ReadAction\",\"target\":[\"https:\\\/\\\/www.eldiario.net\\\/portal\\\/2024\\\/03\\\/08\\\/zapata-que-mala-pata\\\/\"]}]},{\"@type\":\"ImageObject\",\"inLanguage\":\"es\",\"@id\":\"https:\\\/\\\/www.eldiario.net\\\/portal\\\/2024\\\/03\\\/08\\\/zapata-que-mala-pata\\\/#primaryimage\",\"url\":\"https:\\\/\\\/www.eldiario.net\\\/portal\\\/wp-content\\\/uploads\\\/2023\\\/07\\\/Juan-Jose-Toro-Montoya.jpg\",\"contentUrl\":\"https:\\\/\\\/www.eldiario.net\\\/portal\\\/wp-content\\\/uploads\\\/2023\\\/07\\\/Juan-Jose-Toro-Montoya.jpg\",\"width\":1200,\"height\":628,\"caption\":\"Juan Jos\u00e9 Toro Montoya\"},{\"@type\":\"BreadcrumbList\",\"@id\":\"https:\\\/\\\/www.eldiario.net\\\/portal\\\/2024\\\/03\\\/08\\\/zapata-que-mala-pata\\\/#breadcrumb\",\"itemListElement\":[{\"@type\":\"ListItem\",\"position\":1,\"name\":\"Portada\",\"item\":\"https:\\\/\\\/www.eldiario.net\\\/portal\\\/\"},{\"@type\":\"ListItem\",\"position\":2,\"name\":\"Zapata: \u00a1qu\u00e9 mala pata!\"}]},{\"@type\":\"WebSite\",\"@id\":\"https:\\\/\\\/www.eldiario.net\\\/portal\\\/#website\",\"url\":\"https:\\\/\\\/www.eldiario.net\\\/portal\\\/\",\"name\":\"El Diario - Decano de la prensa nacional\",\"description\":\"El Diario - Decano de la prensa nacional\",\"publisher\":{\"@id\":\"https:\\\/\\\/www.eldiario.net\\\/portal\\\/#organization\"},\"potentialAction\":[{\"@type\":\"SearchAction\",\"target\":{\"@type\":\"EntryPoint\",\"urlTemplate\":\"https:\\\/\\\/www.eldiario.net\\\/portal\\\/?s={search_term_string}\"},\"query-input\":{\"@type\":\"PropertyValueSpecification\",\"valueRequired\":true,\"valueName\":\"search_term_string\"}}],\"inLanguage\":\"es\"},{\"@type\":\"Organization\",\"@id\":\"https:\\\/\\\/www.eldiario.net\\\/portal\\\/#organization\",\"name\":\"El Diario - Decano de la prensa nacional\",\"url\":\"https:\\\/\\\/www.eldiario.net\\\/portal\\\/\",\"logo\":{\"@type\":\"ImageObject\",\"inLanguage\":\"es\",\"@id\":\"https:\\\/\\\/www.eldiario.net\\\/portal\\\/#\\\/schema\\\/logo\\\/image\\\/\",\"url\":\"https:\\\/\\\/www.eldiario.net\\\/portal\\\/wp-content\\\/uploads\\\/2023\\\/07\\\/logo_ED.jpg\",\"contentUrl\":\"https:\\\/\\\/www.eldiario.net\\\/portal\\\/wp-content\\\/uploads\\\/2023\\\/07\\\/logo_ED.jpg\",\"width\":272,\"height\":52,\"caption\":\"El Diario - Decano de la prensa nacional\"},\"image\":{\"@id\":\"https:\\\/\\\/www.eldiario.net\\\/portal\\\/#\\\/schema\\\/logo\\\/image\\\/\"},\"sameAs\":[\"https:\\\/\\\/www.facebook.com\\\/eldiario.bolivia\\\/\",\"https:\\\/\\\/x.com\\\/eldiario_net\"]},{\"@type\":\"Person\",\"@id\":\"https:\\\/\\\/www.eldiario.net\\\/portal\\\/#\\\/schema\\\/person\\\/2c57cf2b7a7ae032e449e4c9b1019eac\",\"name\":\"Jeanette\",\"image\":{\"@type\":\"ImageObject\",\"inLanguage\":\"es\",\"@id\":\"https:\\\/\\\/secure.gravatar.com\\\/avatar\\\/3ea2118a5f7dad2b7138b1187a6b7ee55f160b9968b66013c3a3ef39dd7e5798?s=96&d=mm&r=g\",\"url\":\"https:\\\/\\\/secure.gravatar.com\\\/avatar\\\/3ea2118a5f7dad2b7138b1187a6b7ee55f160b9968b66013c3a3ef39dd7e5798?s=96&d=mm&r=g\",\"contentUrl\":\"https:\\\/\\\/secure.gravatar.com\\\/avatar\\\/3ea2118a5f7dad2b7138b1187a6b7ee55f160b9968b66013c3a3ef39dd7e5798?s=96&d=mm&r=g\",\"caption\":\"Jeanette\"},\"sameAs\":[\"https:\\\/\\\/www.eldiario.net\\\/portal\"],\"url\":\"https:\\\/\\\/www.eldiario.net\\\/portal\\\/author\\\/jeanette\\\/\"}]}<\/script>\n<!-- \/ Yoast SEO plugin. -->","yoast_head_json":{"title":"Zapata: \u00a1qu\u00e9 mala pata! - El Diario - Bolivia","robots":{"index":"index","follow":"follow","max-snippet":"max-snippet:-1","max-image-preview":"max-image-preview:large","max-video-preview":"max-video-preview:-1"},"canonical":"https:\/\/www.eldiario.net\/portal\/2024\/03\/08\/zapata-que-mala-pata\/","og_locale":"es_ES","og_type":"article","og_title":"Zapata: \u00a1qu\u00e9 mala pata! - El Diario - Bolivia","og_description":"Como seguramente muchos recuerdan, su nombre completo es Gabriela Geraldine Zapata Monta\u00f1o. El 18 del pr\u00f3ximo mes de abril cumplir\u00e1 38 a\u00f1os y ten\u00eda 21 cuando tuvo un hijo con Evo Morales. Este hecho, convertido en esc\u00e1ndalo nacional a principios de 2016, fue revelado por Carlos Valverde Bravo en un programa en el que exhibi\u00f3 [&hellip;]","og_url":"https:\/\/www.eldiario.net\/portal\/2024\/03\/08\/zapata-que-mala-pata\/","og_site_name":"El Diario - Bolivia","article_publisher":"https:\/\/www.facebook.com\/eldiario.bolivia\/","article_published_time":"2024-03-08T11:04:30+00:00","og_image":[{"width":1200,"height":628,"url":"https:\/\/www.eldiario.net\/portal\/wp-content\/uploads\/2023\/07\/Juan-Jose-Toro-Montoya.jpg","type":"image\/jpeg"}],"author":"Jeanette","twitter_card":"summary_large_image","twitter_creator":"@eldiario_net","twitter_site":"@eldiario_net","twitter_misc":{"Escrito por":"Jeanette","Tiempo de lectura":"3 minutos"},"schema":{"@context":"https:\/\/schema.org","@graph":[{"@type":"Article","@id":"https:\/\/www.eldiario.net\/portal\/2024\/03\/08\/zapata-que-mala-pata\/#article","isPartOf":{"@id":"https:\/\/www.eldiario.net\/portal\/2024\/03\/08\/zapata-que-mala-pata\/"},"author":{"name":"Jeanette","@id":"https:\/\/www.eldiario.net\/portal\/#\/schema\/person\/2c57cf2b7a7ae032e449e4c9b1019eac"},"headline":"Zapata: \u00a1qu\u00e9 mala pata!","datePublished":"2024-03-08T11:04:30+00:00","mainEntityOfPage":{"@id":"https:\/\/www.eldiario.net\/portal\/2024\/03\/08\/zapata-que-mala-pata\/"},"wordCount":580,"commentCount":0,"publisher":{"@id":"https:\/\/www.eldiario.net\/portal\/#organization"},"image":{"@id":"https:\/\/www.eldiario.net\/portal\/2024\/03\/08\/zapata-que-mala-pata\/#primaryimage"},"thumbnailUrl":"https:\/\/www.eldiario.net\/portal\/wp-content\/uploads\/2023\/07\/Juan-Jose-Toro-Montoya.jpg","articleSection":["Opini\u00f3n"],"inLanguage":"es","potentialAction":[{"@type":"CommentAction","name":"Comment","target":["https:\/\/www.eldiario.net\/portal\/2024\/03\/08\/zapata-que-mala-pata\/#respond"]}]},{"@type":"WebPage","@id":"https:\/\/www.eldiario.net\/portal\/2024\/03\/08\/zapata-que-mala-pata\/","url":"https:\/\/www.eldiario.net\/portal\/2024\/03\/08\/zapata-que-mala-pata\/","name":"Zapata: \u00a1qu\u00e9 mala pata! - El Diario - Bolivia","isPartOf":{"@id":"https:\/\/www.eldiario.net\/portal\/#website"},"primaryImageOfPage":{"@id":"https:\/\/www.eldiario.net\/portal\/2024\/03\/08\/zapata-que-mala-pata\/#primaryimage"},"image":{"@id":"https:\/\/www.eldiario.net\/portal\/2024\/03\/08\/zapata-que-mala-pata\/#primaryimage"},"thumbnailUrl":"https:\/\/www.eldiario.net\/portal\/wp-content\/uploads\/2023\/07\/Juan-Jose-Toro-Montoya.jpg","datePublished":"2024-03-08T11:04:30+00:00","breadcrumb":{"@id":"https:\/\/www.eldiario.net\/portal\/2024\/03\/08\/zapata-que-mala-pata\/#breadcrumb"},"inLanguage":"es","potentialAction":[{"@type":"ReadAction","target":["https:\/\/www.eldiario.net\/portal\/2024\/03\/08\/zapata-que-mala-pata\/"]}]},{"@type":"ImageObject","inLanguage":"es","@id":"https:\/\/www.eldiario.net\/portal\/2024\/03\/08\/zapata-que-mala-pata\/#primaryimage","url":"https:\/\/www.eldiario.net\/portal\/wp-content\/uploads\/2023\/07\/Juan-Jose-Toro-Montoya.jpg","contentUrl":"https:\/\/www.eldiario.net\/portal\/wp-content\/uploads\/2023\/07\/Juan-Jose-Toro-Montoya.jpg","width":1200,"height":628,"caption":"Juan Jos\u00e9 Toro Montoya"},{"@type":"BreadcrumbList","@id":"https:\/\/www.eldiario.net\/portal\/2024\/03\/08\/zapata-que-mala-pata\/#breadcrumb","itemListElement":[{"@type":"ListItem","position":1,"name":"Portada","item":"https:\/\/www.eldiario.net\/portal\/"},{"@type":"ListItem","position":2,"name":"Zapata: \u00a1qu\u00e9 mala pata!"}]},{"@type":"WebSite","@id":"https:\/\/www.eldiario.net\/portal\/#website","url":"https:\/\/www.eldiario.net\/portal\/","name":"El Diario - Decano de la prensa nacional","description":"El Diario - Decano de la prensa nacional","publisher":{"@id":"https:\/\/www.eldiario.net\/portal\/#organization"},"potentialAction":[{"@type":"SearchAction","target":{"@type":"EntryPoint","urlTemplate":"https:\/\/www.eldiario.net\/portal\/?s={search_term_string}"},"query-input":{"@type":"PropertyValueSpecification","valueRequired":true,"valueName":"search_term_string"}}],"inLanguage":"es"},{"@type":"Organization","@id":"https:\/\/www.eldiario.net\/portal\/#organization","name":"El Diario - Decano de la prensa nacional","url":"https:\/\/www.eldiario.net\/portal\/","logo":{"@type":"ImageObject","inLanguage":"es","@id":"https:\/\/www.eldiario.net\/portal\/#\/schema\/logo\/image\/","url":"https:\/\/www.eldiario.net\/portal\/wp-content\/uploads\/2023\/07\/logo_ED.jpg","contentUrl":"https:\/\/www.eldiario.net\/portal\/wp-content\/uploads\/2023\/07\/logo_ED.jpg","width":272,"height":52,"caption":"El Diario - Decano de la prensa nacional"},"image":{"@id":"https:\/\/www.eldiario.net\/portal\/#\/schema\/logo\/image\/"},"sameAs":["https:\/\/www.facebook.com\/eldiario.bolivia\/","https:\/\/x.com\/eldiario_net"]},{"@type":"Person","@id":"https:\/\/www.eldiario.net\/portal\/#\/schema\/person\/2c57cf2b7a7ae032e449e4c9b1019eac","name":"Jeanette","image":{"@type":"ImageObject","inLanguage":"es","@id":"https:\/\/secure.gravatar.com\/avatar\/3ea2118a5f7dad2b7138b1187a6b7ee55f160b9968b66013c3a3ef39dd7e5798?s=96&d=mm&r=g","url":"https:\/\/secure.gravatar.com\/avatar\/3ea2118a5f7dad2b7138b1187a6b7ee55f160b9968b66013c3a3ef39dd7e5798?s=96&d=mm&r=g","contentUrl":"https:\/\/secure.gravatar.com\/avatar\/3ea2118a5f7dad2b7138b1187a6b7ee55f160b9968b66013c3a3ef39dd7e5798?s=96&d=mm&r=g","caption":"Jeanette"},"sameAs":["https:\/\/www.eldiario.net\/portal"],"url":"https:\/\/www.eldiario.net\/portal\/author\/jeanette\/"}]}},"_links":{"self":[{"href":"https:\/\/www.eldiario.net\/portal\/wp-json\/wp\/v2\/posts\/207075","targetHints":{"allow":["GET"]}}],"collection":[{"href":"https:\/\/www.eldiario.net\/portal\/wp-json\/wp\/v2\/posts"}],"about":[{"href":"https:\/\/www.eldiario.net\/portal\/wp-json\/wp\/v2\/types\/post"}],"author":[{"embeddable":true,"href":"https:\/\/www.eldiario.net\/portal\/wp-json\/wp\/v2\/users\/1"}],"replies":[{"embeddable":true,"href":"https:\/\/www.eldiario.net\/portal\/wp-json\/wp\/v2\/comments?post=207075"}],"version-history":[{"count":1,"href":"https:\/\/www.eldiario.net\/portal\/wp-json\/wp\/v2\/posts\/207075\/revisions"}],"predecessor-version":[{"id":207076,"href":"https:\/\/www.eldiario.net\/portal\/wp-json\/wp\/v2\/posts\/207075\/revisions\/207076"}],"wp:featuredmedia":[{"embeddable":true,"href":"https:\/\/www.eldiario.net\/portal\/wp-json\/wp\/v2\/media\/163829"}],"wp:attachment":[{"href":"https:\/\/www.eldiario.net\/portal\/wp-json\/wp\/v2\/media?parent=207075"}],"wp:term":[{"taxonomy":"category","embeddable":true,"href":"https:\/\/www.eldiario.net\/portal\/wp-json\/wp\/v2\/categories?post=207075"},{"taxonomy":"post_tag","embeddable":true,"href":"https:\/\/www.eldiario.net\/portal\/wp-json\/wp\/v2\/tags?post=207075"}],"curies":[{"name":"wp","href":"https:\/\/api.w.org\/{rel}","templated":true}]}}