{"id":207068,"date":"2024-03-08T07:02:23","date_gmt":"2024-03-08T11:02:23","guid":{"rendered":"https:\/\/www.eldiario.net\/portal\/?p=207068"},"modified":"2024-03-08T07:02:23","modified_gmt":"2024-03-08T11:02:23","slug":"que-se-honre-a-la-mujer-base-de-la-humanidad","status":"publish","type":"post","link":"https:\/\/www.eldiario.net\/portal\/2024\/03\/08\/que-se-honre-a-la-mujer-base-de-la-humanidad\/","title":{"rendered":"Que se honre a la mujer, base de la humanidad"},"content":{"rendered":"<p><em>Una fecha muy importante es el 8 de marzo, instituido como \u201cD\u00eda Internacional de la Mujer\u201d. De esta manera se determin\u00f3 que en todos los pa\u00edses sean honradas las mujeres; sin embargo, no solo un d\u00eda, sino siempre se le deber\u00eda brindar las atenciones que merece como un ser creado no solo como compa\u00f1era del hombre sino, muy especialmente, como fuente de amor dentro de cada familia. Adem\u00e1s, la mujer no solamente resalta por ser madre, esposa, hija, abuela, hermana, amiga y base del hogar, sino tambi\u00e9n como sustento de la sociedad, donde actualmente ocupa cada vez m\u00e1s sitiales de enorme responsabilidad laboral.<\/em><br \/>\n<em>Lo lamentable es que muchas mujeres sigan siendo v\u00edctimas de desigualdad, discriminaci\u00f3n y hasta son heridas y asesinadas, sin que esas actitudes nefastas puedan ser frenadas, a pesar de la existencia de leyes destinadas a protegerlas. Tambi\u00e9n en nuestro medio, con frecuencia se informa sobre el aumento de asesinatos de mujeres, a veces con tanta crueldad que hiere la sensibilidad de la ciudadan\u00eda. Al respecto, hace pocos d\u00edas se dio a conocer que en los dos \u00faltimos meses en el pa\u00eds se produjeron 12 casos de feminicidio, siete en La Paz, 2 en Cochabamba, 1 en Potos\u00ed, Oruro y Tarija, respectivamente. En cuanto a los autores de esas muertes, se sabe que algunos han sido sentenciados y otros est\u00e1n en detenci\u00f3n preventiva.<\/em><br \/>\n<em>Pero la humanidad les debe mucho a las mujeres, pues han aportado a las ciencias, las artes y la cultura. En fin, mucho es lo que hacen las mujeres para el bienestar de los dem\u00e1s, pero muchos varones, por obnubilaci\u00f3n y machismo siguen crey\u00e9ndose superiores a ellas. No son capaces de agradecer por las atenciones que les brindan las mujeres en sus diferentes roles. Ellas tambi\u00e9n han luchado por la libertad e independencia de sus pa\u00edses, y por el respeto a derechos humanos.<\/em><br \/>\n<em>En nuestro pa\u00eds hay normas elaboradas para resguardar la seguridad femenina, pero, lamentablemente, no se cumplen por la deficiente administraci\u00f3n de justicia, al extremo de que, en varios casos, acusados de violencia contra la mujer no fueron detenidos oportunamente o lograron evadir, mediante maniobras legales, su encierro y una vez libres, lo primero que hicieron fue eliminar a sus parejas.<\/em><br \/>\n<em>En el D\u00eda Internacional de la Mujer, particularmente en los pa\u00edses pobres y subdesarrollados se deber\u00eda reconocer lo que ellas hacen para mantener vivos los sentimientos de dignidad, libertad y justicia. En ese sentido, es urgente aplicar correctamente leyes nacionales e internacionales para que no sean discriminadas ni asesinadas, quedando en la orfandad ni\u00f1os inocentes. Tambi\u00e9n se requiere impartir en unidades educativas instrucci\u00f3n orientada a reconocer el papel fundamental que tiene la mujer en cada sociedad.<\/em><br \/>\n<em>Nunca debemos olvidar que la mujer como madre, es un ejemplo de entrega y sacrificio en bien de sus hijos, por lo que merece permanente gratitud. Benditas sean las mujeres que a pesar de los contratiempos tratan de mejorar las condiciones de vida de sus dependientes.<\/em><\/p>\n","protected":false},"excerpt":{"rendered":"<p>Una fecha muy importante es el 8 de marzo, instituido como \u201cD\u00eda Internacional de la Mujer\u201d. De esta manera se determin\u00f3 que en todos los pa\u00edses sean honradas las mujeres; sin embargo, no solo un d\u00eda, sino siempre se le deber\u00eda brindar las atenciones que merece como un ser creado no solo como compa\u00f1era del [&hellip;]<\/p>\n","protected":false},"author":1,"featured_media":194776,"comment_status":"open","ping_status":"open","sticky":false,"template":"","format":"standard","meta":{"_acf_changed":false,"footnotes":""},"categories":[4],"tags":[],"class_list":["post-207068","post","type-post","status-publish","format-standard","has-post-thumbnail","category-editorial"],"acf":{"antetitulo":""},"yoast_head":"<!-- This site is optimized with the Yoast SEO plugin v28.4 - https:\/\/yoast.com\/product\/yoast-seo-wordpress\/ -->\n<title>Que se honre a la mujer, base de la humanidad - El Diario - Bolivia<\/title>\n<meta name=\"robots\" content=\"index, follow, max-snippet:-1, max-image-preview:large, max-video-preview:-1\" \/>\n<link rel=\"canonical\" href=\"https:\/\/www.eldiario.net\/portal\/2024\/03\/08\/que-se-honre-a-la-mujer-base-de-la-humanidad\/\" \/>\n<meta property=\"og:locale\" content=\"es_ES\" \/>\n<meta property=\"og:type\" content=\"article\" \/>\n<meta property=\"og:title\" content=\"Que se honre a la mujer, base de la humanidad - El Diario - Bolivia\" \/>\n<meta property=\"og:description\" content=\"Una fecha muy importante es el 8 de marzo, instituido como \u201cD\u00eda Internacional de la Mujer\u201d. De esta manera se determin\u00f3 que en todos los pa\u00edses sean honradas las mujeres; sin embargo, no solo un d\u00eda, sino siempre se le deber\u00eda brindar las atenciones que merece como un ser creado no solo como compa\u00f1era del [&hellip;]\" \/>\n<meta property=\"og:url\" content=\"https:\/\/www.eldiario.net\/portal\/2024\/03\/08\/que-se-honre-a-la-mujer-base-de-la-humanidad\/\" \/>\n<meta property=\"og:site_name\" content=\"El Diario - Bolivia\" \/>\n<meta property=\"article:publisher\" content=\"https:\/\/www.facebook.com\/eldiario.bolivia\/\" \/>\n<meta property=\"article:published_time\" content=\"2024-03-08T11:02:23+00:00\" \/>\n<meta property=\"og:image\" content=\"https:\/\/www.eldiario.net\/portal\/wp-content\/uploads\/2023\/12\/Editorial.jpg\" \/>\n\t<meta property=\"og:image:width\" content=\"800\" \/>\n\t<meta property=\"og:image:height\" content=\"500\" \/>\n\t<meta property=\"og:image:type\" content=\"image\/jpeg\" \/>\n<meta name=\"author\" content=\"Jeanette\" \/>\n<meta name=\"twitter:card\" content=\"summary_large_image\" \/>\n<meta name=\"twitter:creator\" content=\"@eldiario_net\" \/>\n<meta name=\"twitter:site\" content=\"@eldiario_net\" \/>\n<meta name=\"twitter:label1\" content=\"Escrito por\" \/>\n\t<meta name=\"twitter:data1\" content=\"Jeanette\" \/>\n\t<meta name=\"twitter:label2\" content=\"Tiempo de lectura\" \/>\n\t<meta name=\"twitter:data2\" content=\"3 minutos\" \/>\n<script type=\"application\/ld+json\" class=\"yoast-schema-graph\">{\"@context\":\"https:\\\/\\\/schema.org\",\"@graph\":[{\"@type\":\"Article\",\"@id\":\"https:\\\/\\\/www.eldiario.net\\\/portal\\\/2024\\\/03\\\/08\\\/que-se-honre-a-la-mujer-base-de-la-humanidad\\\/#article\",\"isPartOf\":{\"@id\":\"https:\\\/\\\/www.eldiario.net\\\/portal\\\/2024\\\/03\\\/08\\\/que-se-honre-a-la-mujer-base-de-la-humanidad\\\/\"},\"author\":{\"name\":\"Jeanette\",\"@id\":\"https:\\\/\\\/www.eldiario.net\\\/portal\\\/#\\\/schema\\\/person\\\/2c57cf2b7a7ae032e449e4c9b1019eac\"},\"headline\":\"Que se honre a la mujer, base de la humanidad\",\"datePublished\":\"2024-03-08T11:02:23+00:00\",\"mainEntityOfPage\":{\"@id\":\"https:\\\/\\\/www.eldiario.net\\\/portal\\\/2024\\\/03\\\/08\\\/que-se-honre-a-la-mujer-base-de-la-humanidad\\\/\"},\"wordCount\":525,\"commentCount\":0,\"publisher\":{\"@id\":\"https:\\\/\\\/www.eldiario.net\\\/portal\\\/#organization\"},\"image\":{\"@id\":\"https:\\\/\\\/www.eldiario.net\\\/portal\\\/2024\\\/03\\\/08\\\/que-se-honre-a-la-mujer-base-de-la-humanidad\\\/#primaryimage\"},\"thumbnailUrl\":\"https:\\\/\\\/www.eldiario.net\\\/portal\\\/wp-content\\\/uploads\\\/2023\\\/12\\\/Editorial.jpg\",\"articleSection\":[\"Editorial\"],\"inLanguage\":\"es\",\"potentialAction\":[{\"@type\":\"CommentAction\",\"name\":\"Comment\",\"target\":[\"https:\\\/\\\/www.eldiario.net\\\/portal\\\/2024\\\/03\\\/08\\\/que-se-honre-a-la-mujer-base-de-la-humanidad\\\/#respond\"]}]},{\"@type\":\"WebPage\",\"@id\":\"https:\\\/\\\/www.eldiario.net\\\/portal\\\/2024\\\/03\\\/08\\\/que-se-honre-a-la-mujer-base-de-la-humanidad\\\/\",\"url\":\"https:\\\/\\\/www.eldiario.net\\\/portal\\\/2024\\\/03\\\/08\\\/que-se-honre-a-la-mujer-base-de-la-humanidad\\\/\",\"name\":\"Que se honre a la mujer, base de la humanidad - El Diario - Bolivia\",\"isPartOf\":{\"@id\":\"https:\\\/\\\/www.eldiario.net\\\/portal\\\/#website\"},\"primaryImageOfPage\":{\"@id\":\"https:\\\/\\\/www.eldiario.net\\\/portal\\\/2024\\\/03\\\/08\\\/que-se-honre-a-la-mujer-base-de-la-humanidad\\\/#primaryimage\"},\"image\":{\"@id\":\"https:\\\/\\\/www.eldiario.net\\\/portal\\\/2024\\\/03\\\/08\\\/que-se-honre-a-la-mujer-base-de-la-humanidad\\\/#primaryimage\"},\"thumbnailUrl\":\"https:\\\/\\\/www.eldiario.net\\\/portal\\\/wp-content\\\/uploads\\\/2023\\\/12\\\/Editorial.jpg\",\"datePublished\":\"2024-03-08T11:02:23+00:00\",\"breadcrumb\":{\"@id\":\"https:\\\/\\\/www.eldiario.net\\\/portal\\\/2024\\\/03\\\/08\\\/que-se-honre-a-la-mujer-base-de-la-humanidad\\\/#breadcrumb\"},\"inLanguage\":\"es\",\"potentialAction\":[{\"@type\":\"ReadAction\",\"target\":[\"https:\\\/\\\/www.eldiario.net\\\/portal\\\/2024\\\/03\\\/08\\\/que-se-honre-a-la-mujer-base-de-la-humanidad\\\/\"]}]},{\"@type\":\"ImageObject\",\"inLanguage\":\"es\",\"@id\":\"https:\\\/\\\/www.eldiario.net\\\/portal\\\/2024\\\/03\\\/08\\\/que-se-honre-a-la-mujer-base-de-la-humanidad\\\/#primaryimage\",\"url\":\"https:\\\/\\\/www.eldiario.net\\\/portal\\\/wp-content\\\/uploads\\\/2023\\\/12\\\/Editorial.jpg\",\"contentUrl\":\"https:\\\/\\\/www.eldiario.net\\\/portal\\\/wp-content\\\/uploads\\\/2023\\\/12\\\/Editorial.jpg\",\"width\":800,\"height\":500},{\"@type\":\"BreadcrumbList\",\"@id\":\"https:\\\/\\\/www.eldiario.net\\\/portal\\\/2024\\\/03\\\/08\\\/que-se-honre-a-la-mujer-base-de-la-humanidad\\\/#breadcrumb\",\"itemListElement\":[{\"@type\":\"ListItem\",\"position\":1,\"name\":\"Portada\",\"item\":\"https:\\\/\\\/www.eldiario.net\\\/portal\\\/\"},{\"@type\":\"ListItem\",\"position\":2,\"name\":\"Que se honre a la mujer, base de la humanidad\"}]},{\"@type\":\"WebSite\",\"@id\":\"https:\\\/\\\/www.eldiario.net\\\/portal\\\/#website\",\"url\":\"https:\\\/\\\/www.eldiario.net\\\/portal\\\/\",\"name\":\"El Diario - Decano de la prensa nacional\",\"description\":\"El Diario - Decano de la prensa nacional\",\"publisher\":{\"@id\":\"https:\\\/\\\/www.eldiario.net\\\/portal\\\/#organization\"},\"potentialAction\":[{\"@type\":\"SearchAction\",\"target\":{\"@type\":\"EntryPoint\",\"urlTemplate\":\"https:\\\/\\\/www.eldiario.net\\\/portal\\\/?s={search_term_string}\"},\"query-input\":{\"@type\":\"PropertyValueSpecification\",\"valueRequired\":true,\"valueName\":\"search_term_string\"}}],\"inLanguage\":\"es\"},{\"@type\":\"Organization\",\"@id\":\"https:\\\/\\\/www.eldiario.net\\\/portal\\\/#organization\",\"name\":\"El Diario - Decano de la prensa nacional\",\"url\":\"https:\\\/\\\/www.eldiario.net\\\/portal\\\/\",\"logo\":{\"@type\":\"ImageObject\",\"inLanguage\":\"es\",\"@id\":\"https:\\\/\\\/www.eldiario.net\\\/portal\\\/#\\\/schema\\\/logo\\\/image\\\/\",\"url\":\"https:\\\/\\\/www.eldiario.net\\\/portal\\\/wp-content\\\/uploads\\\/2023\\\/07\\\/logo_ED.jpg\",\"contentUrl\":\"https:\\\/\\\/www.eldiario.net\\\/portal\\\/wp-content\\\/uploads\\\/2023\\\/07\\\/logo_ED.jpg\",\"width\":272,\"height\":52,\"caption\":\"El Diario - Decano de la prensa nacional\"},\"image\":{\"@id\":\"https:\\\/\\\/www.eldiario.net\\\/portal\\\/#\\\/schema\\\/logo\\\/image\\\/\"},\"sameAs\":[\"https:\\\/\\\/www.facebook.com\\\/eldiario.bolivia\\\/\",\"https:\\\/\\\/x.com\\\/eldiario_net\"]},{\"@type\":\"Person\",\"@id\":\"https:\\\/\\\/www.eldiario.net\\\/portal\\\/#\\\/schema\\\/person\\\/2c57cf2b7a7ae032e449e4c9b1019eac\",\"name\":\"Jeanette\",\"image\":{\"@type\":\"ImageObject\",\"inLanguage\":\"es\",\"@id\":\"https:\\\/\\\/secure.gravatar.com\\\/avatar\\\/3ea2118a5f7dad2b7138b1187a6b7ee55f160b9968b66013c3a3ef39dd7e5798?s=96&d=mm&r=g\",\"url\":\"https:\\\/\\\/secure.gravatar.com\\\/avatar\\\/3ea2118a5f7dad2b7138b1187a6b7ee55f160b9968b66013c3a3ef39dd7e5798?s=96&d=mm&r=g\",\"contentUrl\":\"https:\\\/\\\/secure.gravatar.com\\\/avatar\\\/3ea2118a5f7dad2b7138b1187a6b7ee55f160b9968b66013c3a3ef39dd7e5798?s=96&d=mm&r=g\",\"caption\":\"Jeanette\"},\"sameAs\":[\"https:\\\/\\\/www.eldiario.net\\\/portal\"],\"url\":\"https:\\\/\\\/www.eldiario.net\\\/portal\\\/author\\\/jeanette\\\/\"}]}<\/script>\n<!-- \/ Yoast SEO plugin. -->","yoast_head_json":{"title":"Que se honre a la mujer, base de la humanidad - El Diario - Bolivia","robots":{"index":"index","follow":"follow","max-snippet":"max-snippet:-1","max-image-preview":"max-image-preview:large","max-video-preview":"max-video-preview:-1"},"canonical":"https:\/\/www.eldiario.net\/portal\/2024\/03\/08\/que-se-honre-a-la-mujer-base-de-la-humanidad\/","og_locale":"es_ES","og_type":"article","og_title":"Que se honre a la mujer, base de la humanidad - El Diario - Bolivia","og_description":"Una fecha muy importante es el 8 de marzo, instituido como \u201cD\u00eda Internacional de la Mujer\u201d. De esta manera se determin\u00f3 que en todos los pa\u00edses sean honradas las mujeres; sin embargo, no solo un d\u00eda, sino siempre se le deber\u00eda brindar las atenciones que merece como un ser creado no solo como compa\u00f1era del [&hellip;]","og_url":"https:\/\/www.eldiario.net\/portal\/2024\/03\/08\/que-se-honre-a-la-mujer-base-de-la-humanidad\/","og_site_name":"El Diario - Bolivia","article_publisher":"https:\/\/www.facebook.com\/eldiario.bolivia\/","article_published_time":"2024-03-08T11:02:23+00:00","og_image":[{"width":800,"height":500,"url":"https:\/\/www.eldiario.net\/portal\/wp-content\/uploads\/2023\/12\/Editorial.jpg","type":"image\/jpeg"}],"author":"Jeanette","twitter_card":"summary_large_image","twitter_creator":"@eldiario_net","twitter_site":"@eldiario_net","twitter_misc":{"Escrito por":"Jeanette","Tiempo de lectura":"3 minutos"},"schema":{"@context":"https:\/\/schema.org","@graph":[{"@type":"Article","@id":"https:\/\/www.eldiario.net\/portal\/2024\/03\/08\/que-se-honre-a-la-mujer-base-de-la-humanidad\/#article","isPartOf":{"@id":"https:\/\/www.eldiario.net\/portal\/2024\/03\/08\/que-se-honre-a-la-mujer-base-de-la-humanidad\/"},"author":{"name":"Jeanette","@id":"https:\/\/www.eldiario.net\/portal\/#\/schema\/person\/2c57cf2b7a7ae032e449e4c9b1019eac"},"headline":"Que se honre a la mujer, base de la humanidad","datePublished":"2024-03-08T11:02:23+00:00","mainEntityOfPage":{"@id":"https:\/\/www.eldiario.net\/portal\/2024\/03\/08\/que-se-honre-a-la-mujer-base-de-la-humanidad\/"},"wordCount":525,"commentCount":0,"publisher":{"@id":"https:\/\/www.eldiario.net\/portal\/#organization"},"image":{"@id":"https:\/\/www.eldiario.net\/portal\/2024\/03\/08\/que-se-honre-a-la-mujer-base-de-la-humanidad\/#primaryimage"},"thumbnailUrl":"https:\/\/www.eldiario.net\/portal\/wp-content\/uploads\/2023\/12\/Editorial.jpg","articleSection":["Editorial"],"inLanguage":"es","potentialAction":[{"@type":"CommentAction","name":"Comment","target":["https:\/\/www.eldiario.net\/portal\/2024\/03\/08\/que-se-honre-a-la-mujer-base-de-la-humanidad\/#respond"]}]},{"@type":"WebPage","@id":"https:\/\/www.eldiario.net\/portal\/2024\/03\/08\/que-se-honre-a-la-mujer-base-de-la-humanidad\/","url":"https:\/\/www.eldiario.net\/portal\/2024\/03\/08\/que-se-honre-a-la-mujer-base-de-la-humanidad\/","name":"Que se honre a la mujer, base de la humanidad - El Diario - Bolivia","isPartOf":{"@id":"https:\/\/www.eldiario.net\/portal\/#website"},"primaryImageOfPage":{"@id":"https:\/\/www.eldiario.net\/portal\/2024\/03\/08\/que-se-honre-a-la-mujer-base-de-la-humanidad\/#primaryimage"},"image":{"@id":"https:\/\/www.eldiario.net\/portal\/2024\/03\/08\/que-se-honre-a-la-mujer-base-de-la-humanidad\/#primaryimage"},"thumbnailUrl":"https:\/\/www.eldiario.net\/portal\/wp-content\/uploads\/2023\/12\/Editorial.jpg","datePublished":"2024-03-08T11:02:23+00:00","breadcrumb":{"@id":"https:\/\/www.eldiario.net\/portal\/2024\/03\/08\/que-se-honre-a-la-mujer-base-de-la-humanidad\/#breadcrumb"},"inLanguage":"es","potentialAction":[{"@type":"ReadAction","target":["https:\/\/www.eldiario.net\/portal\/2024\/03\/08\/que-se-honre-a-la-mujer-base-de-la-humanidad\/"]}]},{"@type":"ImageObject","inLanguage":"es","@id":"https:\/\/www.eldiario.net\/portal\/2024\/03\/08\/que-se-honre-a-la-mujer-base-de-la-humanidad\/#primaryimage","url":"https:\/\/www.eldiario.net\/portal\/wp-content\/uploads\/2023\/12\/Editorial.jpg","contentUrl":"https:\/\/www.eldiario.net\/portal\/wp-content\/uploads\/2023\/12\/Editorial.jpg","width":800,"height":500},{"@type":"BreadcrumbList","@id":"https:\/\/www.eldiario.net\/portal\/2024\/03\/08\/que-se-honre-a-la-mujer-base-de-la-humanidad\/#breadcrumb","itemListElement":[{"@type":"ListItem","position":1,"name":"Portada","item":"https:\/\/www.eldiario.net\/portal\/"},{"@type":"ListItem","position":2,"name":"Que se honre a la mujer, base de la humanidad"}]},{"@type":"WebSite","@id":"https:\/\/www.eldiario.net\/portal\/#website","url":"https:\/\/www.eldiario.net\/portal\/","name":"El Diario - Decano de la prensa nacional","description":"El Diario - Decano de la prensa nacional","publisher":{"@id":"https:\/\/www.eldiario.net\/portal\/#organization"},"potentialAction":[{"@type":"SearchAction","target":{"@type":"EntryPoint","urlTemplate":"https:\/\/www.eldiario.net\/portal\/?s={search_term_string}"},"query-input":{"@type":"PropertyValueSpecification","valueRequired":true,"valueName":"search_term_string"}}],"inLanguage":"es"},{"@type":"Organization","@id":"https:\/\/www.eldiario.net\/portal\/#organization","name":"El Diario - Decano de la prensa nacional","url":"https:\/\/www.eldiario.net\/portal\/","logo":{"@type":"ImageObject","inLanguage":"es","@id":"https:\/\/www.eldiario.net\/portal\/#\/schema\/logo\/image\/","url":"https:\/\/www.eldiario.net\/portal\/wp-content\/uploads\/2023\/07\/logo_ED.jpg","contentUrl":"https:\/\/www.eldiario.net\/portal\/wp-content\/uploads\/2023\/07\/logo_ED.jpg","width":272,"height":52,"caption":"El Diario - Decano de la prensa nacional"},"image":{"@id":"https:\/\/www.eldiario.net\/portal\/#\/schema\/logo\/image\/"},"sameAs":["https:\/\/www.facebook.com\/eldiario.bolivia\/","https:\/\/x.com\/eldiario_net"]},{"@type":"Person","@id":"https:\/\/www.eldiario.net\/portal\/#\/schema\/person\/2c57cf2b7a7ae032e449e4c9b1019eac","name":"Jeanette","image":{"@type":"ImageObject","inLanguage":"es","@id":"https:\/\/secure.gravatar.com\/avatar\/3ea2118a5f7dad2b7138b1187a6b7ee55f160b9968b66013c3a3ef39dd7e5798?s=96&d=mm&r=g","url":"https:\/\/secure.gravatar.com\/avatar\/3ea2118a5f7dad2b7138b1187a6b7ee55f160b9968b66013c3a3ef39dd7e5798?s=96&d=mm&r=g","contentUrl":"https:\/\/secure.gravatar.com\/avatar\/3ea2118a5f7dad2b7138b1187a6b7ee55f160b9968b66013c3a3ef39dd7e5798?s=96&d=mm&r=g","caption":"Jeanette"},"sameAs":["https:\/\/www.eldiario.net\/portal"],"url":"https:\/\/www.eldiario.net\/portal\/author\/jeanette\/"}]}},"_links":{"self":[{"href":"https:\/\/www.eldiario.net\/portal\/wp-json\/wp\/v2\/posts\/207068","targetHints":{"allow":["GET"]}}],"collection":[{"href":"https:\/\/www.eldiario.net\/portal\/wp-json\/wp\/v2\/posts"}],"about":[{"href":"https:\/\/www.eldiario.net\/portal\/wp-json\/wp\/v2\/types\/post"}],"author":[{"embeddable":true,"href":"https:\/\/www.eldiario.net\/portal\/wp-json\/wp\/v2\/users\/1"}],"replies":[{"embeddable":true,"href":"https:\/\/www.eldiario.net\/portal\/wp-json\/wp\/v2\/comments?post=207068"}],"version-history":[{"count":1,"href":"https:\/\/www.eldiario.net\/portal\/wp-json\/wp\/v2\/posts\/207068\/revisions"}],"predecessor-version":[{"id":207069,"href":"https:\/\/www.eldiario.net\/portal\/wp-json\/wp\/v2\/posts\/207068\/revisions\/207069"}],"wp:featuredmedia":[{"embeddable":true,"href":"https:\/\/www.eldiario.net\/portal\/wp-json\/wp\/v2\/media\/194776"}],"wp:attachment":[{"href":"https:\/\/www.eldiario.net\/portal\/wp-json\/wp\/v2\/media?parent=207068"}],"wp:term":[{"taxonomy":"category","embeddable":true,"href":"https:\/\/www.eldiario.net\/portal\/wp-json\/wp\/v2\/categories?post=207068"},{"taxonomy":"post_tag","embeddable":true,"href":"https:\/\/www.eldiario.net\/portal\/wp-json\/wp\/v2\/tags?post=207068"}],"curies":[{"name":"wp","href":"https:\/\/api.w.org\/{rel}","templated":true}]}}