{"id":207065,"date":"2024-03-08T07:01:20","date_gmt":"2024-03-08T11:01:20","guid":{"rendered":"https:\/\/www.eldiario.net\/portal\/?p=207065"},"modified":"2024-03-08T07:01:20","modified_gmt":"2024-03-08T11:01:20","slug":"sala-temporal-de-la-casa-nacional-de-moneda-llevara-el-nombre-de-la-artista-ines-cordova","status":"publish","type":"post","link":"https:\/\/www.eldiario.net\/portal\/2024\/03\/08\/sala-temporal-de-la-casa-nacional-de-moneda-llevara-el-nombre-de-la-artista-ines-cordova\/","title":{"rendered":"Sala temporal de la Casa Nacional de Moneda llevar\u00e1 el nombre de la artista In\u00e9s C\u00f3rdova"},"content":{"rendered":"<p>En conmemoraci\u00f3n al D\u00eda Internacional de la Mujer, hoy se reabrir\u00e1 la sala de exposiciones temporales de la Casa Nacional de Moneda (CNM) con el nombre de In\u00e9s C\u00f3rdova, la multifac\u00e9tica artista nacida en la ciudad de Potos\u00ed.<br \/>\nLa propuesta fue bien acogida por la Fundaci\u00f3n Cultural del Banco Central de Bolivia, puesto que es un merecido reconocimiento a tan importante personalidad potosina que dedic\u00f3 su vida al arte, la alfarer\u00eda, orfebrer\u00eda, collage con textiles y metales, obras que ser\u00e1n expuestas en la sala que llevar\u00e1 su nombre durante los meses de marzo, abril y mayo.<br \/>\n\u201cEn un trabajo coordinado entre las direcciones, las jefaturas de museo y los curadores de la Casa Nacional de Moneda y el Museo Nacional de Arte de La Paz, se han seleccionado m\u00e1s de veinti\u00fan obras entre joyer\u00eda, pinturas y collages que ser\u00e1n expuestas por primera vez en la sala ubicada en la calle Ayacucho N\u00b02 del edificio del repositorio potosino\u201d, dijo el director de la CNM, Luis Arancibia.<br \/>\nLa decisi\u00f3n de la Direcci\u00f3n de la Ceca Potosina de nombrar In\u00e9s C\u00f3rdova a su sala de exposiciones temporales, responde a una pol\u00edtica institucional que busca visibilizar el nombre de artistas potosinos y de organizaciones de la sociedad civil que han encumbrado las artes, las culturas y, en general, la actividad intelectual con una proyecci\u00f3n nacional e internacional.<br \/>\nActualmente, dos de las salas de conferencias del repositorio llevan los nombres del colectivo de intelectuales y literatos \u201cGesta B\u00e1rbara\u201d y de la Sociedad Geogr\u00e1fica y de Historia \u201cPotos\u00ed\u201d, organizaci\u00f3n de investigadores, historiadores e intelectuales que, en su momento, era presidida por los directores de la CNM.<br \/>\nLa exposici\u00f3n llevar\u00e1 como t\u00edtulo: \u201cIn\u00e9s C\u00f3rdova, metal y fuego\u201d, puesto que ambos elementos se muestran como expresi\u00f3n de fuerza e intensidad manifiestas en la obra de C\u00f3rdova, que el p\u00fablico potosino podr\u00e1 apreciar durante los meses de marzo, abril y mayo.<br \/>\nIn\u00e9s C\u00f3rdova naci\u00f3 en Potos\u00ed el 15 de diciembre de 1924, sus inicios en el arte se ubican en su ni\u00f1ez con su encuentro con la arcilla, tiempo despu\u00e9s ingresar\u00eda a la Escuela de Bellas Artes teniendo como primer maestro a Jorge de la Reza. Comenz\u00f3 a exponer y viajar sola por su natal Potos\u00ed, Sucre, Cochabamba, Oruro y La Paz, para luego salir rumbo a R\u00edo de Janeiro, Brasil, donde expuso en la Escuela de Bellas Artes.<br \/>\nLa artista potosina dedic\u00f3 su vida al arte a lo largo de su vida, C\u00f3rdova realiz\u00f3 un sinn\u00famero de exposiciones.<br \/>\nIn\u00e9s se cas\u00f3 con el pintor Gil Iman\u00e1 y juntos realizaron los primeros murales en cer\u00e1mica en Bolivia, como los de la Facultad de Ingenier\u00eda de la Universidad Mayor de San Andr\u00e9s de La Paz, entre otras importantes obras.<\/p>\n","protected":false},"excerpt":{"rendered":"<p>En conmemoraci\u00f3n al D\u00eda Internacional de la Mujer, hoy se reabrir\u00e1 la sala de exposiciones temporales de la Casa Nacional de Moneda (CNM) con el nombre de In\u00e9s C\u00f3rdova, la multifac\u00e9tica artista nacida en la ciudad de Potos\u00ed. La propuesta fue bien acogida por la Fundaci\u00f3n Cultural del Banco Central de Bolivia, puesto que es [&hellip;]<\/p>\n","protected":false},"author":1,"featured_media":207066,"comment_status":"open","ping_status":"open","sticky":false,"template":"","format":"standard","meta":{"_acf_changed":false,"footnotes":""},"categories":[8],"tags":[],"class_list":["post-207065","post","type-post","status-publish","format-standard","has-post-thumbnail","category-cultural"],"acf":{"antetitulo":"Potos\u00ed"},"yoast_head":"<!-- This site is optimized with the Yoast SEO plugin v28.4 - https:\/\/yoast.com\/product\/yoast-seo-wordpress\/ -->\n<title>Sala temporal de la Casa Nacional de Moneda llevar\u00e1 el nombre de la artista In\u00e9s C\u00f3rdova - El Diario - Bolivia<\/title>\n<meta name=\"robots\" content=\"index, follow, max-snippet:-1, max-image-preview:large, max-video-preview:-1\" \/>\n<link rel=\"canonical\" href=\"https:\/\/www.eldiario.net\/portal\/2024\/03\/08\/sala-temporal-de-la-casa-nacional-de-moneda-llevara-el-nombre-de-la-artista-ines-cordova\/\" \/>\n<meta property=\"og:locale\" content=\"es_ES\" \/>\n<meta property=\"og:type\" content=\"article\" \/>\n<meta property=\"og:title\" content=\"Sala temporal de la Casa Nacional de Moneda llevar\u00e1 el nombre de la artista In\u00e9s C\u00f3rdova - El Diario - Bolivia\" \/>\n<meta property=\"og:description\" content=\"En conmemoraci\u00f3n al D\u00eda Internacional de la Mujer, hoy se reabrir\u00e1 la sala de exposiciones temporales de la Casa Nacional de Moneda (CNM) con el nombre de In\u00e9s C\u00f3rdova, la multifac\u00e9tica artista nacida en la ciudad de Potos\u00ed. La propuesta fue bien acogida por la Fundaci\u00f3n Cultural del Banco Central de Bolivia, puesto que es [&hellip;]\" \/>\n<meta property=\"og:url\" content=\"https:\/\/www.eldiario.net\/portal\/2024\/03\/08\/sala-temporal-de-la-casa-nacional-de-moneda-llevara-el-nombre-de-la-artista-ines-cordova\/\" \/>\n<meta property=\"og:site_name\" content=\"El Diario - Bolivia\" \/>\n<meta property=\"article:publisher\" content=\"https:\/\/www.facebook.com\/eldiario.bolivia\/\" \/>\n<meta property=\"article:published_time\" content=\"2024-03-08T11:01:20+00:00\" \/>\n<meta property=\"og:image\" content=\"https:\/\/www.eldiario.net\/portal\/wp-content\/uploads\/2024\/03\/INES-e1709895674294.jpeg\" \/>\n\t<meta property=\"og:image:width\" content=\"878\" \/>\n\t<meta property=\"og:image:height\" content=\"1024\" \/>\n\t<meta property=\"og:image:type\" content=\"image\/jpeg\" \/>\n<meta name=\"author\" content=\"Jeanette\" \/>\n<meta name=\"twitter:card\" content=\"summary_large_image\" \/>\n<meta name=\"twitter:creator\" content=\"@eldiario_net\" \/>\n<meta name=\"twitter:site\" content=\"@eldiario_net\" \/>\n<meta name=\"twitter:label1\" content=\"Escrito por\" \/>\n\t<meta name=\"twitter:data1\" content=\"Jeanette\" \/>\n\t<meta name=\"twitter:label2\" content=\"Tiempo de lectura\" \/>\n\t<meta name=\"twitter:data2\" content=\"3 minutos\" \/>\n<script type=\"application\/ld+json\" class=\"yoast-schema-graph\">{\"@context\":\"https:\\\/\\\/schema.org\",\"@graph\":[{\"@type\":\"Article\",\"@id\":\"https:\\\/\\\/www.eldiario.net\\\/portal\\\/2024\\\/03\\\/08\\\/sala-temporal-de-la-casa-nacional-de-moneda-llevara-el-nombre-de-la-artista-ines-cordova\\\/#article\",\"isPartOf\":{\"@id\":\"https:\\\/\\\/www.eldiario.net\\\/portal\\\/2024\\\/03\\\/08\\\/sala-temporal-de-la-casa-nacional-de-moneda-llevara-el-nombre-de-la-artista-ines-cordova\\\/\"},\"author\":{\"name\":\"Jeanette\",\"@id\":\"https:\\\/\\\/www.eldiario.net\\\/portal\\\/#\\\/schema\\\/person\\\/2c57cf2b7a7ae032e449e4c9b1019eac\"},\"headline\":\"Sala temporal de la Casa Nacional de Moneda llevar\u00e1 el nombre de la artista In\u00e9s C\u00f3rdova\",\"datePublished\":\"2024-03-08T11:01:20+00:00\",\"mainEntityOfPage\":{\"@id\":\"https:\\\/\\\/www.eldiario.net\\\/portal\\\/2024\\\/03\\\/08\\\/sala-temporal-de-la-casa-nacional-de-moneda-llevara-el-nombre-de-la-artista-ines-cordova\\\/\"},\"wordCount\":506,\"commentCount\":0,\"publisher\":{\"@id\":\"https:\\\/\\\/www.eldiario.net\\\/portal\\\/#organization\"},\"image\":{\"@id\":\"https:\\\/\\\/www.eldiario.net\\\/portal\\\/2024\\\/03\\\/08\\\/sala-temporal-de-la-casa-nacional-de-moneda-llevara-el-nombre-de-la-artista-ines-cordova\\\/#primaryimage\"},\"thumbnailUrl\":\"https:\\\/\\\/www.eldiario.net\\\/portal\\\/wp-content\\\/uploads\\\/2024\\\/03\\\/INES-e1709895674294.jpeg\",\"articleSection\":[\"Cultural\"],\"inLanguage\":\"es\",\"potentialAction\":[{\"@type\":\"CommentAction\",\"name\":\"Comment\",\"target\":[\"https:\\\/\\\/www.eldiario.net\\\/portal\\\/2024\\\/03\\\/08\\\/sala-temporal-de-la-casa-nacional-de-moneda-llevara-el-nombre-de-la-artista-ines-cordova\\\/#respond\"]}]},{\"@type\":\"WebPage\",\"@id\":\"https:\\\/\\\/www.eldiario.net\\\/portal\\\/2024\\\/03\\\/08\\\/sala-temporal-de-la-casa-nacional-de-moneda-llevara-el-nombre-de-la-artista-ines-cordova\\\/\",\"url\":\"https:\\\/\\\/www.eldiario.net\\\/portal\\\/2024\\\/03\\\/08\\\/sala-temporal-de-la-casa-nacional-de-moneda-llevara-el-nombre-de-la-artista-ines-cordova\\\/\",\"name\":\"Sala temporal de la Casa Nacional de Moneda llevar\u00e1 el nombre de la artista In\u00e9s C\u00f3rdova - El Diario - Bolivia\",\"isPartOf\":{\"@id\":\"https:\\\/\\\/www.eldiario.net\\\/portal\\\/#website\"},\"primaryImageOfPage\":{\"@id\":\"https:\\\/\\\/www.eldiario.net\\\/portal\\\/2024\\\/03\\\/08\\\/sala-temporal-de-la-casa-nacional-de-moneda-llevara-el-nombre-de-la-artista-ines-cordova\\\/#primaryimage\"},\"image\":{\"@id\":\"https:\\\/\\\/www.eldiario.net\\\/portal\\\/2024\\\/03\\\/08\\\/sala-temporal-de-la-casa-nacional-de-moneda-llevara-el-nombre-de-la-artista-ines-cordova\\\/#primaryimage\"},\"thumbnailUrl\":\"https:\\\/\\\/www.eldiario.net\\\/portal\\\/wp-content\\\/uploads\\\/2024\\\/03\\\/INES-e1709895674294.jpeg\",\"datePublished\":\"2024-03-08T11:01:20+00:00\",\"breadcrumb\":{\"@id\":\"https:\\\/\\\/www.eldiario.net\\\/portal\\\/2024\\\/03\\\/08\\\/sala-temporal-de-la-casa-nacional-de-moneda-llevara-el-nombre-de-la-artista-ines-cordova\\\/#breadcrumb\"},\"inLanguage\":\"es\",\"potentialAction\":[{\"@type\":\"ReadAction\",\"target\":[\"https:\\\/\\\/www.eldiario.net\\\/portal\\\/2024\\\/03\\\/08\\\/sala-temporal-de-la-casa-nacional-de-moneda-llevara-el-nombre-de-la-artista-ines-cordova\\\/\"]}]},{\"@type\":\"ImageObject\",\"inLanguage\":\"es\",\"@id\":\"https:\\\/\\\/www.eldiario.net\\\/portal\\\/2024\\\/03\\\/08\\\/sala-temporal-de-la-casa-nacional-de-moneda-llevara-el-nombre-de-la-artista-ines-cordova\\\/#primaryimage\",\"url\":\"https:\\\/\\\/www.eldiario.net\\\/portal\\\/wp-content\\\/uploads\\\/2024\\\/03\\\/INES-e1709895674294.jpeg\",\"contentUrl\":\"https:\\\/\\\/www.eldiario.net\\\/portal\\\/wp-content\\\/uploads\\\/2024\\\/03\\\/INES-e1709895674294.jpeg\",\"width\":878,\"height\":1024,\"caption\":\"LA ARTISTA POTOSINA DEDIC\u00d3 SU VIDA AL ARTE.\"},{\"@type\":\"BreadcrumbList\",\"@id\":\"https:\\\/\\\/www.eldiario.net\\\/portal\\\/2024\\\/03\\\/08\\\/sala-temporal-de-la-casa-nacional-de-moneda-llevara-el-nombre-de-la-artista-ines-cordova\\\/#breadcrumb\",\"itemListElement\":[{\"@type\":\"ListItem\",\"position\":1,\"name\":\"Portada\",\"item\":\"https:\\\/\\\/www.eldiario.net\\\/portal\\\/\"},{\"@type\":\"ListItem\",\"position\":2,\"name\":\"Sala temporal de la Casa Nacional de Moneda llevar\u00e1 el nombre de la artista In\u00e9s C\u00f3rdova\"}]},{\"@type\":\"WebSite\",\"@id\":\"https:\\\/\\\/www.eldiario.net\\\/portal\\\/#website\",\"url\":\"https:\\\/\\\/www.eldiario.net\\\/portal\\\/\",\"name\":\"El Diario - Decano de la prensa nacional\",\"description\":\"El Diario - Decano de la prensa nacional\",\"publisher\":{\"@id\":\"https:\\\/\\\/www.eldiario.net\\\/portal\\\/#organization\"},\"potentialAction\":[{\"@type\":\"SearchAction\",\"target\":{\"@type\":\"EntryPoint\",\"urlTemplate\":\"https:\\\/\\\/www.eldiario.net\\\/portal\\\/?s={search_term_string}\"},\"query-input\":{\"@type\":\"PropertyValueSpecification\",\"valueRequired\":true,\"valueName\":\"search_term_string\"}}],\"inLanguage\":\"es\"},{\"@type\":\"Organization\",\"@id\":\"https:\\\/\\\/www.eldiario.net\\\/portal\\\/#organization\",\"name\":\"El Diario - Decano de la prensa nacional\",\"url\":\"https:\\\/\\\/www.eldiario.net\\\/portal\\\/\",\"logo\":{\"@type\":\"ImageObject\",\"inLanguage\":\"es\",\"@id\":\"https:\\\/\\\/www.eldiario.net\\\/portal\\\/#\\\/schema\\\/logo\\\/image\\\/\",\"url\":\"https:\\\/\\\/www.eldiario.net\\\/portal\\\/wp-content\\\/uploads\\\/2023\\\/07\\\/logo_ED.jpg\",\"contentUrl\":\"https:\\\/\\\/www.eldiario.net\\\/portal\\\/wp-content\\\/uploads\\\/2023\\\/07\\\/logo_ED.jpg\",\"width\":272,\"height\":52,\"caption\":\"El Diario - Decano de la prensa nacional\"},\"image\":{\"@id\":\"https:\\\/\\\/www.eldiario.net\\\/portal\\\/#\\\/schema\\\/logo\\\/image\\\/\"},\"sameAs\":[\"https:\\\/\\\/www.facebook.com\\\/eldiario.bolivia\\\/\",\"https:\\\/\\\/x.com\\\/eldiario_net\"]},{\"@type\":\"Person\",\"@id\":\"https:\\\/\\\/www.eldiario.net\\\/portal\\\/#\\\/schema\\\/person\\\/2c57cf2b7a7ae032e449e4c9b1019eac\",\"name\":\"Jeanette\",\"image\":{\"@type\":\"ImageObject\",\"inLanguage\":\"es\",\"@id\":\"https:\\\/\\\/secure.gravatar.com\\\/avatar\\\/3ea2118a5f7dad2b7138b1187a6b7ee55f160b9968b66013c3a3ef39dd7e5798?s=96&d=mm&r=g\",\"url\":\"https:\\\/\\\/secure.gravatar.com\\\/avatar\\\/3ea2118a5f7dad2b7138b1187a6b7ee55f160b9968b66013c3a3ef39dd7e5798?s=96&d=mm&r=g\",\"contentUrl\":\"https:\\\/\\\/secure.gravatar.com\\\/avatar\\\/3ea2118a5f7dad2b7138b1187a6b7ee55f160b9968b66013c3a3ef39dd7e5798?s=96&d=mm&r=g\",\"caption\":\"Jeanette\"},\"sameAs\":[\"https:\\\/\\\/www.eldiario.net\\\/portal\"],\"url\":\"https:\\\/\\\/www.eldiario.net\\\/portal\\\/author\\\/jeanette\\\/\"}]}<\/script>\n<!-- \/ Yoast SEO plugin. -->","yoast_head_json":{"title":"Sala temporal de la Casa Nacional de Moneda llevar\u00e1 el nombre de la artista In\u00e9s C\u00f3rdova - El Diario - Bolivia","robots":{"index":"index","follow":"follow","max-snippet":"max-snippet:-1","max-image-preview":"max-image-preview:large","max-video-preview":"max-video-preview:-1"},"canonical":"https:\/\/www.eldiario.net\/portal\/2024\/03\/08\/sala-temporal-de-la-casa-nacional-de-moneda-llevara-el-nombre-de-la-artista-ines-cordova\/","og_locale":"es_ES","og_type":"article","og_title":"Sala temporal de la Casa Nacional de Moneda llevar\u00e1 el nombre de la artista In\u00e9s C\u00f3rdova - El Diario - Bolivia","og_description":"En conmemoraci\u00f3n al D\u00eda Internacional de la Mujer, hoy se reabrir\u00e1 la sala de exposiciones temporales de la Casa Nacional de Moneda (CNM) con el nombre de In\u00e9s C\u00f3rdova, la multifac\u00e9tica artista nacida en la ciudad de Potos\u00ed. La propuesta fue bien acogida por la Fundaci\u00f3n Cultural del Banco Central de Bolivia, puesto que es [&hellip;]","og_url":"https:\/\/www.eldiario.net\/portal\/2024\/03\/08\/sala-temporal-de-la-casa-nacional-de-moneda-llevara-el-nombre-de-la-artista-ines-cordova\/","og_site_name":"El Diario - Bolivia","article_publisher":"https:\/\/www.facebook.com\/eldiario.bolivia\/","article_published_time":"2024-03-08T11:01:20+00:00","og_image":[{"width":878,"height":1024,"url":"https:\/\/www.eldiario.net\/portal\/wp-content\/uploads\/2024\/03\/INES-e1709895674294.jpeg","type":"image\/jpeg"}],"author":"Jeanette","twitter_card":"summary_large_image","twitter_creator":"@eldiario_net","twitter_site":"@eldiario_net","twitter_misc":{"Escrito por":"Jeanette","Tiempo de lectura":"3 minutos"},"schema":{"@context":"https:\/\/schema.org","@graph":[{"@type":"Article","@id":"https:\/\/www.eldiario.net\/portal\/2024\/03\/08\/sala-temporal-de-la-casa-nacional-de-moneda-llevara-el-nombre-de-la-artista-ines-cordova\/#article","isPartOf":{"@id":"https:\/\/www.eldiario.net\/portal\/2024\/03\/08\/sala-temporal-de-la-casa-nacional-de-moneda-llevara-el-nombre-de-la-artista-ines-cordova\/"},"author":{"name":"Jeanette","@id":"https:\/\/www.eldiario.net\/portal\/#\/schema\/person\/2c57cf2b7a7ae032e449e4c9b1019eac"},"headline":"Sala temporal de la Casa Nacional de Moneda llevar\u00e1 el nombre de la artista In\u00e9s C\u00f3rdova","datePublished":"2024-03-08T11:01:20+00:00","mainEntityOfPage":{"@id":"https:\/\/www.eldiario.net\/portal\/2024\/03\/08\/sala-temporal-de-la-casa-nacional-de-moneda-llevara-el-nombre-de-la-artista-ines-cordova\/"},"wordCount":506,"commentCount":0,"publisher":{"@id":"https:\/\/www.eldiario.net\/portal\/#organization"},"image":{"@id":"https:\/\/www.eldiario.net\/portal\/2024\/03\/08\/sala-temporal-de-la-casa-nacional-de-moneda-llevara-el-nombre-de-la-artista-ines-cordova\/#primaryimage"},"thumbnailUrl":"https:\/\/www.eldiario.net\/portal\/wp-content\/uploads\/2024\/03\/INES-e1709895674294.jpeg","articleSection":["Cultural"],"inLanguage":"es","potentialAction":[{"@type":"CommentAction","name":"Comment","target":["https:\/\/www.eldiario.net\/portal\/2024\/03\/08\/sala-temporal-de-la-casa-nacional-de-moneda-llevara-el-nombre-de-la-artista-ines-cordova\/#respond"]}]},{"@type":"WebPage","@id":"https:\/\/www.eldiario.net\/portal\/2024\/03\/08\/sala-temporal-de-la-casa-nacional-de-moneda-llevara-el-nombre-de-la-artista-ines-cordova\/","url":"https:\/\/www.eldiario.net\/portal\/2024\/03\/08\/sala-temporal-de-la-casa-nacional-de-moneda-llevara-el-nombre-de-la-artista-ines-cordova\/","name":"Sala temporal de la Casa Nacional de Moneda llevar\u00e1 el nombre de la artista In\u00e9s C\u00f3rdova - El Diario - Bolivia","isPartOf":{"@id":"https:\/\/www.eldiario.net\/portal\/#website"},"primaryImageOfPage":{"@id":"https:\/\/www.eldiario.net\/portal\/2024\/03\/08\/sala-temporal-de-la-casa-nacional-de-moneda-llevara-el-nombre-de-la-artista-ines-cordova\/#primaryimage"},"image":{"@id":"https:\/\/www.eldiario.net\/portal\/2024\/03\/08\/sala-temporal-de-la-casa-nacional-de-moneda-llevara-el-nombre-de-la-artista-ines-cordova\/#primaryimage"},"thumbnailUrl":"https:\/\/www.eldiario.net\/portal\/wp-content\/uploads\/2024\/03\/INES-e1709895674294.jpeg","datePublished":"2024-03-08T11:01:20+00:00","breadcrumb":{"@id":"https:\/\/www.eldiario.net\/portal\/2024\/03\/08\/sala-temporal-de-la-casa-nacional-de-moneda-llevara-el-nombre-de-la-artista-ines-cordova\/#breadcrumb"},"inLanguage":"es","potentialAction":[{"@type":"ReadAction","target":["https:\/\/www.eldiario.net\/portal\/2024\/03\/08\/sala-temporal-de-la-casa-nacional-de-moneda-llevara-el-nombre-de-la-artista-ines-cordova\/"]}]},{"@type":"ImageObject","inLanguage":"es","@id":"https:\/\/www.eldiario.net\/portal\/2024\/03\/08\/sala-temporal-de-la-casa-nacional-de-moneda-llevara-el-nombre-de-la-artista-ines-cordova\/#primaryimage","url":"https:\/\/www.eldiario.net\/portal\/wp-content\/uploads\/2024\/03\/INES-e1709895674294.jpeg","contentUrl":"https:\/\/www.eldiario.net\/portal\/wp-content\/uploads\/2024\/03\/INES-e1709895674294.jpeg","width":878,"height":1024,"caption":"LA ARTISTA POTOSINA DEDIC\u00d3 SU VIDA AL ARTE."},{"@type":"BreadcrumbList","@id":"https:\/\/www.eldiario.net\/portal\/2024\/03\/08\/sala-temporal-de-la-casa-nacional-de-moneda-llevara-el-nombre-de-la-artista-ines-cordova\/#breadcrumb","itemListElement":[{"@type":"ListItem","position":1,"name":"Portada","item":"https:\/\/www.eldiario.net\/portal\/"},{"@type":"ListItem","position":2,"name":"Sala temporal de la Casa Nacional de Moneda llevar\u00e1 el nombre de la artista In\u00e9s C\u00f3rdova"}]},{"@type":"WebSite","@id":"https:\/\/www.eldiario.net\/portal\/#website","url":"https:\/\/www.eldiario.net\/portal\/","name":"El Diario - Decano de la prensa nacional","description":"El Diario - Decano de la prensa nacional","publisher":{"@id":"https:\/\/www.eldiario.net\/portal\/#organization"},"potentialAction":[{"@type":"SearchAction","target":{"@type":"EntryPoint","urlTemplate":"https:\/\/www.eldiario.net\/portal\/?s={search_term_string}"},"query-input":{"@type":"PropertyValueSpecification","valueRequired":true,"valueName":"search_term_string"}}],"inLanguage":"es"},{"@type":"Organization","@id":"https:\/\/www.eldiario.net\/portal\/#organization","name":"El Diario - Decano de la prensa nacional","url":"https:\/\/www.eldiario.net\/portal\/","logo":{"@type":"ImageObject","inLanguage":"es","@id":"https:\/\/www.eldiario.net\/portal\/#\/schema\/logo\/image\/","url":"https:\/\/www.eldiario.net\/portal\/wp-content\/uploads\/2023\/07\/logo_ED.jpg","contentUrl":"https:\/\/www.eldiario.net\/portal\/wp-content\/uploads\/2023\/07\/logo_ED.jpg","width":272,"height":52,"caption":"El Diario - Decano de la prensa nacional"},"image":{"@id":"https:\/\/www.eldiario.net\/portal\/#\/schema\/logo\/image\/"},"sameAs":["https:\/\/www.facebook.com\/eldiario.bolivia\/","https:\/\/x.com\/eldiario_net"]},{"@type":"Person","@id":"https:\/\/www.eldiario.net\/portal\/#\/schema\/person\/2c57cf2b7a7ae032e449e4c9b1019eac","name":"Jeanette","image":{"@type":"ImageObject","inLanguage":"es","@id":"https:\/\/secure.gravatar.com\/avatar\/3ea2118a5f7dad2b7138b1187a6b7ee55f160b9968b66013c3a3ef39dd7e5798?s=96&d=mm&r=g","url":"https:\/\/secure.gravatar.com\/avatar\/3ea2118a5f7dad2b7138b1187a6b7ee55f160b9968b66013c3a3ef39dd7e5798?s=96&d=mm&r=g","contentUrl":"https:\/\/secure.gravatar.com\/avatar\/3ea2118a5f7dad2b7138b1187a6b7ee55f160b9968b66013c3a3ef39dd7e5798?s=96&d=mm&r=g","caption":"Jeanette"},"sameAs":["https:\/\/www.eldiario.net\/portal"],"url":"https:\/\/www.eldiario.net\/portal\/author\/jeanette\/"}]}},"_links":{"self":[{"href":"https:\/\/www.eldiario.net\/portal\/wp-json\/wp\/v2\/posts\/207065","targetHints":{"allow":["GET"]}}],"collection":[{"href":"https:\/\/www.eldiario.net\/portal\/wp-json\/wp\/v2\/posts"}],"about":[{"href":"https:\/\/www.eldiario.net\/portal\/wp-json\/wp\/v2\/types\/post"}],"author":[{"embeddable":true,"href":"https:\/\/www.eldiario.net\/portal\/wp-json\/wp\/v2\/users\/1"}],"replies":[{"embeddable":true,"href":"https:\/\/www.eldiario.net\/portal\/wp-json\/wp\/v2\/comments?post=207065"}],"version-history":[{"count":1,"href":"https:\/\/www.eldiario.net\/portal\/wp-json\/wp\/v2\/posts\/207065\/revisions"}],"predecessor-version":[{"id":207067,"href":"https:\/\/www.eldiario.net\/portal\/wp-json\/wp\/v2\/posts\/207065\/revisions\/207067"}],"wp:featuredmedia":[{"embeddable":true,"href":"https:\/\/www.eldiario.net\/portal\/wp-json\/wp\/v2\/media\/207066"}],"wp:attachment":[{"href":"https:\/\/www.eldiario.net\/portal\/wp-json\/wp\/v2\/media?parent=207065"}],"wp:term":[{"taxonomy":"category","embeddable":true,"href":"https:\/\/www.eldiario.net\/portal\/wp-json\/wp\/v2\/categories?post=207065"},{"taxonomy":"post_tag","embeddable":true,"href":"https:\/\/www.eldiario.net\/portal\/wp-json\/wp\/v2\/tags?post=207065"}],"curies":[{"name":"wp","href":"https:\/\/api.w.org\/{rel}","templated":true}]}}