{"id":20674,"date":"2021-08-01T05:20:29","date_gmt":"2021-08-01T09:20:29","guid":{"rendered":"https:\/\/www.eldiario.net\/portal\/?p=20674"},"modified":"2021-08-01T05:20:29","modified_gmt":"2021-08-01T09:20:29","slug":"amilcar-barral-pide-auditar-designacion-de-169-jueces","status":"publish","type":"post","link":"https:\/\/www.eldiario.net\/portal\/2021\/08\/01\/amilcar-barral-pide-auditar-designacion-de-169-jueces\/","title":{"rendered":"Amilcar Barral pide auditar  designaci\u00f3n de 169 jueces"},"content":{"rendered":"<p>Despu\u00e9s del cese de sus funciones de los consejeros de la Magistratura Dolka G\u00f3mez y Gonzalo Alc\u00f3n, el exdiputado y excandidato a alcalde de La Paz Amilcar Barral solicita una auditor\u00eda a la designaci\u00f3n de 169 jueces. El exlegislador aclar\u00f3 a EL DIARIO que por \u201cirregularidades\u201d en esa elecci\u00f3n, los ahora exmagistrados fueron a un juicio de responsabilidades en la Asamblea Legislativa.<br \/>\nEl exlegislador manifest\u00f3 que, el pasado viernes, realiz\u00f3 la solicitud de auditor\u00eda al presidente del Consejo de la Magistratura, Omar Michel, y la Sala Plena de esa instancia, por la designaci\u00f3n ilegal de 169 jueces en todo el pa\u00eds, misma que fue acompa\u00f1ada con toda la investigaci\u00f3n que se hizo en la Asamblea Legislativa.<br \/>\n\u201cHemos presentado formalmente con una nota y las pruebas correspondientes ante el pleno del Consejo de la Magistratura para que los exconsejeros Gonzalo Alc\u00f3n y Dolka G\u00f3mez sean investigados por la designaci\u00f3n de 169 jueces\u201d, dijo.<br \/>\nRecord\u00f3 que cuando era diputado, en coordinaci\u00f3n con legisladores del Movimiento al Socialismo (MAS) impuls\u00f3 un juicio de responsabilidades contra los magistrados por haber \u201ccobrado\u201d para la designaci\u00f3n de jueces.<br \/>\n\u201cExisten en el pa\u00eds 169 jueces que quedan dudas de c\u00f3mo han sido designados por estos dos exmagistrados. No simplemente tendr\u00eda que terminar con la salida de los consejeros, sino que hay que investigar c\u00f3mo se realiz\u00f3 la selecci\u00f3n, c\u00f3mo se design\u00f3 a la funcionarios de Derechos Reales\u201d, dijo.<br \/>\nAsimismo, adelant\u00f3 que har\u00e1 llegar las copias de la investigaci\u00f3n, que la Asamblea Legislativa realiz\u00f3 contra G\u00f3mez y Alc\u00f3n, al ministro de Justicia, Iv\u00e1n Lima, y al presidente de la C\u00e1mara de Diputados, para que reabran el caso.<\/p>\n<p>JUICIO DE<br \/>\nRESPONSABILIDADES<br \/>\nBarral apunt\u00f3 que en el juicio de responsabilidades, que se inici\u00f3 en la Asamblea Legislativa, lleg\u00f3 hasta la imputaci\u00f3n formal, porque todas las denuncias fueron sustentadas con pruebas, documentos, testigos y v\u00edctimas m\u00faltiples y cuyo monto de extorsi\u00f3n y cobros irregulares sumaban al menos dos millones de d\u00f3lares.<br \/>\n\u201cEste proceso lleg\u00f3 hasta la emisi\u00f3n de informe de imputaci\u00f3n formal, aprobado por unanimidad en la Comisi\u00f3n de Justicia Plural, en septiembre de 2020, actualmente tiene una apelaci\u00f3n pendiente, porque la Comisi\u00f3n de Constituci\u00f3n de forma irregular benefici\u00f3 a los consejeros tratando de anular obrados en m\u00e1s de una oportunidad\u201d, explic\u00f3 Barral.<\/p>\n<p>DESIGNACIONES<br \/>\nIRREGULARES<br \/>\nBarral apunt\u00f3 que la Comisi\u00f3n de Justicia Plural y Ministerio Publico, de la gesti\u00f3n 2019 \u2013 2020, evidenci\u00f3 que en fecha 11 de octubre de 2019, se design\u00f3 como juez de Instrucci\u00f3n Penal de Cochabamba a Wilson G. S. P., quien tiene sentencia N\u00b0 47\/2019 de 30 de julio de 2019.<br \/>\nAsimismo, refiri\u00f3 que en fecha 10 de octubre de 2019, se nombr\u00f3 al abogado Freddy G. Ch. C., como juez de Instrucci\u00f3n Penal de El Alto, actualmente, sometido a un proceso penal en su contra por soborno a v\u00edctimas de feminicidio, cohecho y falsedad material e ideol\u00f3gica.<br \/>\nEn fecha 10 de octubre de 2019, se design\u00f3 a Ana A. Q. C., como juez P\u00fablico Civil de Oruro, qui\u00e9n es la esposa del actual asesor de Presidencia del Consejo de la Magistratura, Rafael P. T. L.<br \/>\nEn fecha 10 de octubre de 2019, se design\u00f3 como juez P\u00fablico Mixto Civil y Comercial, de Santa Cruz, a Julio C. G. C., quien fue destituido como juez Disciplinario del Distrito Judicial de Pando.<br \/>\nAsimismo Barral en coincidencia con el exlegislador, V\u00edctor Borda, refiri\u00f3 que design\u00f3 a los peores calificados, reprobados, a los que ocuparon el quinto, sexto y s\u00e9ptimo lugar, excluyendo a los mejores calificados.<br \/>\nEntre otras irregularidades cometidas por los consejeros est\u00e1 el traslado de jueces de provincia a capital, de forma discrecional y la designaci\u00f3n de \u201camigos y funcionarios del Consejo de la Magistratura\u201d como jueces.<\/p>\n<p>JUECES CON<br \/>\nPROCESOS PENALES<br \/>\nSe designaron como jueces a 19 personas que ten\u00edan procesos penales en curso, por delitos que van desde incumplimiento de deberes hasta estafa y robo.<br \/>\nAnte la Comisi\u00f3n de Justicia Plural declararon testigos que indicaron que para la designaci\u00f3n de jueces, los consejeros cobraron entre 15.000 a 25.000 mil d\u00f3lares.<\/p>\n<p>PRUEBAS<br \/>\nBarral apunt\u00f3 que en la Comisi\u00f3n de Justicia Plural de la C\u00e1mara de Diputados, se quedaron pruebas como documentaci\u00f3n probatoria, declaraciones de testigos y v\u00edctimas, audios, declaraciones informativas, m\u00e1s de 1000 hojas de pruebas recolectadas durante m\u00e1s de un a\u00f1o de investigaci\u00f3n, mismas que confirman las designaciones ilegales y los cobros por \u201cventa de pegas\u201d.<\/p>\n<p>IMPUTACI\u00d3N<br \/>\nEl exlegislador record\u00f3 que en septiembre de 2020, la Comisi\u00f3n de Justicia Plural, Ministerio P\u00fablico y Defensa Legal del Estado, aprob\u00f3, por unanimidad, el informe preliminar, CMPDLE N\u00b0 11\/2019-2020 de imputaci\u00f3n formal, por los delitos de uso indebido de influencias, beneficios en raz\u00f3n del cargo, concusi\u00f3n, incumplimiento de deberes y nombramientos ilegales, previstos en los art\u00edculos 146, 147, 151, 154 y 157 del C\u00f3digo Penal, contra Gonzalo Alc\u00f3n Aliaga y Dolka Vanessa G\u00f3mez Espada, con da\u00f1os econ\u00f3micos al Estado que superan los dos millones de d\u00f3lares, con v\u00edctimas m\u00faltiples, provenientes de cobros por venta de cargos y otras extorciones.<\/p>\n<p>CESE DE FUNCIONES<br \/>\nEl 29 de julio, los consejeros Marvin Molina y Sandra Soto remplazaron a las exautoridades Gonzalo Alc\u00f3n y la Dolka G\u00f3mez, que fueron cesados del cargo \u201cipso iure\u201d mediante la Resoluci\u00f3n Constitucional N\u00b0 150\/2021 de 26 de julio y Auto Complementario de 28 de julio de 2021, emitido por la Sala Constitucional 2da del Tribunal Departamental de Justicia de La Paz.<\/p>\n<div id='gallery-1' class='gallery galleryid-20674 gallery-columns-3 gallery-size-medium'><figure class='gallery-item'>\n\t\t\t<div class='gallery-icon landscape'>\n\t\t\t\t<a href='https:\/\/www.eldiario.net\/portal\/2021\/08\/01\/amilcar-barral-pide-auditar-designacion-de-169-jueces\/soto\/'><img loading=\"lazy\" decoding=\"async\" width=\"300\" height=\"200\" src=\"https:\/\/www.eldiario.net\/portal\/wp-content\/uploads\/2021\/08\/SOTO-300x200.jpg\" class=\"attachment-medium size-medium\" alt=\"\" aria-describedby=\"gallery-1-20679\" srcset=\"https:\/\/www.eldiario.net\/portal\/wp-content\/uploads\/2021\/08\/SOTO-300x200.jpg 300w, https:\/\/www.eldiario.net\/portal\/wp-content\/uploads\/2021\/08\/SOTO-1024x682.jpg 1024w, https:\/\/www.eldiario.net\/portal\/wp-content\/uploads\/2021\/08\/SOTO-768x512.jpg 768w, https:\/\/www.eldiario.net\/portal\/wp-content\/uploads\/2021\/08\/SOTO-696x464.jpg 696w, https:\/\/www.eldiario.net\/portal\/wp-content\/uploads\/2021\/08\/SOTO-1068x712.jpg 1068w, https:\/\/www.eldiario.net\/portal\/wp-content\/uploads\/2021\/08\/SOTO.jpg 1280w\" sizes=\"auto, (max-width: 300px) 100vw, 300px\" \/><\/a>\n\t\t\t<\/div>\n\t\t\t\t<figcaption class='wp-caption-text gallery-caption' id='gallery-1-20679'>\n\t\t\t\tSANDRA SOTO, CONSEJERA DE LA MAGISTRATURA.\n\t\t\t\t<\/figcaption><\/figure>\n\t\t<\/div>\n\n","protected":false},"excerpt":{"rendered":"<p>Despu\u00e9s del cese de sus funciones de los consejeros de la Magistratura Dolka G\u00f3mez y Gonzalo Alc\u00f3n, el exdiputado y excandidato a alcalde de La Paz Amilcar Barral solicita una auditor\u00eda a la designaci\u00f3n de 169 jueces. El exlegislador aclar\u00f3 a EL DIARIO que por \u201cirregularidades\u201d en esa elecci\u00f3n, los ahora exmagistrados fueron a un [&hellip;]<\/p>\n","protected":false},"author":1,"featured_media":20675,"comment_status":"closed","ping_status":"closed","sticky":false,"template":"","format":"standard","meta":{"_acf_changed":false,"footnotes":""},"categories":[39],"tags":[],"class_list":["post-20674","post","type-post","status-publish","format-standard","has-post-thumbnail","category-sociedad"],"acf":{"antetitulo":""},"yoast_head":"<!-- This site is optimized with the Yoast SEO plugin v28.4 - https:\/\/yoast.com\/product\/yoast-seo-wordpress\/ -->\n<title>Amilcar Barral pide auditar designaci\u00f3n de 169 jueces - El Diario - Bolivia<\/title>\n<meta name=\"robots\" content=\"index, follow, max-snippet:-1, max-image-preview:large, max-video-preview:-1\" \/>\n<link rel=\"canonical\" href=\"https:\/\/www.eldiario.net\/portal\/2021\/08\/01\/amilcar-barral-pide-auditar-designacion-de-169-jueces\/\" \/>\n<meta property=\"og:locale\" content=\"es_ES\" \/>\n<meta property=\"og:type\" content=\"article\" \/>\n<meta property=\"og:title\" content=\"Amilcar Barral pide auditar designaci\u00f3n de 169 jueces - El Diario - Bolivia\" \/>\n<meta property=\"og:description\" content=\"Despu\u00e9s del cese de sus funciones de los consejeros de la Magistratura Dolka G\u00f3mez y Gonzalo Alc\u00f3n, el exdiputado y excandidato a alcalde de La Paz Amilcar Barral solicita una auditor\u00eda a la designaci\u00f3n de 169 jueces. El exlegislador aclar\u00f3 a EL DIARIO que por \u201cirregularidades\u201d en esa elecci\u00f3n, los ahora exmagistrados fueron a un [&hellip;]\" \/>\n<meta property=\"og:url\" content=\"https:\/\/www.eldiario.net\/portal\/2021\/08\/01\/amilcar-barral-pide-auditar-designacion-de-169-jueces\/\" \/>\n<meta property=\"og:site_name\" content=\"El Diario - Bolivia\" \/>\n<meta property=\"article:publisher\" content=\"https:\/\/www.facebook.com\/eldiario.bolivia\/\" \/>\n<meta property=\"article:published_time\" content=\"2021-08-01T09:20:29+00:00\" \/>\n<meta property=\"og:image\" content=\"https:\/\/www.eldiario.net\/portal\/wp-content\/uploads\/2021\/08\/BARRAL.jpg\" \/>\n\t<meta property=\"og:image:width\" content=\"1600\" \/>\n\t<meta property=\"og:image:height\" content=\"736\" \/>\n\t<meta property=\"og:image:type\" content=\"image\/jpeg\" \/>\n<meta name=\"author\" content=\"Jeanette\" \/>\n<meta name=\"twitter:card\" content=\"summary_large_image\" \/>\n<meta name=\"twitter:creator\" content=\"@eldiario_net\" \/>\n<meta name=\"twitter:site\" content=\"@eldiario_net\" \/>\n<meta name=\"twitter:label1\" content=\"Escrito por\" \/>\n\t<meta name=\"twitter:data1\" content=\"Jeanette\" \/>\n\t<meta name=\"twitter:label2\" content=\"Tiempo de lectura\" \/>\n\t<meta name=\"twitter:data2\" content=\"4 minutos\" \/>\n<script type=\"application\/ld+json\" class=\"yoast-schema-graph\">{\"@context\":\"https:\\\/\\\/schema.org\",\"@graph\":[{\"@type\":\"Article\",\"@id\":\"https:\\\/\\\/www.eldiario.net\\\/portal\\\/2021\\\/08\\\/01\\\/amilcar-barral-pide-auditar-designacion-de-169-jueces\\\/#article\",\"isPartOf\":{\"@id\":\"https:\\\/\\\/www.eldiario.net\\\/portal\\\/2021\\\/08\\\/01\\\/amilcar-barral-pide-auditar-designacion-de-169-jueces\\\/\"},\"author\":{\"name\":\"Jeanette\",\"@id\":\"https:\\\/\\\/www.eldiario.net\\\/portal\\\/#\\\/schema\\\/person\\\/f46445640444750d7d753ccd04ae01b7\"},\"headline\":\"Amilcar Barral pide auditar designaci\u00f3n de 169 jueces\",\"datePublished\":\"2021-08-01T09:20:29+00:00\",\"mainEntityOfPage\":{\"@id\":\"https:\\\/\\\/www.eldiario.net\\\/portal\\\/2021\\\/08\\\/01\\\/amilcar-barral-pide-auditar-designacion-de-169-jueces\\\/\"},\"wordCount\":943,\"publisher\":{\"@id\":\"https:\\\/\\\/www.eldiario.net\\\/portal\\\/#organization\"},\"image\":{\"@id\":\"https:\\\/\\\/www.eldiario.net\\\/portal\\\/2021\\\/08\\\/01\\\/amilcar-barral-pide-auditar-designacion-de-169-jueces\\\/#primaryimage\"},\"thumbnailUrl\":\"https:\\\/\\\/www.eldiario.net\\\/portal\\\/wp-content\\\/uploads\\\/2021\\\/08\\\/BARRAL.jpg\",\"articleSection\":[\"Sociedad - Seguridad\"],\"inLanguage\":\"es\"},{\"@type\":\"WebPage\",\"@id\":\"https:\\\/\\\/www.eldiario.net\\\/portal\\\/2021\\\/08\\\/01\\\/amilcar-barral-pide-auditar-designacion-de-169-jueces\\\/\",\"url\":\"https:\\\/\\\/www.eldiario.net\\\/portal\\\/2021\\\/08\\\/01\\\/amilcar-barral-pide-auditar-designacion-de-169-jueces\\\/\",\"name\":\"Amilcar Barral pide auditar designaci\u00f3n de 169 jueces - El Diario - Bolivia\",\"isPartOf\":{\"@id\":\"https:\\\/\\\/www.eldiario.net\\\/portal\\\/#website\"},\"primaryImageOfPage\":{\"@id\":\"https:\\\/\\\/www.eldiario.net\\\/portal\\\/2021\\\/08\\\/01\\\/amilcar-barral-pide-auditar-designacion-de-169-jueces\\\/#primaryimage\"},\"image\":{\"@id\":\"https:\\\/\\\/www.eldiario.net\\\/portal\\\/2021\\\/08\\\/01\\\/amilcar-barral-pide-auditar-designacion-de-169-jueces\\\/#primaryimage\"},\"thumbnailUrl\":\"https:\\\/\\\/www.eldiario.net\\\/portal\\\/wp-content\\\/uploads\\\/2021\\\/08\\\/BARRAL.jpg\",\"datePublished\":\"2021-08-01T09:20:29+00:00\",\"breadcrumb\":{\"@id\":\"https:\\\/\\\/www.eldiario.net\\\/portal\\\/2021\\\/08\\\/01\\\/amilcar-barral-pide-auditar-designacion-de-169-jueces\\\/#breadcrumb\"},\"inLanguage\":\"es\",\"potentialAction\":[{\"@type\":\"ReadAction\",\"target\":[\"https:\\\/\\\/www.eldiario.net\\\/portal\\\/2021\\\/08\\\/01\\\/amilcar-barral-pide-auditar-designacion-de-169-jueces\\\/\"]}]},{\"@type\":\"ImageObject\",\"inLanguage\":\"es\",\"@id\":\"https:\\\/\\\/www.eldiario.net\\\/portal\\\/2021\\\/08\\\/01\\\/amilcar-barral-pide-auditar-designacion-de-169-jueces\\\/#primaryimage\",\"url\":\"https:\\\/\\\/www.eldiario.net\\\/portal\\\/wp-content\\\/uploads\\\/2021\\\/08\\\/BARRAL.jpg\",\"contentUrl\":\"https:\\\/\\\/www.eldiario.net\\\/portal\\\/wp-content\\\/uploads\\\/2021\\\/08\\\/BARRAL.jpg\",\"width\":1600,\"height\":736},{\"@type\":\"BreadcrumbList\",\"@id\":\"https:\\\/\\\/www.eldiario.net\\\/portal\\\/2021\\\/08\\\/01\\\/amilcar-barral-pide-auditar-designacion-de-169-jueces\\\/#breadcrumb\",\"itemListElement\":[{\"@type\":\"ListItem\",\"position\":1,\"name\":\"Portada\",\"item\":\"https:\\\/\\\/www.eldiario.net\\\/portal\\\/\"},{\"@type\":\"ListItem\",\"position\":2,\"name\":\"Amilcar Barral pide auditar designaci\u00f3n de 169 jueces\"}]},{\"@type\":\"WebSite\",\"@id\":\"https:\\\/\\\/www.eldiario.net\\\/portal\\\/#website\",\"url\":\"https:\\\/\\\/www.eldiario.net\\\/portal\\\/\",\"name\":\"El Diario - Decano de la prensa nacional\",\"description\":\"El Diario - Decano de la prensa nacional\",\"publisher\":{\"@id\":\"https:\\\/\\\/www.eldiario.net\\\/portal\\\/#organization\"},\"potentialAction\":[{\"@type\":\"SearchAction\",\"target\":{\"@type\":\"EntryPoint\",\"urlTemplate\":\"https:\\\/\\\/www.eldiario.net\\\/portal\\\/?s={search_term_string}\"},\"query-input\":{\"@type\":\"PropertyValueSpecification\",\"valueRequired\":true,\"valueName\":\"search_term_string\"}}],\"inLanguage\":\"es\"},{\"@type\":\"Organization\",\"@id\":\"https:\\\/\\\/www.eldiario.net\\\/portal\\\/#organization\",\"name\":\"El Diario - Decano de la prensa nacional\",\"url\":\"https:\\\/\\\/www.eldiario.net\\\/portal\\\/\",\"logo\":{\"@type\":\"ImageObject\",\"inLanguage\":\"es\",\"@id\":\"https:\\\/\\\/www.eldiario.net\\\/portal\\\/#\\\/schema\\\/logo\\\/image\\\/\",\"url\":\"https:\\\/\\\/www.eldiario.net\\\/portal\\\/wp-content\\\/uploads\\\/2023\\\/07\\\/logo_ED.jpg\",\"contentUrl\":\"https:\\\/\\\/www.eldiario.net\\\/portal\\\/wp-content\\\/uploads\\\/2023\\\/07\\\/logo_ED.jpg\",\"width\":272,\"height\":52,\"caption\":\"El Diario - Decano de la prensa nacional\"},\"image\":{\"@id\":\"https:\\\/\\\/www.eldiario.net\\\/portal\\\/#\\\/schema\\\/logo\\\/image\\\/\"},\"sameAs\":[\"https:\\\/\\\/www.facebook.com\\\/eldiario.bolivia\\\/\",\"https:\\\/\\\/x.com\\\/eldiario_net\"]},{\"@type\":\"Person\",\"@id\":\"https:\\\/\\\/www.eldiario.net\\\/portal\\\/#\\\/schema\\\/person\\\/f46445640444750d7d753ccd04ae01b7\",\"name\":\"Jeanette\",\"image\":{\"@type\":\"ImageObject\",\"inLanguage\":\"es\",\"@id\":\"https:\\\/\\\/secure.gravatar.com\\\/avatar\\\/3ea2118a5f7dad2b7138b1187a6b7ee55f160b9968b66013c3a3ef39dd7e5798?s=96&d=mm&r=g\",\"url\":\"https:\\\/\\\/secure.gravatar.com\\\/avatar\\\/3ea2118a5f7dad2b7138b1187a6b7ee55f160b9968b66013c3a3ef39dd7e5798?s=96&d=mm&r=g\",\"contentUrl\":\"https:\\\/\\\/secure.gravatar.com\\\/avatar\\\/3ea2118a5f7dad2b7138b1187a6b7ee55f160b9968b66013c3a3ef39dd7e5798?s=96&d=mm&r=g\",\"caption\":\"Jeanette\"},\"sameAs\":[\"https:\\\/\\\/www.eldiario.net\\\/portal\"],\"url\":\"https:\\\/\\\/www.eldiario.net\\\/portal\\\/author\\\/jeanette\\\/\"}]}<\/script>\n<!-- \/ Yoast SEO plugin. -->","yoast_head_json":{"title":"Amilcar Barral pide auditar designaci\u00f3n de 169 jueces - El Diario - Bolivia","robots":{"index":"index","follow":"follow","max-snippet":"max-snippet:-1","max-image-preview":"max-image-preview:large","max-video-preview":"max-video-preview:-1"},"canonical":"https:\/\/www.eldiario.net\/portal\/2021\/08\/01\/amilcar-barral-pide-auditar-designacion-de-169-jueces\/","og_locale":"es_ES","og_type":"article","og_title":"Amilcar Barral pide auditar designaci\u00f3n de 169 jueces - El Diario - Bolivia","og_description":"Despu\u00e9s del cese de sus funciones de los consejeros de la Magistratura Dolka G\u00f3mez y Gonzalo Alc\u00f3n, el exdiputado y excandidato a alcalde de La Paz Amilcar Barral solicita una auditor\u00eda a la designaci\u00f3n de 169 jueces. El exlegislador aclar\u00f3 a EL DIARIO que por \u201cirregularidades\u201d en esa elecci\u00f3n, los ahora exmagistrados fueron a un [&hellip;]","og_url":"https:\/\/www.eldiario.net\/portal\/2021\/08\/01\/amilcar-barral-pide-auditar-designacion-de-169-jueces\/","og_site_name":"El Diario - Bolivia","article_publisher":"https:\/\/www.facebook.com\/eldiario.bolivia\/","article_published_time":"2021-08-01T09:20:29+00:00","og_image":[{"width":1600,"height":736,"url":"https:\/\/www.eldiario.net\/portal\/wp-content\/uploads\/2021\/08\/BARRAL.jpg","type":"image\/jpeg"}],"author":"Jeanette","twitter_card":"summary_large_image","twitter_creator":"@eldiario_net","twitter_site":"@eldiario_net","twitter_misc":{"Escrito por":"Jeanette","Tiempo de lectura":"4 minutos"},"schema":{"@context":"https:\/\/schema.org","@graph":[{"@type":"Article","@id":"https:\/\/www.eldiario.net\/portal\/2021\/08\/01\/amilcar-barral-pide-auditar-designacion-de-169-jueces\/#article","isPartOf":{"@id":"https:\/\/www.eldiario.net\/portal\/2021\/08\/01\/amilcar-barral-pide-auditar-designacion-de-169-jueces\/"},"author":{"name":"Jeanette","@id":"https:\/\/www.eldiario.net\/portal\/#\/schema\/person\/f46445640444750d7d753ccd04ae01b7"},"headline":"Amilcar Barral pide auditar designaci\u00f3n de 169 jueces","datePublished":"2021-08-01T09:20:29+00:00","mainEntityOfPage":{"@id":"https:\/\/www.eldiario.net\/portal\/2021\/08\/01\/amilcar-barral-pide-auditar-designacion-de-169-jueces\/"},"wordCount":943,"publisher":{"@id":"https:\/\/www.eldiario.net\/portal\/#organization"},"image":{"@id":"https:\/\/www.eldiario.net\/portal\/2021\/08\/01\/amilcar-barral-pide-auditar-designacion-de-169-jueces\/#primaryimage"},"thumbnailUrl":"https:\/\/www.eldiario.net\/portal\/wp-content\/uploads\/2021\/08\/BARRAL.jpg","articleSection":["Sociedad - Seguridad"],"inLanguage":"es"},{"@type":"WebPage","@id":"https:\/\/www.eldiario.net\/portal\/2021\/08\/01\/amilcar-barral-pide-auditar-designacion-de-169-jueces\/","url":"https:\/\/www.eldiario.net\/portal\/2021\/08\/01\/amilcar-barral-pide-auditar-designacion-de-169-jueces\/","name":"Amilcar Barral pide auditar designaci\u00f3n de 169 jueces - El Diario - Bolivia","isPartOf":{"@id":"https:\/\/www.eldiario.net\/portal\/#website"},"primaryImageOfPage":{"@id":"https:\/\/www.eldiario.net\/portal\/2021\/08\/01\/amilcar-barral-pide-auditar-designacion-de-169-jueces\/#primaryimage"},"image":{"@id":"https:\/\/www.eldiario.net\/portal\/2021\/08\/01\/amilcar-barral-pide-auditar-designacion-de-169-jueces\/#primaryimage"},"thumbnailUrl":"https:\/\/www.eldiario.net\/portal\/wp-content\/uploads\/2021\/08\/BARRAL.jpg","datePublished":"2021-08-01T09:20:29+00:00","breadcrumb":{"@id":"https:\/\/www.eldiario.net\/portal\/2021\/08\/01\/amilcar-barral-pide-auditar-designacion-de-169-jueces\/#breadcrumb"},"inLanguage":"es","potentialAction":[{"@type":"ReadAction","target":["https:\/\/www.eldiario.net\/portal\/2021\/08\/01\/amilcar-barral-pide-auditar-designacion-de-169-jueces\/"]}]},{"@type":"ImageObject","inLanguage":"es","@id":"https:\/\/www.eldiario.net\/portal\/2021\/08\/01\/amilcar-barral-pide-auditar-designacion-de-169-jueces\/#primaryimage","url":"https:\/\/www.eldiario.net\/portal\/wp-content\/uploads\/2021\/08\/BARRAL.jpg","contentUrl":"https:\/\/www.eldiario.net\/portal\/wp-content\/uploads\/2021\/08\/BARRAL.jpg","width":1600,"height":736},{"@type":"BreadcrumbList","@id":"https:\/\/www.eldiario.net\/portal\/2021\/08\/01\/amilcar-barral-pide-auditar-designacion-de-169-jueces\/#breadcrumb","itemListElement":[{"@type":"ListItem","position":1,"name":"Portada","item":"https:\/\/www.eldiario.net\/portal\/"},{"@type":"ListItem","position":2,"name":"Amilcar Barral pide auditar designaci\u00f3n de 169 jueces"}]},{"@type":"WebSite","@id":"https:\/\/www.eldiario.net\/portal\/#website","url":"https:\/\/www.eldiario.net\/portal\/","name":"El Diario - Decano de la prensa nacional","description":"El Diario - Decano de la prensa nacional","publisher":{"@id":"https:\/\/www.eldiario.net\/portal\/#organization"},"potentialAction":[{"@type":"SearchAction","target":{"@type":"EntryPoint","urlTemplate":"https:\/\/www.eldiario.net\/portal\/?s={search_term_string}"},"query-input":{"@type":"PropertyValueSpecification","valueRequired":true,"valueName":"search_term_string"}}],"inLanguage":"es"},{"@type":"Organization","@id":"https:\/\/www.eldiario.net\/portal\/#organization","name":"El Diario - Decano de la prensa nacional","url":"https:\/\/www.eldiario.net\/portal\/","logo":{"@type":"ImageObject","inLanguage":"es","@id":"https:\/\/www.eldiario.net\/portal\/#\/schema\/logo\/image\/","url":"https:\/\/www.eldiario.net\/portal\/wp-content\/uploads\/2023\/07\/logo_ED.jpg","contentUrl":"https:\/\/www.eldiario.net\/portal\/wp-content\/uploads\/2023\/07\/logo_ED.jpg","width":272,"height":52,"caption":"El Diario - Decano de la prensa nacional"},"image":{"@id":"https:\/\/www.eldiario.net\/portal\/#\/schema\/logo\/image\/"},"sameAs":["https:\/\/www.facebook.com\/eldiario.bolivia\/","https:\/\/x.com\/eldiario_net"]},{"@type":"Person","@id":"https:\/\/www.eldiario.net\/portal\/#\/schema\/person\/f46445640444750d7d753ccd04ae01b7","name":"Jeanette","image":{"@type":"ImageObject","inLanguage":"es","@id":"https:\/\/secure.gravatar.com\/avatar\/3ea2118a5f7dad2b7138b1187a6b7ee55f160b9968b66013c3a3ef39dd7e5798?s=96&d=mm&r=g","url":"https:\/\/secure.gravatar.com\/avatar\/3ea2118a5f7dad2b7138b1187a6b7ee55f160b9968b66013c3a3ef39dd7e5798?s=96&d=mm&r=g","contentUrl":"https:\/\/secure.gravatar.com\/avatar\/3ea2118a5f7dad2b7138b1187a6b7ee55f160b9968b66013c3a3ef39dd7e5798?s=96&d=mm&r=g","caption":"Jeanette"},"sameAs":["https:\/\/www.eldiario.net\/portal"],"url":"https:\/\/www.eldiario.net\/portal\/author\/jeanette\/"}]}},"_links":{"self":[{"href":"https:\/\/www.eldiario.net\/portal\/wp-json\/wp\/v2\/posts\/20674","targetHints":{"allow":["GET"]}}],"collection":[{"href":"https:\/\/www.eldiario.net\/portal\/wp-json\/wp\/v2\/posts"}],"about":[{"href":"https:\/\/www.eldiario.net\/portal\/wp-json\/wp\/v2\/types\/post"}],"author":[{"embeddable":true,"href":"https:\/\/www.eldiario.net\/portal\/wp-json\/wp\/v2\/users\/1"}],"replies":[{"embeddable":true,"href":"https:\/\/www.eldiario.net\/portal\/wp-json\/wp\/v2\/comments?post=20674"}],"version-history":[{"count":0,"href":"https:\/\/www.eldiario.net\/portal\/wp-json\/wp\/v2\/posts\/20674\/revisions"}],"wp:featuredmedia":[{"embeddable":true,"href":"https:\/\/www.eldiario.net\/portal\/wp-json\/wp\/v2\/media\/20675"}],"wp:attachment":[{"href":"https:\/\/www.eldiario.net\/portal\/wp-json\/wp\/v2\/media?parent=20674"}],"wp:term":[{"taxonomy":"category","embeddable":true,"href":"https:\/\/www.eldiario.net\/portal\/wp-json\/wp\/v2\/categories?post=20674"},{"taxonomy":"post_tag","embeddable":true,"href":"https:\/\/www.eldiario.net\/portal\/wp-json\/wp\/v2\/tags?post=20674"}],"curies":[{"name":"wp","href":"https:\/\/api.w.org\/{rel}","templated":true}]}}