{"id":20671,"date":"2021-08-01T05:17:59","date_gmt":"2021-08-01T09:17:59","guid":{"rendered":"https:\/\/www.eldiario.net\/portal\/?p=20671"},"modified":"2021-08-01T05:17:59","modified_gmt":"2021-08-01T09:17:59","slug":"audiencia-cautelar-de-juez-blanco-sera-el-17-de-agosto","status":"publish","type":"post","link":"https:\/\/www.eldiario.net\/portal\/2021\/08\/01\/audiencia-cautelar-de-juez-blanco-sera-el-17-de-agosto\/","title":{"rendered":"Audiencia cautelar de juez  Blanco ser\u00e1 el 17 de agosto"},"content":{"rendered":"<p>La audiencia cautelar del ex fiscal departamental de La Paz, hoy juez de Sentencia, Edwin Blanco, imputado por irregularidades en el proceso con el que se sentenci\u00f3 al m\u00e9dico Jhiery Fern\u00e1ndez, por una violaci\u00f3n que nunca existi\u00f3, se realizar\u00e1 el pr\u00f3ximo 17 de agosto, inform\u00f3 el fiscal Johan Mu\u00f1oz.<br \/>\nEl 24 de junio, el Ministerio P\u00fablico imput\u00f3 al juez Edwin Blanco por los delitos de incumplimiento de deberes y resoluciones contrarias a la ley. El exfiscal es uno de los que acus\u00f3 a un inocente de la presunta violaci\u00f3n y muerte del beb\u00e9 Alexander.<br \/>\nDebido al deficiente trabajo de la Fiscal\u00eda, al ocultamiento de pruebas y otras irregularidades, el doctor Jhiery Fern\u00e1ndez estuvo preso cuatro a\u00f1os siendo inocente.<br \/>\nLa Fiscal\u00eda solicit\u00f3 medidas sustitutivas a la detenci\u00f3n preventiva contra Blanco. \u201cArraigo, fianza de dos garantes solventes, la presentaci\u00f3n peri\u00f3dica ante el Ministerio P\u00fablico y la prohibici\u00f3n de que pueda comunicarse con los testigos\u201d.<br \/>\nMu\u00f1oz precis\u00f3 que la audiencia de Blanco debi\u00f3 realizarse el viernes, pero se suspendi\u00f3 por ausencia del abogado de Fern\u00e1ndez, quien ten\u00eda otra actividad procesal en el mismo horario.<br \/>\nMu\u00f1oz aclar\u00f3 que a\u00fan no hay fecha para las cautelares de la exfiscal Susana Boy\u00e1n que tambi\u00e9n fue imputada por el caso.<\/p>\n","protected":false},"excerpt":{"rendered":"<p>La audiencia cautelar del ex fiscal departamental de La Paz, hoy juez de Sentencia, Edwin Blanco, imputado por irregularidades en el proceso con el que se sentenci\u00f3 al m\u00e9dico Jhiery Fern\u00e1ndez, por una violaci\u00f3n que nunca existi\u00f3, se realizar\u00e1 el pr\u00f3ximo 17 de agosto, inform\u00f3 el fiscal Johan Mu\u00f1oz. El 24 de junio, el Ministerio [&hellip;]<\/p>\n","protected":false},"author":1,"featured_media":20672,"comment_status":"closed","ping_status":"closed","sticky":false,"template":"","format":"standard","meta":{"_acf_changed":false,"footnotes":""},"categories":[39],"tags":[],"class_list":["post-20671","post","type-post","status-publish","format-standard","has-post-thumbnail","category-sociedad"],"acf":{"antetitulo":""},"yoast_head":"<!-- This site is optimized with the Yoast SEO plugin v28.4 - https:\/\/yoast.com\/product\/yoast-seo-wordpress\/ -->\n<title>Audiencia cautelar de juez Blanco ser\u00e1 el 17 de agosto - El Diario - Bolivia<\/title>\n<meta name=\"robots\" content=\"index, follow, max-snippet:-1, max-image-preview:large, max-video-preview:-1\" \/>\n<link rel=\"canonical\" href=\"https:\/\/www.eldiario.net\/portal\/2021\/08\/01\/audiencia-cautelar-de-juez-blanco-sera-el-17-de-agosto\/\" \/>\n<meta property=\"og:locale\" content=\"es_ES\" \/>\n<meta property=\"og:type\" content=\"article\" \/>\n<meta property=\"og:title\" content=\"Audiencia cautelar de juez Blanco ser\u00e1 el 17 de agosto - El Diario - Bolivia\" \/>\n<meta property=\"og:description\" content=\"La audiencia cautelar del ex fiscal departamental de La Paz, hoy juez de Sentencia, Edwin Blanco, imputado por irregularidades en el proceso con el que se sentenci\u00f3 al m\u00e9dico Jhiery Fern\u00e1ndez, por una violaci\u00f3n que nunca existi\u00f3, se realizar\u00e1 el pr\u00f3ximo 17 de agosto, inform\u00f3 el fiscal Johan Mu\u00f1oz. El 24 de junio, el Ministerio [&hellip;]\" \/>\n<meta property=\"og:url\" content=\"https:\/\/www.eldiario.net\/portal\/2021\/08\/01\/audiencia-cautelar-de-juez-blanco-sera-el-17-de-agosto\/\" \/>\n<meta property=\"og:site_name\" content=\"El Diario - Bolivia\" \/>\n<meta property=\"article:publisher\" content=\"https:\/\/www.facebook.com\/eldiario.bolivia\/\" \/>\n<meta property=\"article:published_time\" content=\"2021-08-01T09:17:59+00:00\" \/>\n<meta name=\"author\" content=\"Jeanette\" \/>\n<meta name=\"twitter:card\" content=\"summary_large_image\" \/>\n<meta name=\"twitter:creator\" content=\"@eldiario_net\" \/>\n<meta name=\"twitter:site\" content=\"@eldiario_net\" \/>\n<meta name=\"twitter:label1\" content=\"Escrito por\" \/>\n\t<meta name=\"twitter:data1\" content=\"Jeanette\" \/>\n\t<meta name=\"twitter:label2\" content=\"Tiempo de lectura\" \/>\n\t<meta name=\"twitter:data2\" content=\"1 minuto\" \/>\n<script type=\"application\/ld+json\" class=\"yoast-schema-graph\">{\"@context\":\"https:\\\/\\\/schema.org\",\"@graph\":[{\"@type\":\"Article\",\"@id\":\"https:\\\/\\\/www.eldiario.net\\\/portal\\\/2021\\\/08\\\/01\\\/audiencia-cautelar-de-juez-blanco-sera-el-17-de-agosto\\\/#article\",\"isPartOf\":{\"@id\":\"https:\\\/\\\/www.eldiario.net\\\/portal\\\/2021\\\/08\\\/01\\\/audiencia-cautelar-de-juez-blanco-sera-el-17-de-agosto\\\/\"},\"author\":{\"name\":\"Jeanette\",\"@id\":\"https:\\\/\\\/www.eldiario.net\\\/portal\\\/#\\\/schema\\\/person\\\/f46445640444750d7d753ccd04ae01b7\"},\"headline\":\"Audiencia cautelar de juez Blanco ser\u00e1 el 17 de agosto\",\"datePublished\":\"2021-08-01T09:17:59+00:00\",\"mainEntityOfPage\":{\"@id\":\"https:\\\/\\\/www.eldiario.net\\\/portal\\\/2021\\\/08\\\/01\\\/audiencia-cautelar-de-juez-blanco-sera-el-17-de-agosto\\\/\"},\"wordCount\":233,\"publisher\":{\"@id\":\"https:\\\/\\\/www.eldiario.net\\\/portal\\\/#organization\"},\"image\":{\"@id\":\"https:\\\/\\\/www.eldiario.net\\\/portal\\\/2021\\\/08\\\/01\\\/audiencia-cautelar-de-juez-blanco-sera-el-17-de-agosto\\\/#primaryimage\"},\"thumbnailUrl\":\"\",\"articleSection\":[\"Sociedad - Seguridad\"],\"inLanguage\":\"es\"},{\"@type\":\"WebPage\",\"@id\":\"https:\\\/\\\/www.eldiario.net\\\/portal\\\/2021\\\/08\\\/01\\\/audiencia-cautelar-de-juez-blanco-sera-el-17-de-agosto\\\/\",\"url\":\"https:\\\/\\\/www.eldiario.net\\\/portal\\\/2021\\\/08\\\/01\\\/audiencia-cautelar-de-juez-blanco-sera-el-17-de-agosto\\\/\",\"name\":\"Audiencia cautelar de juez Blanco ser\u00e1 el 17 de agosto - El Diario - Bolivia\",\"isPartOf\":{\"@id\":\"https:\\\/\\\/www.eldiario.net\\\/portal\\\/#website\"},\"primaryImageOfPage\":{\"@id\":\"https:\\\/\\\/www.eldiario.net\\\/portal\\\/2021\\\/08\\\/01\\\/audiencia-cautelar-de-juez-blanco-sera-el-17-de-agosto\\\/#primaryimage\"},\"image\":{\"@id\":\"https:\\\/\\\/www.eldiario.net\\\/portal\\\/2021\\\/08\\\/01\\\/audiencia-cautelar-de-juez-blanco-sera-el-17-de-agosto\\\/#primaryimage\"},\"thumbnailUrl\":\"\",\"datePublished\":\"2021-08-01T09:17:59+00:00\",\"breadcrumb\":{\"@id\":\"https:\\\/\\\/www.eldiario.net\\\/portal\\\/2021\\\/08\\\/01\\\/audiencia-cautelar-de-juez-blanco-sera-el-17-de-agosto\\\/#breadcrumb\"},\"inLanguage\":\"es\",\"potentialAction\":[{\"@type\":\"ReadAction\",\"target\":[\"https:\\\/\\\/www.eldiario.net\\\/portal\\\/2021\\\/08\\\/01\\\/audiencia-cautelar-de-juez-blanco-sera-el-17-de-agosto\\\/\"]}]},{\"@type\":\"ImageObject\",\"inLanguage\":\"es\",\"@id\":\"https:\\\/\\\/www.eldiario.net\\\/portal\\\/2021\\\/08\\\/01\\\/audiencia-cautelar-de-juez-blanco-sera-el-17-de-agosto\\\/#primaryimage\",\"url\":\"\",\"contentUrl\":\"\"},{\"@type\":\"BreadcrumbList\",\"@id\":\"https:\\\/\\\/www.eldiario.net\\\/portal\\\/2021\\\/08\\\/01\\\/audiencia-cautelar-de-juez-blanco-sera-el-17-de-agosto\\\/#breadcrumb\",\"itemListElement\":[{\"@type\":\"ListItem\",\"position\":1,\"name\":\"Portada\",\"item\":\"https:\\\/\\\/www.eldiario.net\\\/portal\\\/\"},{\"@type\":\"ListItem\",\"position\":2,\"name\":\"Audiencia cautelar de juez Blanco ser\u00e1 el 17 de agosto\"}]},{\"@type\":\"WebSite\",\"@id\":\"https:\\\/\\\/www.eldiario.net\\\/portal\\\/#website\",\"url\":\"https:\\\/\\\/www.eldiario.net\\\/portal\\\/\",\"name\":\"El Diario - Decano de la prensa nacional\",\"description\":\"El Diario - Decano de la prensa nacional\",\"publisher\":{\"@id\":\"https:\\\/\\\/www.eldiario.net\\\/portal\\\/#organization\"},\"potentialAction\":[{\"@type\":\"SearchAction\",\"target\":{\"@type\":\"EntryPoint\",\"urlTemplate\":\"https:\\\/\\\/www.eldiario.net\\\/portal\\\/?s={search_term_string}\"},\"query-input\":{\"@type\":\"PropertyValueSpecification\",\"valueRequired\":true,\"valueName\":\"search_term_string\"}}],\"inLanguage\":\"es\"},{\"@type\":\"Organization\",\"@id\":\"https:\\\/\\\/www.eldiario.net\\\/portal\\\/#organization\",\"name\":\"El Diario - Decano de la prensa nacional\",\"url\":\"https:\\\/\\\/www.eldiario.net\\\/portal\\\/\",\"logo\":{\"@type\":\"ImageObject\",\"inLanguage\":\"es\",\"@id\":\"https:\\\/\\\/www.eldiario.net\\\/portal\\\/#\\\/schema\\\/logo\\\/image\\\/\",\"url\":\"https:\\\/\\\/www.eldiario.net\\\/portal\\\/wp-content\\\/uploads\\\/2023\\\/07\\\/logo_ED.jpg\",\"contentUrl\":\"https:\\\/\\\/www.eldiario.net\\\/portal\\\/wp-content\\\/uploads\\\/2023\\\/07\\\/logo_ED.jpg\",\"width\":272,\"height\":52,\"caption\":\"El Diario - Decano de la prensa nacional\"},\"image\":{\"@id\":\"https:\\\/\\\/www.eldiario.net\\\/portal\\\/#\\\/schema\\\/logo\\\/image\\\/\"},\"sameAs\":[\"https:\\\/\\\/www.facebook.com\\\/eldiario.bolivia\\\/\",\"https:\\\/\\\/x.com\\\/eldiario_net\"]},{\"@type\":\"Person\",\"@id\":\"https:\\\/\\\/www.eldiario.net\\\/portal\\\/#\\\/schema\\\/person\\\/f46445640444750d7d753ccd04ae01b7\",\"name\":\"Jeanette\",\"image\":{\"@type\":\"ImageObject\",\"inLanguage\":\"es\",\"@id\":\"https:\\\/\\\/secure.gravatar.com\\\/avatar\\\/3ea2118a5f7dad2b7138b1187a6b7ee55f160b9968b66013c3a3ef39dd7e5798?s=96&d=mm&r=g\",\"url\":\"https:\\\/\\\/secure.gravatar.com\\\/avatar\\\/3ea2118a5f7dad2b7138b1187a6b7ee55f160b9968b66013c3a3ef39dd7e5798?s=96&d=mm&r=g\",\"contentUrl\":\"https:\\\/\\\/secure.gravatar.com\\\/avatar\\\/3ea2118a5f7dad2b7138b1187a6b7ee55f160b9968b66013c3a3ef39dd7e5798?s=96&d=mm&r=g\",\"caption\":\"Jeanette\"},\"sameAs\":[\"https:\\\/\\\/www.eldiario.net\\\/portal\"],\"url\":\"https:\\\/\\\/www.eldiario.net\\\/portal\\\/author\\\/jeanette\\\/\"}]}<\/script>\n<!-- \/ Yoast SEO plugin. -->","yoast_head_json":{"title":"Audiencia cautelar de juez Blanco ser\u00e1 el 17 de agosto - El Diario - Bolivia","robots":{"index":"index","follow":"follow","max-snippet":"max-snippet:-1","max-image-preview":"max-image-preview:large","max-video-preview":"max-video-preview:-1"},"canonical":"https:\/\/www.eldiario.net\/portal\/2021\/08\/01\/audiencia-cautelar-de-juez-blanco-sera-el-17-de-agosto\/","og_locale":"es_ES","og_type":"article","og_title":"Audiencia cautelar de juez Blanco ser\u00e1 el 17 de agosto - El Diario - Bolivia","og_description":"La audiencia cautelar del ex fiscal departamental de La Paz, hoy juez de Sentencia, Edwin Blanco, imputado por irregularidades en el proceso con el que se sentenci\u00f3 al m\u00e9dico Jhiery Fern\u00e1ndez, por una violaci\u00f3n que nunca existi\u00f3, se realizar\u00e1 el pr\u00f3ximo 17 de agosto, inform\u00f3 el fiscal Johan Mu\u00f1oz. El 24 de junio, el Ministerio [&hellip;]","og_url":"https:\/\/www.eldiario.net\/portal\/2021\/08\/01\/audiencia-cautelar-de-juez-blanco-sera-el-17-de-agosto\/","og_site_name":"El Diario - Bolivia","article_publisher":"https:\/\/www.facebook.com\/eldiario.bolivia\/","article_published_time":"2021-08-01T09:17:59+00:00","author":"Jeanette","twitter_card":"summary_large_image","twitter_creator":"@eldiario_net","twitter_site":"@eldiario_net","twitter_misc":{"Escrito por":"Jeanette","Tiempo de lectura":"1 minuto"},"schema":{"@context":"https:\/\/schema.org","@graph":[{"@type":"Article","@id":"https:\/\/www.eldiario.net\/portal\/2021\/08\/01\/audiencia-cautelar-de-juez-blanco-sera-el-17-de-agosto\/#article","isPartOf":{"@id":"https:\/\/www.eldiario.net\/portal\/2021\/08\/01\/audiencia-cautelar-de-juez-blanco-sera-el-17-de-agosto\/"},"author":{"name":"Jeanette","@id":"https:\/\/www.eldiario.net\/portal\/#\/schema\/person\/f46445640444750d7d753ccd04ae01b7"},"headline":"Audiencia cautelar de juez Blanco ser\u00e1 el 17 de agosto","datePublished":"2021-08-01T09:17:59+00:00","mainEntityOfPage":{"@id":"https:\/\/www.eldiario.net\/portal\/2021\/08\/01\/audiencia-cautelar-de-juez-blanco-sera-el-17-de-agosto\/"},"wordCount":233,"publisher":{"@id":"https:\/\/www.eldiario.net\/portal\/#organization"},"image":{"@id":"https:\/\/www.eldiario.net\/portal\/2021\/08\/01\/audiencia-cautelar-de-juez-blanco-sera-el-17-de-agosto\/#primaryimage"},"thumbnailUrl":"","articleSection":["Sociedad - Seguridad"],"inLanguage":"es"},{"@type":"WebPage","@id":"https:\/\/www.eldiario.net\/portal\/2021\/08\/01\/audiencia-cautelar-de-juez-blanco-sera-el-17-de-agosto\/","url":"https:\/\/www.eldiario.net\/portal\/2021\/08\/01\/audiencia-cautelar-de-juez-blanco-sera-el-17-de-agosto\/","name":"Audiencia cautelar de juez Blanco ser\u00e1 el 17 de agosto - El Diario - Bolivia","isPartOf":{"@id":"https:\/\/www.eldiario.net\/portal\/#website"},"primaryImageOfPage":{"@id":"https:\/\/www.eldiario.net\/portal\/2021\/08\/01\/audiencia-cautelar-de-juez-blanco-sera-el-17-de-agosto\/#primaryimage"},"image":{"@id":"https:\/\/www.eldiario.net\/portal\/2021\/08\/01\/audiencia-cautelar-de-juez-blanco-sera-el-17-de-agosto\/#primaryimage"},"thumbnailUrl":"","datePublished":"2021-08-01T09:17:59+00:00","breadcrumb":{"@id":"https:\/\/www.eldiario.net\/portal\/2021\/08\/01\/audiencia-cautelar-de-juez-blanco-sera-el-17-de-agosto\/#breadcrumb"},"inLanguage":"es","potentialAction":[{"@type":"ReadAction","target":["https:\/\/www.eldiario.net\/portal\/2021\/08\/01\/audiencia-cautelar-de-juez-blanco-sera-el-17-de-agosto\/"]}]},{"@type":"ImageObject","inLanguage":"es","@id":"https:\/\/www.eldiario.net\/portal\/2021\/08\/01\/audiencia-cautelar-de-juez-blanco-sera-el-17-de-agosto\/#primaryimage","url":"","contentUrl":""},{"@type":"BreadcrumbList","@id":"https:\/\/www.eldiario.net\/portal\/2021\/08\/01\/audiencia-cautelar-de-juez-blanco-sera-el-17-de-agosto\/#breadcrumb","itemListElement":[{"@type":"ListItem","position":1,"name":"Portada","item":"https:\/\/www.eldiario.net\/portal\/"},{"@type":"ListItem","position":2,"name":"Audiencia cautelar de juez Blanco ser\u00e1 el 17 de agosto"}]},{"@type":"WebSite","@id":"https:\/\/www.eldiario.net\/portal\/#website","url":"https:\/\/www.eldiario.net\/portal\/","name":"El Diario - Decano de la prensa nacional","description":"El Diario - Decano de la prensa nacional","publisher":{"@id":"https:\/\/www.eldiario.net\/portal\/#organization"},"potentialAction":[{"@type":"SearchAction","target":{"@type":"EntryPoint","urlTemplate":"https:\/\/www.eldiario.net\/portal\/?s={search_term_string}"},"query-input":{"@type":"PropertyValueSpecification","valueRequired":true,"valueName":"search_term_string"}}],"inLanguage":"es"},{"@type":"Organization","@id":"https:\/\/www.eldiario.net\/portal\/#organization","name":"El Diario - Decano de la prensa nacional","url":"https:\/\/www.eldiario.net\/portal\/","logo":{"@type":"ImageObject","inLanguage":"es","@id":"https:\/\/www.eldiario.net\/portal\/#\/schema\/logo\/image\/","url":"https:\/\/www.eldiario.net\/portal\/wp-content\/uploads\/2023\/07\/logo_ED.jpg","contentUrl":"https:\/\/www.eldiario.net\/portal\/wp-content\/uploads\/2023\/07\/logo_ED.jpg","width":272,"height":52,"caption":"El Diario - Decano de la prensa nacional"},"image":{"@id":"https:\/\/www.eldiario.net\/portal\/#\/schema\/logo\/image\/"},"sameAs":["https:\/\/www.facebook.com\/eldiario.bolivia\/","https:\/\/x.com\/eldiario_net"]},{"@type":"Person","@id":"https:\/\/www.eldiario.net\/portal\/#\/schema\/person\/f46445640444750d7d753ccd04ae01b7","name":"Jeanette","image":{"@type":"ImageObject","inLanguage":"es","@id":"https:\/\/secure.gravatar.com\/avatar\/3ea2118a5f7dad2b7138b1187a6b7ee55f160b9968b66013c3a3ef39dd7e5798?s=96&d=mm&r=g","url":"https:\/\/secure.gravatar.com\/avatar\/3ea2118a5f7dad2b7138b1187a6b7ee55f160b9968b66013c3a3ef39dd7e5798?s=96&d=mm&r=g","contentUrl":"https:\/\/secure.gravatar.com\/avatar\/3ea2118a5f7dad2b7138b1187a6b7ee55f160b9968b66013c3a3ef39dd7e5798?s=96&d=mm&r=g","caption":"Jeanette"},"sameAs":["https:\/\/www.eldiario.net\/portal"],"url":"https:\/\/www.eldiario.net\/portal\/author\/jeanette\/"}]}},"_links":{"self":[{"href":"https:\/\/www.eldiario.net\/portal\/wp-json\/wp\/v2\/posts\/20671","targetHints":{"allow":["GET"]}}],"collection":[{"href":"https:\/\/www.eldiario.net\/portal\/wp-json\/wp\/v2\/posts"}],"about":[{"href":"https:\/\/www.eldiario.net\/portal\/wp-json\/wp\/v2\/types\/post"}],"author":[{"embeddable":true,"href":"https:\/\/www.eldiario.net\/portal\/wp-json\/wp\/v2\/users\/1"}],"replies":[{"embeddable":true,"href":"https:\/\/www.eldiario.net\/portal\/wp-json\/wp\/v2\/comments?post=20671"}],"version-history":[{"count":0,"href":"https:\/\/www.eldiario.net\/portal\/wp-json\/wp\/v2\/posts\/20671\/revisions"}],"wp:attachment":[{"href":"https:\/\/www.eldiario.net\/portal\/wp-json\/wp\/v2\/media?parent=20671"}],"wp:term":[{"taxonomy":"category","embeddable":true,"href":"https:\/\/www.eldiario.net\/portal\/wp-json\/wp\/v2\/categories?post=20671"},{"taxonomy":"post_tag","embeddable":true,"href":"https:\/\/www.eldiario.net\/portal\/wp-json\/wp\/v2\/tags?post=20671"}],"curies":[{"name":"wp","href":"https:\/\/api.w.org\/{rel}","templated":true}]}}