{"id":206660,"date":"2024-03-06T05:21:02","date_gmt":"2024-03-06T09:21:02","guid":{"rendered":"https:\/\/www.eldiario.net\/portal\/?p=206660"},"modified":"2024-03-06T07:55:20","modified_gmt":"2024-03-06T11:55:20","slug":"analizan-mayor-venta-de-gas-a-termoelectricas","status":"publish","type":"post","link":"https:\/\/www.eldiario.net\/portal\/2024\/03\/06\/analizan-mayor-venta-de-gas-a-termoelectricas\/","title":{"rendered":"Analizan mayor venta de gas a termoel\u00e9ctricas de Brasil"},"content":{"rendered":"<p>El Gobierno de Bolivia analiza la posibilidad de incrementar las ventas de gas a las termoel\u00e9ctricas brasile\u00f1as tras el anuncio de cierre del mercado hacia la Argentina; y advierte que la irregularidad de los pagos de ese pa\u00eds se \u201cagrav\u00f3\u201d tras el ingreso de Javier Milei a la presidencia.<\/p>\n<p>\u201cEl mercado para la exportaci\u00f3n (se abre) a las termoel\u00e9ctricas que est\u00e1n en Brasil. Ellos est\u00e1n con un plan agresivo para industrializar el gas, quieren producir su propio fertilizante y se\u00f1alaron que tienen una meta de abrir 40 millones de hect\u00e1reas de nueva frontera agr\u00edcola. Eso va a subir la demanda de gas y la producci\u00f3n de fertilizantes\u201d declar\u00f3 Ra\u00fal Mayta, viceministro de Exploraci\u00f3n y Explotaci\u00f3n de Hidrocarburos.<\/p>\n<p>El anterior fin de semana, el subsecretario de Combustibles Gaseosos de la Secretar\u00eda de Energ\u00eda de Argentina, Fernando Solanet anunci\u00f3 que desde octubre no volver\u00e1 a comprar gas porque \u201chist\u00f3ricamente (fue) bastante m\u00e1s caro que el interno\u201d. \u201cAhora, los vol\u00famenes importados desde ese pa\u00eds (Bolivia) son pocos significativos y continuar\u00e1n a cero a partir de octubre de 2024. En principio para nunca m\u00e1s volver\u201d, inform\u00f3.<\/p>\n<p>La autoridad boliviana dijo que la alternativa para vender ese gas es Brasil porque es el \u201c\u00fanico mercado al que llegamos con un gasoducto\u201d, pero mencion\u00f3 que el Gobierno analiza nuevas posibilidades de vender gas a otros pa\u00edses.<\/p>\n<p>Mayta dijo que si se desea cambiar cualquier cl\u00e1usula del contrato se tiene que proceder a una adenda. \u201cEn los siguientes meses vamos a tener la informaci\u00f3n para ver de qu\u00e9 manera se va a proceder en el caso de que se gestione una adenda y cu\u00e1les son los plazos m\u00e1ximos para poder suscribir la misma\u201d, adelant\u00f3.<\/p>\n<p>Sin embargo, reconoci\u00f3 que en la pasada gesti\u00f3n, previa a la elecci\u00f3n de Javier Milei, los pagos fueron \u201cbastantes irregulares\u201d y que ellos se \u201cagravaron\u201d con la nueva administraci\u00f3n. \u201cEl gas es de los bolivianos, no lo podemos prestar, regalar, al final estamos haciendo negocios y como en su momento se\u00f1al\u00e9, (Argentina) no es el \u00fanico mercado disponible. En ese sentido YPFB est\u00e1 buscando nuevos contratos, principalmente, en Brasil donde hay bastante demanda\u201d. (Br\u00fajula Digital)<\/p>\n","protected":false},"excerpt":{"rendered":"<p>El Gobierno de Bolivia analiza la posibilidad de incrementar las ventas de gas a las termoel\u00e9ctricas brasile\u00f1as tras el anuncio de cierre del mercado hacia la Argentina; y advierte que la irregularidad de los pagos de ese pa\u00eds se \u201cagrav\u00f3\u201d tras el ingreso de Javier Milei a la presidencia. \u201cEl mercado para la exportaci\u00f3n (se [&hellip;]<\/p>\n","protected":false},"author":1,"featured_media":206821,"comment_status":"open","ping_status":"open","sticky":false,"template":"","format":"standard","meta":{"_acf_changed":false,"footnotes":""},"categories":[15],"tags":[],"class_list":["post-206660","post","type-post","status-publish","format-standard","has-post-thumbnail","category-portada"],"acf":{"antetitulo":"Tras anuncio de cierre de mercado argentino"},"yoast_head":"<!-- This site is optimized with the Yoast SEO plugin v28.3 - https:\/\/yoast.com\/product\/yoast-seo-wordpress\/ -->\n<title>Analizan mayor venta de gas a termoel\u00e9ctricas de Brasil - El Diario - Bolivia<\/title>\n<meta name=\"robots\" content=\"index, follow, max-snippet:-1, max-image-preview:large, max-video-preview:-1\" \/>\n<link rel=\"canonical\" href=\"https:\/\/www.eldiario.net\/portal\/2024\/03\/06\/analizan-mayor-venta-de-gas-a-termoelectricas\/\" \/>\n<meta property=\"og:locale\" content=\"es_ES\" \/>\n<meta property=\"og:type\" content=\"article\" \/>\n<meta property=\"og:title\" content=\"Analizan mayor venta de gas a termoel\u00e9ctricas de Brasil - El Diario - Bolivia\" \/>\n<meta property=\"og:description\" content=\"El Gobierno de Bolivia analiza la posibilidad de incrementar las ventas de gas a las termoel\u00e9ctricas brasile\u00f1as tras el anuncio de cierre del mercado hacia la Argentina; y advierte que la irregularidad de los pagos de ese pa\u00eds se \u201cagrav\u00f3\u201d tras el ingreso de Javier Milei a la presidencia. \u201cEl mercado para la exportaci\u00f3n (se [&hellip;]\" \/>\n<meta property=\"og:url\" content=\"https:\/\/www.eldiario.net\/portal\/2024\/03\/06\/analizan-mayor-venta-de-gas-a-termoelectricas\/\" \/>\n<meta property=\"og:site_name\" content=\"El Diario - Bolivia\" \/>\n<meta property=\"article:publisher\" content=\"https:\/\/www.facebook.com\/eldiario.bolivia\/\" \/>\n<meta property=\"article:published_time\" content=\"2024-03-06T09:21:02+00:00\" \/>\n<meta property=\"article:modified_time\" content=\"2024-03-06T11:55:20+00:00\" \/>\n<meta property=\"og:image\" content=\"https:\/\/www.eldiario.net\/portal\/wp-content\/uploads\/2024\/03\/BNamericas.jpg\" \/>\n\t<meta property=\"og:image:width\" content=\"737\" \/>\n\t<meta property=\"og:image:height\" content=\"466\" \/>\n\t<meta property=\"og:image:type\" content=\"image\/jpeg\" \/>\n<meta name=\"author\" content=\"Jeanette\" \/>\n<meta name=\"twitter:card\" content=\"summary_large_image\" \/>\n<meta name=\"twitter:creator\" content=\"@eldiario_net\" \/>\n<meta name=\"twitter:site\" content=\"@eldiario_net\" \/>\n<meta name=\"twitter:label1\" content=\"Escrito por\" \/>\n\t<meta name=\"twitter:data1\" content=\"Jeanette\" \/>\n\t<meta name=\"twitter:label2\" content=\"Tiempo de lectura\" \/>\n\t<meta name=\"twitter:data2\" content=\"2 minutos\" \/>\n<script type=\"application\/ld+json\" class=\"yoast-schema-graph\">{\"@context\":\"https:\\\/\\\/schema.org\",\"@graph\":[{\"@type\":\"Article\",\"@id\":\"https:\\\/\\\/www.eldiario.net\\\/portal\\\/2024\\\/03\\\/06\\\/analizan-mayor-venta-de-gas-a-termoelectricas\\\/#article\",\"isPartOf\":{\"@id\":\"https:\\\/\\\/www.eldiario.net\\\/portal\\\/2024\\\/03\\\/06\\\/analizan-mayor-venta-de-gas-a-termoelectricas\\\/\"},\"author\":{\"name\":\"Jeanette\",\"@id\":\"https:\\\/\\\/www.eldiario.net\\\/portal\\\/#\\\/schema\\\/person\\\/f46445640444750d7d753ccd04ae01b7\"},\"headline\":\"Analizan mayor venta de gas a termoel\u00e9ctricas de Brasil\",\"datePublished\":\"2024-03-06T09:21:02+00:00\",\"dateModified\":\"2024-03-06T11:55:20+00:00\",\"mainEntityOfPage\":{\"@id\":\"https:\\\/\\\/www.eldiario.net\\\/portal\\\/2024\\\/03\\\/06\\\/analizan-mayor-venta-de-gas-a-termoelectricas\\\/\"},\"wordCount\":392,\"commentCount\":0,\"publisher\":{\"@id\":\"https:\\\/\\\/www.eldiario.net\\\/portal\\\/#organization\"},\"image\":{\"@id\":\"https:\\\/\\\/www.eldiario.net\\\/portal\\\/2024\\\/03\\\/06\\\/analizan-mayor-venta-de-gas-a-termoelectricas\\\/#primaryimage\"},\"thumbnailUrl\":\"https:\\\/\\\/www.eldiario.net\\\/portal\\\/wp-content\\\/uploads\\\/2024\\\/03\\\/BNamericas.jpg\",\"articleSection\":[\"Portada\"],\"inLanguage\":\"es\",\"potentialAction\":[{\"@type\":\"CommentAction\",\"name\":\"Comment\",\"target\":[\"https:\\\/\\\/www.eldiario.net\\\/portal\\\/2024\\\/03\\\/06\\\/analizan-mayor-venta-de-gas-a-termoelectricas\\\/#respond\"]}]},{\"@type\":\"WebPage\",\"@id\":\"https:\\\/\\\/www.eldiario.net\\\/portal\\\/2024\\\/03\\\/06\\\/analizan-mayor-venta-de-gas-a-termoelectricas\\\/\",\"url\":\"https:\\\/\\\/www.eldiario.net\\\/portal\\\/2024\\\/03\\\/06\\\/analizan-mayor-venta-de-gas-a-termoelectricas\\\/\",\"name\":\"Analizan mayor venta de gas a termoel\u00e9ctricas de Brasil - El Diario - Bolivia\",\"isPartOf\":{\"@id\":\"https:\\\/\\\/www.eldiario.net\\\/portal\\\/#website\"},\"primaryImageOfPage\":{\"@id\":\"https:\\\/\\\/www.eldiario.net\\\/portal\\\/2024\\\/03\\\/06\\\/analizan-mayor-venta-de-gas-a-termoelectricas\\\/#primaryimage\"},\"image\":{\"@id\":\"https:\\\/\\\/www.eldiario.net\\\/portal\\\/2024\\\/03\\\/06\\\/analizan-mayor-venta-de-gas-a-termoelectricas\\\/#primaryimage\"},\"thumbnailUrl\":\"https:\\\/\\\/www.eldiario.net\\\/portal\\\/wp-content\\\/uploads\\\/2024\\\/03\\\/BNamericas.jpg\",\"datePublished\":\"2024-03-06T09:21:02+00:00\",\"dateModified\":\"2024-03-06T11:55:20+00:00\",\"breadcrumb\":{\"@id\":\"https:\\\/\\\/www.eldiario.net\\\/portal\\\/2024\\\/03\\\/06\\\/analizan-mayor-venta-de-gas-a-termoelectricas\\\/#breadcrumb\"},\"inLanguage\":\"es\",\"potentialAction\":[{\"@type\":\"ReadAction\",\"target\":[\"https:\\\/\\\/www.eldiario.net\\\/portal\\\/2024\\\/03\\\/06\\\/analizan-mayor-venta-de-gas-a-termoelectricas\\\/\"]}]},{\"@type\":\"ImageObject\",\"inLanguage\":\"es\",\"@id\":\"https:\\\/\\\/www.eldiario.net\\\/portal\\\/2024\\\/03\\\/06\\\/analizan-mayor-venta-de-gas-a-termoelectricas\\\/#primaryimage\",\"url\":\"https:\\\/\\\/www.eldiario.net\\\/portal\\\/wp-content\\\/uploads\\\/2024\\\/03\\\/BNamericas.jpg\",\"contentUrl\":\"https:\\\/\\\/www.eldiario.net\\\/portal\\\/wp-content\\\/uploads\\\/2024\\\/03\\\/BNamericas.jpg\",\"width\":737,\"height\":466,\"caption\":\"Termoel\u00e9ctrica brasile\u00f1a\"},{\"@type\":\"BreadcrumbList\",\"@id\":\"https:\\\/\\\/www.eldiario.net\\\/portal\\\/2024\\\/03\\\/06\\\/analizan-mayor-venta-de-gas-a-termoelectricas\\\/#breadcrumb\",\"itemListElement\":[{\"@type\":\"ListItem\",\"position\":1,\"name\":\"Portada\",\"item\":\"https:\\\/\\\/www.eldiario.net\\\/portal\\\/\"},{\"@type\":\"ListItem\",\"position\":2,\"name\":\"Analizan mayor venta de gas a termoel\u00e9ctricas de Brasil\"}]},{\"@type\":\"WebSite\",\"@id\":\"https:\\\/\\\/www.eldiario.net\\\/portal\\\/#website\",\"url\":\"https:\\\/\\\/www.eldiario.net\\\/portal\\\/\",\"name\":\"El Diario - Decano de la prensa nacional\",\"description\":\"El Diario - Decano de la prensa nacional\",\"publisher\":{\"@id\":\"https:\\\/\\\/www.eldiario.net\\\/portal\\\/#organization\"},\"potentialAction\":[{\"@type\":\"SearchAction\",\"target\":{\"@type\":\"EntryPoint\",\"urlTemplate\":\"https:\\\/\\\/www.eldiario.net\\\/portal\\\/?s={search_term_string}\"},\"query-input\":{\"@type\":\"PropertyValueSpecification\",\"valueRequired\":true,\"valueName\":\"search_term_string\"}}],\"inLanguage\":\"es\"},{\"@type\":\"Organization\",\"@id\":\"https:\\\/\\\/www.eldiario.net\\\/portal\\\/#organization\",\"name\":\"El Diario - Decano de la prensa nacional\",\"url\":\"https:\\\/\\\/www.eldiario.net\\\/portal\\\/\",\"logo\":{\"@type\":\"ImageObject\",\"inLanguage\":\"es\",\"@id\":\"https:\\\/\\\/www.eldiario.net\\\/portal\\\/#\\\/schema\\\/logo\\\/image\\\/\",\"url\":\"https:\\\/\\\/www.eldiario.net\\\/portal\\\/wp-content\\\/uploads\\\/2023\\\/07\\\/logo_ED.jpg\",\"contentUrl\":\"https:\\\/\\\/www.eldiario.net\\\/portal\\\/wp-content\\\/uploads\\\/2023\\\/07\\\/logo_ED.jpg\",\"width\":272,\"height\":52,\"caption\":\"El Diario - Decano de la prensa nacional\"},\"image\":{\"@id\":\"https:\\\/\\\/www.eldiario.net\\\/portal\\\/#\\\/schema\\\/logo\\\/image\\\/\"},\"sameAs\":[\"https:\\\/\\\/www.facebook.com\\\/eldiario.bolivia\\\/\",\"https:\\\/\\\/x.com\\\/eldiario_net\"]},{\"@type\":\"Person\",\"@id\":\"https:\\\/\\\/www.eldiario.net\\\/portal\\\/#\\\/schema\\\/person\\\/f46445640444750d7d753ccd04ae01b7\",\"name\":\"Jeanette\",\"image\":{\"@type\":\"ImageObject\",\"inLanguage\":\"es\",\"@id\":\"https:\\\/\\\/secure.gravatar.com\\\/avatar\\\/3ea2118a5f7dad2b7138b1187a6b7ee55f160b9968b66013c3a3ef39dd7e5798?s=96&d=mm&r=g\",\"url\":\"https:\\\/\\\/secure.gravatar.com\\\/avatar\\\/3ea2118a5f7dad2b7138b1187a6b7ee55f160b9968b66013c3a3ef39dd7e5798?s=96&d=mm&r=g\",\"contentUrl\":\"https:\\\/\\\/secure.gravatar.com\\\/avatar\\\/3ea2118a5f7dad2b7138b1187a6b7ee55f160b9968b66013c3a3ef39dd7e5798?s=96&d=mm&r=g\",\"caption\":\"Jeanette\"},\"sameAs\":[\"https:\\\/\\\/www.eldiario.net\\\/portal\"],\"url\":\"https:\\\/\\\/www.eldiario.net\\\/portal\\\/author\\\/jeanette\\\/\"}]}<\/script>\n<!-- \/ Yoast SEO plugin. -->","yoast_head_json":{"title":"Analizan mayor venta de gas a termoel\u00e9ctricas de Brasil - El Diario - Bolivia","robots":{"index":"index","follow":"follow","max-snippet":"max-snippet:-1","max-image-preview":"max-image-preview:large","max-video-preview":"max-video-preview:-1"},"canonical":"https:\/\/www.eldiario.net\/portal\/2024\/03\/06\/analizan-mayor-venta-de-gas-a-termoelectricas\/","og_locale":"es_ES","og_type":"article","og_title":"Analizan mayor venta de gas a termoel\u00e9ctricas de Brasil - El Diario - Bolivia","og_description":"El Gobierno de Bolivia analiza la posibilidad de incrementar las ventas de gas a las termoel\u00e9ctricas brasile\u00f1as tras el anuncio de cierre del mercado hacia la Argentina; y advierte que la irregularidad de los pagos de ese pa\u00eds se \u201cagrav\u00f3\u201d tras el ingreso de Javier Milei a la presidencia. \u201cEl mercado para la exportaci\u00f3n (se [&hellip;]","og_url":"https:\/\/www.eldiario.net\/portal\/2024\/03\/06\/analizan-mayor-venta-de-gas-a-termoelectricas\/","og_site_name":"El Diario - Bolivia","article_publisher":"https:\/\/www.facebook.com\/eldiario.bolivia\/","article_published_time":"2024-03-06T09:21:02+00:00","article_modified_time":"2024-03-06T11:55:20+00:00","og_image":[{"width":737,"height":466,"url":"https:\/\/www.eldiario.net\/portal\/wp-content\/uploads\/2024\/03\/BNamericas.jpg","type":"image\/jpeg"}],"author":"Jeanette","twitter_card":"summary_large_image","twitter_creator":"@eldiario_net","twitter_site":"@eldiario_net","twitter_misc":{"Escrito por":"Jeanette","Tiempo de lectura":"2 minutos"},"schema":{"@context":"https:\/\/schema.org","@graph":[{"@type":"Article","@id":"https:\/\/www.eldiario.net\/portal\/2024\/03\/06\/analizan-mayor-venta-de-gas-a-termoelectricas\/#article","isPartOf":{"@id":"https:\/\/www.eldiario.net\/portal\/2024\/03\/06\/analizan-mayor-venta-de-gas-a-termoelectricas\/"},"author":{"name":"Jeanette","@id":"https:\/\/www.eldiario.net\/portal\/#\/schema\/person\/f46445640444750d7d753ccd04ae01b7"},"headline":"Analizan mayor venta de gas a termoel\u00e9ctricas de Brasil","datePublished":"2024-03-06T09:21:02+00:00","dateModified":"2024-03-06T11:55:20+00:00","mainEntityOfPage":{"@id":"https:\/\/www.eldiario.net\/portal\/2024\/03\/06\/analizan-mayor-venta-de-gas-a-termoelectricas\/"},"wordCount":392,"commentCount":0,"publisher":{"@id":"https:\/\/www.eldiario.net\/portal\/#organization"},"image":{"@id":"https:\/\/www.eldiario.net\/portal\/2024\/03\/06\/analizan-mayor-venta-de-gas-a-termoelectricas\/#primaryimage"},"thumbnailUrl":"https:\/\/www.eldiario.net\/portal\/wp-content\/uploads\/2024\/03\/BNamericas.jpg","articleSection":["Portada"],"inLanguage":"es","potentialAction":[{"@type":"CommentAction","name":"Comment","target":["https:\/\/www.eldiario.net\/portal\/2024\/03\/06\/analizan-mayor-venta-de-gas-a-termoelectricas\/#respond"]}]},{"@type":"WebPage","@id":"https:\/\/www.eldiario.net\/portal\/2024\/03\/06\/analizan-mayor-venta-de-gas-a-termoelectricas\/","url":"https:\/\/www.eldiario.net\/portal\/2024\/03\/06\/analizan-mayor-venta-de-gas-a-termoelectricas\/","name":"Analizan mayor venta de gas a termoel\u00e9ctricas de Brasil - El Diario - Bolivia","isPartOf":{"@id":"https:\/\/www.eldiario.net\/portal\/#website"},"primaryImageOfPage":{"@id":"https:\/\/www.eldiario.net\/portal\/2024\/03\/06\/analizan-mayor-venta-de-gas-a-termoelectricas\/#primaryimage"},"image":{"@id":"https:\/\/www.eldiario.net\/portal\/2024\/03\/06\/analizan-mayor-venta-de-gas-a-termoelectricas\/#primaryimage"},"thumbnailUrl":"https:\/\/www.eldiario.net\/portal\/wp-content\/uploads\/2024\/03\/BNamericas.jpg","datePublished":"2024-03-06T09:21:02+00:00","dateModified":"2024-03-06T11:55:20+00:00","breadcrumb":{"@id":"https:\/\/www.eldiario.net\/portal\/2024\/03\/06\/analizan-mayor-venta-de-gas-a-termoelectricas\/#breadcrumb"},"inLanguage":"es","potentialAction":[{"@type":"ReadAction","target":["https:\/\/www.eldiario.net\/portal\/2024\/03\/06\/analizan-mayor-venta-de-gas-a-termoelectricas\/"]}]},{"@type":"ImageObject","inLanguage":"es","@id":"https:\/\/www.eldiario.net\/portal\/2024\/03\/06\/analizan-mayor-venta-de-gas-a-termoelectricas\/#primaryimage","url":"https:\/\/www.eldiario.net\/portal\/wp-content\/uploads\/2024\/03\/BNamericas.jpg","contentUrl":"https:\/\/www.eldiario.net\/portal\/wp-content\/uploads\/2024\/03\/BNamericas.jpg","width":737,"height":466,"caption":"Termoel\u00e9ctrica brasile\u00f1a"},{"@type":"BreadcrumbList","@id":"https:\/\/www.eldiario.net\/portal\/2024\/03\/06\/analizan-mayor-venta-de-gas-a-termoelectricas\/#breadcrumb","itemListElement":[{"@type":"ListItem","position":1,"name":"Portada","item":"https:\/\/www.eldiario.net\/portal\/"},{"@type":"ListItem","position":2,"name":"Analizan mayor venta de gas a termoel\u00e9ctricas de Brasil"}]},{"@type":"WebSite","@id":"https:\/\/www.eldiario.net\/portal\/#website","url":"https:\/\/www.eldiario.net\/portal\/","name":"El Diario - Decano de la prensa nacional","description":"El Diario - Decano de la prensa nacional","publisher":{"@id":"https:\/\/www.eldiario.net\/portal\/#organization"},"potentialAction":[{"@type":"SearchAction","target":{"@type":"EntryPoint","urlTemplate":"https:\/\/www.eldiario.net\/portal\/?s={search_term_string}"},"query-input":{"@type":"PropertyValueSpecification","valueRequired":true,"valueName":"search_term_string"}}],"inLanguage":"es"},{"@type":"Organization","@id":"https:\/\/www.eldiario.net\/portal\/#organization","name":"El Diario - Decano de la prensa nacional","url":"https:\/\/www.eldiario.net\/portal\/","logo":{"@type":"ImageObject","inLanguage":"es","@id":"https:\/\/www.eldiario.net\/portal\/#\/schema\/logo\/image\/","url":"https:\/\/www.eldiario.net\/portal\/wp-content\/uploads\/2023\/07\/logo_ED.jpg","contentUrl":"https:\/\/www.eldiario.net\/portal\/wp-content\/uploads\/2023\/07\/logo_ED.jpg","width":272,"height":52,"caption":"El Diario - Decano de la prensa nacional"},"image":{"@id":"https:\/\/www.eldiario.net\/portal\/#\/schema\/logo\/image\/"},"sameAs":["https:\/\/www.facebook.com\/eldiario.bolivia\/","https:\/\/x.com\/eldiario_net"]},{"@type":"Person","@id":"https:\/\/www.eldiario.net\/portal\/#\/schema\/person\/f46445640444750d7d753ccd04ae01b7","name":"Jeanette","image":{"@type":"ImageObject","inLanguage":"es","@id":"https:\/\/secure.gravatar.com\/avatar\/3ea2118a5f7dad2b7138b1187a6b7ee55f160b9968b66013c3a3ef39dd7e5798?s=96&d=mm&r=g","url":"https:\/\/secure.gravatar.com\/avatar\/3ea2118a5f7dad2b7138b1187a6b7ee55f160b9968b66013c3a3ef39dd7e5798?s=96&d=mm&r=g","contentUrl":"https:\/\/secure.gravatar.com\/avatar\/3ea2118a5f7dad2b7138b1187a6b7ee55f160b9968b66013c3a3ef39dd7e5798?s=96&d=mm&r=g","caption":"Jeanette"},"sameAs":["https:\/\/www.eldiario.net\/portal"],"url":"https:\/\/www.eldiario.net\/portal\/author\/jeanette\/"}]}},"_links":{"self":[{"href":"https:\/\/www.eldiario.net\/portal\/wp-json\/wp\/v2\/posts\/206660","targetHints":{"allow":["GET"]}}],"collection":[{"href":"https:\/\/www.eldiario.net\/portal\/wp-json\/wp\/v2\/posts"}],"about":[{"href":"https:\/\/www.eldiario.net\/portal\/wp-json\/wp\/v2\/types\/post"}],"author":[{"embeddable":true,"href":"https:\/\/www.eldiario.net\/portal\/wp-json\/wp\/v2\/users\/1"}],"replies":[{"embeddable":true,"href":"https:\/\/www.eldiario.net\/portal\/wp-json\/wp\/v2\/comments?post=206660"}],"version-history":[{"count":3,"href":"https:\/\/www.eldiario.net\/portal\/wp-json\/wp\/v2\/posts\/206660\/revisions"}],"predecessor-version":[{"id":206823,"href":"https:\/\/www.eldiario.net\/portal\/wp-json\/wp\/v2\/posts\/206660\/revisions\/206823"}],"wp:featuredmedia":[{"embeddable":true,"href":"https:\/\/www.eldiario.net\/portal\/wp-json\/wp\/v2\/media\/206821"}],"wp:attachment":[{"href":"https:\/\/www.eldiario.net\/portal\/wp-json\/wp\/v2\/media?parent=206660"}],"wp:term":[{"taxonomy":"category","embeddable":true,"href":"https:\/\/www.eldiario.net\/portal\/wp-json\/wp\/v2\/categories?post=206660"},{"taxonomy":"post_tag","embeddable":true,"href":"https:\/\/www.eldiario.net\/portal\/wp-json\/wp\/v2\/tags?post=206660"}],"curies":[{"name":"wp","href":"https:\/\/api.w.org\/{rel}","templated":true}]}}