{"id":206353,"date":"2024-03-04T05:38:20","date_gmt":"2024-03-04T09:38:20","guid":{"rendered":"https:\/\/www.eldiario.net\/portal\/?p=206353"},"modified":"2024-03-04T05:38:20","modified_gmt":"2024-03-04T09:38:20","slug":"colegio-medico-de-bolivia-ratifica-marcha-nacional-para-el-miercoles","status":"publish","type":"post","link":"https:\/\/www.eldiario.net\/portal\/2024\/03\/04\/colegio-medico-de-bolivia-ratifica-marcha-nacional-para-el-miercoles\/","title":{"rendered":"Colegio M\u00e9dico de Bolivia ratifica  marcha nacional para el mi\u00e9rcoles"},"content":{"rendered":"<p>El presidente del Colegio M\u00e9dico de Bolivia, Carlos Iriarte, ratific\u00f3 la marcha a nivel nacional que se realizar\u00e1 este mi\u00e9rcoles 6 de marzo, en la urbe pace\u00f1a. Detall\u00f3 que arribar\u00e1n a la sede de Gobierno decenas de representantes del pa\u00eds pertenecientes a colegios relacionados con el \u00e1rea de Salud. Se prev\u00e9 que la concentraci\u00f3n ser\u00e1 a las 9:00 horas.<br \/>\n\u201cEn la reuni\u00f3n que hemos tenido con el Concejo Nacional de Salud, que est\u00e1 integrado por todos los colegios nacionales que tienen que ver con Salud y el Colegio M\u00e9dico de Bolivia, el Consejo M\u00e9dico Nacional y otras instituciones m\u00e1s, se ha decidido que este mi\u00e9rcoles tengamos una marcha nacional en la ciudad de La Paz, en protesta por la probable aprobaci\u00f3n del proyecto de ley de jubilaciones, en la cual quieren jubilar a todos los que trabajan en el sector p\u00fablico y privado, pero en especial al sector Salud y a los m\u00e9dicos, a los 65 a\u00f1os, a lo cual nosotros rechazamos rotundamente\u201d, sostuvo el representante en contacto con radio Panamericana.<br \/>\nApunt\u00f3 que la concentraci\u00f3n est\u00e1 convocada a las 9:00 horas, por inmediaciones del Hospital de Cl\u00ednicas y, por tema de estrategia, no se comparti\u00f3 la ruta que seguir\u00e1n, sin embargo se prev\u00e9 que lleguen al centro pace\u00f1o.<br \/>\nIriarte, asegur\u00f3 que este tema ya lo trataron con el presidente de la Comisi\u00f3n de Planificaci\u00f3n de los diputados, en dos ocasiones: \u201cles hemos explicado, pero han hecho caso omiso de las recomendaciones que hemos hecho\u201d.<br \/>\nAcot\u00f3 que la norma en cuesti\u00f3n es discriminatoria, \u201cporque van a exceptuar a los que son elegidos, es decir; concejales, diputados, senadores, alcaldes, gobernadores y a los de libre nombramiento a ellos van a exceptuar para que no se jubilen o sea que, hay ciudadanos que a los 65 ya no van a poder tener la capacidad, pero otros si, completamente discriminatorio\u201d, lament\u00f3.<br \/>\nPor otro lado, explic\u00f3 que la OIT (Organizaci\u00f3n Internacional del Trabajo) indica que no se puede obligar a jubilar a una persona, \u201ceso tiene que ser voluntario\u201d, adem\u00e1s, \u201cestudios cient\u00edficos demuestran que una persona a los 65 a\u00f1os o m\u00e1s, si no tienen alguna patolog\u00eda, pueden seguir trabajando, especialmente los que trabajan en las universidades como docentes, los m\u00e9dicos que ejercen su profesi\u00f3n intelectualmente y otras profesiones pueden seguir y adem\u00e1s que tienen la capacidad, la experiencia de transmitir y de trabajar para servir a la sociedad\u201d.<br \/>\nAsimismo, reiter\u00f3 que ese sector no est\u00e1 en contra de toda la norma, sino, de solo piden que se retire una parte. \u201cEstamos rechazando terminantemente y estamos solicitando que se retire ese articulado que dice \u2018se acogen\u2019 por ser un t\u00e9rmino imperativo. (\u2026) No estamos contra todo el proyecto de ley (\u2026) estamos yendo solamente al tema de la edad, el resto ser\u00e1 debatido en el Parlamento\u201d.<br \/>\nTambi\u00e9n pidi\u00f3 disculpas a la poblaci\u00f3n por las molestas que ocasionar\u00e1n y solicit\u00f3 su comprensi\u00f3n.<\/p>\n","protected":false},"excerpt":{"rendered":"<p>El presidente del Colegio M\u00e9dico de Bolivia, Carlos Iriarte, ratific\u00f3 la marcha a nivel nacional que se realizar\u00e1 este mi\u00e9rcoles 6 de marzo, en la urbe pace\u00f1a. Detall\u00f3 que arribar\u00e1n a la sede de Gobierno decenas de representantes del pa\u00eds pertenecientes a colegios relacionados con el \u00e1rea de Salud. Se prev\u00e9 que la concentraci\u00f3n ser\u00e1 [&hellip;]<\/p>\n","protected":false},"author":1,"featured_media":194726,"comment_status":"open","ping_status":"open","sticky":false,"template":"","format":"standard","meta":{"_acf_changed":false,"footnotes":""},"categories":[12],"tags":[],"class_list":["post-206353","post","type-post","status-publish","format-standard","has-post-thumbnail","category-nacional"],"acf":{"antetitulo":""},"yoast_head":"<!-- This site is optimized with the Yoast SEO plugin v28.3 - https:\/\/yoast.com\/product\/yoast-seo-wordpress\/ -->\n<title>Colegio M\u00e9dico de Bolivia ratifica marcha nacional para el mi\u00e9rcoles - El Diario - Bolivia<\/title>\n<meta name=\"robots\" content=\"index, follow, max-snippet:-1, max-image-preview:large, max-video-preview:-1\" \/>\n<link rel=\"canonical\" href=\"https:\/\/www.eldiario.net\/portal\/2024\/03\/04\/colegio-medico-de-bolivia-ratifica-marcha-nacional-para-el-miercoles\/\" \/>\n<meta property=\"og:locale\" content=\"es_ES\" \/>\n<meta property=\"og:type\" content=\"article\" \/>\n<meta property=\"og:title\" content=\"Colegio M\u00e9dico de Bolivia ratifica marcha nacional para el mi\u00e9rcoles - El Diario - Bolivia\" \/>\n<meta property=\"og:description\" content=\"El presidente del Colegio M\u00e9dico de Bolivia, Carlos Iriarte, ratific\u00f3 la marcha a nivel nacional que se realizar\u00e1 este mi\u00e9rcoles 6 de marzo, en la urbe pace\u00f1a. Detall\u00f3 que arribar\u00e1n a la sede de Gobierno decenas de representantes del pa\u00eds pertenecientes a colegios relacionados con el \u00e1rea de Salud. Se prev\u00e9 que la concentraci\u00f3n ser\u00e1 [&hellip;]\" \/>\n<meta property=\"og:url\" content=\"https:\/\/www.eldiario.net\/portal\/2024\/03\/04\/colegio-medico-de-bolivia-ratifica-marcha-nacional-para-el-miercoles\/\" \/>\n<meta property=\"og:site_name\" content=\"El Diario - Bolivia\" \/>\n<meta property=\"article:publisher\" content=\"https:\/\/www.facebook.com\/eldiario.bolivia\/\" \/>\n<meta property=\"article:published_time\" content=\"2024-03-04T09:38:20+00:00\" \/>\n<meta property=\"og:image\" content=\"https:\/\/www.eldiario.net\/portal\/wp-content\/uploads\/2023\/12\/Nacional.jpg\" \/>\n\t<meta property=\"og:image:width\" content=\"800\" \/>\n\t<meta property=\"og:image:height\" content=\"500\" \/>\n\t<meta property=\"og:image:type\" content=\"image\/jpeg\" \/>\n<meta name=\"author\" content=\"Jeanette\" \/>\n<meta name=\"twitter:card\" content=\"summary_large_image\" \/>\n<meta name=\"twitter:creator\" content=\"@eldiario_net\" \/>\n<meta name=\"twitter:site\" content=\"@eldiario_net\" \/>\n<meta name=\"twitter:label1\" content=\"Escrito por\" \/>\n\t<meta name=\"twitter:data1\" content=\"Jeanette\" \/>\n\t<meta name=\"twitter:label2\" content=\"Tiempo de lectura\" \/>\n\t<meta name=\"twitter:data2\" content=\"3 minutos\" \/>\n<script type=\"application\/ld+json\" class=\"yoast-schema-graph\">{\"@context\":\"https:\\\/\\\/schema.org\",\"@graph\":[{\"@type\":\"Article\",\"@id\":\"https:\\\/\\\/www.eldiario.net\\\/portal\\\/2024\\\/03\\\/04\\\/colegio-medico-de-bolivia-ratifica-marcha-nacional-para-el-miercoles\\\/#article\",\"isPartOf\":{\"@id\":\"https:\\\/\\\/www.eldiario.net\\\/portal\\\/2024\\\/03\\\/04\\\/colegio-medico-de-bolivia-ratifica-marcha-nacional-para-el-miercoles\\\/\"},\"author\":{\"name\":\"Jeanette\",\"@id\":\"https:\\\/\\\/www.eldiario.net\\\/portal\\\/#\\\/schema\\\/person\\\/f46445640444750d7d753ccd04ae01b7\"},\"headline\":\"Colegio M\u00e9dico de Bolivia ratifica marcha nacional para el mi\u00e9rcoles\",\"datePublished\":\"2024-03-04T09:38:20+00:00\",\"mainEntityOfPage\":{\"@id\":\"https:\\\/\\\/www.eldiario.net\\\/portal\\\/2024\\\/03\\\/04\\\/colegio-medico-de-bolivia-ratifica-marcha-nacional-para-el-miercoles\\\/\"},\"wordCount\":516,\"commentCount\":0,\"publisher\":{\"@id\":\"https:\\\/\\\/www.eldiario.net\\\/portal\\\/#organization\"},\"image\":{\"@id\":\"https:\\\/\\\/www.eldiario.net\\\/portal\\\/2024\\\/03\\\/04\\\/colegio-medico-de-bolivia-ratifica-marcha-nacional-para-el-miercoles\\\/#primaryimage\"},\"thumbnailUrl\":\"https:\\\/\\\/www.eldiario.net\\\/portal\\\/wp-content\\\/uploads\\\/2023\\\/12\\\/Nacional.jpg\",\"articleSection\":[\"Nacional\"],\"inLanguage\":\"es\",\"potentialAction\":[{\"@type\":\"CommentAction\",\"name\":\"Comment\",\"target\":[\"https:\\\/\\\/www.eldiario.net\\\/portal\\\/2024\\\/03\\\/04\\\/colegio-medico-de-bolivia-ratifica-marcha-nacional-para-el-miercoles\\\/#respond\"]}]},{\"@type\":\"WebPage\",\"@id\":\"https:\\\/\\\/www.eldiario.net\\\/portal\\\/2024\\\/03\\\/04\\\/colegio-medico-de-bolivia-ratifica-marcha-nacional-para-el-miercoles\\\/\",\"url\":\"https:\\\/\\\/www.eldiario.net\\\/portal\\\/2024\\\/03\\\/04\\\/colegio-medico-de-bolivia-ratifica-marcha-nacional-para-el-miercoles\\\/\",\"name\":\"Colegio M\u00e9dico de Bolivia ratifica marcha nacional para el mi\u00e9rcoles - El Diario - Bolivia\",\"isPartOf\":{\"@id\":\"https:\\\/\\\/www.eldiario.net\\\/portal\\\/#website\"},\"primaryImageOfPage\":{\"@id\":\"https:\\\/\\\/www.eldiario.net\\\/portal\\\/2024\\\/03\\\/04\\\/colegio-medico-de-bolivia-ratifica-marcha-nacional-para-el-miercoles\\\/#primaryimage\"},\"image\":{\"@id\":\"https:\\\/\\\/www.eldiario.net\\\/portal\\\/2024\\\/03\\\/04\\\/colegio-medico-de-bolivia-ratifica-marcha-nacional-para-el-miercoles\\\/#primaryimage\"},\"thumbnailUrl\":\"https:\\\/\\\/www.eldiario.net\\\/portal\\\/wp-content\\\/uploads\\\/2023\\\/12\\\/Nacional.jpg\",\"datePublished\":\"2024-03-04T09:38:20+00:00\",\"breadcrumb\":{\"@id\":\"https:\\\/\\\/www.eldiario.net\\\/portal\\\/2024\\\/03\\\/04\\\/colegio-medico-de-bolivia-ratifica-marcha-nacional-para-el-miercoles\\\/#breadcrumb\"},\"inLanguage\":\"es\",\"potentialAction\":[{\"@type\":\"ReadAction\",\"target\":[\"https:\\\/\\\/www.eldiario.net\\\/portal\\\/2024\\\/03\\\/04\\\/colegio-medico-de-bolivia-ratifica-marcha-nacional-para-el-miercoles\\\/\"]}]},{\"@type\":\"ImageObject\",\"inLanguage\":\"es\",\"@id\":\"https:\\\/\\\/www.eldiario.net\\\/portal\\\/2024\\\/03\\\/04\\\/colegio-medico-de-bolivia-ratifica-marcha-nacional-para-el-miercoles\\\/#primaryimage\",\"url\":\"https:\\\/\\\/www.eldiario.net\\\/portal\\\/wp-content\\\/uploads\\\/2023\\\/12\\\/Nacional.jpg\",\"contentUrl\":\"https:\\\/\\\/www.eldiario.net\\\/portal\\\/wp-content\\\/uploads\\\/2023\\\/12\\\/Nacional.jpg\",\"width\":800,\"height\":500},{\"@type\":\"BreadcrumbList\",\"@id\":\"https:\\\/\\\/www.eldiario.net\\\/portal\\\/2024\\\/03\\\/04\\\/colegio-medico-de-bolivia-ratifica-marcha-nacional-para-el-miercoles\\\/#breadcrumb\",\"itemListElement\":[{\"@type\":\"ListItem\",\"position\":1,\"name\":\"Portada\",\"item\":\"https:\\\/\\\/www.eldiario.net\\\/portal\\\/\"},{\"@type\":\"ListItem\",\"position\":2,\"name\":\"Colegio M\u00e9dico de Bolivia ratifica marcha nacional para el mi\u00e9rcoles\"}]},{\"@type\":\"WebSite\",\"@id\":\"https:\\\/\\\/www.eldiario.net\\\/portal\\\/#website\",\"url\":\"https:\\\/\\\/www.eldiario.net\\\/portal\\\/\",\"name\":\"El Diario - Decano de la prensa nacional\",\"description\":\"El Diario - Decano de la prensa nacional\",\"publisher\":{\"@id\":\"https:\\\/\\\/www.eldiario.net\\\/portal\\\/#organization\"},\"potentialAction\":[{\"@type\":\"SearchAction\",\"target\":{\"@type\":\"EntryPoint\",\"urlTemplate\":\"https:\\\/\\\/www.eldiario.net\\\/portal\\\/?s={search_term_string}\"},\"query-input\":{\"@type\":\"PropertyValueSpecification\",\"valueRequired\":true,\"valueName\":\"search_term_string\"}}],\"inLanguage\":\"es\"},{\"@type\":\"Organization\",\"@id\":\"https:\\\/\\\/www.eldiario.net\\\/portal\\\/#organization\",\"name\":\"El Diario - Decano de la prensa nacional\",\"url\":\"https:\\\/\\\/www.eldiario.net\\\/portal\\\/\",\"logo\":{\"@type\":\"ImageObject\",\"inLanguage\":\"es\",\"@id\":\"https:\\\/\\\/www.eldiario.net\\\/portal\\\/#\\\/schema\\\/logo\\\/image\\\/\",\"url\":\"https:\\\/\\\/www.eldiario.net\\\/portal\\\/wp-content\\\/uploads\\\/2023\\\/07\\\/logo_ED.jpg\",\"contentUrl\":\"https:\\\/\\\/www.eldiario.net\\\/portal\\\/wp-content\\\/uploads\\\/2023\\\/07\\\/logo_ED.jpg\",\"width\":272,\"height\":52,\"caption\":\"El Diario - Decano de la prensa nacional\"},\"image\":{\"@id\":\"https:\\\/\\\/www.eldiario.net\\\/portal\\\/#\\\/schema\\\/logo\\\/image\\\/\"},\"sameAs\":[\"https:\\\/\\\/www.facebook.com\\\/eldiario.bolivia\\\/\",\"https:\\\/\\\/x.com\\\/eldiario_net\"]},{\"@type\":\"Person\",\"@id\":\"https:\\\/\\\/www.eldiario.net\\\/portal\\\/#\\\/schema\\\/person\\\/f46445640444750d7d753ccd04ae01b7\",\"name\":\"Jeanette\",\"image\":{\"@type\":\"ImageObject\",\"inLanguage\":\"es\",\"@id\":\"https:\\\/\\\/secure.gravatar.com\\\/avatar\\\/3ea2118a5f7dad2b7138b1187a6b7ee55f160b9968b66013c3a3ef39dd7e5798?s=96&d=mm&r=g\",\"url\":\"https:\\\/\\\/secure.gravatar.com\\\/avatar\\\/3ea2118a5f7dad2b7138b1187a6b7ee55f160b9968b66013c3a3ef39dd7e5798?s=96&d=mm&r=g\",\"contentUrl\":\"https:\\\/\\\/secure.gravatar.com\\\/avatar\\\/3ea2118a5f7dad2b7138b1187a6b7ee55f160b9968b66013c3a3ef39dd7e5798?s=96&d=mm&r=g\",\"caption\":\"Jeanette\"},\"sameAs\":[\"https:\\\/\\\/www.eldiario.net\\\/portal\"],\"url\":\"https:\\\/\\\/www.eldiario.net\\\/portal\\\/author\\\/jeanette\\\/\"}]}<\/script>\n<!-- \/ Yoast SEO plugin. -->","yoast_head_json":{"title":"Colegio M\u00e9dico de Bolivia ratifica marcha nacional para el mi\u00e9rcoles - El Diario - Bolivia","robots":{"index":"index","follow":"follow","max-snippet":"max-snippet:-1","max-image-preview":"max-image-preview:large","max-video-preview":"max-video-preview:-1"},"canonical":"https:\/\/www.eldiario.net\/portal\/2024\/03\/04\/colegio-medico-de-bolivia-ratifica-marcha-nacional-para-el-miercoles\/","og_locale":"es_ES","og_type":"article","og_title":"Colegio M\u00e9dico de Bolivia ratifica marcha nacional para el mi\u00e9rcoles - El Diario - Bolivia","og_description":"El presidente del Colegio M\u00e9dico de Bolivia, Carlos Iriarte, ratific\u00f3 la marcha a nivel nacional que se realizar\u00e1 este mi\u00e9rcoles 6 de marzo, en la urbe pace\u00f1a. Detall\u00f3 que arribar\u00e1n a la sede de Gobierno decenas de representantes del pa\u00eds pertenecientes a colegios relacionados con el \u00e1rea de Salud. Se prev\u00e9 que la concentraci\u00f3n ser\u00e1 [&hellip;]","og_url":"https:\/\/www.eldiario.net\/portal\/2024\/03\/04\/colegio-medico-de-bolivia-ratifica-marcha-nacional-para-el-miercoles\/","og_site_name":"El Diario - Bolivia","article_publisher":"https:\/\/www.facebook.com\/eldiario.bolivia\/","article_published_time":"2024-03-04T09:38:20+00:00","og_image":[{"width":800,"height":500,"url":"https:\/\/www.eldiario.net\/portal\/wp-content\/uploads\/2023\/12\/Nacional.jpg","type":"image\/jpeg"}],"author":"Jeanette","twitter_card":"summary_large_image","twitter_creator":"@eldiario_net","twitter_site":"@eldiario_net","twitter_misc":{"Escrito por":"Jeanette","Tiempo de lectura":"3 minutos"},"schema":{"@context":"https:\/\/schema.org","@graph":[{"@type":"Article","@id":"https:\/\/www.eldiario.net\/portal\/2024\/03\/04\/colegio-medico-de-bolivia-ratifica-marcha-nacional-para-el-miercoles\/#article","isPartOf":{"@id":"https:\/\/www.eldiario.net\/portal\/2024\/03\/04\/colegio-medico-de-bolivia-ratifica-marcha-nacional-para-el-miercoles\/"},"author":{"name":"Jeanette","@id":"https:\/\/www.eldiario.net\/portal\/#\/schema\/person\/f46445640444750d7d753ccd04ae01b7"},"headline":"Colegio M\u00e9dico de Bolivia ratifica marcha nacional para el mi\u00e9rcoles","datePublished":"2024-03-04T09:38:20+00:00","mainEntityOfPage":{"@id":"https:\/\/www.eldiario.net\/portal\/2024\/03\/04\/colegio-medico-de-bolivia-ratifica-marcha-nacional-para-el-miercoles\/"},"wordCount":516,"commentCount":0,"publisher":{"@id":"https:\/\/www.eldiario.net\/portal\/#organization"},"image":{"@id":"https:\/\/www.eldiario.net\/portal\/2024\/03\/04\/colegio-medico-de-bolivia-ratifica-marcha-nacional-para-el-miercoles\/#primaryimage"},"thumbnailUrl":"https:\/\/www.eldiario.net\/portal\/wp-content\/uploads\/2023\/12\/Nacional.jpg","articleSection":["Nacional"],"inLanguage":"es","potentialAction":[{"@type":"CommentAction","name":"Comment","target":["https:\/\/www.eldiario.net\/portal\/2024\/03\/04\/colegio-medico-de-bolivia-ratifica-marcha-nacional-para-el-miercoles\/#respond"]}]},{"@type":"WebPage","@id":"https:\/\/www.eldiario.net\/portal\/2024\/03\/04\/colegio-medico-de-bolivia-ratifica-marcha-nacional-para-el-miercoles\/","url":"https:\/\/www.eldiario.net\/portal\/2024\/03\/04\/colegio-medico-de-bolivia-ratifica-marcha-nacional-para-el-miercoles\/","name":"Colegio M\u00e9dico de Bolivia ratifica marcha nacional para el mi\u00e9rcoles - El Diario - Bolivia","isPartOf":{"@id":"https:\/\/www.eldiario.net\/portal\/#website"},"primaryImageOfPage":{"@id":"https:\/\/www.eldiario.net\/portal\/2024\/03\/04\/colegio-medico-de-bolivia-ratifica-marcha-nacional-para-el-miercoles\/#primaryimage"},"image":{"@id":"https:\/\/www.eldiario.net\/portal\/2024\/03\/04\/colegio-medico-de-bolivia-ratifica-marcha-nacional-para-el-miercoles\/#primaryimage"},"thumbnailUrl":"https:\/\/www.eldiario.net\/portal\/wp-content\/uploads\/2023\/12\/Nacional.jpg","datePublished":"2024-03-04T09:38:20+00:00","breadcrumb":{"@id":"https:\/\/www.eldiario.net\/portal\/2024\/03\/04\/colegio-medico-de-bolivia-ratifica-marcha-nacional-para-el-miercoles\/#breadcrumb"},"inLanguage":"es","potentialAction":[{"@type":"ReadAction","target":["https:\/\/www.eldiario.net\/portal\/2024\/03\/04\/colegio-medico-de-bolivia-ratifica-marcha-nacional-para-el-miercoles\/"]}]},{"@type":"ImageObject","inLanguage":"es","@id":"https:\/\/www.eldiario.net\/portal\/2024\/03\/04\/colegio-medico-de-bolivia-ratifica-marcha-nacional-para-el-miercoles\/#primaryimage","url":"https:\/\/www.eldiario.net\/portal\/wp-content\/uploads\/2023\/12\/Nacional.jpg","contentUrl":"https:\/\/www.eldiario.net\/portal\/wp-content\/uploads\/2023\/12\/Nacional.jpg","width":800,"height":500},{"@type":"BreadcrumbList","@id":"https:\/\/www.eldiario.net\/portal\/2024\/03\/04\/colegio-medico-de-bolivia-ratifica-marcha-nacional-para-el-miercoles\/#breadcrumb","itemListElement":[{"@type":"ListItem","position":1,"name":"Portada","item":"https:\/\/www.eldiario.net\/portal\/"},{"@type":"ListItem","position":2,"name":"Colegio M\u00e9dico de Bolivia ratifica marcha nacional para el mi\u00e9rcoles"}]},{"@type":"WebSite","@id":"https:\/\/www.eldiario.net\/portal\/#website","url":"https:\/\/www.eldiario.net\/portal\/","name":"El Diario - Decano de la prensa nacional","description":"El Diario - Decano de la prensa nacional","publisher":{"@id":"https:\/\/www.eldiario.net\/portal\/#organization"},"potentialAction":[{"@type":"SearchAction","target":{"@type":"EntryPoint","urlTemplate":"https:\/\/www.eldiario.net\/portal\/?s={search_term_string}"},"query-input":{"@type":"PropertyValueSpecification","valueRequired":true,"valueName":"search_term_string"}}],"inLanguage":"es"},{"@type":"Organization","@id":"https:\/\/www.eldiario.net\/portal\/#organization","name":"El Diario - Decano de la prensa nacional","url":"https:\/\/www.eldiario.net\/portal\/","logo":{"@type":"ImageObject","inLanguage":"es","@id":"https:\/\/www.eldiario.net\/portal\/#\/schema\/logo\/image\/","url":"https:\/\/www.eldiario.net\/portal\/wp-content\/uploads\/2023\/07\/logo_ED.jpg","contentUrl":"https:\/\/www.eldiario.net\/portal\/wp-content\/uploads\/2023\/07\/logo_ED.jpg","width":272,"height":52,"caption":"El Diario - Decano de la prensa nacional"},"image":{"@id":"https:\/\/www.eldiario.net\/portal\/#\/schema\/logo\/image\/"},"sameAs":["https:\/\/www.facebook.com\/eldiario.bolivia\/","https:\/\/x.com\/eldiario_net"]},{"@type":"Person","@id":"https:\/\/www.eldiario.net\/portal\/#\/schema\/person\/f46445640444750d7d753ccd04ae01b7","name":"Jeanette","image":{"@type":"ImageObject","inLanguage":"es","@id":"https:\/\/secure.gravatar.com\/avatar\/3ea2118a5f7dad2b7138b1187a6b7ee55f160b9968b66013c3a3ef39dd7e5798?s=96&d=mm&r=g","url":"https:\/\/secure.gravatar.com\/avatar\/3ea2118a5f7dad2b7138b1187a6b7ee55f160b9968b66013c3a3ef39dd7e5798?s=96&d=mm&r=g","contentUrl":"https:\/\/secure.gravatar.com\/avatar\/3ea2118a5f7dad2b7138b1187a6b7ee55f160b9968b66013c3a3ef39dd7e5798?s=96&d=mm&r=g","caption":"Jeanette"},"sameAs":["https:\/\/www.eldiario.net\/portal"],"url":"https:\/\/www.eldiario.net\/portal\/author\/jeanette\/"}]}},"_links":{"self":[{"href":"https:\/\/www.eldiario.net\/portal\/wp-json\/wp\/v2\/posts\/206353","targetHints":{"allow":["GET"]}}],"collection":[{"href":"https:\/\/www.eldiario.net\/portal\/wp-json\/wp\/v2\/posts"}],"about":[{"href":"https:\/\/www.eldiario.net\/portal\/wp-json\/wp\/v2\/types\/post"}],"author":[{"embeddable":true,"href":"https:\/\/www.eldiario.net\/portal\/wp-json\/wp\/v2\/users\/1"}],"replies":[{"embeddable":true,"href":"https:\/\/www.eldiario.net\/portal\/wp-json\/wp\/v2\/comments?post=206353"}],"version-history":[{"count":1,"href":"https:\/\/www.eldiario.net\/portal\/wp-json\/wp\/v2\/posts\/206353\/revisions"}],"predecessor-version":[{"id":206354,"href":"https:\/\/www.eldiario.net\/portal\/wp-json\/wp\/v2\/posts\/206353\/revisions\/206354"}],"wp:featuredmedia":[{"embeddable":true,"href":"https:\/\/www.eldiario.net\/portal\/wp-json\/wp\/v2\/media\/194726"}],"wp:attachment":[{"href":"https:\/\/www.eldiario.net\/portal\/wp-json\/wp\/v2\/media?parent=206353"}],"wp:term":[{"taxonomy":"category","embeddable":true,"href":"https:\/\/www.eldiario.net\/portal\/wp-json\/wp\/v2\/categories?post=206353"},{"taxonomy":"post_tag","embeddable":true,"href":"https:\/\/www.eldiario.net\/portal\/wp-json\/wp\/v2\/tags?post=206353"}],"curies":[{"name":"wp","href":"https:\/\/api.w.org\/{rel}","templated":true}]}}