{"id":206306,"date":"2024-03-04T05:22:16","date_gmt":"2024-03-04T09:22:16","guid":{"rendered":"https:\/\/www.eldiario.net\/portal\/?p=206306"},"modified":"2024-03-04T05:22:16","modified_gmt":"2024-03-04T09:22:16","slug":"ine-asegura-que-registro-de-voluntarios-esta-completo","status":"publish","type":"post","link":"https:\/\/www.eldiario.net\/portal\/2024\/03\/04\/ine-asegura-que-registro-de-voluntarios-esta-completo\/","title":{"rendered":"INE asegura que registro de  voluntarios est\u00e1 completo"},"content":{"rendered":"<p>El director ejecutivo del Instituto Nacional de Estad\u00edstica (INE), Humberto Arandia, refut\u00f3 las declaraciones del expresidente, Evo Morales, quien recientemente expres\u00f3 su preocupaci\u00f3n por la aparente escasez de censistas, lo que podr\u00eda poner en riesgo el pr\u00f3ximo Censo de Poblaci\u00f3n y Vivienda programado para este 23.<br \/>\nMorales hab\u00eda sugerido la movilizaci\u00f3n de fuerzas sociales e incluso la participaci\u00f3n de la Polic\u00eda y las Fuerzas Armadas para garantizar el \u00e9xito del Censo.<br \/>\nArandia ve innecesaria esa propuesta porque en este momento se tienen 763.019 voluntarios registrados y se requieren solamente 680.000.<br \/>\nPrecis\u00f3 que en materia de reclutamiento, Pando cubri\u00f3 en 154%, Chuquisaca 140%, Potos\u00ed 126%, Tarija 123%, Beni 121%, Oruro y La Paz 114%, Cochabamba 105%, y Santa Cruz alcanz\u00f3 el 99,9%.<br \/>\nEsta sobrepoblaci\u00f3n de voluntarios a nivel macro permite tomar precauciones adicionales, como asegurar la presencia de censistas en una misma zona para evitar traslados innecesarios dentro del mismo municipio.<br \/>\nTambi\u00e9n destac\u00f3 que, esta semana se espera la colaboraci\u00f3n de los gobiernos aut\u00f3nomos departamentales para facilitar que los ciudadanos est\u00e9n disponibles en sus domicilios para recibir a los voluntarios censistas.<br \/>\nPor \u00faltimo, record\u00f3 que el d\u00eda del Censo estar\u00e1 vigente el Decreto 4824, que restringe la circulaci\u00f3n y los viajes de veh\u00edculos a nivel intermunicipal, interprovincial e internacional, medida que fue promulgada hace dos a\u00f1os.<\/p>\n","protected":false},"excerpt":{"rendered":"<p>El director ejecutivo del Instituto Nacional de Estad\u00edstica (INE), Humberto Arandia, refut\u00f3 las declaraciones del expresidente, Evo Morales, quien recientemente expres\u00f3 su preocupaci\u00f3n por la aparente escasez de censistas, lo que podr\u00eda poner en riesgo el pr\u00f3ximo Censo de Poblaci\u00f3n y Vivienda programado para este 23. Morales hab\u00eda sugerido la movilizaci\u00f3n de fuerzas sociales e [&hellip;]<\/p>\n","protected":false},"author":1,"featured_media":206307,"comment_status":"open","ping_status":"open","sticky":false,"template":"","format":"standard","meta":{"_acf_changed":false,"footnotes":""},"categories":[15],"tags":[],"class_list":["post-206306","post","type-post","status-publish","format-standard","has-post-thumbnail","category-portada"],"acf":{"antetitulo":"Para el Censo 2024"},"yoast_head":"<!-- This site is optimized with the Yoast SEO plugin v28.3 - https:\/\/yoast.com\/product\/yoast-seo-wordpress\/ -->\n<title>INE asegura que registro de voluntarios est\u00e1 completo - El Diario - Bolivia<\/title>\n<meta name=\"robots\" content=\"index, follow, max-snippet:-1, max-image-preview:large, max-video-preview:-1\" \/>\n<link rel=\"canonical\" href=\"https:\/\/www.eldiario.net\/portal\/2024\/03\/04\/ine-asegura-que-registro-de-voluntarios-esta-completo\/\" \/>\n<meta property=\"og:locale\" content=\"es_ES\" \/>\n<meta property=\"og:type\" content=\"article\" \/>\n<meta property=\"og:title\" content=\"INE asegura que registro de voluntarios est\u00e1 completo - El Diario - Bolivia\" \/>\n<meta property=\"og:description\" content=\"El director ejecutivo del Instituto Nacional de Estad\u00edstica (INE), Humberto Arandia, refut\u00f3 las declaraciones del expresidente, Evo Morales, quien recientemente expres\u00f3 su preocupaci\u00f3n por la aparente escasez de censistas, lo que podr\u00eda poner en riesgo el pr\u00f3ximo Censo de Poblaci\u00f3n y Vivienda programado para este 23. Morales hab\u00eda sugerido la movilizaci\u00f3n de fuerzas sociales e [&hellip;]\" \/>\n<meta property=\"og:url\" content=\"https:\/\/www.eldiario.net\/portal\/2024\/03\/04\/ine-asegura-que-registro-de-voluntarios-esta-completo\/\" \/>\n<meta property=\"og:site_name\" content=\"El Diario - Bolivia\" \/>\n<meta property=\"article:publisher\" content=\"https:\/\/www.facebook.com\/eldiario.bolivia\/\" \/>\n<meta property=\"article:published_time\" content=\"2024-03-04T09:22:16+00:00\" \/>\n<meta property=\"og:image\" content=\"https:\/\/www.eldiario.net\/portal\/wp-content\/uploads\/2024\/03\/P-3.jpg\" \/>\n\t<meta property=\"og:image:width\" content=\"505\" \/>\n\t<meta property=\"og:image:height\" content=\"339\" \/>\n\t<meta property=\"og:image:type\" content=\"image\/jpeg\" \/>\n<meta name=\"author\" content=\"Jeanette\" \/>\n<meta name=\"twitter:card\" content=\"summary_large_image\" \/>\n<meta name=\"twitter:creator\" content=\"@eldiario_net\" \/>\n<meta name=\"twitter:site\" content=\"@eldiario_net\" \/>\n<meta name=\"twitter:label1\" content=\"Escrito por\" \/>\n\t<meta name=\"twitter:data1\" content=\"Jeanette\" \/>\n\t<meta name=\"twitter:label2\" content=\"Tiempo de lectura\" \/>\n\t<meta name=\"twitter:data2\" content=\"2 minutos\" \/>\n<script type=\"application\/ld+json\" class=\"yoast-schema-graph\">{\"@context\":\"https:\\\/\\\/schema.org\",\"@graph\":[{\"@type\":\"Article\",\"@id\":\"https:\\\/\\\/www.eldiario.net\\\/portal\\\/2024\\\/03\\\/04\\\/ine-asegura-que-registro-de-voluntarios-esta-completo\\\/#article\",\"isPartOf\":{\"@id\":\"https:\\\/\\\/www.eldiario.net\\\/portal\\\/2024\\\/03\\\/04\\\/ine-asegura-que-registro-de-voluntarios-esta-completo\\\/\"},\"author\":{\"name\":\"Jeanette\",\"@id\":\"https:\\\/\\\/www.eldiario.net\\\/portal\\\/#\\\/schema\\\/person\\\/f46445640444750d7d753ccd04ae01b7\"},\"headline\":\"INE asegura que registro de voluntarios est\u00e1 completo\",\"datePublished\":\"2024-03-04T09:22:16+00:00\",\"mainEntityOfPage\":{\"@id\":\"https:\\\/\\\/www.eldiario.net\\\/portal\\\/2024\\\/03\\\/04\\\/ine-asegura-que-registro-de-voluntarios-esta-completo\\\/\"},\"wordCount\":229,\"commentCount\":0,\"publisher\":{\"@id\":\"https:\\\/\\\/www.eldiario.net\\\/portal\\\/#organization\"},\"image\":{\"@id\":\"https:\\\/\\\/www.eldiario.net\\\/portal\\\/2024\\\/03\\\/04\\\/ine-asegura-que-registro-de-voluntarios-esta-completo\\\/#primaryimage\"},\"thumbnailUrl\":\"https:\\\/\\\/www.eldiario.net\\\/portal\\\/wp-content\\\/uploads\\\/2024\\\/03\\\/P-3.jpg\",\"articleSection\":[\"Portada\"],\"inLanguage\":\"es\",\"potentialAction\":[{\"@type\":\"CommentAction\",\"name\":\"Comment\",\"target\":[\"https:\\\/\\\/www.eldiario.net\\\/portal\\\/2024\\\/03\\\/04\\\/ine-asegura-que-registro-de-voluntarios-esta-completo\\\/#respond\"]}]},{\"@type\":\"WebPage\",\"@id\":\"https:\\\/\\\/www.eldiario.net\\\/portal\\\/2024\\\/03\\\/04\\\/ine-asegura-que-registro-de-voluntarios-esta-completo\\\/\",\"url\":\"https:\\\/\\\/www.eldiario.net\\\/portal\\\/2024\\\/03\\\/04\\\/ine-asegura-que-registro-de-voluntarios-esta-completo\\\/\",\"name\":\"INE asegura que registro de voluntarios est\u00e1 completo - El Diario - Bolivia\",\"isPartOf\":{\"@id\":\"https:\\\/\\\/www.eldiario.net\\\/portal\\\/#website\"},\"primaryImageOfPage\":{\"@id\":\"https:\\\/\\\/www.eldiario.net\\\/portal\\\/2024\\\/03\\\/04\\\/ine-asegura-que-registro-de-voluntarios-esta-completo\\\/#primaryimage\"},\"image\":{\"@id\":\"https:\\\/\\\/www.eldiario.net\\\/portal\\\/2024\\\/03\\\/04\\\/ine-asegura-que-registro-de-voluntarios-esta-completo\\\/#primaryimage\"},\"thumbnailUrl\":\"https:\\\/\\\/www.eldiario.net\\\/portal\\\/wp-content\\\/uploads\\\/2024\\\/03\\\/P-3.jpg\",\"datePublished\":\"2024-03-04T09:22:16+00:00\",\"breadcrumb\":{\"@id\":\"https:\\\/\\\/www.eldiario.net\\\/portal\\\/2024\\\/03\\\/04\\\/ine-asegura-que-registro-de-voluntarios-esta-completo\\\/#breadcrumb\"},\"inLanguage\":\"es\",\"potentialAction\":[{\"@type\":\"ReadAction\",\"target\":[\"https:\\\/\\\/www.eldiario.net\\\/portal\\\/2024\\\/03\\\/04\\\/ine-asegura-que-registro-de-voluntarios-esta-completo\\\/\"]}]},{\"@type\":\"ImageObject\",\"inLanguage\":\"es\",\"@id\":\"https:\\\/\\\/www.eldiario.net\\\/portal\\\/2024\\\/03\\\/04\\\/ine-asegura-que-registro-de-voluntarios-esta-completo\\\/#primaryimage\",\"url\":\"https:\\\/\\\/www.eldiario.net\\\/portal\\\/wp-content\\\/uploads\\\/2024\\\/03\\\/P-3.jpg\",\"contentUrl\":\"https:\\\/\\\/www.eldiario.net\\\/portal\\\/wp-content\\\/uploads\\\/2024\\\/03\\\/P-3.jpg\",\"width\":505,\"height\":339,\"caption\":\"Humberto Arandia.\"},{\"@type\":\"BreadcrumbList\",\"@id\":\"https:\\\/\\\/www.eldiario.net\\\/portal\\\/2024\\\/03\\\/04\\\/ine-asegura-que-registro-de-voluntarios-esta-completo\\\/#breadcrumb\",\"itemListElement\":[{\"@type\":\"ListItem\",\"position\":1,\"name\":\"Portada\",\"item\":\"https:\\\/\\\/www.eldiario.net\\\/portal\\\/\"},{\"@type\":\"ListItem\",\"position\":2,\"name\":\"INE asegura que registro de voluntarios est\u00e1 completo\"}]},{\"@type\":\"WebSite\",\"@id\":\"https:\\\/\\\/www.eldiario.net\\\/portal\\\/#website\",\"url\":\"https:\\\/\\\/www.eldiario.net\\\/portal\\\/\",\"name\":\"El Diario - Decano de la prensa nacional\",\"description\":\"El Diario - Decano de la prensa nacional\",\"publisher\":{\"@id\":\"https:\\\/\\\/www.eldiario.net\\\/portal\\\/#organization\"},\"potentialAction\":[{\"@type\":\"SearchAction\",\"target\":{\"@type\":\"EntryPoint\",\"urlTemplate\":\"https:\\\/\\\/www.eldiario.net\\\/portal\\\/?s={search_term_string}\"},\"query-input\":{\"@type\":\"PropertyValueSpecification\",\"valueRequired\":true,\"valueName\":\"search_term_string\"}}],\"inLanguage\":\"es\"},{\"@type\":\"Organization\",\"@id\":\"https:\\\/\\\/www.eldiario.net\\\/portal\\\/#organization\",\"name\":\"El Diario - Decano de la prensa nacional\",\"url\":\"https:\\\/\\\/www.eldiario.net\\\/portal\\\/\",\"logo\":{\"@type\":\"ImageObject\",\"inLanguage\":\"es\",\"@id\":\"https:\\\/\\\/www.eldiario.net\\\/portal\\\/#\\\/schema\\\/logo\\\/image\\\/\",\"url\":\"https:\\\/\\\/www.eldiario.net\\\/portal\\\/wp-content\\\/uploads\\\/2023\\\/07\\\/logo_ED.jpg\",\"contentUrl\":\"https:\\\/\\\/www.eldiario.net\\\/portal\\\/wp-content\\\/uploads\\\/2023\\\/07\\\/logo_ED.jpg\",\"width\":272,\"height\":52,\"caption\":\"El Diario - Decano de la prensa nacional\"},\"image\":{\"@id\":\"https:\\\/\\\/www.eldiario.net\\\/portal\\\/#\\\/schema\\\/logo\\\/image\\\/\"},\"sameAs\":[\"https:\\\/\\\/www.facebook.com\\\/eldiario.bolivia\\\/\",\"https:\\\/\\\/x.com\\\/eldiario_net\"]},{\"@type\":\"Person\",\"@id\":\"https:\\\/\\\/www.eldiario.net\\\/portal\\\/#\\\/schema\\\/person\\\/f46445640444750d7d753ccd04ae01b7\",\"name\":\"Jeanette\",\"image\":{\"@type\":\"ImageObject\",\"inLanguage\":\"es\",\"@id\":\"https:\\\/\\\/secure.gravatar.com\\\/avatar\\\/3ea2118a5f7dad2b7138b1187a6b7ee55f160b9968b66013c3a3ef39dd7e5798?s=96&d=mm&r=g\",\"url\":\"https:\\\/\\\/secure.gravatar.com\\\/avatar\\\/3ea2118a5f7dad2b7138b1187a6b7ee55f160b9968b66013c3a3ef39dd7e5798?s=96&d=mm&r=g\",\"contentUrl\":\"https:\\\/\\\/secure.gravatar.com\\\/avatar\\\/3ea2118a5f7dad2b7138b1187a6b7ee55f160b9968b66013c3a3ef39dd7e5798?s=96&d=mm&r=g\",\"caption\":\"Jeanette\"},\"sameAs\":[\"https:\\\/\\\/www.eldiario.net\\\/portal\"],\"url\":\"https:\\\/\\\/www.eldiario.net\\\/portal\\\/author\\\/jeanette\\\/\"}]}<\/script>\n<!-- \/ Yoast SEO plugin. -->","yoast_head_json":{"title":"INE asegura que registro de voluntarios est\u00e1 completo - El Diario - Bolivia","robots":{"index":"index","follow":"follow","max-snippet":"max-snippet:-1","max-image-preview":"max-image-preview:large","max-video-preview":"max-video-preview:-1"},"canonical":"https:\/\/www.eldiario.net\/portal\/2024\/03\/04\/ine-asegura-que-registro-de-voluntarios-esta-completo\/","og_locale":"es_ES","og_type":"article","og_title":"INE asegura que registro de voluntarios est\u00e1 completo - El Diario - Bolivia","og_description":"El director ejecutivo del Instituto Nacional de Estad\u00edstica (INE), Humberto Arandia, refut\u00f3 las declaraciones del expresidente, Evo Morales, quien recientemente expres\u00f3 su preocupaci\u00f3n por la aparente escasez de censistas, lo que podr\u00eda poner en riesgo el pr\u00f3ximo Censo de Poblaci\u00f3n y Vivienda programado para este 23. Morales hab\u00eda sugerido la movilizaci\u00f3n de fuerzas sociales e [&hellip;]","og_url":"https:\/\/www.eldiario.net\/portal\/2024\/03\/04\/ine-asegura-que-registro-de-voluntarios-esta-completo\/","og_site_name":"El Diario - Bolivia","article_publisher":"https:\/\/www.facebook.com\/eldiario.bolivia\/","article_published_time":"2024-03-04T09:22:16+00:00","og_image":[{"width":505,"height":339,"url":"https:\/\/www.eldiario.net\/portal\/wp-content\/uploads\/2024\/03\/P-3.jpg","type":"image\/jpeg"}],"author":"Jeanette","twitter_card":"summary_large_image","twitter_creator":"@eldiario_net","twitter_site":"@eldiario_net","twitter_misc":{"Escrito por":"Jeanette","Tiempo de lectura":"2 minutos"},"schema":{"@context":"https:\/\/schema.org","@graph":[{"@type":"Article","@id":"https:\/\/www.eldiario.net\/portal\/2024\/03\/04\/ine-asegura-que-registro-de-voluntarios-esta-completo\/#article","isPartOf":{"@id":"https:\/\/www.eldiario.net\/portal\/2024\/03\/04\/ine-asegura-que-registro-de-voluntarios-esta-completo\/"},"author":{"name":"Jeanette","@id":"https:\/\/www.eldiario.net\/portal\/#\/schema\/person\/f46445640444750d7d753ccd04ae01b7"},"headline":"INE asegura que registro de voluntarios est\u00e1 completo","datePublished":"2024-03-04T09:22:16+00:00","mainEntityOfPage":{"@id":"https:\/\/www.eldiario.net\/portal\/2024\/03\/04\/ine-asegura-que-registro-de-voluntarios-esta-completo\/"},"wordCount":229,"commentCount":0,"publisher":{"@id":"https:\/\/www.eldiario.net\/portal\/#organization"},"image":{"@id":"https:\/\/www.eldiario.net\/portal\/2024\/03\/04\/ine-asegura-que-registro-de-voluntarios-esta-completo\/#primaryimage"},"thumbnailUrl":"https:\/\/www.eldiario.net\/portal\/wp-content\/uploads\/2024\/03\/P-3.jpg","articleSection":["Portada"],"inLanguage":"es","potentialAction":[{"@type":"CommentAction","name":"Comment","target":["https:\/\/www.eldiario.net\/portal\/2024\/03\/04\/ine-asegura-que-registro-de-voluntarios-esta-completo\/#respond"]}]},{"@type":"WebPage","@id":"https:\/\/www.eldiario.net\/portal\/2024\/03\/04\/ine-asegura-que-registro-de-voluntarios-esta-completo\/","url":"https:\/\/www.eldiario.net\/portal\/2024\/03\/04\/ine-asegura-que-registro-de-voluntarios-esta-completo\/","name":"INE asegura que registro de voluntarios est\u00e1 completo - El Diario - Bolivia","isPartOf":{"@id":"https:\/\/www.eldiario.net\/portal\/#website"},"primaryImageOfPage":{"@id":"https:\/\/www.eldiario.net\/portal\/2024\/03\/04\/ine-asegura-que-registro-de-voluntarios-esta-completo\/#primaryimage"},"image":{"@id":"https:\/\/www.eldiario.net\/portal\/2024\/03\/04\/ine-asegura-que-registro-de-voluntarios-esta-completo\/#primaryimage"},"thumbnailUrl":"https:\/\/www.eldiario.net\/portal\/wp-content\/uploads\/2024\/03\/P-3.jpg","datePublished":"2024-03-04T09:22:16+00:00","breadcrumb":{"@id":"https:\/\/www.eldiario.net\/portal\/2024\/03\/04\/ine-asegura-que-registro-de-voluntarios-esta-completo\/#breadcrumb"},"inLanguage":"es","potentialAction":[{"@type":"ReadAction","target":["https:\/\/www.eldiario.net\/portal\/2024\/03\/04\/ine-asegura-que-registro-de-voluntarios-esta-completo\/"]}]},{"@type":"ImageObject","inLanguage":"es","@id":"https:\/\/www.eldiario.net\/portal\/2024\/03\/04\/ine-asegura-que-registro-de-voluntarios-esta-completo\/#primaryimage","url":"https:\/\/www.eldiario.net\/portal\/wp-content\/uploads\/2024\/03\/P-3.jpg","contentUrl":"https:\/\/www.eldiario.net\/portal\/wp-content\/uploads\/2024\/03\/P-3.jpg","width":505,"height":339,"caption":"Humberto Arandia."},{"@type":"BreadcrumbList","@id":"https:\/\/www.eldiario.net\/portal\/2024\/03\/04\/ine-asegura-que-registro-de-voluntarios-esta-completo\/#breadcrumb","itemListElement":[{"@type":"ListItem","position":1,"name":"Portada","item":"https:\/\/www.eldiario.net\/portal\/"},{"@type":"ListItem","position":2,"name":"INE asegura que registro de voluntarios est\u00e1 completo"}]},{"@type":"WebSite","@id":"https:\/\/www.eldiario.net\/portal\/#website","url":"https:\/\/www.eldiario.net\/portal\/","name":"El Diario - Decano de la prensa nacional","description":"El Diario - Decano de la prensa nacional","publisher":{"@id":"https:\/\/www.eldiario.net\/portal\/#organization"},"potentialAction":[{"@type":"SearchAction","target":{"@type":"EntryPoint","urlTemplate":"https:\/\/www.eldiario.net\/portal\/?s={search_term_string}"},"query-input":{"@type":"PropertyValueSpecification","valueRequired":true,"valueName":"search_term_string"}}],"inLanguage":"es"},{"@type":"Organization","@id":"https:\/\/www.eldiario.net\/portal\/#organization","name":"El Diario - Decano de la prensa nacional","url":"https:\/\/www.eldiario.net\/portal\/","logo":{"@type":"ImageObject","inLanguage":"es","@id":"https:\/\/www.eldiario.net\/portal\/#\/schema\/logo\/image\/","url":"https:\/\/www.eldiario.net\/portal\/wp-content\/uploads\/2023\/07\/logo_ED.jpg","contentUrl":"https:\/\/www.eldiario.net\/portal\/wp-content\/uploads\/2023\/07\/logo_ED.jpg","width":272,"height":52,"caption":"El Diario - Decano de la prensa nacional"},"image":{"@id":"https:\/\/www.eldiario.net\/portal\/#\/schema\/logo\/image\/"},"sameAs":["https:\/\/www.facebook.com\/eldiario.bolivia\/","https:\/\/x.com\/eldiario_net"]},{"@type":"Person","@id":"https:\/\/www.eldiario.net\/portal\/#\/schema\/person\/f46445640444750d7d753ccd04ae01b7","name":"Jeanette","image":{"@type":"ImageObject","inLanguage":"es","@id":"https:\/\/secure.gravatar.com\/avatar\/3ea2118a5f7dad2b7138b1187a6b7ee55f160b9968b66013c3a3ef39dd7e5798?s=96&d=mm&r=g","url":"https:\/\/secure.gravatar.com\/avatar\/3ea2118a5f7dad2b7138b1187a6b7ee55f160b9968b66013c3a3ef39dd7e5798?s=96&d=mm&r=g","contentUrl":"https:\/\/secure.gravatar.com\/avatar\/3ea2118a5f7dad2b7138b1187a6b7ee55f160b9968b66013c3a3ef39dd7e5798?s=96&d=mm&r=g","caption":"Jeanette"},"sameAs":["https:\/\/www.eldiario.net\/portal"],"url":"https:\/\/www.eldiario.net\/portal\/author\/jeanette\/"}]}},"_links":{"self":[{"href":"https:\/\/www.eldiario.net\/portal\/wp-json\/wp\/v2\/posts\/206306","targetHints":{"allow":["GET"]}}],"collection":[{"href":"https:\/\/www.eldiario.net\/portal\/wp-json\/wp\/v2\/posts"}],"about":[{"href":"https:\/\/www.eldiario.net\/portal\/wp-json\/wp\/v2\/types\/post"}],"author":[{"embeddable":true,"href":"https:\/\/www.eldiario.net\/portal\/wp-json\/wp\/v2\/users\/1"}],"replies":[{"embeddable":true,"href":"https:\/\/www.eldiario.net\/portal\/wp-json\/wp\/v2\/comments?post=206306"}],"version-history":[{"count":1,"href":"https:\/\/www.eldiario.net\/portal\/wp-json\/wp\/v2\/posts\/206306\/revisions"}],"predecessor-version":[{"id":206308,"href":"https:\/\/www.eldiario.net\/portal\/wp-json\/wp\/v2\/posts\/206306\/revisions\/206308"}],"wp:featuredmedia":[{"embeddable":true,"href":"https:\/\/www.eldiario.net\/portal\/wp-json\/wp\/v2\/media\/206307"}],"wp:attachment":[{"href":"https:\/\/www.eldiario.net\/portal\/wp-json\/wp\/v2\/media?parent=206306"}],"wp:term":[{"taxonomy":"category","embeddable":true,"href":"https:\/\/www.eldiario.net\/portal\/wp-json\/wp\/v2\/categories?post=206306"},{"taxonomy":"post_tag","embeddable":true,"href":"https:\/\/www.eldiario.net\/portal\/wp-json\/wp\/v2\/tags?post=206306"}],"curies":[{"name":"wp","href":"https:\/\/api.w.org\/{rel}","templated":true}]}}