{"id":206304,"date":"2024-03-04T05:21:28","date_gmt":"2024-03-04T09:21:28","guid":{"rendered":"https:\/\/www.eldiario.net\/portal\/?p=206304"},"modified":"2024-03-04T05:21:28","modified_gmt":"2024-03-04T09:21:28","slug":"iglesia-pide-que-exista-respeto-entre-diputados","status":"publish","type":"post","link":"https:\/\/www.eldiario.net\/portal\/2024\/03\/04\/iglesia-pide-que-exista-respeto-entre-diputados\/","title":{"rendered":"Iglesia pide que exista respeto entre diputados"},"content":{"rendered":"<p>El arzobispo de Santa Cruz, monse\u00f1or Ren\u00e9 Leigue, expres\u00f3 su consternaci\u00f3n por los altercados ocurridos en la C\u00e1mara de Diputados la semana pasada, donde los legisladores protagonizaron violentos enfrentamientos f\u00edsicos y verbales durante el debate sobre leyes econ\u00f3micas.<br \/>\nEn su homil\u00eda dominical, lament\u00f3 que la noticia principal no sea el respeto y la disposici\u00f3n para escucharse mutuamente, sino los disturbios en la Asamblea Legislativa Plurinacional (ALP).<br \/>\n\u201cQu\u00e9 triste. El centro de nuestro pa\u00eds est\u00e1 as\u00ed y a lo mejor nosotros podemos decir: si ellos est\u00e1n as\u00ed, qu\u00e9 se espera de nosotros\u201d, manifest\u00f3. El prelado exhort\u00f3 a los bolivianos a no imitar lo que los padres de la patria hacen, sino a demostrar que podemos hacer cosas diferentes a los diputados.<br \/>\nSubray\u00f3 la importancia de observar los mandamientos, especialmente el respeto hacia los dem\u00e1s y el quinto mandamiento de \u201cno matar\u00e1s\u201d, entendido no en el hecho de quitar la vida al otro, sino en la persecuci\u00f3n pol\u00edtica hacia ciertas personas.<br \/>\nDestac\u00f3 que un perseguido pol\u00edtico sufre una especie de muerte en vida, ya que se ve impedido de vivir feliz en su propio pa\u00eds a causa de las ambiciones personales y pol\u00edticas. (Santa Cruz, Erbol)<\/p>\n","protected":false},"excerpt":{"rendered":"<p>El arzobispo de Santa Cruz, monse\u00f1or Ren\u00e9 Leigue, expres\u00f3 su consternaci\u00f3n por los altercados ocurridos en la C\u00e1mara de Diputados la semana pasada, donde los legisladores protagonizaron violentos enfrentamientos f\u00edsicos y verbales durante el debate sobre leyes econ\u00f3micas. En su homil\u00eda dominical, lament\u00f3 que la noticia principal no sea el respeto y la disposici\u00f3n para [&hellip;]<\/p>\n","protected":false},"author":1,"featured_media":194807,"comment_status":"open","ping_status":"open","sticky":false,"template":"","format":"standard","meta":{"_acf_changed":false,"footnotes":""},"categories":[15],"tags":[],"class_list":["post-206304","post","type-post","status-publish","format-standard","has-post-thumbnail","category-portada"],"acf":{"antetitulo":""},"yoast_head":"<!-- This site is optimized with the Yoast SEO plugin v28.3 - https:\/\/yoast.com\/product\/yoast-seo-wordpress\/ -->\n<title>Iglesia pide que exista respeto entre diputados - El Diario - Bolivia<\/title>\n<meta name=\"robots\" content=\"index, follow, max-snippet:-1, max-image-preview:large, max-video-preview:-1\" \/>\n<link rel=\"canonical\" href=\"https:\/\/www.eldiario.net\/portal\/2024\/03\/04\/iglesia-pide-que-exista-respeto-entre-diputados\/\" \/>\n<meta property=\"og:locale\" content=\"es_ES\" \/>\n<meta property=\"og:type\" content=\"article\" \/>\n<meta property=\"og:title\" content=\"Iglesia pide que exista respeto entre diputados - El Diario - Bolivia\" \/>\n<meta property=\"og:description\" content=\"El arzobispo de Santa Cruz, monse\u00f1or Ren\u00e9 Leigue, expres\u00f3 su consternaci\u00f3n por los altercados ocurridos en la C\u00e1mara de Diputados la semana pasada, donde los legisladores protagonizaron violentos enfrentamientos f\u00edsicos y verbales durante el debate sobre leyes econ\u00f3micas. En su homil\u00eda dominical, lament\u00f3 que la noticia principal no sea el respeto y la disposici\u00f3n para [&hellip;]\" \/>\n<meta property=\"og:url\" content=\"https:\/\/www.eldiario.net\/portal\/2024\/03\/04\/iglesia-pide-que-exista-respeto-entre-diputados\/\" \/>\n<meta property=\"og:site_name\" content=\"El Diario - Bolivia\" \/>\n<meta property=\"article:publisher\" content=\"https:\/\/www.facebook.com\/eldiario.bolivia\/\" \/>\n<meta property=\"article:published_time\" content=\"2024-03-04T09:21:28+00:00\" \/>\n<meta property=\"og:image\" content=\"https:\/\/www.eldiario.net\/portal\/wp-content\/uploads\/2023\/12\/portada.jpg\" \/>\n\t<meta property=\"og:image:width\" content=\"800\" \/>\n\t<meta property=\"og:image:height\" content=\"500\" \/>\n\t<meta property=\"og:image:type\" content=\"image\/jpeg\" \/>\n<meta name=\"author\" content=\"Jeanette\" \/>\n<meta name=\"twitter:card\" content=\"summary_large_image\" \/>\n<meta name=\"twitter:creator\" content=\"@eldiario_net\" \/>\n<meta name=\"twitter:site\" content=\"@eldiario_net\" \/>\n<meta name=\"twitter:label1\" content=\"Escrito por\" \/>\n\t<meta name=\"twitter:data1\" content=\"Jeanette\" \/>\n\t<meta name=\"twitter:label2\" content=\"Tiempo de lectura\" \/>\n\t<meta name=\"twitter:data2\" content=\"2 minutos\" \/>\n<script type=\"application\/ld+json\" class=\"yoast-schema-graph\">{\"@context\":\"https:\\\/\\\/schema.org\",\"@graph\":[{\"@type\":\"Article\",\"@id\":\"https:\\\/\\\/www.eldiario.net\\\/portal\\\/2024\\\/03\\\/04\\\/iglesia-pide-que-exista-respeto-entre-diputados\\\/#article\",\"isPartOf\":{\"@id\":\"https:\\\/\\\/www.eldiario.net\\\/portal\\\/2024\\\/03\\\/04\\\/iglesia-pide-que-exista-respeto-entre-diputados\\\/\"},\"author\":{\"name\":\"Jeanette\",\"@id\":\"https:\\\/\\\/www.eldiario.net\\\/portal\\\/#\\\/schema\\\/person\\\/f46445640444750d7d753ccd04ae01b7\"},\"headline\":\"Iglesia pide que exista respeto entre diputados\",\"datePublished\":\"2024-03-04T09:21:28+00:00\",\"mainEntityOfPage\":{\"@id\":\"https:\\\/\\\/www.eldiario.net\\\/portal\\\/2024\\\/03\\\/04\\\/iglesia-pide-que-exista-respeto-entre-diputados\\\/\"},\"wordCount\":217,\"commentCount\":0,\"publisher\":{\"@id\":\"https:\\\/\\\/www.eldiario.net\\\/portal\\\/#organization\"},\"image\":{\"@id\":\"https:\\\/\\\/www.eldiario.net\\\/portal\\\/2024\\\/03\\\/04\\\/iglesia-pide-que-exista-respeto-entre-diputados\\\/#primaryimage\"},\"thumbnailUrl\":\"https:\\\/\\\/www.eldiario.net\\\/portal\\\/wp-content\\\/uploads\\\/2023\\\/12\\\/portada.jpg\",\"articleSection\":[\"Portada\"],\"inLanguage\":\"es\",\"potentialAction\":[{\"@type\":\"CommentAction\",\"name\":\"Comment\",\"target\":[\"https:\\\/\\\/www.eldiario.net\\\/portal\\\/2024\\\/03\\\/04\\\/iglesia-pide-que-exista-respeto-entre-diputados\\\/#respond\"]}]},{\"@type\":\"WebPage\",\"@id\":\"https:\\\/\\\/www.eldiario.net\\\/portal\\\/2024\\\/03\\\/04\\\/iglesia-pide-que-exista-respeto-entre-diputados\\\/\",\"url\":\"https:\\\/\\\/www.eldiario.net\\\/portal\\\/2024\\\/03\\\/04\\\/iglesia-pide-que-exista-respeto-entre-diputados\\\/\",\"name\":\"Iglesia pide que exista respeto entre diputados - El Diario - Bolivia\",\"isPartOf\":{\"@id\":\"https:\\\/\\\/www.eldiario.net\\\/portal\\\/#website\"},\"primaryImageOfPage\":{\"@id\":\"https:\\\/\\\/www.eldiario.net\\\/portal\\\/2024\\\/03\\\/04\\\/iglesia-pide-que-exista-respeto-entre-diputados\\\/#primaryimage\"},\"image\":{\"@id\":\"https:\\\/\\\/www.eldiario.net\\\/portal\\\/2024\\\/03\\\/04\\\/iglesia-pide-que-exista-respeto-entre-diputados\\\/#primaryimage\"},\"thumbnailUrl\":\"https:\\\/\\\/www.eldiario.net\\\/portal\\\/wp-content\\\/uploads\\\/2023\\\/12\\\/portada.jpg\",\"datePublished\":\"2024-03-04T09:21:28+00:00\",\"breadcrumb\":{\"@id\":\"https:\\\/\\\/www.eldiario.net\\\/portal\\\/2024\\\/03\\\/04\\\/iglesia-pide-que-exista-respeto-entre-diputados\\\/#breadcrumb\"},\"inLanguage\":\"es\",\"potentialAction\":[{\"@type\":\"ReadAction\",\"target\":[\"https:\\\/\\\/www.eldiario.net\\\/portal\\\/2024\\\/03\\\/04\\\/iglesia-pide-que-exista-respeto-entre-diputados\\\/\"]}]},{\"@type\":\"ImageObject\",\"inLanguage\":\"es\",\"@id\":\"https:\\\/\\\/www.eldiario.net\\\/portal\\\/2024\\\/03\\\/04\\\/iglesia-pide-que-exista-respeto-entre-diputados\\\/#primaryimage\",\"url\":\"https:\\\/\\\/www.eldiario.net\\\/portal\\\/wp-content\\\/uploads\\\/2023\\\/12\\\/portada.jpg\",\"contentUrl\":\"https:\\\/\\\/www.eldiario.net\\\/portal\\\/wp-content\\\/uploads\\\/2023\\\/12\\\/portada.jpg\",\"width\":800,\"height\":500},{\"@type\":\"BreadcrumbList\",\"@id\":\"https:\\\/\\\/www.eldiario.net\\\/portal\\\/2024\\\/03\\\/04\\\/iglesia-pide-que-exista-respeto-entre-diputados\\\/#breadcrumb\",\"itemListElement\":[{\"@type\":\"ListItem\",\"position\":1,\"name\":\"Portada\",\"item\":\"https:\\\/\\\/www.eldiario.net\\\/portal\\\/\"},{\"@type\":\"ListItem\",\"position\":2,\"name\":\"Iglesia pide que exista respeto entre diputados\"}]},{\"@type\":\"WebSite\",\"@id\":\"https:\\\/\\\/www.eldiario.net\\\/portal\\\/#website\",\"url\":\"https:\\\/\\\/www.eldiario.net\\\/portal\\\/\",\"name\":\"El Diario - Decano de la prensa nacional\",\"description\":\"El Diario - Decano de la prensa nacional\",\"publisher\":{\"@id\":\"https:\\\/\\\/www.eldiario.net\\\/portal\\\/#organization\"},\"potentialAction\":[{\"@type\":\"SearchAction\",\"target\":{\"@type\":\"EntryPoint\",\"urlTemplate\":\"https:\\\/\\\/www.eldiario.net\\\/portal\\\/?s={search_term_string}\"},\"query-input\":{\"@type\":\"PropertyValueSpecification\",\"valueRequired\":true,\"valueName\":\"search_term_string\"}}],\"inLanguage\":\"es\"},{\"@type\":\"Organization\",\"@id\":\"https:\\\/\\\/www.eldiario.net\\\/portal\\\/#organization\",\"name\":\"El Diario - Decano de la prensa nacional\",\"url\":\"https:\\\/\\\/www.eldiario.net\\\/portal\\\/\",\"logo\":{\"@type\":\"ImageObject\",\"inLanguage\":\"es\",\"@id\":\"https:\\\/\\\/www.eldiario.net\\\/portal\\\/#\\\/schema\\\/logo\\\/image\\\/\",\"url\":\"https:\\\/\\\/www.eldiario.net\\\/portal\\\/wp-content\\\/uploads\\\/2023\\\/07\\\/logo_ED.jpg\",\"contentUrl\":\"https:\\\/\\\/www.eldiario.net\\\/portal\\\/wp-content\\\/uploads\\\/2023\\\/07\\\/logo_ED.jpg\",\"width\":272,\"height\":52,\"caption\":\"El Diario - Decano de la prensa nacional\"},\"image\":{\"@id\":\"https:\\\/\\\/www.eldiario.net\\\/portal\\\/#\\\/schema\\\/logo\\\/image\\\/\"},\"sameAs\":[\"https:\\\/\\\/www.facebook.com\\\/eldiario.bolivia\\\/\",\"https:\\\/\\\/x.com\\\/eldiario_net\"]},{\"@type\":\"Person\",\"@id\":\"https:\\\/\\\/www.eldiario.net\\\/portal\\\/#\\\/schema\\\/person\\\/f46445640444750d7d753ccd04ae01b7\",\"name\":\"Jeanette\",\"image\":{\"@type\":\"ImageObject\",\"inLanguage\":\"es\",\"@id\":\"https:\\\/\\\/secure.gravatar.com\\\/avatar\\\/3ea2118a5f7dad2b7138b1187a6b7ee55f160b9968b66013c3a3ef39dd7e5798?s=96&d=mm&r=g\",\"url\":\"https:\\\/\\\/secure.gravatar.com\\\/avatar\\\/3ea2118a5f7dad2b7138b1187a6b7ee55f160b9968b66013c3a3ef39dd7e5798?s=96&d=mm&r=g\",\"contentUrl\":\"https:\\\/\\\/secure.gravatar.com\\\/avatar\\\/3ea2118a5f7dad2b7138b1187a6b7ee55f160b9968b66013c3a3ef39dd7e5798?s=96&d=mm&r=g\",\"caption\":\"Jeanette\"},\"sameAs\":[\"https:\\\/\\\/www.eldiario.net\\\/portal\"],\"url\":\"https:\\\/\\\/www.eldiario.net\\\/portal\\\/author\\\/jeanette\\\/\"}]}<\/script>\n<!-- \/ Yoast SEO plugin. -->","yoast_head_json":{"title":"Iglesia pide que exista respeto entre diputados - El Diario - Bolivia","robots":{"index":"index","follow":"follow","max-snippet":"max-snippet:-1","max-image-preview":"max-image-preview:large","max-video-preview":"max-video-preview:-1"},"canonical":"https:\/\/www.eldiario.net\/portal\/2024\/03\/04\/iglesia-pide-que-exista-respeto-entre-diputados\/","og_locale":"es_ES","og_type":"article","og_title":"Iglesia pide que exista respeto entre diputados - El Diario - Bolivia","og_description":"El arzobispo de Santa Cruz, monse\u00f1or Ren\u00e9 Leigue, expres\u00f3 su consternaci\u00f3n por los altercados ocurridos en la C\u00e1mara de Diputados la semana pasada, donde los legisladores protagonizaron violentos enfrentamientos f\u00edsicos y verbales durante el debate sobre leyes econ\u00f3micas. En su homil\u00eda dominical, lament\u00f3 que la noticia principal no sea el respeto y la disposici\u00f3n para [&hellip;]","og_url":"https:\/\/www.eldiario.net\/portal\/2024\/03\/04\/iglesia-pide-que-exista-respeto-entre-diputados\/","og_site_name":"El Diario - Bolivia","article_publisher":"https:\/\/www.facebook.com\/eldiario.bolivia\/","article_published_time":"2024-03-04T09:21:28+00:00","og_image":[{"width":800,"height":500,"url":"https:\/\/www.eldiario.net\/portal\/wp-content\/uploads\/2023\/12\/portada.jpg","type":"image\/jpeg"}],"author":"Jeanette","twitter_card":"summary_large_image","twitter_creator":"@eldiario_net","twitter_site":"@eldiario_net","twitter_misc":{"Escrito por":"Jeanette","Tiempo de lectura":"2 minutos"},"schema":{"@context":"https:\/\/schema.org","@graph":[{"@type":"Article","@id":"https:\/\/www.eldiario.net\/portal\/2024\/03\/04\/iglesia-pide-que-exista-respeto-entre-diputados\/#article","isPartOf":{"@id":"https:\/\/www.eldiario.net\/portal\/2024\/03\/04\/iglesia-pide-que-exista-respeto-entre-diputados\/"},"author":{"name":"Jeanette","@id":"https:\/\/www.eldiario.net\/portal\/#\/schema\/person\/f46445640444750d7d753ccd04ae01b7"},"headline":"Iglesia pide que exista respeto entre diputados","datePublished":"2024-03-04T09:21:28+00:00","mainEntityOfPage":{"@id":"https:\/\/www.eldiario.net\/portal\/2024\/03\/04\/iglesia-pide-que-exista-respeto-entre-diputados\/"},"wordCount":217,"commentCount":0,"publisher":{"@id":"https:\/\/www.eldiario.net\/portal\/#organization"},"image":{"@id":"https:\/\/www.eldiario.net\/portal\/2024\/03\/04\/iglesia-pide-que-exista-respeto-entre-diputados\/#primaryimage"},"thumbnailUrl":"https:\/\/www.eldiario.net\/portal\/wp-content\/uploads\/2023\/12\/portada.jpg","articleSection":["Portada"],"inLanguage":"es","potentialAction":[{"@type":"CommentAction","name":"Comment","target":["https:\/\/www.eldiario.net\/portal\/2024\/03\/04\/iglesia-pide-que-exista-respeto-entre-diputados\/#respond"]}]},{"@type":"WebPage","@id":"https:\/\/www.eldiario.net\/portal\/2024\/03\/04\/iglesia-pide-que-exista-respeto-entre-diputados\/","url":"https:\/\/www.eldiario.net\/portal\/2024\/03\/04\/iglesia-pide-que-exista-respeto-entre-diputados\/","name":"Iglesia pide que exista respeto entre diputados - El Diario - Bolivia","isPartOf":{"@id":"https:\/\/www.eldiario.net\/portal\/#website"},"primaryImageOfPage":{"@id":"https:\/\/www.eldiario.net\/portal\/2024\/03\/04\/iglesia-pide-que-exista-respeto-entre-diputados\/#primaryimage"},"image":{"@id":"https:\/\/www.eldiario.net\/portal\/2024\/03\/04\/iglesia-pide-que-exista-respeto-entre-diputados\/#primaryimage"},"thumbnailUrl":"https:\/\/www.eldiario.net\/portal\/wp-content\/uploads\/2023\/12\/portada.jpg","datePublished":"2024-03-04T09:21:28+00:00","breadcrumb":{"@id":"https:\/\/www.eldiario.net\/portal\/2024\/03\/04\/iglesia-pide-que-exista-respeto-entre-diputados\/#breadcrumb"},"inLanguage":"es","potentialAction":[{"@type":"ReadAction","target":["https:\/\/www.eldiario.net\/portal\/2024\/03\/04\/iglesia-pide-que-exista-respeto-entre-diputados\/"]}]},{"@type":"ImageObject","inLanguage":"es","@id":"https:\/\/www.eldiario.net\/portal\/2024\/03\/04\/iglesia-pide-que-exista-respeto-entre-diputados\/#primaryimage","url":"https:\/\/www.eldiario.net\/portal\/wp-content\/uploads\/2023\/12\/portada.jpg","contentUrl":"https:\/\/www.eldiario.net\/portal\/wp-content\/uploads\/2023\/12\/portada.jpg","width":800,"height":500},{"@type":"BreadcrumbList","@id":"https:\/\/www.eldiario.net\/portal\/2024\/03\/04\/iglesia-pide-que-exista-respeto-entre-diputados\/#breadcrumb","itemListElement":[{"@type":"ListItem","position":1,"name":"Portada","item":"https:\/\/www.eldiario.net\/portal\/"},{"@type":"ListItem","position":2,"name":"Iglesia pide que exista respeto entre diputados"}]},{"@type":"WebSite","@id":"https:\/\/www.eldiario.net\/portal\/#website","url":"https:\/\/www.eldiario.net\/portal\/","name":"El Diario - Decano de la prensa nacional","description":"El Diario - Decano de la prensa nacional","publisher":{"@id":"https:\/\/www.eldiario.net\/portal\/#organization"},"potentialAction":[{"@type":"SearchAction","target":{"@type":"EntryPoint","urlTemplate":"https:\/\/www.eldiario.net\/portal\/?s={search_term_string}"},"query-input":{"@type":"PropertyValueSpecification","valueRequired":true,"valueName":"search_term_string"}}],"inLanguage":"es"},{"@type":"Organization","@id":"https:\/\/www.eldiario.net\/portal\/#organization","name":"El Diario - Decano de la prensa nacional","url":"https:\/\/www.eldiario.net\/portal\/","logo":{"@type":"ImageObject","inLanguage":"es","@id":"https:\/\/www.eldiario.net\/portal\/#\/schema\/logo\/image\/","url":"https:\/\/www.eldiario.net\/portal\/wp-content\/uploads\/2023\/07\/logo_ED.jpg","contentUrl":"https:\/\/www.eldiario.net\/portal\/wp-content\/uploads\/2023\/07\/logo_ED.jpg","width":272,"height":52,"caption":"El Diario - Decano de la prensa nacional"},"image":{"@id":"https:\/\/www.eldiario.net\/portal\/#\/schema\/logo\/image\/"},"sameAs":["https:\/\/www.facebook.com\/eldiario.bolivia\/","https:\/\/x.com\/eldiario_net"]},{"@type":"Person","@id":"https:\/\/www.eldiario.net\/portal\/#\/schema\/person\/f46445640444750d7d753ccd04ae01b7","name":"Jeanette","image":{"@type":"ImageObject","inLanguage":"es","@id":"https:\/\/secure.gravatar.com\/avatar\/3ea2118a5f7dad2b7138b1187a6b7ee55f160b9968b66013c3a3ef39dd7e5798?s=96&d=mm&r=g","url":"https:\/\/secure.gravatar.com\/avatar\/3ea2118a5f7dad2b7138b1187a6b7ee55f160b9968b66013c3a3ef39dd7e5798?s=96&d=mm&r=g","contentUrl":"https:\/\/secure.gravatar.com\/avatar\/3ea2118a5f7dad2b7138b1187a6b7ee55f160b9968b66013c3a3ef39dd7e5798?s=96&d=mm&r=g","caption":"Jeanette"},"sameAs":["https:\/\/www.eldiario.net\/portal"],"url":"https:\/\/www.eldiario.net\/portal\/author\/jeanette\/"}]}},"_links":{"self":[{"href":"https:\/\/www.eldiario.net\/portal\/wp-json\/wp\/v2\/posts\/206304","targetHints":{"allow":["GET"]}}],"collection":[{"href":"https:\/\/www.eldiario.net\/portal\/wp-json\/wp\/v2\/posts"}],"about":[{"href":"https:\/\/www.eldiario.net\/portal\/wp-json\/wp\/v2\/types\/post"}],"author":[{"embeddable":true,"href":"https:\/\/www.eldiario.net\/portal\/wp-json\/wp\/v2\/users\/1"}],"replies":[{"embeddable":true,"href":"https:\/\/www.eldiario.net\/portal\/wp-json\/wp\/v2\/comments?post=206304"}],"version-history":[{"count":1,"href":"https:\/\/www.eldiario.net\/portal\/wp-json\/wp\/v2\/posts\/206304\/revisions"}],"predecessor-version":[{"id":206305,"href":"https:\/\/www.eldiario.net\/portal\/wp-json\/wp\/v2\/posts\/206304\/revisions\/206305"}],"wp:featuredmedia":[{"embeddable":true,"href":"https:\/\/www.eldiario.net\/portal\/wp-json\/wp\/v2\/media\/194807"}],"wp:attachment":[{"href":"https:\/\/www.eldiario.net\/portal\/wp-json\/wp\/v2\/media?parent=206304"}],"wp:term":[{"taxonomy":"category","embeddable":true,"href":"https:\/\/www.eldiario.net\/portal\/wp-json\/wp\/v2\/categories?post=206304"},{"taxonomy":"post_tag","embeddable":true,"href":"https:\/\/www.eldiario.net\/portal\/wp-json\/wp\/v2\/tags?post=206304"}],"curies":[{"name":"wp","href":"https:\/\/api.w.org\/{rel}","templated":true}]}}