{"id":206213,"date":"2024-03-03T06:28:11","date_gmt":"2024-03-03T10:28:11","guid":{"rendered":"https:\/\/www.eldiario.net\/portal\/?p=206213"},"modified":"2024-03-03T06:28:11","modified_gmt":"2024-03-03T10:28:11","slug":"bolivia-tendra-un-ano-con-menos-dolares-y-caida-de-exportaciones","status":"publish","type":"post","link":"https:\/\/www.eldiario.net\/portal\/2024\/03\/03\/bolivia-tendra-un-ano-con-menos-dolares-y-caida-de-exportaciones\/","title":{"rendered":"Bolivia tendr\u00e1 un a\u00f1o con menos  d\u00f3lares y ca\u00edda de exportaciones"},"content":{"rendered":"<p>El 2023 cayeron las exportaciones, una buena parte corresponde a la venta de gas a Brasil y Argentina, a pesar de los buenos precios del petr\u00f3leo en el mercado internacional; pero la p\u00e9rdida del mercado argentino ser\u00e1 un golpe a la econom\u00eda nacional, pues se agudizar\u00e1 la escasez de d\u00f3lares, y por ello empresarios ya plantearon una serie de medidas para lidiar con la crisis, como la flexibilizaci\u00f3n laboral, apertura a la inversi\u00f3n extranjera y una liberalizaci\u00f3n total de las exportaciones.<\/p>\n<p>Exportaciones<br \/>\nEn 2022, las exportaciones bolivianas alcanzaron a 13.670,1 millones de d\u00f3lares y las compras a 11.869,5 millones, lo que registr\u00f3 un saldo comercial positivo de 1.801,1 millones.<br \/>\nEntretanto, a diciembre de 2023 el comportamiento del comercio exterior boliviano fue afectado por las repercusiones del contexto internacional, como el conflicto b\u00e9lico entre Rusia y Ucrania, la situaci\u00f3n de los mercados financieros internacionales, la contracci\u00f3n econ\u00f3mica mundial y el cambio clim\u00e1tico, argument\u00f3 el Instituto Nacional de Estad\u00edstica (INE) por el d\u00e9ficit comercial.<br \/>\nA nivel nacional, las sequ\u00edas y los bloqueos en carreteras, en rutas de entrada y salida de mercanc\u00edas al pa\u00eds, generaron un d\u00e9ficit de 585 millones de d\u00f3lares, agreg\u00f3.<br \/>\nLas exportaciones a diciembre de 2023 alcanzaron 10.911 millones de d\u00f3lares, cifra menor en 2.760 millones a la registrada en el 2022. Por su parte, las importaciones en el mismo per\u00edodo llegaron a 11.496 millones, 374 millones menos a la de 2022.<br \/>\nEl principal producto estrella qued\u00f3 rezagado, la venta de gas natural a mercados de Argentina y Brasil. En 2022, los ingresos alcanzaron a 2.973,4 millones de d\u00f3lares y cayeron a 2.046,9 millones en 2023, sufri\u00f3 una ca\u00edda de -31,2%.<br \/>\nLa industria manufacturera tambi\u00e9n registr\u00f3 saldos negativos. En 2022, alcanz\u00f3 a 6.931,5 millones de d\u00f3lares, pero en 2023 baj\u00f3 a 5.556,4 millones, una ca\u00edda de -19,8%.<br \/>\nMientras el oro met\u00e1lico logr\u00f3 ingresos de 3.003,2 millones de d\u00f3lares en 2022, pero en 2023 baj\u00f3 a 2.482,4 millones, una ca\u00edda de -17,3%.<\/p>\n<p>Argentina<br \/>\nCon el anuncio de Argentina de dejar de comprar gas en octubre de la presente gesti\u00f3n, los ingresos por el gas cayeran m\u00e1s, y Bolivia perder\u00e1 un mercado importante, mientras que Brasil todav\u00eda seguir\u00e1 adquiriendo el producto boliviano, por el momento.<br \/>\nEn su momento, en una entrevista con este medio, el experto y exautoridad, Mauricio Medinaceli, dijo que Brasil no dejar\u00e1 de comprar gas, pero ya no ser\u00e1n por per\u00edodos largos, sino que los contratos oscilar\u00e1n entre 2 a 3 a\u00f1os.<\/p>\n<p>Escasez de d\u00f3lares<br \/>\nPara el economista Gonzalo Ch\u00e1vez, el anuncio de Argentina tiene implicaciones econ\u00f3micas de corto, mediano y largo plazo, as\u00ed como una reducci\u00f3n importante de las exportaciones de gas, y por tanto, se profundizar\u00e1 la escasez de d\u00f3lares.<br \/>\nEn 2014, Bolivia vendi\u00f3 gas natural a la Argentina por valor de 2.000 millones de d\u00f3lares, pero con los a\u00f1os la cifra fue en ca\u00edda libre, debido a la disminuci\u00f3n de los env\u00edos y por ello se hicieron varias adendas para actualizar los vol\u00famenes.<br \/>\nCh\u00e1vez anticipa que no s\u00f3lo se registrar\u00e1 problemas de d\u00f3lares sino tambi\u00e9n de ingresos para el tesoro, ya que la renta gas\u00edfera es importante para el Gobierno como para los municipios, gobernaciones y universidades.<br \/>\nRecord\u00f3 que, en 2012 la renta petrolera alcanz\u00f3 a 5.800 millones de d\u00f3lares y el 2023 baj\u00f3 a 2.000 millones.<br \/>\nPero no s\u00f3lo caer\u00e1n los ingresos, sino que Argentina se convertir\u00e1 en un competidor importante en la regi\u00f3n y Bolivia quedar\u00eda rezagada. El economista anunci\u00f3 que a mediano plazo, el vecino pa\u00eds pasar\u00e1 de comprador a competidor.<\/p>\n<p>Turismo<br \/>\nEmpresarios privados solicitaron, en su momento, a las autoridades a mejorar el clima econ\u00f3mico del pa\u00eds para que lleguen inversiones y d\u00f3lares, y para ello plantearon seguridad jur\u00eddica, flexibilidad laboral, libre exportaci\u00f3n y mercados.<br \/>\nHace unas semanas el sector textil, tras el acuerdo entre empresarios y Gobierno, indic\u00f3 que no se benefician del mismo y por ello solicitaron a las autoridades nacionales abrir nuevamente el mercado de Estados Unidos, mediante la Ley de Promoci\u00f3n Comercial Andina y Erradicaci\u00f3n de Drogas (Atpdea).<br \/>\nMientras tanto, el gerente general de Orbita (Observatorio Boliviano para la Industria Tur\u00edstica Sostenible), Andr\u00e9s Aramayo, sostiene que el contexto econ\u00f3mico actual muestra una gran necesidad de divisas para el pa\u00eds. En este sentido, el turismo se presenta como una alternativa viable para el desarrollo sostenible de Bolivia, al alejarse del extractivismo y atraer divisas mediante la econom\u00eda creativa, la cultura y el folklore.<br \/>\nLa econom\u00eda de Bolivia depende en gran medida de las industrias extractivas, como la miner\u00eda y el petr\u00f3leo, las cuales experimentaron una ca\u00edda del 15% en volumen y del 21% en valor durante el a\u00f1o 2023.<br \/>\nEl Gerente de Orbita subray\u00f3 la necesidad de una nueva articulaci\u00f3n p\u00fablico-privada en el sector tur\u00edstico. Destac\u00f3 que algunas pr\u00e1cticas arraigadas pueden no ser percibidas como beneficiosas por los viajeros.<br \/>\nSe refiri\u00f3 en particular al impacto de los bloqueos, una problem\u00e1tica recurrente que ha afectado eventos emblem\u00e1ticos, como el Carnaval de Oruro y el Carnaval de Cochabamba. Esta situaci\u00f3n, seg\u00fan Aramayo, demuestra la importancia de no limitar las festividades a eventos \u00fanicos anuales y la necesidad de diversificar las opciones festivas para atraer a un mayor n\u00famero de visitantes.<br \/>\nPara Aramayo se debe apuntar a una estrategia tur\u00edstica m\u00e1s amplia y diversificada en Bolivia, que no solo celebre su rica cultura, sino que tambi\u00e9n la proyecte como un destino atractivo y din\u00e1mico para visitantes de todo el mundo.<br \/>\nAunque el Gobierno est\u00e1 confiado en que la exportaci\u00f3n de carbonato de litio, as\u00ed como las plantas de biocombustibles, generar\u00e1n ingresos y ahorros para el pa\u00eds. Para ello realiz\u00f3 convenios con empresas chinas y rusas para acelerar la implementaci\u00f3n de la tecnolog\u00eda de Extracci\u00f3n Directa de Litio (EDL), que todav\u00eda no se prob\u00f3 a nivel industrial.<\/p>\n<p><img loading=\"lazy\" decoding=\"async\" class=\"aligncenter size-full wp-image-206214\" src=\"https:\/\/www.eldiario.net\/portal\/wp-content\/uploads\/2024\/03\/export-2-scaled-e1709461644229.jpg\" alt=\"\" width=\"2560\" height=\"601\" srcset=\"https:\/\/www.eldiario.net\/portal\/wp-content\/uploads\/2024\/03\/export-2-scaled-e1709461644229.jpg 2560w, https:\/\/www.eldiario.net\/portal\/wp-content\/uploads\/2024\/03\/export-2-scaled-e1709461644229-300x70.jpg 300w, https:\/\/www.eldiario.net\/portal\/wp-content\/uploads\/2024\/03\/export-2-scaled-e1709461644229-1024x240.jpg 1024w, https:\/\/www.eldiario.net\/portal\/wp-content\/uploads\/2024\/03\/export-2-scaled-e1709461644229-768x180.jpg 768w, https:\/\/www.eldiario.net\/portal\/wp-content\/uploads\/2024\/03\/export-2-scaled-e1709461644229-1536x361.jpg 1536w, https:\/\/www.eldiario.net\/portal\/wp-content\/uploads\/2024\/03\/export-2-scaled-e1709461644229-2048x481.jpg 2048w, https:\/\/www.eldiario.net\/portal\/wp-content\/uploads\/2024\/03\/export-2-scaled-e1709461644229-696x163.jpg 696w, https:\/\/www.eldiario.net\/portal\/wp-content\/uploads\/2024\/03\/export-2-scaled-e1709461644229-1068x251.jpg 1068w, https:\/\/www.eldiario.net\/portal\/wp-content\/uploads\/2024\/03\/export-2-scaled-e1709461644229-1920x451.jpg 1920w\" sizes=\"auto, (max-width: 2560px) 100vw, 2560px\" \/><\/p>\n","protected":false},"excerpt":{"rendered":"<p>El 2023 cayeron las exportaciones, una buena parte corresponde a la venta de gas a Brasil y Argentina, a pesar de los buenos precios del petr\u00f3leo en el mercado internacional; pero la p\u00e9rdida del mercado argentino ser\u00e1 un golpe a la econom\u00eda nacional, pues se agudizar\u00e1 la escasez de d\u00f3lares, y por ello empresarios ya [&hellip;]<\/p>\n","protected":false},"author":1,"featured_media":206215,"comment_status":"open","ping_status":"open","sticky":false,"template":"","format":"standard","meta":{"_acf_changed":false,"footnotes":""},"categories":[7],"tags":[],"class_list":["post-206213","post","type-post","status-publish","format-standard","has-post-thumbnail","category-economia"],"acf":{"antetitulo":""},"yoast_head":"<!-- This site is optimized with the Yoast SEO plugin v28.3 - https:\/\/yoast.com\/product\/yoast-seo-wordpress\/ -->\n<title>Bolivia tendr\u00e1 un a\u00f1o con menos d\u00f3lares y ca\u00edda de exportaciones - El Diario - Bolivia<\/title>\n<meta name=\"robots\" content=\"index, follow, max-snippet:-1, max-image-preview:large, max-video-preview:-1\" \/>\n<link rel=\"canonical\" href=\"https:\/\/www.eldiario.net\/portal\/2024\/03\/03\/bolivia-tendra-un-ano-con-menos-dolares-y-caida-de-exportaciones\/\" \/>\n<meta property=\"og:locale\" content=\"es_ES\" \/>\n<meta property=\"og:type\" content=\"article\" \/>\n<meta property=\"og:title\" content=\"Bolivia tendr\u00e1 un a\u00f1o con menos d\u00f3lares y ca\u00edda de exportaciones - El Diario - Bolivia\" \/>\n<meta property=\"og:description\" content=\"El 2023 cayeron las exportaciones, una buena parte corresponde a la venta de gas a Brasil y Argentina, a pesar de los buenos precios del petr\u00f3leo en el mercado internacional; pero la p\u00e9rdida del mercado argentino ser\u00e1 un golpe a la econom\u00eda nacional, pues se agudizar\u00e1 la escasez de d\u00f3lares, y por ello empresarios ya [&hellip;]\" \/>\n<meta property=\"og:url\" content=\"https:\/\/www.eldiario.net\/portal\/2024\/03\/03\/bolivia-tendra-un-ano-con-menos-dolares-y-caida-de-exportaciones\/\" \/>\n<meta property=\"og:site_name\" content=\"El Diario - Bolivia\" \/>\n<meta property=\"article:publisher\" content=\"https:\/\/www.facebook.com\/eldiario.bolivia\/\" \/>\n<meta property=\"article:published_time\" content=\"2024-03-03T10:28:11+00:00\" \/>\n<meta property=\"og:image\" content=\"https:\/\/www.eldiario.net\/portal\/wp-content\/uploads\/2024\/03\/export-scaled-e1709461683398.jpg\" \/>\n\t<meta property=\"og:image:width\" content=\"1834\" \/>\n\t<meta property=\"og:image:height\" content=\"1335\" \/>\n\t<meta property=\"og:image:type\" content=\"image\/jpeg\" \/>\n<meta name=\"author\" content=\"Jeanette\" \/>\n<meta name=\"twitter:card\" content=\"summary_large_image\" \/>\n<meta name=\"twitter:creator\" content=\"@eldiario_net\" \/>\n<meta name=\"twitter:site\" content=\"@eldiario_net\" \/>\n<meta name=\"twitter:label1\" content=\"Escrito por\" \/>\n\t<meta name=\"twitter:data1\" content=\"Jeanette\" \/>\n\t<meta name=\"twitter:label2\" content=\"Tiempo de lectura\" \/>\n\t<meta name=\"twitter:data2\" content=\"5 minutos\" \/>\n<script type=\"application\/ld+json\" class=\"yoast-schema-graph\">{\"@context\":\"https:\\\/\\\/schema.org\",\"@graph\":[{\"@type\":\"Article\",\"@id\":\"https:\\\/\\\/www.eldiario.net\\\/portal\\\/2024\\\/03\\\/03\\\/bolivia-tendra-un-ano-con-menos-dolares-y-caida-de-exportaciones\\\/#article\",\"isPartOf\":{\"@id\":\"https:\\\/\\\/www.eldiario.net\\\/portal\\\/2024\\\/03\\\/03\\\/bolivia-tendra-un-ano-con-menos-dolares-y-caida-de-exportaciones\\\/\"},\"author\":{\"name\":\"Jeanette\",\"@id\":\"https:\\\/\\\/www.eldiario.net\\\/portal\\\/#\\\/schema\\\/person\\\/f46445640444750d7d753ccd04ae01b7\"},\"headline\":\"Bolivia tendr\u00e1 un a\u00f1o con menos d\u00f3lares y ca\u00edda de exportaciones\",\"datePublished\":\"2024-03-03T10:28:11+00:00\",\"mainEntityOfPage\":{\"@id\":\"https:\\\/\\\/www.eldiario.net\\\/portal\\\/2024\\\/03\\\/03\\\/bolivia-tendra-un-ano-con-menos-dolares-y-caida-de-exportaciones\\\/\"},\"wordCount\":1018,\"commentCount\":0,\"publisher\":{\"@id\":\"https:\\\/\\\/www.eldiario.net\\\/portal\\\/#organization\"},\"image\":{\"@id\":\"https:\\\/\\\/www.eldiario.net\\\/portal\\\/2024\\\/03\\\/03\\\/bolivia-tendra-un-ano-con-menos-dolares-y-caida-de-exportaciones\\\/#primaryimage\"},\"thumbnailUrl\":\"https:\\\/\\\/www.eldiario.net\\\/portal\\\/wp-content\\\/uploads\\\/2024\\\/03\\\/export-scaled-e1709461683398.jpg\",\"articleSection\":[\"Econom\u00eda\"],\"inLanguage\":\"es\",\"potentialAction\":[{\"@type\":\"CommentAction\",\"name\":\"Comment\",\"target\":[\"https:\\\/\\\/www.eldiario.net\\\/portal\\\/2024\\\/03\\\/03\\\/bolivia-tendra-un-ano-con-menos-dolares-y-caida-de-exportaciones\\\/#respond\"]}]},{\"@type\":\"WebPage\",\"@id\":\"https:\\\/\\\/www.eldiario.net\\\/portal\\\/2024\\\/03\\\/03\\\/bolivia-tendra-un-ano-con-menos-dolares-y-caida-de-exportaciones\\\/\",\"url\":\"https:\\\/\\\/www.eldiario.net\\\/portal\\\/2024\\\/03\\\/03\\\/bolivia-tendra-un-ano-con-menos-dolares-y-caida-de-exportaciones\\\/\",\"name\":\"Bolivia tendr\u00e1 un a\u00f1o con menos d\u00f3lares y ca\u00edda de exportaciones - El Diario - Bolivia\",\"isPartOf\":{\"@id\":\"https:\\\/\\\/www.eldiario.net\\\/portal\\\/#website\"},\"primaryImageOfPage\":{\"@id\":\"https:\\\/\\\/www.eldiario.net\\\/portal\\\/2024\\\/03\\\/03\\\/bolivia-tendra-un-ano-con-menos-dolares-y-caida-de-exportaciones\\\/#primaryimage\"},\"image\":{\"@id\":\"https:\\\/\\\/www.eldiario.net\\\/portal\\\/2024\\\/03\\\/03\\\/bolivia-tendra-un-ano-con-menos-dolares-y-caida-de-exportaciones\\\/#primaryimage\"},\"thumbnailUrl\":\"https:\\\/\\\/www.eldiario.net\\\/portal\\\/wp-content\\\/uploads\\\/2024\\\/03\\\/export-scaled-e1709461683398.jpg\",\"datePublished\":\"2024-03-03T10:28:11+00:00\",\"breadcrumb\":{\"@id\":\"https:\\\/\\\/www.eldiario.net\\\/portal\\\/2024\\\/03\\\/03\\\/bolivia-tendra-un-ano-con-menos-dolares-y-caida-de-exportaciones\\\/#breadcrumb\"},\"inLanguage\":\"es\",\"potentialAction\":[{\"@type\":\"ReadAction\",\"target\":[\"https:\\\/\\\/www.eldiario.net\\\/portal\\\/2024\\\/03\\\/03\\\/bolivia-tendra-un-ano-con-menos-dolares-y-caida-de-exportaciones\\\/\"]}]},{\"@type\":\"ImageObject\",\"inLanguage\":\"es\",\"@id\":\"https:\\\/\\\/www.eldiario.net\\\/portal\\\/2024\\\/03\\\/03\\\/bolivia-tendra-un-ano-con-menos-dolares-y-caida-de-exportaciones\\\/#primaryimage\",\"url\":\"https:\\\/\\\/www.eldiario.net\\\/portal\\\/wp-content\\\/uploads\\\/2024\\\/03\\\/export-scaled-e1709461683398.jpg\",\"contentUrl\":\"https:\\\/\\\/www.eldiario.net\\\/portal\\\/wp-content\\\/uploads\\\/2024\\\/03\\\/export-scaled-e1709461683398.jpg\",\"width\":1834,\"height\":1335},{\"@type\":\"BreadcrumbList\",\"@id\":\"https:\\\/\\\/www.eldiario.net\\\/portal\\\/2024\\\/03\\\/03\\\/bolivia-tendra-un-ano-con-menos-dolares-y-caida-de-exportaciones\\\/#breadcrumb\",\"itemListElement\":[{\"@type\":\"ListItem\",\"position\":1,\"name\":\"Portada\",\"item\":\"https:\\\/\\\/www.eldiario.net\\\/portal\\\/\"},{\"@type\":\"ListItem\",\"position\":2,\"name\":\"Bolivia tendr\u00e1 un a\u00f1o con menos d\u00f3lares y ca\u00edda de exportaciones\"}]},{\"@type\":\"WebSite\",\"@id\":\"https:\\\/\\\/www.eldiario.net\\\/portal\\\/#website\",\"url\":\"https:\\\/\\\/www.eldiario.net\\\/portal\\\/\",\"name\":\"El Diario - Decano de la prensa nacional\",\"description\":\"El Diario - Decano de la prensa nacional\",\"publisher\":{\"@id\":\"https:\\\/\\\/www.eldiario.net\\\/portal\\\/#organization\"},\"potentialAction\":[{\"@type\":\"SearchAction\",\"target\":{\"@type\":\"EntryPoint\",\"urlTemplate\":\"https:\\\/\\\/www.eldiario.net\\\/portal\\\/?s={search_term_string}\"},\"query-input\":{\"@type\":\"PropertyValueSpecification\",\"valueRequired\":true,\"valueName\":\"search_term_string\"}}],\"inLanguage\":\"es\"},{\"@type\":\"Organization\",\"@id\":\"https:\\\/\\\/www.eldiario.net\\\/portal\\\/#organization\",\"name\":\"El Diario - Decano de la prensa nacional\",\"url\":\"https:\\\/\\\/www.eldiario.net\\\/portal\\\/\",\"logo\":{\"@type\":\"ImageObject\",\"inLanguage\":\"es\",\"@id\":\"https:\\\/\\\/www.eldiario.net\\\/portal\\\/#\\\/schema\\\/logo\\\/image\\\/\",\"url\":\"https:\\\/\\\/www.eldiario.net\\\/portal\\\/wp-content\\\/uploads\\\/2023\\\/07\\\/logo_ED.jpg\",\"contentUrl\":\"https:\\\/\\\/www.eldiario.net\\\/portal\\\/wp-content\\\/uploads\\\/2023\\\/07\\\/logo_ED.jpg\",\"width\":272,\"height\":52,\"caption\":\"El Diario - Decano de la prensa nacional\"},\"image\":{\"@id\":\"https:\\\/\\\/www.eldiario.net\\\/portal\\\/#\\\/schema\\\/logo\\\/image\\\/\"},\"sameAs\":[\"https:\\\/\\\/www.facebook.com\\\/eldiario.bolivia\\\/\",\"https:\\\/\\\/x.com\\\/eldiario_net\"]},{\"@type\":\"Person\",\"@id\":\"https:\\\/\\\/www.eldiario.net\\\/portal\\\/#\\\/schema\\\/person\\\/f46445640444750d7d753ccd04ae01b7\",\"name\":\"Jeanette\",\"image\":{\"@type\":\"ImageObject\",\"inLanguage\":\"es\",\"@id\":\"https:\\\/\\\/secure.gravatar.com\\\/avatar\\\/3ea2118a5f7dad2b7138b1187a6b7ee55f160b9968b66013c3a3ef39dd7e5798?s=96&d=mm&r=g\",\"url\":\"https:\\\/\\\/secure.gravatar.com\\\/avatar\\\/3ea2118a5f7dad2b7138b1187a6b7ee55f160b9968b66013c3a3ef39dd7e5798?s=96&d=mm&r=g\",\"contentUrl\":\"https:\\\/\\\/secure.gravatar.com\\\/avatar\\\/3ea2118a5f7dad2b7138b1187a6b7ee55f160b9968b66013c3a3ef39dd7e5798?s=96&d=mm&r=g\",\"caption\":\"Jeanette\"},\"sameAs\":[\"https:\\\/\\\/www.eldiario.net\\\/portal\"],\"url\":\"https:\\\/\\\/www.eldiario.net\\\/portal\\\/author\\\/jeanette\\\/\"}]}<\/script>\n<!-- \/ Yoast SEO plugin. -->","yoast_head_json":{"title":"Bolivia tendr\u00e1 un a\u00f1o con menos d\u00f3lares y ca\u00edda de exportaciones - El Diario - Bolivia","robots":{"index":"index","follow":"follow","max-snippet":"max-snippet:-1","max-image-preview":"max-image-preview:large","max-video-preview":"max-video-preview:-1"},"canonical":"https:\/\/www.eldiario.net\/portal\/2024\/03\/03\/bolivia-tendra-un-ano-con-menos-dolares-y-caida-de-exportaciones\/","og_locale":"es_ES","og_type":"article","og_title":"Bolivia tendr\u00e1 un a\u00f1o con menos d\u00f3lares y ca\u00edda de exportaciones - El Diario - Bolivia","og_description":"El 2023 cayeron las exportaciones, una buena parte corresponde a la venta de gas a Brasil y Argentina, a pesar de los buenos precios del petr\u00f3leo en el mercado internacional; pero la p\u00e9rdida del mercado argentino ser\u00e1 un golpe a la econom\u00eda nacional, pues se agudizar\u00e1 la escasez de d\u00f3lares, y por ello empresarios ya [&hellip;]","og_url":"https:\/\/www.eldiario.net\/portal\/2024\/03\/03\/bolivia-tendra-un-ano-con-menos-dolares-y-caida-de-exportaciones\/","og_site_name":"El Diario - Bolivia","article_publisher":"https:\/\/www.facebook.com\/eldiario.bolivia\/","article_published_time":"2024-03-03T10:28:11+00:00","og_image":[{"width":1834,"height":1335,"url":"https:\/\/www.eldiario.net\/portal\/wp-content\/uploads\/2024\/03\/export-scaled-e1709461683398.jpg","type":"image\/jpeg"}],"author":"Jeanette","twitter_card":"summary_large_image","twitter_creator":"@eldiario_net","twitter_site":"@eldiario_net","twitter_misc":{"Escrito por":"Jeanette","Tiempo de lectura":"5 minutos"},"schema":{"@context":"https:\/\/schema.org","@graph":[{"@type":"Article","@id":"https:\/\/www.eldiario.net\/portal\/2024\/03\/03\/bolivia-tendra-un-ano-con-menos-dolares-y-caida-de-exportaciones\/#article","isPartOf":{"@id":"https:\/\/www.eldiario.net\/portal\/2024\/03\/03\/bolivia-tendra-un-ano-con-menos-dolares-y-caida-de-exportaciones\/"},"author":{"name":"Jeanette","@id":"https:\/\/www.eldiario.net\/portal\/#\/schema\/person\/f46445640444750d7d753ccd04ae01b7"},"headline":"Bolivia tendr\u00e1 un a\u00f1o con menos d\u00f3lares y ca\u00edda de exportaciones","datePublished":"2024-03-03T10:28:11+00:00","mainEntityOfPage":{"@id":"https:\/\/www.eldiario.net\/portal\/2024\/03\/03\/bolivia-tendra-un-ano-con-menos-dolares-y-caida-de-exportaciones\/"},"wordCount":1018,"commentCount":0,"publisher":{"@id":"https:\/\/www.eldiario.net\/portal\/#organization"},"image":{"@id":"https:\/\/www.eldiario.net\/portal\/2024\/03\/03\/bolivia-tendra-un-ano-con-menos-dolares-y-caida-de-exportaciones\/#primaryimage"},"thumbnailUrl":"https:\/\/www.eldiario.net\/portal\/wp-content\/uploads\/2024\/03\/export-scaled-e1709461683398.jpg","articleSection":["Econom\u00eda"],"inLanguage":"es","potentialAction":[{"@type":"CommentAction","name":"Comment","target":["https:\/\/www.eldiario.net\/portal\/2024\/03\/03\/bolivia-tendra-un-ano-con-menos-dolares-y-caida-de-exportaciones\/#respond"]}]},{"@type":"WebPage","@id":"https:\/\/www.eldiario.net\/portal\/2024\/03\/03\/bolivia-tendra-un-ano-con-menos-dolares-y-caida-de-exportaciones\/","url":"https:\/\/www.eldiario.net\/portal\/2024\/03\/03\/bolivia-tendra-un-ano-con-menos-dolares-y-caida-de-exportaciones\/","name":"Bolivia tendr\u00e1 un a\u00f1o con menos d\u00f3lares y ca\u00edda de exportaciones - El Diario - Bolivia","isPartOf":{"@id":"https:\/\/www.eldiario.net\/portal\/#website"},"primaryImageOfPage":{"@id":"https:\/\/www.eldiario.net\/portal\/2024\/03\/03\/bolivia-tendra-un-ano-con-menos-dolares-y-caida-de-exportaciones\/#primaryimage"},"image":{"@id":"https:\/\/www.eldiario.net\/portal\/2024\/03\/03\/bolivia-tendra-un-ano-con-menos-dolares-y-caida-de-exportaciones\/#primaryimage"},"thumbnailUrl":"https:\/\/www.eldiario.net\/portal\/wp-content\/uploads\/2024\/03\/export-scaled-e1709461683398.jpg","datePublished":"2024-03-03T10:28:11+00:00","breadcrumb":{"@id":"https:\/\/www.eldiario.net\/portal\/2024\/03\/03\/bolivia-tendra-un-ano-con-menos-dolares-y-caida-de-exportaciones\/#breadcrumb"},"inLanguage":"es","potentialAction":[{"@type":"ReadAction","target":["https:\/\/www.eldiario.net\/portal\/2024\/03\/03\/bolivia-tendra-un-ano-con-menos-dolares-y-caida-de-exportaciones\/"]}]},{"@type":"ImageObject","inLanguage":"es","@id":"https:\/\/www.eldiario.net\/portal\/2024\/03\/03\/bolivia-tendra-un-ano-con-menos-dolares-y-caida-de-exportaciones\/#primaryimage","url":"https:\/\/www.eldiario.net\/portal\/wp-content\/uploads\/2024\/03\/export-scaled-e1709461683398.jpg","contentUrl":"https:\/\/www.eldiario.net\/portal\/wp-content\/uploads\/2024\/03\/export-scaled-e1709461683398.jpg","width":1834,"height":1335},{"@type":"BreadcrumbList","@id":"https:\/\/www.eldiario.net\/portal\/2024\/03\/03\/bolivia-tendra-un-ano-con-menos-dolares-y-caida-de-exportaciones\/#breadcrumb","itemListElement":[{"@type":"ListItem","position":1,"name":"Portada","item":"https:\/\/www.eldiario.net\/portal\/"},{"@type":"ListItem","position":2,"name":"Bolivia tendr\u00e1 un a\u00f1o con menos d\u00f3lares y ca\u00edda de exportaciones"}]},{"@type":"WebSite","@id":"https:\/\/www.eldiario.net\/portal\/#website","url":"https:\/\/www.eldiario.net\/portal\/","name":"El Diario - Decano de la prensa nacional","description":"El Diario - Decano de la prensa nacional","publisher":{"@id":"https:\/\/www.eldiario.net\/portal\/#organization"},"potentialAction":[{"@type":"SearchAction","target":{"@type":"EntryPoint","urlTemplate":"https:\/\/www.eldiario.net\/portal\/?s={search_term_string}"},"query-input":{"@type":"PropertyValueSpecification","valueRequired":true,"valueName":"search_term_string"}}],"inLanguage":"es"},{"@type":"Organization","@id":"https:\/\/www.eldiario.net\/portal\/#organization","name":"El Diario - Decano de la prensa nacional","url":"https:\/\/www.eldiario.net\/portal\/","logo":{"@type":"ImageObject","inLanguage":"es","@id":"https:\/\/www.eldiario.net\/portal\/#\/schema\/logo\/image\/","url":"https:\/\/www.eldiario.net\/portal\/wp-content\/uploads\/2023\/07\/logo_ED.jpg","contentUrl":"https:\/\/www.eldiario.net\/portal\/wp-content\/uploads\/2023\/07\/logo_ED.jpg","width":272,"height":52,"caption":"El Diario - Decano de la prensa nacional"},"image":{"@id":"https:\/\/www.eldiario.net\/portal\/#\/schema\/logo\/image\/"},"sameAs":["https:\/\/www.facebook.com\/eldiario.bolivia\/","https:\/\/x.com\/eldiario_net"]},{"@type":"Person","@id":"https:\/\/www.eldiario.net\/portal\/#\/schema\/person\/f46445640444750d7d753ccd04ae01b7","name":"Jeanette","image":{"@type":"ImageObject","inLanguage":"es","@id":"https:\/\/secure.gravatar.com\/avatar\/3ea2118a5f7dad2b7138b1187a6b7ee55f160b9968b66013c3a3ef39dd7e5798?s=96&d=mm&r=g","url":"https:\/\/secure.gravatar.com\/avatar\/3ea2118a5f7dad2b7138b1187a6b7ee55f160b9968b66013c3a3ef39dd7e5798?s=96&d=mm&r=g","contentUrl":"https:\/\/secure.gravatar.com\/avatar\/3ea2118a5f7dad2b7138b1187a6b7ee55f160b9968b66013c3a3ef39dd7e5798?s=96&d=mm&r=g","caption":"Jeanette"},"sameAs":["https:\/\/www.eldiario.net\/portal"],"url":"https:\/\/www.eldiario.net\/portal\/author\/jeanette\/"}]}},"_links":{"self":[{"href":"https:\/\/www.eldiario.net\/portal\/wp-json\/wp\/v2\/posts\/206213","targetHints":{"allow":["GET"]}}],"collection":[{"href":"https:\/\/www.eldiario.net\/portal\/wp-json\/wp\/v2\/posts"}],"about":[{"href":"https:\/\/www.eldiario.net\/portal\/wp-json\/wp\/v2\/types\/post"}],"author":[{"embeddable":true,"href":"https:\/\/www.eldiario.net\/portal\/wp-json\/wp\/v2\/users\/1"}],"replies":[{"embeddable":true,"href":"https:\/\/www.eldiario.net\/portal\/wp-json\/wp\/v2\/comments?post=206213"}],"version-history":[{"count":1,"href":"https:\/\/www.eldiario.net\/portal\/wp-json\/wp\/v2\/posts\/206213\/revisions"}],"predecessor-version":[{"id":206216,"href":"https:\/\/www.eldiario.net\/portal\/wp-json\/wp\/v2\/posts\/206213\/revisions\/206216"}],"wp:featuredmedia":[{"embeddable":true,"href":"https:\/\/www.eldiario.net\/portal\/wp-json\/wp\/v2\/media\/206215"}],"wp:attachment":[{"href":"https:\/\/www.eldiario.net\/portal\/wp-json\/wp\/v2\/media?parent=206213"}],"wp:term":[{"taxonomy":"category","embeddable":true,"href":"https:\/\/www.eldiario.net\/portal\/wp-json\/wp\/v2\/categories?post=206213"},{"taxonomy":"post_tag","embeddable":true,"href":"https:\/\/www.eldiario.net\/portal\/wp-json\/wp\/v2\/tags?post=206213"}],"curies":[{"name":"wp","href":"https:\/\/api.w.org\/{rel}","templated":true}]}}