{"id":205824,"date":"2024-03-01T05:46:39","date_gmt":"2024-03-01T09:46:39","guid":{"rendered":"https:\/\/www.eldiario.net\/portal\/?p=205824"},"modified":"2024-03-01T05:46:39","modified_gmt":"2024-03-01T09:46:39","slug":"putin-amenaza-al-occidente-con-utilizar-armas-nucleares","status":"publish","type":"post","link":"https:\/\/www.eldiario.net\/portal\/2024\/03\/01\/putin-amenaza-al-occidente-con-utilizar-armas-nucleares\/","title":{"rendered":"Putin amenaza al Occidente  con utilizar armas nucleares"},"content":{"rendered":"<p>El presidente de Rusia, Vladimir Putin, advirti\u00f3 ayer al Occidente que Rusia dispone de armas que pueden alcanzar objetivos en su territorio y que sus amenazas crean un riesgo \u201creal\u201d de una guerra nuclear.<br \/>\n\u201cDeber\u00edan acabar d\u00e1ndose cuenta de que nosotros tambi\u00e9n tenemos armas que pueden alcanzar objetivos en su territorio. Todo lo que se le ocurre a Occidente crea la amenaza real de un conflicto con el uso de armas nucleares y, por tanto, la destrucci\u00f3n de la civilizaci\u00f3n\u201d, declar\u00f3 Putin en su discurso anual sobre el estado de la naci\u00f3n.<br \/>\nAsimismo, Putin advirti\u00f3 a la OTAN que las consecuencias de un despliegue de tropas aliadas en Ucrania ser\u00edan \u201ctr\u00e1gicas\u201d, a tiempo de calificar de \u201cdisparate\u201d las acusaciones de que Mosc\u00fa se plantee atacar Europa.<br \/>\nPutin acus\u00f3 a Occidente de olvidar lo que es la guerra y de provocar \u201clos conflictos en Ucrania, Medio Oriente y otras regiones del mundo\u201d.<br \/>\n\u201cY siguen mintiendo. Ahora, sin ning\u00fan pudor, aseguran que Rusia supuestamente se propone atacar Europa. Pero nosotros sabemos bien que se trata de simples disparates\u201d, afirm\u00f3.<br \/>\nAsegur\u00f3 que Occidente intenta que la Federaci\u00f3n Rusa cometa el mismo error que la Uni\u00f3n Sovi\u00e9tica de verse involucrada en una carrera armamentista, a la que la URSS dedic\u00f3 el 13% del Producto Interior Bruto, cuando Mosc\u00fa asignar\u00e1 a defensa un 6% en 2024.<br \/>\nAl respecto, subray\u00f3 que ese \u201ctruco\u201d no prosperar\u00e1, ya que Mosc\u00fa se propone desarrollar el complejo t\u00e9cnico-militar con el fin de reforzar el potencial industrial, tecnol\u00f3gico y cient\u00edfico del pa\u00eds.<br \/>\nPutin tambi\u00e9n calific\u00f3 de \u201cinfundadas\u201d las acusaciones de Estados Unidos de que Rusia se disponga a desplegar armamento nuclear en el cosmos.<br \/>\nAunque luego destac\u00f3 que las fuerzas estrat\u00e9gicas nucleares rusas se encuentran \u201cen plena disposici\u00f3n de combate\u201d.<br \/>\nPutin alab\u00f3 ayer la unidad nacional rusa, a pesar de los combates en Ucrania, en un discurso de cara a las elecciones del mes que viene, en las que es casi seguro que ganar\u00e1.<br \/>\nAnte una audiencia de legisladores y altos funcionarios televisada en directo a todo el pa\u00eds, Putin se\u00f1ala que Rusia estaba \u201cdefendiendo su soberan\u00eda y seguridad, y protegiendo a nuestros compatriotas\u201d en Ucrania.<br \/>\nDestacados cr\u00edticos que podr\u00edan desafiarlo fueron encarcelados o viven en el extranjero, mientras que la mayor\u00eda de los medios de comunicaci\u00f3n independientes fueron prohibidos, lo que significa que la reelecci\u00f3n de Putin est\u00e1 pr\u00e1cticamente asegurada. Se enfrenta a la oposici\u00f3n simb\u00f3lica de otros tres candidatos designados por partidos afines al Kremlin con representaci\u00f3n parlamentaria. (Infobae\/Efe\/Ap)<\/p>\n","protected":false},"excerpt":{"rendered":"<p>El presidente de Rusia, Vladimir Putin, advirti\u00f3 ayer al Occidente que Rusia dispone de armas que pueden alcanzar objetivos en su territorio y que sus amenazas crean un riesgo \u201creal\u201d de una guerra nuclear. \u201cDeber\u00edan acabar d\u00e1ndose cuenta de que nosotros tambi\u00e9n tenemos armas que pueden alcanzar objetivos en su territorio. Todo lo que se [&hellip;]<\/p>\n","protected":false},"author":1,"featured_media":205825,"comment_status":"open","ping_status":"open","sticky":false,"template":"","format":"standard","meta":{"_acf_changed":false,"footnotes":""},"categories":[3],"tags":[],"class_list":["post-205824","post","type-post","status-publish","format-standard","has-post-thumbnail","category-internacional"],"acf":{"antetitulo":"Si OTAN env\u00eda tropas a Ucrania"},"yoast_head":"<!-- This site is optimized with the Yoast SEO plugin v28.3 - https:\/\/yoast.com\/product\/yoast-seo-wordpress\/ -->\n<title>Putin amenaza al Occidente con utilizar armas nucleares - El Diario - Bolivia<\/title>\n<meta name=\"robots\" content=\"index, follow, max-snippet:-1, max-image-preview:large, max-video-preview:-1\" \/>\n<link rel=\"canonical\" href=\"https:\/\/www.eldiario.net\/portal\/2024\/03\/01\/putin-amenaza-al-occidente-con-utilizar-armas-nucleares\/\" \/>\n<meta property=\"og:locale\" content=\"es_ES\" \/>\n<meta property=\"og:type\" content=\"article\" \/>\n<meta property=\"og:title\" content=\"Putin amenaza al Occidente con utilizar armas nucleares - El Diario - Bolivia\" \/>\n<meta property=\"og:description\" content=\"El presidente de Rusia, Vladimir Putin, advirti\u00f3 ayer al Occidente que Rusia dispone de armas que pueden alcanzar objetivos en su territorio y que sus amenazas crean un riesgo \u201creal\u201d de una guerra nuclear. \u201cDeber\u00edan acabar d\u00e1ndose cuenta de que nosotros tambi\u00e9n tenemos armas que pueden alcanzar objetivos en su territorio. Todo lo que se [&hellip;]\" \/>\n<meta property=\"og:url\" content=\"https:\/\/www.eldiario.net\/portal\/2024\/03\/01\/putin-amenaza-al-occidente-con-utilizar-armas-nucleares\/\" \/>\n<meta property=\"og:site_name\" content=\"El Diario - Bolivia\" \/>\n<meta property=\"article:publisher\" content=\"https:\/\/www.facebook.com\/eldiario.bolivia\/\" \/>\n<meta property=\"article:published_time\" content=\"2024-03-01T09:46:39+00:00\" \/>\n<meta property=\"og:image\" content=\"https:\/\/www.eldiario.net\/portal\/wp-content\/uploads\/2024\/03\/DISCURSO.jpg\" \/>\n\t<meta property=\"og:image:width\" content=\"992\" \/>\n\t<meta property=\"og:image:height\" content=\"661\" \/>\n\t<meta property=\"og:image:type\" content=\"image\/jpeg\" \/>\n<meta name=\"author\" content=\"Jeanette\" \/>\n<meta name=\"twitter:card\" content=\"summary_large_image\" \/>\n<meta name=\"twitter:creator\" content=\"@eldiario_net\" \/>\n<meta name=\"twitter:site\" content=\"@eldiario_net\" \/>\n<meta name=\"twitter:label1\" content=\"Escrito por\" \/>\n\t<meta name=\"twitter:data1\" content=\"Jeanette\" \/>\n\t<meta name=\"twitter:label2\" content=\"Tiempo de lectura\" \/>\n\t<meta name=\"twitter:data2\" content=\"3 minutos\" \/>\n<script type=\"application\/ld+json\" class=\"yoast-schema-graph\">{\"@context\":\"https:\\\/\\\/schema.org\",\"@graph\":[{\"@type\":\"Article\",\"@id\":\"https:\\\/\\\/www.eldiario.net\\\/portal\\\/2024\\\/03\\\/01\\\/putin-amenaza-al-occidente-con-utilizar-armas-nucleares\\\/#article\",\"isPartOf\":{\"@id\":\"https:\\\/\\\/www.eldiario.net\\\/portal\\\/2024\\\/03\\\/01\\\/putin-amenaza-al-occidente-con-utilizar-armas-nucleares\\\/\"},\"author\":{\"name\":\"Jeanette\",\"@id\":\"https:\\\/\\\/www.eldiario.net\\\/portal\\\/#\\\/schema\\\/person\\\/f46445640444750d7d753ccd04ae01b7\"},\"headline\":\"Putin amenaza al Occidente con utilizar armas nucleares\",\"datePublished\":\"2024-03-01T09:46:39+00:00\",\"mainEntityOfPage\":{\"@id\":\"https:\\\/\\\/www.eldiario.net\\\/portal\\\/2024\\\/03\\\/01\\\/putin-amenaza-al-occidente-con-utilizar-armas-nucleares\\\/\"},\"wordCount\":448,\"commentCount\":0,\"publisher\":{\"@id\":\"https:\\\/\\\/www.eldiario.net\\\/portal\\\/#organization\"},\"image\":{\"@id\":\"https:\\\/\\\/www.eldiario.net\\\/portal\\\/2024\\\/03\\\/01\\\/putin-amenaza-al-occidente-con-utilizar-armas-nucleares\\\/#primaryimage\"},\"thumbnailUrl\":\"https:\\\/\\\/www.eldiario.net\\\/portal\\\/wp-content\\\/uploads\\\/2024\\\/03\\\/DISCURSO.jpg\",\"articleSection\":[\"Internacional\"],\"inLanguage\":\"es\",\"potentialAction\":[{\"@type\":\"CommentAction\",\"name\":\"Comment\",\"target\":[\"https:\\\/\\\/www.eldiario.net\\\/portal\\\/2024\\\/03\\\/01\\\/putin-amenaza-al-occidente-con-utilizar-armas-nucleares\\\/#respond\"]}]},{\"@type\":\"WebPage\",\"@id\":\"https:\\\/\\\/www.eldiario.net\\\/portal\\\/2024\\\/03\\\/01\\\/putin-amenaza-al-occidente-con-utilizar-armas-nucleares\\\/\",\"url\":\"https:\\\/\\\/www.eldiario.net\\\/portal\\\/2024\\\/03\\\/01\\\/putin-amenaza-al-occidente-con-utilizar-armas-nucleares\\\/\",\"name\":\"Putin amenaza al Occidente con utilizar armas nucleares - El Diario - Bolivia\",\"isPartOf\":{\"@id\":\"https:\\\/\\\/www.eldiario.net\\\/portal\\\/#website\"},\"primaryImageOfPage\":{\"@id\":\"https:\\\/\\\/www.eldiario.net\\\/portal\\\/2024\\\/03\\\/01\\\/putin-amenaza-al-occidente-con-utilizar-armas-nucleares\\\/#primaryimage\"},\"image\":{\"@id\":\"https:\\\/\\\/www.eldiario.net\\\/portal\\\/2024\\\/03\\\/01\\\/putin-amenaza-al-occidente-con-utilizar-armas-nucleares\\\/#primaryimage\"},\"thumbnailUrl\":\"https:\\\/\\\/www.eldiario.net\\\/portal\\\/wp-content\\\/uploads\\\/2024\\\/03\\\/DISCURSO.jpg\",\"datePublished\":\"2024-03-01T09:46:39+00:00\",\"breadcrumb\":{\"@id\":\"https:\\\/\\\/www.eldiario.net\\\/portal\\\/2024\\\/03\\\/01\\\/putin-amenaza-al-occidente-con-utilizar-armas-nucleares\\\/#breadcrumb\"},\"inLanguage\":\"es\",\"potentialAction\":[{\"@type\":\"ReadAction\",\"target\":[\"https:\\\/\\\/www.eldiario.net\\\/portal\\\/2024\\\/03\\\/01\\\/putin-amenaza-al-occidente-con-utilizar-armas-nucleares\\\/\"]}]},{\"@type\":\"ImageObject\",\"inLanguage\":\"es\",\"@id\":\"https:\\\/\\\/www.eldiario.net\\\/portal\\\/2024\\\/03\\\/01\\\/putin-amenaza-al-occidente-con-utilizar-armas-nucleares\\\/#primaryimage\",\"url\":\"https:\\\/\\\/www.eldiario.net\\\/portal\\\/wp-content\\\/uploads\\\/2024\\\/03\\\/DISCURSO.jpg\",\"contentUrl\":\"https:\\\/\\\/www.eldiario.net\\\/portal\\\/wp-content\\\/uploads\\\/2024\\\/03\\\/DISCURSO.jpg\",\"width\":992,\"height\":661,\"caption\":\"DISCURSO ANUAL DE VLADIMIR PUTIN ANTE LA ASAMBLEA FEDERAL EN MOSC\u00da. Reuters\"},{\"@type\":\"BreadcrumbList\",\"@id\":\"https:\\\/\\\/www.eldiario.net\\\/portal\\\/2024\\\/03\\\/01\\\/putin-amenaza-al-occidente-con-utilizar-armas-nucleares\\\/#breadcrumb\",\"itemListElement\":[{\"@type\":\"ListItem\",\"position\":1,\"name\":\"Portada\",\"item\":\"https:\\\/\\\/www.eldiario.net\\\/portal\\\/\"},{\"@type\":\"ListItem\",\"position\":2,\"name\":\"Putin amenaza al Occidente con utilizar armas nucleares\"}]},{\"@type\":\"WebSite\",\"@id\":\"https:\\\/\\\/www.eldiario.net\\\/portal\\\/#website\",\"url\":\"https:\\\/\\\/www.eldiario.net\\\/portal\\\/\",\"name\":\"El Diario - Decano de la prensa nacional\",\"description\":\"El Diario - Decano de la prensa nacional\",\"publisher\":{\"@id\":\"https:\\\/\\\/www.eldiario.net\\\/portal\\\/#organization\"},\"potentialAction\":[{\"@type\":\"SearchAction\",\"target\":{\"@type\":\"EntryPoint\",\"urlTemplate\":\"https:\\\/\\\/www.eldiario.net\\\/portal\\\/?s={search_term_string}\"},\"query-input\":{\"@type\":\"PropertyValueSpecification\",\"valueRequired\":true,\"valueName\":\"search_term_string\"}}],\"inLanguage\":\"es\"},{\"@type\":\"Organization\",\"@id\":\"https:\\\/\\\/www.eldiario.net\\\/portal\\\/#organization\",\"name\":\"El Diario - Decano de la prensa nacional\",\"url\":\"https:\\\/\\\/www.eldiario.net\\\/portal\\\/\",\"logo\":{\"@type\":\"ImageObject\",\"inLanguage\":\"es\",\"@id\":\"https:\\\/\\\/www.eldiario.net\\\/portal\\\/#\\\/schema\\\/logo\\\/image\\\/\",\"url\":\"https:\\\/\\\/www.eldiario.net\\\/portal\\\/wp-content\\\/uploads\\\/2023\\\/07\\\/logo_ED.jpg\",\"contentUrl\":\"https:\\\/\\\/www.eldiario.net\\\/portal\\\/wp-content\\\/uploads\\\/2023\\\/07\\\/logo_ED.jpg\",\"width\":272,\"height\":52,\"caption\":\"El Diario - Decano de la prensa nacional\"},\"image\":{\"@id\":\"https:\\\/\\\/www.eldiario.net\\\/portal\\\/#\\\/schema\\\/logo\\\/image\\\/\"},\"sameAs\":[\"https:\\\/\\\/www.facebook.com\\\/eldiario.bolivia\\\/\",\"https:\\\/\\\/x.com\\\/eldiario_net\"]},{\"@type\":\"Person\",\"@id\":\"https:\\\/\\\/www.eldiario.net\\\/portal\\\/#\\\/schema\\\/person\\\/f46445640444750d7d753ccd04ae01b7\",\"name\":\"Jeanette\",\"image\":{\"@type\":\"ImageObject\",\"inLanguage\":\"es\",\"@id\":\"https:\\\/\\\/secure.gravatar.com\\\/avatar\\\/3ea2118a5f7dad2b7138b1187a6b7ee55f160b9968b66013c3a3ef39dd7e5798?s=96&d=mm&r=g\",\"url\":\"https:\\\/\\\/secure.gravatar.com\\\/avatar\\\/3ea2118a5f7dad2b7138b1187a6b7ee55f160b9968b66013c3a3ef39dd7e5798?s=96&d=mm&r=g\",\"contentUrl\":\"https:\\\/\\\/secure.gravatar.com\\\/avatar\\\/3ea2118a5f7dad2b7138b1187a6b7ee55f160b9968b66013c3a3ef39dd7e5798?s=96&d=mm&r=g\",\"caption\":\"Jeanette\"},\"sameAs\":[\"https:\\\/\\\/www.eldiario.net\\\/portal\"],\"url\":\"https:\\\/\\\/www.eldiario.net\\\/portal\\\/author\\\/jeanette\\\/\"}]}<\/script>\n<!-- \/ Yoast SEO plugin. -->","yoast_head_json":{"title":"Putin amenaza al Occidente con utilizar armas nucleares - El Diario - Bolivia","robots":{"index":"index","follow":"follow","max-snippet":"max-snippet:-1","max-image-preview":"max-image-preview:large","max-video-preview":"max-video-preview:-1"},"canonical":"https:\/\/www.eldiario.net\/portal\/2024\/03\/01\/putin-amenaza-al-occidente-con-utilizar-armas-nucleares\/","og_locale":"es_ES","og_type":"article","og_title":"Putin amenaza al Occidente con utilizar armas nucleares - El Diario - Bolivia","og_description":"El presidente de Rusia, Vladimir Putin, advirti\u00f3 ayer al Occidente que Rusia dispone de armas que pueden alcanzar objetivos en su territorio y que sus amenazas crean un riesgo \u201creal\u201d de una guerra nuclear. \u201cDeber\u00edan acabar d\u00e1ndose cuenta de que nosotros tambi\u00e9n tenemos armas que pueden alcanzar objetivos en su territorio. Todo lo que se [&hellip;]","og_url":"https:\/\/www.eldiario.net\/portal\/2024\/03\/01\/putin-amenaza-al-occidente-con-utilizar-armas-nucleares\/","og_site_name":"El Diario - Bolivia","article_publisher":"https:\/\/www.facebook.com\/eldiario.bolivia\/","article_published_time":"2024-03-01T09:46:39+00:00","og_image":[{"width":992,"height":661,"url":"https:\/\/www.eldiario.net\/portal\/wp-content\/uploads\/2024\/03\/DISCURSO.jpg","type":"image\/jpeg"}],"author":"Jeanette","twitter_card":"summary_large_image","twitter_creator":"@eldiario_net","twitter_site":"@eldiario_net","twitter_misc":{"Escrito por":"Jeanette","Tiempo de lectura":"3 minutos"},"schema":{"@context":"https:\/\/schema.org","@graph":[{"@type":"Article","@id":"https:\/\/www.eldiario.net\/portal\/2024\/03\/01\/putin-amenaza-al-occidente-con-utilizar-armas-nucleares\/#article","isPartOf":{"@id":"https:\/\/www.eldiario.net\/portal\/2024\/03\/01\/putin-amenaza-al-occidente-con-utilizar-armas-nucleares\/"},"author":{"name":"Jeanette","@id":"https:\/\/www.eldiario.net\/portal\/#\/schema\/person\/f46445640444750d7d753ccd04ae01b7"},"headline":"Putin amenaza al Occidente con utilizar armas nucleares","datePublished":"2024-03-01T09:46:39+00:00","mainEntityOfPage":{"@id":"https:\/\/www.eldiario.net\/portal\/2024\/03\/01\/putin-amenaza-al-occidente-con-utilizar-armas-nucleares\/"},"wordCount":448,"commentCount":0,"publisher":{"@id":"https:\/\/www.eldiario.net\/portal\/#organization"},"image":{"@id":"https:\/\/www.eldiario.net\/portal\/2024\/03\/01\/putin-amenaza-al-occidente-con-utilizar-armas-nucleares\/#primaryimage"},"thumbnailUrl":"https:\/\/www.eldiario.net\/portal\/wp-content\/uploads\/2024\/03\/DISCURSO.jpg","articleSection":["Internacional"],"inLanguage":"es","potentialAction":[{"@type":"CommentAction","name":"Comment","target":["https:\/\/www.eldiario.net\/portal\/2024\/03\/01\/putin-amenaza-al-occidente-con-utilizar-armas-nucleares\/#respond"]}]},{"@type":"WebPage","@id":"https:\/\/www.eldiario.net\/portal\/2024\/03\/01\/putin-amenaza-al-occidente-con-utilizar-armas-nucleares\/","url":"https:\/\/www.eldiario.net\/portal\/2024\/03\/01\/putin-amenaza-al-occidente-con-utilizar-armas-nucleares\/","name":"Putin amenaza al Occidente con utilizar armas nucleares - El Diario - Bolivia","isPartOf":{"@id":"https:\/\/www.eldiario.net\/portal\/#website"},"primaryImageOfPage":{"@id":"https:\/\/www.eldiario.net\/portal\/2024\/03\/01\/putin-amenaza-al-occidente-con-utilizar-armas-nucleares\/#primaryimage"},"image":{"@id":"https:\/\/www.eldiario.net\/portal\/2024\/03\/01\/putin-amenaza-al-occidente-con-utilizar-armas-nucleares\/#primaryimage"},"thumbnailUrl":"https:\/\/www.eldiario.net\/portal\/wp-content\/uploads\/2024\/03\/DISCURSO.jpg","datePublished":"2024-03-01T09:46:39+00:00","breadcrumb":{"@id":"https:\/\/www.eldiario.net\/portal\/2024\/03\/01\/putin-amenaza-al-occidente-con-utilizar-armas-nucleares\/#breadcrumb"},"inLanguage":"es","potentialAction":[{"@type":"ReadAction","target":["https:\/\/www.eldiario.net\/portal\/2024\/03\/01\/putin-amenaza-al-occidente-con-utilizar-armas-nucleares\/"]}]},{"@type":"ImageObject","inLanguage":"es","@id":"https:\/\/www.eldiario.net\/portal\/2024\/03\/01\/putin-amenaza-al-occidente-con-utilizar-armas-nucleares\/#primaryimage","url":"https:\/\/www.eldiario.net\/portal\/wp-content\/uploads\/2024\/03\/DISCURSO.jpg","contentUrl":"https:\/\/www.eldiario.net\/portal\/wp-content\/uploads\/2024\/03\/DISCURSO.jpg","width":992,"height":661,"caption":"DISCURSO ANUAL DE VLADIMIR PUTIN ANTE LA ASAMBLEA FEDERAL EN MOSC\u00da. Reuters"},{"@type":"BreadcrumbList","@id":"https:\/\/www.eldiario.net\/portal\/2024\/03\/01\/putin-amenaza-al-occidente-con-utilizar-armas-nucleares\/#breadcrumb","itemListElement":[{"@type":"ListItem","position":1,"name":"Portada","item":"https:\/\/www.eldiario.net\/portal\/"},{"@type":"ListItem","position":2,"name":"Putin amenaza al Occidente con utilizar armas nucleares"}]},{"@type":"WebSite","@id":"https:\/\/www.eldiario.net\/portal\/#website","url":"https:\/\/www.eldiario.net\/portal\/","name":"El Diario - Decano de la prensa nacional","description":"El Diario - Decano de la prensa nacional","publisher":{"@id":"https:\/\/www.eldiario.net\/portal\/#organization"},"potentialAction":[{"@type":"SearchAction","target":{"@type":"EntryPoint","urlTemplate":"https:\/\/www.eldiario.net\/portal\/?s={search_term_string}"},"query-input":{"@type":"PropertyValueSpecification","valueRequired":true,"valueName":"search_term_string"}}],"inLanguage":"es"},{"@type":"Organization","@id":"https:\/\/www.eldiario.net\/portal\/#organization","name":"El Diario - Decano de la prensa nacional","url":"https:\/\/www.eldiario.net\/portal\/","logo":{"@type":"ImageObject","inLanguage":"es","@id":"https:\/\/www.eldiario.net\/portal\/#\/schema\/logo\/image\/","url":"https:\/\/www.eldiario.net\/portal\/wp-content\/uploads\/2023\/07\/logo_ED.jpg","contentUrl":"https:\/\/www.eldiario.net\/portal\/wp-content\/uploads\/2023\/07\/logo_ED.jpg","width":272,"height":52,"caption":"El Diario - Decano de la prensa nacional"},"image":{"@id":"https:\/\/www.eldiario.net\/portal\/#\/schema\/logo\/image\/"},"sameAs":["https:\/\/www.facebook.com\/eldiario.bolivia\/","https:\/\/x.com\/eldiario_net"]},{"@type":"Person","@id":"https:\/\/www.eldiario.net\/portal\/#\/schema\/person\/f46445640444750d7d753ccd04ae01b7","name":"Jeanette","image":{"@type":"ImageObject","inLanguage":"es","@id":"https:\/\/secure.gravatar.com\/avatar\/3ea2118a5f7dad2b7138b1187a6b7ee55f160b9968b66013c3a3ef39dd7e5798?s=96&d=mm&r=g","url":"https:\/\/secure.gravatar.com\/avatar\/3ea2118a5f7dad2b7138b1187a6b7ee55f160b9968b66013c3a3ef39dd7e5798?s=96&d=mm&r=g","contentUrl":"https:\/\/secure.gravatar.com\/avatar\/3ea2118a5f7dad2b7138b1187a6b7ee55f160b9968b66013c3a3ef39dd7e5798?s=96&d=mm&r=g","caption":"Jeanette"},"sameAs":["https:\/\/www.eldiario.net\/portal"],"url":"https:\/\/www.eldiario.net\/portal\/author\/jeanette\/"}]}},"_links":{"self":[{"href":"https:\/\/www.eldiario.net\/portal\/wp-json\/wp\/v2\/posts\/205824","targetHints":{"allow":["GET"]}}],"collection":[{"href":"https:\/\/www.eldiario.net\/portal\/wp-json\/wp\/v2\/posts"}],"about":[{"href":"https:\/\/www.eldiario.net\/portal\/wp-json\/wp\/v2\/types\/post"}],"author":[{"embeddable":true,"href":"https:\/\/www.eldiario.net\/portal\/wp-json\/wp\/v2\/users\/1"}],"replies":[{"embeddable":true,"href":"https:\/\/www.eldiario.net\/portal\/wp-json\/wp\/v2\/comments?post=205824"}],"version-history":[{"count":1,"href":"https:\/\/www.eldiario.net\/portal\/wp-json\/wp\/v2\/posts\/205824\/revisions"}],"predecessor-version":[{"id":205826,"href":"https:\/\/www.eldiario.net\/portal\/wp-json\/wp\/v2\/posts\/205824\/revisions\/205826"}],"wp:featuredmedia":[{"embeddable":true,"href":"https:\/\/www.eldiario.net\/portal\/wp-json\/wp\/v2\/media\/205825"}],"wp:attachment":[{"href":"https:\/\/www.eldiario.net\/portal\/wp-json\/wp\/v2\/media?parent=205824"}],"wp:term":[{"taxonomy":"category","embeddable":true,"href":"https:\/\/www.eldiario.net\/portal\/wp-json\/wp\/v2\/categories?post=205824"},{"taxonomy":"post_tag","embeddable":true,"href":"https:\/\/www.eldiario.net\/portal\/wp-json\/wp\/v2\/tags?post=205824"}],"curies":[{"name":"wp","href":"https:\/\/api.w.org\/{rel}","templated":true}]}}