{"id":20554,"date":"2021-08-01T04:14:00","date_gmt":"2021-08-01T08:14:00","guid":{"rendered":"https:\/\/www.eldiario.net\/portal\/?p=20554"},"modified":"2021-08-01T04:14:00","modified_gmt":"2021-08-01T08:14:00","slug":"el-mesero","status":"publish","type":"post","link":"https:\/\/www.eldiario.net\/portal\/2021\/08\/01\/el-mesero\/","title":{"rendered":"EL MESERO"},"content":{"rendered":"<p>La comedia El mesero, es una pel\u00edcula mexicana dirigida por Ra\u00fal Martinez y protagonizada por<br \/>\nArturo Barba, B\u00e1rbara L\u00f3pez, Denisse Prieto, Emiliano Zurita, Franco Escamilla, Guillermo Villegas, Sabine Moussier, Vadhir Derbez<\/p>\n<p>En la cinta Rodrigo Sada se encuentra atrapado entre dos mundos: el mundo al que pertenece y al que aspira pertenecer. Rodrigo es el mesero de un lujoso restaurante y sue\u00f1a con vivir como los clientes que atiende diariamente. Luis, su mejor amigo y compa\u00f1ero de trabajo, le aconseja constantemente que deje de pensar en todo eso que est\u00e1 fuera de su alcance.<br \/>\nEn su tiempo libre, Rodrigo intenta conseguir fondos para proyectos con gran potencial. Uno de ellos es un producto para proteger las cosechas creado por un campesino. Un evento fortuito le presentar\u00e1 la oportunidad de alcanzar su sue\u00f1o. En el camino conoce a Mariana, la mujer por la que har\u00e1 todo lo posible para estar a su altura. Descubrir\u00e1 que el camino que aparenta ser el mejor no siempre es el correcto.<br \/>\nEn esta ocasi\u00f3n, Vadhir Derbez es quien est\u00e1 realizando m\u00faltiples proyectos, desde su debut en Hollywood en la pel\u00edcula de terror \u201cEl s\u00e9ptimo d\u00eda\u201d, el actor vuelve a la pantalla grande, esta vez en M\u00e9xico.<\/p>\n<p>Vadhir Derbez participar\u00e1 en la pel\u00edcula \u201cEl Mesero\u201d, con la que buscar\u00e1 seguir consolidando su carrera en el g\u00e9nero de la comedia.<\/p>\n<p> \u201cEstoy muy emocionado y contento, porque ya quer\u00edamos que se estrenara esta pel\u00edcula\u2026 Estoy encantado de que la gente ya pueda regresar al cine y disfrute de todo\u201d.<\/p>\n<p>Son algunas de las declaraciones que da Derbez, pues se demuestra feliz y agradecido porque los proyectos sigan llegando para su carrera y que mejor que una producci\u00f3n como \u201cEl Mesero\u201d, donde compartir\u00e1 la pantalla con B\u00e1rbara L\u00f3pez.<\/p>\n<p>Tambi\u00e9n comenta que esta nueva pel\u00edcula tendr\u00e1 mucha empat\u00eda y gustara mucho a la audiencia, pues es una pel\u00edcula que deja un gran mensaje de perseverancia a pesar de las barreras que nos pongan donde no se deben dejar las oportunidades hasta que los sue\u00f1os se cumplan.<\/p>\n<p>\u201cPara m\u00ed es un honor poder estar haciendo proyectos en M\u00e9xico, Latinoam\u00e9rica y Estados Unidos, poder seguir apoyando y haciendo cosas en cine, que es uno de mis m\u00e1s grande sue\u00f1os\u2026\u201d<\/p>\n","protected":false},"excerpt":{"rendered":"<p>La comedia El mesero, es una pel\u00edcula mexicana dirigida por Ra\u00fal Martinez y protagonizada por Arturo Barba, B\u00e1rbara L\u00f3pez, Denisse Prieto, Emiliano Zurita, Franco Escamilla, Guillermo Villegas, Sabine Moussier, Vadhir Derbez En la cinta Rodrigo Sada se encuentra atrapado entre dos mundos: el mundo al que pertenece y al que aspira pertenecer. Rodrigo es el [&hellip;]<\/p>\n","protected":false},"author":1,"featured_media":20555,"comment_status":"closed","ping_status":"closed","sticky":false,"template":"","format":"standard","meta":{"_acf_changed":false,"footnotes":""},"categories":[45],"tags":[],"class_list":["post-20554","post","type-post","status-publish","format-standard","has-post-thumbnail","category-cine-mundo"],"acf":{"antetitulo":""},"yoast_head":"<!-- This site is optimized with the Yoast SEO plugin v28.4 - https:\/\/yoast.com\/product\/yoast-seo-wordpress\/ -->\n<title>EL MESERO - El Diario - Bolivia<\/title>\n<meta name=\"robots\" content=\"index, follow, max-snippet:-1, max-image-preview:large, max-video-preview:-1\" \/>\n<link rel=\"canonical\" href=\"https:\/\/www.eldiario.net\/portal\/2021\/08\/01\/el-mesero\/\" \/>\n<meta property=\"og:locale\" content=\"es_ES\" \/>\n<meta property=\"og:type\" content=\"article\" \/>\n<meta property=\"og:title\" content=\"EL MESERO - El Diario - Bolivia\" \/>\n<meta property=\"og:description\" content=\"La comedia El mesero, es una pel\u00edcula mexicana dirigida por Ra\u00fal Martinez y protagonizada por Arturo Barba, B\u00e1rbara L\u00f3pez, Denisse Prieto, Emiliano Zurita, Franco Escamilla, Guillermo Villegas, Sabine Moussier, Vadhir Derbez En la cinta Rodrigo Sada se encuentra atrapado entre dos mundos: el mundo al que pertenece y al que aspira pertenecer. Rodrigo es el [&hellip;]\" \/>\n<meta property=\"og:url\" content=\"https:\/\/www.eldiario.net\/portal\/2021\/08\/01\/el-mesero\/\" \/>\n<meta property=\"og:site_name\" content=\"El Diario - Bolivia\" \/>\n<meta property=\"article:publisher\" content=\"https:\/\/www.facebook.com\/eldiario.bolivia\/\" \/>\n<meta property=\"article:published_time\" content=\"2021-08-01T08:14:00+00:00\" \/>\n<meta name=\"author\" content=\"Jeanette\" \/>\n<meta name=\"twitter:card\" content=\"summary_large_image\" \/>\n<meta name=\"twitter:creator\" content=\"@eldiario_net\" \/>\n<meta name=\"twitter:site\" content=\"@eldiario_net\" \/>\n<meta name=\"twitter:label1\" content=\"Escrito por\" \/>\n\t<meta name=\"twitter:data1\" content=\"Jeanette\" \/>\n\t<meta name=\"twitter:label2\" content=\"Tiempo de lectura\" \/>\n\t<meta name=\"twitter:data2\" content=\"2 minutos\" \/>\n<script type=\"application\/ld+json\" class=\"yoast-schema-graph\">{\"@context\":\"https:\\\/\\\/schema.org\",\"@graph\":[{\"@type\":\"Article\",\"@id\":\"https:\\\/\\\/www.eldiario.net\\\/portal\\\/2021\\\/08\\\/01\\\/el-mesero\\\/#article\",\"isPartOf\":{\"@id\":\"https:\\\/\\\/www.eldiario.net\\\/portal\\\/2021\\\/08\\\/01\\\/el-mesero\\\/\"},\"author\":{\"name\":\"Jeanette\",\"@id\":\"https:\\\/\\\/www.eldiario.net\\\/portal\\\/#\\\/schema\\\/person\\\/2c57cf2b7a7ae032e449e4c9b1019eac\"},\"headline\":\"EL MESERO\",\"datePublished\":\"2021-08-01T08:14:00+00:00\",\"mainEntityOfPage\":{\"@id\":\"https:\\\/\\\/www.eldiario.net\\\/portal\\\/2021\\\/08\\\/01\\\/el-mesero\\\/\"},\"wordCount\":398,\"publisher\":{\"@id\":\"https:\\\/\\\/www.eldiario.net\\\/portal\\\/#organization\"},\"image\":{\"@id\":\"https:\\\/\\\/www.eldiario.net\\\/portal\\\/2021\\\/08\\\/01\\\/el-mesero\\\/#primaryimage\"},\"thumbnailUrl\":\"\",\"articleSection\":[\"Cine Mundo\"],\"inLanguage\":\"es\"},{\"@type\":\"WebPage\",\"@id\":\"https:\\\/\\\/www.eldiario.net\\\/portal\\\/2021\\\/08\\\/01\\\/el-mesero\\\/\",\"url\":\"https:\\\/\\\/www.eldiario.net\\\/portal\\\/2021\\\/08\\\/01\\\/el-mesero\\\/\",\"name\":\"EL MESERO - El Diario - Bolivia\",\"isPartOf\":{\"@id\":\"https:\\\/\\\/www.eldiario.net\\\/portal\\\/#website\"},\"primaryImageOfPage\":{\"@id\":\"https:\\\/\\\/www.eldiario.net\\\/portal\\\/2021\\\/08\\\/01\\\/el-mesero\\\/#primaryimage\"},\"image\":{\"@id\":\"https:\\\/\\\/www.eldiario.net\\\/portal\\\/2021\\\/08\\\/01\\\/el-mesero\\\/#primaryimage\"},\"thumbnailUrl\":\"\",\"datePublished\":\"2021-08-01T08:14:00+00:00\",\"breadcrumb\":{\"@id\":\"https:\\\/\\\/www.eldiario.net\\\/portal\\\/2021\\\/08\\\/01\\\/el-mesero\\\/#breadcrumb\"},\"inLanguage\":\"es\",\"potentialAction\":[{\"@type\":\"ReadAction\",\"target\":[\"https:\\\/\\\/www.eldiario.net\\\/portal\\\/2021\\\/08\\\/01\\\/el-mesero\\\/\"]}]},{\"@type\":\"ImageObject\",\"inLanguage\":\"es\",\"@id\":\"https:\\\/\\\/www.eldiario.net\\\/portal\\\/2021\\\/08\\\/01\\\/el-mesero\\\/#primaryimage\",\"url\":\"\",\"contentUrl\":\"\"},{\"@type\":\"BreadcrumbList\",\"@id\":\"https:\\\/\\\/www.eldiario.net\\\/portal\\\/2021\\\/08\\\/01\\\/el-mesero\\\/#breadcrumb\",\"itemListElement\":[{\"@type\":\"ListItem\",\"position\":1,\"name\":\"Portada\",\"item\":\"https:\\\/\\\/www.eldiario.net\\\/portal\\\/\"},{\"@type\":\"ListItem\",\"position\":2,\"name\":\"EL MESERO\"}]},{\"@type\":\"WebSite\",\"@id\":\"https:\\\/\\\/www.eldiario.net\\\/portal\\\/#website\",\"url\":\"https:\\\/\\\/www.eldiario.net\\\/portal\\\/\",\"name\":\"El Diario - Decano de la prensa nacional\",\"description\":\"El Diario - Decano de la prensa nacional\",\"publisher\":{\"@id\":\"https:\\\/\\\/www.eldiario.net\\\/portal\\\/#organization\"},\"potentialAction\":[{\"@type\":\"SearchAction\",\"target\":{\"@type\":\"EntryPoint\",\"urlTemplate\":\"https:\\\/\\\/www.eldiario.net\\\/portal\\\/?s={search_term_string}\"},\"query-input\":{\"@type\":\"PropertyValueSpecification\",\"valueRequired\":true,\"valueName\":\"search_term_string\"}}],\"inLanguage\":\"es\"},{\"@type\":\"Organization\",\"@id\":\"https:\\\/\\\/www.eldiario.net\\\/portal\\\/#organization\",\"name\":\"El Diario - Decano de la prensa nacional\",\"url\":\"https:\\\/\\\/www.eldiario.net\\\/portal\\\/\",\"logo\":{\"@type\":\"ImageObject\",\"inLanguage\":\"es\",\"@id\":\"https:\\\/\\\/www.eldiario.net\\\/portal\\\/#\\\/schema\\\/logo\\\/image\\\/\",\"url\":\"https:\\\/\\\/www.eldiario.net\\\/portal\\\/wp-content\\\/uploads\\\/2023\\\/07\\\/logo_ED.jpg\",\"contentUrl\":\"https:\\\/\\\/www.eldiario.net\\\/portal\\\/wp-content\\\/uploads\\\/2023\\\/07\\\/logo_ED.jpg\",\"width\":272,\"height\":52,\"caption\":\"El Diario - Decano de la prensa nacional\"},\"image\":{\"@id\":\"https:\\\/\\\/www.eldiario.net\\\/portal\\\/#\\\/schema\\\/logo\\\/image\\\/\"},\"sameAs\":[\"https:\\\/\\\/www.facebook.com\\\/eldiario.bolivia\\\/\",\"https:\\\/\\\/x.com\\\/eldiario_net\"]},{\"@type\":\"Person\",\"@id\":\"https:\\\/\\\/www.eldiario.net\\\/portal\\\/#\\\/schema\\\/person\\\/2c57cf2b7a7ae032e449e4c9b1019eac\",\"name\":\"Jeanette\",\"image\":{\"@type\":\"ImageObject\",\"inLanguage\":\"es\",\"@id\":\"https:\\\/\\\/secure.gravatar.com\\\/avatar\\\/3ea2118a5f7dad2b7138b1187a6b7ee55f160b9968b66013c3a3ef39dd7e5798?s=96&d=mm&r=g\",\"url\":\"https:\\\/\\\/secure.gravatar.com\\\/avatar\\\/3ea2118a5f7dad2b7138b1187a6b7ee55f160b9968b66013c3a3ef39dd7e5798?s=96&d=mm&r=g\",\"contentUrl\":\"https:\\\/\\\/secure.gravatar.com\\\/avatar\\\/3ea2118a5f7dad2b7138b1187a6b7ee55f160b9968b66013c3a3ef39dd7e5798?s=96&d=mm&r=g\",\"caption\":\"Jeanette\"},\"sameAs\":[\"https:\\\/\\\/www.eldiario.net\\\/portal\"],\"url\":\"https:\\\/\\\/www.eldiario.net\\\/portal\\\/author\\\/jeanette\\\/\"}]}<\/script>\n<!-- \/ Yoast SEO plugin. -->","yoast_head_json":{"title":"EL MESERO - El Diario - Bolivia","robots":{"index":"index","follow":"follow","max-snippet":"max-snippet:-1","max-image-preview":"max-image-preview:large","max-video-preview":"max-video-preview:-1"},"canonical":"https:\/\/www.eldiario.net\/portal\/2021\/08\/01\/el-mesero\/","og_locale":"es_ES","og_type":"article","og_title":"EL MESERO - El Diario - Bolivia","og_description":"La comedia El mesero, es una pel\u00edcula mexicana dirigida por Ra\u00fal Martinez y protagonizada por Arturo Barba, B\u00e1rbara L\u00f3pez, Denisse Prieto, Emiliano Zurita, Franco Escamilla, Guillermo Villegas, Sabine Moussier, Vadhir Derbez En la cinta Rodrigo Sada se encuentra atrapado entre dos mundos: el mundo al que pertenece y al que aspira pertenecer. Rodrigo es el [&hellip;]","og_url":"https:\/\/www.eldiario.net\/portal\/2021\/08\/01\/el-mesero\/","og_site_name":"El Diario - Bolivia","article_publisher":"https:\/\/www.facebook.com\/eldiario.bolivia\/","article_published_time":"2021-08-01T08:14:00+00:00","author":"Jeanette","twitter_card":"summary_large_image","twitter_creator":"@eldiario_net","twitter_site":"@eldiario_net","twitter_misc":{"Escrito por":"Jeanette","Tiempo de lectura":"2 minutos"},"schema":{"@context":"https:\/\/schema.org","@graph":[{"@type":"Article","@id":"https:\/\/www.eldiario.net\/portal\/2021\/08\/01\/el-mesero\/#article","isPartOf":{"@id":"https:\/\/www.eldiario.net\/portal\/2021\/08\/01\/el-mesero\/"},"author":{"name":"Jeanette","@id":"https:\/\/www.eldiario.net\/portal\/#\/schema\/person\/2c57cf2b7a7ae032e449e4c9b1019eac"},"headline":"EL MESERO","datePublished":"2021-08-01T08:14:00+00:00","mainEntityOfPage":{"@id":"https:\/\/www.eldiario.net\/portal\/2021\/08\/01\/el-mesero\/"},"wordCount":398,"publisher":{"@id":"https:\/\/www.eldiario.net\/portal\/#organization"},"image":{"@id":"https:\/\/www.eldiario.net\/portal\/2021\/08\/01\/el-mesero\/#primaryimage"},"thumbnailUrl":"","articleSection":["Cine Mundo"],"inLanguage":"es"},{"@type":"WebPage","@id":"https:\/\/www.eldiario.net\/portal\/2021\/08\/01\/el-mesero\/","url":"https:\/\/www.eldiario.net\/portal\/2021\/08\/01\/el-mesero\/","name":"EL MESERO - El Diario - Bolivia","isPartOf":{"@id":"https:\/\/www.eldiario.net\/portal\/#website"},"primaryImageOfPage":{"@id":"https:\/\/www.eldiario.net\/portal\/2021\/08\/01\/el-mesero\/#primaryimage"},"image":{"@id":"https:\/\/www.eldiario.net\/portal\/2021\/08\/01\/el-mesero\/#primaryimage"},"thumbnailUrl":"","datePublished":"2021-08-01T08:14:00+00:00","breadcrumb":{"@id":"https:\/\/www.eldiario.net\/portal\/2021\/08\/01\/el-mesero\/#breadcrumb"},"inLanguage":"es","potentialAction":[{"@type":"ReadAction","target":["https:\/\/www.eldiario.net\/portal\/2021\/08\/01\/el-mesero\/"]}]},{"@type":"ImageObject","inLanguage":"es","@id":"https:\/\/www.eldiario.net\/portal\/2021\/08\/01\/el-mesero\/#primaryimage","url":"","contentUrl":""},{"@type":"BreadcrumbList","@id":"https:\/\/www.eldiario.net\/portal\/2021\/08\/01\/el-mesero\/#breadcrumb","itemListElement":[{"@type":"ListItem","position":1,"name":"Portada","item":"https:\/\/www.eldiario.net\/portal\/"},{"@type":"ListItem","position":2,"name":"EL MESERO"}]},{"@type":"WebSite","@id":"https:\/\/www.eldiario.net\/portal\/#website","url":"https:\/\/www.eldiario.net\/portal\/","name":"El Diario - Decano de la prensa nacional","description":"El Diario - Decano de la prensa nacional","publisher":{"@id":"https:\/\/www.eldiario.net\/portal\/#organization"},"potentialAction":[{"@type":"SearchAction","target":{"@type":"EntryPoint","urlTemplate":"https:\/\/www.eldiario.net\/portal\/?s={search_term_string}"},"query-input":{"@type":"PropertyValueSpecification","valueRequired":true,"valueName":"search_term_string"}}],"inLanguage":"es"},{"@type":"Organization","@id":"https:\/\/www.eldiario.net\/portal\/#organization","name":"El Diario - Decano de la prensa nacional","url":"https:\/\/www.eldiario.net\/portal\/","logo":{"@type":"ImageObject","inLanguage":"es","@id":"https:\/\/www.eldiario.net\/portal\/#\/schema\/logo\/image\/","url":"https:\/\/www.eldiario.net\/portal\/wp-content\/uploads\/2023\/07\/logo_ED.jpg","contentUrl":"https:\/\/www.eldiario.net\/portal\/wp-content\/uploads\/2023\/07\/logo_ED.jpg","width":272,"height":52,"caption":"El Diario - Decano de la prensa nacional"},"image":{"@id":"https:\/\/www.eldiario.net\/portal\/#\/schema\/logo\/image\/"},"sameAs":["https:\/\/www.facebook.com\/eldiario.bolivia\/","https:\/\/x.com\/eldiario_net"]},{"@type":"Person","@id":"https:\/\/www.eldiario.net\/portal\/#\/schema\/person\/2c57cf2b7a7ae032e449e4c9b1019eac","name":"Jeanette","image":{"@type":"ImageObject","inLanguage":"es","@id":"https:\/\/secure.gravatar.com\/avatar\/3ea2118a5f7dad2b7138b1187a6b7ee55f160b9968b66013c3a3ef39dd7e5798?s=96&d=mm&r=g","url":"https:\/\/secure.gravatar.com\/avatar\/3ea2118a5f7dad2b7138b1187a6b7ee55f160b9968b66013c3a3ef39dd7e5798?s=96&d=mm&r=g","contentUrl":"https:\/\/secure.gravatar.com\/avatar\/3ea2118a5f7dad2b7138b1187a6b7ee55f160b9968b66013c3a3ef39dd7e5798?s=96&d=mm&r=g","caption":"Jeanette"},"sameAs":["https:\/\/www.eldiario.net\/portal"],"url":"https:\/\/www.eldiario.net\/portal\/author\/jeanette\/"}]}},"_links":{"self":[{"href":"https:\/\/www.eldiario.net\/portal\/wp-json\/wp\/v2\/posts\/20554","targetHints":{"allow":["GET"]}}],"collection":[{"href":"https:\/\/www.eldiario.net\/portal\/wp-json\/wp\/v2\/posts"}],"about":[{"href":"https:\/\/www.eldiario.net\/portal\/wp-json\/wp\/v2\/types\/post"}],"author":[{"embeddable":true,"href":"https:\/\/www.eldiario.net\/portal\/wp-json\/wp\/v2\/users\/1"}],"replies":[{"embeddable":true,"href":"https:\/\/www.eldiario.net\/portal\/wp-json\/wp\/v2\/comments?post=20554"}],"version-history":[{"count":0,"href":"https:\/\/www.eldiario.net\/portal\/wp-json\/wp\/v2\/posts\/20554\/revisions"}],"wp:attachment":[{"href":"https:\/\/www.eldiario.net\/portal\/wp-json\/wp\/v2\/media?parent=20554"}],"wp:term":[{"taxonomy":"category","embeddable":true,"href":"https:\/\/www.eldiario.net\/portal\/wp-json\/wp\/v2\/categories?post=20554"},{"taxonomy":"post_tag","embeddable":true,"href":"https:\/\/www.eldiario.net\/portal\/wp-json\/wp\/v2\/tags?post=20554"}],"curies":[{"name":"wp","href":"https:\/\/api.w.org\/{rel}","templated":true}]}}