{"id":20551,"date":"2021-08-01T04:13:12","date_gmt":"2021-08-01T08:13:12","guid":{"rendered":"https:\/\/www.eldiario.net\/portal\/?p=20551"},"modified":"2021-08-01T04:13:12","modified_gmt":"2021-08-01T08:13:12","slug":"el-exorcismo-de-carmen-farias","status":"publish","type":"post","link":"https:\/\/www.eldiario.net\/portal\/2021\/08\/01\/el-exorcismo-de-carmen-farias\/","title":{"rendered":"EL EXORCISMO DE CARMEN FAR\u00cdAS"},"content":{"rendered":"<p>&#8216;El exorcismo de Carmen Far\u00edas&#8217; es la \u00fanica pel\u00edcula mexicana que se exhibe actualmente en las principales salas de cine de nuestro pa\u00eds, y no cabe duda que ha despertado enorme inter\u00e9s, por ello te contaremos en d\u00f3nde se film\u00f3 la pel\u00edcula de terror con Camila Sodi.<br \/>\n\u00abEn la casa donde filmamos definitivamente hab\u00eda algo extra\u00f1o all\u00ed, la gente del crew de la pel\u00edcula sal\u00eda corriendo, escuchaban ni\u00f1os ri\u00e9ndose\u00bb, mencion\u00f3 Camila Sodi durante la conferencia de prensa.<br \/>\nLa cinta dirigida por Rodrigo Fiallega (Ricochet) y protagonizada por Camila Sodi ha despertado enorme inter\u00e9s entre el p\u00fablico \u00e1vido de historias de terror porque sencillamente est\u00e1 en nuestro ADN cultural. Por ello es tiempo de profundizar a\u00fan m\u00e1s y mencionar en qu\u00e9 lugares se film\u00f3 la pel\u00edcula, quiz\u00e1 ahora que sepas puntualmente puedas reconocer las verdaderas locaciones y visitarlas con tus amigos para tomarse algunas selfies de infarto.<br \/>\n\u00bfEN D\u00d3NDE SE FILM\u00d3 &#8216;EL EXORCISMO DE CARMEN FAR\u00cdAS&#8217;?<br \/>\nFue durante la conferencia de prensa que la propia Camila Sodi confes\u00f3 que el rodaje de esta pel\u00edcula fue realmente at\u00edpico, especialmente la verdadera casa utilizada por m\u00e1s de dos semanas como locaci\u00f3n principal: \u00abtiene una energ\u00eda especial por no decir supernatural\u00bb. Por supuesto, el equipo de producci\u00f3n se dio a la tarea de encontrar el sitio perfecto para retratar la aterradora historia escrita por Molo Alcocer D\u00e9lano y fue el antiguo poblado minero de El Oro, ubicado en Hidalgo, Estado de M\u00e9xico en donde dieron con el recinto de ensue\u00f1o.<br \/>\n\u00abCabe mencionar que la casa en la que filmamos es de principios del siglo pasado, eso es un valor de producci\u00f3n que aplaudo much\u00edsimo. No es un set, El Oro es un pueblo minero y uno bastante antiguo. Imag\u00ednense llegar a esta casa en medio de la nada, todas las cosas que han pasado all\u00ed; entrar y filmar s\u00ed fue muy fuerte\u00bb Mencion\u00f3 Juan Pablo Casta\u00f1eda a quien recordamos por su participaci\u00f3n en la serie El recluso o la cinta Loco fin de semana.<br \/>\nSabemos que tu intr\u00e9pido sentido de aventura ahora estar\u00e1 satisfecho al conocer las ubicaciones centrales de El exorcismo de Carmen Far\u00edas, especialmente por las declaraciones de Camila Sodi y Juan Pablo Casta\u00f1eda, quienes confirmaron que la casa principal tanto de la historia como del rodaje, en verdad ten\u00eda energ\u00edas sobrenaturales. <\/p>\n","protected":false},"excerpt":{"rendered":"<p>&#8216;El exorcismo de Carmen Far\u00edas&#8217; es la \u00fanica pel\u00edcula mexicana que se exhibe actualmente en las principales salas de cine de nuestro pa\u00eds, y no cabe duda que ha despertado enorme inter\u00e9s, por ello te contaremos en d\u00f3nde se film\u00f3 la pel\u00edcula de terror con Camila Sodi. \u00abEn la casa donde filmamos definitivamente hab\u00eda algo [&hellip;]<\/p>\n","protected":false},"author":1,"featured_media":20552,"comment_status":"closed","ping_status":"closed","sticky":false,"template":"","format":"standard","meta":{"_acf_changed":false,"footnotes":""},"categories":[45],"tags":[],"class_list":["post-20551","post","type-post","status-publish","format-standard","has-post-thumbnail","category-cine-mundo"],"acf":{"antetitulo":""},"yoast_head":"<!-- This site is optimized with the Yoast SEO plugin v28.4 - https:\/\/yoast.com\/product\/yoast-seo-wordpress\/ -->\n<title>EL EXORCISMO DE CARMEN FAR\u00cdAS - El Diario - Bolivia<\/title>\n<meta name=\"robots\" content=\"index, follow, max-snippet:-1, max-image-preview:large, max-video-preview:-1\" \/>\n<link rel=\"canonical\" href=\"https:\/\/www.eldiario.net\/portal\/2021\/08\/01\/el-exorcismo-de-carmen-farias\/\" \/>\n<meta property=\"og:locale\" content=\"es_ES\" \/>\n<meta property=\"og:type\" content=\"article\" \/>\n<meta property=\"og:title\" content=\"EL EXORCISMO DE CARMEN FAR\u00cdAS - El Diario - Bolivia\" \/>\n<meta property=\"og:description\" content=\"&#8216;El exorcismo de Carmen Far\u00edas&#8217; es la \u00fanica pel\u00edcula mexicana que se exhibe actualmente en las principales salas de cine de nuestro pa\u00eds, y no cabe duda que ha despertado enorme inter\u00e9s, por ello te contaremos en d\u00f3nde se film\u00f3 la pel\u00edcula de terror con Camila Sodi. \u00abEn la casa donde filmamos definitivamente hab\u00eda algo [&hellip;]\" \/>\n<meta property=\"og:url\" content=\"https:\/\/www.eldiario.net\/portal\/2021\/08\/01\/el-exorcismo-de-carmen-farias\/\" \/>\n<meta property=\"og:site_name\" content=\"El Diario - Bolivia\" \/>\n<meta property=\"article:publisher\" content=\"https:\/\/www.facebook.com\/eldiario.bolivia\/\" \/>\n<meta property=\"article:published_time\" content=\"2021-08-01T08:13:12+00:00\" \/>\n<meta name=\"author\" content=\"Jeanette\" \/>\n<meta name=\"twitter:card\" content=\"summary_large_image\" \/>\n<meta name=\"twitter:creator\" content=\"@eldiario_net\" \/>\n<meta name=\"twitter:site\" content=\"@eldiario_net\" \/>\n<meta name=\"twitter:label1\" content=\"Escrito por\" \/>\n\t<meta name=\"twitter:data1\" content=\"Jeanette\" \/>\n\t<meta name=\"twitter:label2\" content=\"Tiempo de lectura\" \/>\n\t<meta name=\"twitter:data2\" content=\"2 minutos\" \/>\n<script type=\"application\/ld+json\" class=\"yoast-schema-graph\">{\"@context\":\"https:\\\/\\\/schema.org\",\"@graph\":[{\"@type\":\"Article\",\"@id\":\"https:\\\/\\\/www.eldiario.net\\\/portal\\\/2021\\\/08\\\/01\\\/el-exorcismo-de-carmen-farias\\\/#article\",\"isPartOf\":{\"@id\":\"https:\\\/\\\/www.eldiario.net\\\/portal\\\/2021\\\/08\\\/01\\\/el-exorcismo-de-carmen-farias\\\/\"},\"author\":{\"name\":\"Jeanette\",\"@id\":\"https:\\\/\\\/www.eldiario.net\\\/portal\\\/#\\\/schema\\\/person\\\/2c57cf2b7a7ae032e449e4c9b1019eac\"},\"headline\":\"EL EXORCISMO DE CARMEN FAR\u00cdAS\",\"datePublished\":\"2021-08-01T08:13:12+00:00\",\"mainEntityOfPage\":{\"@id\":\"https:\\\/\\\/www.eldiario.net\\\/portal\\\/2021\\\/08\\\/01\\\/el-exorcismo-de-carmen-farias\\\/\"},\"wordCount\":424,\"publisher\":{\"@id\":\"https:\\\/\\\/www.eldiario.net\\\/portal\\\/#organization\"},\"image\":{\"@id\":\"https:\\\/\\\/www.eldiario.net\\\/portal\\\/2021\\\/08\\\/01\\\/el-exorcismo-de-carmen-farias\\\/#primaryimage\"},\"thumbnailUrl\":\"\",\"articleSection\":[\"Cine Mundo\"],\"inLanguage\":\"es\"},{\"@type\":\"WebPage\",\"@id\":\"https:\\\/\\\/www.eldiario.net\\\/portal\\\/2021\\\/08\\\/01\\\/el-exorcismo-de-carmen-farias\\\/\",\"url\":\"https:\\\/\\\/www.eldiario.net\\\/portal\\\/2021\\\/08\\\/01\\\/el-exorcismo-de-carmen-farias\\\/\",\"name\":\"EL EXORCISMO DE CARMEN FAR\u00cdAS - El Diario - Bolivia\",\"isPartOf\":{\"@id\":\"https:\\\/\\\/www.eldiario.net\\\/portal\\\/#website\"},\"primaryImageOfPage\":{\"@id\":\"https:\\\/\\\/www.eldiario.net\\\/portal\\\/2021\\\/08\\\/01\\\/el-exorcismo-de-carmen-farias\\\/#primaryimage\"},\"image\":{\"@id\":\"https:\\\/\\\/www.eldiario.net\\\/portal\\\/2021\\\/08\\\/01\\\/el-exorcismo-de-carmen-farias\\\/#primaryimage\"},\"thumbnailUrl\":\"\",\"datePublished\":\"2021-08-01T08:13:12+00:00\",\"breadcrumb\":{\"@id\":\"https:\\\/\\\/www.eldiario.net\\\/portal\\\/2021\\\/08\\\/01\\\/el-exorcismo-de-carmen-farias\\\/#breadcrumb\"},\"inLanguage\":\"es\",\"potentialAction\":[{\"@type\":\"ReadAction\",\"target\":[\"https:\\\/\\\/www.eldiario.net\\\/portal\\\/2021\\\/08\\\/01\\\/el-exorcismo-de-carmen-farias\\\/\"]}]},{\"@type\":\"ImageObject\",\"inLanguage\":\"es\",\"@id\":\"https:\\\/\\\/www.eldiario.net\\\/portal\\\/2021\\\/08\\\/01\\\/el-exorcismo-de-carmen-farias\\\/#primaryimage\",\"url\":\"\",\"contentUrl\":\"\"},{\"@type\":\"BreadcrumbList\",\"@id\":\"https:\\\/\\\/www.eldiario.net\\\/portal\\\/2021\\\/08\\\/01\\\/el-exorcismo-de-carmen-farias\\\/#breadcrumb\",\"itemListElement\":[{\"@type\":\"ListItem\",\"position\":1,\"name\":\"Portada\",\"item\":\"https:\\\/\\\/www.eldiario.net\\\/portal\\\/\"},{\"@type\":\"ListItem\",\"position\":2,\"name\":\"EL EXORCISMO DE CARMEN FAR\u00cdAS\"}]},{\"@type\":\"WebSite\",\"@id\":\"https:\\\/\\\/www.eldiario.net\\\/portal\\\/#website\",\"url\":\"https:\\\/\\\/www.eldiario.net\\\/portal\\\/\",\"name\":\"El Diario - Decano de la prensa nacional\",\"description\":\"El Diario - Decano de la prensa nacional\",\"publisher\":{\"@id\":\"https:\\\/\\\/www.eldiario.net\\\/portal\\\/#organization\"},\"potentialAction\":[{\"@type\":\"SearchAction\",\"target\":{\"@type\":\"EntryPoint\",\"urlTemplate\":\"https:\\\/\\\/www.eldiario.net\\\/portal\\\/?s={search_term_string}\"},\"query-input\":{\"@type\":\"PropertyValueSpecification\",\"valueRequired\":true,\"valueName\":\"search_term_string\"}}],\"inLanguage\":\"es\"},{\"@type\":\"Organization\",\"@id\":\"https:\\\/\\\/www.eldiario.net\\\/portal\\\/#organization\",\"name\":\"El Diario - Decano de la prensa nacional\",\"url\":\"https:\\\/\\\/www.eldiario.net\\\/portal\\\/\",\"logo\":{\"@type\":\"ImageObject\",\"inLanguage\":\"es\",\"@id\":\"https:\\\/\\\/www.eldiario.net\\\/portal\\\/#\\\/schema\\\/logo\\\/image\\\/\",\"url\":\"https:\\\/\\\/www.eldiario.net\\\/portal\\\/wp-content\\\/uploads\\\/2023\\\/07\\\/logo_ED.jpg\",\"contentUrl\":\"https:\\\/\\\/www.eldiario.net\\\/portal\\\/wp-content\\\/uploads\\\/2023\\\/07\\\/logo_ED.jpg\",\"width\":272,\"height\":52,\"caption\":\"El Diario - Decano de la prensa nacional\"},\"image\":{\"@id\":\"https:\\\/\\\/www.eldiario.net\\\/portal\\\/#\\\/schema\\\/logo\\\/image\\\/\"},\"sameAs\":[\"https:\\\/\\\/www.facebook.com\\\/eldiario.bolivia\\\/\",\"https:\\\/\\\/x.com\\\/eldiario_net\"]},{\"@type\":\"Person\",\"@id\":\"https:\\\/\\\/www.eldiario.net\\\/portal\\\/#\\\/schema\\\/person\\\/2c57cf2b7a7ae032e449e4c9b1019eac\",\"name\":\"Jeanette\",\"image\":{\"@type\":\"ImageObject\",\"inLanguage\":\"es\",\"@id\":\"https:\\\/\\\/secure.gravatar.com\\\/avatar\\\/3ea2118a5f7dad2b7138b1187a6b7ee55f160b9968b66013c3a3ef39dd7e5798?s=96&d=mm&r=g\",\"url\":\"https:\\\/\\\/secure.gravatar.com\\\/avatar\\\/3ea2118a5f7dad2b7138b1187a6b7ee55f160b9968b66013c3a3ef39dd7e5798?s=96&d=mm&r=g\",\"contentUrl\":\"https:\\\/\\\/secure.gravatar.com\\\/avatar\\\/3ea2118a5f7dad2b7138b1187a6b7ee55f160b9968b66013c3a3ef39dd7e5798?s=96&d=mm&r=g\",\"caption\":\"Jeanette\"},\"sameAs\":[\"https:\\\/\\\/www.eldiario.net\\\/portal\"],\"url\":\"https:\\\/\\\/www.eldiario.net\\\/portal\\\/author\\\/jeanette\\\/\"}]}<\/script>\n<!-- \/ Yoast SEO plugin. -->","yoast_head_json":{"title":"EL EXORCISMO DE CARMEN FAR\u00cdAS - El Diario - Bolivia","robots":{"index":"index","follow":"follow","max-snippet":"max-snippet:-1","max-image-preview":"max-image-preview:large","max-video-preview":"max-video-preview:-1"},"canonical":"https:\/\/www.eldiario.net\/portal\/2021\/08\/01\/el-exorcismo-de-carmen-farias\/","og_locale":"es_ES","og_type":"article","og_title":"EL EXORCISMO DE CARMEN FAR\u00cdAS - El Diario - Bolivia","og_description":"&#8216;El exorcismo de Carmen Far\u00edas&#8217; es la \u00fanica pel\u00edcula mexicana que se exhibe actualmente en las principales salas de cine de nuestro pa\u00eds, y no cabe duda que ha despertado enorme inter\u00e9s, por ello te contaremos en d\u00f3nde se film\u00f3 la pel\u00edcula de terror con Camila Sodi. \u00abEn la casa donde filmamos definitivamente hab\u00eda algo [&hellip;]","og_url":"https:\/\/www.eldiario.net\/portal\/2021\/08\/01\/el-exorcismo-de-carmen-farias\/","og_site_name":"El Diario - Bolivia","article_publisher":"https:\/\/www.facebook.com\/eldiario.bolivia\/","article_published_time":"2021-08-01T08:13:12+00:00","author":"Jeanette","twitter_card":"summary_large_image","twitter_creator":"@eldiario_net","twitter_site":"@eldiario_net","twitter_misc":{"Escrito por":"Jeanette","Tiempo de lectura":"2 minutos"},"schema":{"@context":"https:\/\/schema.org","@graph":[{"@type":"Article","@id":"https:\/\/www.eldiario.net\/portal\/2021\/08\/01\/el-exorcismo-de-carmen-farias\/#article","isPartOf":{"@id":"https:\/\/www.eldiario.net\/portal\/2021\/08\/01\/el-exorcismo-de-carmen-farias\/"},"author":{"name":"Jeanette","@id":"https:\/\/www.eldiario.net\/portal\/#\/schema\/person\/2c57cf2b7a7ae032e449e4c9b1019eac"},"headline":"EL EXORCISMO DE CARMEN FAR\u00cdAS","datePublished":"2021-08-01T08:13:12+00:00","mainEntityOfPage":{"@id":"https:\/\/www.eldiario.net\/portal\/2021\/08\/01\/el-exorcismo-de-carmen-farias\/"},"wordCount":424,"publisher":{"@id":"https:\/\/www.eldiario.net\/portal\/#organization"},"image":{"@id":"https:\/\/www.eldiario.net\/portal\/2021\/08\/01\/el-exorcismo-de-carmen-farias\/#primaryimage"},"thumbnailUrl":"","articleSection":["Cine Mundo"],"inLanguage":"es"},{"@type":"WebPage","@id":"https:\/\/www.eldiario.net\/portal\/2021\/08\/01\/el-exorcismo-de-carmen-farias\/","url":"https:\/\/www.eldiario.net\/portal\/2021\/08\/01\/el-exorcismo-de-carmen-farias\/","name":"EL EXORCISMO DE CARMEN FAR\u00cdAS - El Diario - Bolivia","isPartOf":{"@id":"https:\/\/www.eldiario.net\/portal\/#website"},"primaryImageOfPage":{"@id":"https:\/\/www.eldiario.net\/portal\/2021\/08\/01\/el-exorcismo-de-carmen-farias\/#primaryimage"},"image":{"@id":"https:\/\/www.eldiario.net\/portal\/2021\/08\/01\/el-exorcismo-de-carmen-farias\/#primaryimage"},"thumbnailUrl":"","datePublished":"2021-08-01T08:13:12+00:00","breadcrumb":{"@id":"https:\/\/www.eldiario.net\/portal\/2021\/08\/01\/el-exorcismo-de-carmen-farias\/#breadcrumb"},"inLanguage":"es","potentialAction":[{"@type":"ReadAction","target":["https:\/\/www.eldiario.net\/portal\/2021\/08\/01\/el-exorcismo-de-carmen-farias\/"]}]},{"@type":"ImageObject","inLanguage":"es","@id":"https:\/\/www.eldiario.net\/portal\/2021\/08\/01\/el-exorcismo-de-carmen-farias\/#primaryimage","url":"","contentUrl":""},{"@type":"BreadcrumbList","@id":"https:\/\/www.eldiario.net\/portal\/2021\/08\/01\/el-exorcismo-de-carmen-farias\/#breadcrumb","itemListElement":[{"@type":"ListItem","position":1,"name":"Portada","item":"https:\/\/www.eldiario.net\/portal\/"},{"@type":"ListItem","position":2,"name":"EL EXORCISMO DE CARMEN FAR\u00cdAS"}]},{"@type":"WebSite","@id":"https:\/\/www.eldiario.net\/portal\/#website","url":"https:\/\/www.eldiario.net\/portal\/","name":"El Diario - Decano de la prensa nacional","description":"El Diario - Decano de la prensa nacional","publisher":{"@id":"https:\/\/www.eldiario.net\/portal\/#organization"},"potentialAction":[{"@type":"SearchAction","target":{"@type":"EntryPoint","urlTemplate":"https:\/\/www.eldiario.net\/portal\/?s={search_term_string}"},"query-input":{"@type":"PropertyValueSpecification","valueRequired":true,"valueName":"search_term_string"}}],"inLanguage":"es"},{"@type":"Organization","@id":"https:\/\/www.eldiario.net\/portal\/#organization","name":"El Diario - Decano de la prensa nacional","url":"https:\/\/www.eldiario.net\/portal\/","logo":{"@type":"ImageObject","inLanguage":"es","@id":"https:\/\/www.eldiario.net\/portal\/#\/schema\/logo\/image\/","url":"https:\/\/www.eldiario.net\/portal\/wp-content\/uploads\/2023\/07\/logo_ED.jpg","contentUrl":"https:\/\/www.eldiario.net\/portal\/wp-content\/uploads\/2023\/07\/logo_ED.jpg","width":272,"height":52,"caption":"El Diario - Decano de la prensa nacional"},"image":{"@id":"https:\/\/www.eldiario.net\/portal\/#\/schema\/logo\/image\/"},"sameAs":["https:\/\/www.facebook.com\/eldiario.bolivia\/","https:\/\/x.com\/eldiario_net"]},{"@type":"Person","@id":"https:\/\/www.eldiario.net\/portal\/#\/schema\/person\/2c57cf2b7a7ae032e449e4c9b1019eac","name":"Jeanette","image":{"@type":"ImageObject","inLanguage":"es","@id":"https:\/\/secure.gravatar.com\/avatar\/3ea2118a5f7dad2b7138b1187a6b7ee55f160b9968b66013c3a3ef39dd7e5798?s=96&d=mm&r=g","url":"https:\/\/secure.gravatar.com\/avatar\/3ea2118a5f7dad2b7138b1187a6b7ee55f160b9968b66013c3a3ef39dd7e5798?s=96&d=mm&r=g","contentUrl":"https:\/\/secure.gravatar.com\/avatar\/3ea2118a5f7dad2b7138b1187a6b7ee55f160b9968b66013c3a3ef39dd7e5798?s=96&d=mm&r=g","caption":"Jeanette"},"sameAs":["https:\/\/www.eldiario.net\/portal"],"url":"https:\/\/www.eldiario.net\/portal\/author\/jeanette\/"}]}},"_links":{"self":[{"href":"https:\/\/www.eldiario.net\/portal\/wp-json\/wp\/v2\/posts\/20551","targetHints":{"allow":["GET"]}}],"collection":[{"href":"https:\/\/www.eldiario.net\/portal\/wp-json\/wp\/v2\/posts"}],"about":[{"href":"https:\/\/www.eldiario.net\/portal\/wp-json\/wp\/v2\/types\/post"}],"author":[{"embeddable":true,"href":"https:\/\/www.eldiario.net\/portal\/wp-json\/wp\/v2\/users\/1"}],"replies":[{"embeddable":true,"href":"https:\/\/www.eldiario.net\/portal\/wp-json\/wp\/v2\/comments?post=20551"}],"version-history":[{"count":0,"href":"https:\/\/www.eldiario.net\/portal\/wp-json\/wp\/v2\/posts\/20551\/revisions"}],"wp:attachment":[{"href":"https:\/\/www.eldiario.net\/portal\/wp-json\/wp\/v2\/media?parent=20551"}],"wp:term":[{"taxonomy":"category","embeddable":true,"href":"https:\/\/www.eldiario.net\/portal\/wp-json\/wp\/v2\/categories?post=20551"},{"taxonomy":"post_tag","embeddable":true,"href":"https:\/\/www.eldiario.net\/portal\/wp-json\/wp\/v2\/tags?post=20551"}],"curies":[{"name":"wp","href":"https:\/\/api.w.org\/{rel}","templated":true}]}}