{"id":20549,"date":"2021-08-01T04:12:15","date_gmt":"2021-08-01T08:12:15","guid":{"rendered":"https:\/\/www.eldiario.net\/portal\/?p=20549"},"modified":"2021-08-01T04:12:15","modified_gmt":"2021-08-01T08:12:15","slug":"day-patel-regresa-a-la-pantalla-grande-en-el-caballero-verde","status":"publish","type":"post","link":"https:\/\/www.eldiario.net\/portal\/2021\/08\/01\/day-patel-regresa-a-la-pantalla-grande-en-el-caballero-verde\/","title":{"rendered":"Day Patel regresa a la pantalla grande en \u201cEl caballero verde\u201d"},"content":{"rendered":"<p>El Caballero Verde, es una pel\u00edcula \u00e9pica y de fantas\u00eda medieval producida por A24, dirigida por David Lowery, protagonizada por Dev Patel como Sir Gawain y se estren\u00f3 en los cines de Estados Unidos.<br \/>\nLa historia cuenta que Sir Gawain (Dev Patel), uno de los caballeros de la Mesa Redonda del Rey Arturo, acepta el reto de un Caballero Verde, quien reta a cualquier caballero a blandir su espada contra \u00e9l. A cambio, el caballero que acepte el reto, le ser\u00e1 devuelto el mismo golpe un a\u00f1o y un d\u00eda despu\u00e9s. Sir Gawain acepta el reto y decapita al Caballero Verde, solamente para que dicho caballero tome su cabeza y se vaya. Pero el Caballero Verde le recordar\u00e1 a Sir Gawain el final de su acuerdo cuando se cumpla el plazo.<br \/>\nLa producci\u00f3n<br \/>\nEl 5 de noviembre de 2018 se anunci\u00f3 que David Lowery escribir\u00eda y dirigir\u00eda un recuento moderno del poema del siglo XIV Sir Gawain y el Caballero Verde, con financiaci\u00f3n de A24, Ley Line Entertainment y Bron Studios. En marzo de 2019, Dev Patel inici\u00f3 negociaciones para protagonizar la pel\u00edcula. Ese mismo mes, Barry Keoghan y Ralph Ineson se unieron al elenco de la pel\u00edcula. En abril de 2019, se anunci\u00f3 que Alicia Vikander y Erin Kellyman hab\u00edan sido elegidas para participar en la pel\u00edcula.<br \/>\nLa fotograf\u00eda principal comenz\u00f3 en marzo de 2019, con Ardmore Studios como lugar de rodaje. Weta Digital trabaj\u00f3 en los efectos visuales.<\/p>\n<p>El actor ingl\u00e9s Dev Patel regresa a la pantalla grande con una historia medieval en la cinta El caballero verde, y es distribuida por Diamond Films.<br \/>\nLa historia dirigida por David Lowery es una adaptaci\u00f3n del poema Sir Gawain and the Green Knight, que cuenta la leyenda de Gawain, uno de los caballeros de la mesa redonda del rey Arturo.<br \/>\n El reconocido actor de descendencia india no estar\u00e1 solo en esta aventura: Joel Edgerton, Barry Keoghan, Ralph Ineson, Alicia Vikander y Sean Harris tambi\u00e9n forman parte del elenco.<\/p>\n","protected":false},"excerpt":{"rendered":"<p>El Caballero Verde, es una pel\u00edcula \u00e9pica y de fantas\u00eda medieval producida por A24, dirigida por David Lowery, protagonizada por Dev Patel como Sir Gawain y se estren\u00f3 en los cines de Estados Unidos. La historia cuenta que Sir Gawain (Dev Patel), uno de los caballeros de la Mesa Redonda del Rey Arturo, acepta el [&hellip;]<\/p>\n","protected":false},"author":1,"featured_media":0,"comment_status":"closed","ping_status":"closed","sticky":false,"template":"","format":"standard","meta":{"_acf_changed":false,"footnotes":""},"categories":[45],"tags":[],"class_list":["post-20549","post","type-post","status-publish","format-standard","category-cine-mundo"],"acf":{"antetitulo":""},"yoast_head":"<!-- This site is optimized with the Yoast SEO plugin v28.4 - https:\/\/yoast.com\/product\/yoast-seo-wordpress\/ -->\n<title>Day Patel regresa a la pantalla grande en \u201cEl caballero verde\u201d - El Diario - Bolivia<\/title>\n<meta name=\"robots\" content=\"index, follow, max-snippet:-1, max-image-preview:large, max-video-preview:-1\" \/>\n<link rel=\"canonical\" href=\"https:\/\/www.eldiario.net\/portal\/2021\/08\/01\/day-patel-regresa-a-la-pantalla-grande-en-el-caballero-verde\/\" \/>\n<meta property=\"og:locale\" content=\"es_ES\" \/>\n<meta property=\"og:type\" content=\"article\" \/>\n<meta property=\"og:title\" content=\"Day Patel regresa a la pantalla grande en \u201cEl caballero verde\u201d - El Diario - Bolivia\" \/>\n<meta property=\"og:description\" content=\"El Caballero Verde, es una pel\u00edcula \u00e9pica y de fantas\u00eda medieval producida por A24, dirigida por David Lowery, protagonizada por Dev Patel como Sir Gawain y se estren\u00f3 en los cines de Estados Unidos. La historia cuenta que Sir Gawain (Dev Patel), uno de los caballeros de la Mesa Redonda del Rey Arturo, acepta el [&hellip;]\" \/>\n<meta property=\"og:url\" content=\"https:\/\/www.eldiario.net\/portal\/2021\/08\/01\/day-patel-regresa-a-la-pantalla-grande-en-el-caballero-verde\/\" \/>\n<meta property=\"og:site_name\" content=\"El Diario - Bolivia\" \/>\n<meta property=\"article:publisher\" content=\"https:\/\/www.facebook.com\/eldiario.bolivia\/\" \/>\n<meta property=\"article:published_time\" content=\"2021-08-01T08:12:15+00:00\" \/>\n<meta name=\"author\" content=\"Jeanette\" \/>\n<meta name=\"twitter:card\" content=\"summary_large_image\" \/>\n<meta name=\"twitter:creator\" content=\"@eldiario_net\" \/>\n<meta name=\"twitter:site\" content=\"@eldiario_net\" \/>\n<meta name=\"twitter:label1\" content=\"Escrito por\" \/>\n\t<meta name=\"twitter:data1\" content=\"Jeanette\" \/>\n\t<meta name=\"twitter:label2\" content=\"Tiempo de lectura\" \/>\n\t<meta name=\"twitter:data2\" content=\"2 minutos\" \/>\n<script type=\"application\/ld+json\" class=\"yoast-schema-graph\">{\"@context\":\"https:\\\/\\\/schema.org\",\"@graph\":[{\"@type\":\"Article\",\"@id\":\"https:\\\/\\\/www.eldiario.net\\\/portal\\\/2021\\\/08\\\/01\\\/day-patel-regresa-a-la-pantalla-grande-en-el-caballero-verde\\\/#article\",\"isPartOf\":{\"@id\":\"https:\\\/\\\/www.eldiario.net\\\/portal\\\/2021\\\/08\\\/01\\\/day-patel-regresa-a-la-pantalla-grande-en-el-caballero-verde\\\/\"},\"author\":{\"name\":\"Jeanette\",\"@id\":\"https:\\\/\\\/www.eldiario.net\\\/portal\\\/#\\\/schema\\\/person\\\/2c57cf2b7a7ae032e449e4c9b1019eac\"},\"headline\":\"Day Patel regresa a la pantalla grande en \u201cEl caballero verde\u201d\",\"datePublished\":\"2021-08-01T08:12:15+00:00\",\"mainEntityOfPage\":{\"@id\":\"https:\\\/\\\/www.eldiario.net\\\/portal\\\/2021\\\/08\\\/01\\\/day-patel-regresa-a-la-pantalla-grande-en-el-caballero-verde\\\/\"},\"wordCount\":351,\"publisher\":{\"@id\":\"https:\\\/\\\/www.eldiario.net\\\/portal\\\/#organization\"},\"articleSection\":[\"Cine Mundo\"],\"inLanguage\":\"es\"},{\"@type\":\"WebPage\",\"@id\":\"https:\\\/\\\/www.eldiario.net\\\/portal\\\/2021\\\/08\\\/01\\\/day-patel-regresa-a-la-pantalla-grande-en-el-caballero-verde\\\/\",\"url\":\"https:\\\/\\\/www.eldiario.net\\\/portal\\\/2021\\\/08\\\/01\\\/day-patel-regresa-a-la-pantalla-grande-en-el-caballero-verde\\\/\",\"name\":\"Day Patel regresa a la pantalla grande en \u201cEl caballero verde\u201d - El Diario - Bolivia\",\"isPartOf\":{\"@id\":\"https:\\\/\\\/www.eldiario.net\\\/portal\\\/#website\"},\"datePublished\":\"2021-08-01T08:12:15+00:00\",\"breadcrumb\":{\"@id\":\"https:\\\/\\\/www.eldiario.net\\\/portal\\\/2021\\\/08\\\/01\\\/day-patel-regresa-a-la-pantalla-grande-en-el-caballero-verde\\\/#breadcrumb\"},\"inLanguage\":\"es\",\"potentialAction\":[{\"@type\":\"ReadAction\",\"target\":[\"https:\\\/\\\/www.eldiario.net\\\/portal\\\/2021\\\/08\\\/01\\\/day-patel-regresa-a-la-pantalla-grande-en-el-caballero-verde\\\/\"]}]},{\"@type\":\"BreadcrumbList\",\"@id\":\"https:\\\/\\\/www.eldiario.net\\\/portal\\\/2021\\\/08\\\/01\\\/day-patel-regresa-a-la-pantalla-grande-en-el-caballero-verde\\\/#breadcrumb\",\"itemListElement\":[{\"@type\":\"ListItem\",\"position\":1,\"name\":\"Portada\",\"item\":\"https:\\\/\\\/www.eldiario.net\\\/portal\\\/\"},{\"@type\":\"ListItem\",\"position\":2,\"name\":\"Day Patel regresa a la pantalla grande en \u201cEl caballero verde\u201d\"}]},{\"@type\":\"WebSite\",\"@id\":\"https:\\\/\\\/www.eldiario.net\\\/portal\\\/#website\",\"url\":\"https:\\\/\\\/www.eldiario.net\\\/portal\\\/\",\"name\":\"El Diario - Decano de la prensa nacional\",\"description\":\"El Diario - Decano de la prensa nacional\",\"publisher\":{\"@id\":\"https:\\\/\\\/www.eldiario.net\\\/portal\\\/#organization\"},\"potentialAction\":[{\"@type\":\"SearchAction\",\"target\":{\"@type\":\"EntryPoint\",\"urlTemplate\":\"https:\\\/\\\/www.eldiario.net\\\/portal\\\/?s={search_term_string}\"},\"query-input\":{\"@type\":\"PropertyValueSpecification\",\"valueRequired\":true,\"valueName\":\"search_term_string\"}}],\"inLanguage\":\"es\"},{\"@type\":\"Organization\",\"@id\":\"https:\\\/\\\/www.eldiario.net\\\/portal\\\/#organization\",\"name\":\"El Diario - Decano de la prensa nacional\",\"url\":\"https:\\\/\\\/www.eldiario.net\\\/portal\\\/\",\"logo\":{\"@type\":\"ImageObject\",\"inLanguage\":\"es\",\"@id\":\"https:\\\/\\\/www.eldiario.net\\\/portal\\\/#\\\/schema\\\/logo\\\/image\\\/\",\"url\":\"https:\\\/\\\/www.eldiario.net\\\/portal\\\/wp-content\\\/uploads\\\/2023\\\/07\\\/logo_ED.jpg\",\"contentUrl\":\"https:\\\/\\\/www.eldiario.net\\\/portal\\\/wp-content\\\/uploads\\\/2023\\\/07\\\/logo_ED.jpg\",\"width\":272,\"height\":52,\"caption\":\"El Diario - Decano de la prensa nacional\"},\"image\":{\"@id\":\"https:\\\/\\\/www.eldiario.net\\\/portal\\\/#\\\/schema\\\/logo\\\/image\\\/\"},\"sameAs\":[\"https:\\\/\\\/www.facebook.com\\\/eldiario.bolivia\\\/\",\"https:\\\/\\\/x.com\\\/eldiario_net\"]},{\"@type\":\"Person\",\"@id\":\"https:\\\/\\\/www.eldiario.net\\\/portal\\\/#\\\/schema\\\/person\\\/2c57cf2b7a7ae032e449e4c9b1019eac\",\"name\":\"Jeanette\",\"image\":{\"@type\":\"ImageObject\",\"inLanguage\":\"es\",\"@id\":\"https:\\\/\\\/secure.gravatar.com\\\/avatar\\\/3ea2118a5f7dad2b7138b1187a6b7ee55f160b9968b66013c3a3ef39dd7e5798?s=96&d=mm&r=g\",\"url\":\"https:\\\/\\\/secure.gravatar.com\\\/avatar\\\/3ea2118a5f7dad2b7138b1187a6b7ee55f160b9968b66013c3a3ef39dd7e5798?s=96&d=mm&r=g\",\"contentUrl\":\"https:\\\/\\\/secure.gravatar.com\\\/avatar\\\/3ea2118a5f7dad2b7138b1187a6b7ee55f160b9968b66013c3a3ef39dd7e5798?s=96&d=mm&r=g\",\"caption\":\"Jeanette\"},\"sameAs\":[\"https:\\\/\\\/www.eldiario.net\\\/portal\"],\"url\":\"https:\\\/\\\/www.eldiario.net\\\/portal\\\/author\\\/jeanette\\\/\"}]}<\/script>\n<!-- \/ Yoast SEO plugin. -->","yoast_head_json":{"title":"Day Patel regresa a la pantalla grande en \u201cEl caballero verde\u201d - El Diario - Bolivia","robots":{"index":"index","follow":"follow","max-snippet":"max-snippet:-1","max-image-preview":"max-image-preview:large","max-video-preview":"max-video-preview:-1"},"canonical":"https:\/\/www.eldiario.net\/portal\/2021\/08\/01\/day-patel-regresa-a-la-pantalla-grande-en-el-caballero-verde\/","og_locale":"es_ES","og_type":"article","og_title":"Day Patel regresa a la pantalla grande en \u201cEl caballero verde\u201d - El Diario - Bolivia","og_description":"El Caballero Verde, es una pel\u00edcula \u00e9pica y de fantas\u00eda medieval producida por A24, dirigida por David Lowery, protagonizada por Dev Patel como Sir Gawain y se estren\u00f3 en los cines de Estados Unidos. La historia cuenta que Sir Gawain (Dev Patel), uno de los caballeros de la Mesa Redonda del Rey Arturo, acepta el [&hellip;]","og_url":"https:\/\/www.eldiario.net\/portal\/2021\/08\/01\/day-patel-regresa-a-la-pantalla-grande-en-el-caballero-verde\/","og_site_name":"El Diario - Bolivia","article_publisher":"https:\/\/www.facebook.com\/eldiario.bolivia\/","article_published_time":"2021-08-01T08:12:15+00:00","author":"Jeanette","twitter_card":"summary_large_image","twitter_creator":"@eldiario_net","twitter_site":"@eldiario_net","twitter_misc":{"Escrito por":"Jeanette","Tiempo de lectura":"2 minutos"},"schema":{"@context":"https:\/\/schema.org","@graph":[{"@type":"Article","@id":"https:\/\/www.eldiario.net\/portal\/2021\/08\/01\/day-patel-regresa-a-la-pantalla-grande-en-el-caballero-verde\/#article","isPartOf":{"@id":"https:\/\/www.eldiario.net\/portal\/2021\/08\/01\/day-patel-regresa-a-la-pantalla-grande-en-el-caballero-verde\/"},"author":{"name":"Jeanette","@id":"https:\/\/www.eldiario.net\/portal\/#\/schema\/person\/2c57cf2b7a7ae032e449e4c9b1019eac"},"headline":"Day Patel regresa a la pantalla grande en \u201cEl caballero verde\u201d","datePublished":"2021-08-01T08:12:15+00:00","mainEntityOfPage":{"@id":"https:\/\/www.eldiario.net\/portal\/2021\/08\/01\/day-patel-regresa-a-la-pantalla-grande-en-el-caballero-verde\/"},"wordCount":351,"publisher":{"@id":"https:\/\/www.eldiario.net\/portal\/#organization"},"articleSection":["Cine Mundo"],"inLanguage":"es"},{"@type":"WebPage","@id":"https:\/\/www.eldiario.net\/portal\/2021\/08\/01\/day-patel-regresa-a-la-pantalla-grande-en-el-caballero-verde\/","url":"https:\/\/www.eldiario.net\/portal\/2021\/08\/01\/day-patel-regresa-a-la-pantalla-grande-en-el-caballero-verde\/","name":"Day Patel regresa a la pantalla grande en \u201cEl caballero verde\u201d - El Diario - Bolivia","isPartOf":{"@id":"https:\/\/www.eldiario.net\/portal\/#website"},"datePublished":"2021-08-01T08:12:15+00:00","breadcrumb":{"@id":"https:\/\/www.eldiario.net\/portal\/2021\/08\/01\/day-patel-regresa-a-la-pantalla-grande-en-el-caballero-verde\/#breadcrumb"},"inLanguage":"es","potentialAction":[{"@type":"ReadAction","target":["https:\/\/www.eldiario.net\/portal\/2021\/08\/01\/day-patel-regresa-a-la-pantalla-grande-en-el-caballero-verde\/"]}]},{"@type":"BreadcrumbList","@id":"https:\/\/www.eldiario.net\/portal\/2021\/08\/01\/day-patel-regresa-a-la-pantalla-grande-en-el-caballero-verde\/#breadcrumb","itemListElement":[{"@type":"ListItem","position":1,"name":"Portada","item":"https:\/\/www.eldiario.net\/portal\/"},{"@type":"ListItem","position":2,"name":"Day Patel regresa a la pantalla grande en \u201cEl caballero verde\u201d"}]},{"@type":"WebSite","@id":"https:\/\/www.eldiario.net\/portal\/#website","url":"https:\/\/www.eldiario.net\/portal\/","name":"El Diario - Decano de la prensa nacional","description":"El Diario - Decano de la prensa nacional","publisher":{"@id":"https:\/\/www.eldiario.net\/portal\/#organization"},"potentialAction":[{"@type":"SearchAction","target":{"@type":"EntryPoint","urlTemplate":"https:\/\/www.eldiario.net\/portal\/?s={search_term_string}"},"query-input":{"@type":"PropertyValueSpecification","valueRequired":true,"valueName":"search_term_string"}}],"inLanguage":"es"},{"@type":"Organization","@id":"https:\/\/www.eldiario.net\/portal\/#organization","name":"El Diario - Decano de la prensa nacional","url":"https:\/\/www.eldiario.net\/portal\/","logo":{"@type":"ImageObject","inLanguage":"es","@id":"https:\/\/www.eldiario.net\/portal\/#\/schema\/logo\/image\/","url":"https:\/\/www.eldiario.net\/portal\/wp-content\/uploads\/2023\/07\/logo_ED.jpg","contentUrl":"https:\/\/www.eldiario.net\/portal\/wp-content\/uploads\/2023\/07\/logo_ED.jpg","width":272,"height":52,"caption":"El Diario - Decano de la prensa nacional"},"image":{"@id":"https:\/\/www.eldiario.net\/portal\/#\/schema\/logo\/image\/"},"sameAs":["https:\/\/www.facebook.com\/eldiario.bolivia\/","https:\/\/x.com\/eldiario_net"]},{"@type":"Person","@id":"https:\/\/www.eldiario.net\/portal\/#\/schema\/person\/2c57cf2b7a7ae032e449e4c9b1019eac","name":"Jeanette","image":{"@type":"ImageObject","inLanguage":"es","@id":"https:\/\/secure.gravatar.com\/avatar\/3ea2118a5f7dad2b7138b1187a6b7ee55f160b9968b66013c3a3ef39dd7e5798?s=96&d=mm&r=g","url":"https:\/\/secure.gravatar.com\/avatar\/3ea2118a5f7dad2b7138b1187a6b7ee55f160b9968b66013c3a3ef39dd7e5798?s=96&d=mm&r=g","contentUrl":"https:\/\/secure.gravatar.com\/avatar\/3ea2118a5f7dad2b7138b1187a6b7ee55f160b9968b66013c3a3ef39dd7e5798?s=96&d=mm&r=g","caption":"Jeanette"},"sameAs":["https:\/\/www.eldiario.net\/portal"],"url":"https:\/\/www.eldiario.net\/portal\/author\/jeanette\/"}]}},"_links":{"self":[{"href":"https:\/\/www.eldiario.net\/portal\/wp-json\/wp\/v2\/posts\/20549","targetHints":{"allow":["GET"]}}],"collection":[{"href":"https:\/\/www.eldiario.net\/portal\/wp-json\/wp\/v2\/posts"}],"about":[{"href":"https:\/\/www.eldiario.net\/portal\/wp-json\/wp\/v2\/types\/post"}],"author":[{"embeddable":true,"href":"https:\/\/www.eldiario.net\/portal\/wp-json\/wp\/v2\/users\/1"}],"replies":[{"embeddable":true,"href":"https:\/\/www.eldiario.net\/portal\/wp-json\/wp\/v2\/comments?post=20549"}],"version-history":[{"count":0,"href":"https:\/\/www.eldiario.net\/portal\/wp-json\/wp\/v2\/posts\/20549\/revisions"}],"wp:attachment":[{"href":"https:\/\/www.eldiario.net\/portal\/wp-json\/wp\/v2\/media?parent=20549"}],"wp:term":[{"taxonomy":"category","embeddable":true,"href":"https:\/\/www.eldiario.net\/portal\/wp-json\/wp\/v2\/categories?post=20549"},{"taxonomy":"post_tag","embeddable":true,"href":"https:\/\/www.eldiario.net\/portal\/wp-json\/wp\/v2\/tags?post=20549"}],"curies":[{"name":"wp","href":"https:\/\/api.w.org\/{rel}","templated":true}]}}