{"id":20547,"date":"2021-08-01T04:10:43","date_gmt":"2021-08-01T08:10:43","guid":{"rendered":"https:\/\/www.eldiario.net\/portal\/?p=20547"},"modified":"2021-08-01T04:10:43","modified_gmt":"2021-08-01T08:10:43","slug":"datos-curiosos-de-el-escuadron-suicida","status":"publish","type":"post","link":"https:\/\/www.eldiario.net\/portal\/2021\/08\/01\/datos-curiosos-de-el-escuadron-suicida\/","title":{"rendered":"Datos curiosos de \u201cEl Escuadron Suicida\u201d"},"content":{"rendered":"<ol>\n<li>Mantener los secretos de la pel\u00edcula era muy importante para los cineastas, por lo que se prohibi\u00f3 el uso de celulares en el set durante la producci\u00f3n.<\/li>\n<\/ol>\n<p>&nbsp;<\/p>\n<ol start=\"2\">\n<li>Cerca de 60 loros fueron utilizados para una escena en el palacio de Corto Maltese. Las peque\u00f1as aves de colores vibrantes mordisqueaban constantemente las joyas que la dise\u00f1adora de producci\u00f3n, Beth Mickle, hab\u00eda incluido en los vitrales. Su equipo pas\u00f3 muchas horas aplic\u00e1ndolas de nuevo exactamente donde estaban.<\/li>\n<\/ol>\n<p>&nbsp;<\/p>\n<ol start=\"3\">\n<li>La escena en donde el escuadr\u00f3n se acerca a la fortaleza de Jotunheim necesitaba de lluvia, de acuerdo con lo escrito en el guion. Fue filmada durante tres de los d\u00edas m\u00e1s fr\u00edos del a\u00f1o, con lluvia helada y temperaturas de 30 \u00baF (cerca de 0 \u00baC). El elenco eran todos soldados, quienes realizaron la escena sin queja alguna.<\/li>\n<\/ol>\n<p>&nbsp;<\/p>\n<ol start=\"4\">\n<li>John Cena utiliz\u00f3 su tiempo libre en el set para aprender a tocar el piano por s\u00ed solo.<\/li>\n<\/ol>\n<p>&nbsp;<\/p>\n<p>&nbsp;<\/p>\n<ol start=\"5\">\n<li>Michael Rooker, quien interpreta a Savant, trabaj\u00f3 como salvavidas durante una temporada cuando era joven, as\u00ed que todas las escenas de nado fueron f\u00e1ciles para \u00e9l, a pesar de estar usando un traje de supervillano.<\/li>\n<\/ol>\n<p>&nbsp;<\/p>\n<p>&nbsp;<\/p>\n<ol start=\"6\">\n<li>Joel Kinnaman aument\u00f3 20 libras (9 kg) de m\u00fasculo para su papel como el Coronel Rick Flag.<\/li>\n<\/ol>\n<p>&nbsp;<\/p>\n<ol start=\"7\">\n<li>Idris Elba, quien interpreta a Bloodsport, le tiene miedo a las ratas, y lo enfrent\u00f3 gracias a sus coestrellas roedoras del elenco \u2014que eran reales\u2014, las amigas de su compa\u00f1era e integrante del escuadr\u00f3n, Ratcatcher 2.<\/li>\n<\/ol>\n<p>&nbsp;<\/p>\n<p>&nbsp;<\/p>\n<ol start=\"8\">\n<li><em>El<\/em> <em>Escuadr\u00f3n Suicida <\/em>representa la primera vez que el actor escoc\u00e9s Peter Capaldi, conocido por millones de personas como Doctor Who, hace una pel\u00edcula en Estados Unidos.<\/li>\n<\/ol>\n<p>&nbsp;<\/p>\n<ol start=\"9\">\n<li>Tanto Margot Robbie como John Cena se tomaron tiempo de la filmaci\u00f3n para reunirse con ni\u00f1os de la organizaci\u00f3n Make-A-Wish y algunos fans con necesidades especiales.<\/li>\n<\/ol>\n<p>&nbsp;<\/p>\n<ol start=\"10\">\n<li><em>El Escuadr\u00f3n Suicida<\/em> constituye el primer papel estadounidense de la actriz portuguesa Daniela Melchior.<\/li>\n<\/ol>\n<p>&nbsp;<\/p>\n<ol start=\"11\">\n<li>Nathan Fillion lleg\u00f3 una noche al set vestido con una playera que ten\u00eda la cara de James Gunn pero no dijo nada y esper\u00f3 en silencio hasta que el director la notara. Una vez que \u00e9ste lo hizo, el elenco y el equipo de producci\u00f3n tuvieron que tomarse una pausa de cinco minutos debido a que todos re\u00edan fuertemente.<\/li>\n<\/ol>\n<p>&nbsp;<\/p>\n<ol start=\"12\">\n<li>Jai Courtney describe a su personaje, Boomerang, como la primera persona con quien querr\u00edas tomar un trago, pero la \u00faltima con quien querr\u00edas quedarte solo en el bar.<\/li>\n<\/ol>\n<p>&nbsp;<\/p>\n<ol start=\"13\">\n<li>Mayling Ng, quien interpreta a la alien\u00edgena Mongal, es una peleadora shaolin de nueve armas y cintur\u00f3n negro en la vida real.<\/li>\n<\/ol>\n<p>&nbsp;<\/p>\n<ol start=\"14\">\n<li>Sean Gunn, quien interpreta al integrante del Escuadr\u00f3n Weasel, tambi\u00e9n hace un cameo en la pel\u00edcula como el villano Calendar Man, de la galer\u00eda de supervillanos de Batman.<\/li>\n<\/ol>\n<p>&nbsp;<\/p>\n<ol start=\"15\">\n<li>El director James Gunn siempre regalaba al elenco una toma para que improvisaran lo que quisieran. A John Cena siempre se le ocurr\u00edan las l\u00edneas m\u00e1s estrafalarias.<\/li>\n<\/ol>\n<p>&nbsp;<\/p>\n<ol start=\"16\">\n<li>Originalmente, las ratas hero\u00ednas que fueron llevadas al set para trabajar con Ratcatcher 2 eran machos, pero fueron reemplazadas por hembras porque defecan con menos frecuencia.<\/li>\n<\/ol>\n<p>&nbsp;<\/p>\n<ol start=\"17\">\n<li>Durante la filmaci\u00f3n de <em>El Escuadr\u00f3n Suicida<\/em>, el actor David Dastmalchian lanz\u00f3 su propio c\u00f3mic llamado <em>Count Crowley: Reluctant Midnight Monster Hunter<\/em>.<\/li>\n<\/ol>\n<p>&nbsp;<\/p>\n<ol start=\"18\">\n<li>Mucha de la inspiraci\u00f3n de James Gunn para esta pel\u00edcula provino de la versi\u00f3n del <em>El Escuadr\u00f3n Suicida<\/em> del legendario escritor de c\u00f3mics John Ostrander en los ochenta; los fans m\u00e1s perspicaces podr\u00e1n identificar su cameo en la pel\u00edcula.<\/li>\n<\/ol>\n<p>&nbsp;<\/p>\n<ol start=\"19\">\n<li>Los guiones de Gunn incluyen las canciones que el cineasta ya tiene en mente para ciertos momentos. La m\u00fasica fue \u2014de hecho\u2014 reproducida en el set para las escenas correspondientes, de modo que los actores pudieran tener una idea del tono que el director buscaba y que los operadores pudieran mover las c\u00e1maras en tiempo con la m\u00fasica.<\/li>\n<\/ol>\n<p>&nbsp;<\/p>\n<ol>\n<li>Durante la filmaci\u00f3n del<em> El Escuadr\u00f3n Suicida<\/em>, los cineastas se divirtieron al hacer que varias luces parpadearan en c\u00f3digo morse:\n<ol>\n<li>En una escena ambientada dentro de un club de Corto Maltese, la luz de arriba de la barra titilaba (9-1943): septiembre de 1943 que es la fecha de la primera aparici\u00f3n de Thinker en un c\u00f3mic, <em>All Flash<\/em> #12.<\/li>\n<li>En una escena dentro de una embarcaci\u00f3n, una luz indicadora est\u00e1 parpadeando (2-1960): febrero de 1960. Esta fecha marca la primera aparici\u00f3n de Starro en un c\u00f3mic, <em>Brave and the Bold<\/em> #28.<\/li>\n<li>En una escena en la bah\u00eda m\u00e9dica de Belle Reve hay una luz en uno de los aparatos que est\u00e1 parpadeando (5-1987): mayo de 1987. Esta es la fecha de publicaci\u00f3n del comic <em>Suicide Squad<\/em> #1, escrito por John Ostrander. Es tambi\u00e9n la edici\u00f3n inaugural de la serie ep\u00f3nima El Escuadr\u00f3n.<\/li>\n<li>En una escena en el laboratorio de Thinker hay un juego de luces en el servidor que est\u00e1n parpadeando (9-1959); septiembre de 1959. Esta fecha marca la primera vez que el Escuadr\u00f3n Suicida apareci\u00f3 en un c\u00f3mic, as\u00ed como la primera aparici\u00f3n del coronel Rick Flag en <em>The Brave and the Bold <\/em>#25.<\/li>\n<li>En otra escena en el laboratorio de Thinker hay una luz en una de las consolas principales que est\u00e1 tintineando la fecha del aniversario de bodas del <em>gaffer<\/em> Dan Cornwall, pues era ese mismo d\u00eda de filmaci\u00f3n.<\/li>\n<li>El laboratorio de Thinker fue muy fruct\u00edfero para la producci\u00f3n, pues tambi\u00e9n hay otra luz arriba que est\u00e1 parpadeando (11-1966): noviembre de 1966, la fecha de la primera aparici\u00f3n de Peacemaker en un c\u00f3mic.<\/li>\n<li>En el centro de comunicaciones de Belle Reve hay una consola cerca de los controles de drones que est\u00e1 parpadeando (11-1986): noviembre de 1986, fecha de la primera aparici\u00f3n de Amanda Waller en un c\u00f3mic.<\/li>\n<li>Y en una escena ambientada en Jotunheim, en medio de varios cub\u00edculos, un grupo de luces en la parte de arriba est\u00e1n parpadeando (10-1994): octubre de 1994. Esta es la fecha de la primera aparici\u00f3n de King Shark en un c\u00f3mic.<\/li>\n<\/ol>\n<\/li>\n<\/ol>\n<p>&nbsp;<\/p>\n","protected":false},"excerpt":{"rendered":"<p>Mantener los secretos de la pel\u00edcula era muy importante para los cineastas, por lo que se prohibi\u00f3 el uso de celulares en el set durante la producci\u00f3n. &nbsp; Cerca de 60 loros fueron utilizados para una escena en el palacio de Corto Maltese. Las peque\u00f1as aves de colores vibrantes mordisqueaban constantemente las joyas que la [&hellip;]<\/p>\n","protected":false},"author":1,"featured_media":0,"comment_status":"closed","ping_status":"closed","sticky":false,"template":"","format":"standard","meta":{"_acf_changed":false,"footnotes":""},"categories":[45],"tags":[],"class_list":["post-20547","post","type-post","status-publish","format-standard","category-cine-mundo"],"acf":{"antetitulo":""},"yoast_head":"<!-- This site is optimized with the Yoast SEO plugin v28.4 - https:\/\/yoast.com\/product\/yoast-seo-wordpress\/ -->\n<title>Datos curiosos de \u201cEl Escuadron Suicida\u201d - El Diario - Bolivia<\/title>\n<meta name=\"robots\" content=\"index, follow, max-snippet:-1, max-image-preview:large, max-video-preview:-1\" \/>\n<link rel=\"canonical\" href=\"https:\/\/www.eldiario.net\/portal\/2021\/08\/01\/datos-curiosos-de-el-escuadron-suicida\/\" \/>\n<meta property=\"og:locale\" content=\"es_ES\" \/>\n<meta property=\"og:type\" content=\"article\" \/>\n<meta property=\"og:title\" content=\"Datos curiosos de \u201cEl Escuadron Suicida\u201d - El Diario - Bolivia\" \/>\n<meta property=\"og:description\" content=\"Mantener los secretos de la pel\u00edcula era muy importante para los cineastas, por lo que se prohibi\u00f3 el uso de celulares en el set durante la producci\u00f3n. &nbsp; Cerca de 60 loros fueron utilizados para una escena en el palacio de Corto Maltese. Las peque\u00f1as aves de colores vibrantes mordisqueaban constantemente las joyas que la [&hellip;]\" \/>\n<meta property=\"og:url\" content=\"https:\/\/www.eldiario.net\/portal\/2021\/08\/01\/datos-curiosos-de-el-escuadron-suicida\/\" \/>\n<meta property=\"og:site_name\" content=\"El Diario - Bolivia\" \/>\n<meta property=\"article:publisher\" content=\"https:\/\/www.facebook.com\/eldiario.bolivia\/\" \/>\n<meta property=\"article:published_time\" content=\"2021-08-01T08:10:43+00:00\" \/>\n<meta name=\"author\" content=\"Jeanette\" \/>\n<meta name=\"twitter:card\" content=\"summary_large_image\" \/>\n<meta name=\"twitter:creator\" content=\"@eldiario_net\" \/>\n<meta name=\"twitter:site\" content=\"@eldiario_net\" \/>\n<meta name=\"twitter:label1\" content=\"Escrito por\" \/>\n\t<meta name=\"twitter:data1\" content=\"Jeanette\" \/>\n\t<meta name=\"twitter:label2\" content=\"Tiempo de lectura\" \/>\n\t<meta name=\"twitter:data2\" content=\"5 minutos\" \/>\n<script type=\"application\/ld+json\" class=\"yoast-schema-graph\">{\"@context\":\"https:\\\/\\\/schema.org\",\"@graph\":[{\"@type\":\"Article\",\"@id\":\"https:\\\/\\\/www.eldiario.net\\\/portal\\\/2021\\\/08\\\/01\\\/datos-curiosos-de-el-escuadron-suicida\\\/#article\",\"isPartOf\":{\"@id\":\"https:\\\/\\\/www.eldiario.net\\\/portal\\\/2021\\\/08\\\/01\\\/datos-curiosos-de-el-escuadron-suicida\\\/\"},\"author\":{\"name\":\"Jeanette\",\"@id\":\"https:\\\/\\\/www.eldiario.net\\\/portal\\\/#\\\/schema\\\/person\\\/2c57cf2b7a7ae032e449e4c9b1019eac\"},\"headline\":\"Datos curiosos de \u201cEl Escuadron Suicida\u201d\",\"datePublished\":\"2021-08-01T08:10:43+00:00\",\"mainEntityOfPage\":{\"@id\":\"https:\\\/\\\/www.eldiario.net\\\/portal\\\/2021\\\/08\\\/01\\\/datos-curiosos-de-el-escuadron-suicida\\\/\"},\"wordCount\":1053,\"publisher\":{\"@id\":\"https:\\\/\\\/www.eldiario.net\\\/portal\\\/#organization\"},\"articleSection\":[\"Cine Mundo\"],\"inLanguage\":\"es\"},{\"@type\":\"WebPage\",\"@id\":\"https:\\\/\\\/www.eldiario.net\\\/portal\\\/2021\\\/08\\\/01\\\/datos-curiosos-de-el-escuadron-suicida\\\/\",\"url\":\"https:\\\/\\\/www.eldiario.net\\\/portal\\\/2021\\\/08\\\/01\\\/datos-curiosos-de-el-escuadron-suicida\\\/\",\"name\":\"Datos curiosos de \u201cEl Escuadron Suicida\u201d - El Diario - Bolivia\",\"isPartOf\":{\"@id\":\"https:\\\/\\\/www.eldiario.net\\\/portal\\\/#website\"},\"datePublished\":\"2021-08-01T08:10:43+00:00\",\"breadcrumb\":{\"@id\":\"https:\\\/\\\/www.eldiario.net\\\/portal\\\/2021\\\/08\\\/01\\\/datos-curiosos-de-el-escuadron-suicida\\\/#breadcrumb\"},\"inLanguage\":\"es\",\"potentialAction\":[{\"@type\":\"ReadAction\",\"target\":[\"https:\\\/\\\/www.eldiario.net\\\/portal\\\/2021\\\/08\\\/01\\\/datos-curiosos-de-el-escuadron-suicida\\\/\"]}]},{\"@type\":\"BreadcrumbList\",\"@id\":\"https:\\\/\\\/www.eldiario.net\\\/portal\\\/2021\\\/08\\\/01\\\/datos-curiosos-de-el-escuadron-suicida\\\/#breadcrumb\",\"itemListElement\":[{\"@type\":\"ListItem\",\"position\":1,\"name\":\"Portada\",\"item\":\"https:\\\/\\\/www.eldiario.net\\\/portal\\\/\"},{\"@type\":\"ListItem\",\"position\":2,\"name\":\"Datos curiosos de \u201cEl Escuadron Suicida\u201d\"}]},{\"@type\":\"WebSite\",\"@id\":\"https:\\\/\\\/www.eldiario.net\\\/portal\\\/#website\",\"url\":\"https:\\\/\\\/www.eldiario.net\\\/portal\\\/\",\"name\":\"El Diario - Decano de la prensa nacional\",\"description\":\"El Diario - Decano de la prensa nacional\",\"publisher\":{\"@id\":\"https:\\\/\\\/www.eldiario.net\\\/portal\\\/#organization\"},\"potentialAction\":[{\"@type\":\"SearchAction\",\"target\":{\"@type\":\"EntryPoint\",\"urlTemplate\":\"https:\\\/\\\/www.eldiario.net\\\/portal\\\/?s={search_term_string}\"},\"query-input\":{\"@type\":\"PropertyValueSpecification\",\"valueRequired\":true,\"valueName\":\"search_term_string\"}}],\"inLanguage\":\"es\"},{\"@type\":\"Organization\",\"@id\":\"https:\\\/\\\/www.eldiario.net\\\/portal\\\/#organization\",\"name\":\"El Diario - Decano de la prensa nacional\",\"url\":\"https:\\\/\\\/www.eldiario.net\\\/portal\\\/\",\"logo\":{\"@type\":\"ImageObject\",\"inLanguage\":\"es\",\"@id\":\"https:\\\/\\\/www.eldiario.net\\\/portal\\\/#\\\/schema\\\/logo\\\/image\\\/\",\"url\":\"https:\\\/\\\/www.eldiario.net\\\/portal\\\/wp-content\\\/uploads\\\/2023\\\/07\\\/logo_ED.jpg\",\"contentUrl\":\"https:\\\/\\\/www.eldiario.net\\\/portal\\\/wp-content\\\/uploads\\\/2023\\\/07\\\/logo_ED.jpg\",\"width\":272,\"height\":52,\"caption\":\"El Diario - Decano de la prensa nacional\"},\"image\":{\"@id\":\"https:\\\/\\\/www.eldiario.net\\\/portal\\\/#\\\/schema\\\/logo\\\/image\\\/\"},\"sameAs\":[\"https:\\\/\\\/www.facebook.com\\\/eldiario.bolivia\\\/\",\"https:\\\/\\\/x.com\\\/eldiario_net\"]},{\"@type\":\"Person\",\"@id\":\"https:\\\/\\\/www.eldiario.net\\\/portal\\\/#\\\/schema\\\/person\\\/2c57cf2b7a7ae032e449e4c9b1019eac\",\"name\":\"Jeanette\",\"image\":{\"@type\":\"ImageObject\",\"inLanguage\":\"es\",\"@id\":\"https:\\\/\\\/secure.gravatar.com\\\/avatar\\\/3ea2118a5f7dad2b7138b1187a6b7ee55f160b9968b66013c3a3ef39dd7e5798?s=96&d=mm&r=g\",\"url\":\"https:\\\/\\\/secure.gravatar.com\\\/avatar\\\/3ea2118a5f7dad2b7138b1187a6b7ee55f160b9968b66013c3a3ef39dd7e5798?s=96&d=mm&r=g\",\"contentUrl\":\"https:\\\/\\\/secure.gravatar.com\\\/avatar\\\/3ea2118a5f7dad2b7138b1187a6b7ee55f160b9968b66013c3a3ef39dd7e5798?s=96&d=mm&r=g\",\"caption\":\"Jeanette\"},\"sameAs\":[\"https:\\\/\\\/www.eldiario.net\\\/portal\"],\"url\":\"https:\\\/\\\/www.eldiario.net\\\/portal\\\/author\\\/jeanette\\\/\"}]}<\/script>\n<!-- \/ Yoast SEO plugin. -->","yoast_head_json":{"title":"Datos curiosos de \u201cEl Escuadron Suicida\u201d - El Diario - Bolivia","robots":{"index":"index","follow":"follow","max-snippet":"max-snippet:-1","max-image-preview":"max-image-preview:large","max-video-preview":"max-video-preview:-1"},"canonical":"https:\/\/www.eldiario.net\/portal\/2021\/08\/01\/datos-curiosos-de-el-escuadron-suicida\/","og_locale":"es_ES","og_type":"article","og_title":"Datos curiosos de \u201cEl Escuadron Suicida\u201d - El Diario - Bolivia","og_description":"Mantener los secretos de la pel\u00edcula era muy importante para los cineastas, por lo que se prohibi\u00f3 el uso de celulares en el set durante la producci\u00f3n. &nbsp; Cerca de 60 loros fueron utilizados para una escena en el palacio de Corto Maltese. Las peque\u00f1as aves de colores vibrantes mordisqueaban constantemente las joyas que la [&hellip;]","og_url":"https:\/\/www.eldiario.net\/portal\/2021\/08\/01\/datos-curiosos-de-el-escuadron-suicida\/","og_site_name":"El Diario - Bolivia","article_publisher":"https:\/\/www.facebook.com\/eldiario.bolivia\/","article_published_time":"2021-08-01T08:10:43+00:00","author":"Jeanette","twitter_card":"summary_large_image","twitter_creator":"@eldiario_net","twitter_site":"@eldiario_net","twitter_misc":{"Escrito por":"Jeanette","Tiempo de lectura":"5 minutos"},"schema":{"@context":"https:\/\/schema.org","@graph":[{"@type":"Article","@id":"https:\/\/www.eldiario.net\/portal\/2021\/08\/01\/datos-curiosos-de-el-escuadron-suicida\/#article","isPartOf":{"@id":"https:\/\/www.eldiario.net\/portal\/2021\/08\/01\/datos-curiosos-de-el-escuadron-suicida\/"},"author":{"name":"Jeanette","@id":"https:\/\/www.eldiario.net\/portal\/#\/schema\/person\/2c57cf2b7a7ae032e449e4c9b1019eac"},"headline":"Datos curiosos de \u201cEl Escuadron Suicida\u201d","datePublished":"2021-08-01T08:10:43+00:00","mainEntityOfPage":{"@id":"https:\/\/www.eldiario.net\/portal\/2021\/08\/01\/datos-curiosos-de-el-escuadron-suicida\/"},"wordCount":1053,"publisher":{"@id":"https:\/\/www.eldiario.net\/portal\/#organization"},"articleSection":["Cine Mundo"],"inLanguage":"es"},{"@type":"WebPage","@id":"https:\/\/www.eldiario.net\/portal\/2021\/08\/01\/datos-curiosos-de-el-escuadron-suicida\/","url":"https:\/\/www.eldiario.net\/portal\/2021\/08\/01\/datos-curiosos-de-el-escuadron-suicida\/","name":"Datos curiosos de \u201cEl Escuadron Suicida\u201d - El Diario - Bolivia","isPartOf":{"@id":"https:\/\/www.eldiario.net\/portal\/#website"},"datePublished":"2021-08-01T08:10:43+00:00","breadcrumb":{"@id":"https:\/\/www.eldiario.net\/portal\/2021\/08\/01\/datos-curiosos-de-el-escuadron-suicida\/#breadcrumb"},"inLanguage":"es","potentialAction":[{"@type":"ReadAction","target":["https:\/\/www.eldiario.net\/portal\/2021\/08\/01\/datos-curiosos-de-el-escuadron-suicida\/"]}]},{"@type":"BreadcrumbList","@id":"https:\/\/www.eldiario.net\/portal\/2021\/08\/01\/datos-curiosos-de-el-escuadron-suicida\/#breadcrumb","itemListElement":[{"@type":"ListItem","position":1,"name":"Portada","item":"https:\/\/www.eldiario.net\/portal\/"},{"@type":"ListItem","position":2,"name":"Datos curiosos de \u201cEl Escuadron Suicida\u201d"}]},{"@type":"WebSite","@id":"https:\/\/www.eldiario.net\/portal\/#website","url":"https:\/\/www.eldiario.net\/portal\/","name":"El Diario - Decano de la prensa nacional","description":"El Diario - Decano de la prensa nacional","publisher":{"@id":"https:\/\/www.eldiario.net\/portal\/#organization"},"potentialAction":[{"@type":"SearchAction","target":{"@type":"EntryPoint","urlTemplate":"https:\/\/www.eldiario.net\/portal\/?s={search_term_string}"},"query-input":{"@type":"PropertyValueSpecification","valueRequired":true,"valueName":"search_term_string"}}],"inLanguage":"es"},{"@type":"Organization","@id":"https:\/\/www.eldiario.net\/portal\/#organization","name":"El Diario - Decano de la prensa nacional","url":"https:\/\/www.eldiario.net\/portal\/","logo":{"@type":"ImageObject","inLanguage":"es","@id":"https:\/\/www.eldiario.net\/portal\/#\/schema\/logo\/image\/","url":"https:\/\/www.eldiario.net\/portal\/wp-content\/uploads\/2023\/07\/logo_ED.jpg","contentUrl":"https:\/\/www.eldiario.net\/portal\/wp-content\/uploads\/2023\/07\/logo_ED.jpg","width":272,"height":52,"caption":"El Diario - Decano de la prensa nacional"},"image":{"@id":"https:\/\/www.eldiario.net\/portal\/#\/schema\/logo\/image\/"},"sameAs":["https:\/\/www.facebook.com\/eldiario.bolivia\/","https:\/\/x.com\/eldiario_net"]},{"@type":"Person","@id":"https:\/\/www.eldiario.net\/portal\/#\/schema\/person\/2c57cf2b7a7ae032e449e4c9b1019eac","name":"Jeanette","image":{"@type":"ImageObject","inLanguage":"es","@id":"https:\/\/secure.gravatar.com\/avatar\/3ea2118a5f7dad2b7138b1187a6b7ee55f160b9968b66013c3a3ef39dd7e5798?s=96&d=mm&r=g","url":"https:\/\/secure.gravatar.com\/avatar\/3ea2118a5f7dad2b7138b1187a6b7ee55f160b9968b66013c3a3ef39dd7e5798?s=96&d=mm&r=g","contentUrl":"https:\/\/secure.gravatar.com\/avatar\/3ea2118a5f7dad2b7138b1187a6b7ee55f160b9968b66013c3a3ef39dd7e5798?s=96&d=mm&r=g","caption":"Jeanette"},"sameAs":["https:\/\/www.eldiario.net\/portal"],"url":"https:\/\/www.eldiario.net\/portal\/author\/jeanette\/"}]}},"_links":{"self":[{"href":"https:\/\/www.eldiario.net\/portal\/wp-json\/wp\/v2\/posts\/20547","targetHints":{"allow":["GET"]}}],"collection":[{"href":"https:\/\/www.eldiario.net\/portal\/wp-json\/wp\/v2\/posts"}],"about":[{"href":"https:\/\/www.eldiario.net\/portal\/wp-json\/wp\/v2\/types\/post"}],"author":[{"embeddable":true,"href":"https:\/\/www.eldiario.net\/portal\/wp-json\/wp\/v2\/users\/1"}],"replies":[{"embeddable":true,"href":"https:\/\/www.eldiario.net\/portal\/wp-json\/wp\/v2\/comments?post=20547"}],"version-history":[{"count":0,"href":"https:\/\/www.eldiario.net\/portal\/wp-json\/wp\/v2\/posts\/20547\/revisions"}],"wp:attachment":[{"href":"https:\/\/www.eldiario.net\/portal\/wp-json\/wp\/v2\/media?parent=20547"}],"wp:term":[{"taxonomy":"category","embeddable":true,"href":"https:\/\/www.eldiario.net\/portal\/wp-json\/wp\/v2\/categories?post=20547"},{"taxonomy":"post_tag","embeddable":true,"href":"https:\/\/www.eldiario.net\/portal\/wp-json\/wp\/v2\/tags?post=20547"}],"curies":[{"name":"wp","href":"https:\/\/api.w.org\/{rel}","templated":true}]}}