{"id":20545,"date":"2021-08-01T04:10:04","date_gmt":"2021-08-01T08:10:04","guid":{"rendered":"https:\/\/www.eldiario.net\/portal\/?p=20545"},"modified":"2021-08-01T04:10:04","modified_gmt":"2021-08-01T08:10:04","slug":"cuestion-de-sangre-con-matt-damon-y-camille-cottin","status":"publish","type":"post","link":"https:\/\/www.eldiario.net\/portal\/2021\/08\/01\/cuestion-de-sangre-con-matt-damon-y-camille-cottin\/","title":{"rendered":"\u201cCuesti\u00f3n de sangre\u201d con Matt Damon y Camille Cottin"},"content":{"rendered":"<p>Cuesti\u00f3n de sangre es una pel\u00edcula de drama criminal, dirigida por Tom McCarthy, basada en un gui\u00f3n que coescribi\u00f3 con Marcus Hinchey, Thomas Bidegain y No\u00e9 Debr\u00e9. Est\u00e1 protagonizada por Matt Damon, Camille Cottin y Abigail Breslin. Est\u00e1 vagamente basado en la historia de Amanda Knox.<br \/>\nLa la cinya un trabajador petrolero en Stillwater, Oklahoma llamado Bill Baker(Matt Damon)se entera de que su hija Allison(Abigail Breslin),mientras estudiaba durante un a\u00f1o en Marsella,ha sido arrestada falsamente, a la espera de juicio, y acusada de asesinar a su amiga y pareja, Lina. Viaja all\u00ed para visitarla en prisi\u00f3n y descubre que casi ha agotado sus opciones legales. Se muda permanentemente a Francia y lucha por limpiar su nombre, lidiando con la barrera del idioma, las diferencias culturales y un sistema legal complejo y desconocido basado en el c\u00f3digo penal franc\u00e9s. Es ayudado por una mujer francesa llamada Virginie (Cottin) y su hija de ocho a\u00f1os Maya (Lilou Siauvaud). A medida que aumenta la presi\u00f3n, debe decidir hasta d\u00f3nde est\u00e1 dispuesto a llegar.<br \/>\nLa producci\u00f3n<br \/>\nSe anunci\u00f3 en julio de 2019 que Tom McCarthy escribir\u00eda y dirigir\u00eda la pel\u00edcula, con Matt Damon listo para protagonizar. Abigail Breslin se agreg\u00f3 al elenco m\u00e1s adelante en el mes, con el rodaje comenzando en agosto de 2019. Camille Cottin fue agregada al elenco en septiembre. Mychael Danna compuso la partitura de la pel\u00edcula. Fue filmada en locaciones en Oklahoma y Marsella.<br \/>\nLa pel\u00edcula tuvo su estreno mundial en el Festival de Cannes el 8 de julio de 2021. Actualmente se exhibe en cines en los Estados Unidos.  Anteriormente estaba programado para ser lanzado el 6 de noviembre de 2020, pero m\u00e1s tarde fue retirado del calendario debido a la pandemia de COVID-19.<\/p>\n","protected":false},"excerpt":{"rendered":"<p>Cuesti\u00f3n de sangre es una pel\u00edcula de drama criminal, dirigida por Tom McCarthy, basada en un gui\u00f3n que coescribi\u00f3 con Marcus Hinchey, Thomas Bidegain y No\u00e9 Debr\u00e9. Est\u00e1 protagonizada por Matt Damon, Camille Cottin y Abigail Breslin. Est\u00e1 vagamente basado en la historia de Amanda Knox. La la cinya un trabajador petrolero en Stillwater, Oklahoma [&hellip;]<\/p>\n","protected":false},"author":1,"featured_media":0,"comment_status":"closed","ping_status":"closed","sticky":false,"template":"","format":"standard","meta":{"_acf_changed":false,"footnotes":""},"categories":[45],"tags":[],"class_list":["post-20545","post","type-post","status-publish","format-standard","category-cine-mundo"],"acf":{"antetitulo":""},"yoast_head":"<!-- This site is optimized with the Yoast SEO plugin v28.4 - https:\/\/yoast.com\/product\/yoast-seo-wordpress\/ -->\n<title>\u201cCuesti\u00f3n de sangre\u201d con Matt Damon y Camille Cottin - El Diario - Bolivia<\/title>\n<meta name=\"robots\" content=\"index, follow, max-snippet:-1, max-image-preview:large, max-video-preview:-1\" \/>\n<link rel=\"canonical\" href=\"https:\/\/www.eldiario.net\/portal\/2021\/08\/01\/cuestion-de-sangre-con-matt-damon-y-camille-cottin\/\" \/>\n<meta property=\"og:locale\" content=\"es_ES\" \/>\n<meta property=\"og:type\" content=\"article\" \/>\n<meta property=\"og:title\" content=\"\u201cCuesti\u00f3n de sangre\u201d con Matt Damon y Camille Cottin - El Diario - Bolivia\" \/>\n<meta property=\"og:description\" content=\"Cuesti\u00f3n de sangre es una pel\u00edcula de drama criminal, dirigida por Tom McCarthy, basada en un gui\u00f3n que coescribi\u00f3 con Marcus Hinchey, Thomas Bidegain y No\u00e9 Debr\u00e9. Est\u00e1 protagonizada por Matt Damon, Camille Cottin y Abigail Breslin. Est\u00e1 vagamente basado en la historia de Amanda Knox. La la cinya un trabajador petrolero en Stillwater, Oklahoma [&hellip;]\" \/>\n<meta property=\"og:url\" content=\"https:\/\/www.eldiario.net\/portal\/2021\/08\/01\/cuestion-de-sangre-con-matt-damon-y-camille-cottin\/\" \/>\n<meta property=\"og:site_name\" content=\"El Diario - Bolivia\" \/>\n<meta property=\"article:publisher\" content=\"https:\/\/www.facebook.com\/eldiario.bolivia\/\" \/>\n<meta property=\"article:published_time\" content=\"2021-08-01T08:10:04+00:00\" \/>\n<meta name=\"author\" content=\"Jeanette\" \/>\n<meta name=\"twitter:card\" content=\"summary_large_image\" \/>\n<meta name=\"twitter:creator\" content=\"@eldiario_net\" \/>\n<meta name=\"twitter:site\" content=\"@eldiario_net\" \/>\n<meta name=\"twitter:label1\" content=\"Escrito por\" \/>\n\t<meta name=\"twitter:data1\" content=\"Jeanette\" \/>\n\t<meta name=\"twitter:label2\" content=\"Tiempo de lectura\" \/>\n\t<meta name=\"twitter:data2\" content=\"2 minutos\" \/>\n<script type=\"application\/ld+json\" class=\"yoast-schema-graph\">{\"@context\":\"https:\\\/\\\/schema.org\",\"@graph\":[{\"@type\":\"Article\",\"@id\":\"https:\\\/\\\/www.eldiario.net\\\/portal\\\/2021\\\/08\\\/01\\\/cuestion-de-sangre-con-matt-damon-y-camille-cottin\\\/#article\",\"isPartOf\":{\"@id\":\"https:\\\/\\\/www.eldiario.net\\\/portal\\\/2021\\\/08\\\/01\\\/cuestion-de-sangre-con-matt-damon-y-camille-cottin\\\/\"},\"author\":{\"name\":\"Jeanette\",\"@id\":\"https:\\\/\\\/www.eldiario.net\\\/portal\\\/#\\\/schema\\\/person\\\/2c57cf2b7a7ae032e449e4c9b1019eac\"},\"headline\":\"\u201cCuesti\u00f3n de sangre\u201d con Matt Damon y Camille Cottin\",\"datePublished\":\"2021-08-01T08:10:04+00:00\",\"mainEntityOfPage\":{\"@id\":\"https:\\\/\\\/www.eldiario.net\\\/portal\\\/2021\\\/08\\\/01\\\/cuestion-de-sangre-con-matt-damon-y-camille-cottin\\\/\"},\"wordCount\":313,\"publisher\":{\"@id\":\"https:\\\/\\\/www.eldiario.net\\\/portal\\\/#organization\"},\"articleSection\":[\"Cine Mundo\"],\"inLanguage\":\"es\"},{\"@type\":\"WebPage\",\"@id\":\"https:\\\/\\\/www.eldiario.net\\\/portal\\\/2021\\\/08\\\/01\\\/cuestion-de-sangre-con-matt-damon-y-camille-cottin\\\/\",\"url\":\"https:\\\/\\\/www.eldiario.net\\\/portal\\\/2021\\\/08\\\/01\\\/cuestion-de-sangre-con-matt-damon-y-camille-cottin\\\/\",\"name\":\"\u201cCuesti\u00f3n de sangre\u201d con Matt Damon y Camille Cottin - El Diario - Bolivia\",\"isPartOf\":{\"@id\":\"https:\\\/\\\/www.eldiario.net\\\/portal\\\/#website\"},\"datePublished\":\"2021-08-01T08:10:04+00:00\",\"breadcrumb\":{\"@id\":\"https:\\\/\\\/www.eldiario.net\\\/portal\\\/2021\\\/08\\\/01\\\/cuestion-de-sangre-con-matt-damon-y-camille-cottin\\\/#breadcrumb\"},\"inLanguage\":\"es\",\"potentialAction\":[{\"@type\":\"ReadAction\",\"target\":[\"https:\\\/\\\/www.eldiario.net\\\/portal\\\/2021\\\/08\\\/01\\\/cuestion-de-sangre-con-matt-damon-y-camille-cottin\\\/\"]}]},{\"@type\":\"BreadcrumbList\",\"@id\":\"https:\\\/\\\/www.eldiario.net\\\/portal\\\/2021\\\/08\\\/01\\\/cuestion-de-sangre-con-matt-damon-y-camille-cottin\\\/#breadcrumb\",\"itemListElement\":[{\"@type\":\"ListItem\",\"position\":1,\"name\":\"Portada\",\"item\":\"https:\\\/\\\/www.eldiario.net\\\/portal\\\/\"},{\"@type\":\"ListItem\",\"position\":2,\"name\":\"\u201cCuesti\u00f3n de sangre\u201d con Matt Damon y Camille Cottin\"}]},{\"@type\":\"WebSite\",\"@id\":\"https:\\\/\\\/www.eldiario.net\\\/portal\\\/#website\",\"url\":\"https:\\\/\\\/www.eldiario.net\\\/portal\\\/\",\"name\":\"El Diario - Decano de la prensa nacional\",\"description\":\"El Diario - Decano de la prensa nacional\",\"publisher\":{\"@id\":\"https:\\\/\\\/www.eldiario.net\\\/portal\\\/#organization\"},\"potentialAction\":[{\"@type\":\"SearchAction\",\"target\":{\"@type\":\"EntryPoint\",\"urlTemplate\":\"https:\\\/\\\/www.eldiario.net\\\/portal\\\/?s={search_term_string}\"},\"query-input\":{\"@type\":\"PropertyValueSpecification\",\"valueRequired\":true,\"valueName\":\"search_term_string\"}}],\"inLanguage\":\"es\"},{\"@type\":\"Organization\",\"@id\":\"https:\\\/\\\/www.eldiario.net\\\/portal\\\/#organization\",\"name\":\"El Diario - Decano de la prensa nacional\",\"url\":\"https:\\\/\\\/www.eldiario.net\\\/portal\\\/\",\"logo\":{\"@type\":\"ImageObject\",\"inLanguage\":\"es\",\"@id\":\"https:\\\/\\\/www.eldiario.net\\\/portal\\\/#\\\/schema\\\/logo\\\/image\\\/\",\"url\":\"https:\\\/\\\/www.eldiario.net\\\/portal\\\/wp-content\\\/uploads\\\/2023\\\/07\\\/logo_ED.jpg\",\"contentUrl\":\"https:\\\/\\\/www.eldiario.net\\\/portal\\\/wp-content\\\/uploads\\\/2023\\\/07\\\/logo_ED.jpg\",\"width\":272,\"height\":52,\"caption\":\"El Diario - Decano de la prensa nacional\"},\"image\":{\"@id\":\"https:\\\/\\\/www.eldiario.net\\\/portal\\\/#\\\/schema\\\/logo\\\/image\\\/\"},\"sameAs\":[\"https:\\\/\\\/www.facebook.com\\\/eldiario.bolivia\\\/\",\"https:\\\/\\\/x.com\\\/eldiario_net\"]},{\"@type\":\"Person\",\"@id\":\"https:\\\/\\\/www.eldiario.net\\\/portal\\\/#\\\/schema\\\/person\\\/2c57cf2b7a7ae032e449e4c9b1019eac\",\"name\":\"Jeanette\",\"image\":{\"@type\":\"ImageObject\",\"inLanguage\":\"es\",\"@id\":\"https:\\\/\\\/secure.gravatar.com\\\/avatar\\\/3ea2118a5f7dad2b7138b1187a6b7ee55f160b9968b66013c3a3ef39dd7e5798?s=96&d=mm&r=g\",\"url\":\"https:\\\/\\\/secure.gravatar.com\\\/avatar\\\/3ea2118a5f7dad2b7138b1187a6b7ee55f160b9968b66013c3a3ef39dd7e5798?s=96&d=mm&r=g\",\"contentUrl\":\"https:\\\/\\\/secure.gravatar.com\\\/avatar\\\/3ea2118a5f7dad2b7138b1187a6b7ee55f160b9968b66013c3a3ef39dd7e5798?s=96&d=mm&r=g\",\"caption\":\"Jeanette\"},\"sameAs\":[\"https:\\\/\\\/www.eldiario.net\\\/portal\"],\"url\":\"https:\\\/\\\/www.eldiario.net\\\/portal\\\/author\\\/jeanette\\\/\"}]}<\/script>\n<!-- \/ Yoast SEO plugin. -->","yoast_head_json":{"title":"\u201cCuesti\u00f3n de sangre\u201d con Matt Damon y Camille Cottin - El Diario - Bolivia","robots":{"index":"index","follow":"follow","max-snippet":"max-snippet:-1","max-image-preview":"max-image-preview:large","max-video-preview":"max-video-preview:-1"},"canonical":"https:\/\/www.eldiario.net\/portal\/2021\/08\/01\/cuestion-de-sangre-con-matt-damon-y-camille-cottin\/","og_locale":"es_ES","og_type":"article","og_title":"\u201cCuesti\u00f3n de sangre\u201d con Matt Damon y Camille Cottin - El Diario - Bolivia","og_description":"Cuesti\u00f3n de sangre es una pel\u00edcula de drama criminal, dirigida por Tom McCarthy, basada en un gui\u00f3n que coescribi\u00f3 con Marcus Hinchey, Thomas Bidegain y No\u00e9 Debr\u00e9. Est\u00e1 protagonizada por Matt Damon, Camille Cottin y Abigail Breslin. Est\u00e1 vagamente basado en la historia de Amanda Knox. La la cinya un trabajador petrolero en Stillwater, Oklahoma [&hellip;]","og_url":"https:\/\/www.eldiario.net\/portal\/2021\/08\/01\/cuestion-de-sangre-con-matt-damon-y-camille-cottin\/","og_site_name":"El Diario - Bolivia","article_publisher":"https:\/\/www.facebook.com\/eldiario.bolivia\/","article_published_time":"2021-08-01T08:10:04+00:00","author":"Jeanette","twitter_card":"summary_large_image","twitter_creator":"@eldiario_net","twitter_site":"@eldiario_net","twitter_misc":{"Escrito por":"Jeanette","Tiempo de lectura":"2 minutos"},"schema":{"@context":"https:\/\/schema.org","@graph":[{"@type":"Article","@id":"https:\/\/www.eldiario.net\/portal\/2021\/08\/01\/cuestion-de-sangre-con-matt-damon-y-camille-cottin\/#article","isPartOf":{"@id":"https:\/\/www.eldiario.net\/portal\/2021\/08\/01\/cuestion-de-sangre-con-matt-damon-y-camille-cottin\/"},"author":{"name":"Jeanette","@id":"https:\/\/www.eldiario.net\/portal\/#\/schema\/person\/2c57cf2b7a7ae032e449e4c9b1019eac"},"headline":"\u201cCuesti\u00f3n de sangre\u201d con Matt Damon y Camille Cottin","datePublished":"2021-08-01T08:10:04+00:00","mainEntityOfPage":{"@id":"https:\/\/www.eldiario.net\/portal\/2021\/08\/01\/cuestion-de-sangre-con-matt-damon-y-camille-cottin\/"},"wordCount":313,"publisher":{"@id":"https:\/\/www.eldiario.net\/portal\/#organization"},"articleSection":["Cine Mundo"],"inLanguage":"es"},{"@type":"WebPage","@id":"https:\/\/www.eldiario.net\/portal\/2021\/08\/01\/cuestion-de-sangre-con-matt-damon-y-camille-cottin\/","url":"https:\/\/www.eldiario.net\/portal\/2021\/08\/01\/cuestion-de-sangre-con-matt-damon-y-camille-cottin\/","name":"\u201cCuesti\u00f3n de sangre\u201d con Matt Damon y Camille Cottin - El Diario - Bolivia","isPartOf":{"@id":"https:\/\/www.eldiario.net\/portal\/#website"},"datePublished":"2021-08-01T08:10:04+00:00","breadcrumb":{"@id":"https:\/\/www.eldiario.net\/portal\/2021\/08\/01\/cuestion-de-sangre-con-matt-damon-y-camille-cottin\/#breadcrumb"},"inLanguage":"es","potentialAction":[{"@type":"ReadAction","target":["https:\/\/www.eldiario.net\/portal\/2021\/08\/01\/cuestion-de-sangre-con-matt-damon-y-camille-cottin\/"]}]},{"@type":"BreadcrumbList","@id":"https:\/\/www.eldiario.net\/portal\/2021\/08\/01\/cuestion-de-sangre-con-matt-damon-y-camille-cottin\/#breadcrumb","itemListElement":[{"@type":"ListItem","position":1,"name":"Portada","item":"https:\/\/www.eldiario.net\/portal\/"},{"@type":"ListItem","position":2,"name":"\u201cCuesti\u00f3n de sangre\u201d con Matt Damon y Camille Cottin"}]},{"@type":"WebSite","@id":"https:\/\/www.eldiario.net\/portal\/#website","url":"https:\/\/www.eldiario.net\/portal\/","name":"El Diario - Decano de la prensa nacional","description":"El Diario - Decano de la prensa nacional","publisher":{"@id":"https:\/\/www.eldiario.net\/portal\/#organization"},"potentialAction":[{"@type":"SearchAction","target":{"@type":"EntryPoint","urlTemplate":"https:\/\/www.eldiario.net\/portal\/?s={search_term_string}"},"query-input":{"@type":"PropertyValueSpecification","valueRequired":true,"valueName":"search_term_string"}}],"inLanguage":"es"},{"@type":"Organization","@id":"https:\/\/www.eldiario.net\/portal\/#organization","name":"El Diario - Decano de la prensa nacional","url":"https:\/\/www.eldiario.net\/portal\/","logo":{"@type":"ImageObject","inLanguage":"es","@id":"https:\/\/www.eldiario.net\/portal\/#\/schema\/logo\/image\/","url":"https:\/\/www.eldiario.net\/portal\/wp-content\/uploads\/2023\/07\/logo_ED.jpg","contentUrl":"https:\/\/www.eldiario.net\/portal\/wp-content\/uploads\/2023\/07\/logo_ED.jpg","width":272,"height":52,"caption":"El Diario - Decano de la prensa nacional"},"image":{"@id":"https:\/\/www.eldiario.net\/portal\/#\/schema\/logo\/image\/"},"sameAs":["https:\/\/www.facebook.com\/eldiario.bolivia\/","https:\/\/x.com\/eldiario_net"]},{"@type":"Person","@id":"https:\/\/www.eldiario.net\/portal\/#\/schema\/person\/2c57cf2b7a7ae032e449e4c9b1019eac","name":"Jeanette","image":{"@type":"ImageObject","inLanguage":"es","@id":"https:\/\/secure.gravatar.com\/avatar\/3ea2118a5f7dad2b7138b1187a6b7ee55f160b9968b66013c3a3ef39dd7e5798?s=96&d=mm&r=g","url":"https:\/\/secure.gravatar.com\/avatar\/3ea2118a5f7dad2b7138b1187a6b7ee55f160b9968b66013c3a3ef39dd7e5798?s=96&d=mm&r=g","contentUrl":"https:\/\/secure.gravatar.com\/avatar\/3ea2118a5f7dad2b7138b1187a6b7ee55f160b9968b66013c3a3ef39dd7e5798?s=96&d=mm&r=g","caption":"Jeanette"},"sameAs":["https:\/\/www.eldiario.net\/portal"],"url":"https:\/\/www.eldiario.net\/portal\/author\/jeanette\/"}]}},"_links":{"self":[{"href":"https:\/\/www.eldiario.net\/portal\/wp-json\/wp\/v2\/posts\/20545","targetHints":{"allow":["GET"]}}],"collection":[{"href":"https:\/\/www.eldiario.net\/portal\/wp-json\/wp\/v2\/posts"}],"about":[{"href":"https:\/\/www.eldiario.net\/portal\/wp-json\/wp\/v2\/types\/post"}],"author":[{"embeddable":true,"href":"https:\/\/www.eldiario.net\/portal\/wp-json\/wp\/v2\/users\/1"}],"replies":[{"embeddable":true,"href":"https:\/\/www.eldiario.net\/portal\/wp-json\/wp\/v2\/comments?post=20545"}],"version-history":[{"count":0,"href":"https:\/\/www.eldiario.net\/portal\/wp-json\/wp\/v2\/posts\/20545\/revisions"}],"wp:attachment":[{"href":"https:\/\/www.eldiario.net\/portal\/wp-json\/wp\/v2\/media?parent=20545"}],"wp:term":[{"taxonomy":"category","embeddable":true,"href":"https:\/\/www.eldiario.net\/portal\/wp-json\/wp\/v2\/categories?post=20545"},{"taxonomy":"post_tag","embeddable":true,"href":"https:\/\/www.eldiario.net\/portal\/wp-json\/wp\/v2\/tags?post=20545"}],"curies":[{"name":"wp","href":"https:\/\/api.w.org\/{rel}","templated":true}]}}